{"id":183699,"date":"2025-04-02T12:00:00","date_gmt":"2025-04-02T15:00:00","guid":{"rendered":"https:\/\/folhapopular.info\/?p=183699"},"modified":"2025-04-02T09:25:32","modified_gmt":"2025-04-02T12:25:32","slug":"liberacao-do-transito-sobre-a-nova-ponte-da-ers-130-gera-expectativa","status":"publish","type":"post","link":"https:\/\/folhapopular.info\/index.php\/2025\/04\/02\/liberacao-do-transito-sobre-a-nova-ponte-da-ers-130-gera-expectativa\/","title":{"rendered":"Libera\u00e7\u00e3o do tr\u00e2nsito sobre a nova ponte da ERS-130 gera expectativa"},"content":{"rendered":"\n<p>Onze meses ap\u00f3s a enchente hist\u00f3rica que assolou o Vale do Taquari, mais um importante marco na reconstru\u00e7\u00e3o regional deve ganhar destaque no fim desta semana: a libera\u00e7\u00e3o do tr\u00e2nsito sobre a nova ponte da ERS-130, entre Lajeado e Arroio do Meio. A estrutura foi levada pela for\u00e7a das \u00e1guas do Rio Forqueta em 2 de maio de 2024 e a mobilidade de toda uma regi\u00e3o ficou comprometida desde ent\u00e3o.<\/p>\n\n\n\n<p>Em 25 de mar\u00e7o, a Empresa Ga\u00facha de Rodovias (EGR), respons\u00e1vel pela via, divulgou a data prevista para a libera\u00e7\u00e3o do tr\u00e2nsito no local. Para ve\u00edculos leves e \u00f4nibus, o tr\u00e1fego deve ser autorizado na sexta-feira ou s\u00e1bado (4 ou 5\/4), no turno da tarde. J\u00e1 para caminh\u00f5es, a expectativa \u00e9 o dia 8 ou 9 de abril. Ainda n\u00e3o h\u00e1 informa\u00e7\u00f5es sobre ato inaugural.<\/p>\n\n\n\n<p>A nova estrutura ter\u00e1 172 metros de extens\u00e3o, sendo 5 metros mais elevada em rela\u00e7\u00e3o a anterior. No s\u00e1bado (29\/3) &#8211; data prometida pela EGR para a libera\u00e7\u00e3o do tr\u00e1fego &#8211; a Construtora Giovanella, contratada pela EGR, concluiu a pavimenta\u00e7\u00e3o asf\u00e1ltica do aterro de acesso \u00e0 nova ponte, no lado de Lajeado, enquanto que no lado de Arroio do Meio o asfaltamento j\u00e1 estava conclu\u00eddo. No domingo e na segunda-feira (30 e 31\/3), os trabalhos tiveram sequ\u00eancia com a conclus\u00e3o do acesso \u00e0s cabeceiras, concretagem das lajes, cal\u00e7adas de passeio e <em>guard rail<\/em>.<\/p>\n\n\n\n<p>Considerando garantir maior durabilidade da estrutura, a empresa respons\u00e1vel pela obra utilizou concreto de alta resist\u00eancia, o que permitiu a conclus\u00e3o da obra de forma mais r\u00e1pida. O diretor-presidente da EGR, Luis Fernando Vanacor, ressalta que, atualmente, as equipes trabalham na conclus\u00e3o dos acabamentos de superf\u00edcie, como na pista de rolamento.<\/p>\n\n\n\n<h2 class=\"wp-block-heading\"><strong>Chuva forte e cont\u00ednua pode interferir na libera\u00e7\u00e3o<\/strong><\/h2>\n\n\n\n<p>Conforme Vanacor, as condi\u00e7\u00f5es clim\u00e1ticas podem interferir na libera\u00e7\u00e3o do tr\u00e2nsito sobre a ponte. Entretanto, apenas em situa\u00e7\u00f5es de chuva forte e cont\u00ednua. \u201cA nebulosidade n\u00e3o interfere mais neste momento. E apenas uma chuva intensa e muito duradoura pode impactar na libera\u00e7\u00e3o\u201d, revela.<\/p>\n\n\n\n<p>A urg\u00eancia na libera\u00e7\u00e3o do tr\u00e2nsito no local considera a inaugura\u00e7\u00e3o do Complexo do Cristo Protetor, em Encantado, agendada para domingo (6\/4). \u201cTemos os dias, horas e minutos contados. Queremos finalizar o quanto antes em virtude deste grande evento previsto para o fim de semana\u201d, pontua.<\/p>\n\n\n\n<p><\/p>\n","protected":false},"excerpt":{"rendered":"<p>Onze meses ap\u00f3s a enchente hist\u00f3rica que assolou o Vale do Taquari, mais um importante marco na reconstru\u00e7\u00e3o regional deve ganhar destaque no fim desta semana: a libera\u00e7\u00e3o do tr\u00e2nsito sobre a nova ponte da ERS-130, entre Lajeado e Arroio do Meio. A estrutura foi levada pela for\u00e7a das \u00e1guas do Rio Forqueta em 2 [&hellip;]<\/p>\n","protected":false},"author":757,"featured_media":183700,"comment_status":"open","ping_status":"open","sticky":false,"template":"","format":"standard","meta":{"pmpro_default_level":"","_jetpack_memberships_contains_paid_content":false,"footnotes":""},"categories":[2,3],"tags":[8949,4881,27,8492,193,156],"class_list":{"0":"post-183699","1":"post","2":"type-post","3":"status-publish","4":"format-standard","5":"has-post-thumbnail","7":"category-featured","8":"category-geral","9":"tag-egr","10":"tag-ers-130-2","11":"tag-lajeado","12":"tag-liberacao","13":"tag-ponte","14":"tag-vale-do-taquari","15":"pmpro-has-access"},"yoast_head":"<!-- This site is optimized with the Yoast SEO plugin v27.5 - https:\/\/yoast.com\/product\/yoast-seo-wordpress\/ -->\n<title>Libera\u00e7\u00e3o do tr\u00e2nsito sobre a nova ponte da ERS-130 gera expectativa - Folha Popular<\/title>\n<meta name=\"robots\" content=\"index, follow, max-snippet:-1, max-image-preview:large, max-video-preview:-1\" \/>\n<link rel=\"canonical\" href=\"https:\/\/folhapopular.info\/index.php\/2025\/04\/02\/liberacao-do-transito-sobre-a-nova-ponte-da-ers-130-gera-expectativa\/\" \/>\n<meta property=\"og:locale\" content=\"pt_BR\" \/>\n<meta property=\"og:type\" content=\"article\" \/>\n<meta property=\"og:title\" content=\"Libera\u00e7\u00e3o do tr\u00e2nsito sobre a nova ponte da ERS-130 gera expectativa - Folha Popular\" \/>\n<meta property=\"og:description\" content=\"Onze meses ap\u00f3s a enchente hist\u00f3rica que assolou o Vale do Taquari, mais um importante marco na reconstru\u00e7\u00e3o regional deve ganhar destaque no fim desta semana: a libera\u00e7\u00e3o do tr\u00e2nsito sobre a nova ponte da ERS-130, entre Lajeado e Arroio do Meio. A estrutura foi levada pela for\u00e7a das \u00e1guas do Rio Forqueta em 2 [&hellip;]\" \/>\n<meta property=\"og:url\" content=\"https:\/\/folhapopular.info\/index.php\/2025\/04\/02\/liberacao-do-transito-sobre-a-nova-ponte-da-ers-130-gera-expectativa\/\" \/>\n<meta property=\"og:site_name\" content=\"Folha Popular\" \/>\n<meta property=\"article:published_time\" content=\"2025-04-02T15:00:00+00:00\" \/>\n<meta property=\"og:image\" content=\"https:\/\/folhapopular.info\/wp-content\/uploads\/2025\/04\/Nova-ponte-tem-172-metros-de-extensao-e-e-5-metros-mais-alta_Wesley-Santos_EGR.jpg\" \/>\n\t<meta property=\"og:image:width\" content=\"871\" \/>\n\t<meta property=\"og:image:height\" content=\"491\" \/>\n\t<meta property=\"og:image:type\" content=\"image\/jpeg\" \/>\n<meta name=\"author\" content=\"Paloma Valandro\" \/>\n<meta name=\"twitter:card\" content=\"summary_large_image\" \/>\n<meta name=\"twitter:label1\" content=\"Escrito por\" \/>\n\t<meta name=\"twitter:data1\" content=\"Paloma Valandro\" \/>\n\t<meta name=\"twitter:label2\" content=\"Est. tempo de leitura\" \/>\n\t<meta name=\"twitter:data2\" content=\"3 minutos\" \/>\n<script type=\"application\/ld+json\" class=\"yoast-schema-graph\">{\"@context\":\"https:\\\/\\\/schema.org\",\"@graph\":[{\"@type\":\"Article\",\"@id\":\"https:\\\/\\\/folhapopular.info\\\/index.php\\\/2025\\\/04\\\/02\\\/liberacao-do-transito-sobre-a-nova-ponte-da-ers-130-gera-expectativa\\\/#article\",\"isPartOf\":{\"@id\":\"https:\\\/\\\/folhapopular.info\\\/index.php\\\/2025\\\/04\\\/02\\\/liberacao-do-transito-sobre-a-nova-ponte-da-ers-130-gera-expectativa\\\/\"},\"author\":{\"name\":\"Paloma Valandro\",\"@id\":\"https:\\\/\\\/folhapopular.info\\\/#\\\/schema\\\/person\\\/1fb1a50ca75661f91da0d3839657a34d\"},\"headline\":\"Libera\u00e7\u00e3o do tr\u00e2nsito sobre a nova ponte da ERS-130 gera expectativa\",\"datePublished\":\"2025-04-02T15:00:00+00:00\",\"mainEntityOfPage\":{\"@id\":\"https:\\\/\\\/folhapopular.info\\\/index.php\\\/2025\\\/04\\\/02\\\/liberacao-do-transito-sobre-a-nova-ponte-da-ers-130-gera-expectativa\\\/\"},\"wordCount\":424,\"commentCount\":0,\"image\":{\"@id\":\"https:\\\/\\\/folhapopular.info\\\/index.php\\\/2025\\\/04\\\/02\\\/liberacao-do-transito-sobre-a-nova-ponte-da-ers-130-gera-expectativa\\\/#primaryimage\"},\"thumbnailUrl\":\"https:\\\/\\\/folhapopular.info\\\/wp-content\\\/uploads\\\/2025\\\/04\\\/Nova-ponte-tem-172-metros-de-extensao-e-e-5-metros-mais-alta_Wesley-Santos_EGR.jpg\",\"keywords\":[\"EGR\",\"ERS 130\",\"Lajeado\",\"Libera\u00e7\u00e3o\",\"Ponte\",\"Vale do Taquari\"],\"articleSection\":[\"Destaques\",\"Geral\"],\"inLanguage\":\"pt-BR\",\"potentialAction\":[{\"@type\":\"CommentAction\",\"name\":\"Comment\",\"target\":[\"https:\\\/\\\/folhapopular.info\\\/index.php\\\/2025\\\/04\\\/02\\\/liberacao-do-transito-sobre-a-nova-ponte-da-ers-130-gera-expectativa\\\/#respond\"]}]},{\"@type\":\"WebPage\",\"@id\":\"https:\\\/\\\/folhapopular.info\\\/index.php\\\/2025\\\/04\\\/02\\\/liberacao-do-transito-sobre-a-nova-ponte-da-ers-130-gera-expectativa\\\/\",\"url\":\"https:\\\/\\\/folhapopular.info\\\/index.php\\\/2025\\\/04\\\/02\\\/liberacao-do-transito-sobre-a-nova-ponte-da-ers-130-gera-expectativa\\\/\",\"name\":\"Libera\u00e7\u00e3o do tr\u00e2nsito sobre a nova ponte da ERS-130 gera expectativa - Folha Popular\",\"isPartOf\":{\"@id\":\"https:\\\/\\\/folhapopular.info\\\/#website\"},\"primaryImageOfPage\":{\"@id\":\"https:\\\/\\\/folhapopular.info\\\/index.php\\\/2025\\\/04\\\/02\\\/liberacao-do-transito-sobre-a-nova-ponte-da-ers-130-gera-expectativa\\\/#primaryimage\"},\"image\":{\"@id\":\"https:\\\/\\\/folhapopular.info\\\/index.php\\\/2025\\\/04\\\/02\\\/liberacao-do-transito-sobre-a-nova-ponte-da-ers-130-gera-expectativa\\\/#primaryimage\"},\"thumbnailUrl\":\"https:\\\/\\\/folhapopular.info\\\/wp-content\\\/uploads\\\/2025\\\/04\\\/Nova-ponte-tem-172-metros-de-extensao-e-e-5-metros-mais-alta_Wesley-Santos_EGR.jpg\",\"datePublished\":\"2025-04-02T15:00:00+00:00\",\"author\":{\"@id\":\"https:\\\/\\\/folhapopular.info\\\/#\\\/schema\\\/person\\\/1fb1a50ca75661f91da0d3839657a34d\"},\"breadcrumb\":{\"@id\":\"https:\\\/\\\/folhapopular.info\\\/index.php\\\/2025\\\/04\\\/02\\\/liberacao-do-transito-sobre-a-nova-ponte-da-ers-130-gera-expectativa\\\/#breadcrumb\"},\"inLanguage\":\"pt-BR\",\"potentialAction\":[{\"@type\":\"ReadAction\",\"target\":[\"https:\\\/\\\/folhapopular.info\\\/index.php\\\/2025\\\/04\\\/02\\\/liberacao-do-transito-sobre-a-nova-ponte-da-ers-130-gera-expectativa\\\/\"]}]},{\"@type\":\"ImageObject\",\"inLanguage\":\"pt-BR\",\"@id\":\"https:\\\/\\\/folhapopular.info\\\/index.php\\\/2025\\\/04\\\/02\\\/liberacao-do-transito-sobre-a-nova-ponte-da-ers-130-gera-expectativa\\\/#primaryimage\",\"url\":\"https:\\\/\\\/folhapopular.info\\\/wp-content\\\/uploads\\\/2025\\\/04\\\/Nova-ponte-tem-172-metros-de-extensao-e-e-5-metros-mais-alta_Wesley-Santos_EGR.jpg\",\"contentUrl\":\"https:\\\/\\\/folhapopular.info\\\/wp-content\\\/uploads\\\/2025\\\/04\\\/Nova-ponte-tem-172-metros-de-extensao-e-e-5-metros-mais-alta_Wesley-Santos_EGR.jpg\",\"width\":871,\"height\":491,\"caption\":\"Nova ponte tem 172 metros de extens\u00e3o e \u00e9 5 metros mais alta - Cr\u00e9dito: Wesley Santos \\\/ EGR \\\/ Divulga\u00e7\u00e3o\"},{\"@type\":\"BreadcrumbList\",\"@id\":\"https:\\\/\\\/folhapopular.info\\\/index.php\\\/2025\\\/04\\\/02\\\/liberacao-do-transito-sobre-a-nova-ponte-da-ers-130-gera-expectativa\\\/#breadcrumb\",\"itemListElement\":[{\"@type\":\"ListItem\",\"position\":1,\"name\":\"In\u00edcio\",\"item\":\"https:\\\/\\\/folhapopular.info\\\/\"},{\"@type\":\"ListItem\",\"position\":2,\"name\":\"Libera\u00e7\u00e3o do tr\u00e2nsito sobre a nova ponte da ERS-130 gera expectativa\"}]},{\"@type\":\"WebSite\",\"@id\":\"https:\\\/\\\/folhapopular.info\\\/#website\",\"url\":\"https:\\\/\\\/folhapopular.info\\\/\",\"name\":\"Folha Popular\",\"description\":\"Onde voc\u00ea tem vez e voz\",\"potentialAction\":[{\"@type\":\"SearchAction\",\"target\":{\"@type\":\"EntryPoint\",\"urlTemplate\":\"https:\\\/\\\/folhapopular.info\\\/?s={search_term_string}\"},\"query-input\":{\"@type\":\"PropertyValueSpecification\",\"valueRequired\":true,\"valueName\":\"search_term_string\"}}],\"inLanguage\":\"pt-BR\"},{\"@type\":\"Person\",\"@id\":\"https:\\\/\\\/folhapopular.info\\\/#\\\/schema\\\/person\\\/1fb1a50ca75661f91da0d3839657a34d\",\"name\":\"Paloma Valandro\",\"image\":{\"@type\":\"ImageObject\",\"inLanguage\":\"pt-BR\",\"@id\":\"https:\\\/\\\/secure.gravatar.com\\\/avatar\\\/ef90a8f37349cc3654b42d805942c6378eb385817dccc9c637c94e7794973921?s=96&d=mm&r=g\",\"url\":\"https:\\\/\\\/secure.gravatar.com\\\/avatar\\\/ef90a8f37349cc3654b42d805942c6378eb385817dccc9c637c94e7794973921?s=96&d=mm&r=g\",\"contentUrl\":\"https:\\\/\\\/secure.gravatar.com\\\/avatar\\\/ef90a8f37349cc3654b42d805942c6378eb385817dccc9c637c94e7794973921?s=96&d=mm&r=g\",\"caption\":\"Paloma Valandro\"},\"url\":\"https:\\\/\\\/folhapopular.info\\\/index.php\\\/author\\\/paloma-valandro\\\/\"}]}<\/script>\n<!-- \/ Yoast SEO plugin. -->","yoast_head_json":{"title":"Libera\u00e7\u00e3o do tr\u00e2nsito sobre a nova ponte da ERS-130 gera expectativa - Folha Popular","robots":{"index":"index","follow":"follow","max-snippet":"max-snippet:-1","max-image-preview":"max-image-preview:large","max-video-preview":"max-video-preview:-1"},"canonical":"https:\/\/folhapopular.info\/index.php\/2025\/04\/02\/liberacao-do-transito-sobre-a-nova-ponte-da-ers-130-gera-expectativa\/","og_locale":"pt_BR","og_type":"article","og_title":"Libera\u00e7\u00e3o do tr\u00e2nsito sobre a nova ponte da ERS-130 gera expectativa - Folha Popular","og_description":"Onze meses ap\u00f3s a enchente hist\u00f3rica que assolou o Vale do Taquari, mais um importante marco na reconstru\u00e7\u00e3o regional deve ganhar destaque no fim desta semana: a libera\u00e7\u00e3o do tr\u00e2nsito sobre a nova ponte da ERS-130, entre Lajeado e Arroio do Meio. A estrutura foi levada pela for\u00e7a das \u00e1guas do Rio Forqueta em 2 [&hellip;]","og_url":"https:\/\/folhapopular.info\/index.php\/2025\/04\/02\/liberacao-do-transito-sobre-a-nova-ponte-da-ers-130-gera-expectativa\/","og_site_name":"Folha Popular","article_published_time":"2025-04-02T15:00:00+00:00","og_image":[{"width":871,"height":491,"url":"https:\/\/folhapopular.info\/wp-content\/uploads\/2025\/04\/Nova-ponte-tem-172-metros-de-extensao-e-e-5-metros-mais-alta_Wesley-Santos_EGR.jpg","type":"image\/jpeg"}],"author":"Paloma Valandro","twitter_card":"summary_large_image","twitter_misc":{"Escrito por":"Paloma Valandro","Est. tempo de leitura":"3 minutos"},"schema":{"@context":"https:\/\/schema.org","@graph":[{"@type":"Article","@id":"https:\/\/folhapopular.info\/index.php\/2025\/04\/02\/liberacao-do-transito-sobre-a-nova-ponte-da-ers-130-gera-expectativa\/#article","isPartOf":{"@id":"https:\/\/folhapopular.info\/index.php\/2025\/04\/02\/liberacao-do-transito-sobre-a-nova-ponte-da-ers-130-gera-expectativa\/"},"author":{"name":"Paloma Valandro","@id":"https:\/\/folhapopular.info\/#\/schema\/person\/1fb1a50ca75661f91da0d3839657a34d"},"headline":"Libera\u00e7\u00e3o do tr\u00e2nsito sobre a nova ponte da ERS-130 gera expectativa","datePublished":"2025-04-02T15:00:00+00:00","mainEntityOfPage":{"@id":"https:\/\/folhapopular.info\/index.php\/2025\/04\/02\/liberacao-do-transito-sobre-a-nova-ponte-da-ers-130-gera-expectativa\/"},"wordCount":424,"commentCount":0,"image":{"@id":"https:\/\/folhapopular.info\/index.php\/2025\/04\/02\/liberacao-do-transito-sobre-a-nova-ponte-da-ers-130-gera-expectativa\/#primaryimage"},"thumbnailUrl":"https:\/\/folhapopular.info\/wp-content\/uploads\/2025\/04\/Nova-ponte-tem-172-metros-de-extensao-e-e-5-metros-mais-alta_Wesley-Santos_EGR.jpg","keywords":["EGR","ERS 130","Lajeado","Libera\u00e7\u00e3o","Ponte","Vale do Taquari"],"articleSection":["Destaques","Geral"],"inLanguage":"pt-BR","potentialAction":[{"@type":"CommentAction","name":"Comment","target":["https:\/\/folhapopular.info\/index.php\/2025\/04\/02\/liberacao-do-transito-sobre-a-nova-ponte-da-ers-130-gera-expectativa\/#respond"]}]},{"@type":"WebPage","@id":"https:\/\/folhapopular.info\/index.php\/2025\/04\/02\/liberacao-do-transito-sobre-a-nova-ponte-da-ers-130-gera-expectativa\/","url":"https:\/\/folhapopular.info\/index.php\/2025\/04\/02\/liberacao-do-transito-sobre-a-nova-ponte-da-ers-130-gera-expectativa\/","name":"Libera\u00e7\u00e3o do tr\u00e2nsito sobre a nova ponte da ERS-130 gera expectativa - Folha Popular","isPartOf":{"@id":"https:\/\/folhapopular.info\/#website"},"primaryImageOfPage":{"@id":"https:\/\/folhapopular.info\/index.php\/2025\/04\/02\/liberacao-do-transito-sobre-a-nova-ponte-da-ers-130-gera-expectativa\/#primaryimage"},"image":{"@id":"https:\/\/folhapopular.info\/index.php\/2025\/04\/02\/liberacao-do-transito-sobre-a-nova-ponte-da-ers-130-gera-expectativa\/#primaryimage"},"thumbnailUrl":"https:\/\/folhapopular.info\/wp-content\/uploads\/2025\/04\/Nova-ponte-tem-172-metros-de-extensao-e-e-5-metros-mais-alta_Wesley-Santos_EGR.jpg","datePublished":"2025-04-02T15:00:00+00:00","author":{"@id":"https:\/\/folhapopular.info\/#\/schema\/person\/1fb1a50ca75661f91da0d3839657a34d"},"breadcrumb":{"@id":"https:\/\/folhapopular.info\/index.php\/2025\/04\/02\/liberacao-do-transito-sobre-a-nova-ponte-da-ers-130-gera-expectativa\/#breadcrumb"},"inLanguage":"pt-BR","potentialAction":[{"@type":"ReadAction","target":["https:\/\/folhapopular.info\/index.php\/2025\/04\/02\/liberacao-do-transito-sobre-a-nova-ponte-da-ers-130-gera-expectativa\/"]}]},{"@type":"ImageObject","inLanguage":"pt-BR","@id":"https:\/\/folhapopular.info\/index.php\/2025\/04\/02\/liberacao-do-transito-sobre-a-nova-ponte-da-ers-130-gera-expectativa\/#primaryimage","url":"https:\/\/folhapopular.info\/wp-content\/uploads\/2025\/04\/Nova-ponte-tem-172-metros-de-extensao-e-e-5-metros-mais-alta_Wesley-Santos_EGR.jpg","contentUrl":"https:\/\/folhapopular.info\/wp-content\/uploads\/2025\/04\/Nova-ponte-tem-172-metros-de-extensao-e-e-5-metros-mais-alta_Wesley-Santos_EGR.jpg","width":871,"height":491,"caption":"Nova ponte tem 172 metros de extens\u00e3o e \u00e9 5 metros mais alta - Cr\u00e9dito: Wesley Santos \/ EGR \/ Divulga\u00e7\u00e3o"},{"@type":"BreadcrumbList","@id":"https:\/\/folhapopular.info\/index.php\/2025\/04\/02\/liberacao-do-transito-sobre-a-nova-ponte-da-ers-130-gera-expectativa\/#breadcrumb","itemListElement":[{"@type":"ListItem","position":1,"name":"In\u00edcio","item":"https:\/\/folhapopular.info\/"},{"@type":"ListItem","position":2,"name":"Libera\u00e7\u00e3o do tr\u00e2nsito sobre a nova ponte da ERS-130 gera expectativa"}]},{"@type":"WebSite","@id":"https:\/\/folhapopular.info\/#website","url":"https:\/\/folhapopular.info\/","name":"Folha Popular","description":"Onde voc\u00ea tem vez e voz","potentialAction":[{"@type":"SearchAction","target":{"@type":"EntryPoint","urlTemplate":"https:\/\/folhapopular.info\/?s={search_term_string}"},"query-input":{"@type":"PropertyValueSpecification","valueRequired":true,"valueName":"search_term_string"}}],"inLanguage":"pt-BR"},{"@type":"Person","@id":"https:\/\/folhapopular.info\/#\/schema\/person\/1fb1a50ca75661f91da0d3839657a34d","name":"Paloma Valandro","image":{"@type":"ImageObject","inLanguage":"pt-BR","@id":"https:\/\/secure.gravatar.com\/avatar\/ef90a8f37349cc3654b42d805942c6378eb385817dccc9c637c94e7794973921?s=96&d=mm&r=g","url":"https:\/\/secure.gravatar.com\/avatar\/ef90a8f37349cc3654b42d805942c6378eb385817dccc9c637c94e7794973921?s=96&d=mm&r=g","contentUrl":"https:\/\/secure.gravatar.com\/avatar\/ef90a8f37349cc3654b42d805942c6378eb385817dccc9c637c94e7794973921?s=96&d=mm&r=g","caption":"Paloma Valandro"},"url":"https:\/\/folhapopular.info\/index.php\/author\/paloma-valandro\/"}]}},"jetpack_featured_media_url":"https:\/\/folhapopular.info\/wp-content\/uploads\/2025\/04\/Nova-ponte-tem-172-metros-de-extensao-e-e-5-metros-mais-alta_Wesley-Santos_EGR.jpg","jetpack_sharing_enabled":true,"amp_enabled":true,"_links":{"self":[{"href":"https:\/\/folhapopular.info\/index.php\/wp-json\/wp\/v2\/posts\/183699","targetHints":{"allow":["GET"]}}],"collection":[{"href":"https:\/\/folhapopular.info\/index.php\/wp-json\/wp\/v2\/posts"}],"about":[{"href":"https:\/\/folhapopular.info\/index.php\/wp-json\/wp\/v2\/types\/post"}],"author":[{"embeddable":true,"href":"https:\/\/folhapopular.info\/index.php\/wp-json\/wp\/v2\/users\/757"}],"replies":[{"embeddable":true,"href":"https:\/\/folhapopular.info\/index.php\/wp-json\/wp\/v2\/comments?post=183699"}],"version-history":[{"count":0,"href":"https:\/\/folhapopular.info\/index.php\/wp-json\/wp\/v2\/posts\/183699\/revisions"}],"wp:featuredmedia":[{"embeddable":true,"href":"https:\/\/folhapopular.info\/index.php\/wp-json\/wp\/v2\/media\/183700"}],"wp:attachment":[{"href":"https:\/\/folhapopular.info\/index.php\/wp-json\/wp\/v2\/media?parent=183699"}],"wp:term":[{"taxonomy":"category","embeddable":true,"href":"https:\/\/folhapopular.info\/index.php\/wp-json\/wp\/v2\/categories?post=183699"},{"taxonomy":"post_tag","embeddable":true,"href":"https:\/\/folhapopular.info\/index.php\/wp-json\/wp\/v2\/tags?post=183699"}],"curies":[{"name":"wp","href":"https:\/\/api.w.org\/{rel}","templated":true}]}}