{"id":183724,"date":"2025-04-02T10:05:27","date_gmt":"2025-04-02T13:05:27","guid":{"rendered":"https:\/\/folhapopular.info\/?p=183724"},"modified":"2025-04-02T10:05:30","modified_gmt":"2025-04-02T13:05:30","slug":"produtores-rurais-do-rs-recebem-apoio-para-retomada-da-producao","status":"publish","type":"post","link":"https:\/\/folhapopular.info\/index.php\/2025\/04\/02\/produtores-rurais-do-rs-recebem-apoio-para-retomada-da-producao\/","title":{"rendered":"Produtores rurais do RS recebem apoio para retomada da produ\u00e7\u00e3o"},"content":{"rendered":"\n<p>A iniciativa conta com um aporte de R$ 600 mil do Instituto Pensar Agropecu\u00e1ria (IPA), gerido pela Associa\u00e7\u00e3o Brasileira do Agroneg\u00f3cio (ABAG), e viabilizado por meio da organiza\u00e7\u00e3o Fome de Tudo.<\/p>\n\n\n\n<p>O recurso foi destinado \u00e0 compra de sementes de milho da Syngenta, que ofereceu o produto a um pre\u00e7o significativamente abaixo do mercado. A distribui\u00e7\u00e3o das sementes e a sele\u00e7\u00e3o dos produtores beneficiados ficaram sob a responsabilidade da Emater-RS, garantindo que o aux\u00edlio chegasse de maneira eficiente a quem mais precisa.<\/p>\n\n\n\n<p>O evento contou com a presen\u00e7a de representantes da Syngenta, da ABAG, do Instituto Fome de Tudo e da Emater-RS, al\u00e9m de autoridades locais, como a prefeita de Estrela, Carine Schwingel, o vice-prefeito M\u00e1rcio Mallmann, o secret\u00e1rio municipal da Agricultura, S\u00e9rgio Follmann, e o presidente da Feira, Fl\u00e1vio Folletto. Tamb\u00e9m participaram o presidente do Sindicato dos Trabalhadores Rurais (STR), Rog\u00e9rio Heemann, e demais entidades envolvidas no setor agropecu\u00e1rio.<\/p>\n\n\n\n<p>A iniciativa refor\u00e7a a import\u00e2ncia da coopera\u00e7\u00e3o entre institui\u00e7\u00f5es p\u00fablicas e privadas para a recupera\u00e7\u00e3o da produ\u00e7\u00e3o agr\u00edcola no estado, ajudando os agricultores a retomarem suas atividades ap\u00f3s os danos causados pelas intemp\u00e9ries.<\/p>\n","protected":false},"excerpt":{"rendered":"<p>A iniciativa conta com um aporte de R$ 600 mil do Instituto Pensar Agropecu\u00e1ria (IPA), gerido pela Associa\u00e7\u00e3o Brasileira do Agroneg\u00f3cio (ABAG), e viabilizado por meio da organiza\u00e7\u00e3o Fome de Tudo. O recurso foi destinado \u00e0 compra de sementes de milho da Syngenta, que ofereceu o produto a um pre\u00e7o significativamente abaixo do mercado. A [&hellip;]<\/p>\n","protected":false},"author":8,"featured_media":183725,"comment_status":"open","ping_status":"open","sticky":false,"template":"","format":"standard","meta":{"pmpro_default_level":"","_jetpack_memberships_contains_paid_content":false,"footnotes":""},"categories":[10991,10994],"tags":[3827,18350,1794],"class_list":{"0":"post-183724","1":"post","2":"type-post","3":"status-publish","4":"format-standard","5":"has-post-thumbnail","7":"category-economia","8":"category-rural","9":"tag-produtores-rurais","10":"tag-retomada-de-producao","11":"tag-rio-grande-do-sul","12":"pmpro-has-access"},"yoast_head":"<!-- This site is optimized with the Yoast SEO plugin v27.5 - https:\/\/yoast.com\/product\/yoast-seo-wordpress\/ -->\n<title>Produtores rurais do RS recebem apoio para retomada da produ\u00e7\u00e3o - Folha Popular<\/title>\n<meta name=\"robots\" content=\"index, follow, max-snippet:-1, max-image-preview:large, max-video-preview:-1\" \/>\n<link rel=\"canonical\" href=\"https:\/\/folhapopular.info\/index.php\/2025\/04\/02\/produtores-rurais-do-rs-recebem-apoio-para-retomada-da-producao\/\" \/>\n<meta property=\"og:locale\" content=\"pt_BR\" \/>\n<meta property=\"og:type\" content=\"article\" \/>\n<meta property=\"og:title\" content=\"Produtores rurais do RS recebem apoio para retomada da produ\u00e7\u00e3o - Folha Popular\" \/>\n<meta property=\"og:description\" content=\"A iniciativa conta com um aporte de R$ 600 mil do Instituto Pensar Agropecu\u00e1ria (IPA), gerido pela Associa\u00e7\u00e3o Brasileira do Agroneg\u00f3cio (ABAG), e viabilizado por meio da organiza\u00e7\u00e3o Fome de Tudo. O recurso foi destinado \u00e0 compra de sementes de milho da Syngenta, que ofereceu o produto a um pre\u00e7o significativamente abaixo do mercado. A [&hellip;]\" \/>\n<meta property=\"og:url\" content=\"https:\/\/folhapopular.info\/index.php\/2025\/04\/02\/produtores-rurais-do-rs-recebem-apoio-para-retomada-da-producao\/\" \/>\n<meta property=\"og:site_name\" content=\"Folha Popular\" \/>\n<meta property=\"article:published_time\" content=\"2025-04-02T13:05:27+00:00\" \/>\n<meta property=\"article:modified_time\" content=\"2025-04-02T13:05:30+00:00\" \/>\n<meta property=\"og:image\" content=\"http:\/\/folhapopular.info\/wp-content\/uploads\/2025\/04\/img_0F4DA595786859EDB948D1E4F5B317B0F50B84E7-scaled.jpeg\" \/>\n\t<meta property=\"og:image:width\" content=\"2560\" \/>\n\t<meta property=\"og:image:height\" content=\"1706\" \/>\n\t<meta property=\"og:image:type\" content=\"image\/jpeg\" \/>\n<meta name=\"author\" content=\"Reda\u00e7\u00e3o Folha Popular\" \/>\n<meta name=\"twitter:card\" content=\"summary_large_image\" \/>\n<meta name=\"twitter:label1\" content=\"Escrito por\" \/>\n\t<meta name=\"twitter:data1\" content=\"Reda\u00e7\u00e3o Folha Popular\" \/>\n\t<meta name=\"twitter:label2\" content=\"Est. tempo de leitura\" \/>\n\t<meta name=\"twitter:data2\" content=\"2 minutos\" \/>\n<script type=\"application\/ld+json\" class=\"yoast-schema-graph\">{\"@context\":\"https:\\\/\\\/schema.org\",\"@graph\":[{\"@type\":\"Article\",\"@id\":\"https:\\\/\\\/folhapopular.info\\\/index.php\\\/2025\\\/04\\\/02\\\/produtores-rurais-do-rs-recebem-apoio-para-retomada-da-producao\\\/#article\",\"isPartOf\":{\"@id\":\"https:\\\/\\\/folhapopular.info\\\/index.php\\\/2025\\\/04\\\/02\\\/produtores-rurais-do-rs-recebem-apoio-para-retomada-da-producao\\\/\"},\"author\":{\"name\":\"Reda\u00e7\u00e3o Folha Popular\",\"@id\":\"https:\\\/\\\/folhapopular.info\\\/#\\\/schema\\\/person\\\/2814e8a0df7643585a9ca38bc6eb9d4b\"},\"headline\":\"Produtores rurais do RS recebem apoio para retomada da produ\u00e7\u00e3o\",\"datePublished\":\"2025-04-02T13:05:27+00:00\",\"dateModified\":\"2025-04-02T13:05:30+00:00\",\"mainEntityOfPage\":{\"@id\":\"https:\\\/\\\/folhapopular.info\\\/index.php\\\/2025\\\/04\\\/02\\\/produtores-rurais-do-rs-recebem-apoio-para-retomada-da-producao\\\/\"},\"wordCount\":219,\"commentCount\":0,\"image\":{\"@id\":\"https:\\\/\\\/folhapopular.info\\\/index.php\\\/2025\\\/04\\\/02\\\/produtores-rurais-do-rs-recebem-apoio-para-retomada-da-producao\\\/#primaryimage\"},\"thumbnailUrl\":\"https:\\\/\\\/folhapopular.info\\\/wp-content\\\/uploads\\\/2025\\\/04\\\/img_0F4DA595786859EDB948D1E4F5B317B0F50B84E7-scaled.jpeg\",\"keywords\":[\"produtores rurais\",\"retomada de produ\u00e7\u00e3o\",\"Rio Grande do Sul\"],\"articleSection\":[\"Economia\",\"Rural\"],\"inLanguage\":\"pt-BR\",\"potentialAction\":[{\"@type\":\"CommentAction\",\"name\":\"Comment\",\"target\":[\"https:\\\/\\\/folhapopular.info\\\/index.php\\\/2025\\\/04\\\/02\\\/produtores-rurais-do-rs-recebem-apoio-para-retomada-da-producao\\\/#respond\"]}]},{\"@type\":\"WebPage\",\"@id\":\"https:\\\/\\\/folhapopular.info\\\/index.php\\\/2025\\\/04\\\/02\\\/produtores-rurais-do-rs-recebem-apoio-para-retomada-da-producao\\\/\",\"url\":\"https:\\\/\\\/folhapopular.info\\\/index.php\\\/2025\\\/04\\\/02\\\/produtores-rurais-do-rs-recebem-apoio-para-retomada-da-producao\\\/\",\"name\":\"Produtores rurais do RS recebem apoio para retomada da produ\u00e7\u00e3o - Folha Popular\",\"isPartOf\":{\"@id\":\"https:\\\/\\\/folhapopular.info\\\/#website\"},\"primaryImageOfPage\":{\"@id\":\"https:\\\/\\\/folhapopular.info\\\/index.php\\\/2025\\\/04\\\/02\\\/produtores-rurais-do-rs-recebem-apoio-para-retomada-da-producao\\\/#primaryimage\"},\"image\":{\"@id\":\"https:\\\/\\\/folhapopular.info\\\/index.php\\\/2025\\\/04\\\/02\\\/produtores-rurais-do-rs-recebem-apoio-para-retomada-da-producao\\\/#primaryimage\"},\"thumbnailUrl\":\"https:\\\/\\\/folhapopular.info\\\/wp-content\\\/uploads\\\/2025\\\/04\\\/img_0F4DA595786859EDB948D1E4F5B317B0F50B84E7-scaled.jpeg\",\"datePublished\":\"2025-04-02T13:05:27+00:00\",\"dateModified\":\"2025-04-02T13:05:30+00:00\",\"author\":{\"@id\":\"https:\\\/\\\/folhapopular.info\\\/#\\\/schema\\\/person\\\/2814e8a0df7643585a9ca38bc6eb9d4b\"},\"breadcrumb\":{\"@id\":\"https:\\\/\\\/folhapopular.info\\\/index.php\\\/2025\\\/04\\\/02\\\/produtores-rurais-do-rs-recebem-apoio-para-retomada-da-producao\\\/#breadcrumb\"},\"inLanguage\":\"pt-BR\",\"potentialAction\":[{\"@type\":\"ReadAction\",\"target\":[\"https:\\\/\\\/folhapopular.info\\\/index.php\\\/2025\\\/04\\\/02\\\/produtores-rurais-do-rs-recebem-apoio-para-retomada-da-producao\\\/\"]}]},{\"@type\":\"ImageObject\",\"inLanguage\":\"pt-BR\",\"@id\":\"https:\\\/\\\/folhapopular.info\\\/index.php\\\/2025\\\/04\\\/02\\\/produtores-rurais-do-rs-recebem-apoio-para-retomada-da-producao\\\/#primaryimage\",\"url\":\"https:\\\/\\\/folhapopular.info\\\/wp-content\\\/uploads\\\/2025\\\/04\\\/img_0F4DA595786859EDB948D1E4F5B317B0F50B84E7-scaled.jpeg\",\"contentUrl\":\"https:\\\/\\\/folhapopular.info\\\/wp-content\\\/uploads\\\/2025\\\/04\\\/img_0F4DA595786859EDB948D1E4F5B317B0F50B84E7-scaled.jpeg\",\"width\":2560,\"height\":1706,\"caption\":\"Cr\u00e9dito: Divulga\u00e7\u00e3o\"},{\"@type\":\"BreadcrumbList\",\"@id\":\"https:\\\/\\\/folhapopular.info\\\/index.php\\\/2025\\\/04\\\/02\\\/produtores-rurais-do-rs-recebem-apoio-para-retomada-da-producao\\\/#breadcrumb\",\"itemListElement\":[{\"@type\":\"ListItem\",\"position\":1,\"name\":\"In\u00edcio\",\"item\":\"https:\\\/\\\/folhapopular.info\\\/\"},{\"@type\":\"ListItem\",\"position\":2,\"name\":\"Produtores rurais do RS recebem apoio para retomada da produ\u00e7\u00e3o\"}]},{\"@type\":\"WebSite\",\"@id\":\"https:\\\/\\\/folhapopular.info\\\/#website\",\"url\":\"https:\\\/\\\/folhapopular.info\\\/\",\"name\":\"Folha Popular\",\"description\":\"Onde voc\u00ea tem vez e voz\",\"potentialAction\":[{\"@type\":\"SearchAction\",\"target\":{\"@type\":\"EntryPoint\",\"urlTemplate\":\"https:\\\/\\\/folhapopular.info\\\/?s={search_term_string}\"},\"query-input\":{\"@type\":\"PropertyValueSpecification\",\"valueRequired\":true,\"valueName\":\"search_term_string\"}}],\"inLanguage\":\"pt-BR\"},{\"@type\":\"Person\",\"@id\":\"https:\\\/\\\/folhapopular.info\\\/#\\\/schema\\\/person\\\/2814e8a0df7643585a9ca38bc6eb9d4b\",\"name\":\"Reda\u00e7\u00e3o Folha Popular\",\"image\":{\"@type\":\"ImageObject\",\"inLanguage\":\"pt-BR\",\"@id\":\"https:\\\/\\\/folhapopular.info\\\/wp-content\\\/uploads\\\/2026\\\/04\\\/Folha-1.webp\",\"url\":\"https:\\\/\\\/folhapopular.info\\\/wp-content\\\/uploads\\\/2026\\\/04\\\/Folha-1.webp\",\"contentUrl\":\"https:\\\/\\\/folhapopular.info\\\/wp-content\\\/uploads\\\/2026\\\/04\\\/Folha-1.webp\",\"caption\":\"Reda\u00e7\u00e3o Folha Popular\"},\"url\":\"https:\\\/\\\/folhapopular.info\\\/index.php\\\/author\\\/redacao\\\/\"}]}<\/script>\n<!-- \/ Yoast SEO plugin. -->","yoast_head_json":{"title":"Produtores rurais do RS recebem apoio para retomada da produ\u00e7\u00e3o - Folha Popular","robots":{"index":"index","follow":"follow","max-snippet":"max-snippet:-1","max-image-preview":"max-image-preview:large","max-video-preview":"max-video-preview:-1"},"canonical":"https:\/\/folhapopular.info\/index.php\/2025\/04\/02\/produtores-rurais-do-rs-recebem-apoio-para-retomada-da-producao\/","og_locale":"pt_BR","og_type":"article","og_title":"Produtores rurais do RS recebem apoio para retomada da produ\u00e7\u00e3o - Folha Popular","og_description":"A iniciativa conta com um aporte de R$ 600 mil do Instituto Pensar Agropecu\u00e1ria (IPA), gerido pela Associa\u00e7\u00e3o Brasileira do Agroneg\u00f3cio (ABAG), e viabilizado por meio da organiza\u00e7\u00e3o Fome de Tudo. O recurso foi destinado \u00e0 compra de sementes de milho da Syngenta, que ofereceu o produto a um pre\u00e7o significativamente abaixo do mercado. A [&hellip;]","og_url":"https:\/\/folhapopular.info\/index.php\/2025\/04\/02\/produtores-rurais-do-rs-recebem-apoio-para-retomada-da-producao\/","og_site_name":"Folha Popular","article_published_time":"2025-04-02T13:05:27+00:00","article_modified_time":"2025-04-02T13:05:30+00:00","og_image":[{"width":2560,"height":1706,"url":"http:\/\/folhapopular.info\/wp-content\/uploads\/2025\/04\/img_0F4DA595786859EDB948D1E4F5B317B0F50B84E7-scaled.jpeg","type":"image\/jpeg"}],"author":"Reda\u00e7\u00e3o Folha Popular","twitter_card":"summary_large_image","twitter_misc":{"Escrito por":"Reda\u00e7\u00e3o Folha Popular","Est. tempo de leitura":"2 minutos"},"schema":{"@context":"https:\/\/schema.org","@graph":[{"@type":"Article","@id":"https:\/\/folhapopular.info\/index.php\/2025\/04\/02\/produtores-rurais-do-rs-recebem-apoio-para-retomada-da-producao\/#article","isPartOf":{"@id":"https:\/\/folhapopular.info\/index.php\/2025\/04\/02\/produtores-rurais-do-rs-recebem-apoio-para-retomada-da-producao\/"},"author":{"name":"Reda\u00e7\u00e3o Folha Popular","@id":"https:\/\/folhapopular.info\/#\/schema\/person\/2814e8a0df7643585a9ca38bc6eb9d4b"},"headline":"Produtores rurais do RS recebem apoio para retomada da produ\u00e7\u00e3o","datePublished":"2025-04-02T13:05:27+00:00","dateModified":"2025-04-02T13:05:30+00:00","mainEntityOfPage":{"@id":"https:\/\/folhapopular.info\/index.php\/2025\/04\/02\/produtores-rurais-do-rs-recebem-apoio-para-retomada-da-producao\/"},"wordCount":219,"commentCount":0,"image":{"@id":"https:\/\/folhapopular.info\/index.php\/2025\/04\/02\/produtores-rurais-do-rs-recebem-apoio-para-retomada-da-producao\/#primaryimage"},"thumbnailUrl":"https:\/\/folhapopular.info\/wp-content\/uploads\/2025\/04\/img_0F4DA595786859EDB948D1E4F5B317B0F50B84E7-scaled.jpeg","keywords":["produtores rurais","retomada de produ\u00e7\u00e3o","Rio Grande do Sul"],"articleSection":["Economia","Rural"],"inLanguage":"pt-BR","potentialAction":[{"@type":"CommentAction","name":"Comment","target":["https:\/\/folhapopular.info\/index.php\/2025\/04\/02\/produtores-rurais-do-rs-recebem-apoio-para-retomada-da-producao\/#respond"]}]},{"@type":"WebPage","@id":"https:\/\/folhapopular.info\/index.php\/2025\/04\/02\/produtores-rurais-do-rs-recebem-apoio-para-retomada-da-producao\/","url":"https:\/\/folhapopular.info\/index.php\/2025\/04\/02\/produtores-rurais-do-rs-recebem-apoio-para-retomada-da-producao\/","name":"Produtores rurais do RS recebem apoio para retomada da produ\u00e7\u00e3o - Folha Popular","isPartOf":{"@id":"https:\/\/folhapopular.info\/#website"},"primaryImageOfPage":{"@id":"https:\/\/folhapopular.info\/index.php\/2025\/04\/02\/produtores-rurais-do-rs-recebem-apoio-para-retomada-da-producao\/#primaryimage"},"image":{"@id":"https:\/\/folhapopular.info\/index.php\/2025\/04\/02\/produtores-rurais-do-rs-recebem-apoio-para-retomada-da-producao\/#primaryimage"},"thumbnailUrl":"https:\/\/folhapopular.info\/wp-content\/uploads\/2025\/04\/img_0F4DA595786859EDB948D1E4F5B317B0F50B84E7-scaled.jpeg","datePublished":"2025-04-02T13:05:27+00:00","dateModified":"2025-04-02T13:05:30+00:00","author":{"@id":"https:\/\/folhapopular.info\/#\/schema\/person\/2814e8a0df7643585a9ca38bc6eb9d4b"},"breadcrumb":{"@id":"https:\/\/folhapopular.info\/index.php\/2025\/04\/02\/produtores-rurais-do-rs-recebem-apoio-para-retomada-da-producao\/#breadcrumb"},"inLanguage":"pt-BR","potentialAction":[{"@type":"ReadAction","target":["https:\/\/folhapopular.info\/index.php\/2025\/04\/02\/produtores-rurais-do-rs-recebem-apoio-para-retomada-da-producao\/"]}]},{"@type":"ImageObject","inLanguage":"pt-BR","@id":"https:\/\/folhapopular.info\/index.php\/2025\/04\/02\/produtores-rurais-do-rs-recebem-apoio-para-retomada-da-producao\/#primaryimage","url":"https:\/\/folhapopular.info\/wp-content\/uploads\/2025\/04\/img_0F4DA595786859EDB948D1E4F5B317B0F50B84E7-scaled.jpeg","contentUrl":"https:\/\/folhapopular.info\/wp-content\/uploads\/2025\/04\/img_0F4DA595786859EDB948D1E4F5B317B0F50B84E7-scaled.jpeg","width":2560,"height":1706,"caption":"Cr\u00e9dito: Divulga\u00e7\u00e3o"},{"@type":"BreadcrumbList","@id":"https:\/\/folhapopular.info\/index.php\/2025\/04\/02\/produtores-rurais-do-rs-recebem-apoio-para-retomada-da-producao\/#breadcrumb","itemListElement":[{"@type":"ListItem","position":1,"name":"In\u00edcio","item":"https:\/\/folhapopular.info\/"},{"@type":"ListItem","position":2,"name":"Produtores rurais do RS recebem apoio para retomada da produ\u00e7\u00e3o"}]},{"@type":"WebSite","@id":"https:\/\/folhapopular.info\/#website","url":"https:\/\/folhapopular.info\/","name":"Folha Popular","description":"Onde voc\u00ea tem vez e voz","potentialAction":[{"@type":"SearchAction","target":{"@type":"EntryPoint","urlTemplate":"https:\/\/folhapopular.info\/?s={search_term_string}"},"query-input":{"@type":"PropertyValueSpecification","valueRequired":true,"valueName":"search_term_string"}}],"inLanguage":"pt-BR"},{"@type":"Person","@id":"https:\/\/folhapopular.info\/#\/schema\/person\/2814e8a0df7643585a9ca38bc6eb9d4b","name":"Reda\u00e7\u00e3o Folha Popular","image":{"@type":"ImageObject","inLanguage":"pt-BR","@id":"https:\/\/folhapopular.info\/wp-content\/uploads\/2026\/04\/Folha-1.webp","url":"https:\/\/folhapopular.info\/wp-content\/uploads\/2026\/04\/Folha-1.webp","contentUrl":"https:\/\/folhapopular.info\/wp-content\/uploads\/2026\/04\/Folha-1.webp","caption":"Reda\u00e7\u00e3o Folha Popular"},"url":"https:\/\/folhapopular.info\/index.php\/author\/redacao\/"}]}},"jetpack_featured_media_url":"https:\/\/folhapopular.info\/wp-content\/uploads\/2025\/04\/img_0F4DA595786859EDB948D1E4F5B317B0F50B84E7-scaled.jpeg","jetpack_sharing_enabled":true,"amp_enabled":true,"_links":{"self":[{"href":"https:\/\/folhapopular.info\/index.php\/wp-json\/wp\/v2\/posts\/183724","targetHints":{"allow":["GET"]}}],"collection":[{"href":"https:\/\/folhapopular.info\/index.php\/wp-json\/wp\/v2\/posts"}],"about":[{"href":"https:\/\/folhapopular.info\/index.php\/wp-json\/wp\/v2\/types\/post"}],"author":[{"embeddable":true,"href":"https:\/\/folhapopular.info\/index.php\/wp-json\/wp\/v2\/users\/8"}],"replies":[{"embeddable":true,"href":"https:\/\/folhapopular.info\/index.php\/wp-json\/wp\/v2\/comments?post=183724"}],"version-history":[{"count":0,"href":"https:\/\/folhapopular.info\/index.php\/wp-json\/wp\/v2\/posts\/183724\/revisions"}],"wp:featuredmedia":[{"embeddable":true,"href":"https:\/\/folhapopular.info\/index.php\/wp-json\/wp\/v2\/media\/183725"}],"wp:attachment":[{"href":"https:\/\/folhapopular.info\/index.php\/wp-json\/wp\/v2\/media?parent=183724"}],"wp:term":[{"taxonomy":"category","embeddable":true,"href":"https:\/\/folhapopular.info\/index.php\/wp-json\/wp\/v2\/categories?post=183724"},{"taxonomy":"post_tag","embeddable":true,"href":"https:\/\/folhapopular.info\/index.php\/wp-json\/wp\/v2\/tags?post=183724"}],"curies":[{"name":"wp","href":"https:\/\/api.w.org\/{rel}","templated":true}]}}