{"id":183737,"date":"2025-04-02T10:24:14","date_gmt":"2025-04-02T13:24:14","guid":{"rendered":"https:\/\/folhapopular.info\/?p=183737"},"modified":"2025-04-02T10:24:17","modified_gmt":"2025-04-02T13:24:17","slug":"pix-balanca-impulsiona-safra-de-soja-na-cooperativa-languiru","status":"publish","type":"post","link":"https:\/\/folhapopular.info\/index.php\/2025\/04\/02\/pix-balanca-impulsiona-safra-de-soja-na-cooperativa-languiru\/","title":{"rendered":"Pix Balan\u00e7a impulsiona safra de soja na Cooperativa Languiru"},"content":{"rendered":"\n<p>Com o bem-sucedido programa do Pix Balan\u00e7a da safra de milho, finalizado no dia 7 de mar\u00e7o, a Cooperativa Languiru deu sequ\u00eancia \u00e0 valoriza\u00e7\u00e3o do associado e produtor rural com a abertura do Pix Balan\u00e7a da Safra de Soja, que est\u00e1 em opera\u00e7\u00e3o desde 17 de mar\u00e7o. O programa garante\u00a0mais agilidade e seguran\u00e7a no recebimento dos gr\u00e3os, refor\u00e7ando o compromisso da Cooperativa com o fortalecimento da cadeia produtiva local.<\/p>\n\n\n\n<p>Por meio do Pix Balan\u00e7a, o produtor (associado ou n\u00e3o da Cooperativa) entrega o soja na F\u00e1brica de Ra\u00e7\u00f5es da Languiru, em Estrela, e recebe o\u00a0pagamento em at\u00e9 sete dias corridos\u00a0\u2014 per\u00edodo necess\u00e1rio para avalia\u00e7\u00e3o t\u00e9cnica, processamento de dados e efetiva\u00e7\u00e3o do cr\u00e9dito. O atendimento \u00e9 personalizado, das\u00a07h30 \u00e0s 20h. Para demandas fora desse hor\u00e1rio, \u00e9 necess\u00e1rio realizar\u00a0agendamento at\u00e9 \u00e0s 17h.\u00a0Aos finais de semana, o hor\u00e1rio de funcionamento \u00e9 fixo, das\u00a07h30 \u00e0s 17h, sem possibilidade de prorroga\u00e7\u00e3o.<\/p>\n\n\n\n<p>\u201cA ideia \u00e9 garantir fluidez no recebimento e no escoamento da produ\u00e7\u00e3o, oferecendo praticidade e confian\u00e7a ao agricultor que est\u00e1 na lida da colheita\u201d, explica Cristiano Sieben, Gerente Industrial da F\u00e1brica de Ra\u00e7\u00f5es da Cooperativa Languiru. A iniciativa melhora o fluxo financeiro do produtor rural em um momento estrat\u00e9gico da safra.<\/p>\n\n\n\n<h3 class=\"wp-block-heading\"><strong>Refer\u00eancia regional em estrutura e tecnologia de secagem<\/strong><\/h3>\n\n\n\n<p>A F\u00e1brica de Ra\u00e7\u00f5es, ponto de recebimento do soja, j\u00e1 vinha sendo refer\u00eancia regional durante a safra de milho, especialmente pelo suporte t\u00e9cnico e pela infraestrutura de secagem de gr\u00e3os, que beneficiou produtores da regi\u00e3o. A unidade opera com modernas\u00a0t\u00e9cnicas de secagem, que utilizam equipamentos de fluxo cont\u00ednuo e controle de temperatura, garantindo maior efici\u00eancia no processo e\u00a0preservando a qualidade do gr\u00e3o armazenado.\u00a0<\/p>\n\n\n\n<p>Al\u00e9m de seu papel fundamental na recep\u00e7\u00e3o e pagamento da produ\u00e7\u00e3o, a Languiru reafirma, com essa a\u00e7\u00e3o, seu\u00a0protagonismo regional como agente de apoio ao agricultor\u00a0\u2013 uma vez que as iniciativas voltadas ao campo t\u00eam refletido um esfor\u00e7o concreto de valoriza\u00e7\u00e3o do produtor rural.\u00a0<\/p>\n\n\n\n<p>Para o presidente liquidante da Languiru, Paulo Birck, essas a\u00e7\u00f5es s\u00e3o essenciais para reconstruir la\u00e7os de confian\u00e7a. \u201cEm um cen\u00e1rio de recupera\u00e7\u00e3o e reestrutura\u00e7\u00e3o, a Cooperativa tem investido em solu\u00e7\u00f5es pr\u00e1ticas e pr\u00f3ximas do produtor, valorizando o trabalho no campo e fortalecendo a confian\u00e7a que, historicamente, sustenta o cooperativismo\u201d, afirma.<\/p>\n\n\n\n<p>Na mesma linha, o Superintendente Administrativo, Comercial e Financeiro, Gustavo Marques, destaca a import\u00e2ncia da efici\u00eancia operacional e do relacionamento direto com o agricultor. \u201cEm tempos desafiadores, a Cooperativa Languiru aposta na proximidade e na efici\u00eancia como pilares para seguir em frente. Atrav\u00e9s de a\u00e7\u00f5es como o Pix Balan\u00e7a, reafirmamos o nosso papel como aliados do produtor e agente ativo na economia rural do Vale do Taquari\u201d, complementa.<\/p>\n\n\n\n<p>Para esclarecer d\u00favidas e\/ou realizar agendamentos de entrega para o programa Pix Balan\u00e7a durante a safra de Soja, entre em contato com o setor t\u00e9cnico da Cooperativa Languiru: telefone (51) 3712-0050 ou WhatsApp (51) 99117-4480.<\/p>\n","protected":false},"excerpt":{"rendered":"<p>Com o bem-sucedido programa do Pix Balan\u00e7a da safra de milho, finalizado no dia 7 de mar\u00e7o, a Cooperativa Languiru deu sequ\u00eancia \u00e0 valoriza\u00e7\u00e3o do associado e produtor rural com a abertura do Pix Balan\u00e7a da Safra de Soja, que est\u00e1 em opera\u00e7\u00e3o desde 17 de mar\u00e7o. O programa garante\u00a0mais agilidade e seguran\u00e7a no recebimento [&hellip;]<\/p>\n","protected":false},"author":8,"featured_media":183740,"comment_status":"open","ping_status":"open","sticky":false,"template":"","format":"standard","meta":{"pmpro_default_level":"","_jetpack_memberships_contains_paid_content":false,"footnotes":""},"categories":[10991,10994],"tags":[313,18355,18356],"class_list":{"0":"post-183737","1":"post","2":"type-post","3":"status-publish","4":"format-standard","5":"has-post-thumbnail","7":"category-economia","8":"category-rural","9":"tag-cooperativa-languiru","10":"tag-pix-balanca","11":"tag-safra-de-soja","12":"pmpro-has-access"},"yoast_head":"<!-- This site is optimized with the Yoast SEO plugin v27.5 - https:\/\/yoast.com\/product\/yoast-seo-wordpress\/ -->\n<title>Pix Balan\u00e7a impulsiona safra de soja na Cooperativa Languiru - Folha Popular<\/title>\n<meta name=\"robots\" content=\"index, follow, max-snippet:-1, max-image-preview:large, max-video-preview:-1\" \/>\n<link rel=\"canonical\" href=\"https:\/\/folhapopular.info\/index.php\/2025\/04\/02\/pix-balanca-impulsiona-safra-de-soja-na-cooperativa-languiru\/\" \/>\n<meta property=\"og:locale\" content=\"pt_BR\" \/>\n<meta property=\"og:type\" content=\"article\" \/>\n<meta property=\"og:title\" content=\"Pix Balan\u00e7a impulsiona safra de soja na Cooperativa Languiru - Folha Popular\" \/>\n<meta property=\"og:description\" content=\"Com o bem-sucedido programa do Pix Balan\u00e7a da safra de milho, finalizado no dia 7 de mar\u00e7o, a Cooperativa Languiru deu sequ\u00eancia \u00e0 valoriza\u00e7\u00e3o do associado e produtor rural com a abertura do Pix Balan\u00e7a da Safra de Soja, que est\u00e1 em opera\u00e7\u00e3o desde 17 de mar\u00e7o. O programa garante\u00a0mais agilidade e seguran\u00e7a no recebimento [&hellip;]\" \/>\n<meta property=\"og:url\" content=\"https:\/\/folhapopular.info\/index.php\/2025\/04\/02\/pix-balanca-impulsiona-safra-de-soja-na-cooperativa-languiru\/\" \/>\n<meta property=\"og:site_name\" content=\"Folha Popular\" \/>\n<meta property=\"article:published_time\" content=\"2025-04-02T13:24:14+00:00\" \/>\n<meta property=\"article:modified_time\" content=\"2025-04-02T13:24:17+00:00\" \/>\n<meta property=\"og:image\" content=\"http:\/\/folhapopular.info\/wp-content\/uploads\/2025\/04\/agro_soja_040822_CNA_Divulgacao.jpg\" \/>\n\t<meta property=\"og:image:width\" content=\"1500\" \/>\n\t<meta property=\"og:image:height\" content=\"1000\" \/>\n\t<meta property=\"og:image:type\" content=\"image\/jpeg\" \/>\n<meta name=\"author\" content=\"Reda\u00e7\u00e3o Folha Popular\" \/>\n<meta name=\"twitter:card\" content=\"summary_large_image\" \/>\n<meta name=\"twitter:label1\" content=\"Escrito por\" \/>\n\t<meta name=\"twitter:data1\" content=\"Reda\u00e7\u00e3o Folha Popular\" \/>\n\t<meta name=\"twitter:label2\" content=\"Est. tempo de leitura\" \/>\n\t<meta name=\"twitter:data2\" content=\"3 minutos\" \/>\n<script type=\"application\/ld+json\" class=\"yoast-schema-graph\">{\"@context\":\"https:\\\/\\\/schema.org\",\"@graph\":[{\"@type\":\"Article\",\"@id\":\"https:\\\/\\\/folhapopular.info\\\/index.php\\\/2025\\\/04\\\/02\\\/pix-balanca-impulsiona-safra-de-soja-na-cooperativa-languiru\\\/#article\",\"isPartOf\":{\"@id\":\"https:\\\/\\\/folhapopular.info\\\/index.php\\\/2025\\\/04\\\/02\\\/pix-balanca-impulsiona-safra-de-soja-na-cooperativa-languiru\\\/\"},\"author\":{\"name\":\"Reda\u00e7\u00e3o Folha Popular\",\"@id\":\"https:\\\/\\\/folhapopular.info\\\/#\\\/schema\\\/person\\\/2814e8a0df7643585a9ca38bc6eb9d4b\"},\"headline\":\"Pix Balan\u00e7a impulsiona safra de soja na Cooperativa Languiru\",\"datePublished\":\"2025-04-02T13:24:14+00:00\",\"dateModified\":\"2025-04-02T13:24:17+00:00\",\"mainEntityOfPage\":{\"@id\":\"https:\\\/\\\/folhapopular.info\\\/index.php\\\/2025\\\/04\\\/02\\\/pix-balanca-impulsiona-safra-de-soja-na-cooperativa-languiru\\\/\"},\"wordCount\":542,\"commentCount\":0,\"image\":{\"@id\":\"https:\\\/\\\/folhapopular.info\\\/index.php\\\/2025\\\/04\\\/02\\\/pix-balanca-impulsiona-safra-de-soja-na-cooperativa-languiru\\\/#primaryimage\"},\"thumbnailUrl\":\"https:\\\/\\\/folhapopular.info\\\/wp-content\\\/uploads\\\/2025\\\/04\\\/agro_soja_040822_CNA_Divulgacao.jpg\",\"keywords\":[\"Cooperativa Languiru\",\"Pix Balan\u00e7a\",\"safra de soja\"],\"articleSection\":[\"Economia\",\"Rural\"],\"inLanguage\":\"pt-BR\",\"potentialAction\":[{\"@type\":\"CommentAction\",\"name\":\"Comment\",\"target\":[\"https:\\\/\\\/folhapopular.info\\\/index.php\\\/2025\\\/04\\\/02\\\/pix-balanca-impulsiona-safra-de-soja-na-cooperativa-languiru\\\/#respond\"]}]},{\"@type\":\"WebPage\",\"@id\":\"https:\\\/\\\/folhapopular.info\\\/index.php\\\/2025\\\/04\\\/02\\\/pix-balanca-impulsiona-safra-de-soja-na-cooperativa-languiru\\\/\",\"url\":\"https:\\\/\\\/folhapopular.info\\\/index.php\\\/2025\\\/04\\\/02\\\/pix-balanca-impulsiona-safra-de-soja-na-cooperativa-languiru\\\/\",\"name\":\"Pix Balan\u00e7a impulsiona safra de soja na Cooperativa Languiru - Folha Popular\",\"isPartOf\":{\"@id\":\"https:\\\/\\\/folhapopular.info\\\/#website\"},\"primaryImageOfPage\":{\"@id\":\"https:\\\/\\\/folhapopular.info\\\/index.php\\\/2025\\\/04\\\/02\\\/pix-balanca-impulsiona-safra-de-soja-na-cooperativa-languiru\\\/#primaryimage\"},\"image\":{\"@id\":\"https:\\\/\\\/folhapopular.info\\\/index.php\\\/2025\\\/04\\\/02\\\/pix-balanca-impulsiona-safra-de-soja-na-cooperativa-languiru\\\/#primaryimage\"},\"thumbnailUrl\":\"https:\\\/\\\/folhapopular.info\\\/wp-content\\\/uploads\\\/2025\\\/04\\\/agro_soja_040822_CNA_Divulgacao.jpg\",\"datePublished\":\"2025-04-02T13:24:14+00:00\",\"dateModified\":\"2025-04-02T13:24:17+00:00\",\"author\":{\"@id\":\"https:\\\/\\\/folhapopular.info\\\/#\\\/schema\\\/person\\\/2814e8a0df7643585a9ca38bc6eb9d4b\"},\"breadcrumb\":{\"@id\":\"https:\\\/\\\/folhapopular.info\\\/index.php\\\/2025\\\/04\\\/02\\\/pix-balanca-impulsiona-safra-de-soja-na-cooperativa-languiru\\\/#breadcrumb\"},\"inLanguage\":\"pt-BR\",\"potentialAction\":[{\"@type\":\"ReadAction\",\"target\":[\"https:\\\/\\\/folhapopular.info\\\/index.php\\\/2025\\\/04\\\/02\\\/pix-balanca-impulsiona-safra-de-soja-na-cooperativa-languiru\\\/\"]}]},{\"@type\":\"ImageObject\",\"inLanguage\":\"pt-BR\",\"@id\":\"https:\\\/\\\/folhapopular.info\\\/index.php\\\/2025\\\/04\\\/02\\\/pix-balanca-impulsiona-safra-de-soja-na-cooperativa-languiru\\\/#primaryimage\",\"url\":\"https:\\\/\\\/folhapopular.info\\\/wp-content\\\/uploads\\\/2025\\\/04\\\/agro_soja_040822_CNA_Divulgacao.jpg\",\"contentUrl\":\"https:\\\/\\\/folhapopular.info\\\/wp-content\\\/uploads\\\/2025\\\/04\\\/agro_soja_040822_CNA_Divulgacao.jpg\",\"width\":1500,\"height\":1000,\"caption\":\"Cr\u00e9dito: Divulga\u00e7\u00e3o\"},{\"@type\":\"BreadcrumbList\",\"@id\":\"https:\\\/\\\/folhapopular.info\\\/index.php\\\/2025\\\/04\\\/02\\\/pix-balanca-impulsiona-safra-de-soja-na-cooperativa-languiru\\\/#breadcrumb\",\"itemListElement\":[{\"@type\":\"ListItem\",\"position\":1,\"name\":\"In\u00edcio\",\"item\":\"https:\\\/\\\/folhapopular.info\\\/\"},{\"@type\":\"ListItem\",\"position\":2,\"name\":\"Pix Balan\u00e7a impulsiona safra de soja na Cooperativa Languiru\"}]},{\"@type\":\"WebSite\",\"@id\":\"https:\\\/\\\/folhapopular.info\\\/#website\",\"url\":\"https:\\\/\\\/folhapopular.info\\\/\",\"name\":\"Folha Popular\",\"description\":\"Onde voc\u00ea tem vez e voz\",\"potentialAction\":[{\"@type\":\"SearchAction\",\"target\":{\"@type\":\"EntryPoint\",\"urlTemplate\":\"https:\\\/\\\/folhapopular.info\\\/?s={search_term_string}\"},\"query-input\":{\"@type\":\"PropertyValueSpecification\",\"valueRequired\":true,\"valueName\":\"search_term_string\"}}],\"inLanguage\":\"pt-BR\"},{\"@type\":\"Person\",\"@id\":\"https:\\\/\\\/folhapopular.info\\\/#\\\/schema\\\/person\\\/2814e8a0df7643585a9ca38bc6eb9d4b\",\"name\":\"Reda\u00e7\u00e3o Folha Popular\",\"image\":{\"@type\":\"ImageObject\",\"inLanguage\":\"pt-BR\",\"@id\":\"https:\\\/\\\/folhapopular.info\\\/wp-content\\\/uploads\\\/2026\\\/04\\\/Folha-1.webp\",\"url\":\"https:\\\/\\\/folhapopular.info\\\/wp-content\\\/uploads\\\/2026\\\/04\\\/Folha-1.webp\",\"contentUrl\":\"https:\\\/\\\/folhapopular.info\\\/wp-content\\\/uploads\\\/2026\\\/04\\\/Folha-1.webp\",\"caption\":\"Reda\u00e7\u00e3o Folha Popular\"},\"url\":\"https:\\\/\\\/folhapopular.info\\\/index.php\\\/author\\\/redacao\\\/\"}]}<\/script>\n<!-- \/ Yoast SEO plugin. -->","yoast_head_json":{"title":"Pix Balan\u00e7a impulsiona safra de soja na Cooperativa Languiru - Folha Popular","robots":{"index":"index","follow":"follow","max-snippet":"max-snippet:-1","max-image-preview":"max-image-preview:large","max-video-preview":"max-video-preview:-1"},"canonical":"https:\/\/folhapopular.info\/index.php\/2025\/04\/02\/pix-balanca-impulsiona-safra-de-soja-na-cooperativa-languiru\/","og_locale":"pt_BR","og_type":"article","og_title":"Pix Balan\u00e7a impulsiona safra de soja na Cooperativa Languiru - Folha Popular","og_description":"Com o bem-sucedido programa do Pix Balan\u00e7a da safra de milho, finalizado no dia 7 de mar\u00e7o, a Cooperativa Languiru deu sequ\u00eancia \u00e0 valoriza\u00e7\u00e3o do associado e produtor rural com a abertura do Pix Balan\u00e7a da Safra de Soja, que est\u00e1 em opera\u00e7\u00e3o desde 17 de mar\u00e7o. O programa garante\u00a0mais agilidade e seguran\u00e7a no recebimento [&hellip;]","og_url":"https:\/\/folhapopular.info\/index.php\/2025\/04\/02\/pix-balanca-impulsiona-safra-de-soja-na-cooperativa-languiru\/","og_site_name":"Folha Popular","article_published_time":"2025-04-02T13:24:14+00:00","article_modified_time":"2025-04-02T13:24:17+00:00","og_image":[{"width":1500,"height":1000,"url":"http:\/\/folhapopular.info\/wp-content\/uploads\/2025\/04\/agro_soja_040822_CNA_Divulgacao.jpg","type":"image\/jpeg"}],"author":"Reda\u00e7\u00e3o Folha Popular","twitter_card":"summary_large_image","twitter_misc":{"Escrito por":"Reda\u00e7\u00e3o Folha Popular","Est. tempo de leitura":"3 minutos"},"schema":{"@context":"https:\/\/schema.org","@graph":[{"@type":"Article","@id":"https:\/\/folhapopular.info\/index.php\/2025\/04\/02\/pix-balanca-impulsiona-safra-de-soja-na-cooperativa-languiru\/#article","isPartOf":{"@id":"https:\/\/folhapopular.info\/index.php\/2025\/04\/02\/pix-balanca-impulsiona-safra-de-soja-na-cooperativa-languiru\/"},"author":{"name":"Reda\u00e7\u00e3o Folha Popular","@id":"https:\/\/folhapopular.info\/#\/schema\/person\/2814e8a0df7643585a9ca38bc6eb9d4b"},"headline":"Pix Balan\u00e7a impulsiona safra de soja na Cooperativa Languiru","datePublished":"2025-04-02T13:24:14+00:00","dateModified":"2025-04-02T13:24:17+00:00","mainEntityOfPage":{"@id":"https:\/\/folhapopular.info\/index.php\/2025\/04\/02\/pix-balanca-impulsiona-safra-de-soja-na-cooperativa-languiru\/"},"wordCount":542,"commentCount":0,"image":{"@id":"https:\/\/folhapopular.info\/index.php\/2025\/04\/02\/pix-balanca-impulsiona-safra-de-soja-na-cooperativa-languiru\/#primaryimage"},"thumbnailUrl":"https:\/\/folhapopular.info\/wp-content\/uploads\/2025\/04\/agro_soja_040822_CNA_Divulgacao.jpg","keywords":["Cooperativa Languiru","Pix Balan\u00e7a","safra de soja"],"articleSection":["Economia","Rural"],"inLanguage":"pt-BR","potentialAction":[{"@type":"CommentAction","name":"Comment","target":["https:\/\/folhapopular.info\/index.php\/2025\/04\/02\/pix-balanca-impulsiona-safra-de-soja-na-cooperativa-languiru\/#respond"]}]},{"@type":"WebPage","@id":"https:\/\/folhapopular.info\/index.php\/2025\/04\/02\/pix-balanca-impulsiona-safra-de-soja-na-cooperativa-languiru\/","url":"https:\/\/folhapopular.info\/index.php\/2025\/04\/02\/pix-balanca-impulsiona-safra-de-soja-na-cooperativa-languiru\/","name":"Pix Balan\u00e7a impulsiona safra de soja na Cooperativa Languiru - Folha Popular","isPartOf":{"@id":"https:\/\/folhapopular.info\/#website"},"primaryImageOfPage":{"@id":"https:\/\/folhapopular.info\/index.php\/2025\/04\/02\/pix-balanca-impulsiona-safra-de-soja-na-cooperativa-languiru\/#primaryimage"},"image":{"@id":"https:\/\/folhapopular.info\/index.php\/2025\/04\/02\/pix-balanca-impulsiona-safra-de-soja-na-cooperativa-languiru\/#primaryimage"},"thumbnailUrl":"https:\/\/folhapopular.info\/wp-content\/uploads\/2025\/04\/agro_soja_040822_CNA_Divulgacao.jpg","datePublished":"2025-04-02T13:24:14+00:00","dateModified":"2025-04-02T13:24:17+00:00","author":{"@id":"https:\/\/folhapopular.info\/#\/schema\/person\/2814e8a0df7643585a9ca38bc6eb9d4b"},"breadcrumb":{"@id":"https:\/\/folhapopular.info\/index.php\/2025\/04\/02\/pix-balanca-impulsiona-safra-de-soja-na-cooperativa-languiru\/#breadcrumb"},"inLanguage":"pt-BR","potentialAction":[{"@type":"ReadAction","target":["https:\/\/folhapopular.info\/index.php\/2025\/04\/02\/pix-balanca-impulsiona-safra-de-soja-na-cooperativa-languiru\/"]}]},{"@type":"ImageObject","inLanguage":"pt-BR","@id":"https:\/\/folhapopular.info\/index.php\/2025\/04\/02\/pix-balanca-impulsiona-safra-de-soja-na-cooperativa-languiru\/#primaryimage","url":"https:\/\/folhapopular.info\/wp-content\/uploads\/2025\/04\/agro_soja_040822_CNA_Divulgacao.jpg","contentUrl":"https:\/\/folhapopular.info\/wp-content\/uploads\/2025\/04\/agro_soja_040822_CNA_Divulgacao.jpg","width":1500,"height":1000,"caption":"Cr\u00e9dito: Divulga\u00e7\u00e3o"},{"@type":"BreadcrumbList","@id":"https:\/\/folhapopular.info\/index.php\/2025\/04\/02\/pix-balanca-impulsiona-safra-de-soja-na-cooperativa-languiru\/#breadcrumb","itemListElement":[{"@type":"ListItem","position":1,"name":"In\u00edcio","item":"https:\/\/folhapopular.info\/"},{"@type":"ListItem","position":2,"name":"Pix Balan\u00e7a impulsiona safra de soja na Cooperativa Languiru"}]},{"@type":"WebSite","@id":"https:\/\/folhapopular.info\/#website","url":"https:\/\/folhapopular.info\/","name":"Folha Popular","description":"Onde voc\u00ea tem vez e voz","potentialAction":[{"@type":"SearchAction","target":{"@type":"EntryPoint","urlTemplate":"https:\/\/folhapopular.info\/?s={search_term_string}"},"query-input":{"@type":"PropertyValueSpecification","valueRequired":true,"valueName":"search_term_string"}}],"inLanguage":"pt-BR"},{"@type":"Person","@id":"https:\/\/folhapopular.info\/#\/schema\/person\/2814e8a0df7643585a9ca38bc6eb9d4b","name":"Reda\u00e7\u00e3o Folha Popular","image":{"@type":"ImageObject","inLanguage":"pt-BR","@id":"https:\/\/folhapopular.info\/wp-content\/uploads\/2026\/04\/Folha-1.webp","url":"https:\/\/folhapopular.info\/wp-content\/uploads\/2026\/04\/Folha-1.webp","contentUrl":"https:\/\/folhapopular.info\/wp-content\/uploads\/2026\/04\/Folha-1.webp","caption":"Reda\u00e7\u00e3o Folha Popular"},"url":"https:\/\/folhapopular.info\/index.php\/author\/redacao\/"}]}},"jetpack_featured_media_url":"https:\/\/folhapopular.info\/wp-content\/uploads\/2025\/04\/agro_soja_040822_CNA_Divulgacao.jpg","jetpack_sharing_enabled":true,"amp_enabled":true,"_links":{"self":[{"href":"https:\/\/folhapopular.info\/index.php\/wp-json\/wp\/v2\/posts\/183737","targetHints":{"allow":["GET"]}}],"collection":[{"href":"https:\/\/folhapopular.info\/index.php\/wp-json\/wp\/v2\/posts"}],"about":[{"href":"https:\/\/folhapopular.info\/index.php\/wp-json\/wp\/v2\/types\/post"}],"author":[{"embeddable":true,"href":"https:\/\/folhapopular.info\/index.php\/wp-json\/wp\/v2\/users\/8"}],"replies":[{"embeddable":true,"href":"https:\/\/folhapopular.info\/index.php\/wp-json\/wp\/v2\/comments?post=183737"}],"version-history":[{"count":0,"href":"https:\/\/folhapopular.info\/index.php\/wp-json\/wp\/v2\/posts\/183737\/revisions"}],"wp:featuredmedia":[{"embeddable":true,"href":"https:\/\/folhapopular.info\/index.php\/wp-json\/wp\/v2\/media\/183740"}],"wp:attachment":[{"href":"https:\/\/folhapopular.info\/index.php\/wp-json\/wp\/v2\/media?parent=183737"}],"wp:term":[{"taxonomy":"category","embeddable":true,"href":"https:\/\/folhapopular.info\/index.php\/wp-json\/wp\/v2\/categories?post=183737"},{"taxonomy":"post_tag","embeddable":true,"href":"https:\/\/folhapopular.info\/index.php\/wp-json\/wp\/v2\/tags?post=183737"}],"curies":[{"name":"wp","href":"https:\/\/api.w.org\/{rel}","templated":true}]}}