{"id":183817,"date":"2025-04-03T10:30:00","date_gmt":"2025-04-03T13:30:00","guid":{"rendered":"https:\/\/folhapopular.info\/?p=183817"},"modified":"2025-04-03T09:05:53","modified_gmt":"2025-04-03T12:05:53","slug":"evento-formaliza-entrega-de-sementes-para-produtores-atingidos-pelas-enchentes","status":"publish","type":"post","link":"https:\/\/folhapopular.info\/index.php\/2025\/04\/03\/evento-formaliza-entrega-de-sementes-para-produtores-atingidos-pelas-enchentes\/","title":{"rendered":"Evento formaliza entrega de sementes para produtores atingidos pelas enchentes"},"content":{"rendered":"\n<p>Na manh\u00e3 desta ter\u00e7a-feira (1\/4), foi formalizada a entrega de sementes de milho para 821 agricultores de 21 munic\u00edpios dos vales do Ca\u00ed e Taquari, afetados pelas enchentes. O evento ocorreu na Feira do Produtor de Estrela e contou com a presen\u00e7a de autoridades, incluindo o presidente da Emater\/RS, Luciano Schwerz.<\/p>\n\n\n\n<p>A iniciativa foi poss\u00edvel gra\u00e7as ao Instituto Pensar Agropecu\u00e1ria (IPA), que investiu R$ 600 mil para a compra de 1.616 sacas de sementes da Syngenta, adquiridas a pre\u00e7os abaixo do mercado. O objetivo \u00e9 auxiliar na recupera\u00e7\u00e3o da produ\u00e7\u00e3o agr\u00edcola dos afetados pelo desastre clim\u00e1tico. Em Estrela, 50 propriedades receber\u00e3o um total de 150 sacas de milho.<\/p>\n\n\n\n<figure class=\"wp-block-image size-large\"><img loading=\"lazy\" decoding=\"async\" width=\"1024\" height=\"683\" src=\"https:\/\/folhapopular.info\/wp-content\/uploads\/2025\/04\/entrega_milho_syngenta-2-1024x683.jpg\" alt=\"\" class=\"wp-image-183819\" srcset=\"https:\/\/folhapopular.info\/wp-content\/uploads\/2025\/04\/entrega_milho_syngenta-2-1024x683.jpg 1024w, https:\/\/folhapopular.info\/wp-content\/uploads\/2025\/04\/entrega_milho_syngenta-2-300x200.jpg 300w, https:\/\/folhapopular.info\/wp-content\/uploads\/2025\/04\/entrega_milho_syngenta-2-768x512.jpg 768w, https:\/\/folhapopular.info\/wp-content\/uploads\/2025\/04\/entrega_milho_syngenta-2-1536x1024.jpg 1536w, https:\/\/folhapopular.info\/wp-content\/uploads\/2025\/04\/entrega_milho_syngenta-2-2048x1365.jpg 2048w, https:\/\/folhapopular.info\/wp-content\/uploads\/2025\/04\/entrega_milho_syngenta-2-630x420.jpg 630w, https:\/\/folhapopular.info\/wp-content\/uploads\/2025\/04\/entrega_milho_syngenta-2-696x464.jpg 696w, https:\/\/folhapopular.info\/wp-content\/uploads\/2025\/04\/entrega_milho_syngenta-2-1068x712.jpg 1068w, https:\/\/folhapopular.info\/wp-content\/uploads\/2025\/04\/entrega_milho_syngenta-2-1920x1280.jpg 1920w\" sizes=\"auto, (max-width: 1024px) 100vw, 1024px\" \/><figcaption class=\"wp-element-caption\">Cr\u00e9dito: Divulga\u00e7\u00e3o \/ AI Estrela<\/figcaption><\/figure>\n\n\n\n<p>Schwerz tamb\u00e9m mencionou o lan\u00e7amento de um novo programa de recupera\u00e7\u00e3o do solo e fortalecimento da resili\u00eancia clim\u00e1tica, que ser\u00e1 lan\u00e7ado pela Secretaria de Desenvolvimento Rural (SDR) nas pr\u00f3ximas semanas.<\/p>\n\n\n\n<p>O presidente do Conselho Agropecu\u00e1rio de Estrela, Bonif\u00e1cio Schneider, refor\u00e7ou a import\u00e2ncia da ajuda, especialmente para pequenos agricultores, que enfrentam dificuldades financeiras e emocionais ap\u00f3s as perdas nas lavouras.<\/p>\n\n\n\n<p><\/p>\n","protected":false},"excerpt":{"rendered":"<p>Na manh\u00e3 desta ter\u00e7a-feira (1\/4), foi formalizada a entrega de sementes de milho para 821 agricultores de 21 munic\u00edpios dos vales do Ca\u00ed e Taquari, afetados pelas enchentes. O evento ocorreu na Feira do Produtor de Estrela e contou com a presen\u00e7a de autoridades, incluindo o presidente da Emater\/RS, Luciano Schwerz. A iniciativa foi poss\u00edvel [&hellip;]<\/p>\n","protected":false},"author":8,"featured_media":183818,"comment_status":"open","ping_status":"open","sticky":false,"template":"","format":"standard","meta":{"pmpro_default_level":"","_jetpack_memberships_contains_paid_content":false,"footnotes":""},"categories":[2,10991,10994],"tags":[206,3780,11027,6589],"class_list":{"0":"post-183817","1":"post","2":"type-post","3":"status-publish","4":"format-standard","5":"has-post-thumbnail","7":"category-featured","8":"category-economia","9":"category-rural","10":"tag-enchentes","11":"tag-feira-do-produtor-rural","12":"tag-rural","13":"tag-sementes","14":"pmpro-has-access"},"yoast_head":"<!-- This site is optimized with the Yoast SEO plugin v27.5 - https:\/\/yoast.com\/product\/yoast-seo-wordpress\/ -->\n<title>Evento formaliza entrega de sementes para produtores atingidos pelas enchentes - Folha Popular<\/title>\n<meta name=\"robots\" content=\"index, follow, max-snippet:-1, max-image-preview:large, max-video-preview:-1\" \/>\n<link rel=\"canonical\" href=\"https:\/\/folhapopular.info\/index.php\/2025\/04\/03\/evento-formaliza-entrega-de-sementes-para-produtores-atingidos-pelas-enchentes\/\" \/>\n<meta property=\"og:locale\" content=\"pt_BR\" \/>\n<meta property=\"og:type\" content=\"article\" \/>\n<meta property=\"og:title\" content=\"Evento formaliza entrega de sementes para produtores atingidos pelas enchentes - Folha Popular\" \/>\n<meta property=\"og:description\" content=\"Na manh\u00e3 desta ter\u00e7a-feira (1\/4), foi formalizada a entrega de sementes de milho para 821 agricultores de 21 munic\u00edpios dos vales do Ca\u00ed e Taquari, afetados pelas enchentes. O evento ocorreu na Feira do Produtor de Estrela e contou com a presen\u00e7a de autoridades, incluindo o presidente da Emater\/RS, Luciano Schwerz. A iniciativa foi poss\u00edvel [&hellip;]\" \/>\n<meta property=\"og:url\" content=\"https:\/\/folhapopular.info\/index.php\/2025\/04\/03\/evento-formaliza-entrega-de-sementes-para-produtores-atingidos-pelas-enchentes\/\" \/>\n<meta property=\"og:site_name\" content=\"Folha Popular\" \/>\n<meta property=\"article:published_time\" content=\"2025-04-03T13:30:00+00:00\" \/>\n<meta property=\"og:image\" content=\"https:\/\/folhapopular.info\/wp-content\/uploads\/2025\/04\/entrega_milho_syngenta-8-1-scaled.jpg\" \/>\n\t<meta property=\"og:image:width\" content=\"2560\" \/>\n\t<meta property=\"og:image:height\" content=\"1706\" \/>\n\t<meta property=\"og:image:type\" content=\"image\/jpeg\" \/>\n<meta name=\"author\" content=\"Reda\u00e7\u00e3o Folha Popular\" \/>\n<meta name=\"twitter:card\" content=\"summary_large_image\" \/>\n<meta name=\"twitter:label1\" content=\"Escrito por\" \/>\n\t<meta name=\"twitter:data1\" content=\"Reda\u00e7\u00e3o Folha Popular\" \/>\n\t<meta name=\"twitter:label2\" content=\"Est. tempo de leitura\" \/>\n\t<meta name=\"twitter:data2\" content=\"2 minutos\" \/>\n<script type=\"application\/ld+json\" class=\"yoast-schema-graph\">{\"@context\":\"https:\\\/\\\/schema.org\",\"@graph\":[{\"@type\":\"Article\",\"@id\":\"https:\\\/\\\/folhapopular.info\\\/index.php\\\/2025\\\/04\\\/03\\\/evento-formaliza-entrega-de-sementes-para-produtores-atingidos-pelas-enchentes\\\/#article\",\"isPartOf\":{\"@id\":\"https:\\\/\\\/folhapopular.info\\\/index.php\\\/2025\\\/04\\\/03\\\/evento-formaliza-entrega-de-sementes-para-produtores-atingidos-pelas-enchentes\\\/\"},\"author\":{\"name\":\"Reda\u00e7\u00e3o Folha Popular\",\"@id\":\"https:\\\/\\\/folhapopular.info\\\/#\\\/schema\\\/person\\\/2814e8a0df7643585a9ca38bc6eb9d4b\"},\"headline\":\"Evento formaliza entrega de sementes para produtores atingidos pelas enchentes\",\"datePublished\":\"2025-04-03T13:30:00+00:00\",\"mainEntityOfPage\":{\"@id\":\"https:\\\/\\\/folhapopular.info\\\/index.php\\\/2025\\\/04\\\/03\\\/evento-formaliza-entrega-de-sementes-para-produtores-atingidos-pelas-enchentes\\\/\"},\"wordCount\":200,\"commentCount\":0,\"image\":{\"@id\":\"https:\\\/\\\/folhapopular.info\\\/index.php\\\/2025\\\/04\\\/03\\\/evento-formaliza-entrega-de-sementes-para-produtores-atingidos-pelas-enchentes\\\/#primaryimage\"},\"thumbnailUrl\":\"https:\\\/\\\/folhapopular.info\\\/wp-content\\\/uploads\\\/2025\\\/04\\\/entrega_milho_syngenta-8-1-scaled.jpg\",\"keywords\":[\"Enchentes\",\"Feira do Produtor Rural\",\"rural\",\"Sementes\"],\"articleSection\":[\"Destaques\",\"Economia\",\"Rural\"],\"inLanguage\":\"pt-BR\",\"potentialAction\":[{\"@type\":\"CommentAction\",\"name\":\"Comment\",\"target\":[\"https:\\\/\\\/folhapopular.info\\\/index.php\\\/2025\\\/04\\\/03\\\/evento-formaliza-entrega-de-sementes-para-produtores-atingidos-pelas-enchentes\\\/#respond\"]}]},{\"@type\":\"WebPage\",\"@id\":\"https:\\\/\\\/folhapopular.info\\\/index.php\\\/2025\\\/04\\\/03\\\/evento-formaliza-entrega-de-sementes-para-produtores-atingidos-pelas-enchentes\\\/\",\"url\":\"https:\\\/\\\/folhapopular.info\\\/index.php\\\/2025\\\/04\\\/03\\\/evento-formaliza-entrega-de-sementes-para-produtores-atingidos-pelas-enchentes\\\/\",\"name\":\"Evento formaliza entrega de sementes para produtores atingidos pelas enchentes - Folha Popular\",\"isPartOf\":{\"@id\":\"https:\\\/\\\/folhapopular.info\\\/#website\"},\"primaryImageOfPage\":{\"@id\":\"https:\\\/\\\/folhapopular.info\\\/index.php\\\/2025\\\/04\\\/03\\\/evento-formaliza-entrega-de-sementes-para-produtores-atingidos-pelas-enchentes\\\/#primaryimage\"},\"image\":{\"@id\":\"https:\\\/\\\/folhapopular.info\\\/index.php\\\/2025\\\/04\\\/03\\\/evento-formaliza-entrega-de-sementes-para-produtores-atingidos-pelas-enchentes\\\/#primaryimage\"},\"thumbnailUrl\":\"https:\\\/\\\/folhapopular.info\\\/wp-content\\\/uploads\\\/2025\\\/04\\\/entrega_milho_syngenta-8-1-scaled.jpg\",\"datePublished\":\"2025-04-03T13:30:00+00:00\",\"author\":{\"@id\":\"https:\\\/\\\/folhapopular.info\\\/#\\\/schema\\\/person\\\/2814e8a0df7643585a9ca38bc6eb9d4b\"},\"breadcrumb\":{\"@id\":\"https:\\\/\\\/folhapopular.info\\\/index.php\\\/2025\\\/04\\\/03\\\/evento-formaliza-entrega-de-sementes-para-produtores-atingidos-pelas-enchentes\\\/#breadcrumb\"},\"inLanguage\":\"pt-BR\",\"potentialAction\":[{\"@type\":\"ReadAction\",\"target\":[\"https:\\\/\\\/folhapopular.info\\\/index.php\\\/2025\\\/04\\\/03\\\/evento-formaliza-entrega-de-sementes-para-produtores-atingidos-pelas-enchentes\\\/\"]}]},{\"@type\":\"ImageObject\",\"inLanguage\":\"pt-BR\",\"@id\":\"https:\\\/\\\/folhapopular.info\\\/index.php\\\/2025\\\/04\\\/03\\\/evento-formaliza-entrega-de-sementes-para-produtores-atingidos-pelas-enchentes\\\/#primaryimage\",\"url\":\"https:\\\/\\\/folhapopular.info\\\/wp-content\\\/uploads\\\/2025\\\/04\\\/entrega_milho_syngenta-8-1-scaled.jpg\",\"contentUrl\":\"https:\\\/\\\/folhapopular.info\\\/wp-content\\\/uploads\\\/2025\\\/04\\\/entrega_milho_syngenta-8-1-scaled.jpg\",\"width\":2560,\"height\":1706,\"caption\":\"Cr\u00e9dito: Divulga\u00e7\u00e3o \\\/ AI Estrela\"},{\"@type\":\"BreadcrumbList\",\"@id\":\"https:\\\/\\\/folhapopular.info\\\/index.php\\\/2025\\\/04\\\/03\\\/evento-formaliza-entrega-de-sementes-para-produtores-atingidos-pelas-enchentes\\\/#breadcrumb\",\"itemListElement\":[{\"@type\":\"ListItem\",\"position\":1,\"name\":\"In\u00edcio\",\"item\":\"https:\\\/\\\/folhapopular.info\\\/\"},{\"@type\":\"ListItem\",\"position\":2,\"name\":\"Evento formaliza entrega de sementes para produtores atingidos pelas enchentes\"}]},{\"@type\":\"WebSite\",\"@id\":\"https:\\\/\\\/folhapopular.info\\\/#website\",\"url\":\"https:\\\/\\\/folhapopular.info\\\/\",\"name\":\"Folha Popular\",\"description\":\"Onde voc\u00ea tem vez e voz\",\"potentialAction\":[{\"@type\":\"SearchAction\",\"target\":{\"@type\":\"EntryPoint\",\"urlTemplate\":\"https:\\\/\\\/folhapopular.info\\\/?s={search_term_string}\"},\"query-input\":{\"@type\":\"PropertyValueSpecification\",\"valueRequired\":true,\"valueName\":\"search_term_string\"}}],\"inLanguage\":\"pt-BR\"},{\"@type\":\"Person\",\"@id\":\"https:\\\/\\\/folhapopular.info\\\/#\\\/schema\\\/person\\\/2814e8a0df7643585a9ca38bc6eb9d4b\",\"name\":\"Reda\u00e7\u00e3o Folha Popular\",\"image\":{\"@type\":\"ImageObject\",\"inLanguage\":\"pt-BR\",\"@id\":\"https:\\\/\\\/folhapopular.info\\\/wp-content\\\/uploads\\\/2026\\\/04\\\/Folha-1.webp\",\"url\":\"https:\\\/\\\/folhapopular.info\\\/wp-content\\\/uploads\\\/2026\\\/04\\\/Folha-1.webp\",\"contentUrl\":\"https:\\\/\\\/folhapopular.info\\\/wp-content\\\/uploads\\\/2026\\\/04\\\/Folha-1.webp\",\"caption\":\"Reda\u00e7\u00e3o Folha Popular\"},\"url\":\"https:\\\/\\\/folhapopular.info\\\/index.php\\\/author\\\/redacao\\\/\"}]}<\/script>\n<!-- \/ Yoast SEO plugin. -->","yoast_head_json":{"title":"Evento formaliza entrega de sementes para produtores atingidos pelas enchentes - Folha Popular","robots":{"index":"index","follow":"follow","max-snippet":"max-snippet:-1","max-image-preview":"max-image-preview:large","max-video-preview":"max-video-preview:-1"},"canonical":"https:\/\/folhapopular.info\/index.php\/2025\/04\/03\/evento-formaliza-entrega-de-sementes-para-produtores-atingidos-pelas-enchentes\/","og_locale":"pt_BR","og_type":"article","og_title":"Evento formaliza entrega de sementes para produtores atingidos pelas enchentes - Folha Popular","og_description":"Na manh\u00e3 desta ter\u00e7a-feira (1\/4), foi formalizada a entrega de sementes de milho para 821 agricultores de 21 munic\u00edpios dos vales do Ca\u00ed e Taquari, afetados pelas enchentes. O evento ocorreu na Feira do Produtor de Estrela e contou com a presen\u00e7a de autoridades, incluindo o presidente da Emater\/RS, Luciano Schwerz. A iniciativa foi poss\u00edvel [&hellip;]","og_url":"https:\/\/folhapopular.info\/index.php\/2025\/04\/03\/evento-formaliza-entrega-de-sementes-para-produtores-atingidos-pelas-enchentes\/","og_site_name":"Folha Popular","article_published_time":"2025-04-03T13:30:00+00:00","og_image":[{"width":2560,"height":1706,"url":"https:\/\/folhapopular.info\/wp-content\/uploads\/2025\/04\/entrega_milho_syngenta-8-1-scaled.jpg","type":"image\/jpeg"}],"author":"Reda\u00e7\u00e3o Folha Popular","twitter_card":"summary_large_image","twitter_misc":{"Escrito por":"Reda\u00e7\u00e3o Folha Popular","Est. tempo de leitura":"2 minutos"},"schema":{"@context":"https:\/\/schema.org","@graph":[{"@type":"Article","@id":"https:\/\/folhapopular.info\/index.php\/2025\/04\/03\/evento-formaliza-entrega-de-sementes-para-produtores-atingidos-pelas-enchentes\/#article","isPartOf":{"@id":"https:\/\/folhapopular.info\/index.php\/2025\/04\/03\/evento-formaliza-entrega-de-sementes-para-produtores-atingidos-pelas-enchentes\/"},"author":{"name":"Reda\u00e7\u00e3o Folha Popular","@id":"https:\/\/folhapopular.info\/#\/schema\/person\/2814e8a0df7643585a9ca38bc6eb9d4b"},"headline":"Evento formaliza entrega de sementes para produtores atingidos pelas enchentes","datePublished":"2025-04-03T13:30:00+00:00","mainEntityOfPage":{"@id":"https:\/\/folhapopular.info\/index.php\/2025\/04\/03\/evento-formaliza-entrega-de-sementes-para-produtores-atingidos-pelas-enchentes\/"},"wordCount":200,"commentCount":0,"image":{"@id":"https:\/\/folhapopular.info\/index.php\/2025\/04\/03\/evento-formaliza-entrega-de-sementes-para-produtores-atingidos-pelas-enchentes\/#primaryimage"},"thumbnailUrl":"https:\/\/folhapopular.info\/wp-content\/uploads\/2025\/04\/entrega_milho_syngenta-8-1-scaled.jpg","keywords":["Enchentes","Feira do Produtor Rural","rural","Sementes"],"articleSection":["Destaques","Economia","Rural"],"inLanguage":"pt-BR","potentialAction":[{"@type":"CommentAction","name":"Comment","target":["https:\/\/folhapopular.info\/index.php\/2025\/04\/03\/evento-formaliza-entrega-de-sementes-para-produtores-atingidos-pelas-enchentes\/#respond"]}]},{"@type":"WebPage","@id":"https:\/\/folhapopular.info\/index.php\/2025\/04\/03\/evento-formaliza-entrega-de-sementes-para-produtores-atingidos-pelas-enchentes\/","url":"https:\/\/folhapopular.info\/index.php\/2025\/04\/03\/evento-formaliza-entrega-de-sementes-para-produtores-atingidos-pelas-enchentes\/","name":"Evento formaliza entrega de sementes para produtores atingidos pelas enchentes - Folha Popular","isPartOf":{"@id":"https:\/\/folhapopular.info\/#website"},"primaryImageOfPage":{"@id":"https:\/\/folhapopular.info\/index.php\/2025\/04\/03\/evento-formaliza-entrega-de-sementes-para-produtores-atingidos-pelas-enchentes\/#primaryimage"},"image":{"@id":"https:\/\/folhapopular.info\/index.php\/2025\/04\/03\/evento-formaliza-entrega-de-sementes-para-produtores-atingidos-pelas-enchentes\/#primaryimage"},"thumbnailUrl":"https:\/\/folhapopular.info\/wp-content\/uploads\/2025\/04\/entrega_milho_syngenta-8-1-scaled.jpg","datePublished":"2025-04-03T13:30:00+00:00","author":{"@id":"https:\/\/folhapopular.info\/#\/schema\/person\/2814e8a0df7643585a9ca38bc6eb9d4b"},"breadcrumb":{"@id":"https:\/\/folhapopular.info\/index.php\/2025\/04\/03\/evento-formaliza-entrega-de-sementes-para-produtores-atingidos-pelas-enchentes\/#breadcrumb"},"inLanguage":"pt-BR","potentialAction":[{"@type":"ReadAction","target":["https:\/\/folhapopular.info\/index.php\/2025\/04\/03\/evento-formaliza-entrega-de-sementes-para-produtores-atingidos-pelas-enchentes\/"]}]},{"@type":"ImageObject","inLanguage":"pt-BR","@id":"https:\/\/folhapopular.info\/index.php\/2025\/04\/03\/evento-formaliza-entrega-de-sementes-para-produtores-atingidos-pelas-enchentes\/#primaryimage","url":"https:\/\/folhapopular.info\/wp-content\/uploads\/2025\/04\/entrega_milho_syngenta-8-1-scaled.jpg","contentUrl":"https:\/\/folhapopular.info\/wp-content\/uploads\/2025\/04\/entrega_milho_syngenta-8-1-scaled.jpg","width":2560,"height":1706,"caption":"Cr\u00e9dito: Divulga\u00e7\u00e3o \/ AI Estrela"},{"@type":"BreadcrumbList","@id":"https:\/\/folhapopular.info\/index.php\/2025\/04\/03\/evento-formaliza-entrega-de-sementes-para-produtores-atingidos-pelas-enchentes\/#breadcrumb","itemListElement":[{"@type":"ListItem","position":1,"name":"In\u00edcio","item":"https:\/\/folhapopular.info\/"},{"@type":"ListItem","position":2,"name":"Evento formaliza entrega de sementes para produtores atingidos pelas enchentes"}]},{"@type":"WebSite","@id":"https:\/\/folhapopular.info\/#website","url":"https:\/\/folhapopular.info\/","name":"Folha Popular","description":"Onde voc\u00ea tem vez e voz","potentialAction":[{"@type":"SearchAction","target":{"@type":"EntryPoint","urlTemplate":"https:\/\/folhapopular.info\/?s={search_term_string}"},"query-input":{"@type":"PropertyValueSpecification","valueRequired":true,"valueName":"search_term_string"}}],"inLanguage":"pt-BR"},{"@type":"Person","@id":"https:\/\/folhapopular.info\/#\/schema\/person\/2814e8a0df7643585a9ca38bc6eb9d4b","name":"Reda\u00e7\u00e3o Folha Popular","image":{"@type":"ImageObject","inLanguage":"pt-BR","@id":"https:\/\/folhapopular.info\/wp-content\/uploads\/2026\/04\/Folha-1.webp","url":"https:\/\/folhapopular.info\/wp-content\/uploads\/2026\/04\/Folha-1.webp","contentUrl":"https:\/\/folhapopular.info\/wp-content\/uploads\/2026\/04\/Folha-1.webp","caption":"Reda\u00e7\u00e3o Folha Popular"},"url":"https:\/\/folhapopular.info\/index.php\/author\/redacao\/"}]}},"jetpack_featured_media_url":"https:\/\/folhapopular.info\/wp-content\/uploads\/2025\/04\/entrega_milho_syngenta-8-1-scaled.jpg","jetpack_sharing_enabled":true,"amp_enabled":true,"_links":{"self":[{"href":"https:\/\/folhapopular.info\/index.php\/wp-json\/wp\/v2\/posts\/183817","targetHints":{"allow":["GET"]}}],"collection":[{"href":"https:\/\/folhapopular.info\/index.php\/wp-json\/wp\/v2\/posts"}],"about":[{"href":"https:\/\/folhapopular.info\/index.php\/wp-json\/wp\/v2\/types\/post"}],"author":[{"embeddable":true,"href":"https:\/\/folhapopular.info\/index.php\/wp-json\/wp\/v2\/users\/8"}],"replies":[{"embeddable":true,"href":"https:\/\/folhapopular.info\/index.php\/wp-json\/wp\/v2\/comments?post=183817"}],"version-history":[{"count":0,"href":"https:\/\/folhapopular.info\/index.php\/wp-json\/wp\/v2\/posts\/183817\/revisions"}],"wp:featuredmedia":[{"embeddable":true,"href":"https:\/\/folhapopular.info\/index.php\/wp-json\/wp\/v2\/media\/183818"}],"wp:attachment":[{"href":"https:\/\/folhapopular.info\/index.php\/wp-json\/wp\/v2\/media?parent=183817"}],"wp:term":[{"taxonomy":"category","embeddable":true,"href":"https:\/\/folhapopular.info\/index.php\/wp-json\/wp\/v2\/categories?post=183817"},{"taxonomy":"post_tag","embeddable":true,"href":"https:\/\/folhapopular.info\/index.php\/wp-json\/wp\/v2\/tags?post=183817"}],"curies":[{"name":"wp","href":"https:\/\/api.w.org\/{rel}","templated":true}]}}