{"id":184225,"date":"2025-04-08T11:00:00","date_gmt":"2025-04-08T14:00:00","guid":{"rendered":"https:\/\/folhapopular.info\/?p=184225"},"modified":"2025-04-08T09:41:32","modified_gmt":"2025-04-08T12:41:32","slug":"governo-do-rs-contrata-tres-radares-para-monitorar-e-prever-condicoes-climaticas","status":"publish","type":"post","link":"https:\/\/folhapopular.info\/index.php\/2025\/04\/08\/governo-do-rs-contrata-tres-radares-para-monitorar-e-prever-condicoes-climaticas\/","title":{"rendered":"Governo do RS contrata tr\u00eas radares para monitorar e prever condi\u00e7\u00f5es clim\u00e1ticas"},"content":{"rendered":"\n<p>Os novos radares ser\u00e3o instalados, conforme estudos t\u00e9cnicos, nas regi\u00f5es Oeste, Serra e Sul do Estado, abrangendo toda a \u00e1rea do Rio Grande do Sul. O objetivo dessa contrata\u00e7\u00e3o \u00e9 aprimorar a presta\u00e7\u00e3o de servi\u00e7os de monitoramento meteorol\u00f3gico e geol\u00f3gico, com a aquisi\u00e7\u00e3o de tr\u00eas radares equipados com tecnologia de Banda \u201cS\u201d, espec\u00edficos para o monitoramento do territ\u00f3rio ga\u00facho.<\/p>\n\n\n\n<p>Essa iniciativa est\u00e1 alinhada \u00e0 Pol\u00edtica Estadual de Prote\u00e7\u00e3o e Defesa Civil e tem como finalidade fortalecer o sistema estadual de Defesa Civil, melhorando a gest\u00e3o de riscos e desastres no Estado. O edital ser\u00e1 realizado na modalidade preg\u00e3o eletr\u00f4nico, e a abertura das propostas ocorrer\u00e1 no dia 24 deste m\u00eas, a partir das 9h. O crit\u00e9rio de julgamento ser\u00e1 o menor pre\u00e7o.<\/p>\n\n\n\n<p><strong>Projetos<\/strong><\/p>\n\n\n\n<p>Dentro desse contexto de prepara\u00e7\u00e3o para atuar com mais efic\u00e1cia em crises meteorol\u00f3gicas, est\u00e3o em andamento iniciativas como o Mapeamento Topogr\u00e1fico, Levantamento Batim\u00e9trico, Esta\u00e7\u00f5es Hidrometeorol\u00f3gicas, Modelagem Hidrodin\u00e2mica e o Centro Estadual de Gest\u00e3o Integrada de Riscos e Desastres. Todos esses projetos est\u00e3o em fase de execu\u00e7\u00e3o, contribuindo para um sistema de monitoramento e resposta mais eficiente.<\/p>\n","protected":false},"excerpt":{"rendered":"<p>Os novos radares ser\u00e3o instalados, conforme estudos t\u00e9cnicos, nas regi\u00f5es Oeste, Serra e Sul do Estado, abrangendo toda a \u00e1rea do Rio Grande do Sul. O objetivo dessa contrata\u00e7\u00e3o \u00e9 aprimorar a presta\u00e7\u00e3o de servi\u00e7os de monitoramento meteorol\u00f3gico e geol\u00f3gico, com a aquisi\u00e7\u00e3o de tr\u00eas radares equipados com tecnologia de Banda \u201cS\u201d, espec\u00edficos para o [&hellip;]<\/p>\n","protected":false},"author":8,"featured_media":117221,"comment_status":"open","ping_status":"open","sticky":false,"template":"","format":"standard","meta":{"pmpro_default_level":"","_jetpack_memberships_contains_paid_content":false,"footnotes":""},"categories":[12655,2,3],"tags":[4784,5407,2429,1794],"class_list":{"0":"post-184225","1":"post","2":"type-post","3":"status-publish","4":"format-standard","5":"has-post-thumbnail","7":"category-clima","8":"category-featured","9":"category-geral","10":"tag-clima","11":"tag-governo","12":"tag-radar","13":"tag-rio-grande-do-sul","14":"pmpro-has-access"},"yoast_head":"<!-- This site is optimized with the Yoast SEO plugin v27.5 - https:\/\/yoast.com\/product\/yoast-seo-wordpress\/ -->\n<title>Governo do RS contrata tr\u00eas radares para monitorar e prever condi\u00e7\u00f5es clim\u00e1ticas - Folha Popular<\/title>\n<meta name=\"robots\" content=\"index, follow, max-snippet:-1, max-image-preview:large, max-video-preview:-1\" \/>\n<link rel=\"canonical\" href=\"https:\/\/folhapopular.info\/index.php\/2025\/04\/08\/governo-do-rs-contrata-tres-radares-para-monitorar-e-prever-condicoes-climaticas\/\" \/>\n<meta property=\"og:locale\" content=\"pt_BR\" \/>\n<meta property=\"og:type\" content=\"article\" \/>\n<meta property=\"og:title\" content=\"Governo do RS contrata tr\u00eas radares para monitorar e prever condi\u00e7\u00f5es clim\u00e1ticas - Folha Popular\" \/>\n<meta property=\"og:description\" content=\"Os novos radares ser\u00e3o instalados, conforme estudos t\u00e9cnicos, nas regi\u00f5es Oeste, Serra e Sul do Estado, abrangendo toda a \u00e1rea do Rio Grande do Sul. O objetivo dessa contrata\u00e7\u00e3o \u00e9 aprimorar a presta\u00e7\u00e3o de servi\u00e7os de monitoramento meteorol\u00f3gico e geol\u00f3gico, com a aquisi\u00e7\u00e3o de tr\u00eas radares equipados com tecnologia de Banda \u201cS\u201d, espec\u00edficos para o [&hellip;]\" \/>\n<meta property=\"og:url\" content=\"https:\/\/folhapopular.info\/index.php\/2025\/04\/08\/governo-do-rs-contrata-tres-radares-para-monitorar-e-prever-condicoes-climaticas\/\" \/>\n<meta property=\"og:site_name\" content=\"Folha Popular\" \/>\n<meta property=\"article:published_time\" content=\"2025-04-08T14:00:00+00:00\" \/>\n<meta property=\"og:image\" content=\"https:\/\/folhapopular.info\/wp-content\/uploads\/2022\/12\/Dicas-para-proteger-sua-casa-durante-as-chuvas-de-verao.jpg\" \/>\n\t<meta property=\"og:image:width\" content=\"1920\" \/>\n\t<meta property=\"og:image:height\" content=\"1080\" \/>\n\t<meta property=\"og:image:type\" content=\"image\/jpeg\" \/>\n<meta name=\"author\" content=\"Reda\u00e7\u00e3o Folha Popular\" \/>\n<meta name=\"twitter:card\" content=\"summary_large_image\" \/>\n<meta name=\"twitter:label1\" content=\"Escrito por\" \/>\n\t<meta name=\"twitter:data1\" content=\"Reda\u00e7\u00e3o Folha Popular\" \/>\n\t<meta name=\"twitter:label2\" content=\"Est. tempo de leitura\" \/>\n\t<meta name=\"twitter:data2\" content=\"2 minutos\" \/>\n<script type=\"application\/ld+json\" class=\"yoast-schema-graph\">{\"@context\":\"https:\\\/\\\/schema.org\",\"@graph\":[{\"@type\":\"Article\",\"@id\":\"https:\\\/\\\/folhapopular.info\\\/index.php\\\/2025\\\/04\\\/08\\\/governo-do-rs-contrata-tres-radares-para-monitorar-e-prever-condicoes-climaticas\\\/#article\",\"isPartOf\":{\"@id\":\"https:\\\/\\\/folhapopular.info\\\/index.php\\\/2025\\\/04\\\/08\\\/governo-do-rs-contrata-tres-radares-para-monitorar-e-prever-condicoes-climaticas\\\/\"},\"author\":{\"name\":\"Reda\u00e7\u00e3o Folha Popular\",\"@id\":\"https:\\\/\\\/folhapopular.info\\\/#\\\/schema\\\/person\\\/2814e8a0df7643585a9ca38bc6eb9d4b\"},\"headline\":\"Governo do RS contrata tr\u00eas radares para monitorar e prever condi\u00e7\u00f5es clim\u00e1ticas\",\"datePublished\":\"2025-04-08T14:00:00+00:00\",\"mainEntityOfPage\":{\"@id\":\"https:\\\/\\\/folhapopular.info\\\/index.php\\\/2025\\\/04\\\/08\\\/governo-do-rs-contrata-tres-radares-para-monitorar-e-prever-condicoes-climaticas\\\/\"},\"wordCount\":224,\"commentCount\":0,\"image\":{\"@id\":\"https:\\\/\\\/folhapopular.info\\\/index.php\\\/2025\\\/04\\\/08\\\/governo-do-rs-contrata-tres-radares-para-monitorar-e-prever-condicoes-climaticas\\\/#primaryimage\"},\"thumbnailUrl\":\"https:\\\/\\\/folhapopular.info\\\/wp-content\\\/uploads\\\/2022\\\/12\\\/Dicas-para-proteger-sua-casa-durante-as-chuvas-de-verao.jpg\",\"keywords\":[\"clima\",\"Governo\",\"radar\",\"Rio Grande do Sul\"],\"articleSection\":[\"Clima\",\"Destaques\",\"Geral\"],\"inLanguage\":\"pt-BR\",\"potentialAction\":[{\"@type\":\"CommentAction\",\"name\":\"Comment\",\"target\":[\"https:\\\/\\\/folhapopular.info\\\/index.php\\\/2025\\\/04\\\/08\\\/governo-do-rs-contrata-tres-radares-para-monitorar-e-prever-condicoes-climaticas\\\/#respond\"]}]},{\"@type\":\"WebPage\",\"@id\":\"https:\\\/\\\/folhapopular.info\\\/index.php\\\/2025\\\/04\\\/08\\\/governo-do-rs-contrata-tres-radares-para-monitorar-e-prever-condicoes-climaticas\\\/\",\"url\":\"https:\\\/\\\/folhapopular.info\\\/index.php\\\/2025\\\/04\\\/08\\\/governo-do-rs-contrata-tres-radares-para-monitorar-e-prever-condicoes-climaticas\\\/\",\"name\":\"Governo do RS contrata tr\u00eas radares para monitorar e prever condi\u00e7\u00f5es clim\u00e1ticas - Folha Popular\",\"isPartOf\":{\"@id\":\"https:\\\/\\\/folhapopular.info\\\/#website\"},\"primaryImageOfPage\":{\"@id\":\"https:\\\/\\\/folhapopular.info\\\/index.php\\\/2025\\\/04\\\/08\\\/governo-do-rs-contrata-tres-radares-para-monitorar-e-prever-condicoes-climaticas\\\/#primaryimage\"},\"image\":{\"@id\":\"https:\\\/\\\/folhapopular.info\\\/index.php\\\/2025\\\/04\\\/08\\\/governo-do-rs-contrata-tres-radares-para-monitorar-e-prever-condicoes-climaticas\\\/#primaryimage\"},\"thumbnailUrl\":\"https:\\\/\\\/folhapopular.info\\\/wp-content\\\/uploads\\\/2022\\\/12\\\/Dicas-para-proteger-sua-casa-durante-as-chuvas-de-verao.jpg\",\"datePublished\":\"2025-04-08T14:00:00+00:00\",\"author\":{\"@id\":\"https:\\\/\\\/folhapopular.info\\\/#\\\/schema\\\/person\\\/2814e8a0df7643585a9ca38bc6eb9d4b\"},\"breadcrumb\":{\"@id\":\"https:\\\/\\\/folhapopular.info\\\/index.php\\\/2025\\\/04\\\/08\\\/governo-do-rs-contrata-tres-radares-para-monitorar-e-prever-condicoes-climaticas\\\/#breadcrumb\"},\"inLanguage\":\"pt-BR\",\"potentialAction\":[{\"@type\":\"ReadAction\",\"target\":[\"https:\\\/\\\/folhapopular.info\\\/index.php\\\/2025\\\/04\\\/08\\\/governo-do-rs-contrata-tres-radares-para-monitorar-e-prever-condicoes-climaticas\\\/\"]}]},{\"@type\":\"ImageObject\",\"inLanguage\":\"pt-BR\",\"@id\":\"https:\\\/\\\/folhapopular.info\\\/index.php\\\/2025\\\/04\\\/08\\\/governo-do-rs-contrata-tres-radares-para-monitorar-e-prever-condicoes-climaticas\\\/#primaryimage\",\"url\":\"https:\\\/\\\/folhapopular.info\\\/wp-content\\\/uploads\\\/2022\\\/12\\\/Dicas-para-proteger-sua-casa-durante-as-chuvas-de-verao.jpg\",\"contentUrl\":\"https:\\\/\\\/folhapopular.info\\\/wp-content\\\/uploads\\\/2022\\\/12\\\/Dicas-para-proteger-sua-casa-durante-as-chuvas-de-verao.jpg\",\"width\":1920,\"height\":1080,\"caption\":\"Cr\u00e9dito: Divulga\u00e7\u00e3o\"},{\"@type\":\"BreadcrumbList\",\"@id\":\"https:\\\/\\\/folhapopular.info\\\/index.php\\\/2025\\\/04\\\/08\\\/governo-do-rs-contrata-tres-radares-para-monitorar-e-prever-condicoes-climaticas\\\/#breadcrumb\",\"itemListElement\":[{\"@type\":\"ListItem\",\"position\":1,\"name\":\"In\u00edcio\",\"item\":\"https:\\\/\\\/folhapopular.info\\\/\"},{\"@type\":\"ListItem\",\"position\":2,\"name\":\"Governo do RS contrata tr\u00eas radares para monitorar e prever condi\u00e7\u00f5es clim\u00e1ticas\"}]},{\"@type\":\"WebSite\",\"@id\":\"https:\\\/\\\/folhapopular.info\\\/#website\",\"url\":\"https:\\\/\\\/folhapopular.info\\\/\",\"name\":\"Folha Popular\",\"description\":\"Onde voc\u00ea tem vez e voz\",\"potentialAction\":[{\"@type\":\"SearchAction\",\"target\":{\"@type\":\"EntryPoint\",\"urlTemplate\":\"https:\\\/\\\/folhapopular.info\\\/?s={search_term_string}\"},\"query-input\":{\"@type\":\"PropertyValueSpecification\",\"valueRequired\":true,\"valueName\":\"search_term_string\"}}],\"inLanguage\":\"pt-BR\"},{\"@type\":\"Person\",\"@id\":\"https:\\\/\\\/folhapopular.info\\\/#\\\/schema\\\/person\\\/2814e8a0df7643585a9ca38bc6eb9d4b\",\"name\":\"Reda\u00e7\u00e3o Folha Popular\",\"image\":{\"@type\":\"ImageObject\",\"inLanguage\":\"pt-BR\",\"@id\":\"https:\\\/\\\/folhapopular.info\\\/wp-content\\\/uploads\\\/2026\\\/04\\\/Folha-1.webp\",\"url\":\"https:\\\/\\\/folhapopular.info\\\/wp-content\\\/uploads\\\/2026\\\/04\\\/Folha-1.webp\",\"contentUrl\":\"https:\\\/\\\/folhapopular.info\\\/wp-content\\\/uploads\\\/2026\\\/04\\\/Folha-1.webp\",\"caption\":\"Reda\u00e7\u00e3o Folha Popular\"},\"url\":\"https:\\\/\\\/folhapopular.info\\\/index.php\\\/author\\\/redacao\\\/\"}]}<\/script>\n<!-- \/ Yoast SEO plugin. -->","yoast_head_json":{"title":"Governo do RS contrata tr\u00eas radares para monitorar e prever condi\u00e7\u00f5es clim\u00e1ticas - Folha Popular","robots":{"index":"index","follow":"follow","max-snippet":"max-snippet:-1","max-image-preview":"max-image-preview:large","max-video-preview":"max-video-preview:-1"},"canonical":"https:\/\/folhapopular.info\/index.php\/2025\/04\/08\/governo-do-rs-contrata-tres-radares-para-monitorar-e-prever-condicoes-climaticas\/","og_locale":"pt_BR","og_type":"article","og_title":"Governo do RS contrata tr\u00eas radares para monitorar e prever condi\u00e7\u00f5es clim\u00e1ticas - Folha Popular","og_description":"Os novos radares ser\u00e3o instalados, conforme estudos t\u00e9cnicos, nas regi\u00f5es Oeste, Serra e Sul do Estado, abrangendo toda a \u00e1rea do Rio Grande do Sul. O objetivo dessa contrata\u00e7\u00e3o \u00e9 aprimorar a presta\u00e7\u00e3o de servi\u00e7os de monitoramento meteorol\u00f3gico e geol\u00f3gico, com a aquisi\u00e7\u00e3o de tr\u00eas radares equipados com tecnologia de Banda \u201cS\u201d, espec\u00edficos para o [&hellip;]","og_url":"https:\/\/folhapopular.info\/index.php\/2025\/04\/08\/governo-do-rs-contrata-tres-radares-para-monitorar-e-prever-condicoes-climaticas\/","og_site_name":"Folha Popular","article_published_time":"2025-04-08T14:00:00+00:00","og_image":[{"width":1920,"height":1080,"url":"https:\/\/folhapopular.info\/wp-content\/uploads\/2022\/12\/Dicas-para-proteger-sua-casa-durante-as-chuvas-de-verao.jpg","type":"image\/jpeg"}],"author":"Reda\u00e7\u00e3o Folha Popular","twitter_card":"summary_large_image","twitter_misc":{"Escrito por":"Reda\u00e7\u00e3o Folha Popular","Est. tempo de leitura":"2 minutos"},"schema":{"@context":"https:\/\/schema.org","@graph":[{"@type":"Article","@id":"https:\/\/folhapopular.info\/index.php\/2025\/04\/08\/governo-do-rs-contrata-tres-radares-para-monitorar-e-prever-condicoes-climaticas\/#article","isPartOf":{"@id":"https:\/\/folhapopular.info\/index.php\/2025\/04\/08\/governo-do-rs-contrata-tres-radares-para-monitorar-e-prever-condicoes-climaticas\/"},"author":{"name":"Reda\u00e7\u00e3o Folha Popular","@id":"https:\/\/folhapopular.info\/#\/schema\/person\/2814e8a0df7643585a9ca38bc6eb9d4b"},"headline":"Governo do RS contrata tr\u00eas radares para monitorar e prever condi\u00e7\u00f5es clim\u00e1ticas","datePublished":"2025-04-08T14:00:00+00:00","mainEntityOfPage":{"@id":"https:\/\/folhapopular.info\/index.php\/2025\/04\/08\/governo-do-rs-contrata-tres-radares-para-monitorar-e-prever-condicoes-climaticas\/"},"wordCount":224,"commentCount":0,"image":{"@id":"https:\/\/folhapopular.info\/index.php\/2025\/04\/08\/governo-do-rs-contrata-tres-radares-para-monitorar-e-prever-condicoes-climaticas\/#primaryimage"},"thumbnailUrl":"https:\/\/folhapopular.info\/wp-content\/uploads\/2022\/12\/Dicas-para-proteger-sua-casa-durante-as-chuvas-de-verao.jpg","keywords":["clima","Governo","radar","Rio Grande do Sul"],"articleSection":["Clima","Destaques","Geral"],"inLanguage":"pt-BR","potentialAction":[{"@type":"CommentAction","name":"Comment","target":["https:\/\/folhapopular.info\/index.php\/2025\/04\/08\/governo-do-rs-contrata-tres-radares-para-monitorar-e-prever-condicoes-climaticas\/#respond"]}]},{"@type":"WebPage","@id":"https:\/\/folhapopular.info\/index.php\/2025\/04\/08\/governo-do-rs-contrata-tres-radares-para-monitorar-e-prever-condicoes-climaticas\/","url":"https:\/\/folhapopular.info\/index.php\/2025\/04\/08\/governo-do-rs-contrata-tres-radares-para-monitorar-e-prever-condicoes-climaticas\/","name":"Governo do RS contrata tr\u00eas radares para monitorar e prever condi\u00e7\u00f5es clim\u00e1ticas - Folha Popular","isPartOf":{"@id":"https:\/\/folhapopular.info\/#website"},"primaryImageOfPage":{"@id":"https:\/\/folhapopular.info\/index.php\/2025\/04\/08\/governo-do-rs-contrata-tres-radares-para-monitorar-e-prever-condicoes-climaticas\/#primaryimage"},"image":{"@id":"https:\/\/folhapopular.info\/index.php\/2025\/04\/08\/governo-do-rs-contrata-tres-radares-para-monitorar-e-prever-condicoes-climaticas\/#primaryimage"},"thumbnailUrl":"https:\/\/folhapopular.info\/wp-content\/uploads\/2022\/12\/Dicas-para-proteger-sua-casa-durante-as-chuvas-de-verao.jpg","datePublished":"2025-04-08T14:00:00+00:00","author":{"@id":"https:\/\/folhapopular.info\/#\/schema\/person\/2814e8a0df7643585a9ca38bc6eb9d4b"},"breadcrumb":{"@id":"https:\/\/folhapopular.info\/index.php\/2025\/04\/08\/governo-do-rs-contrata-tres-radares-para-monitorar-e-prever-condicoes-climaticas\/#breadcrumb"},"inLanguage":"pt-BR","potentialAction":[{"@type":"ReadAction","target":["https:\/\/folhapopular.info\/index.php\/2025\/04\/08\/governo-do-rs-contrata-tres-radares-para-monitorar-e-prever-condicoes-climaticas\/"]}]},{"@type":"ImageObject","inLanguage":"pt-BR","@id":"https:\/\/folhapopular.info\/index.php\/2025\/04\/08\/governo-do-rs-contrata-tres-radares-para-monitorar-e-prever-condicoes-climaticas\/#primaryimage","url":"https:\/\/folhapopular.info\/wp-content\/uploads\/2022\/12\/Dicas-para-proteger-sua-casa-durante-as-chuvas-de-verao.jpg","contentUrl":"https:\/\/folhapopular.info\/wp-content\/uploads\/2022\/12\/Dicas-para-proteger-sua-casa-durante-as-chuvas-de-verao.jpg","width":1920,"height":1080,"caption":"Cr\u00e9dito: Divulga\u00e7\u00e3o"},{"@type":"BreadcrumbList","@id":"https:\/\/folhapopular.info\/index.php\/2025\/04\/08\/governo-do-rs-contrata-tres-radares-para-monitorar-e-prever-condicoes-climaticas\/#breadcrumb","itemListElement":[{"@type":"ListItem","position":1,"name":"In\u00edcio","item":"https:\/\/folhapopular.info\/"},{"@type":"ListItem","position":2,"name":"Governo do RS contrata tr\u00eas radares para monitorar e prever condi\u00e7\u00f5es clim\u00e1ticas"}]},{"@type":"WebSite","@id":"https:\/\/folhapopular.info\/#website","url":"https:\/\/folhapopular.info\/","name":"Folha Popular","description":"Onde voc\u00ea tem vez e voz","potentialAction":[{"@type":"SearchAction","target":{"@type":"EntryPoint","urlTemplate":"https:\/\/folhapopular.info\/?s={search_term_string}"},"query-input":{"@type":"PropertyValueSpecification","valueRequired":true,"valueName":"search_term_string"}}],"inLanguage":"pt-BR"},{"@type":"Person","@id":"https:\/\/folhapopular.info\/#\/schema\/person\/2814e8a0df7643585a9ca38bc6eb9d4b","name":"Reda\u00e7\u00e3o Folha Popular","image":{"@type":"ImageObject","inLanguage":"pt-BR","@id":"https:\/\/folhapopular.info\/wp-content\/uploads\/2026\/04\/Folha-1.webp","url":"https:\/\/folhapopular.info\/wp-content\/uploads\/2026\/04\/Folha-1.webp","contentUrl":"https:\/\/folhapopular.info\/wp-content\/uploads\/2026\/04\/Folha-1.webp","caption":"Reda\u00e7\u00e3o Folha Popular"},"url":"https:\/\/folhapopular.info\/index.php\/author\/redacao\/"}]}},"jetpack_featured_media_url":"https:\/\/folhapopular.info\/wp-content\/uploads\/2022\/12\/Dicas-para-proteger-sua-casa-durante-as-chuvas-de-verao.jpg","jetpack_sharing_enabled":true,"amp_enabled":true,"_links":{"self":[{"href":"https:\/\/folhapopular.info\/index.php\/wp-json\/wp\/v2\/posts\/184225","targetHints":{"allow":["GET"]}}],"collection":[{"href":"https:\/\/folhapopular.info\/index.php\/wp-json\/wp\/v2\/posts"}],"about":[{"href":"https:\/\/folhapopular.info\/index.php\/wp-json\/wp\/v2\/types\/post"}],"author":[{"embeddable":true,"href":"https:\/\/folhapopular.info\/index.php\/wp-json\/wp\/v2\/users\/8"}],"replies":[{"embeddable":true,"href":"https:\/\/folhapopular.info\/index.php\/wp-json\/wp\/v2\/comments?post=184225"}],"version-history":[{"count":0,"href":"https:\/\/folhapopular.info\/index.php\/wp-json\/wp\/v2\/posts\/184225\/revisions"}],"wp:featuredmedia":[{"embeddable":true,"href":"https:\/\/folhapopular.info\/index.php\/wp-json\/wp\/v2\/media\/117221"}],"wp:attachment":[{"href":"https:\/\/folhapopular.info\/index.php\/wp-json\/wp\/v2\/media?parent=184225"}],"wp:term":[{"taxonomy":"category","embeddable":true,"href":"https:\/\/folhapopular.info\/index.php\/wp-json\/wp\/v2\/categories?post=184225"},{"taxonomy":"post_tag","embeddable":true,"href":"https:\/\/folhapopular.info\/index.php\/wp-json\/wp\/v2\/tags?post=184225"}],"curies":[{"name":"wp","href":"https:\/\/api.w.org\/{rel}","templated":true}]}}