{"id":184354,"date":"2025-04-09T16:34:23","date_gmt":"2025-04-09T19:34:23","guid":{"rendered":"https:\/\/folhapopular.info\/?p=184354"},"modified":"2025-04-09T16:34:26","modified_gmt":"2025-04-09T19:34:26","slug":"delegados-do-sicoob-sao-miguel-aprovam-prestacao-de-contas-em-assembleia","status":"publish","type":"post","link":"https:\/\/folhapopular.info\/index.php\/2025\/04\/09\/delegados-do-sicoob-sao-miguel-aprovam-prestacao-de-contas-em-assembleia\/","title":{"rendered":"Delegados do Sicoob S\u00e3o Miguel aprovam presta\u00e7\u00e3o de contas em Assembleia"},"content":{"rendered":"\n<p>No s\u00e1bado (5\/4), o Sicoob S\u00e3o Miguel realizou, na sua Sede Administrativa, em S\u00e3o Miguel do Oeste (Santa Catarina), a Assembleia Geral Ordin\u00e1ria (AGO) e Assembleia Geral Extraordin\u00e1ria (AGE), com a presen\u00e7a dos representantes delegados, dirigentes e lideran\u00e7as cooperativistas.<\/p>\n\n\n\n<p>A realiza\u00e7\u00e3o da assembleia encerra o ciclo de presta\u00e7\u00e3o de contas referente ao exerc\u00edcio de 2024, que se iniciou em 4 de fevereiro com as pr\u00e9-assembleias da cooperativa. Foram 48 eventos pr\u00e9-assembleares que reuniram mais de 25 mil cooperados nos Estados de Santa Catarina, Paran\u00e1 e Rio Grande do Sul.<\/p>\n\n\n\n<p>Dentre os assuntos deliberados na Assembleia, estava a presta\u00e7\u00e3o de contas do exerc\u00edcio, que ocorreu com a apresenta\u00e7\u00e3o do relat\u00f3rio da gest\u00e3o, balan\u00e7o e demonstra\u00e7\u00e3o do resultado do exerc\u00edcio de 2024. Ainda, os delegados aprovaram a destina\u00e7\u00e3o das sobras, atualiza\u00e7\u00f5es de pol\u00edticas sist\u00eamicas e atualiza\u00e7\u00f5es estatut\u00e1rias.<\/p>\n\n\n\n<p>Outro assunto foi a apresenta\u00e7\u00e3o de chapa para o Conselho de Administra\u00e7\u00e3o, com mandato at\u00e9 a AGO de 2029, que foi eleita por unanimidade, reconduzindo Edemar Fronchetti \u00e0 presid\u00eancia, pelo 9\u00ba mandato consecutivo, demonstrando a confian\u00e7a dos cooperados e a continuidade na gest\u00e3o eficaz da cooperativa.<\/p>\n\n\n\n<p>De acordo com as delibera\u00e7\u00f5es, foi aprovada a destina\u00e7\u00e3o de R$ 20,5 milh\u00f5es, sendo que 70% do valor ser\u00e1 creditado diretamente nas contas dos cooperados no dia 2 de maio e os outros 30% ser\u00e3o destinados ao Fundo de Estabilidade Financeira (FEF), garantindo a sa\u00fade financeira e a solidez da cooperativa para os pr\u00f3ximos anos. Ainda, em dezembro a cooperativa j\u00e1 havia creditado mais de R$ 15 milh\u00f5es aos cooperados referente ao pagamento de juros ao seu capital.<\/p>\n\n\n\n<p>O presidente da cooperativa, Edemar Fronchetti, agradeceu a confian\u00e7a depositada pelos cooperados e refor\u00e7ou o compromisso com a continuidade do desenvolvimento sustent\u00e1vel da cooperativa. \u201cTivemos um ano excelente, com resultados expressivos e uma presen\u00e7a cada vez mais s\u00f3lida nas comunidades. Encerramos 2024 com 145 mil cooperados, 56 ag\u00eancias e administrando mais de R$ 6,7 bilh\u00f5es em ativos gerenciais. Isso s\u00f3 refor\u00e7a a nossa responsabilidade de seguir investindo em solu\u00e7\u00f5es financeiras e expandindo nossa presen\u00e7a\u201d, afirmou.<\/p>\n\n\n\n<h3 class=\"wp-block-heading\"><strong>Transpar\u00eancia que fortalece a confian\u00e7a<\/strong><\/h3>\n\n\n\n<p>Presente na assembleia, o cooperado e delegado Anderson Guilherme Krenkel, da ag\u00eancia Perini, de Joinville (Santa Catarina), destacou a import\u00e2ncia da transpar\u00eancia nos processos da cooperativa. \u201cParticipar da assembleia \u00e9 compreender de perto como o Sicoob administra os recursos e planeja o futuro. A transpar\u00eancia na presta\u00e7\u00e3o de contas fortalece a nossa confian\u00e7a e garante a perenidade da cooperativa, que cresce com responsabilidade e comprometimento com os cooperados\u201d, declarou.<\/p>\n\n\n\n<h3 class=\"wp-block-heading\"><strong>Novo Conselho de Administra\u00e7\u00e3o eleito com mandato at\u00e9 2029<\/strong><\/h3>\n\n\n\n<p>Presidente: Edemar Fronchetti (S\u00e3o Miguel do Oeste\/SC)<br>Vice-Presidente: Jussara Nunes Dalvit (S\u00e3o Miguel do Oeste\/SC)<br>Secret\u00e1rio: Lauredir Luiz Brustolin (Guaraciaba\/SC)<br>Conselheiros: Adriana de F\u00e1tima Vanelli (Dion\u00edsio Cerqueira\/SC), Elisabete Regina Dalmagro Herbert (S\u00e3o Miguel do Oeste\/SC), Gilmar Ant\u00f4nio Moretto (S\u00e3o Jos\u00e9 do Cedro\/SC), Lucimar Jos\u00e9 dos Santos (Joinville\/SC), Marcelo Augusto Ferrari (Para\u00ed\/RS) e Volmir Kennedy Anater (Salgado Filho\/PR).<\/p>\n","protected":false},"excerpt":{"rendered":"<p>No s\u00e1bado (5\/4), o Sicoob S\u00e3o Miguel realizou, na sua Sede Administrativa, em S\u00e3o Miguel do Oeste (Santa Catarina), a Assembleia Geral Ordin\u00e1ria (AGO) e Assembleia Geral Extraordin\u00e1ria (AGE), com a presen\u00e7a dos representantes delegados, dirigentes e lideran\u00e7as cooperativistas. A realiza\u00e7\u00e3o da assembleia encerra o ciclo de presta\u00e7\u00e3o de contas referente ao exerc\u00edcio de 2024, [&hellip;]<\/p>\n","protected":false},"author":8,"featured_media":184355,"comment_status":"open","ping_status":"open","sticky":false,"template":"","format":"standard","meta":{"pmpro_default_level":"","_jetpack_memberships_contains_paid_content":false,"footnotes":""},"categories":[10991],"tags":[8530,2431,645,1794,6102,14447],"class_list":{"0":"post-184354","1":"post","2":"type-post","3":"status-publish","4":"format-standard","5":"has-post-thumbnail","7":"category-economia","8":"tag-assembleia-geral-ordinaria","9":"tag-parana","10":"tag-prestacao-de-contas","11":"tag-rio-grande-do-sul","12":"tag-santa-catarina","13":"tag-sicoob-sao-miguel","14":"pmpro-has-access"},"yoast_head":"<!-- This site is optimized with the Yoast SEO plugin v27.5 - https:\/\/yoast.com\/product\/yoast-seo-wordpress\/ -->\n<title>Delegados do Sicoob S\u00e3o Miguel aprovam presta\u00e7\u00e3o de contas em Assembleia - Folha Popular<\/title>\n<meta name=\"robots\" content=\"index, follow, max-snippet:-1, max-image-preview:large, max-video-preview:-1\" \/>\n<link rel=\"canonical\" href=\"https:\/\/folhapopular.info\/index.php\/2025\/04\/09\/delegados-do-sicoob-sao-miguel-aprovam-prestacao-de-contas-em-assembleia\/\" \/>\n<meta property=\"og:locale\" content=\"pt_BR\" \/>\n<meta property=\"og:type\" content=\"article\" \/>\n<meta property=\"og:title\" content=\"Delegados do Sicoob S\u00e3o Miguel aprovam presta\u00e7\u00e3o de contas em Assembleia - Folha Popular\" \/>\n<meta property=\"og:description\" content=\"No s\u00e1bado (5\/4), o Sicoob S\u00e3o Miguel realizou, na sua Sede Administrativa, em S\u00e3o Miguel do Oeste (Santa Catarina), a Assembleia Geral Ordin\u00e1ria (AGO) e Assembleia Geral Extraordin\u00e1ria (AGE), com a presen\u00e7a dos representantes delegados, dirigentes e lideran\u00e7as cooperativistas. A realiza\u00e7\u00e3o da assembleia encerra o ciclo de presta\u00e7\u00e3o de contas referente ao exerc\u00edcio de 2024, [&hellip;]\" \/>\n<meta property=\"og:url\" content=\"https:\/\/folhapopular.info\/index.php\/2025\/04\/09\/delegados-do-sicoob-sao-miguel-aprovam-prestacao-de-contas-em-assembleia\/\" \/>\n<meta property=\"og:site_name\" content=\"Folha Popular\" \/>\n<meta property=\"article:published_time\" content=\"2025-04-09T19:34:23+00:00\" \/>\n<meta property=\"article:modified_time\" content=\"2025-04-09T19:34:26+00:00\" \/>\n<meta property=\"og:image\" content=\"http:\/\/folhapopular.info\/wp-content\/uploads\/2025\/04\/Foto-01.jpg\" \/>\n\t<meta property=\"og:image:width\" content=\"1320\" \/>\n\t<meta property=\"og:image:height\" content=\"743\" \/>\n\t<meta property=\"og:image:type\" content=\"image\/jpeg\" \/>\n<meta name=\"author\" content=\"Reda\u00e7\u00e3o Folha Popular\" \/>\n<meta name=\"twitter:card\" content=\"summary_large_image\" \/>\n<meta name=\"twitter:label1\" content=\"Escrito por\" \/>\n\t<meta name=\"twitter:data1\" content=\"Reda\u00e7\u00e3o Folha Popular\" \/>\n\t<meta name=\"twitter:label2\" content=\"Est. tempo de leitura\" \/>\n\t<meta name=\"twitter:data2\" content=\"3 minutos\" \/>\n<script type=\"application\/ld+json\" class=\"yoast-schema-graph\">{\"@context\":\"https:\\\/\\\/schema.org\",\"@graph\":[{\"@type\":\"Article\",\"@id\":\"https:\\\/\\\/folhapopular.info\\\/index.php\\\/2025\\\/04\\\/09\\\/delegados-do-sicoob-sao-miguel-aprovam-prestacao-de-contas-em-assembleia\\\/#article\",\"isPartOf\":{\"@id\":\"https:\\\/\\\/folhapopular.info\\\/index.php\\\/2025\\\/04\\\/09\\\/delegados-do-sicoob-sao-miguel-aprovam-prestacao-de-contas-em-assembleia\\\/\"},\"author\":{\"name\":\"Reda\u00e7\u00e3o Folha Popular\",\"@id\":\"https:\\\/\\\/folhapopular.info\\\/#\\\/schema\\\/person\\\/2814e8a0df7643585a9ca38bc6eb9d4b\"},\"headline\":\"Delegados do Sicoob S\u00e3o Miguel aprovam presta\u00e7\u00e3o de contas em Assembleia\",\"datePublished\":\"2025-04-09T19:34:23+00:00\",\"dateModified\":\"2025-04-09T19:34:26+00:00\",\"mainEntityOfPage\":{\"@id\":\"https:\\\/\\\/folhapopular.info\\\/index.php\\\/2025\\\/04\\\/09\\\/delegados-do-sicoob-sao-miguel-aprovam-prestacao-de-contas-em-assembleia\\\/\"},\"wordCount\":541,\"commentCount\":0,\"image\":{\"@id\":\"https:\\\/\\\/folhapopular.info\\\/index.php\\\/2025\\\/04\\\/09\\\/delegados-do-sicoob-sao-miguel-aprovam-prestacao-de-contas-em-assembleia\\\/#primaryimage\"},\"thumbnailUrl\":\"https:\\\/\\\/folhapopular.info\\\/wp-content\\\/uploads\\\/2025\\\/04\\\/Foto-01.jpg\",\"keywords\":[\"Assembleia Geral Ordin\u00e1ria\",\"Paran\u00e1\",\"Presta\u00e7\u00e3o de contas\",\"Rio Grande do Sul\",\"Santa Catarina\",\"Sicoob S\u00e3o Miguel\"],\"articleSection\":[\"Economia\"],\"inLanguage\":\"pt-BR\",\"potentialAction\":[{\"@type\":\"CommentAction\",\"name\":\"Comment\",\"target\":[\"https:\\\/\\\/folhapopular.info\\\/index.php\\\/2025\\\/04\\\/09\\\/delegados-do-sicoob-sao-miguel-aprovam-prestacao-de-contas-em-assembleia\\\/#respond\"]}]},{\"@type\":\"WebPage\",\"@id\":\"https:\\\/\\\/folhapopular.info\\\/index.php\\\/2025\\\/04\\\/09\\\/delegados-do-sicoob-sao-miguel-aprovam-prestacao-de-contas-em-assembleia\\\/\",\"url\":\"https:\\\/\\\/folhapopular.info\\\/index.php\\\/2025\\\/04\\\/09\\\/delegados-do-sicoob-sao-miguel-aprovam-prestacao-de-contas-em-assembleia\\\/\",\"name\":\"Delegados do Sicoob S\u00e3o Miguel aprovam presta\u00e7\u00e3o de contas em Assembleia - Folha Popular\",\"isPartOf\":{\"@id\":\"https:\\\/\\\/folhapopular.info\\\/#website\"},\"primaryImageOfPage\":{\"@id\":\"https:\\\/\\\/folhapopular.info\\\/index.php\\\/2025\\\/04\\\/09\\\/delegados-do-sicoob-sao-miguel-aprovam-prestacao-de-contas-em-assembleia\\\/#primaryimage\"},\"image\":{\"@id\":\"https:\\\/\\\/folhapopular.info\\\/index.php\\\/2025\\\/04\\\/09\\\/delegados-do-sicoob-sao-miguel-aprovam-prestacao-de-contas-em-assembleia\\\/#primaryimage\"},\"thumbnailUrl\":\"https:\\\/\\\/folhapopular.info\\\/wp-content\\\/uploads\\\/2025\\\/04\\\/Foto-01.jpg\",\"datePublished\":\"2025-04-09T19:34:23+00:00\",\"dateModified\":\"2025-04-09T19:34:26+00:00\",\"author\":{\"@id\":\"https:\\\/\\\/folhapopular.info\\\/#\\\/schema\\\/person\\\/2814e8a0df7643585a9ca38bc6eb9d4b\"},\"breadcrumb\":{\"@id\":\"https:\\\/\\\/folhapopular.info\\\/index.php\\\/2025\\\/04\\\/09\\\/delegados-do-sicoob-sao-miguel-aprovam-prestacao-de-contas-em-assembleia\\\/#breadcrumb\"},\"inLanguage\":\"pt-BR\",\"potentialAction\":[{\"@type\":\"ReadAction\",\"target\":[\"https:\\\/\\\/folhapopular.info\\\/index.php\\\/2025\\\/04\\\/09\\\/delegados-do-sicoob-sao-miguel-aprovam-prestacao-de-contas-em-assembleia\\\/\"]}]},{\"@type\":\"ImageObject\",\"inLanguage\":\"pt-BR\",\"@id\":\"https:\\\/\\\/folhapopular.info\\\/index.php\\\/2025\\\/04\\\/09\\\/delegados-do-sicoob-sao-miguel-aprovam-prestacao-de-contas-em-assembleia\\\/#primaryimage\",\"url\":\"https:\\\/\\\/folhapopular.info\\\/wp-content\\\/uploads\\\/2025\\\/04\\\/Foto-01.jpg\",\"contentUrl\":\"https:\\\/\\\/folhapopular.info\\\/wp-content\\\/uploads\\\/2025\\\/04\\\/Foto-01.jpg\",\"width\":1320,\"height\":743,\"caption\":\"Cr\u00e9dito: Sicoob \\\/ Divulga\u00e7\u00e3o\"},{\"@type\":\"BreadcrumbList\",\"@id\":\"https:\\\/\\\/folhapopular.info\\\/index.php\\\/2025\\\/04\\\/09\\\/delegados-do-sicoob-sao-miguel-aprovam-prestacao-de-contas-em-assembleia\\\/#breadcrumb\",\"itemListElement\":[{\"@type\":\"ListItem\",\"position\":1,\"name\":\"In\u00edcio\",\"item\":\"https:\\\/\\\/folhapopular.info\\\/\"},{\"@type\":\"ListItem\",\"position\":2,\"name\":\"Delegados do Sicoob S\u00e3o Miguel aprovam presta\u00e7\u00e3o de contas em Assembleia\"}]},{\"@type\":\"WebSite\",\"@id\":\"https:\\\/\\\/folhapopular.info\\\/#website\",\"url\":\"https:\\\/\\\/folhapopular.info\\\/\",\"name\":\"Folha Popular\",\"description\":\"Onde voc\u00ea tem vez e voz\",\"potentialAction\":[{\"@type\":\"SearchAction\",\"target\":{\"@type\":\"EntryPoint\",\"urlTemplate\":\"https:\\\/\\\/folhapopular.info\\\/?s={search_term_string}\"},\"query-input\":{\"@type\":\"PropertyValueSpecification\",\"valueRequired\":true,\"valueName\":\"search_term_string\"}}],\"inLanguage\":\"pt-BR\"},{\"@type\":\"Person\",\"@id\":\"https:\\\/\\\/folhapopular.info\\\/#\\\/schema\\\/person\\\/2814e8a0df7643585a9ca38bc6eb9d4b\",\"name\":\"Reda\u00e7\u00e3o Folha Popular\",\"image\":{\"@type\":\"ImageObject\",\"inLanguage\":\"pt-BR\",\"@id\":\"https:\\\/\\\/folhapopular.info\\\/wp-content\\\/uploads\\\/2026\\\/04\\\/Folha-1.webp\",\"url\":\"https:\\\/\\\/folhapopular.info\\\/wp-content\\\/uploads\\\/2026\\\/04\\\/Folha-1.webp\",\"contentUrl\":\"https:\\\/\\\/folhapopular.info\\\/wp-content\\\/uploads\\\/2026\\\/04\\\/Folha-1.webp\",\"caption\":\"Reda\u00e7\u00e3o Folha Popular\"},\"url\":\"https:\\\/\\\/folhapopular.info\\\/index.php\\\/author\\\/redacao\\\/\"}]}<\/script>\n<!-- \/ Yoast SEO plugin. -->","yoast_head_json":{"title":"Delegados do Sicoob S\u00e3o Miguel aprovam presta\u00e7\u00e3o de contas em Assembleia - Folha Popular","robots":{"index":"index","follow":"follow","max-snippet":"max-snippet:-1","max-image-preview":"max-image-preview:large","max-video-preview":"max-video-preview:-1"},"canonical":"https:\/\/folhapopular.info\/index.php\/2025\/04\/09\/delegados-do-sicoob-sao-miguel-aprovam-prestacao-de-contas-em-assembleia\/","og_locale":"pt_BR","og_type":"article","og_title":"Delegados do Sicoob S\u00e3o Miguel aprovam presta\u00e7\u00e3o de contas em Assembleia - Folha Popular","og_description":"No s\u00e1bado (5\/4), o Sicoob S\u00e3o Miguel realizou, na sua Sede Administrativa, em S\u00e3o Miguel do Oeste (Santa Catarina), a Assembleia Geral Ordin\u00e1ria (AGO) e Assembleia Geral Extraordin\u00e1ria (AGE), com a presen\u00e7a dos representantes delegados, dirigentes e lideran\u00e7as cooperativistas. A realiza\u00e7\u00e3o da assembleia encerra o ciclo de presta\u00e7\u00e3o de contas referente ao exerc\u00edcio de 2024, [&hellip;]","og_url":"https:\/\/folhapopular.info\/index.php\/2025\/04\/09\/delegados-do-sicoob-sao-miguel-aprovam-prestacao-de-contas-em-assembleia\/","og_site_name":"Folha Popular","article_published_time":"2025-04-09T19:34:23+00:00","article_modified_time":"2025-04-09T19:34:26+00:00","og_image":[{"width":1320,"height":743,"url":"http:\/\/folhapopular.info\/wp-content\/uploads\/2025\/04\/Foto-01.jpg","type":"image\/jpeg"}],"author":"Reda\u00e7\u00e3o Folha Popular","twitter_card":"summary_large_image","twitter_misc":{"Escrito por":"Reda\u00e7\u00e3o Folha Popular","Est. tempo de leitura":"3 minutos"},"schema":{"@context":"https:\/\/schema.org","@graph":[{"@type":"Article","@id":"https:\/\/folhapopular.info\/index.php\/2025\/04\/09\/delegados-do-sicoob-sao-miguel-aprovam-prestacao-de-contas-em-assembleia\/#article","isPartOf":{"@id":"https:\/\/folhapopular.info\/index.php\/2025\/04\/09\/delegados-do-sicoob-sao-miguel-aprovam-prestacao-de-contas-em-assembleia\/"},"author":{"name":"Reda\u00e7\u00e3o Folha Popular","@id":"https:\/\/folhapopular.info\/#\/schema\/person\/2814e8a0df7643585a9ca38bc6eb9d4b"},"headline":"Delegados do Sicoob S\u00e3o Miguel aprovam presta\u00e7\u00e3o de contas em Assembleia","datePublished":"2025-04-09T19:34:23+00:00","dateModified":"2025-04-09T19:34:26+00:00","mainEntityOfPage":{"@id":"https:\/\/folhapopular.info\/index.php\/2025\/04\/09\/delegados-do-sicoob-sao-miguel-aprovam-prestacao-de-contas-em-assembleia\/"},"wordCount":541,"commentCount":0,"image":{"@id":"https:\/\/folhapopular.info\/index.php\/2025\/04\/09\/delegados-do-sicoob-sao-miguel-aprovam-prestacao-de-contas-em-assembleia\/#primaryimage"},"thumbnailUrl":"https:\/\/folhapopular.info\/wp-content\/uploads\/2025\/04\/Foto-01.jpg","keywords":["Assembleia Geral Ordin\u00e1ria","Paran\u00e1","Presta\u00e7\u00e3o de contas","Rio Grande do Sul","Santa Catarina","Sicoob S\u00e3o Miguel"],"articleSection":["Economia"],"inLanguage":"pt-BR","potentialAction":[{"@type":"CommentAction","name":"Comment","target":["https:\/\/folhapopular.info\/index.php\/2025\/04\/09\/delegados-do-sicoob-sao-miguel-aprovam-prestacao-de-contas-em-assembleia\/#respond"]}]},{"@type":"WebPage","@id":"https:\/\/folhapopular.info\/index.php\/2025\/04\/09\/delegados-do-sicoob-sao-miguel-aprovam-prestacao-de-contas-em-assembleia\/","url":"https:\/\/folhapopular.info\/index.php\/2025\/04\/09\/delegados-do-sicoob-sao-miguel-aprovam-prestacao-de-contas-em-assembleia\/","name":"Delegados do Sicoob S\u00e3o Miguel aprovam presta\u00e7\u00e3o de contas em Assembleia - Folha Popular","isPartOf":{"@id":"https:\/\/folhapopular.info\/#website"},"primaryImageOfPage":{"@id":"https:\/\/folhapopular.info\/index.php\/2025\/04\/09\/delegados-do-sicoob-sao-miguel-aprovam-prestacao-de-contas-em-assembleia\/#primaryimage"},"image":{"@id":"https:\/\/folhapopular.info\/index.php\/2025\/04\/09\/delegados-do-sicoob-sao-miguel-aprovam-prestacao-de-contas-em-assembleia\/#primaryimage"},"thumbnailUrl":"https:\/\/folhapopular.info\/wp-content\/uploads\/2025\/04\/Foto-01.jpg","datePublished":"2025-04-09T19:34:23+00:00","dateModified":"2025-04-09T19:34:26+00:00","author":{"@id":"https:\/\/folhapopular.info\/#\/schema\/person\/2814e8a0df7643585a9ca38bc6eb9d4b"},"breadcrumb":{"@id":"https:\/\/folhapopular.info\/index.php\/2025\/04\/09\/delegados-do-sicoob-sao-miguel-aprovam-prestacao-de-contas-em-assembleia\/#breadcrumb"},"inLanguage":"pt-BR","potentialAction":[{"@type":"ReadAction","target":["https:\/\/folhapopular.info\/index.php\/2025\/04\/09\/delegados-do-sicoob-sao-miguel-aprovam-prestacao-de-contas-em-assembleia\/"]}]},{"@type":"ImageObject","inLanguage":"pt-BR","@id":"https:\/\/folhapopular.info\/index.php\/2025\/04\/09\/delegados-do-sicoob-sao-miguel-aprovam-prestacao-de-contas-em-assembleia\/#primaryimage","url":"https:\/\/folhapopular.info\/wp-content\/uploads\/2025\/04\/Foto-01.jpg","contentUrl":"https:\/\/folhapopular.info\/wp-content\/uploads\/2025\/04\/Foto-01.jpg","width":1320,"height":743,"caption":"Cr\u00e9dito: Sicoob \/ Divulga\u00e7\u00e3o"},{"@type":"BreadcrumbList","@id":"https:\/\/folhapopular.info\/index.php\/2025\/04\/09\/delegados-do-sicoob-sao-miguel-aprovam-prestacao-de-contas-em-assembleia\/#breadcrumb","itemListElement":[{"@type":"ListItem","position":1,"name":"In\u00edcio","item":"https:\/\/folhapopular.info\/"},{"@type":"ListItem","position":2,"name":"Delegados do Sicoob S\u00e3o Miguel aprovam presta\u00e7\u00e3o de contas em Assembleia"}]},{"@type":"WebSite","@id":"https:\/\/folhapopular.info\/#website","url":"https:\/\/folhapopular.info\/","name":"Folha Popular","description":"Onde voc\u00ea tem vez e voz","potentialAction":[{"@type":"SearchAction","target":{"@type":"EntryPoint","urlTemplate":"https:\/\/folhapopular.info\/?s={search_term_string}"},"query-input":{"@type":"PropertyValueSpecification","valueRequired":true,"valueName":"search_term_string"}}],"inLanguage":"pt-BR"},{"@type":"Person","@id":"https:\/\/folhapopular.info\/#\/schema\/person\/2814e8a0df7643585a9ca38bc6eb9d4b","name":"Reda\u00e7\u00e3o Folha Popular","image":{"@type":"ImageObject","inLanguage":"pt-BR","@id":"https:\/\/folhapopular.info\/wp-content\/uploads\/2026\/04\/Folha-1.webp","url":"https:\/\/folhapopular.info\/wp-content\/uploads\/2026\/04\/Folha-1.webp","contentUrl":"https:\/\/folhapopular.info\/wp-content\/uploads\/2026\/04\/Folha-1.webp","caption":"Reda\u00e7\u00e3o Folha Popular"},"url":"https:\/\/folhapopular.info\/index.php\/author\/redacao\/"}]}},"jetpack_featured_media_url":"https:\/\/folhapopular.info\/wp-content\/uploads\/2025\/04\/Foto-01.jpg","jetpack_sharing_enabled":true,"amp_enabled":true,"_links":{"self":[{"href":"https:\/\/folhapopular.info\/index.php\/wp-json\/wp\/v2\/posts\/184354","targetHints":{"allow":["GET"]}}],"collection":[{"href":"https:\/\/folhapopular.info\/index.php\/wp-json\/wp\/v2\/posts"}],"about":[{"href":"https:\/\/folhapopular.info\/index.php\/wp-json\/wp\/v2\/types\/post"}],"author":[{"embeddable":true,"href":"https:\/\/folhapopular.info\/index.php\/wp-json\/wp\/v2\/users\/8"}],"replies":[{"embeddable":true,"href":"https:\/\/folhapopular.info\/index.php\/wp-json\/wp\/v2\/comments?post=184354"}],"version-history":[{"count":0,"href":"https:\/\/folhapopular.info\/index.php\/wp-json\/wp\/v2\/posts\/184354\/revisions"}],"wp:featuredmedia":[{"embeddable":true,"href":"https:\/\/folhapopular.info\/index.php\/wp-json\/wp\/v2\/media\/184355"}],"wp:attachment":[{"href":"https:\/\/folhapopular.info\/index.php\/wp-json\/wp\/v2\/media?parent=184354"}],"wp:term":[{"taxonomy":"category","embeddable":true,"href":"https:\/\/folhapopular.info\/index.php\/wp-json\/wp\/v2\/categories?post=184354"},{"taxonomy":"post_tag","embeddable":true,"href":"https:\/\/folhapopular.info\/index.php\/wp-json\/wp\/v2\/tags?post=184354"}],"curies":[{"name":"wp","href":"https:\/\/api.w.org\/{rel}","templated":true}]}}