{"id":184443,"date":"2025-04-11T10:34:42","date_gmt":"2025-04-11T13:34:42","guid":{"rendered":"https:\/\/folhapopular.info\/?p=184443"},"modified":"2025-04-11T10:37:09","modified_gmt":"2025-04-11T13:37:09","slug":"fazenda-vilanova-e-contemplada-com-r-161-mil-para-incentivo-a-jovens-do-meio-rural","status":"publish","type":"post","link":"https:\/\/folhapopular.info\/index.php\/2025\/04\/11\/fazenda-vilanova-e-contemplada-com-r-161-mil-para-incentivo-a-jovens-do-meio-rural\/","title":{"rendered":"Fazenda Vilanova \u00e9 contemplada com R$ 161 mil para incentivo a jovens do meio rural"},"content":{"rendered":"\n<p>O munic\u00edpio de Fazenda Vilanova foi um dos contemplados na<a href=\"https:\/\/folhapopular.info\/index.php\/2024\/11\/29\/votacao-da-consulta-popular-2024-comeca-na-segunda-feira\/\" target=\"_blank\" rel=\"noreferrer noopener\"> Consulta Popular 2024 <\/a>com um projeto para jovens no campo. O projeto \u201cFomento para jovens no campo: apoio a projetos produtivos e \u00e0 perman\u00eancia de jovens nas \u00e1reas rurais\u201d, garantiu o repasse de R$ 161 mil para a\u00e7\u00f5es que incentivem a sucess\u00e3o rural e a perman\u00eancia de jovens nas propriedades agr\u00edcolas.<\/p>\n\n\n\n<p>Ao todo, ser\u00e3o selecionados oito benefici\u00e1rios para receber os recursos e implementar projetos produtivos em suas propriedades. As inscri\u00e7\u00f5es se encerraram na quarta-feira (9\/4). A sele\u00e7\u00e3o ser\u00e1 conduzida pelo Conselho Agropecu\u00e1rio do Munic\u00edpio.<\/p>\n\n\n\n<p>O investimento busca fortalecer a agricultura familiar e incentivar os jovens a permanecer no campo, promovendo o desenvolvimento sustent\u00e1vel e a gera\u00e7\u00e3o de oportunidades de trabalho no meio rural.<\/p>\n\n\n\n<p>Mais informa\u00e7\u00f5es podem ser obtidas diretamente com Carlos, da Emater, pelo WhatsApp: (51) 9 9658-8134.<\/p>\n\n\n\n<h3 class=\"wp-block-heading\">Crit\u00e9rios de sele\u00e7\u00e3o<\/h3>\n\n\n\n<p>Os participantes precisavam ter entre 16 e 29 anos; ser produtor ou produtora rural, com a atividade em andamento e ter v\u00ednculo com uma fam\u00edlia cadastrada no CAF (Cadastro Nacional da Agricultura Familiar) ou com a DAP (Declara\u00e7\u00e3o de Aptid\u00e3o ao Pronaf).<\/p>\n","protected":false},"excerpt":{"rendered":"<p>O munic\u00edpio de Fazenda Vilanova foi um dos contemplados na Consulta Popular 2024 com um projeto para jovens no campo. O projeto \u201cFomento para jovens no campo: apoio a projetos produtivos e \u00e0 perman\u00eancia de jovens nas \u00e1reas rurais\u201d, garantiu o repasse de R$ 161 mil para a\u00e7\u00f5es que incentivem a sucess\u00e3o rural e a [&hellip;]<\/p>\n","protected":false},"author":8,"featured_media":165248,"comment_status":"open","ping_status":"open","sticky":false,"template":"","format":"standard","meta":{"pmpro_default_level":"","_jetpack_memberships_contains_paid_content":false,"footnotes":""},"categories":[2,10991,10994],"tags":[160,593,801,11027],"class_list":{"0":"post-184443","1":"post","2":"type-post","3":"status-publish","4":"format-standard","5":"has-post-thumbnail","7":"category-featured","8":"category-economia","9":"category-rural","10":"tag-agricultura-familiar","11":"tag-consulta-popular","12":"tag-fazenda-vilanova","13":"tag-rural","14":"pmpro-has-access"},"yoast_head":"<!-- This site is optimized with the Yoast SEO plugin v27.5 - https:\/\/yoast.com\/product\/yoast-seo-wordpress\/ -->\n<title>Fazenda Vilanova \u00e9 contemplada com R$ 161 mil para incentivo a jovens do meio rural - Folha Popular<\/title>\n<meta name=\"robots\" content=\"index, follow, max-snippet:-1, max-image-preview:large, max-video-preview:-1\" \/>\n<link rel=\"canonical\" href=\"https:\/\/folhapopular.info\/index.php\/2025\/04\/11\/fazenda-vilanova-e-contemplada-com-r-161-mil-para-incentivo-a-jovens-do-meio-rural\/\" \/>\n<meta property=\"og:locale\" content=\"pt_BR\" \/>\n<meta property=\"og:type\" content=\"article\" \/>\n<meta property=\"og:title\" content=\"Fazenda Vilanova \u00e9 contemplada com R$ 161 mil para incentivo a jovens do meio rural - Folha Popular\" \/>\n<meta property=\"og:description\" content=\"O munic\u00edpio de Fazenda Vilanova foi um dos contemplados na Consulta Popular 2024 com um projeto para jovens no campo. O projeto \u201cFomento para jovens no campo: apoio a projetos produtivos e \u00e0 perman\u00eancia de jovens nas \u00e1reas rurais\u201d, garantiu o repasse de R$ 161 mil para a\u00e7\u00f5es que incentivem a sucess\u00e3o rural e a [&hellip;]\" \/>\n<meta property=\"og:url\" content=\"https:\/\/folhapopular.info\/index.php\/2025\/04\/11\/fazenda-vilanova-e-contemplada-com-r-161-mil-para-incentivo-a-jovens-do-meio-rural\/\" \/>\n<meta property=\"og:site_name\" content=\"Folha Popular\" \/>\n<meta property=\"article:published_time\" content=\"2025-04-11T13:34:42+00:00\" \/>\n<meta property=\"article:modified_time\" content=\"2025-04-11T13:37:09+00:00\" \/>\n<meta property=\"og:image\" content=\"http:\/\/folhapopular.info\/wp-content\/uploads\/2024\/08\/agricultura-familiar-1.jpeg\" \/>\n\t<meta property=\"og:image:width\" content=\"750\" \/>\n\t<meta property=\"og:image:height\" content=\"500\" \/>\n\t<meta property=\"og:image:type\" content=\"image\/jpeg\" \/>\n<meta name=\"author\" content=\"Reda\u00e7\u00e3o Folha Popular\" \/>\n<meta name=\"twitter:card\" content=\"summary_large_image\" \/>\n<meta name=\"twitter:label1\" content=\"Escrito por\" \/>\n\t<meta name=\"twitter:data1\" content=\"Reda\u00e7\u00e3o Folha Popular\" \/>\n\t<meta name=\"twitter:label2\" content=\"Est. tempo de leitura\" \/>\n\t<meta name=\"twitter:data2\" content=\"2 minutos\" \/>\n<script type=\"application\/ld+json\" class=\"yoast-schema-graph\">{\"@context\":\"https:\\\/\\\/schema.org\",\"@graph\":[{\"@type\":\"Article\",\"@id\":\"https:\\\/\\\/folhapopular.info\\\/index.php\\\/2025\\\/04\\\/11\\\/fazenda-vilanova-e-contemplada-com-r-161-mil-para-incentivo-a-jovens-do-meio-rural\\\/#article\",\"isPartOf\":{\"@id\":\"https:\\\/\\\/folhapopular.info\\\/index.php\\\/2025\\\/04\\\/11\\\/fazenda-vilanova-e-contemplada-com-r-161-mil-para-incentivo-a-jovens-do-meio-rural\\\/\"},\"author\":{\"name\":\"Reda\u00e7\u00e3o Folha Popular\",\"@id\":\"https:\\\/\\\/folhapopular.info\\\/#\\\/schema\\\/person\\\/2814e8a0df7643585a9ca38bc6eb9d4b\"},\"headline\":\"Fazenda Vilanova \u00e9 contemplada com R$ 161 mil para incentivo a jovens do meio rural\",\"datePublished\":\"2025-04-11T13:34:42+00:00\",\"dateModified\":\"2025-04-11T13:37:09+00:00\",\"mainEntityOfPage\":{\"@id\":\"https:\\\/\\\/folhapopular.info\\\/index.php\\\/2025\\\/04\\\/11\\\/fazenda-vilanova-e-contemplada-com-r-161-mil-para-incentivo-a-jovens-do-meio-rural\\\/\"},\"wordCount\":209,\"commentCount\":0,\"image\":{\"@id\":\"https:\\\/\\\/folhapopular.info\\\/index.php\\\/2025\\\/04\\\/11\\\/fazenda-vilanova-e-contemplada-com-r-161-mil-para-incentivo-a-jovens-do-meio-rural\\\/#primaryimage\"},\"thumbnailUrl\":\"https:\\\/\\\/folhapopular.info\\\/wp-content\\\/uploads\\\/2024\\\/08\\\/agricultura-familiar-1.jpeg\",\"keywords\":[\"Agricultura Familiar\",\"Consulta Popular\",\"Fazenda Vilanova\",\"rural\"],\"articleSection\":[\"Destaques\",\"Economia\",\"Rural\"],\"inLanguage\":\"pt-BR\",\"potentialAction\":[{\"@type\":\"CommentAction\",\"name\":\"Comment\",\"target\":[\"https:\\\/\\\/folhapopular.info\\\/index.php\\\/2025\\\/04\\\/11\\\/fazenda-vilanova-e-contemplada-com-r-161-mil-para-incentivo-a-jovens-do-meio-rural\\\/#respond\"]}]},{\"@type\":\"WebPage\",\"@id\":\"https:\\\/\\\/folhapopular.info\\\/index.php\\\/2025\\\/04\\\/11\\\/fazenda-vilanova-e-contemplada-com-r-161-mil-para-incentivo-a-jovens-do-meio-rural\\\/\",\"url\":\"https:\\\/\\\/folhapopular.info\\\/index.php\\\/2025\\\/04\\\/11\\\/fazenda-vilanova-e-contemplada-com-r-161-mil-para-incentivo-a-jovens-do-meio-rural\\\/\",\"name\":\"Fazenda Vilanova \u00e9 contemplada com R$ 161 mil para incentivo a jovens do meio rural - Folha Popular\",\"isPartOf\":{\"@id\":\"https:\\\/\\\/folhapopular.info\\\/#website\"},\"primaryImageOfPage\":{\"@id\":\"https:\\\/\\\/folhapopular.info\\\/index.php\\\/2025\\\/04\\\/11\\\/fazenda-vilanova-e-contemplada-com-r-161-mil-para-incentivo-a-jovens-do-meio-rural\\\/#primaryimage\"},\"image\":{\"@id\":\"https:\\\/\\\/folhapopular.info\\\/index.php\\\/2025\\\/04\\\/11\\\/fazenda-vilanova-e-contemplada-com-r-161-mil-para-incentivo-a-jovens-do-meio-rural\\\/#primaryimage\"},\"thumbnailUrl\":\"https:\\\/\\\/folhapopular.info\\\/wp-content\\\/uploads\\\/2024\\\/08\\\/agricultura-familiar-1.jpeg\",\"datePublished\":\"2025-04-11T13:34:42+00:00\",\"dateModified\":\"2025-04-11T13:37:09+00:00\",\"author\":{\"@id\":\"https:\\\/\\\/folhapopular.info\\\/#\\\/schema\\\/person\\\/2814e8a0df7643585a9ca38bc6eb9d4b\"},\"breadcrumb\":{\"@id\":\"https:\\\/\\\/folhapopular.info\\\/index.php\\\/2025\\\/04\\\/11\\\/fazenda-vilanova-e-contemplada-com-r-161-mil-para-incentivo-a-jovens-do-meio-rural\\\/#breadcrumb\"},\"inLanguage\":\"pt-BR\",\"potentialAction\":[{\"@type\":\"ReadAction\",\"target\":[\"https:\\\/\\\/folhapopular.info\\\/index.php\\\/2025\\\/04\\\/11\\\/fazenda-vilanova-e-contemplada-com-r-161-mil-para-incentivo-a-jovens-do-meio-rural\\\/\"]}]},{\"@type\":\"ImageObject\",\"inLanguage\":\"pt-BR\",\"@id\":\"https:\\\/\\\/folhapopular.info\\\/index.php\\\/2025\\\/04\\\/11\\\/fazenda-vilanova-e-contemplada-com-r-161-mil-para-incentivo-a-jovens-do-meio-rural\\\/#primaryimage\",\"url\":\"https:\\\/\\\/folhapopular.info\\\/wp-content\\\/uploads\\\/2024\\\/08\\\/agricultura-familiar-1.jpeg\",\"contentUrl\":\"https:\\\/\\\/folhapopular.info\\\/wp-content\\\/uploads\\\/2024\\\/08\\\/agricultura-familiar-1.jpeg\",\"width\":750,\"height\":500,\"caption\":\"Cr\u00e9dito: Divulga\u00e7\u00e3o\"},{\"@type\":\"BreadcrumbList\",\"@id\":\"https:\\\/\\\/folhapopular.info\\\/index.php\\\/2025\\\/04\\\/11\\\/fazenda-vilanova-e-contemplada-com-r-161-mil-para-incentivo-a-jovens-do-meio-rural\\\/#breadcrumb\",\"itemListElement\":[{\"@type\":\"ListItem\",\"position\":1,\"name\":\"In\u00edcio\",\"item\":\"https:\\\/\\\/folhapopular.info\\\/\"},{\"@type\":\"ListItem\",\"position\":2,\"name\":\"Fazenda Vilanova \u00e9 contemplada com R$ 161 mil para incentivo a jovens do meio rural\"}]},{\"@type\":\"WebSite\",\"@id\":\"https:\\\/\\\/folhapopular.info\\\/#website\",\"url\":\"https:\\\/\\\/folhapopular.info\\\/\",\"name\":\"Folha Popular\",\"description\":\"Onde voc\u00ea tem vez e voz\",\"potentialAction\":[{\"@type\":\"SearchAction\",\"target\":{\"@type\":\"EntryPoint\",\"urlTemplate\":\"https:\\\/\\\/folhapopular.info\\\/?s={search_term_string}\"},\"query-input\":{\"@type\":\"PropertyValueSpecification\",\"valueRequired\":true,\"valueName\":\"search_term_string\"}}],\"inLanguage\":\"pt-BR\"},{\"@type\":\"Person\",\"@id\":\"https:\\\/\\\/folhapopular.info\\\/#\\\/schema\\\/person\\\/2814e8a0df7643585a9ca38bc6eb9d4b\",\"name\":\"Reda\u00e7\u00e3o Folha Popular\",\"image\":{\"@type\":\"ImageObject\",\"inLanguage\":\"pt-BR\",\"@id\":\"https:\\\/\\\/folhapopular.info\\\/wp-content\\\/uploads\\\/2026\\\/04\\\/Folha-1.webp\",\"url\":\"https:\\\/\\\/folhapopular.info\\\/wp-content\\\/uploads\\\/2026\\\/04\\\/Folha-1.webp\",\"contentUrl\":\"https:\\\/\\\/folhapopular.info\\\/wp-content\\\/uploads\\\/2026\\\/04\\\/Folha-1.webp\",\"caption\":\"Reda\u00e7\u00e3o Folha Popular\"},\"url\":\"https:\\\/\\\/folhapopular.info\\\/index.php\\\/author\\\/redacao\\\/\"}]}<\/script>\n<!-- \/ Yoast SEO plugin. -->","yoast_head_json":{"title":"Fazenda Vilanova \u00e9 contemplada com R$ 161 mil para incentivo a jovens do meio rural - Folha Popular","robots":{"index":"index","follow":"follow","max-snippet":"max-snippet:-1","max-image-preview":"max-image-preview:large","max-video-preview":"max-video-preview:-1"},"canonical":"https:\/\/folhapopular.info\/index.php\/2025\/04\/11\/fazenda-vilanova-e-contemplada-com-r-161-mil-para-incentivo-a-jovens-do-meio-rural\/","og_locale":"pt_BR","og_type":"article","og_title":"Fazenda Vilanova \u00e9 contemplada com R$ 161 mil para incentivo a jovens do meio rural - Folha Popular","og_description":"O munic\u00edpio de Fazenda Vilanova foi um dos contemplados na Consulta Popular 2024 com um projeto para jovens no campo. O projeto \u201cFomento para jovens no campo: apoio a projetos produtivos e \u00e0 perman\u00eancia de jovens nas \u00e1reas rurais\u201d, garantiu o repasse de R$ 161 mil para a\u00e7\u00f5es que incentivem a sucess\u00e3o rural e a [&hellip;]","og_url":"https:\/\/folhapopular.info\/index.php\/2025\/04\/11\/fazenda-vilanova-e-contemplada-com-r-161-mil-para-incentivo-a-jovens-do-meio-rural\/","og_site_name":"Folha Popular","article_published_time":"2025-04-11T13:34:42+00:00","article_modified_time":"2025-04-11T13:37:09+00:00","og_image":[{"width":750,"height":500,"url":"http:\/\/folhapopular.info\/wp-content\/uploads\/2024\/08\/agricultura-familiar-1.jpeg","type":"image\/jpeg"}],"author":"Reda\u00e7\u00e3o Folha Popular","twitter_card":"summary_large_image","twitter_misc":{"Escrito por":"Reda\u00e7\u00e3o Folha Popular","Est. tempo de leitura":"2 minutos"},"schema":{"@context":"https:\/\/schema.org","@graph":[{"@type":"Article","@id":"https:\/\/folhapopular.info\/index.php\/2025\/04\/11\/fazenda-vilanova-e-contemplada-com-r-161-mil-para-incentivo-a-jovens-do-meio-rural\/#article","isPartOf":{"@id":"https:\/\/folhapopular.info\/index.php\/2025\/04\/11\/fazenda-vilanova-e-contemplada-com-r-161-mil-para-incentivo-a-jovens-do-meio-rural\/"},"author":{"name":"Reda\u00e7\u00e3o Folha Popular","@id":"https:\/\/folhapopular.info\/#\/schema\/person\/2814e8a0df7643585a9ca38bc6eb9d4b"},"headline":"Fazenda Vilanova \u00e9 contemplada com R$ 161 mil para incentivo a jovens do meio rural","datePublished":"2025-04-11T13:34:42+00:00","dateModified":"2025-04-11T13:37:09+00:00","mainEntityOfPage":{"@id":"https:\/\/folhapopular.info\/index.php\/2025\/04\/11\/fazenda-vilanova-e-contemplada-com-r-161-mil-para-incentivo-a-jovens-do-meio-rural\/"},"wordCount":209,"commentCount":0,"image":{"@id":"https:\/\/folhapopular.info\/index.php\/2025\/04\/11\/fazenda-vilanova-e-contemplada-com-r-161-mil-para-incentivo-a-jovens-do-meio-rural\/#primaryimage"},"thumbnailUrl":"https:\/\/folhapopular.info\/wp-content\/uploads\/2024\/08\/agricultura-familiar-1.jpeg","keywords":["Agricultura Familiar","Consulta Popular","Fazenda Vilanova","rural"],"articleSection":["Destaques","Economia","Rural"],"inLanguage":"pt-BR","potentialAction":[{"@type":"CommentAction","name":"Comment","target":["https:\/\/folhapopular.info\/index.php\/2025\/04\/11\/fazenda-vilanova-e-contemplada-com-r-161-mil-para-incentivo-a-jovens-do-meio-rural\/#respond"]}]},{"@type":"WebPage","@id":"https:\/\/folhapopular.info\/index.php\/2025\/04\/11\/fazenda-vilanova-e-contemplada-com-r-161-mil-para-incentivo-a-jovens-do-meio-rural\/","url":"https:\/\/folhapopular.info\/index.php\/2025\/04\/11\/fazenda-vilanova-e-contemplada-com-r-161-mil-para-incentivo-a-jovens-do-meio-rural\/","name":"Fazenda Vilanova \u00e9 contemplada com R$ 161 mil para incentivo a jovens do meio rural - Folha Popular","isPartOf":{"@id":"https:\/\/folhapopular.info\/#website"},"primaryImageOfPage":{"@id":"https:\/\/folhapopular.info\/index.php\/2025\/04\/11\/fazenda-vilanova-e-contemplada-com-r-161-mil-para-incentivo-a-jovens-do-meio-rural\/#primaryimage"},"image":{"@id":"https:\/\/folhapopular.info\/index.php\/2025\/04\/11\/fazenda-vilanova-e-contemplada-com-r-161-mil-para-incentivo-a-jovens-do-meio-rural\/#primaryimage"},"thumbnailUrl":"https:\/\/folhapopular.info\/wp-content\/uploads\/2024\/08\/agricultura-familiar-1.jpeg","datePublished":"2025-04-11T13:34:42+00:00","dateModified":"2025-04-11T13:37:09+00:00","author":{"@id":"https:\/\/folhapopular.info\/#\/schema\/person\/2814e8a0df7643585a9ca38bc6eb9d4b"},"breadcrumb":{"@id":"https:\/\/folhapopular.info\/index.php\/2025\/04\/11\/fazenda-vilanova-e-contemplada-com-r-161-mil-para-incentivo-a-jovens-do-meio-rural\/#breadcrumb"},"inLanguage":"pt-BR","potentialAction":[{"@type":"ReadAction","target":["https:\/\/folhapopular.info\/index.php\/2025\/04\/11\/fazenda-vilanova-e-contemplada-com-r-161-mil-para-incentivo-a-jovens-do-meio-rural\/"]}]},{"@type":"ImageObject","inLanguage":"pt-BR","@id":"https:\/\/folhapopular.info\/index.php\/2025\/04\/11\/fazenda-vilanova-e-contemplada-com-r-161-mil-para-incentivo-a-jovens-do-meio-rural\/#primaryimage","url":"https:\/\/folhapopular.info\/wp-content\/uploads\/2024\/08\/agricultura-familiar-1.jpeg","contentUrl":"https:\/\/folhapopular.info\/wp-content\/uploads\/2024\/08\/agricultura-familiar-1.jpeg","width":750,"height":500,"caption":"Cr\u00e9dito: Divulga\u00e7\u00e3o"},{"@type":"BreadcrumbList","@id":"https:\/\/folhapopular.info\/index.php\/2025\/04\/11\/fazenda-vilanova-e-contemplada-com-r-161-mil-para-incentivo-a-jovens-do-meio-rural\/#breadcrumb","itemListElement":[{"@type":"ListItem","position":1,"name":"In\u00edcio","item":"https:\/\/folhapopular.info\/"},{"@type":"ListItem","position":2,"name":"Fazenda Vilanova \u00e9 contemplada com R$ 161 mil para incentivo a jovens do meio rural"}]},{"@type":"WebSite","@id":"https:\/\/folhapopular.info\/#website","url":"https:\/\/folhapopular.info\/","name":"Folha Popular","description":"Onde voc\u00ea tem vez e voz","potentialAction":[{"@type":"SearchAction","target":{"@type":"EntryPoint","urlTemplate":"https:\/\/folhapopular.info\/?s={search_term_string}"},"query-input":{"@type":"PropertyValueSpecification","valueRequired":true,"valueName":"search_term_string"}}],"inLanguage":"pt-BR"},{"@type":"Person","@id":"https:\/\/folhapopular.info\/#\/schema\/person\/2814e8a0df7643585a9ca38bc6eb9d4b","name":"Reda\u00e7\u00e3o Folha Popular","image":{"@type":"ImageObject","inLanguage":"pt-BR","@id":"https:\/\/folhapopular.info\/wp-content\/uploads\/2026\/04\/Folha-1.webp","url":"https:\/\/folhapopular.info\/wp-content\/uploads\/2026\/04\/Folha-1.webp","contentUrl":"https:\/\/folhapopular.info\/wp-content\/uploads\/2026\/04\/Folha-1.webp","caption":"Reda\u00e7\u00e3o Folha Popular"},"url":"https:\/\/folhapopular.info\/index.php\/author\/redacao\/"}]}},"jetpack_featured_media_url":"https:\/\/folhapopular.info\/wp-content\/uploads\/2024\/08\/agricultura-familiar-1.jpeg","jetpack_sharing_enabled":true,"amp_enabled":true,"_links":{"self":[{"href":"https:\/\/folhapopular.info\/index.php\/wp-json\/wp\/v2\/posts\/184443","targetHints":{"allow":["GET"]}}],"collection":[{"href":"https:\/\/folhapopular.info\/index.php\/wp-json\/wp\/v2\/posts"}],"about":[{"href":"https:\/\/folhapopular.info\/index.php\/wp-json\/wp\/v2\/types\/post"}],"author":[{"embeddable":true,"href":"https:\/\/folhapopular.info\/index.php\/wp-json\/wp\/v2\/users\/8"}],"replies":[{"embeddable":true,"href":"https:\/\/folhapopular.info\/index.php\/wp-json\/wp\/v2\/comments?post=184443"}],"version-history":[{"count":0,"href":"https:\/\/folhapopular.info\/index.php\/wp-json\/wp\/v2\/posts\/184443\/revisions"}],"wp:featuredmedia":[{"embeddable":true,"href":"https:\/\/folhapopular.info\/index.php\/wp-json\/wp\/v2\/media\/165248"}],"wp:attachment":[{"href":"https:\/\/folhapopular.info\/index.php\/wp-json\/wp\/v2\/media?parent=184443"}],"wp:term":[{"taxonomy":"category","embeddable":true,"href":"https:\/\/folhapopular.info\/index.php\/wp-json\/wp\/v2\/categories?post=184443"},{"taxonomy":"post_tag","embeddable":true,"href":"https:\/\/folhapopular.info\/index.php\/wp-json\/wp\/v2\/tags?post=184443"}],"curies":[{"name":"wp","href":"https:\/\/api.w.org\/{rel}","templated":true}]}}