{"id":184494,"date":"2025-04-11T19:36:57","date_gmt":"2025-04-11T22:36:57","guid":{"rendered":"https:\/\/folhapopular.info\/?p=184494"},"modified":"2025-04-11T19:37:09","modified_gmt":"2025-04-11T22:37:09","slug":"foco-de-2025-da-ale-sera-na-formacao-e-representatividade-regional","status":"publish","type":"post","link":"https:\/\/folhapopular.info\/index.php\/2025\/04\/11\/foco-de-2025-da-ale-sera-na-formacao-e-representatividade-regional\/","title":{"rendered":"Foco de 2025 da ALE ser\u00e1 na forma\u00e7\u00e3o e representatividade regional"},"content":{"rendered":"\n<p>A Associa\u00e7\u00e3o Lajeado de Esportes (ALE) se prepara para as competi\u00e7\u00f5es de 2025. A temporada atual j\u00e1 come\u00e7a neste s\u00e1bado (11\/4), com a disputa da primeira divis\u00e3o do Campeonato Ga\u00facho Sub-17. Os lajeadenses representam Lajeado e o Vale do Taquari em diversas competi\u00e7\u00f5es e almejam um poss\u00edvel ingresso no futebol profissional.<\/p>\n\n\n\n<p>A estreia da ALE no Gauch\u00e3o Sub-17 ser\u00e1 contra o Aimor\u00e9, fora de casa, em S\u00e3o Leopoldo. A primeira partida como mandante est\u00e1 prevista para o s\u00e1bado de P\u00e1scoa (19\/4), contra o S\u00e3o Luiz de Iju\u00ed, embora o clube tente antecipar a data por conta do feriado.<\/p>\n\n\n\n<p>Esta \u00e9 a terceira edi\u00e7\u00e3o do Gauch\u00e3o Sub-17 desde a cria\u00e7\u00e3o do <em>ranking<\/em> da Federa\u00e7\u00e3o Ga\u00facha de Futebol (FGF) para as categorias de base.<br>A ALE est\u00e1 no Grupo A, ao lado do atual campe\u00e3o Juventude, Gr\u00eamio, Aimor\u00e9, Apafut, Gramadense, Novo Hamburgo e S\u00e3o Luiz. O Grupo B \u00e9 formado por Internacional, Caxias, Cruzeiro, Inter de Santa Maria, Progresso, Sulbrasil, Esportivo e Cruzeiro de Santiago.<\/p>\n\n\n\n<p>Na primeira fase, os times se enfrentam em turno \u00fanico dentro dos grupos. Os quatro melhores de cada chave avan\u00e7am \u00e0s quartas de final, e os dois \u00faltimos colocados na classifica\u00e7\u00e3o geral ser\u00e3o rebaixados para o Sub-17 A2 de 2026. As fases finais ter\u00e3o jogos de ida e volta. Em 2024, a ALE ficou em 5\u00ba no Grupo B e n\u00e3o avan\u00e7ou.<\/p>\n\n\n\n<p>O coordenador da ALE, Samuel Sebben, destaca o crescimento da equipe. \u201cA categoria Sub-17 da ALE surgiu em 2023. Fomos campe\u00f5es ao lado do Inter de Santa Maria, ap\u00f3s a final n\u00e3o ser realizada por conta das enchentes. Em 2024 jogamos a primeira divis\u00e3o e agora, em 2025, seguimos na principal competi\u00e7\u00e3o e representamos n\u00e3o apenas Lajeado, mas toda a regi\u00e3o\u201d afirma.<\/p>\n\n\n\n<p>Al\u00e9m do Sub-17, a ALE tamb\u00e9m disputar\u00e1 o estadual Sub-15, no qual foi vice-campe\u00e3 em 2023, perdendo a final para o Gr\u00eamio. A estreia na nova edi\u00e7\u00e3o est\u00e1 prevista para o dia 3 de maio. A equipe ainda estuda a participa\u00e7\u00e3o na categoria Sub-20 para o segundo semestre, desta vez na Divis\u00e3o de Acessos.<\/p>\n\n\n\n<p>\u201cNosso foco \u00e9 oferecer minutagem e oportunidades para os atletas. Muitos jovens da nossa regi\u00e3o e de outros estados v\u00eam para a ALE em busca de espa\u00e7o. J\u00e1 temos tr\u00eas jogadores treinando com o Lajeadense para a Divis\u00e3o de Acesso e cogitamos mais empr\u00e9stimos ou solu\u00e7\u00f5es para o aproveitamento cont\u00ednuo e integral de todos\u201d, comenta Sebben.<\/p>\n\n\n\n<p>Embora n\u00e3o tenha mais v\u00ednculo institucional com o Clube Esportivo Lajeadense, a ALE mant\u00e9m uma rela\u00e7\u00e3o de parceria. Atletas e profissionais formados pela associa\u00e7\u00e3o refor\u00e7am o elenco do clube tradicional de Lajeado. Um exemplo recente \u00e9 o preparador f\u00edsico da equipe Sub-17, que se juntou ao Lajeadense para a disputa da Divis\u00e3o de Acessos ao Gauch\u00e3o e retornar\u00e1 \u00e0 ALE no fim da competi\u00e7\u00e3o.<\/p>\n\n\n\n<h3 class=\"wp-block-heading\"><strong>Projeto e filosofia<\/strong><\/h3>\n\n\n\n<p>Samuel tamb\u00e9m revela que a entidade pensa em disputar a Terceirona Ga\u00facha (terceira divis\u00e3o estadual) no futuro, mas com objetivos bem claros e filosofia definida: dar rodagem aos atletas da base, formar novos jogadores e sem a press\u00e3o de necessariamente subir de divis\u00e3o a qualquer custo.<\/p>\n\n\n\n<p>\u201cA ideia n\u00e3o \u00e9 fazer loucuras ou trazer jogadores de fora apenas para subir de divis\u00e3o. Queremos manter nossa ess\u00eancia, formar atletas e dar oportunidades para todos. Se um atleta de 2005 ainda estiver conosco e precisar de mais tempo, ele ser\u00e1 mantido. Mas n\u00e3o abriremos vagas para jogadores com 21 anos de fora do nosso projeto\u201d, explica.<\/p>\n\n\n\n<p>O trabalho da ALE tamb\u00e9m se destaca pelo bom relacionamento com escolinhas da regi\u00e3o. A associa\u00e7\u00e3o realiza parcerias com projetos como a Juventus (Teut\u00f4nia), o Rui Barbosa (Arroio do Meio), Edu Fut (Santa Clara do Sul), clubes de Roca Sales e Encantado, entre outros.<\/p>\n\n\n\n<p>\u201cSomos parceiros das escolinhas. Se gostamos de algum atleta, conversamos com os professores. Eles continuam treinando na escolinha e v\u00eam \u00e0 ALE quando poss\u00edvel, sempre com prioridade de onde vieram. Queremos dar mais visibilidade, n\u00e3o tirar ningu\u00e9m de onde est\u00e1\u201d, afirma Sebben.<\/p>\n\n\n\n<p>A filosofia firme do clube \u00e9 valorizada na regi\u00e3o por manter o foco na base e evitar \u201caventuras\u201d financeiras, muito comuns entre clubes do interior, que acabam comprometendo seus or\u00e7amentos ao tentar crescer de forma desordenada e desorganizada.<\/p>\n\n\n\n<p>Atualmente, Douglas Bertoldi comanda as categorias Sub-17 e Sub-20. J\u00e1 o Sub-15 est\u00e1 sob responsabilidade de Djalmo da Rosa, que assumiu ap\u00f3s o antigo treinador da equipe ser contratado pelo Juventude.<\/p>\n\n\n\n<p>A ALE manda seus jogos em Cruzeiro do Sul, na estrutura da Sociedade S\u00e3o Rafael, devido \u00e0 exig\u00eancia de Plano de Preven\u00e7\u00e3o e Prote\u00e7\u00e3o Contra Inc\u00eandios (PPCI) para partidas oficiais organizadas pela Federa\u00e7\u00e3o Ga\u00facha de Futebol.<\/p>\n\n\n\n<h3 class=\"wp-block-heading\"><strong>Acompanhe a entrevista:<\/strong><\/h3>\n\n\n\n<figure class=\"wp-block-embed is-type-video is-provider-youtube wp-block-embed-youtube wp-embed-aspect-16-9 wp-has-aspect-ratio\"><div class=\"wp-block-embed__wrapper\">\n<div class=\"youtube-embed\" data-video_id=\"GCPmulJmCoo\"><iframe loading=\"lazy\" title=\"BOLA NA TRAVE | Proje\u00e7\u00f5es da ALE para 2025\" width=\"696\" height=\"392\" src=\"https:\/\/www.youtube.com\/embed\/GCPmulJmCoo?start=519&#038;feature=oembed\" frameborder=\"0\" allow=\"accelerometer; autoplay; clipboard-write; encrypted-media; gyroscope; picture-in-picture; web-share\" referrerpolicy=\"strict-origin-when-cross-origin\" allowfullscreen><\/iframe><\/div>\n<\/div><\/figure>\n","protected":false},"excerpt":{"rendered":"<p>A Associa\u00e7\u00e3o Lajeado de Esportes (ALE) se prepara para as competi\u00e7\u00f5es de 2025. A temporada atual j\u00e1 come\u00e7a neste s\u00e1bado (11\/4), com a disputa da primeira divis\u00e3o do Campeonato Ga\u00facho Sub-17. Os lajeadenses representam Lajeado e o Vale do Taquari em diversas competi\u00e7\u00f5es e almejam um poss\u00edvel ingresso no futebol profissional. A estreia da ALE [&hellip;]<\/p>\n","protected":false},"author":732,"featured_media":184495,"comment_status":"open","ping_status":"open","sticky":false,"template":"","format":"standard","meta":{"pmpro_default_level":"","_jetpack_memberships_contains_paid_content":false,"footnotes":""},"categories":[5],"tags":[15988,964,18431,498,8156],"class_list":{"0":"post-184494","1":"post","2":"type-post","3":"status-publish","4":"format-standard","5":"has-post-thumbnail","7":"category-esportes","8":"tag-ale-lajeado","9":"tag-categorias-de-base","10":"tag-formacao-de-atletas","11":"tag-futebol","12":"tag-representatividade","13":"pmpro-has-access"},"yoast_head":"<!-- This site is optimized with the Yoast SEO plugin v27.5 - https:\/\/yoast.com\/product\/yoast-seo-wordpress\/ -->\n<title>Foco de 2025 da ALE ser\u00e1 na forma\u00e7\u00e3o e representatividade regional - Folha Popular<\/title>\n<meta name=\"robots\" content=\"index, follow, max-snippet:-1, max-image-preview:large, max-video-preview:-1\" \/>\n<link rel=\"canonical\" href=\"https:\/\/folhapopular.info\/index.php\/2025\/04\/11\/foco-de-2025-da-ale-sera-na-formacao-e-representatividade-regional\/\" \/>\n<meta property=\"og:locale\" content=\"pt_BR\" \/>\n<meta property=\"og:type\" content=\"article\" \/>\n<meta property=\"og:title\" content=\"Foco de 2025 da ALE ser\u00e1 na forma\u00e7\u00e3o e representatividade regional - Folha Popular\" \/>\n<meta property=\"og:description\" content=\"A Associa\u00e7\u00e3o Lajeado de Esportes (ALE) se prepara para as competi\u00e7\u00f5es de 2025. A temporada atual j\u00e1 come\u00e7a neste s\u00e1bado (11\/4), com a disputa da primeira divis\u00e3o do Campeonato Ga\u00facho Sub-17. Os lajeadenses representam Lajeado e o Vale do Taquari em diversas competi\u00e7\u00f5es e almejam um poss\u00edvel ingresso no futebol profissional. A estreia da ALE [&hellip;]\" \/>\n<meta property=\"og:url\" content=\"https:\/\/folhapopular.info\/index.php\/2025\/04\/11\/foco-de-2025-da-ale-sera-na-formacao-e-representatividade-regional\/\" \/>\n<meta property=\"og:site_name\" content=\"Folha Popular\" \/>\n<meta property=\"article:author\" content=\"https:\/\/www.facebook.com\/luis.huppes\/\" \/>\n<meta property=\"article:published_time\" content=\"2025-04-11T22:36:57+00:00\" \/>\n<meta property=\"article:modified_time\" content=\"2025-04-11T22:37:09+00:00\" \/>\n<meta property=\"og:image\" content=\"http:\/\/folhapopular.info\/wp-content\/uploads\/2025\/04\/Sub-17-da-Ale-ja-entra-em-campo-no-fim-de-semana-para-a-disputa-do-Campeoanto-Gaucho_Ale_Divulgacao.jpeg\" \/>\n\t<meta property=\"og:image:width\" content=\"1600\" \/>\n\t<meta property=\"og:image:height\" content=\"903\" \/>\n\t<meta property=\"og:image:type\" content=\"image\/jpeg\" \/>\n<meta name=\"author\" content=\"Luis Augusto Huppes\" \/>\n<meta name=\"twitter:card\" content=\"summary_large_image\" \/>\n<meta name=\"twitter:label1\" content=\"Escrito por\" \/>\n\t<meta name=\"twitter:data1\" content=\"Luis Augusto Huppes\" \/>\n\t<meta name=\"twitter:label2\" content=\"Est. tempo de leitura\" \/>\n\t<meta name=\"twitter:data2\" content=\"5 minutos\" \/>\n<script type=\"application\/ld+json\" class=\"yoast-schema-graph\">{\"@context\":\"https:\\\/\\\/schema.org\",\"@graph\":[{\"@type\":\"Article\",\"@id\":\"https:\\\/\\\/folhapopular.info\\\/index.php\\\/2025\\\/04\\\/11\\\/foco-de-2025-da-ale-sera-na-formacao-e-representatividade-regional\\\/#article\",\"isPartOf\":{\"@id\":\"https:\\\/\\\/folhapopular.info\\\/index.php\\\/2025\\\/04\\\/11\\\/foco-de-2025-da-ale-sera-na-formacao-e-representatividade-regional\\\/\"},\"author\":{\"name\":\"Luis Augusto Huppes\",\"@id\":\"https:\\\/\\\/folhapopular.info\\\/#\\\/schema\\\/person\\\/e852c327371714676d02e58cf917fd9f\"},\"headline\":\"Foco de 2025 da ALE ser\u00e1 na forma\u00e7\u00e3o e representatividade regional\",\"datePublished\":\"2025-04-11T22:36:57+00:00\",\"dateModified\":\"2025-04-11T22:37:09+00:00\",\"mainEntityOfPage\":{\"@id\":\"https:\\\/\\\/folhapopular.info\\\/index.php\\\/2025\\\/04\\\/11\\\/foco-de-2025-da-ale-sera-na-formacao-e-representatividade-regional\\\/\"},\"wordCount\":846,\"commentCount\":0,\"image\":{\"@id\":\"https:\\\/\\\/folhapopular.info\\\/index.php\\\/2025\\\/04\\\/11\\\/foco-de-2025-da-ale-sera-na-formacao-e-representatividade-regional\\\/#primaryimage\"},\"thumbnailUrl\":\"https:\\\/\\\/folhapopular.info\\\/wp-content\\\/uploads\\\/2025\\\/04\\\/Sub-17-da-Ale-ja-entra-em-campo-no-fim-de-semana-para-a-disputa-do-Campeoanto-Gaucho_Ale_Divulgacao.jpeg\",\"keywords\":[\"Ale Lajeado\",\"Categorias de base\",\"forma\u00e7\u00e3o de atletas\",\"Futebol\",\"Representatividade\"],\"articleSection\":[\"Esportes\"],\"inLanguage\":\"pt-BR\",\"potentialAction\":[{\"@type\":\"CommentAction\",\"name\":\"Comment\",\"target\":[\"https:\\\/\\\/folhapopular.info\\\/index.php\\\/2025\\\/04\\\/11\\\/foco-de-2025-da-ale-sera-na-formacao-e-representatividade-regional\\\/#respond\"]}]},{\"@type\":\"WebPage\",\"@id\":\"https:\\\/\\\/folhapopular.info\\\/index.php\\\/2025\\\/04\\\/11\\\/foco-de-2025-da-ale-sera-na-formacao-e-representatividade-regional\\\/\",\"url\":\"https:\\\/\\\/folhapopular.info\\\/index.php\\\/2025\\\/04\\\/11\\\/foco-de-2025-da-ale-sera-na-formacao-e-representatividade-regional\\\/\",\"name\":\"Foco de 2025 da ALE ser\u00e1 na forma\u00e7\u00e3o e representatividade regional - Folha Popular\",\"isPartOf\":{\"@id\":\"https:\\\/\\\/folhapopular.info\\\/#website\"},\"primaryImageOfPage\":{\"@id\":\"https:\\\/\\\/folhapopular.info\\\/index.php\\\/2025\\\/04\\\/11\\\/foco-de-2025-da-ale-sera-na-formacao-e-representatividade-regional\\\/#primaryimage\"},\"image\":{\"@id\":\"https:\\\/\\\/folhapopular.info\\\/index.php\\\/2025\\\/04\\\/11\\\/foco-de-2025-da-ale-sera-na-formacao-e-representatividade-regional\\\/#primaryimage\"},\"thumbnailUrl\":\"https:\\\/\\\/folhapopular.info\\\/wp-content\\\/uploads\\\/2025\\\/04\\\/Sub-17-da-Ale-ja-entra-em-campo-no-fim-de-semana-para-a-disputa-do-Campeoanto-Gaucho_Ale_Divulgacao.jpeg\",\"datePublished\":\"2025-04-11T22:36:57+00:00\",\"dateModified\":\"2025-04-11T22:37:09+00:00\",\"author\":{\"@id\":\"https:\\\/\\\/folhapopular.info\\\/#\\\/schema\\\/person\\\/e852c327371714676d02e58cf917fd9f\"},\"breadcrumb\":{\"@id\":\"https:\\\/\\\/folhapopular.info\\\/index.php\\\/2025\\\/04\\\/11\\\/foco-de-2025-da-ale-sera-na-formacao-e-representatividade-regional\\\/#breadcrumb\"},\"inLanguage\":\"pt-BR\",\"potentialAction\":[{\"@type\":\"ReadAction\",\"target\":[\"https:\\\/\\\/folhapopular.info\\\/index.php\\\/2025\\\/04\\\/11\\\/foco-de-2025-da-ale-sera-na-formacao-e-representatividade-regional\\\/\"]}]},{\"@type\":\"ImageObject\",\"inLanguage\":\"pt-BR\",\"@id\":\"https:\\\/\\\/folhapopular.info\\\/index.php\\\/2025\\\/04\\\/11\\\/foco-de-2025-da-ale-sera-na-formacao-e-representatividade-regional\\\/#primaryimage\",\"url\":\"https:\\\/\\\/folhapopular.info\\\/wp-content\\\/uploads\\\/2025\\\/04\\\/Sub-17-da-Ale-ja-entra-em-campo-no-fim-de-semana-para-a-disputa-do-Campeoanto-Gaucho_Ale_Divulgacao.jpeg\",\"contentUrl\":\"https:\\\/\\\/folhapopular.info\\\/wp-content\\\/uploads\\\/2025\\\/04\\\/Sub-17-da-Ale-ja-entra-em-campo-no-fim-de-semana-para-a-disputa-do-Campeoanto-Gaucho_Ale_Divulgacao.jpeg\",\"width\":1600,\"height\":903,\"caption\":\"Sub-17 da Ale j\u00e1 entra em campo no fim de semana para a disputa do Campeonato Ga\u00facho - Cr\u00e9dito: Ale \\\/ Divulga\u00e7\u00e3o\"},{\"@type\":\"BreadcrumbList\",\"@id\":\"https:\\\/\\\/folhapopular.info\\\/index.php\\\/2025\\\/04\\\/11\\\/foco-de-2025-da-ale-sera-na-formacao-e-representatividade-regional\\\/#breadcrumb\",\"itemListElement\":[{\"@type\":\"ListItem\",\"position\":1,\"name\":\"In\u00edcio\",\"item\":\"https:\\\/\\\/folhapopular.info\\\/\"},{\"@type\":\"ListItem\",\"position\":2,\"name\":\"Foco de 2025 da ALE ser\u00e1 na forma\u00e7\u00e3o e representatividade regional\"}]},{\"@type\":\"WebSite\",\"@id\":\"https:\\\/\\\/folhapopular.info\\\/#website\",\"url\":\"https:\\\/\\\/folhapopular.info\\\/\",\"name\":\"Folha Popular\",\"description\":\"Onde voc\u00ea tem vez e voz\",\"potentialAction\":[{\"@type\":\"SearchAction\",\"target\":{\"@type\":\"EntryPoint\",\"urlTemplate\":\"https:\\\/\\\/folhapopular.info\\\/?s={search_term_string}\"},\"query-input\":{\"@type\":\"PropertyValueSpecification\",\"valueRequired\":true,\"valueName\":\"search_term_string\"}}],\"inLanguage\":\"pt-BR\"},{\"@type\":\"Person\",\"@id\":\"https:\\\/\\\/folhapopular.info\\\/#\\\/schema\\\/person\\\/e852c327371714676d02e58cf917fd9f\",\"name\":\"Luis Augusto Huppes\",\"image\":{\"@type\":\"ImageObject\",\"inLanguage\":\"pt-BR\",\"@id\":\"https:\\\/\\\/folhapopular.info\\\/wp-content\\\/uploads\\\/2026\\\/04\\\/Luis-Augusto-Huppes-1-1.webp\",\"url\":\"https:\\\/\\\/folhapopular.info\\\/wp-content\\\/uploads\\\/2026\\\/04\\\/Luis-Augusto-Huppes-1-1.webp\",\"contentUrl\":\"https:\\\/\\\/folhapopular.info\\\/wp-content\\\/uploads\\\/2026\\\/04\\\/Luis-Augusto-Huppes-1-1.webp\",\"caption\":\"Luis Augusto Huppes\"},\"sameAs\":[\"https:\\\/\\\/www.facebook.com\\\/luis.huppes\\\/\",\"https:\\\/\\\/www.instagram.com\\\/luis.huppes\\\/\",\"https:\\\/\\\/www.linkedin.com\\\/in\\\/luis-augusto-huppes-2554b52b7\\\/\"],\"url\":\"https:\\\/\\\/folhapopular.info\\\/index.php\\\/author\\\/luis-augusto-huppes\\\/\"}]}<\/script>\n<!-- \/ Yoast SEO plugin. -->","yoast_head_json":{"title":"Foco de 2025 da ALE ser\u00e1 na forma\u00e7\u00e3o e representatividade regional - Folha Popular","robots":{"index":"index","follow":"follow","max-snippet":"max-snippet:-1","max-image-preview":"max-image-preview:large","max-video-preview":"max-video-preview:-1"},"canonical":"https:\/\/folhapopular.info\/index.php\/2025\/04\/11\/foco-de-2025-da-ale-sera-na-formacao-e-representatividade-regional\/","og_locale":"pt_BR","og_type":"article","og_title":"Foco de 2025 da ALE ser\u00e1 na forma\u00e7\u00e3o e representatividade regional - Folha Popular","og_description":"A Associa\u00e7\u00e3o Lajeado de Esportes (ALE) se prepara para as competi\u00e7\u00f5es de 2025. A temporada atual j\u00e1 come\u00e7a neste s\u00e1bado (11\/4), com a disputa da primeira divis\u00e3o do Campeonato Ga\u00facho Sub-17. Os lajeadenses representam Lajeado e o Vale do Taquari em diversas competi\u00e7\u00f5es e almejam um poss\u00edvel ingresso no futebol profissional. A estreia da ALE [&hellip;]","og_url":"https:\/\/folhapopular.info\/index.php\/2025\/04\/11\/foco-de-2025-da-ale-sera-na-formacao-e-representatividade-regional\/","og_site_name":"Folha Popular","article_author":"https:\/\/www.facebook.com\/luis.huppes\/","article_published_time":"2025-04-11T22:36:57+00:00","article_modified_time":"2025-04-11T22:37:09+00:00","og_image":[{"width":1600,"height":903,"url":"http:\/\/folhapopular.info\/wp-content\/uploads\/2025\/04\/Sub-17-da-Ale-ja-entra-em-campo-no-fim-de-semana-para-a-disputa-do-Campeoanto-Gaucho_Ale_Divulgacao.jpeg","type":"image\/jpeg"}],"author":"Luis Augusto Huppes","twitter_card":"summary_large_image","twitter_misc":{"Escrito por":"Luis Augusto Huppes","Est. tempo de leitura":"5 minutos"},"schema":{"@context":"https:\/\/schema.org","@graph":[{"@type":"Article","@id":"https:\/\/folhapopular.info\/index.php\/2025\/04\/11\/foco-de-2025-da-ale-sera-na-formacao-e-representatividade-regional\/#article","isPartOf":{"@id":"https:\/\/folhapopular.info\/index.php\/2025\/04\/11\/foco-de-2025-da-ale-sera-na-formacao-e-representatividade-regional\/"},"author":{"name":"Luis Augusto Huppes","@id":"https:\/\/folhapopular.info\/#\/schema\/person\/e852c327371714676d02e58cf917fd9f"},"headline":"Foco de 2025 da ALE ser\u00e1 na forma\u00e7\u00e3o e representatividade regional","datePublished":"2025-04-11T22:36:57+00:00","dateModified":"2025-04-11T22:37:09+00:00","mainEntityOfPage":{"@id":"https:\/\/folhapopular.info\/index.php\/2025\/04\/11\/foco-de-2025-da-ale-sera-na-formacao-e-representatividade-regional\/"},"wordCount":846,"commentCount":0,"image":{"@id":"https:\/\/folhapopular.info\/index.php\/2025\/04\/11\/foco-de-2025-da-ale-sera-na-formacao-e-representatividade-regional\/#primaryimage"},"thumbnailUrl":"https:\/\/folhapopular.info\/wp-content\/uploads\/2025\/04\/Sub-17-da-Ale-ja-entra-em-campo-no-fim-de-semana-para-a-disputa-do-Campeoanto-Gaucho_Ale_Divulgacao.jpeg","keywords":["Ale Lajeado","Categorias de base","forma\u00e7\u00e3o de atletas","Futebol","Representatividade"],"articleSection":["Esportes"],"inLanguage":"pt-BR","potentialAction":[{"@type":"CommentAction","name":"Comment","target":["https:\/\/folhapopular.info\/index.php\/2025\/04\/11\/foco-de-2025-da-ale-sera-na-formacao-e-representatividade-regional\/#respond"]}]},{"@type":"WebPage","@id":"https:\/\/folhapopular.info\/index.php\/2025\/04\/11\/foco-de-2025-da-ale-sera-na-formacao-e-representatividade-regional\/","url":"https:\/\/folhapopular.info\/index.php\/2025\/04\/11\/foco-de-2025-da-ale-sera-na-formacao-e-representatividade-regional\/","name":"Foco de 2025 da ALE ser\u00e1 na forma\u00e7\u00e3o e representatividade regional - Folha Popular","isPartOf":{"@id":"https:\/\/folhapopular.info\/#website"},"primaryImageOfPage":{"@id":"https:\/\/folhapopular.info\/index.php\/2025\/04\/11\/foco-de-2025-da-ale-sera-na-formacao-e-representatividade-regional\/#primaryimage"},"image":{"@id":"https:\/\/folhapopular.info\/index.php\/2025\/04\/11\/foco-de-2025-da-ale-sera-na-formacao-e-representatividade-regional\/#primaryimage"},"thumbnailUrl":"https:\/\/folhapopular.info\/wp-content\/uploads\/2025\/04\/Sub-17-da-Ale-ja-entra-em-campo-no-fim-de-semana-para-a-disputa-do-Campeoanto-Gaucho_Ale_Divulgacao.jpeg","datePublished":"2025-04-11T22:36:57+00:00","dateModified":"2025-04-11T22:37:09+00:00","author":{"@id":"https:\/\/folhapopular.info\/#\/schema\/person\/e852c327371714676d02e58cf917fd9f"},"breadcrumb":{"@id":"https:\/\/folhapopular.info\/index.php\/2025\/04\/11\/foco-de-2025-da-ale-sera-na-formacao-e-representatividade-regional\/#breadcrumb"},"inLanguage":"pt-BR","potentialAction":[{"@type":"ReadAction","target":["https:\/\/folhapopular.info\/index.php\/2025\/04\/11\/foco-de-2025-da-ale-sera-na-formacao-e-representatividade-regional\/"]}]},{"@type":"ImageObject","inLanguage":"pt-BR","@id":"https:\/\/folhapopular.info\/index.php\/2025\/04\/11\/foco-de-2025-da-ale-sera-na-formacao-e-representatividade-regional\/#primaryimage","url":"https:\/\/folhapopular.info\/wp-content\/uploads\/2025\/04\/Sub-17-da-Ale-ja-entra-em-campo-no-fim-de-semana-para-a-disputa-do-Campeoanto-Gaucho_Ale_Divulgacao.jpeg","contentUrl":"https:\/\/folhapopular.info\/wp-content\/uploads\/2025\/04\/Sub-17-da-Ale-ja-entra-em-campo-no-fim-de-semana-para-a-disputa-do-Campeoanto-Gaucho_Ale_Divulgacao.jpeg","width":1600,"height":903,"caption":"Sub-17 da Ale j\u00e1 entra em campo no fim de semana para a disputa do Campeonato Ga\u00facho - Cr\u00e9dito: Ale \/ Divulga\u00e7\u00e3o"},{"@type":"BreadcrumbList","@id":"https:\/\/folhapopular.info\/index.php\/2025\/04\/11\/foco-de-2025-da-ale-sera-na-formacao-e-representatividade-regional\/#breadcrumb","itemListElement":[{"@type":"ListItem","position":1,"name":"In\u00edcio","item":"https:\/\/folhapopular.info\/"},{"@type":"ListItem","position":2,"name":"Foco de 2025 da ALE ser\u00e1 na forma\u00e7\u00e3o e representatividade regional"}]},{"@type":"WebSite","@id":"https:\/\/folhapopular.info\/#website","url":"https:\/\/folhapopular.info\/","name":"Folha Popular","description":"Onde voc\u00ea tem vez e voz","potentialAction":[{"@type":"SearchAction","target":{"@type":"EntryPoint","urlTemplate":"https:\/\/folhapopular.info\/?s={search_term_string}"},"query-input":{"@type":"PropertyValueSpecification","valueRequired":true,"valueName":"search_term_string"}}],"inLanguage":"pt-BR"},{"@type":"Person","@id":"https:\/\/folhapopular.info\/#\/schema\/person\/e852c327371714676d02e58cf917fd9f","name":"Luis Augusto Huppes","image":{"@type":"ImageObject","inLanguage":"pt-BR","@id":"https:\/\/folhapopular.info\/wp-content\/uploads\/2026\/04\/Luis-Augusto-Huppes-1-1.webp","url":"https:\/\/folhapopular.info\/wp-content\/uploads\/2026\/04\/Luis-Augusto-Huppes-1-1.webp","contentUrl":"https:\/\/folhapopular.info\/wp-content\/uploads\/2026\/04\/Luis-Augusto-Huppes-1-1.webp","caption":"Luis Augusto Huppes"},"sameAs":["https:\/\/www.facebook.com\/luis.huppes\/","https:\/\/www.instagram.com\/luis.huppes\/","https:\/\/www.linkedin.com\/in\/luis-augusto-huppes-2554b52b7\/"],"url":"https:\/\/folhapopular.info\/index.php\/author\/luis-augusto-huppes\/"}]}},"jetpack_featured_media_url":"https:\/\/folhapopular.info\/wp-content\/uploads\/2025\/04\/Sub-17-da-Ale-ja-entra-em-campo-no-fim-de-semana-para-a-disputa-do-Campeoanto-Gaucho_Ale_Divulgacao.jpeg","jetpack_sharing_enabled":true,"amp_enabled":true,"_links":{"self":[{"href":"https:\/\/folhapopular.info\/index.php\/wp-json\/wp\/v2\/posts\/184494","targetHints":{"allow":["GET"]}}],"collection":[{"href":"https:\/\/folhapopular.info\/index.php\/wp-json\/wp\/v2\/posts"}],"about":[{"href":"https:\/\/folhapopular.info\/index.php\/wp-json\/wp\/v2\/types\/post"}],"author":[{"embeddable":true,"href":"https:\/\/folhapopular.info\/index.php\/wp-json\/wp\/v2\/users\/732"}],"replies":[{"embeddable":true,"href":"https:\/\/folhapopular.info\/index.php\/wp-json\/wp\/v2\/comments?post=184494"}],"version-history":[{"count":0,"href":"https:\/\/folhapopular.info\/index.php\/wp-json\/wp\/v2\/posts\/184494\/revisions"}],"wp:featuredmedia":[{"embeddable":true,"href":"https:\/\/folhapopular.info\/index.php\/wp-json\/wp\/v2\/media\/184495"}],"wp:attachment":[{"href":"https:\/\/folhapopular.info\/index.php\/wp-json\/wp\/v2\/media?parent=184494"}],"wp:term":[{"taxonomy":"category","embeddable":true,"href":"https:\/\/folhapopular.info\/index.php\/wp-json\/wp\/v2\/categories?post=184494"},{"taxonomy":"post_tag","embeddable":true,"href":"https:\/\/folhapopular.info\/index.php\/wp-json\/wp\/v2\/tags?post=184494"}],"curies":[{"name":"wp","href":"https:\/\/api.w.org\/{rel}","templated":true}]}}