{"id":184652,"date":"2025-04-14T10:00:00","date_gmt":"2025-04-14T13:00:00","guid":{"rendered":"https:\/\/folhapopular.info\/?p=184652"},"modified":"2025-04-14T08:35:01","modified_gmt":"2025-04-14T11:35:01","slug":"apae-lajeado-promove-primeira-festa-de-pascoa","status":"publish","type":"post","link":"https:\/\/folhapopular.info\/index.php\/2025\/04\/14\/apae-lajeado-promove-primeira-festa-de-pascoa\/","title":{"rendered":"Apae Lajeado promove primeira Festa de P\u00e1scoa"},"content":{"rendered":"\n<p>Na tarde de s\u00e1bado (12\/4), a Associa\u00e7\u00e3o de Pais e Amigos dos Excepcionais (Apae) promoveu a primeira edi\u00e7\u00e3o da sua Festa de P\u00e1scoa voltada a estudantes, assistidos e familiares. O evento reuniu mais de 100 pessoas e proporcionou uma programa\u00e7\u00e3o especial, repleta de momentos de integra\u00e7\u00e3o, reflex\u00e3o e celebra\u00e7\u00e3o.<\/p>\n\n\n\n<p>Os participantes foram recepcionados ao som do grupo instrumental do Projeto Arte Inclusiva, acompanhado pelo professor Marcelo Fortes, que apresentou um repert\u00f3rio com cl\u00e1ssicos da m\u00fasica brasileira. Em seguida, o grupo de dan\u00e7a do mesmo projeto emocionou o p\u00fablico com uma encena\u00e7\u00e3o sobre a morte e ressurrei\u00e7\u00e3o de Jesus Cristo. A apresenta\u00e7\u00e3o foi coordenada pelo professor de dan\u00e7a Jackson Augusto e pelas professoras Bruna Ferreira e Janine Gueno, respons\u00e1veis tamb\u00e9m pela organiza\u00e7\u00e3o geral do evento.<\/p>\n\n\n\n<figure class=\"wp-block-image size-large\"><img loading=\"lazy\" decoding=\"async\" width=\"1024\" height=\"683\" src=\"https:\/\/folhapopular.info\/wp-content\/uploads\/2025\/04\/encenacao-pascoa-1024x683.jpg\" alt=\"\" class=\"wp-image-184654\" srcset=\"https:\/\/folhapopular.info\/wp-content\/uploads\/2025\/04\/encenacao-pascoa-1024x683.jpg 1024w, https:\/\/folhapopular.info\/wp-content\/uploads\/2025\/04\/encenacao-pascoa-300x200.jpg 300w, https:\/\/folhapopular.info\/wp-content\/uploads\/2025\/04\/encenacao-pascoa-768x512.jpg 768w, https:\/\/folhapopular.info\/wp-content\/uploads\/2025\/04\/encenacao-pascoa-1536x1024.jpg 1536w, https:\/\/folhapopular.info\/wp-content\/uploads\/2025\/04\/encenacao-pascoa-2048x1365.jpg 2048w, https:\/\/folhapopular.info\/wp-content\/uploads\/2025\/04\/encenacao-pascoa-630x420.jpg 630w, https:\/\/folhapopular.info\/wp-content\/uploads\/2025\/04\/encenacao-pascoa-696x464.jpg 696w, https:\/\/folhapopular.info\/wp-content\/uploads\/2025\/04\/encenacao-pascoa-1068x712.jpg 1068w, https:\/\/folhapopular.info\/wp-content\/uploads\/2025\/04\/encenacao-pascoa-1920x1280.jpg 1920w\" sizes=\"auto, (max-width: 1024px) 100vw, 1024px\" \/><figcaption class=\"wp-element-caption\">Cr\u00e9dito: Divulga\u00e7\u00e3o \/ Apae<\/figcaption><\/figure>\n\n\n\n<p>Al\u00e9m das atividades culturais, foram distribu\u00eddos doces, balas e picol\u00e9s, e os participantes puderam adquirir past\u00e9is e bebidas. A programa\u00e7\u00e3o tamb\u00e9m contou com a tradicional Ca\u00e7a ao Ninho, que envolveu as fam\u00edlias em uma divertida busca pelos ovos de P\u00e1scoa.<\/p>\n\n\n\n<p>De acordo com a diretora da Apae, Ana Paula Rech, esta foi a primeira vez que a entidade abriu a comemora\u00e7\u00e3o da P\u00e1scoa \u00e0s fam\u00edlias. \u201cConseguimos organizar a festa em um s\u00e1bado \u00e0 tarde, o que facilitou a participa\u00e7\u00e3o de todos. A ideia foi n\u00e3o apenas celebrar a data, mas tamb\u00e9m proporcionar um momento de reflex\u00e3o. A pe\u00e7a de teatro foi um dos pontos altos, trazendo uma mensagem especial sobre o verdadeiro significado da P\u00e1scoa\u201d, destacou. <\/p>\n\n\n\n<p>Para o professor Jackson Augusto, a realiza\u00e7\u00e3o da festa foi um marco importante. \u201cPensamos em um evento que fosse significativo para os alunos, usu\u00e1rios e suas fam\u00edlias. Desde o sucesso da festa de Natal, v\u00ednhamos planejando algo especial que unisse alegria, inclus\u00e3o e afeto\u201d, explicou. <\/p>\n\n\n\n<p>Outro destaque foi a atividade com o \u201ccri-cri\u201d, doce t\u00edpico feito com amendoim e a\u00e7\u00facar, organizada pelos assistidos do Grupo de Conviv\u00eancia, sob orienta\u00e7\u00e3o da professora Marilene Almeida. Eles ajudaram a decorar casquinhas e produzir os pr\u00f3prios cri-cris. Os respons\u00e1veis ainda tiveram a oportunidade de compartilhar esse momento com os filhos, participando da montagem dos doces.<\/p>\n\n\n\n<figure class=\"wp-block-image size-large\"><img loading=\"lazy\" decoding=\"async\" width=\"1024\" height=\"683\" src=\"https:\/\/folhapopular.info\/wp-content\/uploads\/2025\/04\/cri-cri-1024x683.jpg\" alt=\"\" class=\"wp-image-184653\" srcset=\"https:\/\/folhapopular.info\/wp-content\/uploads\/2025\/04\/cri-cri-1024x683.jpg 1024w, https:\/\/folhapopular.info\/wp-content\/uploads\/2025\/04\/cri-cri-300x200.jpg 300w, https:\/\/folhapopular.info\/wp-content\/uploads\/2025\/04\/cri-cri-768x512.jpg 768w, https:\/\/folhapopular.info\/wp-content\/uploads\/2025\/04\/cri-cri-1536x1024.jpg 1536w, https:\/\/folhapopular.info\/wp-content\/uploads\/2025\/04\/cri-cri-2048x1365.jpg 2048w, https:\/\/folhapopular.info\/wp-content\/uploads\/2025\/04\/cri-cri-630x420.jpg 630w, https:\/\/folhapopular.info\/wp-content\/uploads\/2025\/04\/cri-cri-696x464.jpg 696w, https:\/\/folhapopular.info\/wp-content\/uploads\/2025\/04\/cri-cri-1068x712.jpg 1068w, https:\/\/folhapopular.info\/wp-content\/uploads\/2025\/04\/cri-cri-1920x1280.jpg 1920w\" sizes=\"auto, (max-width: 1024px) 100vw, 1024px\" \/><figcaption class=\"wp-element-caption\">Cr\u00e9dito: Divulga\u00e7\u00e3o \/ Apae Lajeado<\/figcaption><\/figure>\n\n\n\n<p><\/p>\n","protected":false},"excerpt":{"rendered":"<p>Na tarde de s\u00e1bado (12\/4), a Associa\u00e7\u00e3o de Pais e Amigos dos Excepcionais (Apae) promoveu a primeira edi\u00e7\u00e3o da sua Festa de P\u00e1scoa voltada a estudantes, assistidos e familiares. O evento reuniu mais de 100 pessoas e proporcionou uma programa\u00e7\u00e3o especial, repleta de momentos de integra\u00e7\u00e3o, reflex\u00e3o e celebra\u00e7\u00e3o. Os participantes foram recepcionados ao som [&hellip;]<\/p>\n","protected":false},"author":8,"featured_media":184655,"comment_status":"open","ping_status":"open","sticky":false,"template":"","format":"standard","meta":{"pmpro_default_level":"","_jetpack_memberships_contains_paid_content":false,"footnotes":""},"categories":[2,6],"tags":[887,12095,27,2367],"class_list":{"0":"post-184652","1":"post","2":"type-post","3":"status-publish","4":"format-standard","5":"has-post-thumbnail","7":"category-featured","8":"category-inclusive","9":"tag-apae","10":"tag-apae-lajeado","11":"tag-lajeado","12":"tag-pascoa","13":"pmpro-has-access"},"yoast_head":"<!-- This site is optimized with the Yoast SEO plugin v27.5 - https:\/\/yoast.com\/product\/yoast-seo-wordpress\/ -->\n<title>Apae Lajeado promove primeira Festa de P\u00e1scoa - Folha Popular<\/title>\n<meta name=\"robots\" content=\"index, follow, max-snippet:-1, max-image-preview:large, max-video-preview:-1\" \/>\n<link rel=\"canonical\" href=\"https:\/\/folhapopular.info\/index.php\/2025\/04\/14\/apae-lajeado-promove-primeira-festa-de-pascoa\/\" \/>\n<meta property=\"og:locale\" content=\"pt_BR\" \/>\n<meta property=\"og:type\" content=\"article\" \/>\n<meta property=\"og:title\" content=\"Apae Lajeado promove primeira Festa de P\u00e1scoa - Folha Popular\" \/>\n<meta property=\"og:description\" content=\"Na tarde de s\u00e1bado (12\/4), a Associa\u00e7\u00e3o de Pais e Amigos dos Excepcionais (Apae) promoveu a primeira edi\u00e7\u00e3o da sua Festa de P\u00e1scoa voltada a estudantes, assistidos e familiares. O evento reuniu mais de 100 pessoas e proporcionou uma programa\u00e7\u00e3o especial, repleta de momentos de integra\u00e7\u00e3o, reflex\u00e3o e celebra\u00e7\u00e3o. Os participantes foram recepcionados ao som [&hellip;]\" \/>\n<meta property=\"og:url\" content=\"https:\/\/folhapopular.info\/index.php\/2025\/04\/14\/apae-lajeado-promove-primeira-festa-de-pascoa\/\" \/>\n<meta property=\"og:site_name\" content=\"Folha Popular\" \/>\n<meta property=\"article:published_time\" content=\"2025-04-14T13:00:00+00:00\" \/>\n<meta property=\"og:image\" content=\"https:\/\/folhapopular.info\/wp-content\/uploads\/2025\/04\/visita-coelho.jpg\" \/>\n\t<meta property=\"og:image:width\" content=\"2304\" \/>\n\t<meta property=\"og:image:height\" content=\"1536\" \/>\n\t<meta property=\"og:image:type\" content=\"image\/jpeg\" \/>\n<meta name=\"author\" content=\"Reda\u00e7\u00e3o Folha Popular\" \/>\n<meta name=\"twitter:card\" content=\"summary_large_image\" \/>\n<meta name=\"twitter:label1\" content=\"Escrito por\" \/>\n\t<meta name=\"twitter:data1\" content=\"Reda\u00e7\u00e3o Folha Popular\" \/>\n\t<meta name=\"twitter:label2\" content=\"Est. tempo de leitura\" \/>\n\t<meta name=\"twitter:data2\" content=\"3 minutos\" \/>\n<script type=\"application\/ld+json\" class=\"yoast-schema-graph\">{\"@context\":\"https:\\\/\\\/schema.org\",\"@graph\":[{\"@type\":\"Article\",\"@id\":\"https:\\\/\\\/folhapopular.info\\\/index.php\\\/2025\\\/04\\\/14\\\/apae-lajeado-promove-primeira-festa-de-pascoa\\\/#article\",\"isPartOf\":{\"@id\":\"https:\\\/\\\/folhapopular.info\\\/index.php\\\/2025\\\/04\\\/14\\\/apae-lajeado-promove-primeira-festa-de-pascoa\\\/\"},\"author\":{\"name\":\"Reda\u00e7\u00e3o Folha Popular\",\"@id\":\"https:\\\/\\\/folhapopular.info\\\/#\\\/schema\\\/person\\\/2814e8a0df7643585a9ca38bc6eb9d4b\"},\"headline\":\"Apae Lajeado promove primeira Festa de P\u00e1scoa\",\"datePublished\":\"2025-04-14T13:00:00+00:00\",\"mainEntityOfPage\":{\"@id\":\"https:\\\/\\\/folhapopular.info\\\/index.php\\\/2025\\\/04\\\/14\\\/apae-lajeado-promove-primeira-festa-de-pascoa\\\/\"},\"wordCount\":407,\"commentCount\":0,\"image\":{\"@id\":\"https:\\\/\\\/folhapopular.info\\\/index.php\\\/2025\\\/04\\\/14\\\/apae-lajeado-promove-primeira-festa-de-pascoa\\\/#primaryimage\"},\"thumbnailUrl\":\"https:\\\/\\\/folhapopular.info\\\/wp-content\\\/uploads\\\/2025\\\/04\\\/visita-coelho.jpg\",\"keywords\":[\"Apae\",\"apae lajeado\",\"Lajeado\",\"P\u00e1scoa\"],\"articleSection\":[\"Destaques\",\"Inclusive\"],\"inLanguage\":\"pt-BR\",\"potentialAction\":[{\"@type\":\"CommentAction\",\"name\":\"Comment\",\"target\":[\"https:\\\/\\\/folhapopular.info\\\/index.php\\\/2025\\\/04\\\/14\\\/apae-lajeado-promove-primeira-festa-de-pascoa\\\/#respond\"]}]},{\"@type\":\"WebPage\",\"@id\":\"https:\\\/\\\/folhapopular.info\\\/index.php\\\/2025\\\/04\\\/14\\\/apae-lajeado-promove-primeira-festa-de-pascoa\\\/\",\"url\":\"https:\\\/\\\/folhapopular.info\\\/index.php\\\/2025\\\/04\\\/14\\\/apae-lajeado-promove-primeira-festa-de-pascoa\\\/\",\"name\":\"Apae Lajeado promove primeira Festa de P\u00e1scoa - Folha Popular\",\"isPartOf\":{\"@id\":\"https:\\\/\\\/folhapopular.info\\\/#website\"},\"primaryImageOfPage\":{\"@id\":\"https:\\\/\\\/folhapopular.info\\\/index.php\\\/2025\\\/04\\\/14\\\/apae-lajeado-promove-primeira-festa-de-pascoa\\\/#primaryimage\"},\"image\":{\"@id\":\"https:\\\/\\\/folhapopular.info\\\/index.php\\\/2025\\\/04\\\/14\\\/apae-lajeado-promove-primeira-festa-de-pascoa\\\/#primaryimage\"},\"thumbnailUrl\":\"https:\\\/\\\/folhapopular.info\\\/wp-content\\\/uploads\\\/2025\\\/04\\\/visita-coelho.jpg\",\"datePublished\":\"2025-04-14T13:00:00+00:00\",\"author\":{\"@id\":\"https:\\\/\\\/folhapopular.info\\\/#\\\/schema\\\/person\\\/2814e8a0df7643585a9ca38bc6eb9d4b\"},\"breadcrumb\":{\"@id\":\"https:\\\/\\\/folhapopular.info\\\/index.php\\\/2025\\\/04\\\/14\\\/apae-lajeado-promove-primeira-festa-de-pascoa\\\/#breadcrumb\"},\"inLanguage\":\"pt-BR\",\"potentialAction\":[{\"@type\":\"ReadAction\",\"target\":[\"https:\\\/\\\/folhapopular.info\\\/index.php\\\/2025\\\/04\\\/14\\\/apae-lajeado-promove-primeira-festa-de-pascoa\\\/\"]}]},{\"@type\":\"ImageObject\",\"inLanguage\":\"pt-BR\",\"@id\":\"https:\\\/\\\/folhapopular.info\\\/index.php\\\/2025\\\/04\\\/14\\\/apae-lajeado-promove-primeira-festa-de-pascoa\\\/#primaryimage\",\"url\":\"https:\\\/\\\/folhapopular.info\\\/wp-content\\\/uploads\\\/2025\\\/04\\\/visita-coelho.jpg\",\"contentUrl\":\"https:\\\/\\\/folhapopular.info\\\/wp-content\\\/uploads\\\/2025\\\/04\\\/visita-coelho.jpg\",\"width\":2304,\"height\":1536,\"caption\":\"Cr\u00e9dito: Divulga\u00e7\u00e3o \\\/ Apae Lajeado\"},{\"@type\":\"BreadcrumbList\",\"@id\":\"https:\\\/\\\/folhapopular.info\\\/index.php\\\/2025\\\/04\\\/14\\\/apae-lajeado-promove-primeira-festa-de-pascoa\\\/#breadcrumb\",\"itemListElement\":[{\"@type\":\"ListItem\",\"position\":1,\"name\":\"In\u00edcio\",\"item\":\"https:\\\/\\\/folhapopular.info\\\/\"},{\"@type\":\"ListItem\",\"position\":2,\"name\":\"Apae Lajeado promove primeira Festa de P\u00e1scoa\"}]},{\"@type\":\"WebSite\",\"@id\":\"https:\\\/\\\/folhapopular.info\\\/#website\",\"url\":\"https:\\\/\\\/folhapopular.info\\\/\",\"name\":\"Folha Popular\",\"description\":\"Onde voc\u00ea tem vez e voz\",\"potentialAction\":[{\"@type\":\"SearchAction\",\"target\":{\"@type\":\"EntryPoint\",\"urlTemplate\":\"https:\\\/\\\/folhapopular.info\\\/?s={search_term_string}\"},\"query-input\":{\"@type\":\"PropertyValueSpecification\",\"valueRequired\":true,\"valueName\":\"search_term_string\"}}],\"inLanguage\":\"pt-BR\"},{\"@type\":\"Person\",\"@id\":\"https:\\\/\\\/folhapopular.info\\\/#\\\/schema\\\/person\\\/2814e8a0df7643585a9ca38bc6eb9d4b\",\"name\":\"Reda\u00e7\u00e3o Folha Popular\",\"image\":{\"@type\":\"ImageObject\",\"inLanguage\":\"pt-BR\",\"@id\":\"https:\\\/\\\/folhapopular.info\\\/wp-content\\\/uploads\\\/2026\\\/04\\\/Folha-1.webp\",\"url\":\"https:\\\/\\\/folhapopular.info\\\/wp-content\\\/uploads\\\/2026\\\/04\\\/Folha-1.webp\",\"contentUrl\":\"https:\\\/\\\/folhapopular.info\\\/wp-content\\\/uploads\\\/2026\\\/04\\\/Folha-1.webp\",\"caption\":\"Reda\u00e7\u00e3o Folha Popular\"},\"url\":\"https:\\\/\\\/folhapopular.info\\\/index.php\\\/author\\\/redacao\\\/\"}]}<\/script>\n<!-- \/ Yoast SEO plugin. -->","yoast_head_json":{"title":"Apae Lajeado promove primeira Festa de P\u00e1scoa - Folha Popular","robots":{"index":"index","follow":"follow","max-snippet":"max-snippet:-1","max-image-preview":"max-image-preview:large","max-video-preview":"max-video-preview:-1"},"canonical":"https:\/\/folhapopular.info\/index.php\/2025\/04\/14\/apae-lajeado-promove-primeira-festa-de-pascoa\/","og_locale":"pt_BR","og_type":"article","og_title":"Apae Lajeado promove primeira Festa de P\u00e1scoa - Folha Popular","og_description":"Na tarde de s\u00e1bado (12\/4), a Associa\u00e7\u00e3o de Pais e Amigos dos Excepcionais (Apae) promoveu a primeira edi\u00e7\u00e3o da sua Festa de P\u00e1scoa voltada a estudantes, assistidos e familiares. O evento reuniu mais de 100 pessoas e proporcionou uma programa\u00e7\u00e3o especial, repleta de momentos de integra\u00e7\u00e3o, reflex\u00e3o e celebra\u00e7\u00e3o. Os participantes foram recepcionados ao som [&hellip;]","og_url":"https:\/\/folhapopular.info\/index.php\/2025\/04\/14\/apae-lajeado-promove-primeira-festa-de-pascoa\/","og_site_name":"Folha Popular","article_published_time":"2025-04-14T13:00:00+00:00","og_image":[{"width":2304,"height":1536,"url":"https:\/\/folhapopular.info\/wp-content\/uploads\/2025\/04\/visita-coelho.jpg","type":"image\/jpeg"}],"author":"Reda\u00e7\u00e3o Folha Popular","twitter_card":"summary_large_image","twitter_misc":{"Escrito por":"Reda\u00e7\u00e3o Folha Popular","Est. tempo de leitura":"3 minutos"},"schema":{"@context":"https:\/\/schema.org","@graph":[{"@type":"Article","@id":"https:\/\/folhapopular.info\/index.php\/2025\/04\/14\/apae-lajeado-promove-primeira-festa-de-pascoa\/#article","isPartOf":{"@id":"https:\/\/folhapopular.info\/index.php\/2025\/04\/14\/apae-lajeado-promove-primeira-festa-de-pascoa\/"},"author":{"name":"Reda\u00e7\u00e3o Folha Popular","@id":"https:\/\/folhapopular.info\/#\/schema\/person\/2814e8a0df7643585a9ca38bc6eb9d4b"},"headline":"Apae Lajeado promove primeira Festa de P\u00e1scoa","datePublished":"2025-04-14T13:00:00+00:00","mainEntityOfPage":{"@id":"https:\/\/folhapopular.info\/index.php\/2025\/04\/14\/apae-lajeado-promove-primeira-festa-de-pascoa\/"},"wordCount":407,"commentCount":0,"image":{"@id":"https:\/\/folhapopular.info\/index.php\/2025\/04\/14\/apae-lajeado-promove-primeira-festa-de-pascoa\/#primaryimage"},"thumbnailUrl":"https:\/\/folhapopular.info\/wp-content\/uploads\/2025\/04\/visita-coelho.jpg","keywords":["Apae","apae lajeado","Lajeado","P\u00e1scoa"],"articleSection":["Destaques","Inclusive"],"inLanguage":"pt-BR","potentialAction":[{"@type":"CommentAction","name":"Comment","target":["https:\/\/folhapopular.info\/index.php\/2025\/04\/14\/apae-lajeado-promove-primeira-festa-de-pascoa\/#respond"]}]},{"@type":"WebPage","@id":"https:\/\/folhapopular.info\/index.php\/2025\/04\/14\/apae-lajeado-promove-primeira-festa-de-pascoa\/","url":"https:\/\/folhapopular.info\/index.php\/2025\/04\/14\/apae-lajeado-promove-primeira-festa-de-pascoa\/","name":"Apae Lajeado promove primeira Festa de P\u00e1scoa - Folha Popular","isPartOf":{"@id":"https:\/\/folhapopular.info\/#website"},"primaryImageOfPage":{"@id":"https:\/\/folhapopular.info\/index.php\/2025\/04\/14\/apae-lajeado-promove-primeira-festa-de-pascoa\/#primaryimage"},"image":{"@id":"https:\/\/folhapopular.info\/index.php\/2025\/04\/14\/apae-lajeado-promove-primeira-festa-de-pascoa\/#primaryimage"},"thumbnailUrl":"https:\/\/folhapopular.info\/wp-content\/uploads\/2025\/04\/visita-coelho.jpg","datePublished":"2025-04-14T13:00:00+00:00","author":{"@id":"https:\/\/folhapopular.info\/#\/schema\/person\/2814e8a0df7643585a9ca38bc6eb9d4b"},"breadcrumb":{"@id":"https:\/\/folhapopular.info\/index.php\/2025\/04\/14\/apae-lajeado-promove-primeira-festa-de-pascoa\/#breadcrumb"},"inLanguage":"pt-BR","potentialAction":[{"@type":"ReadAction","target":["https:\/\/folhapopular.info\/index.php\/2025\/04\/14\/apae-lajeado-promove-primeira-festa-de-pascoa\/"]}]},{"@type":"ImageObject","inLanguage":"pt-BR","@id":"https:\/\/folhapopular.info\/index.php\/2025\/04\/14\/apae-lajeado-promove-primeira-festa-de-pascoa\/#primaryimage","url":"https:\/\/folhapopular.info\/wp-content\/uploads\/2025\/04\/visita-coelho.jpg","contentUrl":"https:\/\/folhapopular.info\/wp-content\/uploads\/2025\/04\/visita-coelho.jpg","width":2304,"height":1536,"caption":"Cr\u00e9dito: Divulga\u00e7\u00e3o \/ Apae Lajeado"},{"@type":"BreadcrumbList","@id":"https:\/\/folhapopular.info\/index.php\/2025\/04\/14\/apae-lajeado-promove-primeira-festa-de-pascoa\/#breadcrumb","itemListElement":[{"@type":"ListItem","position":1,"name":"In\u00edcio","item":"https:\/\/folhapopular.info\/"},{"@type":"ListItem","position":2,"name":"Apae Lajeado promove primeira Festa de P\u00e1scoa"}]},{"@type":"WebSite","@id":"https:\/\/folhapopular.info\/#website","url":"https:\/\/folhapopular.info\/","name":"Folha Popular","description":"Onde voc\u00ea tem vez e voz","potentialAction":[{"@type":"SearchAction","target":{"@type":"EntryPoint","urlTemplate":"https:\/\/folhapopular.info\/?s={search_term_string}"},"query-input":{"@type":"PropertyValueSpecification","valueRequired":true,"valueName":"search_term_string"}}],"inLanguage":"pt-BR"},{"@type":"Person","@id":"https:\/\/folhapopular.info\/#\/schema\/person\/2814e8a0df7643585a9ca38bc6eb9d4b","name":"Reda\u00e7\u00e3o Folha Popular","image":{"@type":"ImageObject","inLanguage":"pt-BR","@id":"https:\/\/folhapopular.info\/wp-content\/uploads\/2026\/04\/Folha-1.webp","url":"https:\/\/folhapopular.info\/wp-content\/uploads\/2026\/04\/Folha-1.webp","contentUrl":"https:\/\/folhapopular.info\/wp-content\/uploads\/2026\/04\/Folha-1.webp","caption":"Reda\u00e7\u00e3o Folha Popular"},"url":"https:\/\/folhapopular.info\/index.php\/author\/redacao\/"}]}},"jetpack_featured_media_url":"https:\/\/folhapopular.info\/wp-content\/uploads\/2025\/04\/visita-coelho.jpg","jetpack_sharing_enabled":true,"amp_enabled":true,"_links":{"self":[{"href":"https:\/\/folhapopular.info\/index.php\/wp-json\/wp\/v2\/posts\/184652","targetHints":{"allow":["GET"]}}],"collection":[{"href":"https:\/\/folhapopular.info\/index.php\/wp-json\/wp\/v2\/posts"}],"about":[{"href":"https:\/\/folhapopular.info\/index.php\/wp-json\/wp\/v2\/types\/post"}],"author":[{"embeddable":true,"href":"https:\/\/folhapopular.info\/index.php\/wp-json\/wp\/v2\/users\/8"}],"replies":[{"embeddable":true,"href":"https:\/\/folhapopular.info\/index.php\/wp-json\/wp\/v2\/comments?post=184652"}],"version-history":[{"count":0,"href":"https:\/\/folhapopular.info\/index.php\/wp-json\/wp\/v2\/posts\/184652\/revisions"}],"wp:featuredmedia":[{"embeddable":true,"href":"https:\/\/folhapopular.info\/index.php\/wp-json\/wp\/v2\/media\/184655"}],"wp:attachment":[{"href":"https:\/\/folhapopular.info\/index.php\/wp-json\/wp\/v2\/media?parent=184652"}],"wp:term":[{"taxonomy":"category","embeddable":true,"href":"https:\/\/folhapopular.info\/index.php\/wp-json\/wp\/v2\/categories?post=184652"},{"taxonomy":"post_tag","embeddable":true,"href":"https:\/\/folhapopular.info\/index.php\/wp-json\/wp\/v2\/tags?post=184652"}],"curies":[{"name":"wp","href":"https:\/\/api.w.org\/{rel}","templated":true}]}}