{"id":184669,"date":"2025-04-14T11:00:00","date_gmt":"2025-04-14T14:00:00","guid":{"rendered":"https:\/\/folhapopular.info\/?p=184669"},"modified":"2025-04-14T09:22:09","modified_gmt":"2025-04-14T12:22:09","slug":"concessao-e-sistema-free-flow-serao-debatidos-em-reuniao-almoco-da-acil-e-cic-vt","status":"publish","type":"post","link":"https:\/\/folhapopular.info\/index.php\/2025\/04\/14\/concessao-e-sistema-free-flow-serao-debatidos-em-reuniao-almoco-da-acil-e-cic-vt\/","title":{"rendered":"Concess\u00e3o e sistema Free Flow ser\u00e3o debatidos em reuni\u00e3o-almo\u00e7o da Acil e CIC-VT"},"content":{"rendered":"\n<p>A Associa\u00e7\u00e3o Comercial e Industrial de Lajeado (Acil) e a C\u00e2mara de Ind\u00fastria, Com\u00e9rcio e Servi\u00e7os do Vale do Taquari (CIC-VT) promovem, na pr\u00f3xima ter\u00e7a-feira (15\/4), uma reuni\u00e3o-almo\u00e7o (RA) em formato de painel para discutir obras estruturantes relacionadas \u00e0 concess\u00e3o da RS e a implanta\u00e7\u00e3o do sistema Free Flow. O encontro ser\u00e1 realizado no sal\u00e3o de eventos da Acil, com in\u00edcio \u00e0s 11h30min.<\/p>\n\n\n\n<p>Estar\u00e3o no painel Adelar Steffler, presidente da Associa\u00e7\u00e3o Comercial, Industrial e de Servi\u00e7os de Arroio do Meio (Acisam), da Cooperativa Valelog e da Rede Transporte; Gilberto Piccinini, presidente do Conselho de Administra\u00e7\u00e3o da Cooperativa D\u00e1lia; Ivandro Rosa, vice-presidente regional da Federa\u00e7\u00e3o das Entidades Empresariais do Rio Grande do Sul (Federasul) no Vale do Taquari; Leandro Eckert, diretor de infraestrutura da CIC-VT e Nilto Scapin, diretor de infraestrutura da Acil e presidente da Agabritas e Sindibritas do RS.<\/p>\n\n\n\n<p><strong>Inscri\u00e7\u00f5es abertas<\/strong><\/p>\n\n\n\n<p>O evento \u00e9 aberto ao p\u00fablico, mediante inscri\u00e7\u00e3o pr\u00e9via exclusivamente pelo site da Acil (<a class=\"\">www.acilajeado.org.br<\/a>). Os valores s\u00e3o de R$ 80,00 para associados da Acil e de entidades filiadas \u00e0 CIC-VT, e R$ 110,00 para n\u00e3o associados.<\/p>\n\n\n\n<p><strong>Patroc\u00ednio<\/strong><\/p>\n\n\n\n<p>As reuni\u00f5es-almo\u00e7o de 2025 da Acil contam com o patroc\u00ednio de diversas empresas e institui\u00e7\u00f5es, entre elas: Banco Regional de Desenvolvimento do Extremo Sul (BRDE), BrasRede Telecomunica\u00e7\u00f5es, CBM Materiais El\u00e9tricos, Excellence Gar\u00e7ons, Florestal Alimentos, Fruki Bebidas, Grupo Imec, Grupo RBS, Kappel Im\u00f3veis, Olicenter, Rhodoss Implementos Rodovi\u00e1rios, Sicredi Integra\u00e7\u00e3o RS\/MG, Tecnosom Sonoriza\u00e7\u00e3o, Unimed VTRP, Vincere Construtora e Wep Compliance.<\/p>\n","protected":false},"excerpt":{"rendered":"<p>A Associa\u00e7\u00e3o Comercial e Industrial de Lajeado (Acil) e a C\u00e2mara de Ind\u00fastria, Com\u00e9rcio e Servi\u00e7os do Vale do Taquari (CIC-VT) promovem, na pr\u00f3xima ter\u00e7a-feira (15\/4), uma reuni\u00e3o-almo\u00e7o (RA) em formato de painel para discutir obras estruturantes relacionadas \u00e0 concess\u00e3o da RS e a implanta\u00e7\u00e3o do sistema Free Flow. O encontro ser\u00e1 realizado no sal\u00e3o [&hellip;]<\/p>\n","protected":false},"author":8,"featured_media":184670,"comment_status":"open","ping_status":"open","sticky":false,"template":"","format":"standard","meta":{"pmpro_default_level":"","_jetpack_memberships_contains_paid_content":false,"footnotes":""},"categories":[2,10991],"tags":[214,10092,1799,12103,7417],"class_list":{"0":"post-184669","1":"post","2":"type-post","3":"status-publish","4":"format-standard","5":"has-post-thumbnail","7":"category-featured","8":"category-economia","9":"tag-acil","10":"tag-cic-vt-2","11":"tag-concessao","12":"tag-free-flow","13":"tag-reuniao-almoco-2","14":"pmpro-has-access"},"yoast_head":"<!-- This site is optimized with the Yoast SEO plugin v27.5 - https:\/\/yoast.com\/product\/yoast-seo-wordpress\/ -->\n<title>Concess\u00e3o e sistema Free Flow ser\u00e3o debatidos em reuni\u00e3o-almo\u00e7o da Acil e CIC-VT - Folha Popular<\/title>\n<meta name=\"robots\" content=\"index, follow, max-snippet:-1, max-image-preview:large, max-video-preview:-1\" \/>\n<link rel=\"canonical\" href=\"https:\/\/folhapopular.info\/index.php\/2025\/04\/14\/concessao-e-sistema-free-flow-serao-debatidos-em-reuniao-almoco-da-acil-e-cic-vt\/\" \/>\n<meta property=\"og:locale\" content=\"pt_BR\" \/>\n<meta property=\"og:type\" content=\"article\" \/>\n<meta property=\"og:title\" content=\"Concess\u00e3o e sistema Free Flow ser\u00e3o debatidos em reuni\u00e3o-almo\u00e7o da Acil e CIC-VT - Folha Popular\" \/>\n<meta property=\"og:description\" content=\"A Associa\u00e7\u00e3o Comercial e Industrial de Lajeado (Acil) e a C\u00e2mara de Ind\u00fastria, Com\u00e9rcio e Servi\u00e7os do Vale do Taquari (CIC-VT) promovem, na pr\u00f3xima ter\u00e7a-feira (15\/4), uma reuni\u00e3o-almo\u00e7o (RA) em formato de painel para discutir obras estruturantes relacionadas \u00e0 concess\u00e3o da RS e a implanta\u00e7\u00e3o do sistema Free Flow. O encontro ser\u00e1 realizado no sal\u00e3o [&hellip;]\" \/>\n<meta property=\"og:url\" content=\"https:\/\/folhapopular.info\/index.php\/2025\/04\/14\/concessao-e-sistema-free-flow-serao-debatidos-em-reuniao-almoco-da-acil-e-cic-vt\/\" \/>\n<meta property=\"og:site_name\" content=\"Folha Popular\" \/>\n<meta property=\"article:published_time\" content=\"2025-04-14T14:00:00+00:00\" \/>\n<meta property=\"og:image\" content=\"https:\/\/folhapopular.info\/wp-content\/uploads\/2025\/04\/450362_1147632_sympla.png\" \/>\n\t<meta property=\"og:image:width\" content=\"1600\" \/>\n\t<meta property=\"og:image:height\" content=\"838\" \/>\n\t<meta property=\"og:image:type\" content=\"image\/png\" \/>\n<meta name=\"author\" content=\"Reda\u00e7\u00e3o Folha Popular\" \/>\n<meta name=\"twitter:card\" content=\"summary_large_image\" \/>\n<meta name=\"twitter:label1\" content=\"Escrito por\" \/>\n\t<meta name=\"twitter:data1\" content=\"Reda\u00e7\u00e3o Folha Popular\" \/>\n\t<meta name=\"twitter:label2\" content=\"Est. tempo de leitura\" \/>\n\t<meta name=\"twitter:data2\" content=\"2 minutos\" \/>\n<script type=\"application\/ld+json\" class=\"yoast-schema-graph\">{\"@context\":\"https:\\\/\\\/schema.org\",\"@graph\":[{\"@type\":\"Article\",\"@id\":\"https:\\\/\\\/folhapopular.info\\\/index.php\\\/2025\\\/04\\\/14\\\/concessao-e-sistema-free-flow-serao-debatidos-em-reuniao-almoco-da-acil-e-cic-vt\\\/#article\",\"isPartOf\":{\"@id\":\"https:\\\/\\\/folhapopular.info\\\/index.php\\\/2025\\\/04\\\/14\\\/concessao-e-sistema-free-flow-serao-debatidos-em-reuniao-almoco-da-acil-e-cic-vt\\\/\"},\"author\":{\"name\":\"Reda\u00e7\u00e3o Folha Popular\",\"@id\":\"https:\\\/\\\/folhapopular.info\\\/#\\\/schema\\\/person\\\/2814e8a0df7643585a9ca38bc6eb9d4b\"},\"headline\":\"Concess\u00e3o e sistema Free Flow ser\u00e3o debatidos em reuni\u00e3o-almo\u00e7o da Acil e CIC-VT\",\"datePublished\":\"2025-04-14T14:00:00+00:00\",\"mainEntityOfPage\":{\"@id\":\"https:\\\/\\\/folhapopular.info\\\/index.php\\\/2025\\\/04\\\/14\\\/concessao-e-sistema-free-flow-serao-debatidos-em-reuniao-almoco-da-acil-e-cic-vt\\\/\"},\"wordCount\":290,\"commentCount\":0,\"image\":{\"@id\":\"https:\\\/\\\/folhapopular.info\\\/index.php\\\/2025\\\/04\\\/14\\\/concessao-e-sistema-free-flow-serao-debatidos-em-reuniao-almoco-da-acil-e-cic-vt\\\/#primaryimage\"},\"thumbnailUrl\":\"https:\\\/\\\/folhapopular.info\\\/wp-content\\\/uploads\\\/2025\\\/04\\\/450362_1147632_sympla.png\",\"keywords\":[\"Acil\",\"cic-vt\",\"Concess\u00e3o\",\"free flow\",\"Reuni\u00e3o-almo\u00e7o\"],\"articleSection\":[\"Destaques\",\"Economia\"],\"inLanguage\":\"pt-BR\",\"potentialAction\":[{\"@type\":\"CommentAction\",\"name\":\"Comment\",\"target\":[\"https:\\\/\\\/folhapopular.info\\\/index.php\\\/2025\\\/04\\\/14\\\/concessao-e-sistema-free-flow-serao-debatidos-em-reuniao-almoco-da-acil-e-cic-vt\\\/#respond\"]}]},{\"@type\":\"WebPage\",\"@id\":\"https:\\\/\\\/folhapopular.info\\\/index.php\\\/2025\\\/04\\\/14\\\/concessao-e-sistema-free-flow-serao-debatidos-em-reuniao-almoco-da-acil-e-cic-vt\\\/\",\"url\":\"https:\\\/\\\/folhapopular.info\\\/index.php\\\/2025\\\/04\\\/14\\\/concessao-e-sistema-free-flow-serao-debatidos-em-reuniao-almoco-da-acil-e-cic-vt\\\/\",\"name\":\"Concess\u00e3o e sistema Free Flow ser\u00e3o debatidos em reuni\u00e3o-almo\u00e7o da Acil e CIC-VT - Folha Popular\",\"isPartOf\":{\"@id\":\"https:\\\/\\\/folhapopular.info\\\/#website\"},\"primaryImageOfPage\":{\"@id\":\"https:\\\/\\\/folhapopular.info\\\/index.php\\\/2025\\\/04\\\/14\\\/concessao-e-sistema-free-flow-serao-debatidos-em-reuniao-almoco-da-acil-e-cic-vt\\\/#primaryimage\"},\"image\":{\"@id\":\"https:\\\/\\\/folhapopular.info\\\/index.php\\\/2025\\\/04\\\/14\\\/concessao-e-sistema-free-flow-serao-debatidos-em-reuniao-almoco-da-acil-e-cic-vt\\\/#primaryimage\"},\"thumbnailUrl\":\"https:\\\/\\\/folhapopular.info\\\/wp-content\\\/uploads\\\/2025\\\/04\\\/450362_1147632_sympla.png\",\"datePublished\":\"2025-04-14T14:00:00+00:00\",\"author\":{\"@id\":\"https:\\\/\\\/folhapopular.info\\\/#\\\/schema\\\/person\\\/2814e8a0df7643585a9ca38bc6eb9d4b\"},\"breadcrumb\":{\"@id\":\"https:\\\/\\\/folhapopular.info\\\/index.php\\\/2025\\\/04\\\/14\\\/concessao-e-sistema-free-flow-serao-debatidos-em-reuniao-almoco-da-acil-e-cic-vt\\\/#breadcrumb\"},\"inLanguage\":\"pt-BR\",\"potentialAction\":[{\"@type\":\"ReadAction\",\"target\":[\"https:\\\/\\\/folhapopular.info\\\/index.php\\\/2025\\\/04\\\/14\\\/concessao-e-sistema-free-flow-serao-debatidos-em-reuniao-almoco-da-acil-e-cic-vt\\\/\"]}]},{\"@type\":\"ImageObject\",\"inLanguage\":\"pt-BR\",\"@id\":\"https:\\\/\\\/folhapopular.info\\\/index.php\\\/2025\\\/04\\\/14\\\/concessao-e-sistema-free-flow-serao-debatidos-em-reuniao-almoco-da-acil-e-cic-vt\\\/#primaryimage\",\"url\":\"https:\\\/\\\/folhapopular.info\\\/wp-content\\\/uploads\\\/2025\\\/04\\\/450362_1147632_sympla.png\",\"contentUrl\":\"https:\\\/\\\/folhapopular.info\\\/wp-content\\\/uploads\\\/2025\\\/04\\\/450362_1147632_sympla.png\",\"width\":1600,\"height\":838,\"caption\":\"Cr\u00e9dito: Divulga\u00e7\u00e3o\"},{\"@type\":\"BreadcrumbList\",\"@id\":\"https:\\\/\\\/folhapopular.info\\\/index.php\\\/2025\\\/04\\\/14\\\/concessao-e-sistema-free-flow-serao-debatidos-em-reuniao-almoco-da-acil-e-cic-vt\\\/#breadcrumb\",\"itemListElement\":[{\"@type\":\"ListItem\",\"position\":1,\"name\":\"In\u00edcio\",\"item\":\"https:\\\/\\\/folhapopular.info\\\/\"},{\"@type\":\"ListItem\",\"position\":2,\"name\":\"Concess\u00e3o e sistema Free Flow ser\u00e3o debatidos em reuni\u00e3o-almo\u00e7o da Acil e CIC-VT\"}]},{\"@type\":\"WebSite\",\"@id\":\"https:\\\/\\\/folhapopular.info\\\/#website\",\"url\":\"https:\\\/\\\/folhapopular.info\\\/\",\"name\":\"Folha Popular\",\"description\":\"Onde voc\u00ea tem vez e voz\",\"potentialAction\":[{\"@type\":\"SearchAction\",\"target\":{\"@type\":\"EntryPoint\",\"urlTemplate\":\"https:\\\/\\\/folhapopular.info\\\/?s={search_term_string}\"},\"query-input\":{\"@type\":\"PropertyValueSpecification\",\"valueRequired\":true,\"valueName\":\"search_term_string\"}}],\"inLanguage\":\"pt-BR\"},{\"@type\":\"Person\",\"@id\":\"https:\\\/\\\/folhapopular.info\\\/#\\\/schema\\\/person\\\/2814e8a0df7643585a9ca38bc6eb9d4b\",\"name\":\"Reda\u00e7\u00e3o Folha Popular\",\"image\":{\"@type\":\"ImageObject\",\"inLanguage\":\"pt-BR\",\"@id\":\"https:\\\/\\\/folhapopular.info\\\/wp-content\\\/uploads\\\/2026\\\/04\\\/Folha-1.webp\",\"url\":\"https:\\\/\\\/folhapopular.info\\\/wp-content\\\/uploads\\\/2026\\\/04\\\/Folha-1.webp\",\"contentUrl\":\"https:\\\/\\\/folhapopular.info\\\/wp-content\\\/uploads\\\/2026\\\/04\\\/Folha-1.webp\",\"caption\":\"Reda\u00e7\u00e3o Folha Popular\"},\"url\":\"https:\\\/\\\/folhapopular.info\\\/index.php\\\/author\\\/redacao\\\/\"}]}<\/script>\n<!-- \/ Yoast SEO plugin. -->","yoast_head_json":{"title":"Concess\u00e3o e sistema Free Flow ser\u00e3o debatidos em reuni\u00e3o-almo\u00e7o da Acil e CIC-VT - Folha Popular","robots":{"index":"index","follow":"follow","max-snippet":"max-snippet:-1","max-image-preview":"max-image-preview:large","max-video-preview":"max-video-preview:-1"},"canonical":"https:\/\/folhapopular.info\/index.php\/2025\/04\/14\/concessao-e-sistema-free-flow-serao-debatidos-em-reuniao-almoco-da-acil-e-cic-vt\/","og_locale":"pt_BR","og_type":"article","og_title":"Concess\u00e3o e sistema Free Flow ser\u00e3o debatidos em reuni\u00e3o-almo\u00e7o da Acil e CIC-VT - Folha Popular","og_description":"A Associa\u00e7\u00e3o Comercial e Industrial de Lajeado (Acil) e a C\u00e2mara de Ind\u00fastria, Com\u00e9rcio e Servi\u00e7os do Vale do Taquari (CIC-VT) promovem, na pr\u00f3xima ter\u00e7a-feira (15\/4), uma reuni\u00e3o-almo\u00e7o (RA) em formato de painel para discutir obras estruturantes relacionadas \u00e0 concess\u00e3o da RS e a implanta\u00e7\u00e3o do sistema Free Flow. O encontro ser\u00e1 realizado no sal\u00e3o [&hellip;]","og_url":"https:\/\/folhapopular.info\/index.php\/2025\/04\/14\/concessao-e-sistema-free-flow-serao-debatidos-em-reuniao-almoco-da-acil-e-cic-vt\/","og_site_name":"Folha Popular","article_published_time":"2025-04-14T14:00:00+00:00","og_image":[{"width":1600,"height":838,"url":"https:\/\/folhapopular.info\/wp-content\/uploads\/2025\/04\/450362_1147632_sympla.png","type":"image\/png"}],"author":"Reda\u00e7\u00e3o Folha Popular","twitter_card":"summary_large_image","twitter_misc":{"Escrito por":"Reda\u00e7\u00e3o Folha Popular","Est. tempo de leitura":"2 minutos"},"schema":{"@context":"https:\/\/schema.org","@graph":[{"@type":"Article","@id":"https:\/\/folhapopular.info\/index.php\/2025\/04\/14\/concessao-e-sistema-free-flow-serao-debatidos-em-reuniao-almoco-da-acil-e-cic-vt\/#article","isPartOf":{"@id":"https:\/\/folhapopular.info\/index.php\/2025\/04\/14\/concessao-e-sistema-free-flow-serao-debatidos-em-reuniao-almoco-da-acil-e-cic-vt\/"},"author":{"name":"Reda\u00e7\u00e3o Folha Popular","@id":"https:\/\/folhapopular.info\/#\/schema\/person\/2814e8a0df7643585a9ca38bc6eb9d4b"},"headline":"Concess\u00e3o e sistema Free Flow ser\u00e3o debatidos em reuni\u00e3o-almo\u00e7o da Acil e CIC-VT","datePublished":"2025-04-14T14:00:00+00:00","mainEntityOfPage":{"@id":"https:\/\/folhapopular.info\/index.php\/2025\/04\/14\/concessao-e-sistema-free-flow-serao-debatidos-em-reuniao-almoco-da-acil-e-cic-vt\/"},"wordCount":290,"commentCount":0,"image":{"@id":"https:\/\/folhapopular.info\/index.php\/2025\/04\/14\/concessao-e-sistema-free-flow-serao-debatidos-em-reuniao-almoco-da-acil-e-cic-vt\/#primaryimage"},"thumbnailUrl":"https:\/\/folhapopular.info\/wp-content\/uploads\/2025\/04\/450362_1147632_sympla.png","keywords":["Acil","cic-vt","Concess\u00e3o","free flow","Reuni\u00e3o-almo\u00e7o"],"articleSection":["Destaques","Economia"],"inLanguage":"pt-BR","potentialAction":[{"@type":"CommentAction","name":"Comment","target":["https:\/\/folhapopular.info\/index.php\/2025\/04\/14\/concessao-e-sistema-free-flow-serao-debatidos-em-reuniao-almoco-da-acil-e-cic-vt\/#respond"]}]},{"@type":"WebPage","@id":"https:\/\/folhapopular.info\/index.php\/2025\/04\/14\/concessao-e-sistema-free-flow-serao-debatidos-em-reuniao-almoco-da-acil-e-cic-vt\/","url":"https:\/\/folhapopular.info\/index.php\/2025\/04\/14\/concessao-e-sistema-free-flow-serao-debatidos-em-reuniao-almoco-da-acil-e-cic-vt\/","name":"Concess\u00e3o e sistema Free Flow ser\u00e3o debatidos em reuni\u00e3o-almo\u00e7o da Acil e CIC-VT - Folha Popular","isPartOf":{"@id":"https:\/\/folhapopular.info\/#website"},"primaryImageOfPage":{"@id":"https:\/\/folhapopular.info\/index.php\/2025\/04\/14\/concessao-e-sistema-free-flow-serao-debatidos-em-reuniao-almoco-da-acil-e-cic-vt\/#primaryimage"},"image":{"@id":"https:\/\/folhapopular.info\/index.php\/2025\/04\/14\/concessao-e-sistema-free-flow-serao-debatidos-em-reuniao-almoco-da-acil-e-cic-vt\/#primaryimage"},"thumbnailUrl":"https:\/\/folhapopular.info\/wp-content\/uploads\/2025\/04\/450362_1147632_sympla.png","datePublished":"2025-04-14T14:00:00+00:00","author":{"@id":"https:\/\/folhapopular.info\/#\/schema\/person\/2814e8a0df7643585a9ca38bc6eb9d4b"},"breadcrumb":{"@id":"https:\/\/folhapopular.info\/index.php\/2025\/04\/14\/concessao-e-sistema-free-flow-serao-debatidos-em-reuniao-almoco-da-acil-e-cic-vt\/#breadcrumb"},"inLanguage":"pt-BR","potentialAction":[{"@type":"ReadAction","target":["https:\/\/folhapopular.info\/index.php\/2025\/04\/14\/concessao-e-sistema-free-flow-serao-debatidos-em-reuniao-almoco-da-acil-e-cic-vt\/"]}]},{"@type":"ImageObject","inLanguage":"pt-BR","@id":"https:\/\/folhapopular.info\/index.php\/2025\/04\/14\/concessao-e-sistema-free-flow-serao-debatidos-em-reuniao-almoco-da-acil-e-cic-vt\/#primaryimage","url":"https:\/\/folhapopular.info\/wp-content\/uploads\/2025\/04\/450362_1147632_sympla.png","contentUrl":"https:\/\/folhapopular.info\/wp-content\/uploads\/2025\/04\/450362_1147632_sympla.png","width":1600,"height":838,"caption":"Cr\u00e9dito: Divulga\u00e7\u00e3o"},{"@type":"BreadcrumbList","@id":"https:\/\/folhapopular.info\/index.php\/2025\/04\/14\/concessao-e-sistema-free-flow-serao-debatidos-em-reuniao-almoco-da-acil-e-cic-vt\/#breadcrumb","itemListElement":[{"@type":"ListItem","position":1,"name":"In\u00edcio","item":"https:\/\/folhapopular.info\/"},{"@type":"ListItem","position":2,"name":"Concess\u00e3o e sistema Free Flow ser\u00e3o debatidos em reuni\u00e3o-almo\u00e7o da Acil e CIC-VT"}]},{"@type":"WebSite","@id":"https:\/\/folhapopular.info\/#website","url":"https:\/\/folhapopular.info\/","name":"Folha Popular","description":"Onde voc\u00ea tem vez e voz","potentialAction":[{"@type":"SearchAction","target":{"@type":"EntryPoint","urlTemplate":"https:\/\/folhapopular.info\/?s={search_term_string}"},"query-input":{"@type":"PropertyValueSpecification","valueRequired":true,"valueName":"search_term_string"}}],"inLanguage":"pt-BR"},{"@type":"Person","@id":"https:\/\/folhapopular.info\/#\/schema\/person\/2814e8a0df7643585a9ca38bc6eb9d4b","name":"Reda\u00e7\u00e3o Folha Popular","image":{"@type":"ImageObject","inLanguage":"pt-BR","@id":"https:\/\/folhapopular.info\/wp-content\/uploads\/2026\/04\/Folha-1.webp","url":"https:\/\/folhapopular.info\/wp-content\/uploads\/2026\/04\/Folha-1.webp","contentUrl":"https:\/\/folhapopular.info\/wp-content\/uploads\/2026\/04\/Folha-1.webp","caption":"Reda\u00e7\u00e3o Folha Popular"},"url":"https:\/\/folhapopular.info\/index.php\/author\/redacao\/"}]}},"jetpack_featured_media_url":"https:\/\/folhapopular.info\/wp-content\/uploads\/2025\/04\/450362_1147632_sympla.png","jetpack_sharing_enabled":true,"amp_enabled":true,"_links":{"self":[{"href":"https:\/\/folhapopular.info\/index.php\/wp-json\/wp\/v2\/posts\/184669","targetHints":{"allow":["GET"]}}],"collection":[{"href":"https:\/\/folhapopular.info\/index.php\/wp-json\/wp\/v2\/posts"}],"about":[{"href":"https:\/\/folhapopular.info\/index.php\/wp-json\/wp\/v2\/types\/post"}],"author":[{"embeddable":true,"href":"https:\/\/folhapopular.info\/index.php\/wp-json\/wp\/v2\/users\/8"}],"replies":[{"embeddable":true,"href":"https:\/\/folhapopular.info\/index.php\/wp-json\/wp\/v2\/comments?post=184669"}],"version-history":[{"count":0,"href":"https:\/\/folhapopular.info\/index.php\/wp-json\/wp\/v2\/posts\/184669\/revisions"}],"wp:featuredmedia":[{"embeddable":true,"href":"https:\/\/folhapopular.info\/index.php\/wp-json\/wp\/v2\/media\/184670"}],"wp:attachment":[{"href":"https:\/\/folhapopular.info\/index.php\/wp-json\/wp\/v2\/media?parent=184669"}],"wp:term":[{"taxonomy":"category","embeddable":true,"href":"https:\/\/folhapopular.info\/index.php\/wp-json\/wp\/v2\/categories?post=184669"},{"taxonomy":"post_tag","embeddable":true,"href":"https:\/\/folhapopular.info\/index.php\/wp-json\/wp\/v2\/tags?post=184669"}],"curies":[{"name":"wp","href":"https:\/\/api.w.org\/{rel}","templated":true}]}}