{"id":184976,"date":"2025-04-19T20:05:44","date_gmt":"2025-04-19T23:05:44","guid":{"rendered":"https:\/\/folhapopular.info\/?p=184976"},"modified":"2025-04-19T20:05:46","modified_gmt":"2025-04-19T23:05:46","slug":"realidades-diferentes-marcam-o-primeiro-gre-nal-do-brasileirao","status":"publish","type":"post","link":"https:\/\/folhapopular.info\/index.php\/2025\/04\/19\/realidades-diferentes-marcam-o-primeiro-gre-nal-do-brasileirao\/","title":{"rendered":"Realidades diferentes marcam o primeiro Gre-Nal do Brasileir\u00e3o"},"content":{"rendered":"\n<p>O primeiro cl\u00e1ssico Gre-Nal do Campeonato Brasileiro de 2025 ser\u00e1 realizado neste s\u00e1bado (19\/4), \u00e0s 21h, na Arena do Gr\u00eamio, em Porto Alegre. A partida \u00e9 v\u00e1lida pela quinta rodada da competi\u00e7\u00e3o e ser\u00e1 o quarto cl\u00e1ssico da temporada. Desta vez, as duas equipes chegam com realidades diferentes para a partida.<\/p>\n\n\n\n<p>O Gr\u00eamio entra pressionado. A equipe vem de tr\u00eas derrotas consecutivas &#8211; a mais recente, uma goleada por 4 a 1 sofrida diante do Mirassol. O rev\u00e9s custou o cargo de Gustavo Quinteros, e o time ser\u00e1 dirigido de forma interina por James Freitas, que ter\u00e1 o suporte de Fernando L\u00e1zaro na casamata. At\u00e9 aqui, o Tricolor soma apenas uma vit\u00f3ria na competi\u00e7\u00e3o, justamente na estreia.<\/p>\n\n\n\n<p>Com o comando tempor\u00e1rio da comiss\u00e3o t\u00e9cnica, a escala\u00e7\u00e3o ainda pode sofrer altera\u00e7\u00f5es de \u00faltima hora. A tend\u00eancia \u00e9 manter a base recente, com disputas por vaga principalmente no meio-campo.<\/p>\n\n\n\n<p>Prov\u00e1vel time: Tiago Volpi; Jo\u00e3o Pedro, Jemerson, Wagner Leonardo e Marlon; Villasanti, Dodi (ou Cu\u00e9llar), Eden\u00edlson, Cristaldo (ou Monsalve) e Cristian Olivera; Braithwaite.<\/p>\n\n\n\n<p>Do outro lado, o Internacional vive um momento mais est\u00e1vel. Apesar de ter perdido para o Palmeiras por 1 a 0 no Beira-Rio na rodada passada, encerrando uma invencibilidade de 17 jogos, o Colorado chega com confian\u00e7a. Em 2025, s\u00e3o tr\u00eas cl\u00e1ssicos contra o Gr\u00eamio: dois empates e uma vit\u00f3ria por 2 a 0, conquistada fora de casa.<\/p>\n\n\n\n<p>A equipe deve manter o desenho t\u00e1tico das recentes partidas, com Alan Patrick organizando as a\u00e7\u00f5es ofensivas e Enner Valencia como refer\u00eancia no ataque. O goleiro Anthoni segue como titular.<\/p>\n\n\n\n<p>Prov\u00e1vel time: Anthoni; Aguirre, Vit\u00e3o,  e Bernabei; Fernando, Bruno Henrique, Vitinho, Alan Patrick e Wesley; Enner Valencia.<\/p>\n\n\n\n<p><strong>Arbitragem<\/strong><\/p>\n\n\n\n<p>O cl\u00e1ssico ser\u00e1 apitado por Br\u00e1ulio da Silva Machado, de Santa Catarina. Os assistentes ser\u00e3o Bruno Boschilia (Paran\u00e1) e Alex dos Santos (Santa Catarina). No comando do VAR estar\u00e1 Wagner Reway, do Esp\u00edrito Santo, e Jefferson Ferreira de Moraes, de Goi\u00e1s, atuar\u00e1 como quarto \u00e1rbitro.<\/p>\n","protected":false},"excerpt":{"rendered":"<p>O primeiro cl\u00e1ssico Gre-Nal do Campeonato Brasileiro de 2025 ser\u00e1 realizado neste s\u00e1bado (19\/4), \u00e0s 21h, na Arena do Gr\u00eamio, em Porto Alegre. A partida \u00e9 v\u00e1lida pela quinta rodada da competi\u00e7\u00e3o e ser\u00e1 o quarto cl\u00e1ssico da temporada. Desta vez, as duas equipes chegam com realidades diferentes para a partida. O Gr\u00eamio entra pressionado. [&hellip;]<\/p>\n","protected":false},"author":732,"featured_media":184977,"comment_status":"open","ping_status":"open","sticky":false,"template":"","format":"standard","meta":{"pmpro_default_level":"","_jetpack_memberships_contains_paid_content":false,"footnotes":""},"categories":[5,2243],"tags":[6339,18059,1194,1809],"class_list":{"0":"post-184976","1":"post","2":"type-post","3":"status-publish","4":"format-standard","5":"has-post-thumbnail","7":"category-esportes","8":"category-futebol-profissional","9":"tag-brasileirao","10":"tag-gre-nal","11":"tag-gremio","12":"tag-internacional","13":"pmpro-has-access"},"yoast_head":"<!-- This site is optimized with the Yoast SEO plugin v27.5 - https:\/\/yoast.com\/product\/yoast-seo-wordpress\/ -->\n<title>Realidades diferentes marcam o primeiro Gre-Nal do Brasileir\u00e3o - Folha Popular<\/title>\n<meta name=\"robots\" content=\"index, follow, max-snippet:-1, max-image-preview:large, max-video-preview:-1\" \/>\n<link rel=\"canonical\" href=\"https:\/\/folhapopular.info\/index.php\/2025\/04\/19\/realidades-diferentes-marcam-o-primeiro-gre-nal-do-brasileirao\/\" \/>\n<meta property=\"og:locale\" content=\"pt_BR\" \/>\n<meta property=\"og:type\" content=\"article\" \/>\n<meta property=\"og:title\" content=\"Realidades diferentes marcam o primeiro Gre-Nal do Brasileir\u00e3o - Folha Popular\" \/>\n<meta property=\"og:description\" content=\"O primeiro cl\u00e1ssico Gre-Nal do Campeonato Brasileiro de 2025 ser\u00e1 realizado neste s\u00e1bado (19\/4), \u00e0s 21h, na Arena do Gr\u00eamio, em Porto Alegre. A partida \u00e9 v\u00e1lida pela quinta rodada da competi\u00e7\u00e3o e ser\u00e1 o quarto cl\u00e1ssico da temporada. Desta vez, as duas equipes chegam com realidades diferentes para a partida. O Gr\u00eamio entra pressionado. [&hellip;]\" \/>\n<meta property=\"og:url\" content=\"https:\/\/folhapopular.info\/index.php\/2025\/04\/19\/realidades-diferentes-marcam-o-primeiro-gre-nal-do-brasileirao\/\" \/>\n<meta property=\"og:site_name\" content=\"Folha Popular\" \/>\n<meta property=\"article:author\" content=\"https:\/\/www.facebook.com\/luis.huppes\/\" \/>\n<meta property=\"article:published_time\" content=\"2025-04-19T23:05:44+00:00\" \/>\n<meta property=\"article:modified_time\" content=\"2025-04-19T23:05:46+00:00\" \/>\n<meta property=\"og:image\" content=\"http:\/\/folhapopular.info\/wp-content\/uploads\/2025\/04\/grenal-2-1024x576-1.jpg\" \/>\n\t<meta property=\"og:image:width\" content=\"1024\" \/>\n\t<meta property=\"og:image:height\" content=\"576\" \/>\n\t<meta property=\"og:image:type\" content=\"image\/jpeg\" \/>\n<meta name=\"author\" content=\"Luis Augusto Huppes\" \/>\n<meta name=\"twitter:card\" content=\"summary_large_image\" \/>\n<meta name=\"twitter:label1\" content=\"Escrito por\" \/>\n\t<meta name=\"twitter:data1\" content=\"Luis Augusto Huppes\" \/>\n\t<meta name=\"twitter:label2\" content=\"Est. tempo de leitura\" \/>\n\t<meta name=\"twitter:data2\" content=\"2 minutos\" \/>\n<script type=\"application\/ld+json\" class=\"yoast-schema-graph\">{\"@context\":\"https:\\\/\\\/schema.org\",\"@graph\":[{\"@type\":\"Article\",\"@id\":\"https:\\\/\\\/folhapopular.info\\\/index.php\\\/2025\\\/04\\\/19\\\/realidades-diferentes-marcam-o-primeiro-gre-nal-do-brasileirao\\\/#article\",\"isPartOf\":{\"@id\":\"https:\\\/\\\/folhapopular.info\\\/index.php\\\/2025\\\/04\\\/19\\\/realidades-diferentes-marcam-o-primeiro-gre-nal-do-brasileirao\\\/\"},\"author\":{\"name\":\"Luis Augusto Huppes\",\"@id\":\"https:\\\/\\\/folhapopular.info\\\/#\\\/schema\\\/person\\\/e852c327371714676d02e58cf917fd9f\"},\"headline\":\"Realidades diferentes marcam o primeiro Gre-Nal do Brasileir\u00e3o\",\"datePublished\":\"2025-04-19T23:05:44+00:00\",\"dateModified\":\"2025-04-19T23:05:46+00:00\",\"mainEntityOfPage\":{\"@id\":\"https:\\\/\\\/folhapopular.info\\\/index.php\\\/2025\\\/04\\\/19\\\/realidades-diferentes-marcam-o-primeiro-gre-nal-do-brasileirao\\\/\"},\"wordCount\":357,\"commentCount\":0,\"image\":{\"@id\":\"https:\\\/\\\/folhapopular.info\\\/index.php\\\/2025\\\/04\\\/19\\\/realidades-diferentes-marcam-o-primeiro-gre-nal-do-brasileirao\\\/#primaryimage\"},\"thumbnailUrl\":\"https:\\\/\\\/folhapopular.info\\\/wp-content\\\/uploads\\\/2025\\\/04\\\/grenal-2-1024x576-1.jpg\",\"keywords\":[\"Brasileir\u00e3o\",\"Gre-Nal\",\"Gr\u00eamio\",\"Internacional\"],\"articleSection\":[\"Esportes\",\"Futebol Profissional\"],\"inLanguage\":\"pt-BR\",\"potentialAction\":[{\"@type\":\"CommentAction\",\"name\":\"Comment\",\"target\":[\"https:\\\/\\\/folhapopular.info\\\/index.php\\\/2025\\\/04\\\/19\\\/realidades-diferentes-marcam-o-primeiro-gre-nal-do-brasileirao\\\/#respond\"]}]},{\"@type\":\"WebPage\",\"@id\":\"https:\\\/\\\/folhapopular.info\\\/index.php\\\/2025\\\/04\\\/19\\\/realidades-diferentes-marcam-o-primeiro-gre-nal-do-brasileirao\\\/\",\"url\":\"https:\\\/\\\/folhapopular.info\\\/index.php\\\/2025\\\/04\\\/19\\\/realidades-diferentes-marcam-o-primeiro-gre-nal-do-brasileirao\\\/\",\"name\":\"Realidades diferentes marcam o primeiro Gre-Nal do Brasileir\u00e3o - Folha Popular\",\"isPartOf\":{\"@id\":\"https:\\\/\\\/folhapopular.info\\\/#website\"},\"primaryImageOfPage\":{\"@id\":\"https:\\\/\\\/folhapopular.info\\\/index.php\\\/2025\\\/04\\\/19\\\/realidades-diferentes-marcam-o-primeiro-gre-nal-do-brasileirao\\\/#primaryimage\"},\"image\":{\"@id\":\"https:\\\/\\\/folhapopular.info\\\/index.php\\\/2025\\\/04\\\/19\\\/realidades-diferentes-marcam-o-primeiro-gre-nal-do-brasileirao\\\/#primaryimage\"},\"thumbnailUrl\":\"https:\\\/\\\/folhapopular.info\\\/wp-content\\\/uploads\\\/2025\\\/04\\\/grenal-2-1024x576-1.jpg\",\"datePublished\":\"2025-04-19T23:05:44+00:00\",\"dateModified\":\"2025-04-19T23:05:46+00:00\",\"author\":{\"@id\":\"https:\\\/\\\/folhapopular.info\\\/#\\\/schema\\\/person\\\/e852c327371714676d02e58cf917fd9f\"},\"breadcrumb\":{\"@id\":\"https:\\\/\\\/folhapopular.info\\\/index.php\\\/2025\\\/04\\\/19\\\/realidades-diferentes-marcam-o-primeiro-gre-nal-do-brasileirao\\\/#breadcrumb\"},\"inLanguage\":\"pt-BR\",\"potentialAction\":[{\"@type\":\"ReadAction\",\"target\":[\"https:\\\/\\\/folhapopular.info\\\/index.php\\\/2025\\\/04\\\/19\\\/realidades-diferentes-marcam-o-primeiro-gre-nal-do-brasileirao\\\/\"]}]},{\"@type\":\"ImageObject\",\"inLanguage\":\"pt-BR\",\"@id\":\"https:\\\/\\\/folhapopular.info\\\/index.php\\\/2025\\\/04\\\/19\\\/realidades-diferentes-marcam-o-primeiro-gre-nal-do-brasileirao\\\/#primaryimage\",\"url\":\"https:\\\/\\\/folhapopular.info\\\/wp-content\\\/uploads\\\/2025\\\/04\\\/grenal-2-1024x576-1.jpg\",\"contentUrl\":\"https:\\\/\\\/folhapopular.info\\\/wp-content\\\/uploads\\\/2025\\\/04\\\/grenal-2-1024x576-1.jpg\",\"width\":1024,\"height\":576,\"caption\":\"Esta ser\u00e1 a quarta partida entre as duas equipes no ano - Cr\u00e9dito: Divulga\u00e7\u00e3o\"},{\"@type\":\"BreadcrumbList\",\"@id\":\"https:\\\/\\\/folhapopular.info\\\/index.php\\\/2025\\\/04\\\/19\\\/realidades-diferentes-marcam-o-primeiro-gre-nal-do-brasileirao\\\/#breadcrumb\",\"itemListElement\":[{\"@type\":\"ListItem\",\"position\":1,\"name\":\"In\u00edcio\",\"item\":\"https:\\\/\\\/folhapopular.info\\\/\"},{\"@type\":\"ListItem\",\"position\":2,\"name\":\"Realidades diferentes marcam o primeiro Gre-Nal do Brasileir\u00e3o\"}]},{\"@type\":\"WebSite\",\"@id\":\"https:\\\/\\\/folhapopular.info\\\/#website\",\"url\":\"https:\\\/\\\/folhapopular.info\\\/\",\"name\":\"Folha Popular\",\"description\":\"Onde voc\u00ea tem vez e voz\",\"potentialAction\":[{\"@type\":\"SearchAction\",\"target\":{\"@type\":\"EntryPoint\",\"urlTemplate\":\"https:\\\/\\\/folhapopular.info\\\/?s={search_term_string}\"},\"query-input\":{\"@type\":\"PropertyValueSpecification\",\"valueRequired\":true,\"valueName\":\"search_term_string\"}}],\"inLanguage\":\"pt-BR\"},{\"@type\":\"Person\",\"@id\":\"https:\\\/\\\/folhapopular.info\\\/#\\\/schema\\\/person\\\/e852c327371714676d02e58cf917fd9f\",\"name\":\"Luis Augusto Huppes\",\"image\":{\"@type\":\"ImageObject\",\"inLanguage\":\"pt-BR\",\"@id\":\"https:\\\/\\\/folhapopular.info\\\/wp-content\\\/uploads\\\/2026\\\/04\\\/Luis-Augusto-Huppes-1-1.webp\",\"url\":\"https:\\\/\\\/folhapopular.info\\\/wp-content\\\/uploads\\\/2026\\\/04\\\/Luis-Augusto-Huppes-1-1.webp\",\"contentUrl\":\"https:\\\/\\\/folhapopular.info\\\/wp-content\\\/uploads\\\/2026\\\/04\\\/Luis-Augusto-Huppes-1-1.webp\",\"caption\":\"Luis Augusto Huppes\"},\"sameAs\":[\"https:\\\/\\\/www.facebook.com\\\/luis.huppes\\\/\",\"https:\\\/\\\/www.instagram.com\\\/luis.huppes\\\/\",\"https:\\\/\\\/www.linkedin.com\\\/in\\\/luis-augusto-huppes-2554b52b7\\\/\"],\"url\":\"https:\\\/\\\/folhapopular.info\\\/index.php\\\/author\\\/luis-augusto-huppes\\\/\"}]}<\/script>\n<!-- \/ Yoast SEO plugin. -->","yoast_head_json":{"title":"Realidades diferentes marcam o primeiro Gre-Nal do Brasileir\u00e3o - Folha Popular","robots":{"index":"index","follow":"follow","max-snippet":"max-snippet:-1","max-image-preview":"max-image-preview:large","max-video-preview":"max-video-preview:-1"},"canonical":"https:\/\/folhapopular.info\/index.php\/2025\/04\/19\/realidades-diferentes-marcam-o-primeiro-gre-nal-do-brasileirao\/","og_locale":"pt_BR","og_type":"article","og_title":"Realidades diferentes marcam o primeiro Gre-Nal do Brasileir\u00e3o - Folha Popular","og_description":"O primeiro cl\u00e1ssico Gre-Nal do Campeonato Brasileiro de 2025 ser\u00e1 realizado neste s\u00e1bado (19\/4), \u00e0s 21h, na Arena do Gr\u00eamio, em Porto Alegre. A partida \u00e9 v\u00e1lida pela quinta rodada da competi\u00e7\u00e3o e ser\u00e1 o quarto cl\u00e1ssico da temporada. Desta vez, as duas equipes chegam com realidades diferentes para a partida. O Gr\u00eamio entra pressionado. [&hellip;]","og_url":"https:\/\/folhapopular.info\/index.php\/2025\/04\/19\/realidades-diferentes-marcam-o-primeiro-gre-nal-do-brasileirao\/","og_site_name":"Folha Popular","article_author":"https:\/\/www.facebook.com\/luis.huppes\/","article_published_time":"2025-04-19T23:05:44+00:00","article_modified_time":"2025-04-19T23:05:46+00:00","og_image":[{"width":1024,"height":576,"url":"http:\/\/folhapopular.info\/wp-content\/uploads\/2025\/04\/grenal-2-1024x576-1.jpg","type":"image\/jpeg"}],"author":"Luis Augusto Huppes","twitter_card":"summary_large_image","twitter_misc":{"Escrito por":"Luis Augusto Huppes","Est. tempo de leitura":"2 minutos"},"schema":{"@context":"https:\/\/schema.org","@graph":[{"@type":"Article","@id":"https:\/\/folhapopular.info\/index.php\/2025\/04\/19\/realidades-diferentes-marcam-o-primeiro-gre-nal-do-brasileirao\/#article","isPartOf":{"@id":"https:\/\/folhapopular.info\/index.php\/2025\/04\/19\/realidades-diferentes-marcam-o-primeiro-gre-nal-do-brasileirao\/"},"author":{"name":"Luis Augusto Huppes","@id":"https:\/\/folhapopular.info\/#\/schema\/person\/e852c327371714676d02e58cf917fd9f"},"headline":"Realidades diferentes marcam o primeiro Gre-Nal do Brasileir\u00e3o","datePublished":"2025-04-19T23:05:44+00:00","dateModified":"2025-04-19T23:05:46+00:00","mainEntityOfPage":{"@id":"https:\/\/folhapopular.info\/index.php\/2025\/04\/19\/realidades-diferentes-marcam-o-primeiro-gre-nal-do-brasileirao\/"},"wordCount":357,"commentCount":0,"image":{"@id":"https:\/\/folhapopular.info\/index.php\/2025\/04\/19\/realidades-diferentes-marcam-o-primeiro-gre-nal-do-brasileirao\/#primaryimage"},"thumbnailUrl":"https:\/\/folhapopular.info\/wp-content\/uploads\/2025\/04\/grenal-2-1024x576-1.jpg","keywords":["Brasileir\u00e3o","Gre-Nal","Gr\u00eamio","Internacional"],"articleSection":["Esportes","Futebol Profissional"],"inLanguage":"pt-BR","potentialAction":[{"@type":"CommentAction","name":"Comment","target":["https:\/\/folhapopular.info\/index.php\/2025\/04\/19\/realidades-diferentes-marcam-o-primeiro-gre-nal-do-brasileirao\/#respond"]}]},{"@type":"WebPage","@id":"https:\/\/folhapopular.info\/index.php\/2025\/04\/19\/realidades-diferentes-marcam-o-primeiro-gre-nal-do-brasileirao\/","url":"https:\/\/folhapopular.info\/index.php\/2025\/04\/19\/realidades-diferentes-marcam-o-primeiro-gre-nal-do-brasileirao\/","name":"Realidades diferentes marcam o primeiro Gre-Nal do Brasileir\u00e3o - Folha Popular","isPartOf":{"@id":"https:\/\/folhapopular.info\/#website"},"primaryImageOfPage":{"@id":"https:\/\/folhapopular.info\/index.php\/2025\/04\/19\/realidades-diferentes-marcam-o-primeiro-gre-nal-do-brasileirao\/#primaryimage"},"image":{"@id":"https:\/\/folhapopular.info\/index.php\/2025\/04\/19\/realidades-diferentes-marcam-o-primeiro-gre-nal-do-brasileirao\/#primaryimage"},"thumbnailUrl":"https:\/\/folhapopular.info\/wp-content\/uploads\/2025\/04\/grenal-2-1024x576-1.jpg","datePublished":"2025-04-19T23:05:44+00:00","dateModified":"2025-04-19T23:05:46+00:00","author":{"@id":"https:\/\/folhapopular.info\/#\/schema\/person\/e852c327371714676d02e58cf917fd9f"},"breadcrumb":{"@id":"https:\/\/folhapopular.info\/index.php\/2025\/04\/19\/realidades-diferentes-marcam-o-primeiro-gre-nal-do-brasileirao\/#breadcrumb"},"inLanguage":"pt-BR","potentialAction":[{"@type":"ReadAction","target":["https:\/\/folhapopular.info\/index.php\/2025\/04\/19\/realidades-diferentes-marcam-o-primeiro-gre-nal-do-brasileirao\/"]}]},{"@type":"ImageObject","inLanguage":"pt-BR","@id":"https:\/\/folhapopular.info\/index.php\/2025\/04\/19\/realidades-diferentes-marcam-o-primeiro-gre-nal-do-brasileirao\/#primaryimage","url":"https:\/\/folhapopular.info\/wp-content\/uploads\/2025\/04\/grenal-2-1024x576-1.jpg","contentUrl":"https:\/\/folhapopular.info\/wp-content\/uploads\/2025\/04\/grenal-2-1024x576-1.jpg","width":1024,"height":576,"caption":"Esta ser\u00e1 a quarta partida entre as duas equipes no ano - Cr\u00e9dito: Divulga\u00e7\u00e3o"},{"@type":"BreadcrumbList","@id":"https:\/\/folhapopular.info\/index.php\/2025\/04\/19\/realidades-diferentes-marcam-o-primeiro-gre-nal-do-brasileirao\/#breadcrumb","itemListElement":[{"@type":"ListItem","position":1,"name":"In\u00edcio","item":"https:\/\/folhapopular.info\/"},{"@type":"ListItem","position":2,"name":"Realidades diferentes marcam o primeiro Gre-Nal do Brasileir\u00e3o"}]},{"@type":"WebSite","@id":"https:\/\/folhapopular.info\/#website","url":"https:\/\/folhapopular.info\/","name":"Folha Popular","description":"Onde voc\u00ea tem vez e voz","potentialAction":[{"@type":"SearchAction","target":{"@type":"EntryPoint","urlTemplate":"https:\/\/folhapopular.info\/?s={search_term_string}"},"query-input":{"@type":"PropertyValueSpecification","valueRequired":true,"valueName":"search_term_string"}}],"inLanguage":"pt-BR"},{"@type":"Person","@id":"https:\/\/folhapopular.info\/#\/schema\/person\/e852c327371714676d02e58cf917fd9f","name":"Luis Augusto Huppes","image":{"@type":"ImageObject","inLanguage":"pt-BR","@id":"https:\/\/folhapopular.info\/wp-content\/uploads\/2026\/04\/Luis-Augusto-Huppes-1-1.webp","url":"https:\/\/folhapopular.info\/wp-content\/uploads\/2026\/04\/Luis-Augusto-Huppes-1-1.webp","contentUrl":"https:\/\/folhapopular.info\/wp-content\/uploads\/2026\/04\/Luis-Augusto-Huppes-1-1.webp","caption":"Luis Augusto Huppes"},"sameAs":["https:\/\/www.facebook.com\/luis.huppes\/","https:\/\/www.instagram.com\/luis.huppes\/","https:\/\/www.linkedin.com\/in\/luis-augusto-huppes-2554b52b7\/"],"url":"https:\/\/folhapopular.info\/index.php\/author\/luis-augusto-huppes\/"}]}},"jetpack_featured_media_url":"https:\/\/folhapopular.info\/wp-content\/uploads\/2025\/04\/grenal-2-1024x576-1.jpg","jetpack_sharing_enabled":true,"amp_enabled":true,"_links":{"self":[{"href":"https:\/\/folhapopular.info\/index.php\/wp-json\/wp\/v2\/posts\/184976","targetHints":{"allow":["GET"]}}],"collection":[{"href":"https:\/\/folhapopular.info\/index.php\/wp-json\/wp\/v2\/posts"}],"about":[{"href":"https:\/\/folhapopular.info\/index.php\/wp-json\/wp\/v2\/types\/post"}],"author":[{"embeddable":true,"href":"https:\/\/folhapopular.info\/index.php\/wp-json\/wp\/v2\/users\/732"}],"replies":[{"embeddable":true,"href":"https:\/\/folhapopular.info\/index.php\/wp-json\/wp\/v2\/comments?post=184976"}],"version-history":[{"count":0,"href":"https:\/\/folhapopular.info\/index.php\/wp-json\/wp\/v2\/posts\/184976\/revisions"}],"wp:featuredmedia":[{"embeddable":true,"href":"https:\/\/folhapopular.info\/index.php\/wp-json\/wp\/v2\/media\/184977"}],"wp:attachment":[{"href":"https:\/\/folhapopular.info\/index.php\/wp-json\/wp\/v2\/media?parent=184976"}],"wp:term":[{"taxonomy":"category","embeddable":true,"href":"https:\/\/folhapopular.info\/index.php\/wp-json\/wp\/v2\/categories?post=184976"},{"taxonomy":"post_tag","embeddable":true,"href":"https:\/\/folhapopular.info\/index.php\/wp-json\/wp\/v2\/tags?post=184976"}],"curies":[{"name":"wp","href":"https:\/\/api.w.org\/{rel}","templated":true}]}}