{"id":185013,"date":"2025-04-21T19:19:45","date_gmt":"2025-04-21T22:19:45","guid":{"rendered":"https:\/\/folhapopular.info\/?p=185013"},"modified":"2025-04-21T23:34:42","modified_gmt":"2025-04-22T02:34:42","slug":"definidos-os-semifinalistas-da-copa-transcitrus-de-futsal-2025","status":"publish","type":"post","link":"https:\/\/folhapopular.info\/index.php\/2025\/04\/21\/definidos-os-semifinalistas-da-copa-transcitrus-de-futsal-2025\/","title":{"rendered":"Definidos os semifinalistas da Copa Transcitrus de Futsal 2025"},"content":{"rendered":"\n<p>A 6\u00aa Copa Transcitrus Sicredi de Futsal definiu seus semifinalistas ap\u00f3s duas noites de confrontos realizados nos dias 16 e 17 de abril, nos gin\u00e1sios de Paverama e Brochier. As partidas, v\u00e1lidas pela rodada de volta das quartas de final, foram marcadas por cobertura ao vivo do Grupo Popular nas duas noites de jogos.<\/p>\n\n\n\n<p>Na categoria Sub-15, os jogos em <strong>Paverama<\/strong> j\u00e1 encaminharam duas classifica\u00e7\u00f5es com autoridade. Salvador do Sul, que havia vencido o jogo de ida por 8 a 0 sobre Pareci Novo, confirmou sua for\u00e7a com mais uma vit\u00f3ria por 3 a 0. Os gols foram marcados por Mateus, Gabi e Murilo.<\/p>\n\n\n\n<p>No segundo jogo da noite, Paverama tamb\u00e9m confirmou sua superioridade ao golear novamente S\u00e3o Jos\u00e9 do Sul, desta vez por 8 a 2, com destaque para Lucas, que balan\u00e7ou as redes tr\u00eas vezes. Jo\u00e3o (2x), Gustavo (2x) e Murilo tamb\u00e9m marcaram para os donos da casa. Pedro Henrique e Artur Flores descontaram para S\u00e3o Jos\u00e9 do Sul. Assim, Salvador do Sul e Paverama garantiram presen\u00e7a entre os quatro melhores da competi\u00e7\u00e3o.<\/p>\n\n\n\n<p>Pela categoria For\u00e7a Livre, o equil\u00edbrio deu o tom. Salvador do Sul assegurou sua classifica\u00e7\u00e3o ao empatar em 1 a 1 com Pareci Novo, depois de vencer o primeiro jogo por 3 a 1. Pablo marcou para Pareci Novo, enquanto Felipe empatou para Salvador do Sul.<\/p>\n\n\n\n<p>No jogo seguinte, Paverama garantiu vaga com novo empate, desta vez por 2 a 2 diante de S\u00e3o Jos\u00e9 do Sul. O resultado, somado \u00e0 vit\u00f3ria por 3 a 1 no jogo de ida, confirmou o time da casa entre os semifinalistas, em um confronto marcado por emo\u00e7\u00e3o at\u00e9 os \u00faltimos segundos de partida. Vaguinho e Luan Vedoy marcaram para Paverama, j\u00e1 Almir e Arthur.<\/p>\n\n\n\n<p>J\u00e1 na quinta-feira (17\/4), <strong>Brochier<\/strong> foi palco de disputas acirradas pelo outro lado da chave. No primeiro duelo pela Sub-15, Marat\u00e1 e Po\u00e7o das Antas reeditaram o equil\u00edbrio do jogo de ida. Marat\u00e1 venceu por 2 a 0 no tempo normal, com gols de Kau\u00ea e Brayan, devolvendo o placar do primeiro confronto e levando a decis\u00e3o aos p\u00eanaltis. Na marca da cal, quem levou a melhor foi o time de Marat\u00e1, que avan\u00e7ou \u00e0 semifinal.<\/p>\n\n\n\n<p>No segundo jogo da noite, Brochier aproveitou da vantagem constru\u00edda na primeira partida, em vit\u00f3ria por 6 a 1 contra Harmonia. Gutinho (2x) fez os dois gols de Brochier, enquanto Renan diminuiu para Harmonia. O resultado classificou os donos da casa para as semifinais e fizeram festa no Gin\u00e1sio Darcy Fetzner.<\/p>\n\n\n\n<p>Pela categoria For\u00e7a Livre, os jogos foram pegados. Marat\u00e1 e Po\u00e7o das Antas haviam empatado em 2 a 2 na ida, mas no jogo de volta, Marat\u00e1 deslanchou e venceu por 6 a 3, com grande atua\u00e7\u00e3o de Darlei, autor de tr\u00eas gols. D\u00eanis, Vini e Victor tamb\u00e9m marcaram para Marat\u00e1. Miguel (2x) e Neni fizeram os de Po\u00e7o.<\/p>\n\n\n\n<p>No \u00faltimo jogo da noite, a sele\u00e7\u00e3o de Harmonia enfrentou Brochier e confirmou sua for\u00e7a ao vencer por 2 a 0, com gols de Pescador e Fabr\u00edcio. O goleiro Cristian foi o destaque defensivo da partida, e garantiu vaga de Harmonia na semifinal.<\/p>\n\n\n\n<h3 class=\"wp-block-heading\"><strong>Semifinais<\/strong><\/h3>\n\n\n\n<p>Com os resultados, os confrontos das semifinais da Copa Transcitrus Sicredi de Futsal est\u00e3o definidos e ser\u00e3o disputados na sexta-feira (25\/4). No Sub-15, avan\u00e7aram Salvador do Sul, Paverama, Marat\u00e1 e Brochier. J\u00e1 na For\u00e7a Livre, os classificados s\u00e3o Salvador do Sul, Paverama, Marat\u00e1 e Harmonia.<\/p>\n\n\n\n<p>No Sub-15, Brochier pega Paverama, enquanto Marat\u00e1 joga contra Salvador do Sul. J\u00e1 pela categoria For\u00e7a Livre, Paverama enfrenta a sele\u00e7\u00e3o de Marat\u00e1 e Salvador do Sul encara Harmonia. Os jogos ser\u00e3o em Salvador do Sul.<\/p>\n","protected":false},"excerpt":{"rendered":"<p>A 6\u00aa Copa Transcitrus Sicredi de Futsal definiu seus semifinalistas ap\u00f3s duas noites de confrontos realizados nos dias 16 e 17 de abril, nos gin\u00e1sios de Paverama e Brochier. As partidas, v\u00e1lidas pela rodada de volta das quartas de final, foram marcadas por cobertura ao vivo do Grupo Popular nas duas noites de jogos. Na [&hellip;]<\/p>\n","protected":false},"author":732,"featured_media":185017,"comment_status":"open","ping_status":"open","sticky":false,"template":"","format":"standard","meta":{"pmpro_default_level":"","_jetpack_memberships_contains_paid_content":false,"footnotes":""},"categories":[5,530],"tags":[17200,31,18486],"class_list":{"0":"post-185013","1":"post","2":"type-post","3":"status-publish","4":"format-standard","5":"has-post-thumbnail","7":"category-esportes","8":"category-futsal","9":"tag-copa-transcitrus-de-futsal-2025","10":"tag-futsal","11":"tag-semifinalistas-definidos","12":"pmpro-has-access"},"yoast_head":"<!-- This site is optimized with the Yoast SEO plugin v27.5 - https:\/\/yoast.com\/product\/yoast-seo-wordpress\/ -->\n<title>Definidos os semifinalistas da Copa Transcitrus de Futsal 2025 - Folha Popular<\/title>\n<meta name=\"robots\" content=\"index, follow, max-snippet:-1, max-image-preview:large, max-video-preview:-1\" \/>\n<link rel=\"canonical\" href=\"https:\/\/folhapopular.info\/index.php\/2025\/04\/21\/definidos-os-semifinalistas-da-copa-transcitrus-de-futsal-2025\/\" \/>\n<meta property=\"og:locale\" content=\"pt_BR\" \/>\n<meta property=\"og:type\" content=\"article\" \/>\n<meta property=\"og:title\" content=\"Definidos os semifinalistas da Copa Transcitrus de Futsal 2025 - Folha Popular\" \/>\n<meta property=\"og:description\" content=\"A 6\u00aa Copa Transcitrus Sicredi de Futsal definiu seus semifinalistas ap\u00f3s duas noites de confrontos realizados nos dias 16 e 17 de abril, nos gin\u00e1sios de Paverama e Brochier. As partidas, v\u00e1lidas pela rodada de volta das quartas de final, foram marcadas por cobertura ao vivo do Grupo Popular nas duas noites de jogos. Na [&hellip;]\" \/>\n<meta property=\"og:url\" content=\"https:\/\/folhapopular.info\/index.php\/2025\/04\/21\/definidos-os-semifinalistas-da-copa-transcitrus-de-futsal-2025\/\" \/>\n<meta property=\"og:site_name\" content=\"Folha Popular\" \/>\n<meta property=\"article:author\" content=\"https:\/\/www.facebook.com\/luis.huppes\/\" \/>\n<meta property=\"article:published_time\" content=\"2025-04-21T22:19:45+00:00\" \/>\n<meta property=\"article:modified_time\" content=\"2025-04-22T02:34:42+00:00\" \/>\n<meta property=\"og:image\" content=\"http:\/\/folhapopular.info\/wp-content\/uploads\/2025\/04\/WhatsApp-Image-2025-04-21-at-19.18.42-scaled.jpeg\" \/>\n\t<meta property=\"og:image:width\" content=\"2560\" \/>\n\t<meta property=\"og:image:height\" content=\"1920\" \/>\n\t<meta property=\"og:image:type\" content=\"image\/jpeg\" \/>\n<meta name=\"author\" content=\"Luis Augusto Huppes\" \/>\n<meta name=\"twitter:card\" content=\"summary_large_image\" \/>\n<meta name=\"twitter:label1\" content=\"Escrito por\" \/>\n\t<meta name=\"twitter:data1\" content=\"Luis Augusto Huppes\" \/>\n\t<meta name=\"twitter:label2\" content=\"Est. tempo de leitura\" \/>\n\t<meta name=\"twitter:data2\" content=\"4 minutos\" \/>\n<script type=\"application\/ld+json\" class=\"yoast-schema-graph\">{\"@context\":\"https:\\\/\\\/schema.org\",\"@graph\":[{\"@type\":\"Article\",\"@id\":\"https:\\\/\\\/folhapopular.info\\\/index.php\\\/2025\\\/04\\\/21\\\/definidos-os-semifinalistas-da-copa-transcitrus-de-futsal-2025\\\/#article\",\"isPartOf\":{\"@id\":\"https:\\\/\\\/folhapopular.info\\\/index.php\\\/2025\\\/04\\\/21\\\/definidos-os-semifinalistas-da-copa-transcitrus-de-futsal-2025\\\/\"},\"author\":{\"name\":\"Luis Augusto Huppes\",\"@id\":\"https:\\\/\\\/folhapopular.info\\\/#\\\/schema\\\/person\\\/e852c327371714676d02e58cf917fd9f\"},\"headline\":\"Definidos os semifinalistas da Copa Transcitrus de Futsal 2025\",\"datePublished\":\"2025-04-21T22:19:45+00:00\",\"dateModified\":\"2025-04-22T02:34:42+00:00\",\"mainEntityOfPage\":{\"@id\":\"https:\\\/\\\/folhapopular.info\\\/index.php\\\/2025\\\/04\\\/21\\\/definidos-os-semifinalistas-da-copa-transcitrus-de-futsal-2025\\\/\"},\"wordCount\":621,\"commentCount\":0,\"image\":{\"@id\":\"https:\\\/\\\/folhapopular.info\\\/index.php\\\/2025\\\/04\\\/21\\\/definidos-os-semifinalistas-da-copa-transcitrus-de-futsal-2025\\\/#primaryimage\"},\"thumbnailUrl\":\"https:\\\/\\\/folhapopular.info\\\/wp-content\\\/uploads\\\/2025\\\/04\\\/WhatsApp-Image-2025-04-21-at-19.18.42-scaled.jpeg\",\"keywords\":[\"Copa Transcitrus de Futsal 2025\",\"Futsal\",\"Semifinalistas definidos\"],\"articleSection\":[\"Esportes\",\"Futsal\"],\"inLanguage\":\"pt-BR\",\"potentialAction\":[{\"@type\":\"CommentAction\",\"name\":\"Comment\",\"target\":[\"https:\\\/\\\/folhapopular.info\\\/index.php\\\/2025\\\/04\\\/21\\\/definidos-os-semifinalistas-da-copa-transcitrus-de-futsal-2025\\\/#respond\"]}]},{\"@type\":\"WebPage\",\"@id\":\"https:\\\/\\\/folhapopular.info\\\/index.php\\\/2025\\\/04\\\/21\\\/definidos-os-semifinalistas-da-copa-transcitrus-de-futsal-2025\\\/\",\"url\":\"https:\\\/\\\/folhapopular.info\\\/index.php\\\/2025\\\/04\\\/21\\\/definidos-os-semifinalistas-da-copa-transcitrus-de-futsal-2025\\\/\",\"name\":\"Definidos os semifinalistas da Copa Transcitrus de Futsal 2025 - Folha Popular\",\"isPartOf\":{\"@id\":\"https:\\\/\\\/folhapopular.info\\\/#website\"},\"primaryImageOfPage\":{\"@id\":\"https:\\\/\\\/folhapopular.info\\\/index.php\\\/2025\\\/04\\\/21\\\/definidos-os-semifinalistas-da-copa-transcitrus-de-futsal-2025\\\/#primaryimage\"},\"image\":{\"@id\":\"https:\\\/\\\/folhapopular.info\\\/index.php\\\/2025\\\/04\\\/21\\\/definidos-os-semifinalistas-da-copa-transcitrus-de-futsal-2025\\\/#primaryimage\"},\"thumbnailUrl\":\"https:\\\/\\\/folhapopular.info\\\/wp-content\\\/uploads\\\/2025\\\/04\\\/WhatsApp-Image-2025-04-21-at-19.18.42-scaled.jpeg\",\"datePublished\":\"2025-04-21T22:19:45+00:00\",\"dateModified\":\"2025-04-22T02:34:42+00:00\",\"author\":{\"@id\":\"https:\\\/\\\/folhapopular.info\\\/#\\\/schema\\\/person\\\/e852c327371714676d02e58cf917fd9f\"},\"breadcrumb\":{\"@id\":\"https:\\\/\\\/folhapopular.info\\\/index.php\\\/2025\\\/04\\\/21\\\/definidos-os-semifinalistas-da-copa-transcitrus-de-futsal-2025\\\/#breadcrumb\"},\"inLanguage\":\"pt-BR\",\"potentialAction\":[{\"@type\":\"ReadAction\",\"target\":[\"https:\\\/\\\/folhapopular.info\\\/index.php\\\/2025\\\/04\\\/21\\\/definidos-os-semifinalistas-da-copa-transcitrus-de-futsal-2025\\\/\"]}]},{\"@type\":\"ImageObject\",\"inLanguage\":\"pt-BR\",\"@id\":\"https:\\\/\\\/folhapopular.info\\\/index.php\\\/2025\\\/04\\\/21\\\/definidos-os-semifinalistas-da-copa-transcitrus-de-futsal-2025\\\/#primaryimage\",\"url\":\"https:\\\/\\\/folhapopular.info\\\/wp-content\\\/uploads\\\/2025\\\/04\\\/WhatsApp-Image-2025-04-21-at-19.18.42-scaled.jpeg\",\"contentUrl\":\"https:\\\/\\\/folhapopular.info\\\/wp-content\\\/uploads\\\/2025\\\/04\\\/WhatsApp-Image-2025-04-21-at-19.18.42-scaled.jpeg\",\"width\":2560,\"height\":1920,\"caption\":\"Cr\u00e9dito: Luis Augusto Huppes\"},{\"@type\":\"BreadcrumbList\",\"@id\":\"https:\\\/\\\/folhapopular.info\\\/index.php\\\/2025\\\/04\\\/21\\\/definidos-os-semifinalistas-da-copa-transcitrus-de-futsal-2025\\\/#breadcrumb\",\"itemListElement\":[{\"@type\":\"ListItem\",\"position\":1,\"name\":\"In\u00edcio\",\"item\":\"https:\\\/\\\/folhapopular.info\\\/\"},{\"@type\":\"ListItem\",\"position\":2,\"name\":\"Definidos os semifinalistas da Copa Transcitrus de Futsal 2025\"}]},{\"@type\":\"WebSite\",\"@id\":\"https:\\\/\\\/folhapopular.info\\\/#website\",\"url\":\"https:\\\/\\\/folhapopular.info\\\/\",\"name\":\"Folha Popular\",\"description\":\"Onde voc\u00ea tem vez e voz\",\"potentialAction\":[{\"@type\":\"SearchAction\",\"target\":{\"@type\":\"EntryPoint\",\"urlTemplate\":\"https:\\\/\\\/folhapopular.info\\\/?s={search_term_string}\"},\"query-input\":{\"@type\":\"PropertyValueSpecification\",\"valueRequired\":true,\"valueName\":\"search_term_string\"}}],\"inLanguage\":\"pt-BR\"},{\"@type\":\"Person\",\"@id\":\"https:\\\/\\\/folhapopular.info\\\/#\\\/schema\\\/person\\\/e852c327371714676d02e58cf917fd9f\",\"name\":\"Luis Augusto Huppes\",\"image\":{\"@type\":\"ImageObject\",\"inLanguage\":\"pt-BR\",\"@id\":\"https:\\\/\\\/folhapopular.info\\\/wp-content\\\/uploads\\\/2026\\\/04\\\/Luis-Augusto-Huppes-1-1.webp\",\"url\":\"https:\\\/\\\/folhapopular.info\\\/wp-content\\\/uploads\\\/2026\\\/04\\\/Luis-Augusto-Huppes-1-1.webp\",\"contentUrl\":\"https:\\\/\\\/folhapopular.info\\\/wp-content\\\/uploads\\\/2026\\\/04\\\/Luis-Augusto-Huppes-1-1.webp\",\"caption\":\"Luis Augusto Huppes\"},\"sameAs\":[\"https:\\\/\\\/www.facebook.com\\\/luis.huppes\\\/\",\"https:\\\/\\\/www.instagram.com\\\/luis.huppes\\\/\",\"https:\\\/\\\/www.linkedin.com\\\/in\\\/luis-augusto-huppes-2554b52b7\\\/\"],\"url\":\"https:\\\/\\\/folhapopular.info\\\/index.php\\\/author\\\/luis-augusto-huppes\\\/\"}]}<\/script>\n<!-- \/ Yoast SEO plugin. -->","yoast_head_json":{"title":"Definidos os semifinalistas da Copa Transcitrus de Futsal 2025 - Folha Popular","robots":{"index":"index","follow":"follow","max-snippet":"max-snippet:-1","max-image-preview":"max-image-preview:large","max-video-preview":"max-video-preview:-1"},"canonical":"https:\/\/folhapopular.info\/index.php\/2025\/04\/21\/definidos-os-semifinalistas-da-copa-transcitrus-de-futsal-2025\/","og_locale":"pt_BR","og_type":"article","og_title":"Definidos os semifinalistas da Copa Transcitrus de Futsal 2025 - Folha Popular","og_description":"A 6\u00aa Copa Transcitrus Sicredi de Futsal definiu seus semifinalistas ap\u00f3s duas noites de confrontos realizados nos dias 16 e 17 de abril, nos gin\u00e1sios de Paverama e Brochier. As partidas, v\u00e1lidas pela rodada de volta das quartas de final, foram marcadas por cobertura ao vivo do Grupo Popular nas duas noites de jogos. Na [&hellip;]","og_url":"https:\/\/folhapopular.info\/index.php\/2025\/04\/21\/definidos-os-semifinalistas-da-copa-transcitrus-de-futsal-2025\/","og_site_name":"Folha Popular","article_author":"https:\/\/www.facebook.com\/luis.huppes\/","article_published_time":"2025-04-21T22:19:45+00:00","article_modified_time":"2025-04-22T02:34:42+00:00","og_image":[{"width":2560,"height":1920,"url":"http:\/\/folhapopular.info\/wp-content\/uploads\/2025\/04\/WhatsApp-Image-2025-04-21-at-19.18.42-scaled.jpeg","type":"image\/jpeg"}],"author":"Luis Augusto Huppes","twitter_card":"summary_large_image","twitter_misc":{"Escrito por":"Luis Augusto Huppes","Est. tempo de leitura":"4 minutos"},"schema":{"@context":"https:\/\/schema.org","@graph":[{"@type":"Article","@id":"https:\/\/folhapopular.info\/index.php\/2025\/04\/21\/definidos-os-semifinalistas-da-copa-transcitrus-de-futsal-2025\/#article","isPartOf":{"@id":"https:\/\/folhapopular.info\/index.php\/2025\/04\/21\/definidos-os-semifinalistas-da-copa-transcitrus-de-futsal-2025\/"},"author":{"name":"Luis Augusto Huppes","@id":"https:\/\/folhapopular.info\/#\/schema\/person\/e852c327371714676d02e58cf917fd9f"},"headline":"Definidos os semifinalistas da Copa Transcitrus de Futsal 2025","datePublished":"2025-04-21T22:19:45+00:00","dateModified":"2025-04-22T02:34:42+00:00","mainEntityOfPage":{"@id":"https:\/\/folhapopular.info\/index.php\/2025\/04\/21\/definidos-os-semifinalistas-da-copa-transcitrus-de-futsal-2025\/"},"wordCount":621,"commentCount":0,"image":{"@id":"https:\/\/folhapopular.info\/index.php\/2025\/04\/21\/definidos-os-semifinalistas-da-copa-transcitrus-de-futsal-2025\/#primaryimage"},"thumbnailUrl":"https:\/\/folhapopular.info\/wp-content\/uploads\/2025\/04\/WhatsApp-Image-2025-04-21-at-19.18.42-scaled.jpeg","keywords":["Copa Transcitrus de Futsal 2025","Futsal","Semifinalistas definidos"],"articleSection":["Esportes","Futsal"],"inLanguage":"pt-BR","potentialAction":[{"@type":"CommentAction","name":"Comment","target":["https:\/\/folhapopular.info\/index.php\/2025\/04\/21\/definidos-os-semifinalistas-da-copa-transcitrus-de-futsal-2025\/#respond"]}]},{"@type":"WebPage","@id":"https:\/\/folhapopular.info\/index.php\/2025\/04\/21\/definidos-os-semifinalistas-da-copa-transcitrus-de-futsal-2025\/","url":"https:\/\/folhapopular.info\/index.php\/2025\/04\/21\/definidos-os-semifinalistas-da-copa-transcitrus-de-futsal-2025\/","name":"Definidos os semifinalistas da Copa Transcitrus de Futsal 2025 - Folha Popular","isPartOf":{"@id":"https:\/\/folhapopular.info\/#website"},"primaryImageOfPage":{"@id":"https:\/\/folhapopular.info\/index.php\/2025\/04\/21\/definidos-os-semifinalistas-da-copa-transcitrus-de-futsal-2025\/#primaryimage"},"image":{"@id":"https:\/\/folhapopular.info\/index.php\/2025\/04\/21\/definidos-os-semifinalistas-da-copa-transcitrus-de-futsal-2025\/#primaryimage"},"thumbnailUrl":"https:\/\/folhapopular.info\/wp-content\/uploads\/2025\/04\/WhatsApp-Image-2025-04-21-at-19.18.42-scaled.jpeg","datePublished":"2025-04-21T22:19:45+00:00","dateModified":"2025-04-22T02:34:42+00:00","author":{"@id":"https:\/\/folhapopular.info\/#\/schema\/person\/e852c327371714676d02e58cf917fd9f"},"breadcrumb":{"@id":"https:\/\/folhapopular.info\/index.php\/2025\/04\/21\/definidos-os-semifinalistas-da-copa-transcitrus-de-futsal-2025\/#breadcrumb"},"inLanguage":"pt-BR","potentialAction":[{"@type":"ReadAction","target":["https:\/\/folhapopular.info\/index.php\/2025\/04\/21\/definidos-os-semifinalistas-da-copa-transcitrus-de-futsal-2025\/"]}]},{"@type":"ImageObject","inLanguage":"pt-BR","@id":"https:\/\/folhapopular.info\/index.php\/2025\/04\/21\/definidos-os-semifinalistas-da-copa-transcitrus-de-futsal-2025\/#primaryimage","url":"https:\/\/folhapopular.info\/wp-content\/uploads\/2025\/04\/WhatsApp-Image-2025-04-21-at-19.18.42-scaled.jpeg","contentUrl":"https:\/\/folhapopular.info\/wp-content\/uploads\/2025\/04\/WhatsApp-Image-2025-04-21-at-19.18.42-scaled.jpeg","width":2560,"height":1920,"caption":"Cr\u00e9dito: Luis Augusto Huppes"},{"@type":"BreadcrumbList","@id":"https:\/\/folhapopular.info\/index.php\/2025\/04\/21\/definidos-os-semifinalistas-da-copa-transcitrus-de-futsal-2025\/#breadcrumb","itemListElement":[{"@type":"ListItem","position":1,"name":"In\u00edcio","item":"https:\/\/folhapopular.info\/"},{"@type":"ListItem","position":2,"name":"Definidos os semifinalistas da Copa Transcitrus de Futsal 2025"}]},{"@type":"WebSite","@id":"https:\/\/folhapopular.info\/#website","url":"https:\/\/folhapopular.info\/","name":"Folha Popular","description":"Onde voc\u00ea tem vez e voz","potentialAction":[{"@type":"SearchAction","target":{"@type":"EntryPoint","urlTemplate":"https:\/\/folhapopular.info\/?s={search_term_string}"},"query-input":{"@type":"PropertyValueSpecification","valueRequired":true,"valueName":"search_term_string"}}],"inLanguage":"pt-BR"},{"@type":"Person","@id":"https:\/\/folhapopular.info\/#\/schema\/person\/e852c327371714676d02e58cf917fd9f","name":"Luis Augusto Huppes","image":{"@type":"ImageObject","inLanguage":"pt-BR","@id":"https:\/\/folhapopular.info\/wp-content\/uploads\/2026\/04\/Luis-Augusto-Huppes-1-1.webp","url":"https:\/\/folhapopular.info\/wp-content\/uploads\/2026\/04\/Luis-Augusto-Huppes-1-1.webp","contentUrl":"https:\/\/folhapopular.info\/wp-content\/uploads\/2026\/04\/Luis-Augusto-Huppes-1-1.webp","caption":"Luis Augusto Huppes"},"sameAs":["https:\/\/www.facebook.com\/luis.huppes\/","https:\/\/www.instagram.com\/luis.huppes\/","https:\/\/www.linkedin.com\/in\/luis-augusto-huppes-2554b52b7\/"],"url":"https:\/\/folhapopular.info\/index.php\/author\/luis-augusto-huppes\/"}]}},"jetpack_featured_media_url":"https:\/\/folhapopular.info\/wp-content\/uploads\/2025\/04\/WhatsApp-Image-2025-04-21-at-19.18.42-scaled.jpeg","jetpack_sharing_enabled":true,"amp_enabled":true,"_links":{"self":[{"href":"https:\/\/folhapopular.info\/index.php\/wp-json\/wp\/v2\/posts\/185013","targetHints":{"allow":["GET"]}}],"collection":[{"href":"https:\/\/folhapopular.info\/index.php\/wp-json\/wp\/v2\/posts"}],"about":[{"href":"https:\/\/folhapopular.info\/index.php\/wp-json\/wp\/v2\/types\/post"}],"author":[{"embeddable":true,"href":"https:\/\/folhapopular.info\/index.php\/wp-json\/wp\/v2\/users\/732"}],"replies":[{"embeddable":true,"href":"https:\/\/folhapopular.info\/index.php\/wp-json\/wp\/v2\/comments?post=185013"}],"version-history":[{"count":0,"href":"https:\/\/folhapopular.info\/index.php\/wp-json\/wp\/v2\/posts\/185013\/revisions"}],"wp:featuredmedia":[{"embeddable":true,"href":"https:\/\/folhapopular.info\/index.php\/wp-json\/wp\/v2\/media\/185017"}],"wp:attachment":[{"href":"https:\/\/folhapopular.info\/index.php\/wp-json\/wp\/v2\/media?parent=185013"}],"wp:term":[{"taxonomy":"category","embeddable":true,"href":"https:\/\/folhapopular.info\/index.php\/wp-json\/wp\/v2\/categories?post=185013"},{"taxonomy":"post_tag","embeddable":true,"href":"https:\/\/folhapopular.info\/index.php\/wp-json\/wp\/v2\/tags?post=185013"}],"curies":[{"name":"wp","href":"https:\/\/api.w.org\/{rel}","templated":true}]}}