{"id":185046,"date":"2025-04-22T11:10:23","date_gmt":"2025-04-22T14:10:23","guid":{"rendered":"https:\/\/folhapopular.info\/?p=185046"},"modified":"2025-04-23T14:26:52","modified_gmt":"2025-04-23T17:26:52","slug":"gre-nal-447-termina-com-empate-e-reclamacao","status":"publish","type":"post","link":"https:\/\/folhapopular.info\/index.php\/2025\/04\/22\/gre-nal-447-termina-com-empate-e-reclamacao\/","title":{"rendered":"Gre-Nal 447 termina com empate e reclama\u00e7\u00e3o"},"content":{"rendered":"\n<p>O primeiro cl\u00e1ssico Gre-Nal do Campeonato Brasileiro de 2025 ficou marcado pelo equil\u00edbrio e a igualdade no placar. V\u00e1lido pela 5\u00aa rodada, o Gre-Nal 447 terminou empatado em 1 a 1 na Arena do Gr\u00eamio. Anthoni (contra) abriu o placar para os donos da casa, e Alan Patrick empatou para os visitantes.<\/p>\n\n\n\n<p>Com o resultado do jogo do s\u00e1bado (19\/4), o Gr\u00eamio chegou ao quarto jogo seguido sem vencer e ocupa a vice-lanterna, com apenas 4 pontos. Por outro lado, o Inter se afastou da parte de cima da tabela, e est\u00e1 h\u00e1 1 ponto da zona do rebaixamento, com 6 pontos.<\/p>\n\n\n\n<p>Sem t\u00e9cnico ap\u00f3s a demiss\u00e3o de Gustavo Quinteros, o Gr\u00eamio, comandado pelo interino James Freitas, chegou pressionado e em crise para o cl\u00e1ssico. O Inter, por sua vez, vinha de sua primeira derrota na temporada \u2013 depois de 17 jogos de invencibilidade, ao perder por 1 a 0 para o Palmeiras.<\/p>\n\n\n\n<p>No primeiro tempo, o Colorado come\u00e7ou melhor e quase abriu o placar aos 32min, quando Valencia parou em uma grande defesa de Tiago Volpi. No lance seguinte, o Gr\u00eamio abriu o placar de uma forma diferente: ap\u00f3s defesa de Anthoni em chute de Braithwaite, Marlon pegou o rebote e cruzou para Cristian Olivera, que desviou. A bola bateu no joelho do goleiro colorado e entrou. O gol foi inicialmente anulado por impedimento, mas validado ap\u00f3s revis\u00e3o do \u00c1rbitro de V\u00eddeo.<\/p>\n\n\n\n<p>Nos acr\u00e9scimos, Anthoni ainda evitou o segundo gol gremista ao defender chute de Monsalve. No segundo tempo, o Inter voltou pressionando e chegou a marcar com Valencia aos 3 minutos, mas o atacante estava impedido. Aos 17min, Jo\u00e3o Pedro cometeu p\u00eanalti ao tocar com a m\u00e3o na bola. Alan Patrick cobrou com categoria e empatou o jogo.<\/p>\n\n\n\n<p>O empate deu novo g\u00e1s ao Inter, que buscou a virada, enquanto o Gr\u00eamio se retraiu. Aos 39min, os gremistas pediram p\u00eanalti em Aravena ap\u00f3s disputa com Aguirre, mas, ap\u00f3s revis\u00e3o no VAR, o \u00e1rbitro Br\u00e1ulio Machado mandou o jogo seguir. O cl\u00e1ssico ficou aberto at\u00e9 o fim, mas terminou sem novos gols. Ap\u00f3s o apito final, houve reclama\u00e7\u00f5es com a arbitragem de ambos os lados.<\/p>\n\n\n\n<p>O Gr\u00eamio volta a campo na quinta-feira (24\/4), contra o Godoy Cruz, pela Sul-Americana. J\u00e1 o Inter recebe o Nacional (Uruguai) na ter\u00e7a-feira (22\/4), pela Libertadores.<\/p>\n\n\n\n<figure class=\"wp-block-gallery has-nested-images columns-default is-cropped wp-block-gallery-1 is-layout-flex wp-block-gallery-is-layout-flex\">\n<figure class=\"wp-block-image size-large\"><img loading=\"lazy\" decoding=\"async\" width=\"1024\" height=\"684\" data-id=\"185048\" src=\"https:\/\/folhapopular.info\/wp-content\/uploads\/2025\/04\/54462200882_29c07787b2_k-1024x684.webp\" alt=\"\" class=\"wp-image-185048\" srcset=\"https:\/\/folhapopular.info\/wp-content\/uploads\/2025\/04\/54462200882_29c07787b2_k-1024x684.webp 1024w, https:\/\/folhapopular.info\/wp-content\/uploads\/2025\/04\/54462200882_29c07787b2_k-300x200.webp 300w, https:\/\/folhapopular.info\/wp-content\/uploads\/2025\/04\/54462200882_29c07787b2_k-768x513.webp 768w, https:\/\/folhapopular.info\/wp-content\/uploads\/2025\/04\/54462200882_29c07787b2_k-1536x1025.webp 1536w, https:\/\/folhapopular.info\/wp-content\/uploads\/2025\/04\/54462200882_29c07787b2_k-629x420.webp 629w, https:\/\/folhapopular.info\/wp-content\/uploads\/2025\/04\/54462200882_29c07787b2_k-696x465.webp 696w, https:\/\/folhapopular.info\/wp-content\/uploads\/2025\/04\/54462200882_29c07787b2_k-1068x713.webp 1068w, https:\/\/folhapopular.info\/wp-content\/uploads\/2025\/04\/54462200882_29c07787b2_k.webp 1618w\" sizes=\"auto, (max-width: 1024px) 100vw, 1024px\" \/><figcaption class=\"wp-element-caption\">Cl\u00e1ssico tamb\u00e9m ficou marcado pelo segundo<br>pior p\u00fablico da Arena do Gr\u00eamio em Gre-Nais<br>Cr\u00e9dito: Divulga\u00e7\u00e3o<\/figcaption><\/figure>\n<\/figure>\n\n\n\n<h3 class=\"wp-block-heading\"><strong>Juventude perde os 100% de aproveitamento em Caxias do Sul<\/strong><\/h3>\n\n\n\n<p>Na manh\u00e3 do domingo (20\/4), ainda pela 5\u00aa rodada do Brasileir\u00e3o, o Juventude recebeu o Mirassol no est\u00e1dio Alfredo Jaconi, em Caxias do Sul, e tamb\u00e9m empatou por 2 a 2. \u00canio e Batalla marcaram para os mandantes, enquanto Iury Castilho e Reinaldo anotaram os gols dos visitantes.<\/p>\n\n\n\n<p>Com o resultado, o Juventude perdeu os 100% de aproveitamento em casa em 2025 \u2014 at\u00e9 ent\u00e3o, havia vencido todas as sete partidas disputadas em Caxias do Sul. A equipe ocupa a 9\u00aa coloca\u00e7\u00e3o, com 7 pontos.<\/p>\n\n\n\n<p>O Mirassol, por sua vez, chegou ao quarto jogo seguido sem perder (tr\u00eas empates e uma vit\u00f3ria) e subiu para a 10\u00aa posi\u00e7\u00e3o, com 6 pontos. Ambas as equipes, por\u00e9m, ainda podem perder posi\u00e7\u00f5es ao longo da rodada.<\/p>\n\n\n\n<p>O placar foi aberto aos 23 minutos do primeiro tempo, quando \u00canio recebeu de Jadson, cortou para a perna esquerda e finalizou rasteiro, sem chances para Alex Muralha. Aos 34min, o Mirassol empatou com Iury Castilho (ex-Juventude), ap\u00f3s passe de \u00c9dson Carioca.<\/p>\n\n\n\n<p>No fim da primeira etapa, aos 47, Gabriel Taliari deu passe para Batalla, que marcou um belo gol de primeira. Na segunda etapa, aos 27 minutos, Reinaldo converteu p\u00eanalti e decretou o empate.<\/p>\n\n\n\n<p>Na pr\u00f3xima rodada, o Juventude enfrenta o Internacional no s\u00e1bado (26), \u00e0s 16h, no Beira-Rio. No mesmo dia, o Mirassol recebe o Atl\u00e9tico-MG \u00e0s 18h30, no Est\u00e1dio Municipal Jos\u00e9 Maria de Campos Maia.<\/p>\n\n\n\n<figure class=\"wp-block-gallery has-nested-images columns-default is-cropped wp-block-gallery-2 is-layout-flex wp-block-gallery-is-layout-flex\">\n<figure class=\"wp-block-image size-large\"><img loading=\"lazy\" decoding=\"async\" width=\"700\" height=\"467\" data-id=\"185051\" src=\"https:\/\/folhapopular.info\/wp-content\/uploads\/2025\/04\/3527e3403d0a62ab020dd5f206a213e7-1.avif\" alt=\"\" class=\"wp-image-185051\"\/><figcaption class=\"wp-element-caption\">Empate tirou os 100% de aproveitamento do Juventude em Caxias do Sul na temporada<br>Cr\u00e9dito: Divulga\u00e7\u00e3o<\/figcaption><\/figure>\n<\/figure>\n\n\n\n<figure class=\"wp-block-table is-style-stripes\"><table class=\"has-light-green-cyan-to-vivid-green-cyan-gradient-background has-background\"><tbody><tr><td><strong>Classifica\u00e7\u00e3o<\/strong><\/td><td><\/td><td><\/td><td><\/td><td><\/td><td><\/td><td><\/td><td><\/td><td><\/td><td><\/td><td><\/td><\/tr><tr><td><strong>Pos.<\/strong><\/td><td><strong>Equipe<\/strong><\/td><td><strong>P<\/strong><\/td><td><strong>J<\/strong><\/td><td><strong>V<\/strong><\/td><td><strong>E<\/strong><\/td><td><strong>D<\/strong><\/td><td><strong>GP<\/strong><\/td><td><strong>GC<\/strong><\/td><td><strong>SG<\/strong><\/td><td><strong>%<\/strong><\/td><\/tr><tr><td>1<\/td><td>Palmeiras<\/td><td>13<\/td><td>5<\/td><td>4<\/td><td>1<\/td><td>0<\/td><td>7<\/td><td>2<\/td><td>5<\/td><td>86<\/td><\/tr><tr><td>2<\/td><td>Flamengo<\/td><td>11<\/td><td>5<\/td><td>3<\/td><td>2<\/td><td>0<\/td><td>11<\/td><td>2<\/td><td>9<\/td><td>73<\/td><\/tr><tr><td>3<\/td><td>Fluminense<\/td><td>10<\/td><td>5<\/td><td>3<\/td><td>1<\/td><td>1<\/td><td>6<\/td><td>4<\/td><td>2<\/td><td>66<\/td><\/tr><tr><td>4<\/td><td>Bragantino<\/td><td>10<\/td><td>5<\/td><td>3<\/td><td>1<\/td><td>1<\/td><td>6<\/td><td>4<\/td><td>2<\/td><td>66<\/td><\/tr><tr><td>5<\/td><td>Cear\u00e1<\/td><td>7<\/td><td>5<\/td><td>2<\/td><td>1<\/td><td>2<\/td><td>7<\/td><td>6<\/td><td>1<\/td><td>46<\/td><\/tr><tr><td>6<\/td><td>Corinthians<\/td><td>7<\/td><td>5<\/td><td>2<\/td><td>1<\/td><td>2<\/td><td>6<\/td><td>6<\/td><td>0<\/td><td>46<\/td><\/tr><tr><td>7<\/td><td>Cruzeiro<\/td><td>7<\/td><td>5<\/td><td>2<\/td><td>1<\/td><td>2<\/td><td>6<\/td><td>6<\/td><td>0<\/td><td>46<\/td><\/tr><tr><td>8<\/td><td>Vasco<\/td><td>7<\/td><td>5<\/td><td>2<\/td><td>1<\/td><td>2<\/td><td>6<\/td><td>7<\/td><td>-1<\/td><td>46<\/td><\/tr><tr><td>9<\/td><td>Juventude<\/td><td>7<\/td><td>5<\/td><td>2<\/td><td>1<\/td><td>2<\/td><td>6<\/td><td>11<\/td><td>-5<\/td><td>46<\/td><\/tr><tr><td>10<\/td><td>S\u00e3o Paulo<\/td><td>7<\/td><td>5<\/td><td>1<\/td><td>4<\/td><td>0<\/td><td>5<\/td><td>4<\/td><td>1<\/td><td>46<\/td><\/tr><tr><td>11<\/td><td>Mirassol<\/td><td>6<\/td><td>5<\/td><td>1<\/td><td>3<\/td><td>1<\/td><td>9<\/td><td>7<\/td><td>2<\/td><td>40<\/td><\/tr><tr><td>12<\/td><td>Internacional<\/td><td>6<\/td><td>5<\/td><td>1<\/td><td>3<\/td><td>1<\/td><td>5<\/td><td>3<\/td><td>2<\/td><td>40<\/td><\/tr><tr><td>13<\/td><td>Bahia<\/td><td>6<\/td><td>5<\/td><td>1<\/td><td>3<\/td><td>1<\/td><td>5<\/td><td>7<\/td><td>-2<\/td><td>40<\/td><\/tr><tr><td>14<\/td><td>Fortaleza<\/td><td>5<\/td><td>5<\/td><td>1<\/td><td>2<\/td><td>2<\/td><td>5<\/td><td>5<\/td><td>0<\/td><td>33<\/td><\/tr><tr><td>15<\/td><td>Botafogo<\/td><td>5<\/td><td>5<\/td><td>1<\/td><td>2<\/td><td>2<\/td><td>4<\/td><td>4<\/td><td>0<\/td><td>33<\/td><\/tr><tr><td>16<\/td><td>Vit\u00f3ria<\/td><td>5<\/td><td>5<\/td><td>1<\/td><td>2<\/td><td>2<\/td><td>6<\/td><td>8<\/td><td>-2<\/td><td>33<\/td><\/tr><tr><td>17<\/td><td>Atl\u00e9tico-MG<\/td><td>5<\/td><td>5<\/td><td>1<\/td><td>2<\/td><td>2<\/td><td>4<\/td><td>6<\/td><td>-2<\/td><td>33<\/td><\/tr><tr><td>18<\/td><td>Santos<\/td><td>4<\/td><td>5<\/td><td>1<\/td><td>1<\/td><td>3<\/td><td>6<\/td><td>7<\/td><td>-1<\/td><td>26<\/td><\/tr><tr><td>19<\/td><td>Gr\u00eamio<\/td><td>4<\/td><td>5<\/td><td>1<\/td><td>1<\/td><td>3<\/td><td>4<\/td><td>10<\/td><td>-6<\/td><td>26<\/td><\/tr><tr><td>20<\/td><td>Sport<\/td><td>1<\/td><td>5<\/td><td>0<\/td><td>1<\/td><td>4<\/td><td>3<\/td><td>8<\/td><td>-5<\/td><td>6<\/td><\/tr><\/tbody><\/table><\/figure>\n","protected":false},"excerpt":{"rendered":"<p>O primeiro cl\u00e1ssico Gre-Nal do Campeonato Brasileiro de 2025 ficou marcado pelo equil\u00edbrio e a igualdade no placar. V\u00e1lido pela 5\u00aa rodada, o Gre-Nal 447 terminou empatado em 1 a 1 na Arena do Gr\u00eamio. Anthoni (contra) abriu o placar para os donos da casa, e Alan Patrick empatou para os visitantes. Com o resultado [&hellip;]<\/p>\n","protected":false},"author":732,"featured_media":185047,"comment_status":"open","ping_status":"open","sticky":false,"template":"","format":"standard","meta":{"pmpro_default_level":"","_jetpack_memberships_contains_paid_content":false,"footnotes":""},"categories":[5,2243],"tags":[10115,18059,1194,1809,2998],"class_list":{"0":"post-185046","1":"post","2":"type-post","3":"status-publish","4":"format-standard","5":"has-post-thumbnail","7":"category-esportes","8":"category-futebol-profissional","9":"tag-campeonato-brasileiro","10":"tag-gre-nal","11":"tag-gremio","12":"tag-internacional","13":"tag-juventude","14":"pmpro-has-access"},"yoast_head":"<!-- This site is optimized with the Yoast SEO plugin v27.5 - https:\/\/yoast.com\/product\/yoast-seo-wordpress\/ -->\n<title>Gre-Nal 447 termina com empate e reclama\u00e7\u00e3o - Folha Popular<\/title>\n<meta name=\"robots\" content=\"index, follow, max-snippet:-1, max-image-preview:large, max-video-preview:-1\" \/>\n<link rel=\"canonical\" href=\"https:\/\/folhapopular.info\/index.php\/2025\/04\/22\/gre-nal-447-termina-com-empate-e-reclamacao\/\" \/>\n<meta property=\"og:locale\" content=\"pt_BR\" \/>\n<meta property=\"og:type\" content=\"article\" \/>\n<meta property=\"og:title\" content=\"Gre-Nal 447 termina com empate e reclama\u00e7\u00e3o - Folha Popular\" \/>\n<meta property=\"og:description\" content=\"O primeiro cl\u00e1ssico Gre-Nal do Campeonato Brasileiro de 2025 ficou marcado pelo equil\u00edbrio e a igualdade no placar. V\u00e1lido pela 5\u00aa rodada, o Gre-Nal 447 terminou empatado em 1 a 1 na Arena do Gr\u00eamio. Anthoni (contra) abriu o placar para os donos da casa, e Alan Patrick empatou para os visitantes. Com o resultado [&hellip;]\" \/>\n<meta property=\"og:url\" content=\"https:\/\/folhapopular.info\/index.php\/2025\/04\/22\/gre-nal-447-termina-com-empate-e-reclamacao\/\" \/>\n<meta property=\"og:site_name\" content=\"Folha Popular\" \/>\n<meta property=\"article:author\" content=\"https:\/\/www.facebook.com\/luis.huppes\/\" \/>\n<meta property=\"article:published_time\" content=\"2025-04-22T14:10:23+00:00\" \/>\n<meta property=\"article:modified_time\" content=\"2025-04-23T17:26:52+00:00\" \/>\n<meta property=\"og:image\" content=\"http:\/\/folhapopular.info\/wp-content\/uploads\/2025\/04\/grenal-447-e1745174807551.webp\" \/>\n\t<meta property=\"og:image:width\" content=\"2480\" \/>\n\t<meta property=\"og:image:height\" content=\"1397\" \/>\n\t<meta property=\"og:image:type\" content=\"image\/webp\" \/>\n<meta name=\"author\" content=\"Luis Augusto Huppes\" \/>\n<meta name=\"twitter:card\" content=\"summary_large_image\" \/>\n<meta name=\"twitter:label1\" content=\"Escrito por\" \/>\n\t<meta name=\"twitter:data1\" content=\"Luis Augusto Huppes\" \/>\n\t<meta name=\"twitter:label2\" content=\"Est. tempo de leitura\" \/>\n\t<meta name=\"twitter:data2\" content=\"6 minutos\" \/>\n<script type=\"application\/ld+json\" class=\"yoast-schema-graph\">{\"@context\":\"https:\\\/\\\/schema.org\",\"@graph\":[{\"@type\":\"Article\",\"@id\":\"https:\\\/\\\/folhapopular.info\\\/index.php\\\/2025\\\/04\\\/22\\\/gre-nal-447-termina-com-empate-e-reclamacao\\\/#article\",\"isPartOf\":{\"@id\":\"https:\\\/\\\/folhapopular.info\\\/index.php\\\/2025\\\/04\\\/22\\\/gre-nal-447-termina-com-empate-e-reclamacao\\\/\"},\"author\":{\"name\":\"Luis Augusto Huppes\",\"@id\":\"https:\\\/\\\/folhapopular.info\\\/#\\\/schema\\\/person\\\/e852c327371714676d02e58cf917fd9f\"},\"headline\":\"Gre-Nal 447 termina com empate e reclama\u00e7\u00e3o\",\"datePublished\":\"2025-04-22T14:10:23+00:00\",\"dateModified\":\"2025-04-23T17:26:52+00:00\",\"mainEntityOfPage\":{\"@id\":\"https:\\\/\\\/folhapopular.info\\\/index.php\\\/2025\\\/04\\\/22\\\/gre-nal-447-termina-com-empate-e-reclamacao\\\/\"},\"wordCount\":728,\"commentCount\":0,\"image\":{\"@id\":\"https:\\\/\\\/folhapopular.info\\\/index.php\\\/2025\\\/04\\\/22\\\/gre-nal-447-termina-com-empate-e-reclamacao\\\/#primaryimage\"},\"thumbnailUrl\":\"https:\\\/\\\/folhapopular.info\\\/wp-content\\\/uploads\\\/2025\\\/04\\\/grenal-447-e1745174807551.webp\",\"keywords\":[\"Campeonato Brasileiro\",\"Gre-Nal\",\"Gr\u00eamio\",\"Internacional\",\"Juventude\"],\"articleSection\":[\"Esportes\",\"Futebol Profissional\"],\"inLanguage\":\"pt-BR\",\"potentialAction\":[{\"@type\":\"CommentAction\",\"name\":\"Comment\",\"target\":[\"https:\\\/\\\/folhapopular.info\\\/index.php\\\/2025\\\/04\\\/22\\\/gre-nal-447-termina-com-empate-e-reclamacao\\\/#respond\"]}]},{\"@type\":\"WebPage\",\"@id\":\"https:\\\/\\\/folhapopular.info\\\/index.php\\\/2025\\\/04\\\/22\\\/gre-nal-447-termina-com-empate-e-reclamacao\\\/\",\"url\":\"https:\\\/\\\/folhapopular.info\\\/index.php\\\/2025\\\/04\\\/22\\\/gre-nal-447-termina-com-empate-e-reclamacao\\\/\",\"name\":\"Gre-Nal 447 termina com empate e reclama\u00e7\u00e3o - Folha Popular\",\"isPartOf\":{\"@id\":\"https:\\\/\\\/folhapopular.info\\\/#website\"},\"primaryImageOfPage\":{\"@id\":\"https:\\\/\\\/folhapopular.info\\\/index.php\\\/2025\\\/04\\\/22\\\/gre-nal-447-termina-com-empate-e-reclamacao\\\/#primaryimage\"},\"image\":{\"@id\":\"https:\\\/\\\/folhapopular.info\\\/index.php\\\/2025\\\/04\\\/22\\\/gre-nal-447-termina-com-empate-e-reclamacao\\\/#primaryimage\"},\"thumbnailUrl\":\"https:\\\/\\\/folhapopular.info\\\/wp-content\\\/uploads\\\/2025\\\/04\\\/grenal-447-e1745174807551.webp\",\"datePublished\":\"2025-04-22T14:10:23+00:00\",\"dateModified\":\"2025-04-23T17:26:52+00:00\",\"author\":{\"@id\":\"https:\\\/\\\/folhapopular.info\\\/#\\\/schema\\\/person\\\/e852c327371714676d02e58cf917fd9f\"},\"breadcrumb\":{\"@id\":\"https:\\\/\\\/folhapopular.info\\\/index.php\\\/2025\\\/04\\\/22\\\/gre-nal-447-termina-com-empate-e-reclamacao\\\/#breadcrumb\"},\"inLanguage\":\"pt-BR\",\"potentialAction\":[{\"@type\":\"ReadAction\",\"target\":[\"https:\\\/\\\/folhapopular.info\\\/index.php\\\/2025\\\/04\\\/22\\\/gre-nal-447-termina-com-empate-e-reclamacao\\\/\"]}]},{\"@type\":\"ImageObject\",\"inLanguage\":\"pt-BR\",\"@id\":\"https:\\\/\\\/folhapopular.info\\\/index.php\\\/2025\\\/04\\\/22\\\/gre-nal-447-termina-com-empate-e-reclamacao\\\/#primaryimage\",\"url\":\"https:\\\/\\\/folhapopular.info\\\/wp-content\\\/uploads\\\/2025\\\/04\\\/grenal-447-e1745174807551.webp\",\"contentUrl\":\"https:\\\/\\\/folhapopular.info\\\/wp-content\\\/uploads\\\/2025\\\/04\\\/grenal-447-e1745174807551.webp\",\"width\":2480,\"height\":1397,\"caption\":\"Com pedidos de penalidades pelos dois lados, Gre-Nal ficou no 1 a 1 na Arena do Gr\u00eamio - Cr\u00e9dito: Lucas Uebel \\\/ Divulga\u00e7\u00e3o\"},{\"@type\":\"BreadcrumbList\",\"@id\":\"https:\\\/\\\/folhapopular.info\\\/index.php\\\/2025\\\/04\\\/22\\\/gre-nal-447-termina-com-empate-e-reclamacao\\\/#breadcrumb\",\"itemListElement\":[{\"@type\":\"ListItem\",\"position\":1,\"name\":\"In\u00edcio\",\"item\":\"https:\\\/\\\/folhapopular.info\\\/\"},{\"@type\":\"ListItem\",\"position\":2,\"name\":\"Gre-Nal 447 termina com empate e reclama\u00e7\u00e3o\"}]},{\"@type\":\"WebSite\",\"@id\":\"https:\\\/\\\/folhapopular.info\\\/#website\",\"url\":\"https:\\\/\\\/folhapopular.info\\\/\",\"name\":\"Folha Popular\",\"description\":\"Onde voc\u00ea tem vez e voz\",\"potentialAction\":[{\"@type\":\"SearchAction\",\"target\":{\"@type\":\"EntryPoint\",\"urlTemplate\":\"https:\\\/\\\/folhapopular.info\\\/?s={search_term_string}\"},\"query-input\":{\"@type\":\"PropertyValueSpecification\",\"valueRequired\":true,\"valueName\":\"search_term_string\"}}],\"inLanguage\":\"pt-BR\"},{\"@type\":\"Person\",\"@id\":\"https:\\\/\\\/folhapopular.info\\\/#\\\/schema\\\/person\\\/e852c327371714676d02e58cf917fd9f\",\"name\":\"Luis Augusto Huppes\",\"image\":{\"@type\":\"ImageObject\",\"inLanguage\":\"pt-BR\",\"@id\":\"https:\\\/\\\/folhapopular.info\\\/wp-content\\\/uploads\\\/2026\\\/04\\\/Luis-Augusto-Huppes-1-1.webp\",\"url\":\"https:\\\/\\\/folhapopular.info\\\/wp-content\\\/uploads\\\/2026\\\/04\\\/Luis-Augusto-Huppes-1-1.webp\",\"contentUrl\":\"https:\\\/\\\/folhapopular.info\\\/wp-content\\\/uploads\\\/2026\\\/04\\\/Luis-Augusto-Huppes-1-1.webp\",\"caption\":\"Luis Augusto Huppes\"},\"sameAs\":[\"https:\\\/\\\/www.facebook.com\\\/luis.huppes\\\/\",\"https:\\\/\\\/www.instagram.com\\\/luis.huppes\\\/\",\"https:\\\/\\\/www.linkedin.com\\\/in\\\/luis-augusto-huppes-2554b52b7\\\/\"],\"url\":\"https:\\\/\\\/folhapopular.info\\\/index.php\\\/author\\\/luis-augusto-huppes\\\/\"}]}<\/script>\n<!-- \/ Yoast SEO plugin. -->","yoast_head_json":{"title":"Gre-Nal 447 termina com empate e reclama\u00e7\u00e3o - Folha Popular","robots":{"index":"index","follow":"follow","max-snippet":"max-snippet:-1","max-image-preview":"max-image-preview:large","max-video-preview":"max-video-preview:-1"},"canonical":"https:\/\/folhapopular.info\/index.php\/2025\/04\/22\/gre-nal-447-termina-com-empate-e-reclamacao\/","og_locale":"pt_BR","og_type":"article","og_title":"Gre-Nal 447 termina com empate e reclama\u00e7\u00e3o - Folha Popular","og_description":"O primeiro cl\u00e1ssico Gre-Nal do Campeonato Brasileiro de 2025 ficou marcado pelo equil\u00edbrio e a igualdade no placar. V\u00e1lido pela 5\u00aa rodada, o Gre-Nal 447 terminou empatado em 1 a 1 na Arena do Gr\u00eamio. Anthoni (contra) abriu o placar para os donos da casa, e Alan Patrick empatou para os visitantes. Com o resultado [&hellip;]","og_url":"https:\/\/folhapopular.info\/index.php\/2025\/04\/22\/gre-nal-447-termina-com-empate-e-reclamacao\/","og_site_name":"Folha Popular","article_author":"https:\/\/www.facebook.com\/luis.huppes\/","article_published_time":"2025-04-22T14:10:23+00:00","article_modified_time":"2025-04-23T17:26:52+00:00","og_image":[{"width":2480,"height":1397,"url":"http:\/\/folhapopular.info\/wp-content\/uploads\/2025\/04\/grenal-447-e1745174807551.webp","type":"image\/webp"}],"author":"Luis Augusto Huppes","twitter_card":"summary_large_image","twitter_misc":{"Escrito por":"Luis Augusto Huppes","Est. tempo de leitura":"6 minutos"},"schema":{"@context":"https:\/\/schema.org","@graph":[{"@type":"Article","@id":"https:\/\/folhapopular.info\/index.php\/2025\/04\/22\/gre-nal-447-termina-com-empate-e-reclamacao\/#article","isPartOf":{"@id":"https:\/\/folhapopular.info\/index.php\/2025\/04\/22\/gre-nal-447-termina-com-empate-e-reclamacao\/"},"author":{"name":"Luis Augusto Huppes","@id":"https:\/\/folhapopular.info\/#\/schema\/person\/e852c327371714676d02e58cf917fd9f"},"headline":"Gre-Nal 447 termina com empate e reclama\u00e7\u00e3o","datePublished":"2025-04-22T14:10:23+00:00","dateModified":"2025-04-23T17:26:52+00:00","mainEntityOfPage":{"@id":"https:\/\/folhapopular.info\/index.php\/2025\/04\/22\/gre-nal-447-termina-com-empate-e-reclamacao\/"},"wordCount":728,"commentCount":0,"image":{"@id":"https:\/\/folhapopular.info\/index.php\/2025\/04\/22\/gre-nal-447-termina-com-empate-e-reclamacao\/#primaryimage"},"thumbnailUrl":"https:\/\/folhapopular.info\/wp-content\/uploads\/2025\/04\/grenal-447-e1745174807551.webp","keywords":["Campeonato Brasileiro","Gre-Nal","Gr\u00eamio","Internacional","Juventude"],"articleSection":["Esportes","Futebol Profissional"],"inLanguage":"pt-BR","potentialAction":[{"@type":"CommentAction","name":"Comment","target":["https:\/\/folhapopular.info\/index.php\/2025\/04\/22\/gre-nal-447-termina-com-empate-e-reclamacao\/#respond"]}]},{"@type":"WebPage","@id":"https:\/\/folhapopular.info\/index.php\/2025\/04\/22\/gre-nal-447-termina-com-empate-e-reclamacao\/","url":"https:\/\/folhapopular.info\/index.php\/2025\/04\/22\/gre-nal-447-termina-com-empate-e-reclamacao\/","name":"Gre-Nal 447 termina com empate e reclama\u00e7\u00e3o - Folha Popular","isPartOf":{"@id":"https:\/\/folhapopular.info\/#website"},"primaryImageOfPage":{"@id":"https:\/\/folhapopular.info\/index.php\/2025\/04\/22\/gre-nal-447-termina-com-empate-e-reclamacao\/#primaryimage"},"image":{"@id":"https:\/\/folhapopular.info\/index.php\/2025\/04\/22\/gre-nal-447-termina-com-empate-e-reclamacao\/#primaryimage"},"thumbnailUrl":"https:\/\/folhapopular.info\/wp-content\/uploads\/2025\/04\/grenal-447-e1745174807551.webp","datePublished":"2025-04-22T14:10:23+00:00","dateModified":"2025-04-23T17:26:52+00:00","author":{"@id":"https:\/\/folhapopular.info\/#\/schema\/person\/e852c327371714676d02e58cf917fd9f"},"breadcrumb":{"@id":"https:\/\/folhapopular.info\/index.php\/2025\/04\/22\/gre-nal-447-termina-com-empate-e-reclamacao\/#breadcrumb"},"inLanguage":"pt-BR","potentialAction":[{"@type":"ReadAction","target":["https:\/\/folhapopular.info\/index.php\/2025\/04\/22\/gre-nal-447-termina-com-empate-e-reclamacao\/"]}]},{"@type":"ImageObject","inLanguage":"pt-BR","@id":"https:\/\/folhapopular.info\/index.php\/2025\/04\/22\/gre-nal-447-termina-com-empate-e-reclamacao\/#primaryimage","url":"https:\/\/folhapopular.info\/wp-content\/uploads\/2025\/04\/grenal-447-e1745174807551.webp","contentUrl":"https:\/\/folhapopular.info\/wp-content\/uploads\/2025\/04\/grenal-447-e1745174807551.webp","width":2480,"height":1397,"caption":"Com pedidos de penalidades pelos dois lados, Gre-Nal ficou no 1 a 1 na Arena do Gr\u00eamio - Cr\u00e9dito: Lucas Uebel \/ Divulga\u00e7\u00e3o"},{"@type":"BreadcrumbList","@id":"https:\/\/folhapopular.info\/index.php\/2025\/04\/22\/gre-nal-447-termina-com-empate-e-reclamacao\/#breadcrumb","itemListElement":[{"@type":"ListItem","position":1,"name":"In\u00edcio","item":"https:\/\/folhapopular.info\/"},{"@type":"ListItem","position":2,"name":"Gre-Nal 447 termina com empate e reclama\u00e7\u00e3o"}]},{"@type":"WebSite","@id":"https:\/\/folhapopular.info\/#website","url":"https:\/\/folhapopular.info\/","name":"Folha Popular","description":"Onde voc\u00ea tem vez e voz","potentialAction":[{"@type":"SearchAction","target":{"@type":"EntryPoint","urlTemplate":"https:\/\/folhapopular.info\/?s={search_term_string}"},"query-input":{"@type":"PropertyValueSpecification","valueRequired":true,"valueName":"search_term_string"}}],"inLanguage":"pt-BR"},{"@type":"Person","@id":"https:\/\/folhapopular.info\/#\/schema\/person\/e852c327371714676d02e58cf917fd9f","name":"Luis Augusto Huppes","image":{"@type":"ImageObject","inLanguage":"pt-BR","@id":"https:\/\/folhapopular.info\/wp-content\/uploads\/2026\/04\/Luis-Augusto-Huppes-1-1.webp","url":"https:\/\/folhapopular.info\/wp-content\/uploads\/2026\/04\/Luis-Augusto-Huppes-1-1.webp","contentUrl":"https:\/\/folhapopular.info\/wp-content\/uploads\/2026\/04\/Luis-Augusto-Huppes-1-1.webp","caption":"Luis Augusto Huppes"},"sameAs":["https:\/\/www.facebook.com\/luis.huppes\/","https:\/\/www.instagram.com\/luis.huppes\/","https:\/\/www.linkedin.com\/in\/luis-augusto-huppes-2554b52b7\/"],"url":"https:\/\/folhapopular.info\/index.php\/author\/luis-augusto-huppes\/"}]}},"jetpack_featured_media_url":"https:\/\/folhapopular.info\/wp-content\/uploads\/2025\/04\/grenal-447-e1745174807551.webp","jetpack_sharing_enabled":true,"amp_enabled":true,"_links":{"self":[{"href":"https:\/\/folhapopular.info\/index.php\/wp-json\/wp\/v2\/posts\/185046","targetHints":{"allow":["GET"]}}],"collection":[{"href":"https:\/\/folhapopular.info\/index.php\/wp-json\/wp\/v2\/posts"}],"about":[{"href":"https:\/\/folhapopular.info\/index.php\/wp-json\/wp\/v2\/types\/post"}],"author":[{"embeddable":true,"href":"https:\/\/folhapopular.info\/index.php\/wp-json\/wp\/v2\/users\/732"}],"replies":[{"embeddable":true,"href":"https:\/\/folhapopular.info\/index.php\/wp-json\/wp\/v2\/comments?post=185046"}],"version-history":[{"count":0,"href":"https:\/\/folhapopular.info\/index.php\/wp-json\/wp\/v2\/posts\/185046\/revisions"}],"wp:featuredmedia":[{"embeddable":true,"href":"https:\/\/folhapopular.info\/index.php\/wp-json\/wp\/v2\/media\/185047"}],"wp:attachment":[{"href":"https:\/\/folhapopular.info\/index.php\/wp-json\/wp\/v2\/media?parent=185046"}],"wp:term":[{"taxonomy":"category","embeddable":true,"href":"https:\/\/folhapopular.info\/index.php\/wp-json\/wp\/v2\/categories?post=185046"},{"taxonomy":"post_tag","embeddable":true,"href":"https:\/\/folhapopular.info\/index.php\/wp-json\/wp\/v2\/tags?post=185046"}],"curies":[{"name":"wp","href":"https:\/\/api.w.org\/{rel}","templated":true}]}}