{"id":185290,"date":"2025-04-26T10:00:00","date_gmt":"2025-04-26T13:00:00","guid":{"rendered":"https:\/\/folhapopular.info\/?p=185290"},"modified":"2025-04-26T08:22:28","modified_gmt":"2025-04-26T11:22:28","slug":"desfile-da-pascoa-de-colinas-retrata-a-forca-das-aguas-e-emociona-o-publico","status":"publish","type":"post","link":"https:\/\/folhapopular.info\/index.php\/2025\/04\/26\/desfile-da-pascoa-de-colinas-retrata-a-forca-das-aguas-e-emociona-o-publico\/","title":{"rendered":"Desfile da P\u00e1scoa de Colinas retrata a for\u00e7a das \u00e1guas e emociona o p\u00fablico"},"content":{"rendered":"\n<p>A P\u00e1scoa Encantada de Colinas recebeu cerca de 50 mil visitantes durante os quatro fins de semana, de 29 de mar\u00e7o a 20 de abril. Um dos pontos altos foi o desfile tem\u00e1tico sobre o tema \u201cRenascimento e Reconstru\u00e7\u00e3o! Uma homenagem a n\u00f3s e a nossas cidades irm\u00e3s!\u201d, realizado nos dias 12 e 19.<\/p>\n\n\n\n<p>O desfile retratou a cat\u00e1strofe clim\u00e1tica sofrida pelos moradores do Vale do Taquari e de todo o estado. Para isso, teve a participa\u00e7\u00e3o de representantes de munic\u00edpios vizinhos, de Santa Tereza a Bom Retiro do Sul. O prefeito de Mu\u00e7um, Mateus Giovanoni Trojan, foi fortemente aplaudido.<\/p>\n\n\n\n<p>Uma r\u00e9plica da ponte de ferro, situada entre Lajeado e Arroio do Meio, foi exposta como um s\u00edmbolo da reconstru\u00e7\u00e3o.<\/p>\n\n\n\n<p>O desfile ocorreu em alas e relembrou o cen\u00e1rio antes da trag\u00e9dia, os impactos das enchentes e o mais importante: a reconstru\u00e7\u00e3o. \u201cPrimeiro vemos o rio azul, as placas das cidades limpas e de repente tudo muda, fica marrom, foi muito forte\u201d, explica a vice-prefeita e secret\u00e1ria de Educa\u00e7\u00e3o, Cultura, Turismo e Desporto de Colinas, Maristela Nicolodi de Souza.<\/p>\n\n\n\n<p>Para ela, a P\u00e1scoa Encantada 2025 superou as expectativas. \u201cN\u00f3s n\u00e3o imagin\u00e1vamos que teria tanta repercuss\u00e3o e tanto sucesso. Acredito que as pessoas se identificaram com o tema\u201d, comemora.<\/p>\n\n\n\n<p>O evento foi uma forma de homenagem para os munic\u00edpios da regi\u00e3o, ap\u00f3s tantos desafios em 2023 e 2024, demonstrando a supera\u00e7\u00e3o e resili\u00eancia da popula\u00e7\u00e3o.<\/p>\n\n\n\n<figure class=\"wp-block-image size-large\"><img loading=\"lazy\" decoding=\"async\" width=\"1024\" height=\"682\" src=\"https:\/\/folhapopular.info\/wp-content\/uploads\/2025\/04\/PONTE-DE-FERRO_ANGELICA-POTT-1024x682.jpg\" alt=\"\" class=\"wp-image-185292\" srcset=\"https:\/\/folhapopular.info\/wp-content\/uploads\/2025\/04\/PONTE-DE-FERRO_ANGELICA-POTT-1024x682.jpg 1024w, https:\/\/folhapopular.info\/wp-content\/uploads\/2025\/04\/PONTE-DE-FERRO_ANGELICA-POTT-300x200.jpg 300w, https:\/\/folhapopular.info\/wp-content\/uploads\/2025\/04\/PONTE-DE-FERRO_ANGELICA-POTT-768x512.jpg 768w, https:\/\/folhapopular.info\/wp-content\/uploads\/2025\/04\/PONTE-DE-FERRO_ANGELICA-POTT-630x420.jpg 630w, https:\/\/folhapopular.info\/wp-content\/uploads\/2025\/04\/PONTE-DE-FERRO_ANGELICA-POTT-696x464.jpg 696w, https:\/\/folhapopular.info\/wp-content\/uploads\/2025\/04\/PONTE-DE-FERRO_ANGELICA-POTT-1068x712.jpg 1068w, https:\/\/folhapopular.info\/wp-content\/uploads\/2025\/04\/PONTE-DE-FERRO_ANGELICA-POTT.jpg 1280w\" sizes=\"auto, (max-width: 1024px) 100vw, 1024px\" \/><figcaption class=\"wp-element-caption\"><br>A \u201cPonte da Reconstru\u00e7\u00e3o\u201d, Ponte de Ferro, foi destaque no desfile \/ Cr\u00e9dito: Ang\u00e9lica Pott<\/figcaption><\/figure>\n\n\n\n<p><strong>Ornamenta\u00e7\u00e3o<\/strong><\/p>\n\n\n\n<p>Al\u00e9m da programa\u00e7\u00e3o oficial, ocorreu o Concurso de Ornamenta\u00e7\u00e3o da P\u00e1scoa Encantada 2025.<\/p>\n\n\n\n<p>Na categoria Resid\u00eancias, o primeiro lugar ficou com Leonila Joris, seguida por Glaci M\u00fcller em segundo lugar. Na categoria Com\u00e9rcio e Entidades, o destaque ficou com a Igreja Luterana IECLB, que conquistou o primeiro lugar, enquanto a Padaria Paladar garantiu a segunda coloca\u00e7\u00e3o.<br>A comiss\u00e3o julgadora foi formada pela turism\u00f3loga Lizeli Bergamaschi, pela arquiteta e urbanista Lorena Santos da Silva e pela paisagista Mara da Costa Borto. O an\u00fancio dos vencedores ocorreu no dia 18 na Pra\u00e7a dos P\u00e1ssaros.<\/p>\n\n\n\n<p>Mesmo ap\u00f3s o fim das atividades oficiais, a ornamenta\u00e7\u00e3o segue em Colinas at\u00e9 o fim deste m\u00eas, na pr\u00f3xima quarta-feira.<\/p>\n\n\n\n<figure class=\"wp-block-image size-large\"><img loading=\"lazy\" decoding=\"async\" width=\"1024\" height=\"682\" src=\"https:\/\/folhapopular.info\/wp-content\/uploads\/2025\/04\/Decoracao-da-cidade-virou-ponto-para-fotografar-e-relembrar-os-herois-da-catastrofe-1024x682.jpeg\" alt=\"\" class=\"wp-image-185293\" srcset=\"https:\/\/folhapopular.info\/wp-content\/uploads\/2025\/04\/Decoracao-da-cidade-virou-ponto-para-fotografar-e-relembrar-os-herois-da-catastrofe-1024x682.jpeg 1024w, https:\/\/folhapopular.info\/wp-content\/uploads\/2025\/04\/Decoracao-da-cidade-virou-ponto-para-fotografar-e-relembrar-os-herois-da-catastrofe-300x200.jpeg 300w, https:\/\/folhapopular.info\/wp-content\/uploads\/2025\/04\/Decoracao-da-cidade-virou-ponto-para-fotografar-e-relembrar-os-herois-da-catastrofe-768x512.jpeg 768w, https:\/\/folhapopular.info\/wp-content\/uploads\/2025\/04\/Decoracao-da-cidade-virou-ponto-para-fotografar-e-relembrar-os-herois-da-catastrofe-630x420.jpeg 630w, https:\/\/folhapopular.info\/wp-content\/uploads\/2025\/04\/Decoracao-da-cidade-virou-ponto-para-fotografar-e-relembrar-os-herois-da-catastrofe-696x464.jpeg 696w, https:\/\/folhapopular.info\/wp-content\/uploads\/2025\/04\/Decoracao-da-cidade-virou-ponto-para-fotografar-e-relembrar-os-herois-da-catastrofe-1068x712.jpeg 1068w, https:\/\/folhapopular.info\/wp-content\/uploads\/2025\/04\/Decoracao-da-cidade-virou-ponto-para-fotografar-e-relembrar-os-herois-da-catastrofe.jpeg 1280w\" sizes=\"auto, (max-width: 1024px) 100vw, 1024px\" \/><figcaption class=\"wp-element-caption\"><br>Decora\u00e7\u00e3o da cidade virou ponto para fotografar e relembrar os her\u00f3is da cat\u00e1strofe \/ Cr\u00e9dito: Ang\u00e9lica Pott<\/figcaption><\/figure>\n","protected":false},"excerpt":{"rendered":"<p>A P\u00e1scoa Encantada de Colinas recebeu cerca de 50 mil visitantes durante os quatro fins de semana, de 29 de mar\u00e7o a 20 de abril. Um dos pontos altos foi o desfile tem\u00e1tico sobre o tema \u201cRenascimento e Reconstru\u00e7\u00e3o! Uma homenagem a n\u00f3s e a nossas cidades irm\u00e3s!\u201d, realizado nos dias 12 e 19. O [&hellip;]<\/p>\n","protected":false},"author":673,"featured_media":185291,"comment_status":"open","ping_status":"open","sticky":false,"template":"","format":"standard","meta":{"pmpro_default_level":"","_jetpack_memberships_contains_paid_content":false,"footnotes":""},"categories":[2,6],"tags":[183,2737,2367,18512,8513],"class_list":{"0":"post-185290","1":"post","2":"type-post","3":"status-publish","4":"format-standard","5":"has-post-thumbnail","7":"category-featured","8":"category-inclusive","9":"tag-colinas","10":"tag-desfile","11":"tag-pascoa","12":"tag-pascoa-de-colinas","13":"tag-pascoa-encantada","14":"pmpro-has-access"},"yoast_head":"<!-- This site is optimized with the Yoast SEO plugin v27.5 - https:\/\/yoast.com\/product\/yoast-seo-wordpress\/ -->\n<title>Desfile da P\u00e1scoa de Colinas retrata a for\u00e7a das \u00e1guas e emociona o p\u00fablico - Folha Popular<\/title>\n<meta name=\"robots\" content=\"index, follow, max-snippet:-1, max-image-preview:large, max-video-preview:-1\" \/>\n<link rel=\"canonical\" href=\"https:\/\/folhapopular.info\/index.php\/2025\/04\/26\/desfile-da-pascoa-de-colinas-retrata-a-forca-das-aguas-e-emociona-o-publico\/\" \/>\n<meta property=\"og:locale\" content=\"pt_BR\" \/>\n<meta property=\"og:type\" content=\"article\" \/>\n<meta property=\"og:title\" content=\"Desfile da P\u00e1scoa de Colinas retrata a for\u00e7a das \u00e1guas e emociona o p\u00fablico - Folha Popular\" \/>\n<meta property=\"og:description\" content=\"A P\u00e1scoa Encantada de Colinas recebeu cerca de 50 mil visitantes durante os quatro fins de semana, de 29 de mar\u00e7o a 20 de abril. Um dos pontos altos foi o desfile tem\u00e1tico sobre o tema \u201cRenascimento e Reconstru\u00e7\u00e3o! Uma homenagem a n\u00f3s e a nossas cidades irm\u00e3s!\u201d, realizado nos dias 12 e 19. O [&hellip;]\" \/>\n<meta property=\"og:url\" content=\"https:\/\/folhapopular.info\/index.php\/2025\/04\/26\/desfile-da-pascoa-de-colinas-retrata-a-forca-das-aguas-e-emociona-o-publico\/\" \/>\n<meta property=\"og:site_name\" content=\"Folha Popular\" \/>\n<meta property=\"article:published_time\" content=\"2025-04-26T13:00:00+00:00\" \/>\n<meta property=\"og:image\" content=\"https:\/\/folhapopular.info\/wp-content\/uploads\/2025\/04\/MUNICIPIOS-NO-DESFILE_ANGELICA-POTT.jpg\" \/>\n\t<meta property=\"og:image:width\" content=\"1280\" \/>\n\t<meta property=\"og:image:height\" content=\"853\" \/>\n\t<meta property=\"og:image:type\" content=\"image\/jpeg\" \/>\n<meta name=\"author\" content=\"Let\u00edcia Echer\" \/>\n<meta name=\"twitter:card\" content=\"summary_large_image\" \/>\n<meta name=\"twitter:label1\" content=\"Escrito por\" \/>\n\t<meta name=\"twitter:data1\" content=\"Let\u00edcia Echer\" \/>\n\t<meta name=\"twitter:label2\" content=\"Est. tempo de leitura\" \/>\n\t<meta name=\"twitter:data2\" content=\"3 minutos\" \/>\n<script type=\"application\/ld+json\" class=\"yoast-schema-graph\">{\"@context\":\"https:\\\/\\\/schema.org\",\"@graph\":[{\"@type\":\"Article\",\"@id\":\"https:\\\/\\\/folhapopular.info\\\/index.php\\\/2025\\\/04\\\/26\\\/desfile-da-pascoa-de-colinas-retrata-a-forca-das-aguas-e-emociona-o-publico\\\/#article\",\"isPartOf\":{\"@id\":\"https:\\\/\\\/folhapopular.info\\\/index.php\\\/2025\\\/04\\\/26\\\/desfile-da-pascoa-de-colinas-retrata-a-forca-das-aguas-e-emociona-o-publico\\\/\"},\"author\":{\"name\":\"Let\u00edcia Echer\",\"@id\":\"https:\\\/\\\/folhapopular.info\\\/#\\\/schema\\\/person\\\/52b95b9c1c41ec0e826e7518183d0cc0\"},\"headline\":\"Desfile da P\u00e1scoa de Colinas retrata a for\u00e7a das \u00e1guas e emociona o p\u00fablico\",\"datePublished\":\"2025-04-26T13:00:00+00:00\",\"mainEntityOfPage\":{\"@id\":\"https:\\\/\\\/folhapopular.info\\\/index.php\\\/2025\\\/04\\\/26\\\/desfile-da-pascoa-de-colinas-retrata-a-forca-das-aguas-e-emociona-o-publico\\\/\"},\"wordCount\":440,\"commentCount\":0,\"image\":{\"@id\":\"https:\\\/\\\/folhapopular.info\\\/index.php\\\/2025\\\/04\\\/26\\\/desfile-da-pascoa-de-colinas-retrata-a-forca-das-aguas-e-emociona-o-publico\\\/#primaryimage\"},\"thumbnailUrl\":\"https:\\\/\\\/folhapopular.info\\\/wp-content\\\/uploads\\\/2025\\\/04\\\/MUNICIPIOS-NO-DESFILE_ANGELICA-POTT.jpg\",\"keywords\":[\"Colinas\",\"desfile\",\"P\u00e1scoa\",\"P\u00e1scoa de Colinas\",\"P\u00e1scoa Encantada\"],\"articleSection\":[\"Destaques\",\"Inclusive\"],\"inLanguage\":\"pt-BR\",\"potentialAction\":[{\"@type\":\"CommentAction\",\"name\":\"Comment\",\"target\":[\"https:\\\/\\\/folhapopular.info\\\/index.php\\\/2025\\\/04\\\/26\\\/desfile-da-pascoa-de-colinas-retrata-a-forca-das-aguas-e-emociona-o-publico\\\/#respond\"]}]},{\"@type\":\"WebPage\",\"@id\":\"https:\\\/\\\/folhapopular.info\\\/index.php\\\/2025\\\/04\\\/26\\\/desfile-da-pascoa-de-colinas-retrata-a-forca-das-aguas-e-emociona-o-publico\\\/\",\"url\":\"https:\\\/\\\/folhapopular.info\\\/index.php\\\/2025\\\/04\\\/26\\\/desfile-da-pascoa-de-colinas-retrata-a-forca-das-aguas-e-emociona-o-publico\\\/\",\"name\":\"Desfile da P\u00e1scoa de Colinas retrata a for\u00e7a das \u00e1guas e emociona o p\u00fablico - Folha Popular\",\"isPartOf\":{\"@id\":\"https:\\\/\\\/folhapopular.info\\\/#website\"},\"primaryImageOfPage\":{\"@id\":\"https:\\\/\\\/folhapopular.info\\\/index.php\\\/2025\\\/04\\\/26\\\/desfile-da-pascoa-de-colinas-retrata-a-forca-das-aguas-e-emociona-o-publico\\\/#primaryimage\"},\"image\":{\"@id\":\"https:\\\/\\\/folhapopular.info\\\/index.php\\\/2025\\\/04\\\/26\\\/desfile-da-pascoa-de-colinas-retrata-a-forca-das-aguas-e-emociona-o-publico\\\/#primaryimage\"},\"thumbnailUrl\":\"https:\\\/\\\/folhapopular.info\\\/wp-content\\\/uploads\\\/2025\\\/04\\\/MUNICIPIOS-NO-DESFILE_ANGELICA-POTT.jpg\",\"datePublished\":\"2025-04-26T13:00:00+00:00\",\"author\":{\"@id\":\"https:\\\/\\\/folhapopular.info\\\/#\\\/schema\\\/person\\\/52b95b9c1c41ec0e826e7518183d0cc0\"},\"breadcrumb\":{\"@id\":\"https:\\\/\\\/folhapopular.info\\\/index.php\\\/2025\\\/04\\\/26\\\/desfile-da-pascoa-de-colinas-retrata-a-forca-das-aguas-e-emociona-o-publico\\\/#breadcrumb\"},\"inLanguage\":\"pt-BR\",\"potentialAction\":[{\"@type\":\"ReadAction\",\"target\":[\"https:\\\/\\\/folhapopular.info\\\/index.php\\\/2025\\\/04\\\/26\\\/desfile-da-pascoa-de-colinas-retrata-a-forca-das-aguas-e-emociona-o-publico\\\/\"]}]},{\"@type\":\"ImageObject\",\"inLanguage\":\"pt-BR\",\"@id\":\"https:\\\/\\\/folhapopular.info\\\/index.php\\\/2025\\\/04\\\/26\\\/desfile-da-pascoa-de-colinas-retrata-a-forca-das-aguas-e-emociona-o-publico\\\/#primaryimage\",\"url\":\"https:\\\/\\\/folhapopular.info\\\/wp-content\\\/uploads\\\/2025\\\/04\\\/MUNICIPIOS-NO-DESFILE_ANGELICA-POTT.jpg\",\"contentUrl\":\"https:\\\/\\\/folhapopular.info\\\/wp-content\\\/uploads\\\/2025\\\/04\\\/MUNICIPIOS-NO-DESFILE_ANGELICA-POTT.jpg\",\"width\":1280,\"height\":853,\"caption\":\"A parada representou os dias dif\u00edceis de maio de 2024 \\\/ Cr\u00e9dito: Ang\u00e9lica Pott\"},{\"@type\":\"BreadcrumbList\",\"@id\":\"https:\\\/\\\/folhapopular.info\\\/index.php\\\/2025\\\/04\\\/26\\\/desfile-da-pascoa-de-colinas-retrata-a-forca-das-aguas-e-emociona-o-publico\\\/#breadcrumb\",\"itemListElement\":[{\"@type\":\"ListItem\",\"position\":1,\"name\":\"In\u00edcio\",\"item\":\"https:\\\/\\\/folhapopular.info\\\/\"},{\"@type\":\"ListItem\",\"position\":2,\"name\":\"Desfile da P\u00e1scoa de Colinas retrata a for\u00e7a das \u00e1guas e emociona o p\u00fablico\"}]},{\"@type\":\"WebSite\",\"@id\":\"https:\\\/\\\/folhapopular.info\\\/#website\",\"url\":\"https:\\\/\\\/folhapopular.info\\\/\",\"name\":\"Folha Popular\",\"description\":\"Onde voc\u00ea tem vez e voz\",\"potentialAction\":[{\"@type\":\"SearchAction\",\"target\":{\"@type\":\"EntryPoint\",\"urlTemplate\":\"https:\\\/\\\/folhapopular.info\\\/?s={search_term_string}\"},\"query-input\":{\"@type\":\"PropertyValueSpecification\",\"valueRequired\":true,\"valueName\":\"search_term_string\"}}],\"inLanguage\":\"pt-BR\"},{\"@type\":\"Person\",\"@id\":\"https:\\\/\\\/folhapopular.info\\\/#\\\/schema\\\/person\\\/52b95b9c1c41ec0e826e7518183d0cc0\",\"name\":\"Let\u00edcia Echer\",\"image\":{\"@type\":\"ImageObject\",\"inLanguage\":\"pt-BR\",\"@id\":\"https:\\\/\\\/secure.gravatar.com\\\/avatar\\\/303201b45d8f4e048c95808925ff8953fa7ebc0e52cb5b3af1fc9e3d52c95645?s=96&d=mm&r=g\",\"url\":\"https:\\\/\\\/secure.gravatar.com\\\/avatar\\\/303201b45d8f4e048c95808925ff8953fa7ebc0e52cb5b3af1fc9e3d52c95645?s=96&d=mm&r=g\",\"contentUrl\":\"https:\\\/\\\/secure.gravatar.com\\\/avatar\\\/303201b45d8f4e048c95808925ff8953fa7ebc0e52cb5b3af1fc9e3d52c95645?s=96&d=mm&r=g\",\"caption\":\"Let\u00edcia Echer\"},\"url\":\"https:\\\/\\\/folhapopular.info\\\/index.php\\\/author\\\/leticiaecher04gmail-com\\\/\"}]}<\/script>\n<!-- \/ Yoast SEO plugin. -->","yoast_head_json":{"title":"Desfile da P\u00e1scoa de Colinas retrata a for\u00e7a das \u00e1guas e emociona o p\u00fablico - Folha Popular","robots":{"index":"index","follow":"follow","max-snippet":"max-snippet:-1","max-image-preview":"max-image-preview:large","max-video-preview":"max-video-preview:-1"},"canonical":"https:\/\/folhapopular.info\/index.php\/2025\/04\/26\/desfile-da-pascoa-de-colinas-retrata-a-forca-das-aguas-e-emociona-o-publico\/","og_locale":"pt_BR","og_type":"article","og_title":"Desfile da P\u00e1scoa de Colinas retrata a for\u00e7a das \u00e1guas e emociona o p\u00fablico - Folha Popular","og_description":"A P\u00e1scoa Encantada de Colinas recebeu cerca de 50 mil visitantes durante os quatro fins de semana, de 29 de mar\u00e7o a 20 de abril. Um dos pontos altos foi o desfile tem\u00e1tico sobre o tema \u201cRenascimento e Reconstru\u00e7\u00e3o! Uma homenagem a n\u00f3s e a nossas cidades irm\u00e3s!\u201d, realizado nos dias 12 e 19. O [&hellip;]","og_url":"https:\/\/folhapopular.info\/index.php\/2025\/04\/26\/desfile-da-pascoa-de-colinas-retrata-a-forca-das-aguas-e-emociona-o-publico\/","og_site_name":"Folha Popular","article_published_time":"2025-04-26T13:00:00+00:00","og_image":[{"width":1280,"height":853,"url":"https:\/\/folhapopular.info\/wp-content\/uploads\/2025\/04\/MUNICIPIOS-NO-DESFILE_ANGELICA-POTT.jpg","type":"image\/jpeg"}],"author":"Let\u00edcia Echer","twitter_card":"summary_large_image","twitter_misc":{"Escrito por":"Let\u00edcia Echer","Est. tempo de leitura":"3 minutos"},"schema":{"@context":"https:\/\/schema.org","@graph":[{"@type":"Article","@id":"https:\/\/folhapopular.info\/index.php\/2025\/04\/26\/desfile-da-pascoa-de-colinas-retrata-a-forca-das-aguas-e-emociona-o-publico\/#article","isPartOf":{"@id":"https:\/\/folhapopular.info\/index.php\/2025\/04\/26\/desfile-da-pascoa-de-colinas-retrata-a-forca-das-aguas-e-emociona-o-publico\/"},"author":{"name":"Let\u00edcia Echer","@id":"https:\/\/folhapopular.info\/#\/schema\/person\/52b95b9c1c41ec0e826e7518183d0cc0"},"headline":"Desfile da P\u00e1scoa de Colinas retrata a for\u00e7a das \u00e1guas e emociona o p\u00fablico","datePublished":"2025-04-26T13:00:00+00:00","mainEntityOfPage":{"@id":"https:\/\/folhapopular.info\/index.php\/2025\/04\/26\/desfile-da-pascoa-de-colinas-retrata-a-forca-das-aguas-e-emociona-o-publico\/"},"wordCount":440,"commentCount":0,"image":{"@id":"https:\/\/folhapopular.info\/index.php\/2025\/04\/26\/desfile-da-pascoa-de-colinas-retrata-a-forca-das-aguas-e-emociona-o-publico\/#primaryimage"},"thumbnailUrl":"https:\/\/folhapopular.info\/wp-content\/uploads\/2025\/04\/MUNICIPIOS-NO-DESFILE_ANGELICA-POTT.jpg","keywords":["Colinas","desfile","P\u00e1scoa","P\u00e1scoa de Colinas","P\u00e1scoa Encantada"],"articleSection":["Destaques","Inclusive"],"inLanguage":"pt-BR","potentialAction":[{"@type":"CommentAction","name":"Comment","target":["https:\/\/folhapopular.info\/index.php\/2025\/04\/26\/desfile-da-pascoa-de-colinas-retrata-a-forca-das-aguas-e-emociona-o-publico\/#respond"]}]},{"@type":"WebPage","@id":"https:\/\/folhapopular.info\/index.php\/2025\/04\/26\/desfile-da-pascoa-de-colinas-retrata-a-forca-das-aguas-e-emociona-o-publico\/","url":"https:\/\/folhapopular.info\/index.php\/2025\/04\/26\/desfile-da-pascoa-de-colinas-retrata-a-forca-das-aguas-e-emociona-o-publico\/","name":"Desfile da P\u00e1scoa de Colinas retrata a for\u00e7a das \u00e1guas e emociona o p\u00fablico - Folha Popular","isPartOf":{"@id":"https:\/\/folhapopular.info\/#website"},"primaryImageOfPage":{"@id":"https:\/\/folhapopular.info\/index.php\/2025\/04\/26\/desfile-da-pascoa-de-colinas-retrata-a-forca-das-aguas-e-emociona-o-publico\/#primaryimage"},"image":{"@id":"https:\/\/folhapopular.info\/index.php\/2025\/04\/26\/desfile-da-pascoa-de-colinas-retrata-a-forca-das-aguas-e-emociona-o-publico\/#primaryimage"},"thumbnailUrl":"https:\/\/folhapopular.info\/wp-content\/uploads\/2025\/04\/MUNICIPIOS-NO-DESFILE_ANGELICA-POTT.jpg","datePublished":"2025-04-26T13:00:00+00:00","author":{"@id":"https:\/\/folhapopular.info\/#\/schema\/person\/52b95b9c1c41ec0e826e7518183d0cc0"},"breadcrumb":{"@id":"https:\/\/folhapopular.info\/index.php\/2025\/04\/26\/desfile-da-pascoa-de-colinas-retrata-a-forca-das-aguas-e-emociona-o-publico\/#breadcrumb"},"inLanguage":"pt-BR","potentialAction":[{"@type":"ReadAction","target":["https:\/\/folhapopular.info\/index.php\/2025\/04\/26\/desfile-da-pascoa-de-colinas-retrata-a-forca-das-aguas-e-emociona-o-publico\/"]}]},{"@type":"ImageObject","inLanguage":"pt-BR","@id":"https:\/\/folhapopular.info\/index.php\/2025\/04\/26\/desfile-da-pascoa-de-colinas-retrata-a-forca-das-aguas-e-emociona-o-publico\/#primaryimage","url":"https:\/\/folhapopular.info\/wp-content\/uploads\/2025\/04\/MUNICIPIOS-NO-DESFILE_ANGELICA-POTT.jpg","contentUrl":"https:\/\/folhapopular.info\/wp-content\/uploads\/2025\/04\/MUNICIPIOS-NO-DESFILE_ANGELICA-POTT.jpg","width":1280,"height":853,"caption":"A parada representou os dias dif\u00edceis de maio de 2024 \/ Cr\u00e9dito: Ang\u00e9lica Pott"},{"@type":"BreadcrumbList","@id":"https:\/\/folhapopular.info\/index.php\/2025\/04\/26\/desfile-da-pascoa-de-colinas-retrata-a-forca-das-aguas-e-emociona-o-publico\/#breadcrumb","itemListElement":[{"@type":"ListItem","position":1,"name":"In\u00edcio","item":"https:\/\/folhapopular.info\/"},{"@type":"ListItem","position":2,"name":"Desfile da P\u00e1scoa de Colinas retrata a for\u00e7a das \u00e1guas e emociona o p\u00fablico"}]},{"@type":"WebSite","@id":"https:\/\/folhapopular.info\/#website","url":"https:\/\/folhapopular.info\/","name":"Folha Popular","description":"Onde voc\u00ea tem vez e voz","potentialAction":[{"@type":"SearchAction","target":{"@type":"EntryPoint","urlTemplate":"https:\/\/folhapopular.info\/?s={search_term_string}"},"query-input":{"@type":"PropertyValueSpecification","valueRequired":true,"valueName":"search_term_string"}}],"inLanguage":"pt-BR"},{"@type":"Person","@id":"https:\/\/folhapopular.info\/#\/schema\/person\/52b95b9c1c41ec0e826e7518183d0cc0","name":"Let\u00edcia Echer","image":{"@type":"ImageObject","inLanguage":"pt-BR","@id":"https:\/\/secure.gravatar.com\/avatar\/303201b45d8f4e048c95808925ff8953fa7ebc0e52cb5b3af1fc9e3d52c95645?s=96&d=mm&r=g","url":"https:\/\/secure.gravatar.com\/avatar\/303201b45d8f4e048c95808925ff8953fa7ebc0e52cb5b3af1fc9e3d52c95645?s=96&d=mm&r=g","contentUrl":"https:\/\/secure.gravatar.com\/avatar\/303201b45d8f4e048c95808925ff8953fa7ebc0e52cb5b3af1fc9e3d52c95645?s=96&d=mm&r=g","caption":"Let\u00edcia Echer"},"url":"https:\/\/folhapopular.info\/index.php\/author\/leticiaecher04gmail-com\/"}]}},"jetpack_featured_media_url":"https:\/\/folhapopular.info\/wp-content\/uploads\/2025\/04\/MUNICIPIOS-NO-DESFILE_ANGELICA-POTT.jpg","jetpack_sharing_enabled":true,"amp_enabled":true,"_links":{"self":[{"href":"https:\/\/folhapopular.info\/index.php\/wp-json\/wp\/v2\/posts\/185290","targetHints":{"allow":["GET"]}}],"collection":[{"href":"https:\/\/folhapopular.info\/index.php\/wp-json\/wp\/v2\/posts"}],"about":[{"href":"https:\/\/folhapopular.info\/index.php\/wp-json\/wp\/v2\/types\/post"}],"author":[{"embeddable":true,"href":"https:\/\/folhapopular.info\/index.php\/wp-json\/wp\/v2\/users\/673"}],"replies":[{"embeddable":true,"href":"https:\/\/folhapopular.info\/index.php\/wp-json\/wp\/v2\/comments?post=185290"}],"version-history":[{"count":0,"href":"https:\/\/folhapopular.info\/index.php\/wp-json\/wp\/v2\/posts\/185290\/revisions"}],"wp:featuredmedia":[{"embeddable":true,"href":"https:\/\/folhapopular.info\/index.php\/wp-json\/wp\/v2\/media\/185291"}],"wp:attachment":[{"href":"https:\/\/folhapopular.info\/index.php\/wp-json\/wp\/v2\/media?parent=185290"}],"wp:term":[{"taxonomy":"category","embeddable":true,"href":"https:\/\/folhapopular.info\/index.php\/wp-json\/wp\/v2\/categories?post=185290"},{"taxonomy":"post_tag","embeddable":true,"href":"https:\/\/folhapopular.info\/index.php\/wp-json\/wp\/v2\/tags?post=185290"}],"curies":[{"name":"wp","href":"https:\/\/api.w.org\/{rel}","templated":true}]}}