{"id":185298,"date":"2025-04-26T12:00:00","date_gmt":"2025-04-26T15:00:00","guid":{"rendered":"https:\/\/folhapopular.info\/?p=185298"},"modified":"2025-04-26T14:43:14","modified_gmt":"2025-04-26T17:43:14","slug":"grupo-popular-apresenta-novidades-emprojetos-para-2025","status":"publish","type":"post","link":"https:\/\/folhapopular.info\/index.php\/2025\/04\/26\/grupo-popular-apresenta-novidades-emprojetos-para-2025\/","title":{"rendered":"Grupo Popular apresenta novidades em projetos para 2025"},"content":{"rendered":"\n<p>Nesta quinta-feira (24\/4), o Grupo Popular de Comunica\u00e7\u00e3o lan\u00e7ou seus projetos para 2025 a parceiros e apoiadores em evento no Solar Baviera. O diretor de Jornalismo do Grupo Popular, Lucas Leandro Brune, exp\u00f4s e detalhou os projetos. Al\u00e9m dos tradicionais F\u00f3rum Coopop, Supercopa Popular de Futsal, Festival Popular da Can\u00e7\u00e3o, Show da Fam\u00edlia e Natal Solid\u00e1rio, o Grupo lan\u00e7a novas propostas, como o Festival Popular Estudantil, e retoma projetos antigos, como a Radar <em>Kids<\/em> e a Escola Popular.<\/p>\n\n\n\n<p>Tanto os tradicionais como os novos cont\u00eam novidades, demonstrando o compromisso de aproximar ainda mais a rela\u00e7\u00e3o com a comunidade, uma das ess\u00eancias do Grupo Popular. \u201cNosso pilar central \u00e9 construir relacionamentos por meio da comunica\u00e7\u00e3o. Desde 2020, a R\u00e1dio Popular \u00e9 classe especial E3, abrangendo um raio de 80 quil\u00f4metros e 124 cidades &#8211; ou um quarto dos munic\u00edpios do RS. Alcan\u00e7amos tranquilamente grandes polos, como Porto Alegre, Caxias do Sul e Santa Maria\u201d, ressaltou.<\/p>\n\n\n\n<p>Brune tamb\u00e9m destacou os 40 anos da Folha Popular, a serem celebrados na pr\u00f3xima quinta-feira (1\u00ba\/5). Em alus\u00e3o a esta trajet\u00f3ria de sucesso, o Grupo prepara uma evolu\u00e7\u00e3o no leiaute, na estrutura, na logomarca e no posicionamento do jornal.<\/p>\n\n\n\n<p>\u201cA tecnologia evolui, mas o que n\u00e3o muda \u00e9 a forma de apurar a informa\u00e7\u00e3o e fazer jornalismo.<\/p>\n\n\n\n<p>Se nos desviarmos desse pilar, incorremos facilmente numa cilada de querer apenas propagar, buscar cliques e audi\u00eancia vol\u00e1til, e n\u00e3o informar e contribuir para a constru\u00e7\u00e3o da sociedade. Jornalismo n\u00e3o \u00e9 ca\u00e7ar cliques: \u00e9 contar hist\u00f3rias, reportar fatos, apurar e trazer informa\u00e7\u00f5es. \u00c9 isso que a sociedade paga e espera de um ve\u00edculo de comunica\u00e7\u00e3o\u201d, lembrou.<\/p>\n\n\n\n<p>Com estes projetos, o Grupo Popular ressalta a abertura a novos parceiros e ideias como forma de construir relacionamentos por meio da comunica\u00e7\u00e3o.<\/p>\n\n\n\n<p><strong>Projetos<\/strong><\/p>\n\n\n\n<p>O primeiro evento deste ano \u00e9 o <strong>Show da Fam\u00edlia<\/strong>, que ocorre dia 11 de maio no gin\u00e1sio municipal de Imigrante, durante a Expofesta. A programa\u00e7\u00e3o inicia \u00e0s 14h com a Banda Legal, seguida de Super Banda Chopp\u00e3o, Banda Sul Brass, Banda Universit\u00e1ria e Guilherme Mecca. O evento tem apoio da CIC e da Prefeitura de Imigrante.<\/p>\n\n\n\n<p>Na sequ\u00eancia, ocorre a primeira edi\u00e7\u00e3o de 2025 do <em><strong>Happy<\/strong><\/em><strong> Delas<\/strong>, uma promo\u00e7\u00e3o do programa Mais Elas, que celebra 17 anos. A programa\u00e7\u00e3o ser\u00e1 dia 15 de maio no Solar Baviera. No dia 23 de junho ocorre a segunda edi\u00e7\u00e3o. Esta ser\u00e1 a primeira vez que o evento ocorre fora de Teut\u00f4nia: ser\u00e1 no <em>Chopp Haus<\/em>, em Salvador do Sul.<\/p>\n\n\n\n<p>\u201cS\u00e3o 17 anos de Mais Elas, mais de 2 mil mulheres de diferentes perfis e profiss\u00f5es compartilhando suas hist\u00f3rias nos nossos microfones. Incentivamos e fortalecemos o empreendedorismo feminino&#8230; Acreditamos na import\u00e2ncia desse espa\u00e7o de fala\u201d, disse Luciana Brune, \u00e2ncora do programa.<\/p>\n\n\n\n<p>O <strong>3\u00ba F\u00f3rum Coopop <\/strong>ser\u00e1 dia 8 de julho no audit\u00f3rio da CIC Teut\u00f4nia. O evento tem o patroc\u00ednio das cooperativas Certel, Sicoob, Sicredi e Cooperagri e apoio da CIC Teut\u00f4nia. A programa\u00e7\u00e3o inicia a partir das 13h e tem encerramento previsto para as 17h15.<\/p>\n\n\n\n<p>No Ano Internacional das Cooperativas, o tema norteador desta edi\u00e7\u00e3o ser\u00e1 \u201cComo as cooperativas e as associa\u00e7\u00f5es impactam no desenvolvimento das nossas comunidades\u201d. Haver\u00e1 palestras, <em>cases<\/em> da \u00e1rea do associativismo e o painel Cooperativismo, seguido de momento para perguntas e debate. O especialista em Gest\u00e3o e Rela\u00e7\u00f5es Intercooperativas da Casa Cooperativa, Paulo C\u00e9sar Soares, ser\u00e1 um dos palestrantes.<\/p>\n\n\n\n<p>Agosto ser\u00e1 o m\u00eas do <strong>5\u00ba Festival Popular da Can\u00e7\u00e3o<\/strong>, com as etapas classificat\u00f3rias nos dias 1\u00ba e 2 e a final no dia 23. O evento \u00e9 uma promo\u00e7\u00e3o do Grupo Popular e \u00e9 realizado por Brentano Projetos e Eventos Culturais, com as parcerias confirmadas de Protepac e Col\u00e9gio Teut\u00f4nia e o patroc\u00ednio das cooperativas Certel e Sicredi e de <em>American Nutrients<\/em>.<\/p>\n\n\n\n<p>Neste ano, a grande novidade \u00e9 a cria\u00e7\u00e3o da categoria Infantil &#8211; seguindo pedidos da comunidade para melhorar a distribui\u00e7\u00e3o das faixas et\u00e1rias, aponta o produtor cultural do evento, Marcelo Brentano.<\/p>\n\n\n\n<p>A <strong>6\u00aa <\/strong><strong>S<\/strong><strong>upercopa <\/strong><strong>P<\/strong><strong>opular de <\/strong><strong>F<\/strong><strong>utsal<\/strong>tamb\u00e9m tem novidades. Nesta edi\u00e7\u00e3o, o foco de 2025 ser\u00e1 as categorias Sub-15 e For\u00e7a Livre masculino. Ainda, ocorre altera\u00e7\u00e3o na agenda: ser\u00e1 de agosto a novembro, per\u00edodo do ano em que as temperaturas s\u00e3o mais amenas. A proposta \u00e9 chegar a 12 sele\u00e7\u00f5es municipais, sempre com uma rodada por chave em cada uma das cidades participantes, promovendo a descentraliza\u00e7\u00e3o da competi\u00e7\u00e3o. A realiza\u00e7\u00e3o \u00e9 de Beti Assessoria Esportiva e Pivi Arbitragem.<\/p>\n\n\n\n<p>Tamb\u00e9m em novembro ocorre a terceira edi\u00e7\u00e3o do <em><strong>Happy<\/strong><\/em><strong>Delas<\/strong>, dia 18 no Solar Baviera.<\/p>\n\n\n\n<p>Por fim, mais uma edi\u00e7\u00e3o do <strong>Natal do Povo Solid\u00e1rio<\/strong> ocorre em dezembro, com data e locais a definir. O objetivo \u00e9 manter o car\u00e1ter beneficente do evento de 2024, que entregou 1,3 tonelada de alimentos e materiais de limpeza e 200 brinquedos a cerca de 2 mil pessoas atrav\u00e9s de entidades beneficiadas.<\/p>\n\n\n\n<p><strong>Novos e antigos projetos<\/strong><\/p>\n\n\n\n<p>Entre as novas propostas para 2025 est\u00e1 a primeira edi\u00e7\u00e3o do Festival Popular Estudantil, voltado exclusivamente para alunos das escolas dos munic\u00edpios interessados em participar. Em fase embrion\u00e1ria, o projeto deve ocorrer em outubro com o objetivo de impulsionar novos talentos.<\/p>\n\n\n\n<p>Tamb\u00e9m no segundo semestre ser\u00e1 retomado o Escola Popular, projeto em constru\u00e7\u00e3o com a Secretaria Municipal de Educa\u00e7\u00e3o de Teut\u00f4nia. A ideia \u00e9 que alunos de 8\u00ba e 9\u00ba anos se aproximem da leitura, desenvolvendo o senso cr\u00edtico e vivam a experi\u00eancia de fazer e entregar um jornal. \u201cO objetivo n\u00e3o \u00e9 apenas formar novos jornalistas e rep\u00f3rteres, mas tamb\u00e9m, bons profissionais que se comuniquem com clareza\u201d, aponta Lucas Brune.<\/p>\n\n\n\n<p>Outro projeto retomado ser\u00e1 a Radar <em>Kids<\/em><em>, <\/em>em outubro, m\u00eas alusivo ao Dia da Crian\u00e7a. A revista ser\u00e1 constru\u00edda com a participa\u00e7\u00e3o dos jovens, atrav\u00e9s de concurso de desenho.<\/p>\n\n\n\n<p>Ainda com rela\u00e7\u00e3o \u00e0s revistas, a Radar tem cinco edi\u00e7\u00f5es previstas para este ano: mar\u00e7o \/ abril \/ maio, junho \/ julho, agosto \/ setembro, outubro \/ novembro e dezembro.<\/p>\n\n\n\n<p>J\u00e1 as revistas Coopop e Momento ser\u00e3o separadas, como no projeto original: a primeira circular\u00e1 at\u00e9 setembro e a segunda, at\u00e9 o in\u00edcio de dezembro. \u201cAs edi\u00e7\u00f5es ficam dispon\u00edveis por 1 ano, sendo distribu\u00eddas a p\u00fablicos diferentes em v\u00e1rias oportunidades\u201d, ressalta Brune.<\/p>\n\n\n\n<p>O diretor de Jornalismo enfatiza ainda a ades\u00e3o a projetos de terceiros, como a 1\u00aa Feira Estadual de Aquicultura \u2013 AquiBom, a ser realizada de 7 a 9 de novembro em Sanga Funda, Bom Retiro do Sul.<\/p>\n\n\n\n<p><strong>Pertencimento<\/strong><\/p>\n\n\n\n<p>Andreas Hamester, coordenador do Grupo de Dan\u00e7as Folcl\u00f3ricas Alem\u00e3s de Estrela, destacou a aten\u00e7\u00e3o que o Grupo Popular tem para com a cultura e o esporte. \u201cSempre tivemos espa\u00e7o com voc\u00eas\u201d, disse. Citou as parcerias que o Grupo Popular fomenta, como a do Grupo de Dan\u00e7as e da Orquestra Henrique Uebel, que se uniram em 2024 para uma turn\u00ea interestadual.<\/p>\n\n\n\n<p>Aline Magalh\u00e3es Krabbe, da Krabbe Im\u00f3veis, ressaltou a felicidade pela parceria com o Grupo Popular. \u201cAl\u00e9m dos movimentos que fazem, contemplando todas as \u00e1reas, destaco o papel da Luciana Brune com as mulheres. O Grupo \u00e9 pioneiro em dar voz \u00e0s mulheres na regi\u00e3o, e o fez em uma \u00e9poca em que as coisas n\u00e3o eram t\u00e3o simples e as mulheres, n\u00e3o t\u00e3o ouvidas. Parab\u00e9ns por entenderem como era importante fortalecer as mulheres e seus neg\u00f3cios\u201d, disse.<\/p>\n\n\n\n<p>O maestro Lucas Grave ressaltou o apoio ao projeto \u201cPra Sempre Sertanejo\u201d em 2024, e, novamente, na edi\u00e7\u00e3o \u201cPra Sempre Rock Ga\u00facho\u201d, que visa angariar fundos para a constru\u00e7\u00e3o do Polo de Sa\u00fade do Hospital Ouro Branco em maio, no anivers\u00e1rio de Teut\u00f4nia.<\/p>\n\n\n\n<p>O advogado e empresario Mauro Hauschild parabenizou o Grupo pelo trabalho e pela parceria e apoio na 1\u00aa AquiBom.<\/p>\n\n\n\n<p>O professor e secret\u00e1rio de Educa\u00e7\u00e3o e Cultura de Fazenda Vilanova, Fabr\u00edcio Meneghini, registrou \u201ccomo \u00e9 gostoso fazer parte desse momento. N\u00f3s nos sentimos muito bem e em casa no Grupo Popular, seja pela rela\u00e7\u00e3o, pois nos tratam super bem, como por estarem sempre de olho nas not\u00edcias boas, naquilo que fomenta e divulga nosso trabalho. Uma coisa \u00e9 estar na sala de aula, outra \u00e9 estar na vitrine. Passamos a ter sentimento de pertencimento com a Popular\u201d, enalteceu.<\/p>\n\n\n\n<p>Meneghini apontou que o Festival Popular da Can\u00e7\u00e3o foi um incentivador para que o Munic\u00edpio tamb\u00e9m d\u00ea in\u00edcio a iniciativas do tipo.<\/p>\n\n\n\n<p>O Secret\u00e1rio de <em>Cultura, Desporto e Turismo<\/em><em> de Imigrante,<\/em> Charles Porsche, enfatizou o zelo e cuidado que o Grupo Popular tem em todos seus eventos. \u201cSempre ficou claro: onde o Grupo assina, os eventos t\u00eam que ser bons e bem organizados\u201d, disse.<\/p>\n\n\n\n<p>O vereador de Bom Retiro do Sul, Jo\u00e3o Pedro Pazuch, citou a satisfa\u00e7\u00e3o de estar presente no evento e parabenizou o trabalho da empresa. \u201cBom Retiro do Sul quer ser sempre parceiro. Inclusive j\u00e1 tive a oportunidade de apresentar o trabalho que fa\u00e7o junto ao Legislativo no Grupo\u201d, comentou.<\/p>\n\n\n\n<p>O vice-prefeito de Teut\u00f4nia, Evandro Biondo, falou sobre a amizade constitu\u00edda com a fam\u00edlia Brune desde antes da forma\u00e7\u00e3o do Grupo. Fez irrever\u00eancia a Arno von M\u00fchlen, o Famil, como um dos pilares da empresa. \u201cTenho muito carinho e respeito pela constitui\u00e7\u00e3o do Grupo e pela forma como foi conduzida todo esse tempo. Como \u00e9 importante ter uma empresa dessas como parceira. \u00c9 uma institui\u00e7\u00e3o daqui, que divulga o que \u00e9 nosso. Resultados das elei\u00e7\u00f5es ou do futebol no domingo? \u00c9 na Popular. O sentimento \u00e9 de pertencimento\u201d, apontou.<\/p>\n\n\n\n<p>Por fim, Luciana Brune ressaltou que o Grupo Popular lan\u00e7a ideias, mas tem, ao longo da hist\u00f3ria, a caracter\u00edstica de estar junto com a comunidade. \u201cPara apoiar, tanto munic\u00edpios como empresas e entidades. Estamos \u00e0 disposi\u00e7\u00e3o para construirmos juntos, pois isso fortalece todos os movimentos, independente da causa\u201d, concluiu.<\/p>\n\n\n\n<div class=\"wp-block-jetpack-slideshow aligncenter\" data-effect=\"slide\"><div class=\"wp-block-jetpack-slideshow_container swiper-container\"><ul class=\"wp-block-jetpack-slideshow_swiper-wrapper swiper-wrapper\"><li class=\"wp-block-jetpack-slideshow_slide swiper-slide\"><figure><img loading=\"lazy\" decoding=\"async\" width=\"576\" height=\"1024\" alt=\"\" class=\"wp-block-jetpack-slideshow_image wp-image-185300\" data-id=\"185300\" src=\"https:\/\/folhapopular.info\/wp-content\/uploads\/2025\/04\/foto-2-576x1024.jpg\" srcset=\"https:\/\/folhapopular.info\/wp-content\/uploads\/2025\/04\/foto-2-576x1024.jpg 576w, https:\/\/folhapopular.info\/wp-content\/uploads\/2025\/04\/foto-2-169x300.jpg 169w, https:\/\/folhapopular.info\/wp-content\/uploads\/2025\/04\/foto-2-768x1365.jpg 768w, https:\/\/folhapopular.info\/wp-content\/uploads\/2025\/04\/foto-2-864x1536.jpg 864w, https:\/\/folhapopular.info\/wp-content\/uploads\/2025\/04\/foto-2-1152x2048.jpg 1152w, https:\/\/folhapopular.info\/wp-content\/uploads\/2025\/04\/foto-2-236x420.jpg 236w, https:\/\/folhapopular.info\/wp-content\/uploads\/2025\/04\/foto-2-696x1237.jpg 696w, https:\/\/folhapopular.info\/wp-content\/uploads\/2025\/04\/foto-2-1068x1899.jpg 1068w, https:\/\/folhapopular.info\/wp-content\/uploads\/2025\/04\/foto-2-1920x3413.jpg 1920w, https:\/\/folhapopular.info\/wp-content\/uploads\/2025\/04\/foto-2-scaled.jpg 1440w\" sizes=\"(max-width: 576px) 100vw, 576px\" \/><figcaption class=\"wp-block-jetpack-slideshow_caption gallery-caption\">Vice-prefeito de Teut\u00f4nia, Evandro Biondo, e a s\u00f3cia-propriet\u00e1ria da Krabbe Im\u00f3veis, Aline Krabbe, destacaram a relev\u00e2ncia do Grupo Popular \/ Cr\u00e9dito: Kessy Amaral da Silva<\/figcaption><\/figure><\/li><li class=\"wp-block-jetpack-slideshow_slide swiper-slide\"><figure><img loading=\"lazy\" decoding=\"async\" width=\"683\" height=\"1024\" alt=\"\" class=\"wp-block-jetpack-slideshow_image wp-image-185301\" data-id=\"185301\" src=\"https:\/\/folhapopular.info\/wp-content\/uploads\/2025\/04\/foto-3-683x1024.jpg\" srcset=\"https:\/\/folhapopular.info\/wp-content\/uploads\/2025\/04\/foto-3-683x1024.jpg 683w, https:\/\/folhapopular.info\/wp-content\/uploads\/2025\/04\/foto-3-200x300.jpg 200w, https:\/\/folhapopular.info\/wp-content\/uploads\/2025\/04\/foto-3-768x1151.jpg 768w, https:\/\/folhapopular.info\/wp-content\/uploads\/2025\/04\/foto-3-1025x1536.jpg 1025w, https:\/\/folhapopular.info\/wp-content\/uploads\/2025\/04\/foto-3-280x420.jpg 280w, https:\/\/folhapopular.info\/wp-content\/uploads\/2025\/04\/foto-3-696x1043.jpg 696w, https:\/\/folhapopular.info\/wp-content\/uploads\/2025\/04\/foto-3-1068x1600.jpg 1068w, https:\/\/folhapopular.info\/wp-content\/uploads\/2025\/04\/foto-3.jpg 1170w\" sizes=\"(max-width: 683px) 100vw, 683px\" \/><figcaption class=\"wp-block-jetpack-slideshow_caption gallery-caption\">Vice-prefeito de Teut\u00f4nia, Evandro Biondo, e a s\u00f3cia-propriet\u00e1ria da Krabbe Im\u00f3veis, Aline Krabbe, destacaram a relev\u00e2ncia do Grupo Popular \/ Cr\u00e9dito: Kessy Amaral da Silva<\/figcaption><\/figure><\/li><\/ul><a class=\"wp-block-jetpack-slideshow_button-prev swiper-button-prev swiper-button-white\" role=\"button\"><\/a><a class=\"wp-block-jetpack-slideshow_button-next swiper-button-next swiper-button-white\" role=\"button\"><\/a><a aria-label=\"Pause Slideshow\" class=\"wp-block-jetpack-slideshow_button-pause\" role=\"button\"><\/a><div class=\"wp-block-jetpack-slideshow_pagination swiper-pagination swiper-pagination-white\"><\/div><\/div><\/div>\n","protected":false},"excerpt":{"rendered":"<p>Nesta quinta-feira (24\/4), o Grupo Popular de Comunica\u00e7\u00e3o lan\u00e7ou seus projetos para 2025 a parceiros e apoiadores em evento no Solar Baviera. O diretor de Jornalismo do Grupo Popular, Lucas Leandro Brune, exp\u00f4s e detalhou os projetos. Al\u00e9m dos tradicionais F\u00f3rum Coopop, Supercopa Popular de Futsal, Festival Popular da Can\u00e7\u00e3o, Show da Fam\u00edlia e Natal [&hellip;]<\/p>\n","protected":false},"author":639,"featured_media":185299,"comment_status":"open","ping_status":"open","sticky":false,"template":"","format":"standard","meta":{"pmpro_default_level":"","_jetpack_memberships_contains_paid_content":false,"footnotes":""},"categories":[2,3],"tags":[4445,15329,10010,6250,2422,12356],"class_list":{"0":"post-185298","1":"post","2":"type-post","3":"status-publish","4":"format-standard","5":"has-post-thumbnail","7":"category-featured","8":"category-geral","9":"tag-festival-popular-da-cancao","10":"tag-forum-coopop","11":"tag-happy-delas","12":"tag-projetos","13":"tag-show-da-familia","14":"tag-supercopa-popular-de-futsal","15":"pmpro-has-access"},"yoast_head":"<!-- This site is optimized with the Yoast SEO plugin v27.5 - https:\/\/yoast.com\/product\/yoast-seo-wordpress\/ -->\n<title>Grupo Popular apresenta novidades em projetos para 2025 - Folha Popular<\/title>\n<meta name=\"robots\" content=\"index, follow, max-snippet:-1, max-image-preview:large, max-video-preview:-1\" \/>\n<link rel=\"canonical\" href=\"https:\/\/folhapopular.info\/index.php\/2025\/04\/26\/grupo-popular-apresenta-novidades-emprojetos-para-2025\/\" \/>\n<meta property=\"og:locale\" content=\"pt_BR\" \/>\n<meta property=\"og:type\" content=\"article\" \/>\n<meta property=\"og:title\" content=\"Grupo Popular apresenta novidades em projetos para 2025 - Folha Popular\" \/>\n<meta property=\"og:description\" content=\"Nesta quinta-feira (24\/4), o Grupo Popular de Comunica\u00e7\u00e3o lan\u00e7ou seus projetos para 2025 a parceiros e apoiadores em evento no Solar Baviera. O diretor de Jornalismo do Grupo Popular, Lucas Leandro Brune, exp\u00f4s e detalhou os projetos. Al\u00e9m dos tradicionais F\u00f3rum Coopop, Supercopa Popular de Futsal, Festival Popular da Can\u00e7\u00e3o, Show da Fam\u00edlia e Natal [&hellip;]\" \/>\n<meta property=\"og:url\" content=\"https:\/\/folhapopular.info\/index.php\/2025\/04\/26\/grupo-popular-apresenta-novidades-emprojetos-para-2025\/\" \/>\n<meta property=\"og:site_name\" content=\"Folha Popular\" \/>\n<meta property=\"article:published_time\" content=\"2025-04-26T15:00:00+00:00\" \/>\n<meta property=\"article:modified_time\" content=\"2025-04-26T17:43:14+00:00\" \/>\n<meta property=\"og:image\" content=\"http:\/\/folhapopular.info\/wp-content\/uploads\/2025\/04\/foto-principal-scaled.jpeg\" \/>\n\t<meta property=\"og:image:width\" content=\"2560\" \/>\n\t<meta property=\"og:image:height\" content=\"1920\" \/>\n\t<meta property=\"og:image:type\" content=\"image\/jpeg\" \/>\n<meta name=\"author\" content=\"Camille Lenz da Silva\" \/>\n<meta name=\"twitter:card\" content=\"summary_large_image\" \/>\n<meta name=\"twitter:label1\" content=\"Escrito por\" \/>\n\t<meta name=\"twitter:data1\" content=\"Camille Lenz da Silva\" \/>\n\t<meta name=\"twitter:label2\" content=\"Est. tempo de leitura\" \/>\n\t<meta name=\"twitter:data2\" content=\"10 minutos\" \/>\n<script type=\"application\/ld+json\" class=\"yoast-schema-graph\">{\"@context\":\"https:\\\/\\\/schema.org\",\"@graph\":[{\"@type\":\"Article\",\"@id\":\"https:\\\/\\\/folhapopular.info\\\/index.php\\\/2025\\\/04\\\/26\\\/grupo-popular-apresenta-novidades-emprojetos-para-2025\\\/#article\",\"isPartOf\":{\"@id\":\"https:\\\/\\\/folhapopular.info\\\/index.php\\\/2025\\\/04\\\/26\\\/grupo-popular-apresenta-novidades-emprojetos-para-2025\\\/\"},\"author\":{\"name\":\"Camille Lenz da Silva\",\"@id\":\"https:\\\/\\\/folhapopular.info\\\/#\\\/schema\\\/person\\\/f0b811f932ef2505faf473ffaef49df5\"},\"headline\":\"Grupo Popular apresenta novidades em projetos para 2025\",\"datePublished\":\"2025-04-26T15:00:00+00:00\",\"dateModified\":\"2025-04-26T17:43:14+00:00\",\"mainEntityOfPage\":{\"@id\":\"https:\\\/\\\/folhapopular.info\\\/index.php\\\/2025\\\/04\\\/26\\\/grupo-popular-apresenta-novidades-emprojetos-para-2025\\\/\"},\"wordCount\":1743,\"commentCount\":0,\"image\":{\"@id\":\"https:\\\/\\\/folhapopular.info\\\/index.php\\\/2025\\\/04\\\/26\\\/grupo-popular-apresenta-novidades-emprojetos-para-2025\\\/#primaryimage\"},\"thumbnailUrl\":\"https:\\\/\\\/folhapopular.info\\\/wp-content\\\/uploads\\\/2025\\\/04\\\/foto-principal-scaled.jpeg\",\"keywords\":[\"Festival Popular da Can\u00e7\u00e3o\",\"F\u00f3rum Coopop\",\"Happy Delas\",\"Projetos\",\"Show da Fam\u00edlia\",\"Supercopa Popular de Futsal\"],\"articleSection\":[\"Destaques\",\"Geral\"],\"inLanguage\":\"pt-BR\",\"potentialAction\":[{\"@type\":\"CommentAction\",\"name\":\"Comment\",\"target\":[\"https:\\\/\\\/folhapopular.info\\\/index.php\\\/2025\\\/04\\\/26\\\/grupo-popular-apresenta-novidades-emprojetos-para-2025\\\/#respond\"]}]},{\"@type\":\"WebPage\",\"@id\":\"https:\\\/\\\/folhapopular.info\\\/index.php\\\/2025\\\/04\\\/26\\\/grupo-popular-apresenta-novidades-emprojetos-para-2025\\\/\",\"url\":\"https:\\\/\\\/folhapopular.info\\\/index.php\\\/2025\\\/04\\\/26\\\/grupo-popular-apresenta-novidades-emprojetos-para-2025\\\/\",\"name\":\"Grupo Popular apresenta novidades em projetos para 2025 - Folha Popular\",\"isPartOf\":{\"@id\":\"https:\\\/\\\/folhapopular.info\\\/#website\"},\"primaryImageOfPage\":{\"@id\":\"https:\\\/\\\/folhapopular.info\\\/index.php\\\/2025\\\/04\\\/26\\\/grupo-popular-apresenta-novidades-emprojetos-para-2025\\\/#primaryimage\"},\"image\":{\"@id\":\"https:\\\/\\\/folhapopular.info\\\/index.php\\\/2025\\\/04\\\/26\\\/grupo-popular-apresenta-novidades-emprojetos-para-2025\\\/#primaryimage\"},\"thumbnailUrl\":\"https:\\\/\\\/folhapopular.info\\\/wp-content\\\/uploads\\\/2025\\\/04\\\/foto-principal-scaled.jpeg\",\"datePublished\":\"2025-04-26T15:00:00+00:00\",\"dateModified\":\"2025-04-26T17:43:14+00:00\",\"author\":{\"@id\":\"https:\\\/\\\/folhapopular.info\\\/#\\\/schema\\\/person\\\/f0b811f932ef2505faf473ffaef49df5\"},\"breadcrumb\":{\"@id\":\"https:\\\/\\\/folhapopular.info\\\/index.php\\\/2025\\\/04\\\/26\\\/grupo-popular-apresenta-novidades-emprojetos-para-2025\\\/#breadcrumb\"},\"inLanguage\":\"pt-BR\",\"potentialAction\":[{\"@type\":\"ReadAction\",\"target\":[\"https:\\\/\\\/folhapopular.info\\\/index.php\\\/2025\\\/04\\\/26\\\/grupo-popular-apresenta-novidades-emprojetos-para-2025\\\/\"]}]},{\"@type\":\"ImageObject\",\"inLanguage\":\"pt-BR\",\"@id\":\"https:\\\/\\\/folhapopular.info\\\/index.php\\\/2025\\\/04\\\/26\\\/grupo-popular-apresenta-novidades-emprojetos-para-2025\\\/#primaryimage\",\"url\":\"https:\\\/\\\/folhapopular.info\\\/wp-content\\\/uploads\\\/2025\\\/04\\\/foto-principal-scaled.jpeg\",\"contentUrl\":\"https:\\\/\\\/folhapopular.info\\\/wp-content\\\/uploads\\\/2025\\\/04\\\/foto-principal-scaled.jpeg\",\"width\":2560,\"height\":1920,\"caption\":\"O diretor de Jornalismo Lucas Leandro Brune fez a apresenta\u00e7\u00e3o e destacou os 40 anos do jornal Folha Popular \\\/ Cr\u00e9dito: Kessy Amaral da Silva\"},{\"@type\":\"BreadcrumbList\",\"@id\":\"https:\\\/\\\/folhapopular.info\\\/index.php\\\/2025\\\/04\\\/26\\\/grupo-popular-apresenta-novidades-emprojetos-para-2025\\\/#breadcrumb\",\"itemListElement\":[{\"@type\":\"ListItem\",\"position\":1,\"name\":\"In\u00edcio\",\"item\":\"https:\\\/\\\/folhapopular.info\\\/\"},{\"@type\":\"ListItem\",\"position\":2,\"name\":\"Grupo Popular apresenta novidades em projetos para 2025\"}]},{\"@type\":\"WebSite\",\"@id\":\"https:\\\/\\\/folhapopular.info\\\/#website\",\"url\":\"https:\\\/\\\/folhapopular.info\\\/\",\"name\":\"Folha Popular\",\"description\":\"Onde voc\u00ea tem vez e voz\",\"potentialAction\":[{\"@type\":\"SearchAction\",\"target\":{\"@type\":\"EntryPoint\",\"urlTemplate\":\"https:\\\/\\\/folhapopular.info\\\/?s={search_term_string}\"},\"query-input\":{\"@type\":\"PropertyValueSpecification\",\"valueRequired\":true,\"valueName\":\"search_term_string\"}}],\"inLanguage\":\"pt-BR\"},{\"@type\":\"Person\",\"@id\":\"https:\\\/\\\/folhapopular.info\\\/#\\\/schema\\\/person\\\/f0b811f932ef2505faf473ffaef49df5\",\"name\":\"Camille Lenz da Silva\",\"image\":{\"@type\":\"ImageObject\",\"inLanguage\":\"pt-BR\",\"@id\":\"https:\\\/\\\/secure.gravatar.com\\\/avatar\\\/50be826d73ca259ec0e0a88a407f5de800c576c46cfdc57e50ef28551e216fff?s=96&d=mm&r=g\",\"url\":\"https:\\\/\\\/secure.gravatar.com\\\/avatar\\\/50be826d73ca259ec0e0a88a407f5de800c576c46cfdc57e50ef28551e216fff?s=96&d=mm&r=g\",\"contentUrl\":\"https:\\\/\\\/secure.gravatar.com\\\/avatar\\\/50be826d73ca259ec0e0a88a407f5de800c576c46cfdc57e50ef28551e216fff?s=96&d=mm&r=g\",\"caption\":\"Camille Lenz da Silva\"},\"url\":\"https:\\\/\\\/folhapopular.info\\\/index.php\\\/author\\\/camillelenzgmail-com\\\/\"}]}<\/script>\n<!-- \/ Yoast SEO plugin. -->","yoast_head_json":{"title":"Grupo Popular apresenta novidades em projetos para 2025 - Folha Popular","robots":{"index":"index","follow":"follow","max-snippet":"max-snippet:-1","max-image-preview":"max-image-preview:large","max-video-preview":"max-video-preview:-1"},"canonical":"https:\/\/folhapopular.info\/index.php\/2025\/04\/26\/grupo-popular-apresenta-novidades-emprojetos-para-2025\/","og_locale":"pt_BR","og_type":"article","og_title":"Grupo Popular apresenta novidades em projetos para 2025 - Folha Popular","og_description":"Nesta quinta-feira (24\/4), o Grupo Popular de Comunica\u00e7\u00e3o lan\u00e7ou seus projetos para 2025 a parceiros e apoiadores em evento no Solar Baviera. O diretor de Jornalismo do Grupo Popular, Lucas Leandro Brune, exp\u00f4s e detalhou os projetos. Al\u00e9m dos tradicionais F\u00f3rum Coopop, Supercopa Popular de Futsal, Festival Popular da Can\u00e7\u00e3o, Show da Fam\u00edlia e Natal [&hellip;]","og_url":"https:\/\/folhapopular.info\/index.php\/2025\/04\/26\/grupo-popular-apresenta-novidades-emprojetos-para-2025\/","og_site_name":"Folha Popular","article_published_time":"2025-04-26T15:00:00+00:00","article_modified_time":"2025-04-26T17:43:14+00:00","og_image":[{"width":2560,"height":1920,"url":"http:\/\/folhapopular.info\/wp-content\/uploads\/2025\/04\/foto-principal-scaled.jpeg","type":"image\/jpeg"}],"author":"Camille Lenz da Silva","twitter_card":"summary_large_image","twitter_misc":{"Escrito por":"Camille Lenz da Silva","Est. tempo de leitura":"10 minutos"},"schema":{"@context":"https:\/\/schema.org","@graph":[{"@type":"Article","@id":"https:\/\/folhapopular.info\/index.php\/2025\/04\/26\/grupo-popular-apresenta-novidades-emprojetos-para-2025\/#article","isPartOf":{"@id":"https:\/\/folhapopular.info\/index.php\/2025\/04\/26\/grupo-popular-apresenta-novidades-emprojetos-para-2025\/"},"author":{"name":"Camille Lenz da Silva","@id":"https:\/\/folhapopular.info\/#\/schema\/person\/f0b811f932ef2505faf473ffaef49df5"},"headline":"Grupo Popular apresenta novidades em projetos para 2025","datePublished":"2025-04-26T15:00:00+00:00","dateModified":"2025-04-26T17:43:14+00:00","mainEntityOfPage":{"@id":"https:\/\/folhapopular.info\/index.php\/2025\/04\/26\/grupo-popular-apresenta-novidades-emprojetos-para-2025\/"},"wordCount":1743,"commentCount":0,"image":{"@id":"https:\/\/folhapopular.info\/index.php\/2025\/04\/26\/grupo-popular-apresenta-novidades-emprojetos-para-2025\/#primaryimage"},"thumbnailUrl":"https:\/\/folhapopular.info\/wp-content\/uploads\/2025\/04\/foto-principal-scaled.jpeg","keywords":["Festival Popular da Can\u00e7\u00e3o","F\u00f3rum Coopop","Happy Delas","Projetos","Show da Fam\u00edlia","Supercopa Popular de Futsal"],"articleSection":["Destaques","Geral"],"inLanguage":"pt-BR","potentialAction":[{"@type":"CommentAction","name":"Comment","target":["https:\/\/folhapopular.info\/index.php\/2025\/04\/26\/grupo-popular-apresenta-novidades-emprojetos-para-2025\/#respond"]}]},{"@type":"WebPage","@id":"https:\/\/folhapopular.info\/index.php\/2025\/04\/26\/grupo-popular-apresenta-novidades-emprojetos-para-2025\/","url":"https:\/\/folhapopular.info\/index.php\/2025\/04\/26\/grupo-popular-apresenta-novidades-emprojetos-para-2025\/","name":"Grupo Popular apresenta novidades em projetos para 2025 - Folha Popular","isPartOf":{"@id":"https:\/\/folhapopular.info\/#website"},"primaryImageOfPage":{"@id":"https:\/\/folhapopular.info\/index.php\/2025\/04\/26\/grupo-popular-apresenta-novidades-emprojetos-para-2025\/#primaryimage"},"image":{"@id":"https:\/\/folhapopular.info\/index.php\/2025\/04\/26\/grupo-popular-apresenta-novidades-emprojetos-para-2025\/#primaryimage"},"thumbnailUrl":"https:\/\/folhapopular.info\/wp-content\/uploads\/2025\/04\/foto-principal-scaled.jpeg","datePublished":"2025-04-26T15:00:00+00:00","dateModified":"2025-04-26T17:43:14+00:00","author":{"@id":"https:\/\/folhapopular.info\/#\/schema\/person\/f0b811f932ef2505faf473ffaef49df5"},"breadcrumb":{"@id":"https:\/\/folhapopular.info\/index.php\/2025\/04\/26\/grupo-popular-apresenta-novidades-emprojetos-para-2025\/#breadcrumb"},"inLanguage":"pt-BR","potentialAction":[{"@type":"ReadAction","target":["https:\/\/folhapopular.info\/index.php\/2025\/04\/26\/grupo-popular-apresenta-novidades-emprojetos-para-2025\/"]}]},{"@type":"ImageObject","inLanguage":"pt-BR","@id":"https:\/\/folhapopular.info\/index.php\/2025\/04\/26\/grupo-popular-apresenta-novidades-emprojetos-para-2025\/#primaryimage","url":"https:\/\/folhapopular.info\/wp-content\/uploads\/2025\/04\/foto-principal-scaled.jpeg","contentUrl":"https:\/\/folhapopular.info\/wp-content\/uploads\/2025\/04\/foto-principal-scaled.jpeg","width":2560,"height":1920,"caption":"O diretor de Jornalismo Lucas Leandro Brune fez a apresenta\u00e7\u00e3o e destacou os 40 anos do jornal Folha Popular \/ Cr\u00e9dito: Kessy Amaral da Silva"},{"@type":"BreadcrumbList","@id":"https:\/\/folhapopular.info\/index.php\/2025\/04\/26\/grupo-popular-apresenta-novidades-emprojetos-para-2025\/#breadcrumb","itemListElement":[{"@type":"ListItem","position":1,"name":"In\u00edcio","item":"https:\/\/folhapopular.info\/"},{"@type":"ListItem","position":2,"name":"Grupo Popular apresenta novidades em projetos para 2025"}]},{"@type":"WebSite","@id":"https:\/\/folhapopular.info\/#website","url":"https:\/\/folhapopular.info\/","name":"Folha Popular","description":"Onde voc\u00ea tem vez e voz","potentialAction":[{"@type":"SearchAction","target":{"@type":"EntryPoint","urlTemplate":"https:\/\/folhapopular.info\/?s={search_term_string}"},"query-input":{"@type":"PropertyValueSpecification","valueRequired":true,"valueName":"search_term_string"}}],"inLanguage":"pt-BR"},{"@type":"Person","@id":"https:\/\/folhapopular.info\/#\/schema\/person\/f0b811f932ef2505faf473ffaef49df5","name":"Camille Lenz da Silva","image":{"@type":"ImageObject","inLanguage":"pt-BR","@id":"https:\/\/secure.gravatar.com\/avatar\/50be826d73ca259ec0e0a88a407f5de800c576c46cfdc57e50ef28551e216fff?s=96&d=mm&r=g","url":"https:\/\/secure.gravatar.com\/avatar\/50be826d73ca259ec0e0a88a407f5de800c576c46cfdc57e50ef28551e216fff?s=96&d=mm&r=g","contentUrl":"https:\/\/secure.gravatar.com\/avatar\/50be826d73ca259ec0e0a88a407f5de800c576c46cfdc57e50ef28551e216fff?s=96&d=mm&r=g","caption":"Camille Lenz da Silva"},"url":"https:\/\/folhapopular.info\/index.php\/author\/camillelenzgmail-com\/"}]}},"jetpack_featured_media_url":"https:\/\/folhapopular.info\/wp-content\/uploads\/2025\/04\/foto-principal-scaled.jpeg","jetpack_sharing_enabled":true,"amp_enabled":true,"_links":{"self":[{"href":"https:\/\/folhapopular.info\/index.php\/wp-json\/wp\/v2\/posts\/185298","targetHints":{"allow":["GET"]}}],"collection":[{"href":"https:\/\/folhapopular.info\/index.php\/wp-json\/wp\/v2\/posts"}],"about":[{"href":"https:\/\/folhapopular.info\/index.php\/wp-json\/wp\/v2\/types\/post"}],"author":[{"embeddable":true,"href":"https:\/\/folhapopular.info\/index.php\/wp-json\/wp\/v2\/users\/639"}],"replies":[{"embeddable":true,"href":"https:\/\/folhapopular.info\/index.php\/wp-json\/wp\/v2\/comments?post=185298"}],"version-history":[{"count":0,"href":"https:\/\/folhapopular.info\/index.php\/wp-json\/wp\/v2\/posts\/185298\/revisions"}],"wp:featuredmedia":[{"embeddable":true,"href":"https:\/\/folhapopular.info\/index.php\/wp-json\/wp\/v2\/media\/185299"}],"wp:attachment":[{"href":"https:\/\/folhapopular.info\/index.php\/wp-json\/wp\/v2\/media?parent=185298"}],"wp:term":[{"taxonomy":"category","embeddable":true,"href":"https:\/\/folhapopular.info\/index.php\/wp-json\/wp\/v2\/categories?post=185298"},{"taxonomy":"post_tag","embeddable":true,"href":"https:\/\/folhapopular.info\/index.php\/wp-json\/wp\/v2\/tags?post=185298"}],"curies":[{"name":"wp","href":"https:\/\/api.w.org\/{rel}","templated":true}]}}