{"id":185345,"date":"2025-04-26T12:00:00","date_gmt":"2025-04-26T15:00:00","guid":{"rendered":"https:\/\/folhapopular.info\/?p=185345"},"modified":"2025-04-26T11:21:36","modified_gmt":"2025-04-26T14:21:36","slug":"semifinais-das-series-ouro-e-prata-comecam-no-domingo-em-estrela","status":"publish","type":"post","link":"https:\/\/folhapopular.info\/index.php\/2025\/04\/26\/semifinais-das-series-ouro-e-prata-comecam-no-domingo-em-estrela\/","title":{"rendered":"Semifinais das S\u00e9ries Ouro e Prata come\u00e7am no domingo em Estrela"},"content":{"rendered":"\n<p>Depois de quatro rodadas inicias da primeira fase, o Campeonato Municipal de Estrela &#8211; Ta\u00e7a Virlei Ribeiro \u201cFlecha Negra\u201d, chegou no mata-mata com a realiza\u00e7\u00e3o de suas semifinais. Ainda, a competi\u00e7\u00e3o ter\u00e1 o in\u00edcio das disputas das S\u00e9ries Ouro e Prata na tarde deste domingo (27\/4).<\/p>\n\n\n\n<p>Os jogos ocorrem na Toca do Le\u00e3o, no Distrito de Delfina, com os duelos entre Aimor\u00e9 e S\u00e3o Lu\u00eds, pela S\u00e9rie Prata, e Uni\u00e3o \/ Dossul e Alto da Bronze, pela S\u00e9rie Ouro.<\/p>\n\n\n\n<p>Para as semifinais, se classificaram os quatro primeiros de cada um dos grupos. No A, Uni\u00e3o \/ Dossul e Alto da Bronze foram para a S\u00e9rie Ouro. Brasil \/ Metanox \/ Pinheiros e Delfinense est\u00e3o na S\u00e9rie Prata. Pelo Grupo B, Aimor\u00e9 e S\u00e3o Lu\u00eds disputam as semifinais da S\u00e9rie Prata, enquanto Atl\u00e9tico Estrelense e Arroio do Ouro se classificaram para a S\u00e9rie Ouro.<\/p>\n\n\n\n<p>A bola rola \u00e0s 13h30, quando o Aimor\u00e9, quarto colocado do Grupo B, recebe o S\u00e3o Lu\u00eds, em terceiro. A partida v\u00e1lida pela S\u00e9rie Prata ser\u00e1 a primeira entre equipes do mesmo grupo no campeonato, tendo em vista o regulamento da competi\u00e7\u00e3o.<\/p>\n\n\n\n<p>Mais tarde, \u00e0s 15h45, o Uni\u00e3o \/ Dossul enfrenta o Alto da Bronze pelas semifinais da S\u00e9rie Ouro. O Uni\u00e3o foi o segundo colocado do Grupo A, enquanto o Alto da Bronze havia conquistado a primeira coloca\u00e7\u00e3o do mesmo grupo.<\/p>\n\n\n\n<p>Os jogos de volta ser\u00e3o realizados no dia 25 de maio. As semifinais da outra chave come\u00e7am no pr\u00f3ximo domingo (4\/5), com partidas na Linha S\u00e3o Jos\u00e9 (Mando do Brasil \/ Metanox \/ Pinheiros).<\/p>\n\n\n\n<p>Voc\u00ea confere as informa\u00e7\u00f5es ao vivo e em tempo real durante a Jornada Esportiva da R\u00e1dio Popular e tamb\u00e9m no YouTube do Grupo Popular de Comunica\u00e7\u00e3o, pela Jornada Esportiva Digital, a partir das 14h deste domingo.<\/p>\n\n\n\n<figure class=\"wp-block-table is-style-stripes\"><table class=\"has-light-green-cyan-to-vivid-green-cyan-gradient-background has-background\"><tbody><tr><td><strong>\u2192 Partidas \u2013 27\/4 \u2013 Toca do Le\u00e3o<\/strong><\/td><td><\/td><td><\/td><td><\/td><\/tr><tr><td><strong>Hor\u00e1rio<\/strong><\/td><td><\/td><td class=\"has-text-align-center\" data-align=\"center\"><strong>Confronto<\/strong><\/td><td><\/td><\/tr><tr><td>13h30<\/td><td>Aimor\u00e9<\/td><td class=\"has-text-align-center\" data-align=\"center\">x<\/td><td>S\u00e3o Lu\u00eds<\/td><\/tr><tr><td>15h45<\/td><td>Uni\u00e3o\/Dossul<\/td><td class=\"has-text-align-center\" data-align=\"center\">x<\/td><td>Alto da Bronze<\/td><\/tr><\/tbody><\/table><\/figure>\n\n\n\n<figure class=\"wp-block-table is-style-stripes\"><table class=\"has-light-green-cyan-to-vivid-green-cyan-gradient-background has-background\"><tbody><tr><td><strong>\u2192 Campanhas semifinalistas \u2013 S\u00e9rie Ouro<\/strong><\/td><td><\/td><td><\/td><td><\/td><td><\/td><td><\/td><td><\/td><td><\/td><td><\/td><td><\/td><td><\/td><\/tr><tr><td><strong>Equipes<\/strong><\/td><td class=\"has-text-align-center\" data-align=\"center\"><strong>PG<\/strong><\/td><td class=\"has-text-align-center\" data-align=\"center\"><strong>J<\/strong><\/td><td class=\"has-text-align-center\" data-align=\"center\"><strong>V<\/strong><\/td><td class=\"has-text-align-center\" data-align=\"center\"><strong>E<\/strong><\/td><td class=\"has-text-align-center\" data-align=\"center\"><strong>D<\/strong><\/td><td class=\"has-text-align-center\" data-align=\"center\"><strong>GP<\/strong><\/td><td class=\"has-text-align-center\" data-align=\"center\"><strong>GS<\/strong><\/td><td class=\"has-text-align-center\" data-align=\"center\"><strong>SG<\/strong><\/td><td class=\"has-text-align-center\" data-align=\"center\"><strong>%<\/strong><\/td><td class=\"has-text-align-center\" data-align=\"center\"><strong>DIS<\/strong><\/td><\/tr><tr><td>Alto da Bronze<\/td><td class=\"has-text-align-center\" data-align=\"center\">10<\/td><td class=\"has-text-align-center\" data-align=\"center\">4<\/td><td class=\"has-text-align-center\" data-align=\"center\">3<\/td><td class=\"has-text-align-center\" data-align=\"center\">1<\/td><td class=\"has-text-align-center\" data-align=\"center\">0<\/td><td class=\"has-text-align-center\" data-align=\"center\">18<\/td><td class=\"has-text-align-center\" data-align=\"center\">3<\/td><td class=\"has-text-align-center\" data-align=\"center\">15<\/td><td class=\"has-text-align-center\" data-align=\"center\">83<\/td><td class=\"has-text-align-center\" data-align=\"center\">70<\/td><\/tr><tr><td>Uni\u00e3o \/ Dossul<\/td><td class=\"has-text-align-center\" data-align=\"center\">9<\/td><td class=\"has-text-align-center\" data-align=\"center\">4<\/td><td class=\"has-text-align-center\" data-align=\"center\">3<\/td><td class=\"has-text-align-center\" data-align=\"center\">0<\/td><td class=\"has-text-align-center\" data-align=\"center\">1<\/td><td class=\"has-text-align-center\" data-align=\"center\">8<\/td><td class=\"has-text-align-center\" data-align=\"center\">4<\/td><td class=\"has-text-align-center\" data-align=\"center\">4<\/td><td class=\"has-text-align-center\" data-align=\"center\">75<\/td><td class=\"has-text-align-center\" data-align=\"center\">120<\/td><\/tr><tr><td>Arroio do Ouro<\/td><td class=\"has-text-align-center\" data-align=\"center\">9<\/td><td class=\"has-text-align-center\" data-align=\"center\">4<\/td><td class=\"has-text-align-center\" data-align=\"center\">3<\/td><td class=\"has-text-align-center\" data-align=\"center\">0<\/td><td class=\"has-text-align-center\" data-align=\"center\">1<\/td><td class=\"has-text-align-center\" data-align=\"center\">12<\/td><td class=\"has-text-align-center\" data-align=\"center\">9<\/td><td class=\"has-text-align-center\" data-align=\"center\">3<\/td><td class=\"has-text-align-center\" data-align=\"center\">75<\/td><td class=\"has-text-align-center\" data-align=\"center\">20<\/td><\/tr><tr><td>Atl\u00e9tico Estrelense<\/td><td class=\"has-text-align-center\" data-align=\"center\">6<\/td><td class=\"has-text-align-center\" data-align=\"center\">4<\/td><td class=\"has-text-align-center\" data-align=\"center\">2<\/td><td class=\"has-text-align-center\" data-align=\"center\">0<\/td><td class=\"has-text-align-center\" data-align=\"center\">2<\/td><td class=\"has-text-align-center\" data-align=\"center\">8<\/td><td class=\"has-text-align-center\" data-align=\"center\">8<\/td><td class=\"has-text-align-center\" data-align=\"center\">0<\/td><td class=\"has-text-align-center\" data-align=\"center\">50<\/td><td class=\"has-text-align-center\" data-align=\"center\">40<\/td><\/tr><tr><td><\/td><td><\/td><td><\/td><td><\/td><td><\/td><td><\/td><td><\/td><td><\/td><td><\/td><td><\/td><td><\/td><\/tr><tr><td><strong>\u2192 Campanhas semifinalistas \u2013 S\u00e9rie Prata<\/strong><\/td><td><\/td><td><\/td><td><\/td><td><\/td><td><\/td><td><\/td><td><\/td><td><\/td><td><\/td><td><\/td><\/tr><tr><td><strong>Equipes<\/strong><\/td><td class=\"has-text-align-center\" data-align=\"center\"><strong>PG<\/strong><\/td><td class=\"has-text-align-center\" data-align=\"center\"><strong>J<\/strong><\/td><td class=\"has-text-align-center\" data-align=\"center\"><strong>V<\/strong><\/td><td class=\"has-text-align-center\" data-align=\"center\"><strong>E<\/strong><\/td><td class=\"has-text-align-center\" data-align=\"center\"><strong>D<\/strong><\/td><td class=\"has-text-align-center\" data-align=\"center\"><strong>GP<\/strong><\/td><td class=\"has-text-align-center\" data-align=\"center\"><strong>GS<\/strong><\/td><td class=\"has-text-align-center\" data-align=\"center\"><strong>SG<\/strong><\/td><td class=\"has-text-align-center\" data-align=\"center\"><strong>%<\/strong><\/td><td class=\"has-text-align-center\" data-align=\"center\"><strong>DIS<\/strong><\/td><\/tr><tr><td>S\u00e3o Lu\u00eds<\/td><td class=\"has-text-align-center\" data-align=\"center\">6<\/td><td class=\"has-text-align-center\" data-align=\"center\">4<\/td><td class=\"has-text-align-center\" data-align=\"center\">2<\/td><td class=\"has-text-align-center\" data-align=\"center\">0<\/td><td class=\"has-text-align-center\" data-align=\"center\">2<\/td><td class=\"has-text-align-center\" data-align=\"center\">6<\/td><td class=\"has-text-align-center\" data-align=\"center\">11<\/td><td class=\"has-text-align-center\" data-align=\"center\">-5<\/td><td class=\"has-text-align-center\" data-align=\"center\">50<\/td><td class=\"has-text-align-center\" data-align=\"center\">90<\/td><\/tr><tr><td>Aimor\u00e9<\/td><td class=\"has-text-align-center\" data-align=\"center\">4<\/td><td class=\"has-text-align-center\" data-align=\"center\">4<\/td><td class=\"has-text-align-center\" data-align=\"center\">1<\/td><td class=\"has-text-align-center\" data-align=\"center\">1<\/td><td class=\"has-text-align-center\" data-align=\"center\">2<\/td><td class=\"has-text-align-center\" data-align=\"center\">3<\/td><td class=\"has-text-align-center\" data-align=\"center\">4<\/td><td class=\"has-text-align-center\" data-align=\"center\">-1<\/td><td class=\"has-text-align-center\" data-align=\"center\">33<\/td><td class=\"has-text-align-center\" data-align=\"center\">80<\/td><\/tr><tr><td>Delfinense<\/td><td class=\"has-text-align-center\" data-align=\"center\">3<\/td><td class=\"has-text-align-center\" data-align=\"center\">4<\/td><td class=\"has-text-align-center\" data-align=\"center\">1<\/td><td class=\"has-text-align-center\" data-align=\"center\">0<\/td><td class=\"has-text-align-center\" data-align=\"center\">3<\/td><td class=\"has-text-align-center\" data-align=\"center\">4<\/td><td class=\"has-text-align-center\" data-align=\"center\">8<\/td><td class=\"has-text-align-center\" data-align=\"center\">-4<\/td><td class=\"has-text-align-center\" data-align=\"center\">25<\/td><td class=\"has-text-align-center\" data-align=\"center\">100<\/td><\/tr><tr><td>Brasil<\/td><td class=\"has-text-align-center\" data-align=\"center\">0<\/td><td class=\"has-text-align-center\" data-align=\"center\">4<\/td><td class=\"has-text-align-center\" data-align=\"center\">0<\/td><td class=\"has-text-align-center\" data-align=\"center\">0<\/td><td class=\"has-text-align-center\" data-align=\"center\">4<\/td><td class=\"has-text-align-center\" data-align=\"center\">2<\/td><td class=\"has-text-align-center\" data-align=\"center\">14<\/td><td class=\"has-text-align-center\" data-align=\"center\">-12<\/td><td class=\"has-text-align-center\" data-align=\"center\">0<\/td><td class=\"has-text-align-center\" data-align=\"center\">50<\/td><\/tr><\/tbody><\/table><\/figure>\n","protected":false},"excerpt":{"rendered":"<p>Depois de quatro rodadas inicias da primeira fase, o Campeonato Municipal de Estrela &#8211; Ta\u00e7a Virlei Ribeiro \u201cFlecha Negra\u201d, chegou no mata-mata com a realiza\u00e7\u00e3o de suas semifinais. Ainda, a competi\u00e7\u00e3o ter\u00e1 o in\u00edcio das disputas das S\u00e9ries Ouro e Prata na tarde deste domingo (27\/4). Os jogos ocorrem na Toca do Le\u00e3o, no Distrito [&hellip;]<\/p>\n","protected":false},"author":732,"featured_media":185352,"comment_status":"open","ping_status":"open","sticky":false,"template":"","format":"standard","meta":{"pmpro_default_level":"","_jetpack_memberships_contains_paid_content":false,"footnotes":""},"categories":[5,240],"tags":[499,8,147,1325],"class_list":{"0":"post-185345","1":"post","2":"type-post","3":"status-publish","4":"format-standard","5":"has-post-thumbnail","7":"category-esportes","8":"category-futebol-amador","9":"tag-campeonato-municipal","10":"tag-estrela","11":"tag-futebol-amador","12":"tag-semifinais","13":"pmpro-has-access"},"yoast_head":"<!-- This site is optimized with the Yoast SEO plugin v27.5 - https:\/\/yoast.com\/product\/yoast-seo-wordpress\/ -->\n<title>Semifinais das S\u00e9ries Ouro e Prata come\u00e7am no domingo em Estrela - Folha Popular<\/title>\n<meta name=\"robots\" content=\"index, follow, max-snippet:-1, max-image-preview:large, max-video-preview:-1\" \/>\n<link rel=\"canonical\" href=\"https:\/\/folhapopular.info\/index.php\/2025\/04\/26\/semifinais-das-series-ouro-e-prata-comecam-no-domingo-em-estrela\/\" \/>\n<meta property=\"og:locale\" content=\"pt_BR\" \/>\n<meta property=\"og:type\" content=\"article\" \/>\n<meta property=\"og:title\" content=\"Semifinais das S\u00e9ries Ouro e Prata come\u00e7am no domingo em Estrela - Folha Popular\" \/>\n<meta property=\"og:description\" content=\"Depois de quatro rodadas inicias da primeira fase, o Campeonato Municipal de Estrela &#8211; Ta\u00e7a Virlei Ribeiro \u201cFlecha Negra\u201d, chegou no mata-mata com a realiza\u00e7\u00e3o de suas semifinais. Ainda, a competi\u00e7\u00e3o ter\u00e1 o in\u00edcio das disputas das S\u00e9ries Ouro e Prata na tarde deste domingo (27\/4). Os jogos ocorrem na Toca do Le\u00e3o, no Distrito [&hellip;]\" \/>\n<meta property=\"og:url\" content=\"https:\/\/folhapopular.info\/index.php\/2025\/04\/26\/semifinais-das-series-ouro-e-prata-comecam-no-domingo-em-estrela\/\" \/>\n<meta property=\"og:site_name\" content=\"Folha Popular\" \/>\n<meta property=\"article:author\" content=\"https:\/\/www.facebook.com\/luis.huppes\/\" \/>\n<meta property=\"article:published_time\" content=\"2025-04-26T15:00:00+00:00\" \/>\n<meta property=\"og:image\" content=\"https:\/\/folhapopular.info\/wp-content\/uploads\/2025\/04\/WhatsApp-Image-2025-04-25-at-14.45.27.jpeg\" \/>\n\t<meta property=\"og:image:width\" content=\"1280\" \/>\n\t<meta property=\"og:image:height\" content=\"1114\" \/>\n\t<meta property=\"og:image:type\" content=\"image\/jpeg\" \/>\n<meta name=\"author\" content=\"Luis Augusto Huppes\" \/>\n<meta name=\"twitter:card\" content=\"summary_large_image\" \/>\n<meta name=\"twitter:label1\" content=\"Escrito por\" \/>\n\t<meta name=\"twitter:data1\" content=\"Luis Augusto Huppes\" \/>\n\t<meta name=\"twitter:label2\" content=\"Est. tempo de leitura\" \/>\n\t<meta name=\"twitter:data2\" content=\"3 minutos\" \/>\n<script type=\"application\/ld+json\" class=\"yoast-schema-graph\">{\"@context\":\"https:\\\/\\\/schema.org\",\"@graph\":[{\"@type\":\"Article\",\"@id\":\"https:\\\/\\\/folhapopular.info\\\/index.php\\\/2025\\\/04\\\/26\\\/semifinais-das-series-ouro-e-prata-comecam-no-domingo-em-estrela\\\/#article\",\"isPartOf\":{\"@id\":\"https:\\\/\\\/folhapopular.info\\\/index.php\\\/2025\\\/04\\\/26\\\/semifinais-das-series-ouro-e-prata-comecam-no-domingo-em-estrela\\\/\"},\"author\":{\"name\":\"Luis Augusto Huppes\",\"@id\":\"https:\\\/\\\/folhapopular.info\\\/#\\\/schema\\\/person\\\/e852c327371714676d02e58cf917fd9f\"},\"headline\":\"Semifinais das S\u00e9ries Ouro e Prata come\u00e7am no domingo em Estrela\",\"datePublished\":\"2025-04-26T15:00:00+00:00\",\"mainEntityOfPage\":{\"@id\":\"https:\\\/\\\/folhapopular.info\\\/index.php\\\/2025\\\/04\\\/26\\\/semifinais-das-series-ouro-e-prata-comecam-no-domingo-em-estrela\\\/\"},\"wordCount\":411,\"commentCount\":0,\"image\":{\"@id\":\"https:\\\/\\\/folhapopular.info\\\/index.php\\\/2025\\\/04\\\/26\\\/semifinais-das-series-ouro-e-prata-comecam-no-domingo-em-estrela\\\/#primaryimage\"},\"thumbnailUrl\":\"https:\\\/\\\/folhapopular.info\\\/wp-content\\\/uploads\\\/2025\\\/04\\\/WhatsApp-Image-2025-04-25-at-14.45.27.jpeg\",\"keywords\":[\"Campeonato Municipal\",\"Estrela\",\"futebol amador\",\"Semifinais\"],\"articleSection\":[\"Esportes\",\"Futebol Amador\"],\"inLanguage\":\"pt-BR\",\"potentialAction\":[{\"@type\":\"CommentAction\",\"name\":\"Comment\",\"target\":[\"https:\\\/\\\/folhapopular.info\\\/index.php\\\/2025\\\/04\\\/26\\\/semifinais-das-series-ouro-e-prata-comecam-no-domingo-em-estrela\\\/#respond\"]}]},{\"@type\":\"WebPage\",\"@id\":\"https:\\\/\\\/folhapopular.info\\\/index.php\\\/2025\\\/04\\\/26\\\/semifinais-das-series-ouro-e-prata-comecam-no-domingo-em-estrela\\\/\",\"url\":\"https:\\\/\\\/folhapopular.info\\\/index.php\\\/2025\\\/04\\\/26\\\/semifinais-das-series-ouro-e-prata-comecam-no-domingo-em-estrela\\\/\",\"name\":\"Semifinais das S\u00e9ries Ouro e Prata come\u00e7am no domingo em Estrela - Folha Popular\",\"isPartOf\":{\"@id\":\"https:\\\/\\\/folhapopular.info\\\/#website\"},\"primaryImageOfPage\":{\"@id\":\"https:\\\/\\\/folhapopular.info\\\/index.php\\\/2025\\\/04\\\/26\\\/semifinais-das-series-ouro-e-prata-comecam-no-domingo-em-estrela\\\/#primaryimage\"},\"image\":{\"@id\":\"https:\\\/\\\/folhapopular.info\\\/index.php\\\/2025\\\/04\\\/26\\\/semifinais-das-series-ouro-e-prata-comecam-no-domingo-em-estrela\\\/#primaryimage\"},\"thumbnailUrl\":\"https:\\\/\\\/folhapopular.info\\\/wp-content\\\/uploads\\\/2025\\\/04\\\/WhatsApp-Image-2025-04-25-at-14.45.27.jpeg\",\"datePublished\":\"2025-04-26T15:00:00+00:00\",\"author\":{\"@id\":\"https:\\\/\\\/folhapopular.info\\\/#\\\/schema\\\/person\\\/e852c327371714676d02e58cf917fd9f\"},\"breadcrumb\":{\"@id\":\"https:\\\/\\\/folhapopular.info\\\/index.php\\\/2025\\\/04\\\/26\\\/semifinais-das-series-ouro-e-prata-comecam-no-domingo-em-estrela\\\/#breadcrumb\"},\"inLanguage\":\"pt-BR\",\"potentialAction\":[{\"@type\":\"ReadAction\",\"target\":[\"https:\\\/\\\/folhapopular.info\\\/index.php\\\/2025\\\/04\\\/26\\\/semifinais-das-series-ouro-e-prata-comecam-no-domingo-em-estrela\\\/\"]}]},{\"@type\":\"ImageObject\",\"inLanguage\":\"pt-BR\",\"@id\":\"https:\\\/\\\/folhapopular.info\\\/index.php\\\/2025\\\/04\\\/26\\\/semifinais-das-series-ouro-e-prata-comecam-no-domingo-em-estrela\\\/#primaryimage\",\"url\":\"https:\\\/\\\/folhapopular.info\\\/wp-content\\\/uploads\\\/2025\\\/04\\\/WhatsApp-Image-2025-04-25-at-14.45.27.jpeg\",\"contentUrl\":\"https:\\\/\\\/folhapopular.info\\\/wp-content\\\/uploads\\\/2025\\\/04\\\/WhatsApp-Image-2025-04-25-at-14.45.27.jpeg\",\"width\":1280,\"height\":1114,\"caption\":\"Partidas ser\u00e3o realizadas na Toca do Le\u00e3o, no Distrito de Delfina - Cr\u00e9dito: Ilocir Jos\u00e9 F\u00fchr \\\/ Especial FP\"},{\"@type\":\"BreadcrumbList\",\"@id\":\"https:\\\/\\\/folhapopular.info\\\/index.php\\\/2025\\\/04\\\/26\\\/semifinais-das-series-ouro-e-prata-comecam-no-domingo-em-estrela\\\/#breadcrumb\",\"itemListElement\":[{\"@type\":\"ListItem\",\"position\":1,\"name\":\"In\u00edcio\",\"item\":\"https:\\\/\\\/folhapopular.info\\\/\"},{\"@type\":\"ListItem\",\"position\":2,\"name\":\"Semifinais das S\u00e9ries Ouro e Prata come\u00e7am no domingo em Estrela\"}]},{\"@type\":\"WebSite\",\"@id\":\"https:\\\/\\\/folhapopular.info\\\/#website\",\"url\":\"https:\\\/\\\/folhapopular.info\\\/\",\"name\":\"Folha Popular\",\"description\":\"Onde voc\u00ea tem vez e voz\",\"potentialAction\":[{\"@type\":\"SearchAction\",\"target\":{\"@type\":\"EntryPoint\",\"urlTemplate\":\"https:\\\/\\\/folhapopular.info\\\/?s={search_term_string}\"},\"query-input\":{\"@type\":\"PropertyValueSpecification\",\"valueRequired\":true,\"valueName\":\"search_term_string\"}}],\"inLanguage\":\"pt-BR\"},{\"@type\":\"Person\",\"@id\":\"https:\\\/\\\/folhapopular.info\\\/#\\\/schema\\\/person\\\/e852c327371714676d02e58cf917fd9f\",\"name\":\"Luis Augusto Huppes\",\"image\":{\"@type\":\"ImageObject\",\"inLanguage\":\"pt-BR\",\"@id\":\"https:\\\/\\\/folhapopular.info\\\/wp-content\\\/uploads\\\/2026\\\/04\\\/Luis-Augusto-Huppes-1-1.webp\",\"url\":\"https:\\\/\\\/folhapopular.info\\\/wp-content\\\/uploads\\\/2026\\\/04\\\/Luis-Augusto-Huppes-1-1.webp\",\"contentUrl\":\"https:\\\/\\\/folhapopular.info\\\/wp-content\\\/uploads\\\/2026\\\/04\\\/Luis-Augusto-Huppes-1-1.webp\",\"caption\":\"Luis Augusto Huppes\"},\"sameAs\":[\"https:\\\/\\\/www.facebook.com\\\/luis.huppes\\\/\",\"https:\\\/\\\/www.instagram.com\\\/luis.huppes\\\/\",\"https:\\\/\\\/www.linkedin.com\\\/in\\\/luis-augusto-huppes-2554b52b7\\\/\"],\"url\":\"https:\\\/\\\/folhapopular.info\\\/index.php\\\/author\\\/luis-augusto-huppes\\\/\"}]}<\/script>\n<!-- \/ Yoast SEO plugin. -->","yoast_head_json":{"title":"Semifinais das S\u00e9ries Ouro e Prata come\u00e7am no domingo em Estrela - Folha Popular","robots":{"index":"index","follow":"follow","max-snippet":"max-snippet:-1","max-image-preview":"max-image-preview:large","max-video-preview":"max-video-preview:-1"},"canonical":"https:\/\/folhapopular.info\/index.php\/2025\/04\/26\/semifinais-das-series-ouro-e-prata-comecam-no-domingo-em-estrela\/","og_locale":"pt_BR","og_type":"article","og_title":"Semifinais das S\u00e9ries Ouro e Prata come\u00e7am no domingo em Estrela - Folha Popular","og_description":"Depois de quatro rodadas inicias da primeira fase, o Campeonato Municipal de Estrela &#8211; Ta\u00e7a Virlei Ribeiro \u201cFlecha Negra\u201d, chegou no mata-mata com a realiza\u00e7\u00e3o de suas semifinais. Ainda, a competi\u00e7\u00e3o ter\u00e1 o in\u00edcio das disputas das S\u00e9ries Ouro e Prata na tarde deste domingo (27\/4). Os jogos ocorrem na Toca do Le\u00e3o, no Distrito [&hellip;]","og_url":"https:\/\/folhapopular.info\/index.php\/2025\/04\/26\/semifinais-das-series-ouro-e-prata-comecam-no-domingo-em-estrela\/","og_site_name":"Folha Popular","article_author":"https:\/\/www.facebook.com\/luis.huppes\/","article_published_time":"2025-04-26T15:00:00+00:00","og_image":[{"width":1280,"height":1114,"url":"https:\/\/folhapopular.info\/wp-content\/uploads\/2025\/04\/WhatsApp-Image-2025-04-25-at-14.45.27.jpeg","type":"image\/jpeg"}],"author":"Luis Augusto Huppes","twitter_card":"summary_large_image","twitter_misc":{"Escrito por":"Luis Augusto Huppes","Est. tempo de leitura":"3 minutos"},"schema":{"@context":"https:\/\/schema.org","@graph":[{"@type":"Article","@id":"https:\/\/folhapopular.info\/index.php\/2025\/04\/26\/semifinais-das-series-ouro-e-prata-comecam-no-domingo-em-estrela\/#article","isPartOf":{"@id":"https:\/\/folhapopular.info\/index.php\/2025\/04\/26\/semifinais-das-series-ouro-e-prata-comecam-no-domingo-em-estrela\/"},"author":{"name":"Luis Augusto Huppes","@id":"https:\/\/folhapopular.info\/#\/schema\/person\/e852c327371714676d02e58cf917fd9f"},"headline":"Semifinais das S\u00e9ries Ouro e Prata come\u00e7am no domingo em Estrela","datePublished":"2025-04-26T15:00:00+00:00","mainEntityOfPage":{"@id":"https:\/\/folhapopular.info\/index.php\/2025\/04\/26\/semifinais-das-series-ouro-e-prata-comecam-no-domingo-em-estrela\/"},"wordCount":411,"commentCount":0,"image":{"@id":"https:\/\/folhapopular.info\/index.php\/2025\/04\/26\/semifinais-das-series-ouro-e-prata-comecam-no-domingo-em-estrela\/#primaryimage"},"thumbnailUrl":"https:\/\/folhapopular.info\/wp-content\/uploads\/2025\/04\/WhatsApp-Image-2025-04-25-at-14.45.27.jpeg","keywords":["Campeonato Municipal","Estrela","futebol amador","Semifinais"],"articleSection":["Esportes","Futebol Amador"],"inLanguage":"pt-BR","potentialAction":[{"@type":"CommentAction","name":"Comment","target":["https:\/\/folhapopular.info\/index.php\/2025\/04\/26\/semifinais-das-series-ouro-e-prata-comecam-no-domingo-em-estrela\/#respond"]}]},{"@type":"WebPage","@id":"https:\/\/folhapopular.info\/index.php\/2025\/04\/26\/semifinais-das-series-ouro-e-prata-comecam-no-domingo-em-estrela\/","url":"https:\/\/folhapopular.info\/index.php\/2025\/04\/26\/semifinais-das-series-ouro-e-prata-comecam-no-domingo-em-estrela\/","name":"Semifinais das S\u00e9ries Ouro e Prata come\u00e7am no domingo em Estrela - Folha Popular","isPartOf":{"@id":"https:\/\/folhapopular.info\/#website"},"primaryImageOfPage":{"@id":"https:\/\/folhapopular.info\/index.php\/2025\/04\/26\/semifinais-das-series-ouro-e-prata-comecam-no-domingo-em-estrela\/#primaryimage"},"image":{"@id":"https:\/\/folhapopular.info\/index.php\/2025\/04\/26\/semifinais-das-series-ouro-e-prata-comecam-no-domingo-em-estrela\/#primaryimage"},"thumbnailUrl":"https:\/\/folhapopular.info\/wp-content\/uploads\/2025\/04\/WhatsApp-Image-2025-04-25-at-14.45.27.jpeg","datePublished":"2025-04-26T15:00:00+00:00","author":{"@id":"https:\/\/folhapopular.info\/#\/schema\/person\/e852c327371714676d02e58cf917fd9f"},"breadcrumb":{"@id":"https:\/\/folhapopular.info\/index.php\/2025\/04\/26\/semifinais-das-series-ouro-e-prata-comecam-no-domingo-em-estrela\/#breadcrumb"},"inLanguage":"pt-BR","potentialAction":[{"@type":"ReadAction","target":["https:\/\/folhapopular.info\/index.php\/2025\/04\/26\/semifinais-das-series-ouro-e-prata-comecam-no-domingo-em-estrela\/"]}]},{"@type":"ImageObject","inLanguage":"pt-BR","@id":"https:\/\/folhapopular.info\/index.php\/2025\/04\/26\/semifinais-das-series-ouro-e-prata-comecam-no-domingo-em-estrela\/#primaryimage","url":"https:\/\/folhapopular.info\/wp-content\/uploads\/2025\/04\/WhatsApp-Image-2025-04-25-at-14.45.27.jpeg","contentUrl":"https:\/\/folhapopular.info\/wp-content\/uploads\/2025\/04\/WhatsApp-Image-2025-04-25-at-14.45.27.jpeg","width":1280,"height":1114,"caption":"Partidas ser\u00e3o realizadas na Toca do Le\u00e3o, no Distrito de Delfina - Cr\u00e9dito: Ilocir Jos\u00e9 F\u00fchr \/ Especial FP"},{"@type":"BreadcrumbList","@id":"https:\/\/folhapopular.info\/index.php\/2025\/04\/26\/semifinais-das-series-ouro-e-prata-comecam-no-domingo-em-estrela\/#breadcrumb","itemListElement":[{"@type":"ListItem","position":1,"name":"In\u00edcio","item":"https:\/\/folhapopular.info\/"},{"@type":"ListItem","position":2,"name":"Semifinais das S\u00e9ries Ouro e Prata come\u00e7am no domingo em Estrela"}]},{"@type":"WebSite","@id":"https:\/\/folhapopular.info\/#website","url":"https:\/\/folhapopular.info\/","name":"Folha Popular","description":"Onde voc\u00ea tem vez e voz","potentialAction":[{"@type":"SearchAction","target":{"@type":"EntryPoint","urlTemplate":"https:\/\/folhapopular.info\/?s={search_term_string}"},"query-input":{"@type":"PropertyValueSpecification","valueRequired":true,"valueName":"search_term_string"}}],"inLanguage":"pt-BR"},{"@type":"Person","@id":"https:\/\/folhapopular.info\/#\/schema\/person\/e852c327371714676d02e58cf917fd9f","name":"Luis Augusto Huppes","image":{"@type":"ImageObject","inLanguage":"pt-BR","@id":"https:\/\/folhapopular.info\/wp-content\/uploads\/2026\/04\/Luis-Augusto-Huppes-1-1.webp","url":"https:\/\/folhapopular.info\/wp-content\/uploads\/2026\/04\/Luis-Augusto-Huppes-1-1.webp","contentUrl":"https:\/\/folhapopular.info\/wp-content\/uploads\/2026\/04\/Luis-Augusto-Huppes-1-1.webp","caption":"Luis Augusto Huppes"},"sameAs":["https:\/\/www.facebook.com\/luis.huppes\/","https:\/\/www.instagram.com\/luis.huppes\/","https:\/\/www.linkedin.com\/in\/luis-augusto-huppes-2554b52b7\/"],"url":"https:\/\/folhapopular.info\/index.php\/author\/luis-augusto-huppes\/"}]}},"jetpack_featured_media_url":"https:\/\/folhapopular.info\/wp-content\/uploads\/2025\/04\/WhatsApp-Image-2025-04-25-at-14.45.27.jpeg","jetpack_sharing_enabled":true,"amp_enabled":true,"_links":{"self":[{"href":"https:\/\/folhapopular.info\/index.php\/wp-json\/wp\/v2\/posts\/185345","targetHints":{"allow":["GET"]}}],"collection":[{"href":"https:\/\/folhapopular.info\/index.php\/wp-json\/wp\/v2\/posts"}],"about":[{"href":"https:\/\/folhapopular.info\/index.php\/wp-json\/wp\/v2\/types\/post"}],"author":[{"embeddable":true,"href":"https:\/\/folhapopular.info\/index.php\/wp-json\/wp\/v2\/users\/732"}],"replies":[{"embeddable":true,"href":"https:\/\/folhapopular.info\/index.php\/wp-json\/wp\/v2\/comments?post=185345"}],"version-history":[{"count":0,"href":"https:\/\/folhapopular.info\/index.php\/wp-json\/wp\/v2\/posts\/185345\/revisions"}],"wp:featuredmedia":[{"embeddable":true,"href":"https:\/\/folhapopular.info\/index.php\/wp-json\/wp\/v2\/media\/185352"}],"wp:attachment":[{"href":"https:\/\/folhapopular.info\/index.php\/wp-json\/wp\/v2\/media?parent=185345"}],"wp:term":[{"taxonomy":"category","embeddable":true,"href":"https:\/\/folhapopular.info\/index.php\/wp-json\/wp\/v2\/categories?post=185345"},{"taxonomy":"post_tag","embeddable":true,"href":"https:\/\/folhapopular.info\/index.php\/wp-json\/wp\/v2\/tags?post=185345"}],"curies":[{"name":"wp","href":"https:\/\/api.w.org\/{rel}","templated":true}]}}