{"id":185480,"date":"2025-04-29T09:04:10","date_gmt":"2025-04-29T12:04:10","guid":{"rendered":"https:\/\/folhapopular.info\/?p=185480"},"modified":"2025-04-29T09:04:12","modified_gmt":"2025-04-29T12:04:12","slug":"colegio-teutonia-transforma-pascoa-em-ato-de-solidariedade","status":"publish","type":"post","link":"https:\/\/folhapopular.info\/index.php\/2025\/04\/29\/colegio-teutonia-transforma-pascoa-em-ato-de-solidariedade\/","title":{"rendered":"Col\u00e9gio Teut\u00f4nia transforma P\u00e1scoa em ato de solidariedade"},"content":{"rendered":"\n<p>O Col\u00e9gio Teut\u00f4nia celebrou a P\u00e1scoa deste ano com a doa\u00e7\u00e3o de cestas de alimentos para fam\u00edlias em situa\u00e7\u00e3o de vulnerabilidade. A iniciativa, inspirada na Oficina Online de Quaresma e P\u00e1scoa da IECLB, envolveu estudantes e educadores em uma campanha que refor\u00e7ou valores de empatia e partilha.<\/p>\n\n\n\n<p>A a\u00e7\u00e3o mobilizou diversas turmas: alunos do Turno Integral criaram e decoraram as cestas, enquanto estudantes do 7\u00ba ano ajudaram na organiza\u00e7\u00e3o dos alimentos. Os itens \u2014 como arroz, feij\u00e3o, caf\u00e9 e leite \u2014 foram entregues ao Centro Municipal de Ensino Fundamental Leonel de Moura Brizola, em Teut\u00f4nia, por meio do setor de Diaconia do col\u00e9gio.<\/p>\n\n\n\n<p>\u201cQueremos seguir vivenciando a solidariedade e aprendendo a compartilhar a generosidade\u201d, afirmou a professora Aline Horst, respons\u00e1vel pela iniciativa.<\/p>\n\n\n\n<p>A escola j\u00e1 prepara sua pr\u00f3xima campanha solid\u00e1ria: <em>\u201cM\u00e3es que Cuidam, M\u00e3es que Precisam\u201d<\/em>, que come\u00e7a no dia 29 de abril e visa arrecadar fraldas e produtos de higiene para m\u00e3es e beb\u00eas em situa\u00e7\u00e3o de risco.<\/p>\n\n\n\n<figure class=\"wp-block-image size-large\"><img loading=\"lazy\" decoding=\"async\" width=\"1024\" height=\"768\" src=\"https:\/\/folhapopular.info\/wp-content\/uploads\/2025\/04\/IMG_9799-JORNAL-1024x768.jpg\" alt=\"\" class=\"wp-image-185482\" srcset=\"https:\/\/folhapopular.info\/wp-content\/uploads\/2025\/04\/IMG_9799-JORNAL-1024x768.jpg 1024w, https:\/\/folhapopular.info\/wp-content\/uploads\/2025\/04\/IMG_9799-JORNAL-300x225.jpg 300w, https:\/\/folhapopular.info\/wp-content\/uploads\/2025\/04\/IMG_9799-JORNAL-768x576.jpg 768w, https:\/\/folhapopular.info\/wp-content\/uploads\/2025\/04\/IMG_9799-JORNAL-1536x1152.jpg 1536w, https:\/\/folhapopular.info\/wp-content\/uploads\/2025\/04\/IMG_9799-JORNAL-2048x1536.jpg 2048w, https:\/\/folhapopular.info\/wp-content\/uploads\/2025\/04\/IMG_9799-JORNAL-560x420.jpg 560w, https:\/\/folhapopular.info\/wp-content\/uploads\/2025\/04\/IMG_9799-JORNAL-80x60.jpg 80w, https:\/\/folhapopular.info\/wp-content\/uploads\/2025\/04\/IMG_9799-JORNAL-696x522.jpg 696w, https:\/\/folhapopular.info\/wp-content\/uploads\/2025\/04\/IMG_9799-JORNAL-1068x801.jpg 1068w, https:\/\/folhapopular.info\/wp-content\/uploads\/2025\/04\/IMG_9799-JORNAL-1920x1440.jpg 1920w\" sizes=\"auto, (max-width: 1024px) 100vw, 1024px\" \/><figcaption class=\"wp-element-caption\">Cr\u00e9dito: Luana Beatriz Barth \/ Divulga\u00e7\u00e3o<\/figcaption><\/figure>\n","protected":false},"excerpt":{"rendered":"<p>O Col\u00e9gio Teut\u00f4nia celebrou a P\u00e1scoa deste ano com a doa\u00e7\u00e3o de cestas de alimentos para fam\u00edlias em situa\u00e7\u00e3o de vulnerabilidade. A iniciativa, inspirada na Oficina Online de Quaresma e P\u00e1scoa da IECLB, envolveu estudantes e educadores em uma campanha que refor\u00e7ou valores de empatia e partilha. A a\u00e7\u00e3o mobilizou diversas turmas: alunos do Turno [&hellip;]<\/p>\n","protected":false},"author":8,"featured_media":185481,"comment_status":"open","ping_status":"open","sticky":false,"template":"","format":"standard","meta":{"pmpro_default_level":"","_jetpack_memberships_contains_paid_content":false,"footnotes":""},"categories":[2,6],"tags":[3509,131,2367],"class_list":{"0":"post-185480","1":"post","2":"type-post","3":"status-publish","4":"format-standard","5":"has-post-thumbnail","7":"category-featured","8":"category-inclusive","9":"tag-cemef","10":"tag-colegio-teutonia","11":"tag-pascoa","12":"pmpro-has-access"},"yoast_head":"<!-- This site is optimized with the Yoast SEO plugin v27.5 - https:\/\/yoast.com\/product\/yoast-seo-wordpress\/ -->\n<title>Col\u00e9gio Teut\u00f4nia transforma P\u00e1scoa em ato de solidariedade - Folha Popular<\/title>\n<meta name=\"robots\" content=\"index, follow, max-snippet:-1, max-image-preview:large, max-video-preview:-1\" \/>\n<link rel=\"canonical\" href=\"https:\/\/folhapopular.info\/index.php\/2025\/04\/29\/colegio-teutonia-transforma-pascoa-em-ato-de-solidariedade\/\" \/>\n<meta property=\"og:locale\" content=\"pt_BR\" \/>\n<meta property=\"og:type\" content=\"article\" \/>\n<meta property=\"og:title\" content=\"Col\u00e9gio Teut\u00f4nia transforma P\u00e1scoa em ato de solidariedade - Folha Popular\" \/>\n<meta property=\"og:description\" content=\"O Col\u00e9gio Teut\u00f4nia celebrou a P\u00e1scoa deste ano com a doa\u00e7\u00e3o de cestas de alimentos para fam\u00edlias em situa\u00e7\u00e3o de vulnerabilidade. A iniciativa, inspirada na Oficina Online de Quaresma e P\u00e1scoa da IECLB, envolveu estudantes e educadores em uma campanha que refor\u00e7ou valores de empatia e partilha. A a\u00e7\u00e3o mobilizou diversas turmas: alunos do Turno [&hellip;]\" \/>\n<meta property=\"og:url\" content=\"https:\/\/folhapopular.info\/index.php\/2025\/04\/29\/colegio-teutonia-transforma-pascoa-em-ato-de-solidariedade\/\" \/>\n<meta property=\"og:site_name\" content=\"Folha Popular\" \/>\n<meta property=\"article:published_time\" content=\"2025-04-29T12:04:10+00:00\" \/>\n<meta property=\"article:modified_time\" content=\"2025-04-29T12:04:12+00:00\" \/>\n<meta property=\"og:image\" content=\"http:\/\/folhapopular.info\/wp-content\/uploads\/2025\/04\/IMG_9787-JORNAL-scaled.jpg\" \/>\n\t<meta property=\"og:image:width\" content=\"2560\" \/>\n\t<meta property=\"og:image:height\" content=\"1920\" \/>\n\t<meta property=\"og:image:type\" content=\"image\/jpeg\" \/>\n<meta name=\"author\" content=\"Reda\u00e7\u00e3o Folha Popular\" \/>\n<meta name=\"twitter:card\" content=\"summary_large_image\" \/>\n<meta name=\"twitter:label1\" content=\"Escrito por\" \/>\n\t<meta name=\"twitter:data1\" content=\"Reda\u00e7\u00e3o Folha Popular\" \/>\n\t<meta name=\"twitter:label2\" content=\"Est. tempo de leitura\" \/>\n\t<meta name=\"twitter:data2\" content=\"2 minutos\" \/>\n<script type=\"application\/ld+json\" class=\"yoast-schema-graph\">{\"@context\":\"https:\\\/\\\/schema.org\",\"@graph\":[{\"@type\":\"Article\",\"@id\":\"https:\\\/\\\/folhapopular.info\\\/index.php\\\/2025\\\/04\\\/29\\\/colegio-teutonia-transforma-pascoa-em-ato-de-solidariedade\\\/#article\",\"isPartOf\":{\"@id\":\"https:\\\/\\\/folhapopular.info\\\/index.php\\\/2025\\\/04\\\/29\\\/colegio-teutonia-transforma-pascoa-em-ato-de-solidariedade\\\/\"},\"author\":{\"name\":\"Reda\u00e7\u00e3o Folha Popular\",\"@id\":\"https:\\\/\\\/folhapopular.info\\\/#\\\/schema\\\/person\\\/2814e8a0df7643585a9ca38bc6eb9d4b\"},\"headline\":\"Col\u00e9gio Teut\u00f4nia transforma P\u00e1scoa em ato de solidariedade\",\"datePublished\":\"2025-04-29T12:04:10+00:00\",\"dateModified\":\"2025-04-29T12:04:12+00:00\",\"mainEntityOfPage\":{\"@id\":\"https:\\\/\\\/folhapopular.info\\\/index.php\\\/2025\\\/04\\\/29\\\/colegio-teutonia-transforma-pascoa-em-ato-de-solidariedade\\\/\"},\"wordCount\":195,\"commentCount\":0,\"image\":{\"@id\":\"https:\\\/\\\/folhapopular.info\\\/index.php\\\/2025\\\/04\\\/29\\\/colegio-teutonia-transforma-pascoa-em-ato-de-solidariedade\\\/#primaryimage\"},\"thumbnailUrl\":\"https:\\\/\\\/folhapopular.info\\\/wp-content\\\/uploads\\\/2025\\\/04\\\/IMG_9787-JORNAL-scaled.jpg\",\"keywords\":[\"CEMEF\",\"Col\u00e9gio Teut\u00f4nia\",\"P\u00e1scoa\"],\"articleSection\":[\"Destaques\",\"Inclusive\"],\"inLanguage\":\"pt-BR\",\"potentialAction\":[{\"@type\":\"CommentAction\",\"name\":\"Comment\",\"target\":[\"https:\\\/\\\/folhapopular.info\\\/index.php\\\/2025\\\/04\\\/29\\\/colegio-teutonia-transforma-pascoa-em-ato-de-solidariedade\\\/#respond\"]}]},{\"@type\":\"WebPage\",\"@id\":\"https:\\\/\\\/folhapopular.info\\\/index.php\\\/2025\\\/04\\\/29\\\/colegio-teutonia-transforma-pascoa-em-ato-de-solidariedade\\\/\",\"url\":\"https:\\\/\\\/folhapopular.info\\\/index.php\\\/2025\\\/04\\\/29\\\/colegio-teutonia-transforma-pascoa-em-ato-de-solidariedade\\\/\",\"name\":\"Col\u00e9gio Teut\u00f4nia transforma P\u00e1scoa em ato de solidariedade - Folha Popular\",\"isPartOf\":{\"@id\":\"https:\\\/\\\/folhapopular.info\\\/#website\"},\"primaryImageOfPage\":{\"@id\":\"https:\\\/\\\/folhapopular.info\\\/index.php\\\/2025\\\/04\\\/29\\\/colegio-teutonia-transforma-pascoa-em-ato-de-solidariedade\\\/#primaryimage\"},\"image\":{\"@id\":\"https:\\\/\\\/folhapopular.info\\\/index.php\\\/2025\\\/04\\\/29\\\/colegio-teutonia-transforma-pascoa-em-ato-de-solidariedade\\\/#primaryimage\"},\"thumbnailUrl\":\"https:\\\/\\\/folhapopular.info\\\/wp-content\\\/uploads\\\/2025\\\/04\\\/IMG_9787-JORNAL-scaled.jpg\",\"datePublished\":\"2025-04-29T12:04:10+00:00\",\"dateModified\":\"2025-04-29T12:04:12+00:00\",\"author\":{\"@id\":\"https:\\\/\\\/folhapopular.info\\\/#\\\/schema\\\/person\\\/2814e8a0df7643585a9ca38bc6eb9d4b\"},\"breadcrumb\":{\"@id\":\"https:\\\/\\\/folhapopular.info\\\/index.php\\\/2025\\\/04\\\/29\\\/colegio-teutonia-transforma-pascoa-em-ato-de-solidariedade\\\/#breadcrumb\"},\"inLanguage\":\"pt-BR\",\"potentialAction\":[{\"@type\":\"ReadAction\",\"target\":[\"https:\\\/\\\/folhapopular.info\\\/index.php\\\/2025\\\/04\\\/29\\\/colegio-teutonia-transforma-pascoa-em-ato-de-solidariedade\\\/\"]}]},{\"@type\":\"ImageObject\",\"inLanguage\":\"pt-BR\",\"@id\":\"https:\\\/\\\/folhapopular.info\\\/index.php\\\/2025\\\/04\\\/29\\\/colegio-teutonia-transforma-pascoa-em-ato-de-solidariedade\\\/#primaryimage\",\"url\":\"https:\\\/\\\/folhapopular.info\\\/wp-content\\\/uploads\\\/2025\\\/04\\\/IMG_9787-JORNAL-scaled.jpg\",\"contentUrl\":\"https:\\\/\\\/folhapopular.info\\\/wp-content\\\/uploads\\\/2025\\\/04\\\/IMG_9787-JORNAL-scaled.jpg\",\"width\":2560,\"height\":1920,\"caption\":\"Cr\u00e9dito: Luana Beatriz Barth \\\/ Divulga\u00e7\u00e3o\"},{\"@type\":\"BreadcrumbList\",\"@id\":\"https:\\\/\\\/folhapopular.info\\\/index.php\\\/2025\\\/04\\\/29\\\/colegio-teutonia-transforma-pascoa-em-ato-de-solidariedade\\\/#breadcrumb\",\"itemListElement\":[{\"@type\":\"ListItem\",\"position\":1,\"name\":\"In\u00edcio\",\"item\":\"https:\\\/\\\/folhapopular.info\\\/\"},{\"@type\":\"ListItem\",\"position\":2,\"name\":\"Col\u00e9gio Teut\u00f4nia transforma P\u00e1scoa em ato de solidariedade\"}]},{\"@type\":\"WebSite\",\"@id\":\"https:\\\/\\\/folhapopular.info\\\/#website\",\"url\":\"https:\\\/\\\/folhapopular.info\\\/\",\"name\":\"Folha Popular\",\"description\":\"Onde voc\u00ea tem vez e voz\",\"potentialAction\":[{\"@type\":\"SearchAction\",\"target\":{\"@type\":\"EntryPoint\",\"urlTemplate\":\"https:\\\/\\\/folhapopular.info\\\/?s={search_term_string}\"},\"query-input\":{\"@type\":\"PropertyValueSpecification\",\"valueRequired\":true,\"valueName\":\"search_term_string\"}}],\"inLanguage\":\"pt-BR\"},{\"@type\":\"Person\",\"@id\":\"https:\\\/\\\/folhapopular.info\\\/#\\\/schema\\\/person\\\/2814e8a0df7643585a9ca38bc6eb9d4b\",\"name\":\"Reda\u00e7\u00e3o Folha Popular\",\"image\":{\"@type\":\"ImageObject\",\"inLanguage\":\"pt-BR\",\"@id\":\"https:\\\/\\\/folhapopular.info\\\/wp-content\\\/uploads\\\/2026\\\/04\\\/Folha-1.webp\",\"url\":\"https:\\\/\\\/folhapopular.info\\\/wp-content\\\/uploads\\\/2026\\\/04\\\/Folha-1.webp\",\"contentUrl\":\"https:\\\/\\\/folhapopular.info\\\/wp-content\\\/uploads\\\/2026\\\/04\\\/Folha-1.webp\",\"caption\":\"Reda\u00e7\u00e3o Folha Popular\"},\"url\":\"https:\\\/\\\/folhapopular.info\\\/index.php\\\/author\\\/redacao\\\/\"}]}<\/script>\n<!-- \/ Yoast SEO plugin. -->","yoast_head_json":{"title":"Col\u00e9gio Teut\u00f4nia transforma P\u00e1scoa em ato de solidariedade - Folha Popular","robots":{"index":"index","follow":"follow","max-snippet":"max-snippet:-1","max-image-preview":"max-image-preview:large","max-video-preview":"max-video-preview:-1"},"canonical":"https:\/\/folhapopular.info\/index.php\/2025\/04\/29\/colegio-teutonia-transforma-pascoa-em-ato-de-solidariedade\/","og_locale":"pt_BR","og_type":"article","og_title":"Col\u00e9gio Teut\u00f4nia transforma P\u00e1scoa em ato de solidariedade - Folha Popular","og_description":"O Col\u00e9gio Teut\u00f4nia celebrou a P\u00e1scoa deste ano com a doa\u00e7\u00e3o de cestas de alimentos para fam\u00edlias em situa\u00e7\u00e3o de vulnerabilidade. A iniciativa, inspirada na Oficina Online de Quaresma e P\u00e1scoa da IECLB, envolveu estudantes e educadores em uma campanha que refor\u00e7ou valores de empatia e partilha. A a\u00e7\u00e3o mobilizou diversas turmas: alunos do Turno [&hellip;]","og_url":"https:\/\/folhapopular.info\/index.php\/2025\/04\/29\/colegio-teutonia-transforma-pascoa-em-ato-de-solidariedade\/","og_site_name":"Folha Popular","article_published_time":"2025-04-29T12:04:10+00:00","article_modified_time":"2025-04-29T12:04:12+00:00","og_image":[{"width":2560,"height":1920,"url":"http:\/\/folhapopular.info\/wp-content\/uploads\/2025\/04\/IMG_9787-JORNAL-scaled.jpg","type":"image\/jpeg"}],"author":"Reda\u00e7\u00e3o Folha Popular","twitter_card":"summary_large_image","twitter_misc":{"Escrito por":"Reda\u00e7\u00e3o Folha Popular","Est. tempo de leitura":"2 minutos"},"schema":{"@context":"https:\/\/schema.org","@graph":[{"@type":"Article","@id":"https:\/\/folhapopular.info\/index.php\/2025\/04\/29\/colegio-teutonia-transforma-pascoa-em-ato-de-solidariedade\/#article","isPartOf":{"@id":"https:\/\/folhapopular.info\/index.php\/2025\/04\/29\/colegio-teutonia-transforma-pascoa-em-ato-de-solidariedade\/"},"author":{"name":"Reda\u00e7\u00e3o Folha Popular","@id":"https:\/\/folhapopular.info\/#\/schema\/person\/2814e8a0df7643585a9ca38bc6eb9d4b"},"headline":"Col\u00e9gio Teut\u00f4nia transforma P\u00e1scoa em ato de solidariedade","datePublished":"2025-04-29T12:04:10+00:00","dateModified":"2025-04-29T12:04:12+00:00","mainEntityOfPage":{"@id":"https:\/\/folhapopular.info\/index.php\/2025\/04\/29\/colegio-teutonia-transforma-pascoa-em-ato-de-solidariedade\/"},"wordCount":195,"commentCount":0,"image":{"@id":"https:\/\/folhapopular.info\/index.php\/2025\/04\/29\/colegio-teutonia-transforma-pascoa-em-ato-de-solidariedade\/#primaryimage"},"thumbnailUrl":"https:\/\/folhapopular.info\/wp-content\/uploads\/2025\/04\/IMG_9787-JORNAL-scaled.jpg","keywords":["CEMEF","Col\u00e9gio Teut\u00f4nia","P\u00e1scoa"],"articleSection":["Destaques","Inclusive"],"inLanguage":"pt-BR","potentialAction":[{"@type":"CommentAction","name":"Comment","target":["https:\/\/folhapopular.info\/index.php\/2025\/04\/29\/colegio-teutonia-transforma-pascoa-em-ato-de-solidariedade\/#respond"]}]},{"@type":"WebPage","@id":"https:\/\/folhapopular.info\/index.php\/2025\/04\/29\/colegio-teutonia-transforma-pascoa-em-ato-de-solidariedade\/","url":"https:\/\/folhapopular.info\/index.php\/2025\/04\/29\/colegio-teutonia-transforma-pascoa-em-ato-de-solidariedade\/","name":"Col\u00e9gio Teut\u00f4nia transforma P\u00e1scoa em ato de solidariedade - Folha Popular","isPartOf":{"@id":"https:\/\/folhapopular.info\/#website"},"primaryImageOfPage":{"@id":"https:\/\/folhapopular.info\/index.php\/2025\/04\/29\/colegio-teutonia-transforma-pascoa-em-ato-de-solidariedade\/#primaryimage"},"image":{"@id":"https:\/\/folhapopular.info\/index.php\/2025\/04\/29\/colegio-teutonia-transforma-pascoa-em-ato-de-solidariedade\/#primaryimage"},"thumbnailUrl":"https:\/\/folhapopular.info\/wp-content\/uploads\/2025\/04\/IMG_9787-JORNAL-scaled.jpg","datePublished":"2025-04-29T12:04:10+00:00","dateModified":"2025-04-29T12:04:12+00:00","author":{"@id":"https:\/\/folhapopular.info\/#\/schema\/person\/2814e8a0df7643585a9ca38bc6eb9d4b"},"breadcrumb":{"@id":"https:\/\/folhapopular.info\/index.php\/2025\/04\/29\/colegio-teutonia-transforma-pascoa-em-ato-de-solidariedade\/#breadcrumb"},"inLanguage":"pt-BR","potentialAction":[{"@type":"ReadAction","target":["https:\/\/folhapopular.info\/index.php\/2025\/04\/29\/colegio-teutonia-transforma-pascoa-em-ato-de-solidariedade\/"]}]},{"@type":"ImageObject","inLanguage":"pt-BR","@id":"https:\/\/folhapopular.info\/index.php\/2025\/04\/29\/colegio-teutonia-transforma-pascoa-em-ato-de-solidariedade\/#primaryimage","url":"https:\/\/folhapopular.info\/wp-content\/uploads\/2025\/04\/IMG_9787-JORNAL-scaled.jpg","contentUrl":"https:\/\/folhapopular.info\/wp-content\/uploads\/2025\/04\/IMG_9787-JORNAL-scaled.jpg","width":2560,"height":1920,"caption":"Cr\u00e9dito: Luana Beatriz Barth \/ Divulga\u00e7\u00e3o"},{"@type":"BreadcrumbList","@id":"https:\/\/folhapopular.info\/index.php\/2025\/04\/29\/colegio-teutonia-transforma-pascoa-em-ato-de-solidariedade\/#breadcrumb","itemListElement":[{"@type":"ListItem","position":1,"name":"In\u00edcio","item":"https:\/\/folhapopular.info\/"},{"@type":"ListItem","position":2,"name":"Col\u00e9gio Teut\u00f4nia transforma P\u00e1scoa em ato de solidariedade"}]},{"@type":"WebSite","@id":"https:\/\/folhapopular.info\/#website","url":"https:\/\/folhapopular.info\/","name":"Folha Popular","description":"Onde voc\u00ea tem vez e voz","potentialAction":[{"@type":"SearchAction","target":{"@type":"EntryPoint","urlTemplate":"https:\/\/folhapopular.info\/?s={search_term_string}"},"query-input":{"@type":"PropertyValueSpecification","valueRequired":true,"valueName":"search_term_string"}}],"inLanguage":"pt-BR"},{"@type":"Person","@id":"https:\/\/folhapopular.info\/#\/schema\/person\/2814e8a0df7643585a9ca38bc6eb9d4b","name":"Reda\u00e7\u00e3o Folha Popular","image":{"@type":"ImageObject","inLanguage":"pt-BR","@id":"https:\/\/folhapopular.info\/wp-content\/uploads\/2026\/04\/Folha-1.webp","url":"https:\/\/folhapopular.info\/wp-content\/uploads\/2026\/04\/Folha-1.webp","contentUrl":"https:\/\/folhapopular.info\/wp-content\/uploads\/2026\/04\/Folha-1.webp","caption":"Reda\u00e7\u00e3o Folha Popular"},"url":"https:\/\/folhapopular.info\/index.php\/author\/redacao\/"}]}},"jetpack_featured_media_url":"https:\/\/folhapopular.info\/wp-content\/uploads\/2025\/04\/IMG_9787-JORNAL-scaled.jpg","jetpack_sharing_enabled":true,"amp_enabled":true,"_links":{"self":[{"href":"https:\/\/folhapopular.info\/index.php\/wp-json\/wp\/v2\/posts\/185480","targetHints":{"allow":["GET"]}}],"collection":[{"href":"https:\/\/folhapopular.info\/index.php\/wp-json\/wp\/v2\/posts"}],"about":[{"href":"https:\/\/folhapopular.info\/index.php\/wp-json\/wp\/v2\/types\/post"}],"author":[{"embeddable":true,"href":"https:\/\/folhapopular.info\/index.php\/wp-json\/wp\/v2\/users\/8"}],"replies":[{"embeddable":true,"href":"https:\/\/folhapopular.info\/index.php\/wp-json\/wp\/v2\/comments?post=185480"}],"version-history":[{"count":0,"href":"https:\/\/folhapopular.info\/index.php\/wp-json\/wp\/v2\/posts\/185480\/revisions"}],"wp:featuredmedia":[{"embeddable":true,"href":"https:\/\/folhapopular.info\/index.php\/wp-json\/wp\/v2\/media\/185481"}],"wp:attachment":[{"href":"https:\/\/folhapopular.info\/index.php\/wp-json\/wp\/v2\/media?parent=185480"}],"wp:term":[{"taxonomy":"category","embeddable":true,"href":"https:\/\/folhapopular.info\/index.php\/wp-json\/wp\/v2\/categories?post=185480"},{"taxonomy":"post_tag","embeddable":true,"href":"https:\/\/folhapopular.info\/index.php\/wp-json\/wp\/v2\/tags?post=185480"}],"curies":[{"name":"wp","href":"https:\/\/api.w.org\/{rel}","templated":true}]}}