{"id":185510,"date":"2025-04-29T17:46:50","date_gmt":"2025-04-29T20:46:50","guid":{"rendered":"https:\/\/folhapopular.info\/?p=185510"},"modified":"2025-05-02T08:47:04","modified_gmt":"2025-05-02T11:47:04","slug":"jaque-weber-vence-prova-em-porto-alegre","status":"publish","type":"post","link":"https:\/\/folhapopular.info\/index.php\/2025\/04\/29\/jaque-weber-vence-prova-em-porto-alegre\/","title":{"rendered":"Jaque Weber vence prova em Porto Alegre"},"content":{"rendered":"\n<p>A manh\u00e3 do domingo (27\/4) levou mais de 10 mil pessoas \u00e0 Orla do Gua\u00edba, em Porto Alegre, para a tradicional NB 42k. Em meio \u00e0 multid\u00e3o de corredores, a teutoniense Jaqueline Weber, do Praia Clube, foi um dos grandes nomes da prova ao vencer a dist\u00e2ncia de 5 quil\u00f4metros com recorde pessoal.<\/p>\n\n\n\n<p>Especialista em provas de meio-fundo no atletismo de pista, Jaque aproveitou o percurso plano da capital ga\u00facha para testar sua evolu\u00e7\u00e3o em dist\u00e2ncias maiores. O resultado foi animador: vit\u00f3ria e tempo de 16min51seg, com ritmo m\u00e9dio de 3min22seg por quil\u00f4metro.<\/p>\n\n\n\n<p>&#8220;Essas provas de rua mais longas t\u00eam me ajudado bastante na constru\u00e7\u00e3o da resist\u00eancia. Estou em um bom momento de prepara\u00e7\u00e3o e entrei confiante de que poderia melhorar minha marca. Fiz uma prova muito controlada e sa\u00ed feliz com o desempenho&#8221;, avaliou a atleta.<\/p>\n\n\n\n<p>Agora, Jaque volta o foco para a temporada de competi\u00e7\u00f5es em pista. Nesta quarta-feira (30\/4), embarca para o Chile, onde disputa uma s\u00e9rie de provas do circuito sul-americano. No fim de maio, viaja para Madri, na Espanha, onde permanecer\u00e1 por dois meses em um ciclo de treinos e competi\u00e7\u00f5es.<\/p>\n\n\n\n<p>&#8220;A prepara\u00e7\u00e3o est\u00e1 evoluindo bem. A meta \u00e9 chegar forte nas provas na Europa e, principalmente, no Trof\u00e9u Brasil, no fim de julho&#8221;, projetou.<\/p>\n","protected":false},"excerpt":{"rendered":"<p>A manh\u00e3 do domingo (27\/4) levou mais de 10 mil pessoas \u00e0 Orla do Gua\u00edba, em Porto Alegre, para a tradicional NB 42k. Em meio \u00e0 multid\u00e3o de corredores, a teutoniense Jaqueline Weber, do Praia Clube, foi um dos grandes nomes da prova ao vencer a dist\u00e2ncia de 5 quil\u00f4metros com recorde pessoal. Especialista em [&hellip;]<\/p>\n","protected":false},"author":8,"featured_media":185512,"comment_status":"open","ping_status":"open","sticky":false,"template":"","format":"standard","meta":{"pmpro_default_level":"","_jetpack_memberships_contains_paid_content":false,"footnotes":""},"categories":[16747,5],"tags":[80,4939,2420],"class_list":{"0":"post-185510","1":"post","2":"type-post","3":"status-publish","4":"format-standard","5":"has-post-thumbnail","7":"category-atletismo","8":"category-esportes","9":"tag-atletismo","10":"tag-jaque-weber","11":"tag-teutoniense","12":"pmpro-has-access"},"yoast_head":"<!-- This site is optimized with the Yoast SEO plugin v27.5 - https:\/\/yoast.com\/product\/yoast-seo-wordpress\/ -->\n<title>Jaque Weber vence prova em Porto Alegre - Folha Popular<\/title>\n<meta name=\"robots\" content=\"index, follow, max-snippet:-1, max-image-preview:large, max-video-preview:-1\" \/>\n<link rel=\"canonical\" href=\"https:\/\/folhapopular.info\/index.php\/2025\/04\/29\/jaque-weber-vence-prova-em-porto-alegre\/\" \/>\n<meta property=\"og:locale\" content=\"pt_BR\" \/>\n<meta property=\"og:type\" content=\"article\" \/>\n<meta property=\"og:title\" content=\"Jaque Weber vence prova em Porto Alegre - Folha Popular\" \/>\n<meta property=\"og:description\" content=\"A manh\u00e3 do domingo (27\/4) levou mais de 10 mil pessoas \u00e0 Orla do Gua\u00edba, em Porto Alegre, para a tradicional NB 42k. Em meio \u00e0 multid\u00e3o de corredores, a teutoniense Jaqueline Weber, do Praia Clube, foi um dos grandes nomes da prova ao vencer a dist\u00e2ncia de 5 quil\u00f4metros com recorde pessoal. Especialista em [&hellip;]\" \/>\n<meta property=\"og:url\" content=\"https:\/\/folhapopular.info\/index.php\/2025\/04\/29\/jaque-weber-vence-prova-em-porto-alegre\/\" \/>\n<meta property=\"og:site_name\" content=\"Folha Popular\" \/>\n<meta property=\"article:published_time\" content=\"2025-04-29T20:46:50+00:00\" \/>\n<meta property=\"article:modified_time\" content=\"2025-05-02T11:47:04+00:00\" \/>\n<meta property=\"og:image\" content=\"http:\/\/folhapopular.info\/wp-content\/uploads\/2025\/04\/WhatsApp-Image-2025-04-29-at-17.37.13-1-e1746186410344.jpeg\" \/>\n\t<meta property=\"og:image:width\" content=\"1000\" \/>\n\t<meta property=\"og:image:height\" content=\"930\" \/>\n\t<meta property=\"og:image:type\" content=\"image\/jpeg\" \/>\n<meta name=\"author\" content=\"Reda\u00e7\u00e3o Folha Popular\" \/>\n<meta name=\"twitter:card\" content=\"summary_large_image\" \/>\n<meta name=\"twitter:label1\" content=\"Escrito por\" \/>\n\t<meta name=\"twitter:data1\" content=\"Reda\u00e7\u00e3o Folha Popular\" \/>\n\t<meta name=\"twitter:label2\" content=\"Est. tempo de leitura\" \/>\n\t<meta name=\"twitter:data2\" content=\"2 minutos\" \/>\n<script type=\"application\/ld+json\" class=\"yoast-schema-graph\">{\"@context\":\"https:\\\/\\\/schema.org\",\"@graph\":[{\"@type\":\"Article\",\"@id\":\"https:\\\/\\\/folhapopular.info\\\/index.php\\\/2025\\\/04\\\/29\\\/jaque-weber-vence-prova-em-porto-alegre\\\/#article\",\"isPartOf\":{\"@id\":\"https:\\\/\\\/folhapopular.info\\\/index.php\\\/2025\\\/04\\\/29\\\/jaque-weber-vence-prova-em-porto-alegre\\\/\"},\"author\":{\"name\":\"Reda\u00e7\u00e3o Folha Popular\",\"@id\":\"https:\\\/\\\/folhapopular.info\\\/#\\\/schema\\\/person\\\/2814e8a0df7643585a9ca38bc6eb9d4b\"},\"headline\":\"Jaque Weber vence prova em Porto Alegre\",\"datePublished\":\"2025-04-29T20:46:50+00:00\",\"dateModified\":\"2025-05-02T11:47:04+00:00\",\"mainEntityOfPage\":{\"@id\":\"https:\\\/\\\/folhapopular.info\\\/index.php\\\/2025\\\/04\\\/29\\\/jaque-weber-vence-prova-em-porto-alegre\\\/\"},\"wordCount\":231,\"commentCount\":0,\"image\":{\"@id\":\"https:\\\/\\\/folhapopular.info\\\/index.php\\\/2025\\\/04\\\/29\\\/jaque-weber-vence-prova-em-porto-alegre\\\/#primaryimage\"},\"thumbnailUrl\":\"https:\\\/\\\/folhapopular.info\\\/wp-content\\\/uploads\\\/2025\\\/04\\\/WhatsApp-Image-2025-04-29-at-17.37.13-1-e1746186410344.jpeg\",\"keywords\":[\"Atletismo\",\"Jaque Weber\",\"teutoniense\"],\"articleSection\":[\"Atletismo\",\"Esportes\"],\"inLanguage\":\"pt-BR\",\"potentialAction\":[{\"@type\":\"CommentAction\",\"name\":\"Comment\",\"target\":[\"https:\\\/\\\/folhapopular.info\\\/index.php\\\/2025\\\/04\\\/29\\\/jaque-weber-vence-prova-em-porto-alegre\\\/#respond\"]}]},{\"@type\":\"WebPage\",\"@id\":\"https:\\\/\\\/folhapopular.info\\\/index.php\\\/2025\\\/04\\\/29\\\/jaque-weber-vence-prova-em-porto-alegre\\\/\",\"url\":\"https:\\\/\\\/folhapopular.info\\\/index.php\\\/2025\\\/04\\\/29\\\/jaque-weber-vence-prova-em-porto-alegre\\\/\",\"name\":\"Jaque Weber vence prova em Porto Alegre - Folha Popular\",\"isPartOf\":{\"@id\":\"https:\\\/\\\/folhapopular.info\\\/#website\"},\"primaryImageOfPage\":{\"@id\":\"https:\\\/\\\/folhapopular.info\\\/index.php\\\/2025\\\/04\\\/29\\\/jaque-weber-vence-prova-em-porto-alegre\\\/#primaryimage\"},\"image\":{\"@id\":\"https:\\\/\\\/folhapopular.info\\\/index.php\\\/2025\\\/04\\\/29\\\/jaque-weber-vence-prova-em-porto-alegre\\\/#primaryimage\"},\"thumbnailUrl\":\"https:\\\/\\\/folhapopular.info\\\/wp-content\\\/uploads\\\/2025\\\/04\\\/WhatsApp-Image-2025-04-29-at-17.37.13-1-e1746186410344.jpeg\",\"datePublished\":\"2025-04-29T20:46:50+00:00\",\"dateModified\":\"2025-05-02T11:47:04+00:00\",\"author\":{\"@id\":\"https:\\\/\\\/folhapopular.info\\\/#\\\/schema\\\/person\\\/2814e8a0df7643585a9ca38bc6eb9d4b\"},\"breadcrumb\":{\"@id\":\"https:\\\/\\\/folhapopular.info\\\/index.php\\\/2025\\\/04\\\/29\\\/jaque-weber-vence-prova-em-porto-alegre\\\/#breadcrumb\"},\"inLanguage\":\"pt-BR\",\"potentialAction\":[{\"@type\":\"ReadAction\",\"target\":[\"https:\\\/\\\/folhapopular.info\\\/index.php\\\/2025\\\/04\\\/29\\\/jaque-weber-vence-prova-em-porto-alegre\\\/\"]}]},{\"@type\":\"ImageObject\",\"inLanguage\":\"pt-BR\",\"@id\":\"https:\\\/\\\/folhapopular.info\\\/index.php\\\/2025\\\/04\\\/29\\\/jaque-weber-vence-prova-em-porto-alegre\\\/#primaryimage\",\"url\":\"https:\\\/\\\/folhapopular.info\\\/wp-content\\\/uploads\\\/2025\\\/04\\\/WhatsApp-Image-2025-04-29-at-17.37.13-1-e1746186410344.jpeg\",\"contentUrl\":\"https:\\\/\\\/folhapopular.info\\\/wp-content\\\/uploads\\\/2025\\\/04\\\/WhatsApp-Image-2025-04-29-at-17.37.13-1-e1746186410344.jpeg\",\"width\":1000,\"height\":930,\"caption\":\"Cr\u00e9dito: Divulga\u00e7\u00e3o\"},{\"@type\":\"BreadcrumbList\",\"@id\":\"https:\\\/\\\/folhapopular.info\\\/index.php\\\/2025\\\/04\\\/29\\\/jaque-weber-vence-prova-em-porto-alegre\\\/#breadcrumb\",\"itemListElement\":[{\"@type\":\"ListItem\",\"position\":1,\"name\":\"In\u00edcio\",\"item\":\"https:\\\/\\\/folhapopular.info\\\/\"},{\"@type\":\"ListItem\",\"position\":2,\"name\":\"Jaque Weber vence prova em Porto Alegre\"}]},{\"@type\":\"WebSite\",\"@id\":\"https:\\\/\\\/folhapopular.info\\\/#website\",\"url\":\"https:\\\/\\\/folhapopular.info\\\/\",\"name\":\"Folha Popular\",\"description\":\"Onde voc\u00ea tem vez e voz\",\"potentialAction\":[{\"@type\":\"SearchAction\",\"target\":{\"@type\":\"EntryPoint\",\"urlTemplate\":\"https:\\\/\\\/folhapopular.info\\\/?s={search_term_string}\"},\"query-input\":{\"@type\":\"PropertyValueSpecification\",\"valueRequired\":true,\"valueName\":\"search_term_string\"}}],\"inLanguage\":\"pt-BR\"},{\"@type\":\"Person\",\"@id\":\"https:\\\/\\\/folhapopular.info\\\/#\\\/schema\\\/person\\\/2814e8a0df7643585a9ca38bc6eb9d4b\",\"name\":\"Reda\u00e7\u00e3o Folha Popular\",\"image\":{\"@type\":\"ImageObject\",\"inLanguage\":\"pt-BR\",\"@id\":\"https:\\\/\\\/folhapopular.info\\\/wp-content\\\/uploads\\\/2026\\\/04\\\/Folha-1.webp\",\"url\":\"https:\\\/\\\/folhapopular.info\\\/wp-content\\\/uploads\\\/2026\\\/04\\\/Folha-1.webp\",\"contentUrl\":\"https:\\\/\\\/folhapopular.info\\\/wp-content\\\/uploads\\\/2026\\\/04\\\/Folha-1.webp\",\"caption\":\"Reda\u00e7\u00e3o Folha Popular\"},\"url\":\"https:\\\/\\\/folhapopular.info\\\/index.php\\\/author\\\/redacao\\\/\"}]}<\/script>\n<!-- \/ Yoast SEO plugin. -->","yoast_head_json":{"title":"Jaque Weber vence prova em Porto Alegre - Folha Popular","robots":{"index":"index","follow":"follow","max-snippet":"max-snippet:-1","max-image-preview":"max-image-preview:large","max-video-preview":"max-video-preview:-1"},"canonical":"https:\/\/folhapopular.info\/index.php\/2025\/04\/29\/jaque-weber-vence-prova-em-porto-alegre\/","og_locale":"pt_BR","og_type":"article","og_title":"Jaque Weber vence prova em Porto Alegre - Folha Popular","og_description":"A manh\u00e3 do domingo (27\/4) levou mais de 10 mil pessoas \u00e0 Orla do Gua\u00edba, em Porto Alegre, para a tradicional NB 42k. Em meio \u00e0 multid\u00e3o de corredores, a teutoniense Jaqueline Weber, do Praia Clube, foi um dos grandes nomes da prova ao vencer a dist\u00e2ncia de 5 quil\u00f4metros com recorde pessoal. Especialista em [&hellip;]","og_url":"https:\/\/folhapopular.info\/index.php\/2025\/04\/29\/jaque-weber-vence-prova-em-porto-alegre\/","og_site_name":"Folha Popular","article_published_time":"2025-04-29T20:46:50+00:00","article_modified_time":"2025-05-02T11:47:04+00:00","og_image":[{"width":1000,"height":930,"url":"http:\/\/folhapopular.info\/wp-content\/uploads\/2025\/04\/WhatsApp-Image-2025-04-29-at-17.37.13-1-e1746186410344.jpeg","type":"image\/jpeg"}],"author":"Reda\u00e7\u00e3o Folha Popular","twitter_card":"summary_large_image","twitter_misc":{"Escrito por":"Reda\u00e7\u00e3o Folha Popular","Est. tempo de leitura":"2 minutos"},"schema":{"@context":"https:\/\/schema.org","@graph":[{"@type":"Article","@id":"https:\/\/folhapopular.info\/index.php\/2025\/04\/29\/jaque-weber-vence-prova-em-porto-alegre\/#article","isPartOf":{"@id":"https:\/\/folhapopular.info\/index.php\/2025\/04\/29\/jaque-weber-vence-prova-em-porto-alegre\/"},"author":{"name":"Reda\u00e7\u00e3o Folha Popular","@id":"https:\/\/folhapopular.info\/#\/schema\/person\/2814e8a0df7643585a9ca38bc6eb9d4b"},"headline":"Jaque Weber vence prova em Porto Alegre","datePublished":"2025-04-29T20:46:50+00:00","dateModified":"2025-05-02T11:47:04+00:00","mainEntityOfPage":{"@id":"https:\/\/folhapopular.info\/index.php\/2025\/04\/29\/jaque-weber-vence-prova-em-porto-alegre\/"},"wordCount":231,"commentCount":0,"image":{"@id":"https:\/\/folhapopular.info\/index.php\/2025\/04\/29\/jaque-weber-vence-prova-em-porto-alegre\/#primaryimage"},"thumbnailUrl":"https:\/\/folhapopular.info\/wp-content\/uploads\/2025\/04\/WhatsApp-Image-2025-04-29-at-17.37.13-1-e1746186410344.jpeg","keywords":["Atletismo","Jaque Weber","teutoniense"],"articleSection":["Atletismo","Esportes"],"inLanguage":"pt-BR","potentialAction":[{"@type":"CommentAction","name":"Comment","target":["https:\/\/folhapopular.info\/index.php\/2025\/04\/29\/jaque-weber-vence-prova-em-porto-alegre\/#respond"]}]},{"@type":"WebPage","@id":"https:\/\/folhapopular.info\/index.php\/2025\/04\/29\/jaque-weber-vence-prova-em-porto-alegre\/","url":"https:\/\/folhapopular.info\/index.php\/2025\/04\/29\/jaque-weber-vence-prova-em-porto-alegre\/","name":"Jaque Weber vence prova em Porto Alegre - Folha Popular","isPartOf":{"@id":"https:\/\/folhapopular.info\/#website"},"primaryImageOfPage":{"@id":"https:\/\/folhapopular.info\/index.php\/2025\/04\/29\/jaque-weber-vence-prova-em-porto-alegre\/#primaryimage"},"image":{"@id":"https:\/\/folhapopular.info\/index.php\/2025\/04\/29\/jaque-weber-vence-prova-em-porto-alegre\/#primaryimage"},"thumbnailUrl":"https:\/\/folhapopular.info\/wp-content\/uploads\/2025\/04\/WhatsApp-Image-2025-04-29-at-17.37.13-1-e1746186410344.jpeg","datePublished":"2025-04-29T20:46:50+00:00","dateModified":"2025-05-02T11:47:04+00:00","author":{"@id":"https:\/\/folhapopular.info\/#\/schema\/person\/2814e8a0df7643585a9ca38bc6eb9d4b"},"breadcrumb":{"@id":"https:\/\/folhapopular.info\/index.php\/2025\/04\/29\/jaque-weber-vence-prova-em-porto-alegre\/#breadcrumb"},"inLanguage":"pt-BR","potentialAction":[{"@type":"ReadAction","target":["https:\/\/folhapopular.info\/index.php\/2025\/04\/29\/jaque-weber-vence-prova-em-porto-alegre\/"]}]},{"@type":"ImageObject","inLanguage":"pt-BR","@id":"https:\/\/folhapopular.info\/index.php\/2025\/04\/29\/jaque-weber-vence-prova-em-porto-alegre\/#primaryimage","url":"https:\/\/folhapopular.info\/wp-content\/uploads\/2025\/04\/WhatsApp-Image-2025-04-29-at-17.37.13-1-e1746186410344.jpeg","contentUrl":"https:\/\/folhapopular.info\/wp-content\/uploads\/2025\/04\/WhatsApp-Image-2025-04-29-at-17.37.13-1-e1746186410344.jpeg","width":1000,"height":930,"caption":"Cr\u00e9dito: Divulga\u00e7\u00e3o"},{"@type":"BreadcrumbList","@id":"https:\/\/folhapopular.info\/index.php\/2025\/04\/29\/jaque-weber-vence-prova-em-porto-alegre\/#breadcrumb","itemListElement":[{"@type":"ListItem","position":1,"name":"In\u00edcio","item":"https:\/\/folhapopular.info\/"},{"@type":"ListItem","position":2,"name":"Jaque Weber vence prova em Porto Alegre"}]},{"@type":"WebSite","@id":"https:\/\/folhapopular.info\/#website","url":"https:\/\/folhapopular.info\/","name":"Folha Popular","description":"Onde voc\u00ea tem vez e voz","potentialAction":[{"@type":"SearchAction","target":{"@type":"EntryPoint","urlTemplate":"https:\/\/folhapopular.info\/?s={search_term_string}"},"query-input":{"@type":"PropertyValueSpecification","valueRequired":true,"valueName":"search_term_string"}}],"inLanguage":"pt-BR"},{"@type":"Person","@id":"https:\/\/folhapopular.info\/#\/schema\/person\/2814e8a0df7643585a9ca38bc6eb9d4b","name":"Reda\u00e7\u00e3o Folha Popular","image":{"@type":"ImageObject","inLanguage":"pt-BR","@id":"https:\/\/folhapopular.info\/wp-content\/uploads\/2026\/04\/Folha-1.webp","url":"https:\/\/folhapopular.info\/wp-content\/uploads\/2026\/04\/Folha-1.webp","contentUrl":"https:\/\/folhapopular.info\/wp-content\/uploads\/2026\/04\/Folha-1.webp","caption":"Reda\u00e7\u00e3o Folha Popular"},"url":"https:\/\/folhapopular.info\/index.php\/author\/redacao\/"}]}},"jetpack_featured_media_url":"https:\/\/folhapopular.info\/wp-content\/uploads\/2025\/04\/WhatsApp-Image-2025-04-29-at-17.37.13-1-e1746186410344.jpeg","jetpack_sharing_enabled":true,"amp_enabled":true,"_links":{"self":[{"href":"https:\/\/folhapopular.info\/index.php\/wp-json\/wp\/v2\/posts\/185510","targetHints":{"allow":["GET"]}}],"collection":[{"href":"https:\/\/folhapopular.info\/index.php\/wp-json\/wp\/v2\/posts"}],"about":[{"href":"https:\/\/folhapopular.info\/index.php\/wp-json\/wp\/v2\/types\/post"}],"author":[{"embeddable":true,"href":"https:\/\/folhapopular.info\/index.php\/wp-json\/wp\/v2\/users\/8"}],"replies":[{"embeddable":true,"href":"https:\/\/folhapopular.info\/index.php\/wp-json\/wp\/v2\/comments?post=185510"}],"version-history":[{"count":0,"href":"https:\/\/folhapopular.info\/index.php\/wp-json\/wp\/v2\/posts\/185510\/revisions"}],"wp:featuredmedia":[{"embeddable":true,"href":"https:\/\/folhapopular.info\/index.php\/wp-json\/wp\/v2\/media\/185512"}],"wp:attachment":[{"href":"https:\/\/folhapopular.info\/index.php\/wp-json\/wp\/v2\/media?parent=185510"}],"wp:term":[{"taxonomy":"category","embeddable":true,"href":"https:\/\/folhapopular.info\/index.php\/wp-json\/wp\/v2\/categories?post=185510"},{"taxonomy":"post_tag","embeddable":true,"href":"https:\/\/folhapopular.info\/index.php\/wp-json\/wp\/v2\/tags?post=185510"}],"curies":[{"name":"wp","href":"https:\/\/api.w.org\/{rel}","templated":true}]}}