{"id":185584,"date":"2025-05-02T12:07:42","date_gmt":"2025-05-02T15:07:42","guid":{"rendered":"https:\/\/folhapopular.info\/?p=185584"},"modified":"2025-05-02T12:08:06","modified_gmt":"2025-05-02T15:08:06","slug":"dupla-gre-nal-define-jogos-no-fim-o-colorado-venceu-enquanto-o-tricolor-perdeu","status":"publish","type":"post","link":"https:\/\/folhapopular.info\/index.php\/2025\/05\/02\/dupla-gre-nal-define-jogos-no-fim-o-colorado-venceu-enquanto-o-tricolor-perdeu\/","title":{"rendered":"Dupla Gre-Nal define jogos no fim: o Colorado venceu, enquanto o Tricolor perdeu"},"content":{"rendered":"\n<p>A dupla Gre-Nal obteve resultados distintos na abertura da terceira fase da Copa do Brasil. Na ter\u00e7a-feira (29\/4), no Beira-Rio, o Internacional fez valer o mando de campo e venceu o Maracan\u00e3, do Cear\u00e1, por 1 a 0, com gol de Gustavo Prado nos acr\u00e9scimos do segundo tempo. J\u00e1 na quarta (30\/4), em Macei\u00f3, o Gr\u00eamio foi derrotado pelo CSA por 3 a 2, ap\u00f3s sofrer o gol decisivo tamb\u00e9m nos acr\u00e9scimos.<\/p>\n\n\n\n<h3 class=\"wp-block-heading\"><strong>Inter sofre, mas larga na frente contra o Maracan\u00e3<\/strong><\/h3>\n\n\n\n<p>Diante de um Beira-Rio impaciente e de um advers\u00e1rio truncado, o Inter teve dificuldade para furar a retranca do Maracan\u00e3, que disputa a S\u00e9rie D do Brasileir\u00e3o. O Colorado criou pouco na etapa inicial, teve dois gols anulados pelo VAR e parou em defesas seguras do goleiro Rayr. No segundo tempo, mesmo com a entrada de titulares como Alan Patrick e Vitinho, a bola teimava em n\u00e3o entrar.<\/p>\n\n\n\n<p>Aos 28 minutos, Alan Patrick teve a chance de abrir o placar em cobran\u00e7a de p\u00eanalti, mas Rayr defendeu. Quando o empate parecia inevit\u00e1vel, aos 47min, Gustavo Prado apareceu livre na \u00e1rea ap\u00f3s jogada a\u00e9rea confusa e estufou as redes, garantindo a vit\u00f3ria suada.<\/p>\n\n\n\n<p>O resultado d\u00e1 ao Inter a vantagem do empate na volta, marcada para 22 de maio, em Fortaleza. J\u00e1 o Maracan\u00e3 precisa vencer por dois gols para avan\u00e7ar direto, ou por um para levar a decis\u00e3o aos p\u00eanaltis.<\/p>\n\n\n\n<p>O Inter agora vira a chave. No s\u00e1bado (3\/5), encara o Corinthians em S\u00e3o Paulo pelo Brasileir\u00e3o. Depois, tem sequ\u00eancia decisiva: encara o Atl\u00e9tico Nacional, na Col\u00f4mbia, no dia 8 pela Libertadores, e o Botafogo, no Rio, no dia 11, novamente pelo Brasileir\u00e3o.<\/p>\n\n\n\n<figure class=\"wp-block-gallery has-nested-images columns-default is-cropped wp-block-gallery-1 is-layout-flex wp-block-gallery-is-layout-flex\">\n<figure class=\"wp-block-image size-large\"><img loading=\"lazy\" decoding=\"async\" width=\"950\" height=\"594\" data-id=\"185587\" src=\"https:\/\/folhapopular.info\/wp-content\/uploads\/2025\/05\/AGIF25042919450843-scaled-aspect-ratio-512-320.webp\" alt=\"\" class=\"wp-image-185587\" srcset=\"https:\/\/folhapopular.info\/wp-content\/uploads\/2025\/05\/AGIF25042919450843-scaled-aspect-ratio-512-320.webp 950w, https:\/\/folhapopular.info\/wp-content\/uploads\/2025\/05\/AGIF25042919450843-scaled-aspect-ratio-512-320-300x188.webp 300w, https:\/\/folhapopular.info\/wp-content\/uploads\/2025\/05\/AGIF25042919450843-scaled-aspect-ratio-512-320-768x480.webp 768w, https:\/\/folhapopular.info\/wp-content\/uploads\/2025\/05\/AGIF25042919450843-scaled-aspect-ratio-512-320-672x420.webp 672w, https:\/\/folhapopular.info\/wp-content\/uploads\/2025\/05\/AGIF25042919450843-scaled-aspect-ratio-512-320-696x435.webp 696w\" sizes=\"auto, (max-width: 950px) 100vw, 950px\" \/><figcaption class=\"wp-element-caption\">Duelo com o Maracan\u00e3 foi truncado e diferente do que era esperado <br>Cr\u00e9dito: Divulga\u00e7\u00e3o<\/figcaption><\/figure>\n<\/figure>\n\n\n\n<h3 class=\"wp-block-heading\"><strong>Gr\u00eamio toma virada e complica vida na Copa do Brasil<\/strong><\/h3>\n\n\n\n<p>J\u00e1 o Gr\u00eamio teve uma noite amarga no Est\u00e1dio Rei Pel\u00e9. A equipe de Mano Menezes foi envolvida pelo CSA nos primeiros minutos e saiu atr\u00e1s com gol de Tiago Marques. Braithwaite empatou para o Tricolor ainda no primeiro tempo, ap\u00f3s boa jogada coletiva.<\/p>\n\n\n\n<p>No segundo tempo, Dodi marcou um bonito gol e virou o placar, mas o CSA se aproveitou das falhas defensivas do Gr\u00eamio e buscou o empate com Marcelinho aos 41min. Aos 47min, Brayann, em cobran\u00e7a de falta perfeita, decretou a vit\u00f3ria dos alagoanos.<\/p>\n\n\n\n<p>Com o rev\u00e9s por 3 a 2, o Gr\u00eamio precisa vencer por dois gols de diferen\u00e7a na Arena, dia 20 de maio, para avan\u00e7ar \u00e0s oitavas. Se devolver o placar por um gol, a decis\u00e3o vai para os p\u00eanaltis.<\/p>\n\n\n\n<p>Enquanto a partida decisiva n\u00e3o chega, a press\u00e3o aumenta sobre Mano Menezes, que v\u00ea sua equipe alternar bons momentos com erros decisivos em jogos-chave. A torcida cobra mais consist\u00eancia de um elenco que ainda busca afirma\u00e7\u00e3o em 2025.<\/p>\n\n\n\n<figure class=\"wp-block-gallery has-nested-images columns-default is-cropped wp-block-gallery-2 is-layout-flex wp-block-gallery-is-layout-flex\">\n<figure class=\"wp-block-image size-large\"><img loading=\"lazy\" decoding=\"async\" width=\"1024\" height=\"640\" data-id=\"185586\" src=\"https:\/\/folhapopular.info\/wp-content\/uploads\/2025\/05\/CSA-x-Gremio-02-scaled-aspect-ratio-512-320-1024x640.webp\" alt=\"\" class=\"wp-image-185586\" srcset=\"https:\/\/folhapopular.info\/wp-content\/uploads\/2025\/05\/CSA-x-Gremio-02-scaled-aspect-ratio-512-320-1024x640.webp 1024w, https:\/\/folhapopular.info\/wp-content\/uploads\/2025\/05\/CSA-x-Gremio-02-scaled-aspect-ratio-512-320-300x188.webp 300w, https:\/\/folhapopular.info\/wp-content\/uploads\/2025\/05\/CSA-x-Gremio-02-scaled-aspect-ratio-512-320-768x480.webp 768w, https:\/\/folhapopular.info\/wp-content\/uploads\/2025\/05\/CSA-x-Gremio-02-scaled-aspect-ratio-512-320-1536x960.webp 1536w, https:\/\/folhapopular.info\/wp-content\/uploads\/2025\/05\/CSA-x-Gremio-02-scaled-aspect-ratio-512-320-2048x1280.webp 2048w, https:\/\/folhapopular.info\/wp-content\/uploads\/2025\/05\/CSA-x-Gremio-02-scaled-aspect-ratio-512-320-672x420.webp 672w, https:\/\/folhapopular.info\/wp-content\/uploads\/2025\/05\/CSA-x-Gremio-02-scaled-aspect-ratio-512-320-696x435.webp 696w, https:\/\/folhapopular.info\/wp-content\/uploads\/2025\/05\/CSA-x-Gremio-02-scaled-aspect-ratio-512-320-1068x668.webp 1068w, https:\/\/folhapopular.info\/wp-content\/uploads\/2025\/05\/CSA-x-Gremio-02-scaled-aspect-ratio-512-320-1920x1200.webp 1920w\" sizes=\"auto, (max-width: 1024px) 100vw, 1024px\" \/><figcaption class=\"wp-element-caption\">Tricolor perdeu fora de casa e precisa vencer para se classificar<br>Cr\u00e9dito: Divulga\u00e7\u00e3o<\/figcaption><\/figure>\n<\/figure>\n","protected":false},"excerpt":{"rendered":"<p>A dupla Gre-Nal obteve resultados distintos na abertura da terceira fase da Copa do Brasil. Na ter\u00e7a-feira (29\/4), no Beira-Rio, o Internacional fez valer o mando de campo e venceu o Maracan\u00e3, do Cear\u00e1, por 1 a 0, com gol de Gustavo Prado nos acr\u00e9scimos do segundo tempo. J\u00e1 na quarta (30\/4), em Macei\u00f3, o [&hellip;]<\/p>\n","protected":false},"author":732,"featured_media":185585,"comment_status":"open","ping_status":"open","sticky":false,"template":"","format":"standard","meta":{"pmpro_default_level":"","_jetpack_memberships_contains_paid_content":false,"footnotes":""},"categories":[5,2243],"tags":[6457,1194,1809],"class_list":{"0":"post-185584","1":"post","2":"type-post","3":"status-publish","4":"format-standard","5":"has-post-thumbnail","7":"category-esportes","8":"category-futebol-profissional","9":"tag-copa-do-brasil","10":"tag-gremio","11":"tag-internacional","12":"pmpro-has-access"},"yoast_head":"<!-- This site is optimized with the Yoast SEO plugin v27.5 - https:\/\/yoast.com\/product\/yoast-seo-wordpress\/ -->\n<title>Dupla Gre-Nal define jogos no fim: o Colorado venceu, enquanto o Tricolor perdeu - Folha Popular<\/title>\n<meta name=\"robots\" content=\"index, follow, max-snippet:-1, max-image-preview:large, max-video-preview:-1\" \/>\n<link rel=\"canonical\" href=\"https:\/\/folhapopular.info\/index.php\/2025\/05\/02\/dupla-gre-nal-define-jogos-no-fim-o-colorado-venceu-enquanto-o-tricolor-perdeu\/\" \/>\n<meta property=\"og:locale\" content=\"pt_BR\" \/>\n<meta property=\"og:type\" content=\"article\" \/>\n<meta property=\"og:title\" content=\"Dupla Gre-Nal define jogos no fim: o Colorado venceu, enquanto o Tricolor perdeu - Folha Popular\" \/>\n<meta property=\"og:description\" content=\"A dupla Gre-Nal obteve resultados distintos na abertura da terceira fase da Copa do Brasil. Na ter\u00e7a-feira (29\/4), no Beira-Rio, o Internacional fez valer o mando de campo e venceu o Maracan\u00e3, do Cear\u00e1, por 1 a 0, com gol de Gustavo Prado nos acr\u00e9scimos do segundo tempo. J\u00e1 na quarta (30\/4), em Macei\u00f3, o [&hellip;]\" \/>\n<meta property=\"og:url\" content=\"https:\/\/folhapopular.info\/index.php\/2025\/05\/02\/dupla-gre-nal-define-jogos-no-fim-o-colorado-venceu-enquanto-o-tricolor-perdeu\/\" \/>\n<meta property=\"og:site_name\" content=\"Folha Popular\" \/>\n<meta property=\"article:author\" content=\"https:\/\/www.facebook.com\/luis.huppes\/\" \/>\n<meta property=\"article:published_time\" content=\"2025-05-02T15:07:42+00:00\" \/>\n<meta property=\"article:modified_time\" content=\"2025-05-02T15:08:06+00:00\" \/>\n<meta property=\"og:image\" content=\"http:\/\/folhapopular.info\/wp-content\/uploads\/2025\/05\/20250429interxmaracana_RDUARTE_5915_71e0b0c58a-scaled.jpg\" \/>\n\t<meta property=\"og:image:width\" content=\"2560\" \/>\n\t<meta property=\"og:image:height\" content=\"1707\" \/>\n\t<meta property=\"og:image:type\" content=\"image\/jpeg\" \/>\n<meta name=\"author\" content=\"Luis Augusto Huppes\" \/>\n<meta name=\"twitter:card\" content=\"summary_large_image\" \/>\n<meta name=\"twitter:label1\" content=\"Escrito por\" \/>\n\t<meta name=\"twitter:data1\" content=\"Luis Augusto Huppes\" \/>\n\t<meta name=\"twitter:label2\" content=\"Est. tempo de leitura\" \/>\n\t<meta name=\"twitter:data2\" content=\"4 minutos\" \/>\n<script type=\"application\/ld+json\" class=\"yoast-schema-graph\">{\"@context\":\"https:\\\/\\\/schema.org\",\"@graph\":[{\"@type\":\"Article\",\"@id\":\"https:\\\/\\\/folhapopular.info\\\/index.php\\\/2025\\\/05\\\/02\\\/dupla-gre-nal-define-jogos-no-fim-o-colorado-venceu-enquanto-o-tricolor-perdeu\\\/#article\",\"isPartOf\":{\"@id\":\"https:\\\/\\\/folhapopular.info\\\/index.php\\\/2025\\\/05\\\/02\\\/dupla-gre-nal-define-jogos-no-fim-o-colorado-venceu-enquanto-o-tricolor-perdeu\\\/\"},\"author\":{\"name\":\"Luis Augusto Huppes\",\"@id\":\"https:\\\/\\\/folhapopular.info\\\/#\\\/schema\\\/person\\\/e852c327371714676d02e58cf917fd9f\"},\"headline\":\"Dupla Gre-Nal define jogos no fim: o Colorado venceu, enquanto o Tricolor perdeu\",\"datePublished\":\"2025-05-02T15:07:42+00:00\",\"dateModified\":\"2025-05-02T15:08:06+00:00\",\"mainEntityOfPage\":{\"@id\":\"https:\\\/\\\/folhapopular.info\\\/index.php\\\/2025\\\/05\\\/02\\\/dupla-gre-nal-define-jogos-no-fim-o-colorado-venceu-enquanto-o-tricolor-perdeu\\\/\"},\"wordCount\":520,\"commentCount\":0,\"image\":{\"@id\":\"https:\\\/\\\/folhapopular.info\\\/index.php\\\/2025\\\/05\\\/02\\\/dupla-gre-nal-define-jogos-no-fim-o-colorado-venceu-enquanto-o-tricolor-perdeu\\\/#primaryimage\"},\"thumbnailUrl\":\"https:\\\/\\\/folhapopular.info\\\/wp-content\\\/uploads\\\/2025\\\/05\\\/20250429interxmaracana_RDUARTE_5915_71e0b0c58a-scaled.jpg\",\"keywords\":[\"Copa do Brasil\",\"Gr\u00eamio\",\"Internacional\"],\"articleSection\":[\"Esportes\",\"Futebol Profissional\"],\"inLanguage\":\"pt-BR\",\"potentialAction\":[{\"@type\":\"CommentAction\",\"name\":\"Comment\",\"target\":[\"https:\\\/\\\/folhapopular.info\\\/index.php\\\/2025\\\/05\\\/02\\\/dupla-gre-nal-define-jogos-no-fim-o-colorado-venceu-enquanto-o-tricolor-perdeu\\\/#respond\"]}]},{\"@type\":\"WebPage\",\"@id\":\"https:\\\/\\\/folhapopular.info\\\/index.php\\\/2025\\\/05\\\/02\\\/dupla-gre-nal-define-jogos-no-fim-o-colorado-venceu-enquanto-o-tricolor-perdeu\\\/\",\"url\":\"https:\\\/\\\/folhapopular.info\\\/index.php\\\/2025\\\/05\\\/02\\\/dupla-gre-nal-define-jogos-no-fim-o-colorado-venceu-enquanto-o-tricolor-perdeu\\\/\",\"name\":\"Dupla Gre-Nal define jogos no fim: o Colorado venceu, enquanto o Tricolor perdeu - Folha Popular\",\"isPartOf\":{\"@id\":\"https:\\\/\\\/folhapopular.info\\\/#website\"},\"primaryImageOfPage\":{\"@id\":\"https:\\\/\\\/folhapopular.info\\\/index.php\\\/2025\\\/05\\\/02\\\/dupla-gre-nal-define-jogos-no-fim-o-colorado-venceu-enquanto-o-tricolor-perdeu\\\/#primaryimage\"},\"image\":{\"@id\":\"https:\\\/\\\/folhapopular.info\\\/index.php\\\/2025\\\/05\\\/02\\\/dupla-gre-nal-define-jogos-no-fim-o-colorado-venceu-enquanto-o-tricolor-perdeu\\\/#primaryimage\"},\"thumbnailUrl\":\"https:\\\/\\\/folhapopular.info\\\/wp-content\\\/uploads\\\/2025\\\/05\\\/20250429interxmaracana_RDUARTE_5915_71e0b0c58a-scaled.jpg\",\"datePublished\":\"2025-05-02T15:07:42+00:00\",\"dateModified\":\"2025-05-02T15:08:06+00:00\",\"author\":{\"@id\":\"https:\\\/\\\/folhapopular.info\\\/#\\\/schema\\\/person\\\/e852c327371714676d02e58cf917fd9f\"},\"breadcrumb\":{\"@id\":\"https:\\\/\\\/folhapopular.info\\\/index.php\\\/2025\\\/05\\\/02\\\/dupla-gre-nal-define-jogos-no-fim-o-colorado-venceu-enquanto-o-tricolor-perdeu\\\/#breadcrumb\"},\"inLanguage\":\"pt-BR\",\"potentialAction\":[{\"@type\":\"ReadAction\",\"target\":[\"https:\\\/\\\/folhapopular.info\\\/index.php\\\/2025\\\/05\\\/02\\\/dupla-gre-nal-define-jogos-no-fim-o-colorado-venceu-enquanto-o-tricolor-perdeu\\\/\"]}]},{\"@type\":\"ImageObject\",\"inLanguage\":\"pt-BR\",\"@id\":\"https:\\\/\\\/folhapopular.info\\\/index.php\\\/2025\\\/05\\\/02\\\/dupla-gre-nal-define-jogos-no-fim-o-colorado-venceu-enquanto-o-tricolor-perdeu\\\/#primaryimage\",\"url\":\"https:\\\/\\\/folhapopular.info\\\/wp-content\\\/uploads\\\/2025\\\/05\\\/20250429interxmaracana_RDUARTE_5915_71e0b0c58a-scaled.jpg\",\"contentUrl\":\"https:\\\/\\\/folhapopular.info\\\/wp-content\\\/uploads\\\/2025\\\/05\\\/20250429interxmaracana_RDUARTE_5915_71e0b0c58a-scaled.jpg\",\"width\":2560,\"height\":1707,\"caption\":\"Gustavo Prado fez o gol colorado nos acr\u00e9scimos do segundo tempo - Cr\u00e9dito: Divulga\u00e7\u00e3o\"},{\"@type\":\"BreadcrumbList\",\"@id\":\"https:\\\/\\\/folhapopular.info\\\/index.php\\\/2025\\\/05\\\/02\\\/dupla-gre-nal-define-jogos-no-fim-o-colorado-venceu-enquanto-o-tricolor-perdeu\\\/#breadcrumb\",\"itemListElement\":[{\"@type\":\"ListItem\",\"position\":1,\"name\":\"In\u00edcio\",\"item\":\"https:\\\/\\\/folhapopular.info\\\/\"},{\"@type\":\"ListItem\",\"position\":2,\"name\":\"Dupla Gre-Nal define jogos no fim: o Colorado venceu, enquanto o Tricolor perdeu\"}]},{\"@type\":\"WebSite\",\"@id\":\"https:\\\/\\\/folhapopular.info\\\/#website\",\"url\":\"https:\\\/\\\/folhapopular.info\\\/\",\"name\":\"Folha Popular\",\"description\":\"Onde voc\u00ea tem vez e voz\",\"potentialAction\":[{\"@type\":\"SearchAction\",\"target\":{\"@type\":\"EntryPoint\",\"urlTemplate\":\"https:\\\/\\\/folhapopular.info\\\/?s={search_term_string}\"},\"query-input\":{\"@type\":\"PropertyValueSpecification\",\"valueRequired\":true,\"valueName\":\"search_term_string\"}}],\"inLanguage\":\"pt-BR\"},{\"@type\":\"Person\",\"@id\":\"https:\\\/\\\/folhapopular.info\\\/#\\\/schema\\\/person\\\/e852c327371714676d02e58cf917fd9f\",\"name\":\"Luis Augusto Huppes\",\"image\":{\"@type\":\"ImageObject\",\"inLanguage\":\"pt-BR\",\"@id\":\"https:\\\/\\\/folhapopular.info\\\/wp-content\\\/uploads\\\/2026\\\/04\\\/Luis-Augusto-Huppes-1-1.webp\",\"url\":\"https:\\\/\\\/folhapopular.info\\\/wp-content\\\/uploads\\\/2026\\\/04\\\/Luis-Augusto-Huppes-1-1.webp\",\"contentUrl\":\"https:\\\/\\\/folhapopular.info\\\/wp-content\\\/uploads\\\/2026\\\/04\\\/Luis-Augusto-Huppes-1-1.webp\",\"caption\":\"Luis Augusto Huppes\"},\"sameAs\":[\"https:\\\/\\\/www.facebook.com\\\/luis.huppes\\\/\",\"https:\\\/\\\/www.instagram.com\\\/luis.huppes\\\/\",\"https:\\\/\\\/www.linkedin.com\\\/in\\\/luis-augusto-huppes-2554b52b7\\\/\"],\"url\":\"https:\\\/\\\/folhapopular.info\\\/index.php\\\/author\\\/luis-augusto-huppes\\\/\"}]}<\/script>\n<!-- \/ Yoast SEO plugin. -->","yoast_head_json":{"title":"Dupla Gre-Nal define jogos no fim: o Colorado venceu, enquanto o Tricolor perdeu - Folha Popular","robots":{"index":"index","follow":"follow","max-snippet":"max-snippet:-1","max-image-preview":"max-image-preview:large","max-video-preview":"max-video-preview:-1"},"canonical":"https:\/\/folhapopular.info\/index.php\/2025\/05\/02\/dupla-gre-nal-define-jogos-no-fim-o-colorado-venceu-enquanto-o-tricolor-perdeu\/","og_locale":"pt_BR","og_type":"article","og_title":"Dupla Gre-Nal define jogos no fim: o Colorado venceu, enquanto o Tricolor perdeu - Folha Popular","og_description":"A dupla Gre-Nal obteve resultados distintos na abertura da terceira fase da Copa do Brasil. Na ter\u00e7a-feira (29\/4), no Beira-Rio, o Internacional fez valer o mando de campo e venceu o Maracan\u00e3, do Cear\u00e1, por 1 a 0, com gol de Gustavo Prado nos acr\u00e9scimos do segundo tempo. J\u00e1 na quarta (30\/4), em Macei\u00f3, o [&hellip;]","og_url":"https:\/\/folhapopular.info\/index.php\/2025\/05\/02\/dupla-gre-nal-define-jogos-no-fim-o-colorado-venceu-enquanto-o-tricolor-perdeu\/","og_site_name":"Folha Popular","article_author":"https:\/\/www.facebook.com\/luis.huppes\/","article_published_time":"2025-05-02T15:07:42+00:00","article_modified_time":"2025-05-02T15:08:06+00:00","og_image":[{"width":2560,"height":1707,"url":"http:\/\/folhapopular.info\/wp-content\/uploads\/2025\/05\/20250429interxmaracana_RDUARTE_5915_71e0b0c58a-scaled.jpg","type":"image\/jpeg"}],"author":"Luis Augusto Huppes","twitter_card":"summary_large_image","twitter_misc":{"Escrito por":"Luis Augusto Huppes","Est. tempo de leitura":"4 minutos"},"schema":{"@context":"https:\/\/schema.org","@graph":[{"@type":"Article","@id":"https:\/\/folhapopular.info\/index.php\/2025\/05\/02\/dupla-gre-nal-define-jogos-no-fim-o-colorado-venceu-enquanto-o-tricolor-perdeu\/#article","isPartOf":{"@id":"https:\/\/folhapopular.info\/index.php\/2025\/05\/02\/dupla-gre-nal-define-jogos-no-fim-o-colorado-venceu-enquanto-o-tricolor-perdeu\/"},"author":{"name":"Luis Augusto Huppes","@id":"https:\/\/folhapopular.info\/#\/schema\/person\/e852c327371714676d02e58cf917fd9f"},"headline":"Dupla Gre-Nal define jogos no fim: o Colorado venceu, enquanto o Tricolor perdeu","datePublished":"2025-05-02T15:07:42+00:00","dateModified":"2025-05-02T15:08:06+00:00","mainEntityOfPage":{"@id":"https:\/\/folhapopular.info\/index.php\/2025\/05\/02\/dupla-gre-nal-define-jogos-no-fim-o-colorado-venceu-enquanto-o-tricolor-perdeu\/"},"wordCount":520,"commentCount":0,"image":{"@id":"https:\/\/folhapopular.info\/index.php\/2025\/05\/02\/dupla-gre-nal-define-jogos-no-fim-o-colorado-venceu-enquanto-o-tricolor-perdeu\/#primaryimage"},"thumbnailUrl":"https:\/\/folhapopular.info\/wp-content\/uploads\/2025\/05\/20250429interxmaracana_RDUARTE_5915_71e0b0c58a-scaled.jpg","keywords":["Copa do Brasil","Gr\u00eamio","Internacional"],"articleSection":["Esportes","Futebol Profissional"],"inLanguage":"pt-BR","potentialAction":[{"@type":"CommentAction","name":"Comment","target":["https:\/\/folhapopular.info\/index.php\/2025\/05\/02\/dupla-gre-nal-define-jogos-no-fim-o-colorado-venceu-enquanto-o-tricolor-perdeu\/#respond"]}]},{"@type":"WebPage","@id":"https:\/\/folhapopular.info\/index.php\/2025\/05\/02\/dupla-gre-nal-define-jogos-no-fim-o-colorado-venceu-enquanto-o-tricolor-perdeu\/","url":"https:\/\/folhapopular.info\/index.php\/2025\/05\/02\/dupla-gre-nal-define-jogos-no-fim-o-colorado-venceu-enquanto-o-tricolor-perdeu\/","name":"Dupla Gre-Nal define jogos no fim: o Colorado venceu, enquanto o Tricolor perdeu - Folha Popular","isPartOf":{"@id":"https:\/\/folhapopular.info\/#website"},"primaryImageOfPage":{"@id":"https:\/\/folhapopular.info\/index.php\/2025\/05\/02\/dupla-gre-nal-define-jogos-no-fim-o-colorado-venceu-enquanto-o-tricolor-perdeu\/#primaryimage"},"image":{"@id":"https:\/\/folhapopular.info\/index.php\/2025\/05\/02\/dupla-gre-nal-define-jogos-no-fim-o-colorado-venceu-enquanto-o-tricolor-perdeu\/#primaryimage"},"thumbnailUrl":"https:\/\/folhapopular.info\/wp-content\/uploads\/2025\/05\/20250429interxmaracana_RDUARTE_5915_71e0b0c58a-scaled.jpg","datePublished":"2025-05-02T15:07:42+00:00","dateModified":"2025-05-02T15:08:06+00:00","author":{"@id":"https:\/\/folhapopular.info\/#\/schema\/person\/e852c327371714676d02e58cf917fd9f"},"breadcrumb":{"@id":"https:\/\/folhapopular.info\/index.php\/2025\/05\/02\/dupla-gre-nal-define-jogos-no-fim-o-colorado-venceu-enquanto-o-tricolor-perdeu\/#breadcrumb"},"inLanguage":"pt-BR","potentialAction":[{"@type":"ReadAction","target":["https:\/\/folhapopular.info\/index.php\/2025\/05\/02\/dupla-gre-nal-define-jogos-no-fim-o-colorado-venceu-enquanto-o-tricolor-perdeu\/"]}]},{"@type":"ImageObject","inLanguage":"pt-BR","@id":"https:\/\/folhapopular.info\/index.php\/2025\/05\/02\/dupla-gre-nal-define-jogos-no-fim-o-colorado-venceu-enquanto-o-tricolor-perdeu\/#primaryimage","url":"https:\/\/folhapopular.info\/wp-content\/uploads\/2025\/05\/20250429interxmaracana_RDUARTE_5915_71e0b0c58a-scaled.jpg","contentUrl":"https:\/\/folhapopular.info\/wp-content\/uploads\/2025\/05\/20250429interxmaracana_RDUARTE_5915_71e0b0c58a-scaled.jpg","width":2560,"height":1707,"caption":"Gustavo Prado fez o gol colorado nos acr\u00e9scimos do segundo tempo - Cr\u00e9dito: Divulga\u00e7\u00e3o"},{"@type":"BreadcrumbList","@id":"https:\/\/folhapopular.info\/index.php\/2025\/05\/02\/dupla-gre-nal-define-jogos-no-fim-o-colorado-venceu-enquanto-o-tricolor-perdeu\/#breadcrumb","itemListElement":[{"@type":"ListItem","position":1,"name":"In\u00edcio","item":"https:\/\/folhapopular.info\/"},{"@type":"ListItem","position":2,"name":"Dupla Gre-Nal define jogos no fim: o Colorado venceu, enquanto o Tricolor perdeu"}]},{"@type":"WebSite","@id":"https:\/\/folhapopular.info\/#website","url":"https:\/\/folhapopular.info\/","name":"Folha Popular","description":"Onde voc\u00ea tem vez e voz","potentialAction":[{"@type":"SearchAction","target":{"@type":"EntryPoint","urlTemplate":"https:\/\/folhapopular.info\/?s={search_term_string}"},"query-input":{"@type":"PropertyValueSpecification","valueRequired":true,"valueName":"search_term_string"}}],"inLanguage":"pt-BR"},{"@type":"Person","@id":"https:\/\/folhapopular.info\/#\/schema\/person\/e852c327371714676d02e58cf917fd9f","name":"Luis Augusto Huppes","image":{"@type":"ImageObject","inLanguage":"pt-BR","@id":"https:\/\/folhapopular.info\/wp-content\/uploads\/2026\/04\/Luis-Augusto-Huppes-1-1.webp","url":"https:\/\/folhapopular.info\/wp-content\/uploads\/2026\/04\/Luis-Augusto-Huppes-1-1.webp","contentUrl":"https:\/\/folhapopular.info\/wp-content\/uploads\/2026\/04\/Luis-Augusto-Huppes-1-1.webp","caption":"Luis Augusto Huppes"},"sameAs":["https:\/\/www.facebook.com\/luis.huppes\/","https:\/\/www.instagram.com\/luis.huppes\/","https:\/\/www.linkedin.com\/in\/luis-augusto-huppes-2554b52b7\/"],"url":"https:\/\/folhapopular.info\/index.php\/author\/luis-augusto-huppes\/"}]}},"jetpack_featured_media_url":"https:\/\/folhapopular.info\/wp-content\/uploads\/2025\/05\/20250429interxmaracana_RDUARTE_5915_71e0b0c58a-scaled.jpg","jetpack_sharing_enabled":true,"amp_enabled":true,"_links":{"self":[{"href":"https:\/\/folhapopular.info\/index.php\/wp-json\/wp\/v2\/posts\/185584","targetHints":{"allow":["GET"]}}],"collection":[{"href":"https:\/\/folhapopular.info\/index.php\/wp-json\/wp\/v2\/posts"}],"about":[{"href":"https:\/\/folhapopular.info\/index.php\/wp-json\/wp\/v2\/types\/post"}],"author":[{"embeddable":true,"href":"https:\/\/folhapopular.info\/index.php\/wp-json\/wp\/v2\/users\/732"}],"replies":[{"embeddable":true,"href":"https:\/\/folhapopular.info\/index.php\/wp-json\/wp\/v2\/comments?post=185584"}],"version-history":[{"count":0,"href":"https:\/\/folhapopular.info\/index.php\/wp-json\/wp\/v2\/posts\/185584\/revisions"}],"wp:featuredmedia":[{"embeddable":true,"href":"https:\/\/folhapopular.info\/index.php\/wp-json\/wp\/v2\/media\/185585"}],"wp:attachment":[{"href":"https:\/\/folhapopular.info\/index.php\/wp-json\/wp\/v2\/media?parent=185584"}],"wp:term":[{"taxonomy":"category","embeddable":true,"href":"https:\/\/folhapopular.info\/index.php\/wp-json\/wp\/v2\/categories?post=185584"},{"taxonomy":"post_tag","embeddable":true,"href":"https:\/\/folhapopular.info\/index.php\/wp-json\/wp\/v2\/tags?post=185584"}],"curies":[{"name":"wp","href":"https:\/\/api.w.org\/{rel}","templated":true}]}}