{"id":185775,"date":"2025-05-04T18:46:09","date_gmt":"2025-05-04T21:46:09","guid":{"rendered":"https:\/\/folhapopular.info\/?p=185775"},"modified":"2025-05-04T20:35:21","modified_gmt":"2025-05-04T23:35:21","slug":"campeonato-de-imigrante-tem-semifinais-definidas","status":"publish","type":"post","link":"https:\/\/folhapopular.info\/index.php\/2025\/05\/04\/campeonato-de-imigrante-tem-semifinais-definidas\/","title":{"rendered":"Campeonato de Imigrante tem semifinais definidas"},"content":{"rendered":"\n<p>O Campeonato Municipal de Imigrante realizou a \u00faltima rodada classificat\u00f3ria na tarde deste domingo (4\/5), em Boa Vista 37, na sede do Canarinho, que folgou. O Riograndense goleou o Avante por 5 a 2 e eliminou o time de Linha Imhoff. Cruzeiro e Ecas empataram em 2 a 2, resultado que deixou dois clubes empatados com 7 pontos.<\/p>\n\n\n\n<p><strong>Avante 2&#215;5 Riograndense<\/strong><br><span style=\"text-decoration: underline;\">Avante<\/span><br>18 &#8211; 29 min do 1\u00ba tempo &#8211; Robson Wessel<br>16 &#8211; 27 min do 2\u00ba tempo &#8211; \u00c9verton Brandt<\/p>\n\n\n\n<p><span style=\"text-decoration: underline;\">Riograndense<\/span><br>07 &#8211; 07 min do 1\u00ba tempo &#8211; Samuel Senna<br>07 &#8211; 10 min do 1\u00ba tempo &#8211; Samuel Senna<br>11 &#8211; 26 min do 1\u00ba tempo &#8211; Marcos Guimar\u00e3es<br>10 &#8211; 30 do 1\u00ba tempo &#8211; Rafael Senna<br>11 &#8211; 11 do 2\u00ba tempo &#8211; Marcos Guimar\u00e3es<\/p>\n\n\n\n<p><strong>Cruzeiro 2&#215;2 Ecas<\/strong><br>O Ecas saiu na frente logo com 4min, com Allan Webers. O Cruzeiro empatou e virou rapidamente, aos 11 e aos 12min, com gols de Maur\u00edcio Ber\u00e1 e Pablo Dalpubel. Ainda na etapa inicial, aos 19min, Leonardo Ber\u00e1 igualou o escore.<br><span style=\"text-decoration: underline;\">Cruzeiro:<\/span><br>06 &#8211; aos 11 min do 1\u00ba tempo &#8211; Maur\u00edcio Ber\u00e1<br>09 &#8211; aos 12 min do 1\u00ba tempo &#8211; Pablo Dalpubel<br><span style=\"text-decoration: underline;\">ECAS:<\/span><br>04 &#8211; aos 4 min do 1\u00ba tempo &#8211; Allan Webers<br>09 &#8211; aos 19 min do 1\u00ba tempo- Leonardo Ber\u00e1<\/p>\n\n\n\n<p><strong>Classifica\u00e7\u00e3o final<\/strong><br>1\u00ba &#8211; Cruzeiro &#8211; 7 pontos<br>2\u00ba &#8211; Riograndense &#8211; 7 pontos<br>3\u00ba &#8211; Ecas &#8211; 5 pontos<br>4\u00ba &#8211; Canarinho &#8211; 4 pontos<br>5\u00ba &#8211; Avante &#8211; 1 ponto<\/p>\n\n\n\n<p><strong>Semifinais<\/strong><br>As semifinais ser\u00e3o disputadas em dois domingos, dias 18 e 25 de maio: Cruzeiro x Canarinho, Riograndense x Ecas.<br>Os jogos ser\u00e3o nos campos das duas equipes mais disciplinadas.<br>No pr\u00f3ximo domingo (11\/5) n\u00e3o haver\u00e1 jogos em fun\u00e7\u00e3o das comemora\u00e7\u00f5es do anivers\u00e1rio de 37 anos de Imigrante.<br>Os vencedores das semifinais decidir\u00e3o o t\u00edtulo da S\u00e9rie Ouro. Os perdedores das semifinais far\u00e3o final da S\u00e9rie Prata.<\/p>\n\n\n\n<div class=\"wp-block-jetpack-slideshow aligncenter\" data-effect=\"slide\"><div class=\"wp-block-jetpack-slideshow_container swiper-container\"><ul class=\"wp-block-jetpack-slideshow_swiper-wrapper swiper-wrapper\"><li class=\"wp-block-jetpack-slideshow_slide swiper-slide\"><figure><img loading=\"lazy\" decoding=\"async\" width=\"1024\" height=\"576\" alt=\"\" class=\"wp-block-jetpack-slideshow_image wp-image-185794\" data-id=\"185794\" src=\"https:\/\/folhapopular.info\/wp-content\/uploads\/2025\/05\/WhatsApp-Image-2025-05-04-at-18.10.02-1024x576.jpeg\" srcset=\"https:\/\/folhapopular.info\/wp-content\/uploads\/2025\/05\/WhatsApp-Image-2025-05-04-at-18.10.02-1024x576.jpeg 1024w, https:\/\/folhapopular.info\/wp-content\/uploads\/2025\/05\/WhatsApp-Image-2025-05-04-at-18.10.02-300x169.jpeg 300w, https:\/\/folhapopular.info\/wp-content\/uploads\/2025\/05\/WhatsApp-Image-2025-05-04-at-18.10.02-768x432.jpeg 768w, https:\/\/folhapopular.info\/wp-content\/uploads\/2025\/05\/WhatsApp-Image-2025-05-04-at-18.10.02-1536x864.jpeg 1536w, https:\/\/folhapopular.info\/wp-content\/uploads\/2025\/05\/WhatsApp-Image-2025-05-04-at-18.10.02-747x420.jpeg 747w, https:\/\/folhapopular.info\/wp-content\/uploads\/2025\/05\/WhatsApp-Image-2025-05-04-at-18.10.02-696x392.jpeg 696w, https:\/\/folhapopular.info\/wp-content\/uploads\/2025\/05\/WhatsApp-Image-2025-05-04-at-18.10.02-1068x601.jpeg 1068w, https:\/\/folhapopular.info\/wp-content\/uploads\/2025\/05\/WhatsApp-Image-2025-05-04-at-18.10.02.jpeg 1600w\" sizes=\"(max-width: 1024px) 100vw, 1024px\" \/><figcaption class=\"wp-block-jetpack-slideshow_caption gallery-caption\">Ecas conseguiu a classifica\u00e7\u00e3o para a semifinal \/\/ Cr\u00e9dito: Divulga\u00e7\u00e3o<\/figcaption><\/figure><\/li><li class=\"wp-block-jetpack-slideshow_slide swiper-slide\"><figure><img loading=\"lazy\" decoding=\"async\" width=\"1024\" height=\"576\" alt=\"\" class=\"wp-block-jetpack-slideshow_image wp-image-185792\" data-id=\"185792\" src=\"https:\/\/folhapopular.info\/wp-content\/uploads\/2025\/05\/WhatsApp-Image-2025-05-04-at-18.10.02-3-1024x576.jpeg\" srcset=\"https:\/\/folhapopular.info\/wp-content\/uploads\/2025\/05\/WhatsApp-Image-2025-05-04-at-18.10.02-3-1024x576.jpeg 1024w, https:\/\/folhapopular.info\/wp-content\/uploads\/2025\/05\/WhatsApp-Image-2025-05-04-at-18.10.02-3-300x169.jpeg 300w, https:\/\/folhapopular.info\/wp-content\/uploads\/2025\/05\/WhatsApp-Image-2025-05-04-at-18.10.02-3-768x432.jpeg 768w, https:\/\/folhapopular.info\/wp-content\/uploads\/2025\/05\/WhatsApp-Image-2025-05-04-at-18.10.02-3-1536x864.jpeg 1536w, https:\/\/folhapopular.info\/wp-content\/uploads\/2025\/05\/WhatsApp-Image-2025-05-04-at-18.10.02-3-747x420.jpeg 747w, https:\/\/folhapopular.info\/wp-content\/uploads\/2025\/05\/WhatsApp-Image-2025-05-04-at-18.10.02-3-696x392.jpeg 696w, https:\/\/folhapopular.info\/wp-content\/uploads\/2025\/05\/WhatsApp-Image-2025-05-04-at-18.10.02-3-1068x601.jpeg 1068w, https:\/\/folhapopular.info\/wp-content\/uploads\/2025\/05\/WhatsApp-Image-2025-05-04-at-18.10.02-3.jpeg 1600w\" sizes=\"(max-width: 1024px) 100vw, 1024px\" \/><figcaption class=\"wp-block-jetpack-slideshow_caption gallery-caption\">Riograndense goleou e conseguiu a sua vaga como segunda melhor campanha \/\/ Cr\u00e9dito: Divulga\u00e7\u00e3o<\/figcaption><\/figure><\/li><li class=\"wp-block-jetpack-slideshow_slide swiper-slide\"><figure><img loading=\"lazy\" decoding=\"async\" width=\"1024\" height=\"576\" alt=\"\" class=\"wp-block-jetpack-slideshow_image wp-image-185791\" data-id=\"185791\" src=\"https:\/\/folhapopular.info\/wp-content\/uploads\/2025\/05\/WhatsApp-Image-2025-05-04-at-18.10.03-1024x576.jpeg\" srcset=\"https:\/\/folhapopular.info\/wp-content\/uploads\/2025\/05\/WhatsApp-Image-2025-05-04-at-18.10.03-1024x576.jpeg 1024w, https:\/\/folhapopular.info\/wp-content\/uploads\/2025\/05\/WhatsApp-Image-2025-05-04-at-18.10.03-300x169.jpeg 300w, https:\/\/folhapopular.info\/wp-content\/uploads\/2025\/05\/WhatsApp-Image-2025-05-04-at-18.10.03-768x432.jpeg 768w, https:\/\/folhapopular.info\/wp-content\/uploads\/2025\/05\/WhatsApp-Image-2025-05-04-at-18.10.03-1536x864.jpeg 1536w, https:\/\/folhapopular.info\/wp-content\/uploads\/2025\/05\/WhatsApp-Image-2025-05-04-at-18.10.03-747x420.jpeg 747w, https:\/\/folhapopular.info\/wp-content\/uploads\/2025\/05\/WhatsApp-Image-2025-05-04-at-18.10.03-696x392.jpeg 696w, https:\/\/folhapopular.info\/wp-content\/uploads\/2025\/05\/WhatsApp-Image-2025-05-04-at-18.10.03-1068x601.jpeg 1068w, https:\/\/folhapopular.info\/wp-content\/uploads\/2025\/05\/WhatsApp-Image-2025-05-04-at-18.10.03.jpeg 1600w\" sizes=\"(max-width: 1024px) 100vw, 1024px\" \/><figcaption class=\"wp-block-jetpack-slideshow_caption gallery-caption\">Avante n\u00e3o passou adiante no campeonato \/\/ Cr\u00e9dito: Divulga\u00e7\u00e3o<\/figcaption><\/figure><\/li><\/ul><a class=\"wp-block-jetpack-slideshow_button-prev swiper-button-prev swiper-button-white\" role=\"button\"><\/a><a class=\"wp-block-jetpack-slideshow_button-next swiper-button-next swiper-button-white\" role=\"button\"><\/a><a aria-label=\"Pause Slideshow\" class=\"wp-block-jetpack-slideshow_button-pause\" role=\"button\"><\/a><div class=\"wp-block-jetpack-slideshow_pagination swiper-pagination swiper-pagination-white\"><\/div><\/div><\/div>\n","protected":false},"excerpt":{"rendered":"<p>O Campeonato Municipal de Imigrante realizou a \u00faltima rodada classificat\u00f3ria na tarde deste domingo (4\/5), em Boa Vista 37, na sede do Canarinho, que folgou. O Riograndense goleou o Avante por 5 a 2 e eliminou o time de Linha Imhoff. Cruzeiro e Ecas empataram em 2 a 2, resultado que deixou dois clubes empatados [&hellip;]<\/p>\n","protected":false},"author":7,"featured_media":185793,"comment_status":"open","ping_status":"open","sticky":false,"template":"","format":"standard","meta":{"pmpro_default_level":"","_jetpack_memberships_contains_paid_content":false,"footnotes":""},"categories":[5,240],"tags":[147,34],"class_list":{"0":"post-185775","1":"post","2":"type-post","3":"status-publish","4":"format-standard","5":"has-post-thumbnail","7":"category-esportes","8":"category-futebol-amador","9":"tag-futebol-amador","10":"tag-imigrante","11":"pmpro-has-access"},"yoast_head":"<!-- This site is optimized with the Yoast SEO plugin v27.5 - https:\/\/yoast.com\/product\/yoast-seo-wordpress\/ -->\n<title>Campeonato de Imigrante tem semifinais definidas - Folha Popular<\/title>\n<meta name=\"robots\" content=\"index, follow, max-snippet:-1, max-image-preview:large, max-video-preview:-1\" \/>\n<link rel=\"canonical\" href=\"https:\/\/folhapopular.info\/index.php\/2025\/05\/04\/campeonato-de-imigrante-tem-semifinais-definidas\/\" \/>\n<meta property=\"og:locale\" content=\"pt_BR\" \/>\n<meta property=\"og:type\" content=\"article\" \/>\n<meta property=\"og:title\" content=\"Campeonato de Imigrante tem semifinais definidas - Folha Popular\" \/>\n<meta property=\"og:description\" content=\"O Campeonato Municipal de Imigrante realizou a \u00faltima rodada classificat\u00f3ria na tarde deste domingo (4\/5), em Boa Vista 37, na sede do Canarinho, que folgou. O Riograndense goleou o Avante por 5 a 2 e eliminou o time de Linha Imhoff. Cruzeiro e Ecas empataram em 2 a 2, resultado que deixou dois clubes empatados [&hellip;]\" \/>\n<meta property=\"og:url\" content=\"https:\/\/folhapopular.info\/index.php\/2025\/05\/04\/campeonato-de-imigrante-tem-semifinais-definidas\/\" \/>\n<meta property=\"og:site_name\" content=\"Folha Popular\" \/>\n<meta property=\"article:published_time\" content=\"2025-05-04T21:46:09+00:00\" \/>\n<meta property=\"article:modified_time\" content=\"2025-05-04T23:35:21+00:00\" \/>\n<meta property=\"og:image\" content=\"http:\/\/folhapopular.info\/wp-content\/uploads\/2025\/05\/WhatsApp-Image-2025-05-04-at-18.10.02-2.jpeg\" \/>\n\t<meta property=\"og:image:width\" content=\"1600\" \/>\n\t<meta property=\"og:image:height\" content=\"900\" \/>\n\t<meta property=\"og:image:type\" content=\"image\/jpeg\" \/>\n<meta name=\"author\" content=\"Lucas Leandro Brune\" \/>\n<meta name=\"twitter:card\" content=\"summary_large_image\" \/>\n<meta name=\"twitter:label1\" content=\"Escrito por\" \/>\n\t<meta name=\"twitter:data1\" content=\"Lucas Leandro Brune\" \/>\n\t<meta name=\"twitter:label2\" content=\"Est. tempo de leitura\" \/>\n\t<meta name=\"twitter:data2\" content=\"3 minutos\" \/>\n<script type=\"application\/ld+json\" class=\"yoast-schema-graph\">{\"@context\":\"https:\\\/\\\/schema.org\",\"@graph\":[{\"@type\":\"Article\",\"@id\":\"https:\\\/\\\/folhapopular.info\\\/index.php\\\/2025\\\/05\\\/04\\\/campeonato-de-imigrante-tem-semifinais-definidas\\\/#article\",\"isPartOf\":{\"@id\":\"https:\\\/\\\/folhapopular.info\\\/index.php\\\/2025\\\/05\\\/04\\\/campeonato-de-imigrante-tem-semifinais-definidas\\\/\"},\"author\":{\"name\":\"Lucas Leandro Brune\",\"@id\":\"https:\\\/\\\/folhapopular.info\\\/#\\\/schema\\\/person\\\/533a15f60cd49e81ab3a90b4ca33cb36\"},\"headline\":\"Campeonato de Imigrante tem semifinais definidas\",\"datePublished\":\"2025-05-04T21:46:09+00:00\",\"dateModified\":\"2025-05-04T23:35:21+00:00\",\"mainEntityOfPage\":{\"@id\":\"https:\\\/\\\/folhapopular.info\\\/index.php\\\/2025\\\/05\\\/04\\\/campeonato-de-imigrante-tem-semifinais-definidas\\\/\"},\"wordCount\":326,\"commentCount\":0,\"image\":{\"@id\":\"https:\\\/\\\/folhapopular.info\\\/index.php\\\/2025\\\/05\\\/04\\\/campeonato-de-imigrante-tem-semifinais-definidas\\\/#primaryimage\"},\"thumbnailUrl\":\"https:\\\/\\\/folhapopular.info\\\/wp-content\\\/uploads\\\/2025\\\/05\\\/WhatsApp-Image-2025-05-04-at-18.10.02-2.jpeg\",\"keywords\":[\"futebol amador\",\"Imigrante\"],\"articleSection\":[\"Esportes\",\"Futebol Amador\"],\"inLanguage\":\"pt-BR\",\"potentialAction\":[{\"@type\":\"CommentAction\",\"name\":\"Comment\",\"target\":[\"https:\\\/\\\/folhapopular.info\\\/index.php\\\/2025\\\/05\\\/04\\\/campeonato-de-imigrante-tem-semifinais-definidas\\\/#respond\"]}]},{\"@type\":\"WebPage\",\"@id\":\"https:\\\/\\\/folhapopular.info\\\/index.php\\\/2025\\\/05\\\/04\\\/campeonato-de-imigrante-tem-semifinais-definidas\\\/\",\"url\":\"https:\\\/\\\/folhapopular.info\\\/index.php\\\/2025\\\/05\\\/04\\\/campeonato-de-imigrante-tem-semifinais-definidas\\\/\",\"name\":\"Campeonato de Imigrante tem semifinais definidas - Folha Popular\",\"isPartOf\":{\"@id\":\"https:\\\/\\\/folhapopular.info\\\/#website\"},\"primaryImageOfPage\":{\"@id\":\"https:\\\/\\\/folhapopular.info\\\/index.php\\\/2025\\\/05\\\/04\\\/campeonato-de-imigrante-tem-semifinais-definidas\\\/#primaryimage\"},\"image\":{\"@id\":\"https:\\\/\\\/folhapopular.info\\\/index.php\\\/2025\\\/05\\\/04\\\/campeonato-de-imigrante-tem-semifinais-definidas\\\/#primaryimage\"},\"thumbnailUrl\":\"https:\\\/\\\/folhapopular.info\\\/wp-content\\\/uploads\\\/2025\\\/05\\\/WhatsApp-Image-2025-05-04-at-18.10.02-2.jpeg\",\"datePublished\":\"2025-05-04T21:46:09+00:00\",\"dateModified\":\"2025-05-04T23:35:21+00:00\",\"author\":{\"@id\":\"https:\\\/\\\/folhapopular.info\\\/#\\\/schema\\\/person\\\/533a15f60cd49e81ab3a90b4ca33cb36\"},\"breadcrumb\":{\"@id\":\"https:\\\/\\\/folhapopular.info\\\/index.php\\\/2025\\\/05\\\/04\\\/campeonato-de-imigrante-tem-semifinais-definidas\\\/#breadcrumb\"},\"inLanguage\":\"pt-BR\",\"potentialAction\":[{\"@type\":\"ReadAction\",\"target\":[\"https:\\\/\\\/folhapopular.info\\\/index.php\\\/2025\\\/05\\\/04\\\/campeonato-de-imigrante-tem-semifinais-definidas\\\/\"]}]},{\"@type\":\"ImageObject\",\"inLanguage\":\"pt-BR\",\"@id\":\"https:\\\/\\\/folhapopular.info\\\/index.php\\\/2025\\\/05\\\/04\\\/campeonato-de-imigrante-tem-semifinais-definidas\\\/#primaryimage\",\"url\":\"https:\\\/\\\/folhapopular.info\\\/wp-content\\\/uploads\\\/2025\\\/05\\\/WhatsApp-Image-2025-05-04-at-18.10.02-2.jpeg\",\"contentUrl\":\"https:\\\/\\\/folhapopular.info\\\/wp-content\\\/uploads\\\/2025\\\/05\\\/WhatsApp-Image-2025-05-04-at-18.10.02-2.jpeg\",\"width\":1600,\"height\":900,\"caption\":\"Cruzeiro est\u00e1 na semifinal com a melhor campanha \\\/\\\/ Cr\u00e9dito: Divulga\u00e7\u00e3o\"},{\"@type\":\"BreadcrumbList\",\"@id\":\"https:\\\/\\\/folhapopular.info\\\/index.php\\\/2025\\\/05\\\/04\\\/campeonato-de-imigrante-tem-semifinais-definidas\\\/#breadcrumb\",\"itemListElement\":[{\"@type\":\"ListItem\",\"position\":1,\"name\":\"In\u00edcio\",\"item\":\"https:\\\/\\\/folhapopular.info\\\/\"},{\"@type\":\"ListItem\",\"position\":2,\"name\":\"Campeonato de Imigrante tem semifinais definidas\"}]},{\"@type\":\"WebSite\",\"@id\":\"https:\\\/\\\/folhapopular.info\\\/#website\",\"url\":\"https:\\\/\\\/folhapopular.info\\\/\",\"name\":\"Folha Popular\",\"description\":\"Onde voc\u00ea tem vez e voz\",\"potentialAction\":[{\"@type\":\"SearchAction\",\"target\":{\"@type\":\"EntryPoint\",\"urlTemplate\":\"https:\\\/\\\/folhapopular.info\\\/?s={search_term_string}\"},\"query-input\":{\"@type\":\"PropertyValueSpecification\",\"valueRequired\":true,\"valueName\":\"search_term_string\"}}],\"inLanguage\":\"pt-BR\"},{\"@type\":\"Person\",\"@id\":\"https:\\\/\\\/folhapopular.info\\\/#\\\/schema\\\/person\\\/533a15f60cd49e81ab3a90b4ca33cb36\",\"name\":\"Lucas Leandro Brune\",\"image\":{\"@type\":\"ImageObject\",\"inLanguage\":\"pt-BR\",\"@id\":\"https:\\\/\\\/folhapopular.info\\\/wp-content\\\/uploads\\\/2026\\\/04\\\/LUCAS-1-1.webp\",\"url\":\"https:\\\/\\\/folhapopular.info\\\/wp-content\\\/uploads\\\/2026\\\/04\\\/LUCAS-1-1.webp\",\"contentUrl\":\"https:\\\/\\\/folhapopular.info\\\/wp-content\\\/uploads\\\/2026\\\/04\\\/LUCAS-1-1.webp\",\"caption\":\"Lucas Leandro Brune\"},\"description\":\"Jornalista Profissional Diplomado MTB\\\/RS 14.333\",\"url\":\"https:\\\/\\\/folhapopular.info\\\/index.php\\\/author\\\/lucas-brune\\\/\"}]}<\/script>\n<!-- \/ Yoast SEO plugin. -->","yoast_head_json":{"title":"Campeonato de Imigrante tem semifinais definidas - Folha Popular","robots":{"index":"index","follow":"follow","max-snippet":"max-snippet:-1","max-image-preview":"max-image-preview:large","max-video-preview":"max-video-preview:-1"},"canonical":"https:\/\/folhapopular.info\/index.php\/2025\/05\/04\/campeonato-de-imigrante-tem-semifinais-definidas\/","og_locale":"pt_BR","og_type":"article","og_title":"Campeonato de Imigrante tem semifinais definidas - Folha Popular","og_description":"O Campeonato Municipal de Imigrante realizou a \u00faltima rodada classificat\u00f3ria na tarde deste domingo (4\/5), em Boa Vista 37, na sede do Canarinho, que folgou. O Riograndense goleou o Avante por 5 a 2 e eliminou o time de Linha Imhoff. Cruzeiro e Ecas empataram em 2 a 2, resultado que deixou dois clubes empatados [&hellip;]","og_url":"https:\/\/folhapopular.info\/index.php\/2025\/05\/04\/campeonato-de-imigrante-tem-semifinais-definidas\/","og_site_name":"Folha Popular","article_published_time":"2025-05-04T21:46:09+00:00","article_modified_time":"2025-05-04T23:35:21+00:00","og_image":[{"width":1600,"height":900,"url":"http:\/\/folhapopular.info\/wp-content\/uploads\/2025\/05\/WhatsApp-Image-2025-05-04-at-18.10.02-2.jpeg","type":"image\/jpeg"}],"author":"Lucas Leandro Brune","twitter_card":"summary_large_image","twitter_misc":{"Escrito por":"Lucas Leandro Brune","Est. tempo de leitura":"3 minutos"},"schema":{"@context":"https:\/\/schema.org","@graph":[{"@type":"Article","@id":"https:\/\/folhapopular.info\/index.php\/2025\/05\/04\/campeonato-de-imigrante-tem-semifinais-definidas\/#article","isPartOf":{"@id":"https:\/\/folhapopular.info\/index.php\/2025\/05\/04\/campeonato-de-imigrante-tem-semifinais-definidas\/"},"author":{"name":"Lucas Leandro Brune","@id":"https:\/\/folhapopular.info\/#\/schema\/person\/533a15f60cd49e81ab3a90b4ca33cb36"},"headline":"Campeonato de Imigrante tem semifinais definidas","datePublished":"2025-05-04T21:46:09+00:00","dateModified":"2025-05-04T23:35:21+00:00","mainEntityOfPage":{"@id":"https:\/\/folhapopular.info\/index.php\/2025\/05\/04\/campeonato-de-imigrante-tem-semifinais-definidas\/"},"wordCount":326,"commentCount":0,"image":{"@id":"https:\/\/folhapopular.info\/index.php\/2025\/05\/04\/campeonato-de-imigrante-tem-semifinais-definidas\/#primaryimage"},"thumbnailUrl":"https:\/\/folhapopular.info\/wp-content\/uploads\/2025\/05\/WhatsApp-Image-2025-05-04-at-18.10.02-2.jpeg","keywords":["futebol amador","Imigrante"],"articleSection":["Esportes","Futebol Amador"],"inLanguage":"pt-BR","potentialAction":[{"@type":"CommentAction","name":"Comment","target":["https:\/\/folhapopular.info\/index.php\/2025\/05\/04\/campeonato-de-imigrante-tem-semifinais-definidas\/#respond"]}]},{"@type":"WebPage","@id":"https:\/\/folhapopular.info\/index.php\/2025\/05\/04\/campeonato-de-imigrante-tem-semifinais-definidas\/","url":"https:\/\/folhapopular.info\/index.php\/2025\/05\/04\/campeonato-de-imigrante-tem-semifinais-definidas\/","name":"Campeonato de Imigrante tem semifinais definidas - Folha Popular","isPartOf":{"@id":"https:\/\/folhapopular.info\/#website"},"primaryImageOfPage":{"@id":"https:\/\/folhapopular.info\/index.php\/2025\/05\/04\/campeonato-de-imigrante-tem-semifinais-definidas\/#primaryimage"},"image":{"@id":"https:\/\/folhapopular.info\/index.php\/2025\/05\/04\/campeonato-de-imigrante-tem-semifinais-definidas\/#primaryimage"},"thumbnailUrl":"https:\/\/folhapopular.info\/wp-content\/uploads\/2025\/05\/WhatsApp-Image-2025-05-04-at-18.10.02-2.jpeg","datePublished":"2025-05-04T21:46:09+00:00","dateModified":"2025-05-04T23:35:21+00:00","author":{"@id":"https:\/\/folhapopular.info\/#\/schema\/person\/533a15f60cd49e81ab3a90b4ca33cb36"},"breadcrumb":{"@id":"https:\/\/folhapopular.info\/index.php\/2025\/05\/04\/campeonato-de-imigrante-tem-semifinais-definidas\/#breadcrumb"},"inLanguage":"pt-BR","potentialAction":[{"@type":"ReadAction","target":["https:\/\/folhapopular.info\/index.php\/2025\/05\/04\/campeonato-de-imigrante-tem-semifinais-definidas\/"]}]},{"@type":"ImageObject","inLanguage":"pt-BR","@id":"https:\/\/folhapopular.info\/index.php\/2025\/05\/04\/campeonato-de-imigrante-tem-semifinais-definidas\/#primaryimage","url":"https:\/\/folhapopular.info\/wp-content\/uploads\/2025\/05\/WhatsApp-Image-2025-05-04-at-18.10.02-2.jpeg","contentUrl":"https:\/\/folhapopular.info\/wp-content\/uploads\/2025\/05\/WhatsApp-Image-2025-05-04-at-18.10.02-2.jpeg","width":1600,"height":900,"caption":"Cruzeiro est\u00e1 na semifinal com a melhor campanha \/\/ Cr\u00e9dito: Divulga\u00e7\u00e3o"},{"@type":"BreadcrumbList","@id":"https:\/\/folhapopular.info\/index.php\/2025\/05\/04\/campeonato-de-imigrante-tem-semifinais-definidas\/#breadcrumb","itemListElement":[{"@type":"ListItem","position":1,"name":"In\u00edcio","item":"https:\/\/folhapopular.info\/"},{"@type":"ListItem","position":2,"name":"Campeonato de Imigrante tem semifinais definidas"}]},{"@type":"WebSite","@id":"https:\/\/folhapopular.info\/#website","url":"https:\/\/folhapopular.info\/","name":"Folha Popular","description":"Onde voc\u00ea tem vez e voz","potentialAction":[{"@type":"SearchAction","target":{"@type":"EntryPoint","urlTemplate":"https:\/\/folhapopular.info\/?s={search_term_string}"},"query-input":{"@type":"PropertyValueSpecification","valueRequired":true,"valueName":"search_term_string"}}],"inLanguage":"pt-BR"},{"@type":"Person","@id":"https:\/\/folhapopular.info\/#\/schema\/person\/533a15f60cd49e81ab3a90b4ca33cb36","name":"Lucas Leandro Brune","image":{"@type":"ImageObject","inLanguage":"pt-BR","@id":"https:\/\/folhapopular.info\/wp-content\/uploads\/2026\/04\/LUCAS-1-1.webp","url":"https:\/\/folhapopular.info\/wp-content\/uploads\/2026\/04\/LUCAS-1-1.webp","contentUrl":"https:\/\/folhapopular.info\/wp-content\/uploads\/2026\/04\/LUCAS-1-1.webp","caption":"Lucas Leandro Brune"},"description":"Jornalista Profissional Diplomado MTB\/RS 14.333","url":"https:\/\/folhapopular.info\/index.php\/author\/lucas-brune\/"}]}},"jetpack_featured_media_url":"https:\/\/folhapopular.info\/wp-content\/uploads\/2025\/05\/WhatsApp-Image-2025-05-04-at-18.10.02-2.jpeg","jetpack_sharing_enabled":true,"amp_enabled":true,"_links":{"self":[{"href":"https:\/\/folhapopular.info\/index.php\/wp-json\/wp\/v2\/posts\/185775","targetHints":{"allow":["GET"]}}],"collection":[{"href":"https:\/\/folhapopular.info\/index.php\/wp-json\/wp\/v2\/posts"}],"about":[{"href":"https:\/\/folhapopular.info\/index.php\/wp-json\/wp\/v2\/types\/post"}],"author":[{"embeddable":true,"href":"https:\/\/folhapopular.info\/index.php\/wp-json\/wp\/v2\/users\/7"}],"replies":[{"embeddable":true,"href":"https:\/\/folhapopular.info\/index.php\/wp-json\/wp\/v2\/comments?post=185775"}],"version-history":[{"count":0,"href":"https:\/\/folhapopular.info\/index.php\/wp-json\/wp\/v2\/posts\/185775\/revisions"}],"wp:featuredmedia":[{"embeddable":true,"href":"https:\/\/folhapopular.info\/index.php\/wp-json\/wp\/v2\/media\/185793"}],"wp:attachment":[{"href":"https:\/\/folhapopular.info\/index.php\/wp-json\/wp\/v2\/media?parent=185775"}],"wp:term":[{"taxonomy":"category","embeddable":true,"href":"https:\/\/folhapopular.info\/index.php\/wp-json\/wp\/v2\/categories?post=185775"},{"taxonomy":"post_tag","embeddable":true,"href":"https:\/\/folhapopular.info\/index.php\/wp-json\/wp\/v2\/tags?post=185775"}],"curies":[{"name":"wp","href":"https:\/\/api.w.org\/{rel}","templated":true}]}}