{"id":186273,"date":"2025-05-12T11:01:17","date_gmt":"2025-05-12T14:01:17","guid":{"rendered":"https:\/\/folhapopular.info\/?p=186273"},"modified":"2025-05-12T23:19:58","modified_gmt":"2025-05-13T02:19:58","slug":"3a-rustica-do-meio-ambiente-sera-em-1o-de-junho-em-lajeado","status":"publish","type":"post","link":"https:\/\/folhapopular.info\/index.php\/2025\/05\/12\/3a-rustica-do-meio-ambiente-sera-em-1o-de-junho-em-lajeado\/","title":{"rendered":"3\u00aa R\u00fastica do Meio Ambiente ser\u00e1 em 1\u00ba de junho em Lajeado"},"content":{"rendered":"\n<p>Lajeado recebe a 3\u00aa R\u00fastica do Meio Ambiente, promovida pela Administra\u00e7\u00e3o Municipal de Lajeado atrav\u00e9s da Secretaria do Meio Ambiente e\u00a0Sesc Lajeado. A ser\u00e1 realizada no dia 1\u00ba de junho, com largada \u00e0s 8h, no Parque do Engenho (Rua Lothar Felipe Christ, 125). A expectativa \u00e9 reunir at\u00e9 300 atletas para as categorias Adulto, Caminhada e Infantil.<\/p>\n\n\n\n<p>As inscri\u00e7\u00f5es seguem abertas at\u00e9 o dia 28 de maio, ou enquanto houver vagas dispon\u00edveis, pelo <em>site:<\/em>&nbsp;<a href=\"http:\/\/www.sesc-rs.com.br\/esporte\/corridas\" target=\"_blank\" rel=\"noreferrer noopener\">www.sesc-rs.com.br\/esporte\/corridas<\/a>. Os valores s\u00e3o de R$ 50 para a corrida adulta e gratuitos para a categoria infantil. Todos os adultos inscritos receber\u00e3o camiseta do evento e a entrega dos kits ser\u00e1 feita no pr\u00f3prio dia da prova, das 6h30 \u00e0s 7h45, no local da largada.<\/p>\n\n\n\n<p>Os cinco primeiros colocados gerais nos percursos adultos receber\u00e3o trof\u00e9us, al\u00e9m de premia\u00e7\u00e3o por faixa et\u00e1ria para os tr\u00eas melhores nas categorias adultas. A maior equipe participante tamb\u00e9m ser\u00e1 reconhecida com um trof\u00e9u e todos os atletas que completarem as provas receber\u00e3o medalhas de participa\u00e7\u00e3o.<\/p>\n\n\n\n<p>Mais informa\u00e7\u00f5es est\u00e3o dispon\u00edveis pelo telefone ou WhatsApp (51) 98924-4318<\/p>\n","protected":false},"excerpt":{"rendered":"<p>Lajeado recebe a 3\u00aa R\u00fastica do Meio Ambiente, promovida pela Administra\u00e7\u00e3o Municipal de Lajeado atrav\u00e9s da Secretaria do Meio Ambiente e\u00a0Sesc Lajeado. A ser\u00e1 realizada no dia 1\u00ba de junho, com largada \u00e0s 8h, no Parque do Engenho (Rua Lothar Felipe Christ, 125). A expectativa \u00e9 reunir at\u00e9 300 atletas para as categorias Adulto, Caminhada [&hellip;]<\/p>\n","protected":false},"author":8,"featured_media":186274,"comment_status":"open","ping_status":"open","sticky":false,"template":"","format":"standard","meta":{"pmpro_default_level":"","_jetpack_memberships_contains_paid_content":false,"footnotes":""},"categories":[16747,5],"tags":[18601,2859,27,3701],"class_list":{"0":"post-186273","1":"post","2":"type-post","3":"status-publish","4":"format-standard","5":"has-post-thumbnail","7":"category-atletismo","8":"category-esportes","9":"tag-3a-rustica-do-meio-ambiente","10":"tag-inscricoes-abertas","11":"tag-lajeado","12":"tag-parque-do-engenho","13":"pmpro-has-access"},"yoast_head":"<!-- This site is optimized with the Yoast SEO plugin v27.5 - https:\/\/yoast.com\/product\/yoast-seo-wordpress\/ -->\n<title>3\u00aa R\u00fastica do Meio Ambiente ser\u00e1 em 1\u00ba de junho em Lajeado - Folha Popular<\/title>\n<meta name=\"robots\" content=\"index, follow, max-snippet:-1, max-image-preview:large, max-video-preview:-1\" \/>\n<link rel=\"canonical\" href=\"https:\/\/folhapopular.info\/index.php\/2025\/05\/12\/3a-rustica-do-meio-ambiente-sera-em-1o-de-junho-em-lajeado\/\" \/>\n<meta property=\"og:locale\" content=\"pt_BR\" \/>\n<meta property=\"og:type\" content=\"article\" \/>\n<meta property=\"og:title\" content=\"3\u00aa R\u00fastica do Meio Ambiente ser\u00e1 em 1\u00ba de junho em Lajeado - Folha Popular\" \/>\n<meta property=\"og:description\" content=\"Lajeado recebe a 3\u00aa R\u00fastica do Meio Ambiente, promovida pela Administra\u00e7\u00e3o Municipal de Lajeado atrav\u00e9s da Secretaria do Meio Ambiente e\u00a0Sesc Lajeado. A ser\u00e1 realizada no dia 1\u00ba de junho, com largada \u00e0s 8h, no Parque do Engenho (Rua Lothar Felipe Christ, 125). A expectativa \u00e9 reunir at\u00e9 300 atletas para as categorias Adulto, Caminhada [&hellip;]\" \/>\n<meta property=\"og:url\" content=\"https:\/\/folhapopular.info\/index.php\/2025\/05\/12\/3a-rustica-do-meio-ambiente-sera-em-1o-de-junho-em-lajeado\/\" \/>\n<meta property=\"og:site_name\" content=\"Folha Popular\" \/>\n<meta property=\"article:published_time\" content=\"2025-05-12T14:01:17+00:00\" \/>\n<meta property=\"article:modified_time\" content=\"2025-05-13T02:19:58+00:00\" \/>\n<meta property=\"og:image\" content=\"http:\/\/folhapopular.info\/wp-content\/uploads\/2025\/05\/Circuito-Sesc-de-Corridas-2019-Lajeado_FOTO-3Loucada-172.jpg\" \/>\n\t<meta property=\"og:image:width\" content=\"1280\" \/>\n\t<meta property=\"og:image:height\" content=\"853\" \/>\n\t<meta property=\"og:image:type\" content=\"image\/jpeg\" \/>\n<meta name=\"author\" content=\"Reda\u00e7\u00e3o Folha Popular\" \/>\n<meta name=\"twitter:card\" content=\"summary_large_image\" \/>\n<meta name=\"twitter:label1\" content=\"Escrito por\" \/>\n\t<meta name=\"twitter:data1\" content=\"Reda\u00e7\u00e3o Folha Popular\" \/>\n\t<meta name=\"twitter:label2\" content=\"Est. tempo de leitura\" \/>\n\t<meta name=\"twitter:data2\" content=\"2 minutos\" \/>\n<script type=\"application\/ld+json\" class=\"yoast-schema-graph\">{\"@context\":\"https:\\\/\\\/schema.org\",\"@graph\":[{\"@type\":\"Article\",\"@id\":\"https:\\\/\\\/folhapopular.info\\\/index.php\\\/2025\\\/05\\\/12\\\/3a-rustica-do-meio-ambiente-sera-em-1o-de-junho-em-lajeado\\\/#article\",\"isPartOf\":{\"@id\":\"https:\\\/\\\/folhapopular.info\\\/index.php\\\/2025\\\/05\\\/12\\\/3a-rustica-do-meio-ambiente-sera-em-1o-de-junho-em-lajeado\\\/\"},\"author\":{\"name\":\"Reda\u00e7\u00e3o Folha Popular\",\"@id\":\"https:\\\/\\\/folhapopular.info\\\/#\\\/schema\\\/person\\\/2814e8a0df7643585a9ca38bc6eb9d4b\"},\"headline\":\"3\u00aa R\u00fastica do Meio Ambiente ser\u00e1 em 1\u00ba de junho em Lajeado\",\"datePublished\":\"2025-05-12T14:01:17+00:00\",\"dateModified\":\"2025-05-13T02:19:58+00:00\",\"mainEntityOfPage\":{\"@id\":\"https:\\\/\\\/folhapopular.info\\\/index.php\\\/2025\\\/05\\\/12\\\/3a-rustica-do-meio-ambiente-sera-em-1o-de-junho-em-lajeado\\\/\"},\"wordCount\":205,\"commentCount\":0,\"image\":{\"@id\":\"https:\\\/\\\/folhapopular.info\\\/index.php\\\/2025\\\/05\\\/12\\\/3a-rustica-do-meio-ambiente-sera-em-1o-de-junho-em-lajeado\\\/#primaryimage\"},\"thumbnailUrl\":\"https:\\\/\\\/folhapopular.info\\\/wp-content\\\/uploads\\\/2025\\\/05\\\/Circuito-Sesc-de-Corridas-2019-Lajeado_FOTO-3Loucada-172.jpg\",\"keywords\":[\"3\u00aa R\u00fastica do Meio Ambiente\",\"Inscri\u00e7\u00f5es Abertas\",\"Lajeado\",\"Parque do Engenho\"],\"articleSection\":[\"Atletismo\",\"Esportes\"],\"inLanguage\":\"pt-BR\",\"potentialAction\":[{\"@type\":\"CommentAction\",\"name\":\"Comment\",\"target\":[\"https:\\\/\\\/folhapopular.info\\\/index.php\\\/2025\\\/05\\\/12\\\/3a-rustica-do-meio-ambiente-sera-em-1o-de-junho-em-lajeado\\\/#respond\"]}]},{\"@type\":\"WebPage\",\"@id\":\"https:\\\/\\\/folhapopular.info\\\/index.php\\\/2025\\\/05\\\/12\\\/3a-rustica-do-meio-ambiente-sera-em-1o-de-junho-em-lajeado\\\/\",\"url\":\"https:\\\/\\\/folhapopular.info\\\/index.php\\\/2025\\\/05\\\/12\\\/3a-rustica-do-meio-ambiente-sera-em-1o-de-junho-em-lajeado\\\/\",\"name\":\"3\u00aa R\u00fastica do Meio Ambiente ser\u00e1 em 1\u00ba de junho em Lajeado - Folha Popular\",\"isPartOf\":{\"@id\":\"https:\\\/\\\/folhapopular.info\\\/#website\"},\"primaryImageOfPage\":{\"@id\":\"https:\\\/\\\/folhapopular.info\\\/index.php\\\/2025\\\/05\\\/12\\\/3a-rustica-do-meio-ambiente-sera-em-1o-de-junho-em-lajeado\\\/#primaryimage\"},\"image\":{\"@id\":\"https:\\\/\\\/folhapopular.info\\\/index.php\\\/2025\\\/05\\\/12\\\/3a-rustica-do-meio-ambiente-sera-em-1o-de-junho-em-lajeado\\\/#primaryimage\"},\"thumbnailUrl\":\"https:\\\/\\\/folhapopular.info\\\/wp-content\\\/uploads\\\/2025\\\/05\\\/Circuito-Sesc-de-Corridas-2019-Lajeado_FOTO-3Loucada-172.jpg\",\"datePublished\":\"2025-05-12T14:01:17+00:00\",\"dateModified\":\"2025-05-13T02:19:58+00:00\",\"author\":{\"@id\":\"https:\\\/\\\/folhapopular.info\\\/#\\\/schema\\\/person\\\/2814e8a0df7643585a9ca38bc6eb9d4b\"},\"breadcrumb\":{\"@id\":\"https:\\\/\\\/folhapopular.info\\\/index.php\\\/2025\\\/05\\\/12\\\/3a-rustica-do-meio-ambiente-sera-em-1o-de-junho-em-lajeado\\\/#breadcrumb\"},\"inLanguage\":\"pt-BR\",\"potentialAction\":[{\"@type\":\"ReadAction\",\"target\":[\"https:\\\/\\\/folhapopular.info\\\/index.php\\\/2025\\\/05\\\/12\\\/3a-rustica-do-meio-ambiente-sera-em-1o-de-junho-em-lajeado\\\/\"]}]},{\"@type\":\"ImageObject\",\"inLanguage\":\"pt-BR\",\"@id\":\"https:\\\/\\\/folhapopular.info\\\/index.php\\\/2025\\\/05\\\/12\\\/3a-rustica-do-meio-ambiente-sera-em-1o-de-junho-em-lajeado\\\/#primaryimage\",\"url\":\"https:\\\/\\\/folhapopular.info\\\/wp-content\\\/uploads\\\/2025\\\/05\\\/Circuito-Sesc-de-Corridas-2019-Lajeado_FOTO-3Loucada-172.jpg\",\"contentUrl\":\"https:\\\/\\\/folhapopular.info\\\/wp-content\\\/uploads\\\/2025\\\/05\\\/Circuito-Sesc-de-Corridas-2019-Lajeado_FOTO-3Loucada-172.jpg\",\"width\":1280,\"height\":853,\"caption\":\"Inscri\u00e7\u00f5es est\u00e3o abertas at\u00e9 o dia 28 de maio, ou enquanto houver vagas - Cr\u00e9dito: Divulga\u00e7\u00e3o\"},{\"@type\":\"BreadcrumbList\",\"@id\":\"https:\\\/\\\/folhapopular.info\\\/index.php\\\/2025\\\/05\\\/12\\\/3a-rustica-do-meio-ambiente-sera-em-1o-de-junho-em-lajeado\\\/#breadcrumb\",\"itemListElement\":[{\"@type\":\"ListItem\",\"position\":1,\"name\":\"In\u00edcio\",\"item\":\"https:\\\/\\\/folhapopular.info\\\/\"},{\"@type\":\"ListItem\",\"position\":2,\"name\":\"3\u00aa R\u00fastica do Meio Ambiente ser\u00e1 em 1\u00ba de junho em Lajeado\"}]},{\"@type\":\"WebSite\",\"@id\":\"https:\\\/\\\/folhapopular.info\\\/#website\",\"url\":\"https:\\\/\\\/folhapopular.info\\\/\",\"name\":\"Folha Popular\",\"description\":\"Onde voc\u00ea tem vez e voz\",\"potentialAction\":[{\"@type\":\"SearchAction\",\"target\":{\"@type\":\"EntryPoint\",\"urlTemplate\":\"https:\\\/\\\/folhapopular.info\\\/?s={search_term_string}\"},\"query-input\":{\"@type\":\"PropertyValueSpecification\",\"valueRequired\":true,\"valueName\":\"search_term_string\"}}],\"inLanguage\":\"pt-BR\"},{\"@type\":\"Person\",\"@id\":\"https:\\\/\\\/folhapopular.info\\\/#\\\/schema\\\/person\\\/2814e8a0df7643585a9ca38bc6eb9d4b\",\"name\":\"Reda\u00e7\u00e3o Folha Popular\",\"image\":{\"@type\":\"ImageObject\",\"inLanguage\":\"pt-BR\",\"@id\":\"https:\\\/\\\/folhapopular.info\\\/wp-content\\\/uploads\\\/2026\\\/04\\\/Folha-1.webp\",\"url\":\"https:\\\/\\\/folhapopular.info\\\/wp-content\\\/uploads\\\/2026\\\/04\\\/Folha-1.webp\",\"contentUrl\":\"https:\\\/\\\/folhapopular.info\\\/wp-content\\\/uploads\\\/2026\\\/04\\\/Folha-1.webp\",\"caption\":\"Reda\u00e7\u00e3o Folha Popular\"},\"url\":\"https:\\\/\\\/folhapopular.info\\\/index.php\\\/author\\\/redacao\\\/\"}]}<\/script>\n<!-- \/ Yoast SEO plugin. -->","yoast_head_json":{"title":"3\u00aa R\u00fastica do Meio Ambiente ser\u00e1 em 1\u00ba de junho em Lajeado - Folha Popular","robots":{"index":"index","follow":"follow","max-snippet":"max-snippet:-1","max-image-preview":"max-image-preview:large","max-video-preview":"max-video-preview:-1"},"canonical":"https:\/\/folhapopular.info\/index.php\/2025\/05\/12\/3a-rustica-do-meio-ambiente-sera-em-1o-de-junho-em-lajeado\/","og_locale":"pt_BR","og_type":"article","og_title":"3\u00aa R\u00fastica do Meio Ambiente ser\u00e1 em 1\u00ba de junho em Lajeado - Folha Popular","og_description":"Lajeado recebe a 3\u00aa R\u00fastica do Meio Ambiente, promovida pela Administra\u00e7\u00e3o Municipal de Lajeado atrav\u00e9s da Secretaria do Meio Ambiente e\u00a0Sesc Lajeado. A ser\u00e1 realizada no dia 1\u00ba de junho, com largada \u00e0s 8h, no Parque do Engenho (Rua Lothar Felipe Christ, 125). A expectativa \u00e9 reunir at\u00e9 300 atletas para as categorias Adulto, Caminhada [&hellip;]","og_url":"https:\/\/folhapopular.info\/index.php\/2025\/05\/12\/3a-rustica-do-meio-ambiente-sera-em-1o-de-junho-em-lajeado\/","og_site_name":"Folha Popular","article_published_time":"2025-05-12T14:01:17+00:00","article_modified_time":"2025-05-13T02:19:58+00:00","og_image":[{"width":1280,"height":853,"url":"http:\/\/folhapopular.info\/wp-content\/uploads\/2025\/05\/Circuito-Sesc-de-Corridas-2019-Lajeado_FOTO-3Loucada-172.jpg","type":"image\/jpeg"}],"author":"Reda\u00e7\u00e3o Folha Popular","twitter_card":"summary_large_image","twitter_misc":{"Escrito por":"Reda\u00e7\u00e3o Folha Popular","Est. tempo de leitura":"2 minutos"},"schema":{"@context":"https:\/\/schema.org","@graph":[{"@type":"Article","@id":"https:\/\/folhapopular.info\/index.php\/2025\/05\/12\/3a-rustica-do-meio-ambiente-sera-em-1o-de-junho-em-lajeado\/#article","isPartOf":{"@id":"https:\/\/folhapopular.info\/index.php\/2025\/05\/12\/3a-rustica-do-meio-ambiente-sera-em-1o-de-junho-em-lajeado\/"},"author":{"name":"Reda\u00e7\u00e3o Folha Popular","@id":"https:\/\/folhapopular.info\/#\/schema\/person\/2814e8a0df7643585a9ca38bc6eb9d4b"},"headline":"3\u00aa R\u00fastica do Meio Ambiente ser\u00e1 em 1\u00ba de junho em Lajeado","datePublished":"2025-05-12T14:01:17+00:00","dateModified":"2025-05-13T02:19:58+00:00","mainEntityOfPage":{"@id":"https:\/\/folhapopular.info\/index.php\/2025\/05\/12\/3a-rustica-do-meio-ambiente-sera-em-1o-de-junho-em-lajeado\/"},"wordCount":205,"commentCount":0,"image":{"@id":"https:\/\/folhapopular.info\/index.php\/2025\/05\/12\/3a-rustica-do-meio-ambiente-sera-em-1o-de-junho-em-lajeado\/#primaryimage"},"thumbnailUrl":"https:\/\/folhapopular.info\/wp-content\/uploads\/2025\/05\/Circuito-Sesc-de-Corridas-2019-Lajeado_FOTO-3Loucada-172.jpg","keywords":["3\u00aa R\u00fastica do Meio Ambiente","Inscri\u00e7\u00f5es Abertas","Lajeado","Parque do Engenho"],"articleSection":["Atletismo","Esportes"],"inLanguage":"pt-BR","potentialAction":[{"@type":"CommentAction","name":"Comment","target":["https:\/\/folhapopular.info\/index.php\/2025\/05\/12\/3a-rustica-do-meio-ambiente-sera-em-1o-de-junho-em-lajeado\/#respond"]}]},{"@type":"WebPage","@id":"https:\/\/folhapopular.info\/index.php\/2025\/05\/12\/3a-rustica-do-meio-ambiente-sera-em-1o-de-junho-em-lajeado\/","url":"https:\/\/folhapopular.info\/index.php\/2025\/05\/12\/3a-rustica-do-meio-ambiente-sera-em-1o-de-junho-em-lajeado\/","name":"3\u00aa R\u00fastica do Meio Ambiente ser\u00e1 em 1\u00ba de junho em Lajeado - Folha Popular","isPartOf":{"@id":"https:\/\/folhapopular.info\/#website"},"primaryImageOfPage":{"@id":"https:\/\/folhapopular.info\/index.php\/2025\/05\/12\/3a-rustica-do-meio-ambiente-sera-em-1o-de-junho-em-lajeado\/#primaryimage"},"image":{"@id":"https:\/\/folhapopular.info\/index.php\/2025\/05\/12\/3a-rustica-do-meio-ambiente-sera-em-1o-de-junho-em-lajeado\/#primaryimage"},"thumbnailUrl":"https:\/\/folhapopular.info\/wp-content\/uploads\/2025\/05\/Circuito-Sesc-de-Corridas-2019-Lajeado_FOTO-3Loucada-172.jpg","datePublished":"2025-05-12T14:01:17+00:00","dateModified":"2025-05-13T02:19:58+00:00","author":{"@id":"https:\/\/folhapopular.info\/#\/schema\/person\/2814e8a0df7643585a9ca38bc6eb9d4b"},"breadcrumb":{"@id":"https:\/\/folhapopular.info\/index.php\/2025\/05\/12\/3a-rustica-do-meio-ambiente-sera-em-1o-de-junho-em-lajeado\/#breadcrumb"},"inLanguage":"pt-BR","potentialAction":[{"@type":"ReadAction","target":["https:\/\/folhapopular.info\/index.php\/2025\/05\/12\/3a-rustica-do-meio-ambiente-sera-em-1o-de-junho-em-lajeado\/"]}]},{"@type":"ImageObject","inLanguage":"pt-BR","@id":"https:\/\/folhapopular.info\/index.php\/2025\/05\/12\/3a-rustica-do-meio-ambiente-sera-em-1o-de-junho-em-lajeado\/#primaryimage","url":"https:\/\/folhapopular.info\/wp-content\/uploads\/2025\/05\/Circuito-Sesc-de-Corridas-2019-Lajeado_FOTO-3Loucada-172.jpg","contentUrl":"https:\/\/folhapopular.info\/wp-content\/uploads\/2025\/05\/Circuito-Sesc-de-Corridas-2019-Lajeado_FOTO-3Loucada-172.jpg","width":1280,"height":853,"caption":"Inscri\u00e7\u00f5es est\u00e3o abertas at\u00e9 o dia 28 de maio, ou enquanto houver vagas - Cr\u00e9dito: Divulga\u00e7\u00e3o"},{"@type":"BreadcrumbList","@id":"https:\/\/folhapopular.info\/index.php\/2025\/05\/12\/3a-rustica-do-meio-ambiente-sera-em-1o-de-junho-em-lajeado\/#breadcrumb","itemListElement":[{"@type":"ListItem","position":1,"name":"In\u00edcio","item":"https:\/\/folhapopular.info\/"},{"@type":"ListItem","position":2,"name":"3\u00aa R\u00fastica do Meio Ambiente ser\u00e1 em 1\u00ba de junho em Lajeado"}]},{"@type":"WebSite","@id":"https:\/\/folhapopular.info\/#website","url":"https:\/\/folhapopular.info\/","name":"Folha Popular","description":"Onde voc\u00ea tem vez e voz","potentialAction":[{"@type":"SearchAction","target":{"@type":"EntryPoint","urlTemplate":"https:\/\/folhapopular.info\/?s={search_term_string}"},"query-input":{"@type":"PropertyValueSpecification","valueRequired":true,"valueName":"search_term_string"}}],"inLanguage":"pt-BR"},{"@type":"Person","@id":"https:\/\/folhapopular.info\/#\/schema\/person\/2814e8a0df7643585a9ca38bc6eb9d4b","name":"Reda\u00e7\u00e3o Folha Popular","image":{"@type":"ImageObject","inLanguage":"pt-BR","@id":"https:\/\/folhapopular.info\/wp-content\/uploads\/2026\/04\/Folha-1.webp","url":"https:\/\/folhapopular.info\/wp-content\/uploads\/2026\/04\/Folha-1.webp","contentUrl":"https:\/\/folhapopular.info\/wp-content\/uploads\/2026\/04\/Folha-1.webp","caption":"Reda\u00e7\u00e3o Folha Popular"},"url":"https:\/\/folhapopular.info\/index.php\/author\/redacao\/"}]}},"jetpack_featured_media_url":"https:\/\/folhapopular.info\/wp-content\/uploads\/2025\/05\/Circuito-Sesc-de-Corridas-2019-Lajeado_FOTO-3Loucada-172.jpg","jetpack_sharing_enabled":true,"amp_enabled":true,"_links":{"self":[{"href":"https:\/\/folhapopular.info\/index.php\/wp-json\/wp\/v2\/posts\/186273","targetHints":{"allow":["GET"]}}],"collection":[{"href":"https:\/\/folhapopular.info\/index.php\/wp-json\/wp\/v2\/posts"}],"about":[{"href":"https:\/\/folhapopular.info\/index.php\/wp-json\/wp\/v2\/types\/post"}],"author":[{"embeddable":true,"href":"https:\/\/folhapopular.info\/index.php\/wp-json\/wp\/v2\/users\/8"}],"replies":[{"embeddable":true,"href":"https:\/\/folhapopular.info\/index.php\/wp-json\/wp\/v2\/comments?post=186273"}],"version-history":[{"count":0,"href":"https:\/\/folhapopular.info\/index.php\/wp-json\/wp\/v2\/posts\/186273\/revisions"}],"wp:featuredmedia":[{"embeddable":true,"href":"https:\/\/folhapopular.info\/index.php\/wp-json\/wp\/v2\/media\/186274"}],"wp:attachment":[{"href":"https:\/\/folhapopular.info\/index.php\/wp-json\/wp\/v2\/media?parent=186273"}],"wp:term":[{"taxonomy":"category","embeddable":true,"href":"https:\/\/folhapopular.info\/index.php\/wp-json\/wp\/v2\/categories?post=186273"},{"taxonomy":"post_tag","embeddable":true,"href":"https:\/\/folhapopular.info\/index.php\/wp-json\/wp\/v2\/tags?post=186273"}],"curies":[{"name":"wp","href":"https:\/\/api.w.org\/{rel}","templated":true}]}}