{"id":186406,"date":"2025-05-14T14:00:00","date_gmt":"2025-05-14T17:00:00","guid":{"rendered":"https:\/\/folhapopular.info\/?p=186406"},"modified":"2025-05-13T20:13:39","modified_gmt":"2025-05-13T23:13:39","slug":"programa-mais-elas-deu-voz-a-mais-de-15-mil-mulheres-em-17-anos","status":"publish","type":"post","link":"https:\/\/folhapopular.info\/index.php\/2025\/05\/14\/programa-mais-elas-deu-voz-a-mais-de-15-mil-mulheres-em-17-anos\/","title":{"rendered":"Programa Mais Elas deu voz a mais de 1,5 mil mulheres em 17 anos"},"content":{"rendered":"\n<p>Em 10 de maio de 2008 ia ao ar, pela R\u00e1dio Popular 96,9 FM, o primeiro Mais Elas: um programa voltado para o p\u00fablico feminino, no formato de 1h. Neste ano, ao completar 17 anos de hist\u00f3ria, s\u00e3o quase 900 programas realizados e mais de 1,5 mil mulheres, dos mais variados perfis e profiss\u00f5es, que tiveram voz neste espa\u00e7o.<\/p>\n\n\n\n<p>A ideia do Programa Mais Elas surgiu durante um bate-papo entre colaboradores do Grupo Popular de Comunica\u00e7\u00e3o, quando Cristiano Schwarz sugeriu: \u201cQue tal fazer um programa de mulheres?\u201d. O projeto foi logo executado e os objetivos centrais eram dar voz a mulheres no r\u00e1dio, ter um espa\u00e7o s\u00f3 delas na emissora e trabalhar as tem\u00e1ticas do universo feminino.<\/p>\n\n\n\n<p>At\u00e9 mar\u00e7o de 2020, o programa era gravado e reproduzido sem cortes, como se fosse ao vivo, aos s\u00e1bados, ap\u00f3s o meio-dia. Em virtude da pandemia da covid-19, passou a ser apresentado ao vivo com o uso de plataformas on-line. Atualmente, o Mais Elas \u00e9 apresentado ao vivo, a partir do est\u00fadio da emissora, com transmiss\u00e3o pelo FM, aplicativo, Youtube e Facebook, e tem na bancada Luciana Brune, Cl\u00e1udia Brune e C\u00edntia Schmidt.<\/p>\n\n\n\n<p>Nesta trajet\u00f3ria de 17 anos, muitos momentos marcam a hist\u00f3ria do programa Mais Elas. \u201cO que mais marca \u00e9 quando recebemos o <em>feedback<\/em> das ouvintes, principalmente em rela\u00e7\u00e3o aos temas. Quando os temas abordados fazem a diferen\u00e7a na vida das mulheres, quando elas se sentem encorajadas ou, por vezes, por meio do conte\u00fado, conseguem encontrar ferramentas e argumentos para tomar as decis\u00f5es necess\u00e1rias ou mesmo sair de uma situa\u00e7\u00e3o conflitante\u201d, comenta a jornalista e coordenadora do Mais Elas, Luciana Brune.<\/p>\n\n\n\n<p>S\u00e3o diversos relatos emocionantes ao longo dos 17 anos de hist\u00f3ria que fazem perceber o quanto \u00e9 importante este espa\u00e7o de troca e informa\u00e7\u00e3o. \u201cE o quanto tamb\u00e9m o programa contribuiu dentro da conquista de espa\u00e7os das mulheres na nossa pr\u00f3pria comunidade\u201d, complementa.<\/p>\n\n\n\n<h3 class=\"wp-block-heading\"><em><strong>Happy<\/strong><\/em><strong> Delas para celebrar<\/strong><\/h3>\n\n\n\n<p>Al\u00e9m do tradicional evento alusivo ao Dia Internacional da Mulher, promovido em parceria com a CIC Teut\u00f4nia, o Programa Mais Elas promove o <em>Happy<\/em> Delas. Neste ano, a programa\u00e7\u00e3o acontece nesta quinta-feira (15\/5) no Solar Baviera, nas imedia\u00e7\u00f5es do Centro Administrativo de Teut\u00f4nia.<\/p>\n\n\n\n<p>\u201cO <em>Happy<\/em> Delas \u00e9 uma forma de celebrar esta trajet\u00f3ria, reconhecer as mulheres que participam e s\u00e3o ouvintes. Quando foi criado, tamb\u00e9m quebrou paradigmas, na \u00e9poca, levando as mulheres ao bar, o que ainda envolvia certo tabu\u201d, recorda Luciana.<\/p>\n\n\n\n<p>Hoje, o <em>Happy<\/em> Delas \u00e9 realizado com o <em>podcast<\/em> Pod+ Elas ao vivo, que conta com a participa\u00e7\u00e3o de Anete Roese, al\u00e9m de Luciana, Cl\u00e1udia e C\u00edntia. \u201c\u00c9 uma forma das mulheres se sentirem parte, como se fosse dentro do est\u00fadio, podendo sentir o ambiente e participar, estar junto\u201d, comenta a jornalista.<\/p>\n\n\n\n<p>A ideia com o <em>Happy<\/em> Delas, \u00e9 proporcionar \u00e0s mulheres uma noite leve e descontra\u00edda com amigas, al\u00e9m de momentos de <em>networking<\/em>. Tamb\u00e9m haver\u00e1 coquetel, brinde e atividades de intera\u00e7\u00e3o.<\/p>\n\n\n\n<p><\/p>\n","protected":false},"excerpt":{"rendered":"<p>Em 10 de maio de 2008 ia ao ar, pela R\u00e1dio Popular 96,9 FM, o primeiro Mais Elas: um programa voltado para o p\u00fablico feminino, no formato de 1h. Neste ano, ao completar 17 anos de hist\u00f3ria, s\u00e3o quase 900 programas realizados e mais de 1,5 mil mulheres, dos mais variados perfis e profiss\u00f5es, que [&hellip;]<\/p>\n","protected":false},"author":757,"featured_media":186407,"comment_status":"open","ping_status":"open","sticky":false,"template":"","format":"standard","meta":{"pmpro_default_level":"","_jetpack_memberships_contains_paid_content":false,"footnotes":""},"categories":[2,3],"tags":[18622,10010,2454,8156],"class_list":{"0":"post-186406","1":"post","2":"type-post","3":"status-publish","4":"format-standard","5":"has-post-thumbnail","7":"category-featured","8":"category-geral","9":"tag-17-anos","10":"tag-happy-delas","11":"tag-mais-elas","12":"tag-representatividade","13":"pmpro-has-access"},"yoast_head":"<!-- This site is optimized with the Yoast SEO plugin v27.5 - https:\/\/yoast.com\/product\/yoast-seo-wordpress\/ -->\n<title>Programa Mais Elas deu voz a mais de 1,5 mil mulheres em 17 anos - Folha Popular<\/title>\n<meta name=\"robots\" content=\"index, follow, max-snippet:-1, max-image-preview:large, max-video-preview:-1\" \/>\n<link rel=\"canonical\" href=\"https:\/\/folhapopular.info\/index.php\/2025\/05\/14\/programa-mais-elas-deu-voz-a-mais-de-15-mil-mulheres-em-17-anos\/\" \/>\n<meta property=\"og:locale\" content=\"pt_BR\" \/>\n<meta property=\"og:type\" content=\"article\" \/>\n<meta property=\"og:title\" content=\"Programa Mais Elas deu voz a mais de 1,5 mil mulheres em 17 anos - Folha Popular\" \/>\n<meta property=\"og:description\" content=\"Em 10 de maio de 2008 ia ao ar, pela R\u00e1dio Popular 96,9 FM, o primeiro Mais Elas: um programa voltado para o p\u00fablico feminino, no formato de 1h. Neste ano, ao completar 17 anos de hist\u00f3ria, s\u00e3o quase 900 programas realizados e mais de 1,5 mil mulheres, dos mais variados perfis e profiss\u00f5es, que [&hellip;]\" \/>\n<meta property=\"og:url\" content=\"https:\/\/folhapopular.info\/index.php\/2025\/05\/14\/programa-mais-elas-deu-voz-a-mais-de-15-mil-mulheres-em-17-anos\/\" \/>\n<meta property=\"og:site_name\" content=\"Folha Popular\" \/>\n<meta property=\"article:published_time\" content=\"2025-05-14T17:00:00+00:00\" \/>\n<meta property=\"og:image\" content=\"https:\/\/folhapopular.info\/wp-content\/uploads\/2025\/05\/Equipe-do-Mais-Elas-realizara-o-Podcast-Pod-Elas-ao-vivo-do-Happy-Delas-nesta-quinta-feira.jpeg\" \/>\n\t<meta property=\"og:image:width\" content=\"1600\" \/>\n\t<meta property=\"og:image:height\" content=\"1066\" \/>\n\t<meta property=\"og:image:type\" content=\"image\/jpeg\" \/>\n<meta name=\"author\" content=\"Paloma Valandro\" \/>\n<meta name=\"twitter:card\" content=\"summary_large_image\" \/>\n<meta name=\"twitter:label1\" content=\"Escrito por\" \/>\n\t<meta name=\"twitter:data1\" content=\"Paloma Valandro\" \/>\n\t<meta name=\"twitter:label2\" content=\"Est. tempo de leitura\" \/>\n\t<meta name=\"twitter:data2\" content=\"3 minutos\" \/>\n<script type=\"application\/ld+json\" class=\"yoast-schema-graph\">{\"@context\":\"https:\\\/\\\/schema.org\",\"@graph\":[{\"@type\":\"Article\",\"@id\":\"https:\\\/\\\/folhapopular.info\\\/index.php\\\/2025\\\/05\\\/14\\\/programa-mais-elas-deu-voz-a-mais-de-15-mil-mulheres-em-17-anos\\\/#article\",\"isPartOf\":{\"@id\":\"https:\\\/\\\/folhapopular.info\\\/index.php\\\/2025\\\/05\\\/14\\\/programa-mais-elas-deu-voz-a-mais-de-15-mil-mulheres-em-17-anos\\\/\"},\"author\":{\"name\":\"Paloma Valandro\",\"@id\":\"https:\\\/\\\/folhapopular.info\\\/#\\\/schema\\\/person\\\/1fb1a50ca75661f91da0d3839657a34d\"},\"headline\":\"Programa Mais Elas deu voz a mais de 1,5 mil mulheres em 17 anos\",\"datePublished\":\"2025-05-14T17:00:00+00:00\",\"mainEntityOfPage\":{\"@id\":\"https:\\\/\\\/folhapopular.info\\\/index.php\\\/2025\\\/05\\\/14\\\/programa-mais-elas-deu-voz-a-mais-de-15-mil-mulheres-em-17-anos\\\/\"},\"wordCount\":525,\"commentCount\":0,\"image\":{\"@id\":\"https:\\\/\\\/folhapopular.info\\\/index.php\\\/2025\\\/05\\\/14\\\/programa-mais-elas-deu-voz-a-mais-de-15-mil-mulheres-em-17-anos\\\/#primaryimage\"},\"thumbnailUrl\":\"https:\\\/\\\/folhapopular.info\\\/wp-content\\\/uploads\\\/2025\\\/05\\\/Equipe-do-Mais-Elas-realizara-o-Podcast-Pod-Elas-ao-vivo-do-Happy-Delas-nesta-quinta-feira.jpeg\",\"keywords\":[\"17 anos\",\"Happy Delas\",\"mais elas\",\"Representatividade\"],\"articleSection\":[\"Destaques\",\"Geral\"],\"inLanguage\":\"pt-BR\",\"potentialAction\":[{\"@type\":\"CommentAction\",\"name\":\"Comment\",\"target\":[\"https:\\\/\\\/folhapopular.info\\\/index.php\\\/2025\\\/05\\\/14\\\/programa-mais-elas-deu-voz-a-mais-de-15-mil-mulheres-em-17-anos\\\/#respond\"]}]},{\"@type\":\"WebPage\",\"@id\":\"https:\\\/\\\/folhapopular.info\\\/index.php\\\/2025\\\/05\\\/14\\\/programa-mais-elas-deu-voz-a-mais-de-15-mil-mulheres-em-17-anos\\\/\",\"url\":\"https:\\\/\\\/folhapopular.info\\\/index.php\\\/2025\\\/05\\\/14\\\/programa-mais-elas-deu-voz-a-mais-de-15-mil-mulheres-em-17-anos\\\/\",\"name\":\"Programa Mais Elas deu voz a mais de 1,5 mil mulheres em 17 anos - Folha Popular\",\"isPartOf\":{\"@id\":\"https:\\\/\\\/folhapopular.info\\\/#website\"},\"primaryImageOfPage\":{\"@id\":\"https:\\\/\\\/folhapopular.info\\\/index.php\\\/2025\\\/05\\\/14\\\/programa-mais-elas-deu-voz-a-mais-de-15-mil-mulheres-em-17-anos\\\/#primaryimage\"},\"image\":{\"@id\":\"https:\\\/\\\/folhapopular.info\\\/index.php\\\/2025\\\/05\\\/14\\\/programa-mais-elas-deu-voz-a-mais-de-15-mil-mulheres-em-17-anos\\\/#primaryimage\"},\"thumbnailUrl\":\"https:\\\/\\\/folhapopular.info\\\/wp-content\\\/uploads\\\/2025\\\/05\\\/Equipe-do-Mais-Elas-realizara-o-Podcast-Pod-Elas-ao-vivo-do-Happy-Delas-nesta-quinta-feira.jpeg\",\"datePublished\":\"2025-05-14T17:00:00+00:00\",\"author\":{\"@id\":\"https:\\\/\\\/folhapopular.info\\\/#\\\/schema\\\/person\\\/1fb1a50ca75661f91da0d3839657a34d\"},\"breadcrumb\":{\"@id\":\"https:\\\/\\\/folhapopular.info\\\/index.php\\\/2025\\\/05\\\/14\\\/programa-mais-elas-deu-voz-a-mais-de-15-mil-mulheres-em-17-anos\\\/#breadcrumb\"},\"inLanguage\":\"pt-BR\",\"potentialAction\":[{\"@type\":\"ReadAction\",\"target\":[\"https:\\\/\\\/folhapopular.info\\\/index.php\\\/2025\\\/05\\\/14\\\/programa-mais-elas-deu-voz-a-mais-de-15-mil-mulheres-em-17-anos\\\/\"]}]},{\"@type\":\"ImageObject\",\"inLanguage\":\"pt-BR\",\"@id\":\"https:\\\/\\\/folhapopular.info\\\/index.php\\\/2025\\\/05\\\/14\\\/programa-mais-elas-deu-voz-a-mais-de-15-mil-mulheres-em-17-anos\\\/#primaryimage\",\"url\":\"https:\\\/\\\/folhapopular.info\\\/wp-content\\\/uploads\\\/2025\\\/05\\\/Equipe-do-Mais-Elas-realizara-o-Podcast-Pod-Elas-ao-vivo-do-Happy-Delas-nesta-quinta-feira.jpeg\",\"contentUrl\":\"https:\\\/\\\/folhapopular.info\\\/wp-content\\\/uploads\\\/2025\\\/05\\\/Equipe-do-Mais-Elas-realizara-o-Podcast-Pod-Elas-ao-vivo-do-Happy-Delas-nesta-quinta-feira.jpeg\",\"width\":1600,\"height\":1066,\"caption\":\"Equipe do Mais Elas realizar\u00e1 o Podcast Pod+ Elas ao vivo do Happy Delas nesta quinta-feira - Cr\u00e9dito: Carla Beckmann \\\/ Arquivo\"},{\"@type\":\"BreadcrumbList\",\"@id\":\"https:\\\/\\\/folhapopular.info\\\/index.php\\\/2025\\\/05\\\/14\\\/programa-mais-elas-deu-voz-a-mais-de-15-mil-mulheres-em-17-anos\\\/#breadcrumb\",\"itemListElement\":[{\"@type\":\"ListItem\",\"position\":1,\"name\":\"In\u00edcio\",\"item\":\"https:\\\/\\\/folhapopular.info\\\/\"},{\"@type\":\"ListItem\",\"position\":2,\"name\":\"Programa Mais Elas deu voz a mais de 1,5 mil mulheres em 17 anos\"}]},{\"@type\":\"WebSite\",\"@id\":\"https:\\\/\\\/folhapopular.info\\\/#website\",\"url\":\"https:\\\/\\\/folhapopular.info\\\/\",\"name\":\"Folha Popular\",\"description\":\"Onde voc\u00ea tem vez e voz\",\"potentialAction\":[{\"@type\":\"SearchAction\",\"target\":{\"@type\":\"EntryPoint\",\"urlTemplate\":\"https:\\\/\\\/folhapopular.info\\\/?s={search_term_string}\"},\"query-input\":{\"@type\":\"PropertyValueSpecification\",\"valueRequired\":true,\"valueName\":\"search_term_string\"}}],\"inLanguage\":\"pt-BR\"},{\"@type\":\"Person\",\"@id\":\"https:\\\/\\\/folhapopular.info\\\/#\\\/schema\\\/person\\\/1fb1a50ca75661f91da0d3839657a34d\",\"name\":\"Paloma Valandro\",\"image\":{\"@type\":\"ImageObject\",\"inLanguage\":\"pt-BR\",\"@id\":\"https:\\\/\\\/secure.gravatar.com\\\/avatar\\\/ef90a8f37349cc3654b42d805942c6378eb385817dccc9c637c94e7794973921?s=96&d=mm&r=g\",\"url\":\"https:\\\/\\\/secure.gravatar.com\\\/avatar\\\/ef90a8f37349cc3654b42d805942c6378eb385817dccc9c637c94e7794973921?s=96&d=mm&r=g\",\"contentUrl\":\"https:\\\/\\\/secure.gravatar.com\\\/avatar\\\/ef90a8f37349cc3654b42d805942c6378eb385817dccc9c637c94e7794973921?s=96&d=mm&r=g\",\"caption\":\"Paloma Valandro\"},\"url\":\"https:\\\/\\\/folhapopular.info\\\/index.php\\\/author\\\/paloma-valandro\\\/\"}]}<\/script>\n<!-- \/ Yoast SEO plugin. -->","yoast_head_json":{"title":"Programa Mais Elas deu voz a mais de 1,5 mil mulheres em 17 anos - Folha Popular","robots":{"index":"index","follow":"follow","max-snippet":"max-snippet:-1","max-image-preview":"max-image-preview:large","max-video-preview":"max-video-preview:-1"},"canonical":"https:\/\/folhapopular.info\/index.php\/2025\/05\/14\/programa-mais-elas-deu-voz-a-mais-de-15-mil-mulheres-em-17-anos\/","og_locale":"pt_BR","og_type":"article","og_title":"Programa Mais Elas deu voz a mais de 1,5 mil mulheres em 17 anos - Folha Popular","og_description":"Em 10 de maio de 2008 ia ao ar, pela R\u00e1dio Popular 96,9 FM, o primeiro Mais Elas: um programa voltado para o p\u00fablico feminino, no formato de 1h. Neste ano, ao completar 17 anos de hist\u00f3ria, s\u00e3o quase 900 programas realizados e mais de 1,5 mil mulheres, dos mais variados perfis e profiss\u00f5es, que [&hellip;]","og_url":"https:\/\/folhapopular.info\/index.php\/2025\/05\/14\/programa-mais-elas-deu-voz-a-mais-de-15-mil-mulheres-em-17-anos\/","og_site_name":"Folha Popular","article_published_time":"2025-05-14T17:00:00+00:00","og_image":[{"width":1600,"height":1066,"url":"https:\/\/folhapopular.info\/wp-content\/uploads\/2025\/05\/Equipe-do-Mais-Elas-realizara-o-Podcast-Pod-Elas-ao-vivo-do-Happy-Delas-nesta-quinta-feira.jpeg","type":"image\/jpeg"}],"author":"Paloma Valandro","twitter_card":"summary_large_image","twitter_misc":{"Escrito por":"Paloma Valandro","Est. tempo de leitura":"3 minutos"},"schema":{"@context":"https:\/\/schema.org","@graph":[{"@type":"Article","@id":"https:\/\/folhapopular.info\/index.php\/2025\/05\/14\/programa-mais-elas-deu-voz-a-mais-de-15-mil-mulheres-em-17-anos\/#article","isPartOf":{"@id":"https:\/\/folhapopular.info\/index.php\/2025\/05\/14\/programa-mais-elas-deu-voz-a-mais-de-15-mil-mulheres-em-17-anos\/"},"author":{"name":"Paloma Valandro","@id":"https:\/\/folhapopular.info\/#\/schema\/person\/1fb1a50ca75661f91da0d3839657a34d"},"headline":"Programa Mais Elas deu voz a mais de 1,5 mil mulheres em 17 anos","datePublished":"2025-05-14T17:00:00+00:00","mainEntityOfPage":{"@id":"https:\/\/folhapopular.info\/index.php\/2025\/05\/14\/programa-mais-elas-deu-voz-a-mais-de-15-mil-mulheres-em-17-anos\/"},"wordCount":525,"commentCount":0,"image":{"@id":"https:\/\/folhapopular.info\/index.php\/2025\/05\/14\/programa-mais-elas-deu-voz-a-mais-de-15-mil-mulheres-em-17-anos\/#primaryimage"},"thumbnailUrl":"https:\/\/folhapopular.info\/wp-content\/uploads\/2025\/05\/Equipe-do-Mais-Elas-realizara-o-Podcast-Pod-Elas-ao-vivo-do-Happy-Delas-nesta-quinta-feira.jpeg","keywords":["17 anos","Happy Delas","mais elas","Representatividade"],"articleSection":["Destaques","Geral"],"inLanguage":"pt-BR","potentialAction":[{"@type":"CommentAction","name":"Comment","target":["https:\/\/folhapopular.info\/index.php\/2025\/05\/14\/programa-mais-elas-deu-voz-a-mais-de-15-mil-mulheres-em-17-anos\/#respond"]}]},{"@type":"WebPage","@id":"https:\/\/folhapopular.info\/index.php\/2025\/05\/14\/programa-mais-elas-deu-voz-a-mais-de-15-mil-mulheres-em-17-anos\/","url":"https:\/\/folhapopular.info\/index.php\/2025\/05\/14\/programa-mais-elas-deu-voz-a-mais-de-15-mil-mulheres-em-17-anos\/","name":"Programa Mais Elas deu voz a mais de 1,5 mil mulheres em 17 anos - Folha Popular","isPartOf":{"@id":"https:\/\/folhapopular.info\/#website"},"primaryImageOfPage":{"@id":"https:\/\/folhapopular.info\/index.php\/2025\/05\/14\/programa-mais-elas-deu-voz-a-mais-de-15-mil-mulheres-em-17-anos\/#primaryimage"},"image":{"@id":"https:\/\/folhapopular.info\/index.php\/2025\/05\/14\/programa-mais-elas-deu-voz-a-mais-de-15-mil-mulheres-em-17-anos\/#primaryimage"},"thumbnailUrl":"https:\/\/folhapopular.info\/wp-content\/uploads\/2025\/05\/Equipe-do-Mais-Elas-realizara-o-Podcast-Pod-Elas-ao-vivo-do-Happy-Delas-nesta-quinta-feira.jpeg","datePublished":"2025-05-14T17:00:00+00:00","author":{"@id":"https:\/\/folhapopular.info\/#\/schema\/person\/1fb1a50ca75661f91da0d3839657a34d"},"breadcrumb":{"@id":"https:\/\/folhapopular.info\/index.php\/2025\/05\/14\/programa-mais-elas-deu-voz-a-mais-de-15-mil-mulheres-em-17-anos\/#breadcrumb"},"inLanguage":"pt-BR","potentialAction":[{"@type":"ReadAction","target":["https:\/\/folhapopular.info\/index.php\/2025\/05\/14\/programa-mais-elas-deu-voz-a-mais-de-15-mil-mulheres-em-17-anos\/"]}]},{"@type":"ImageObject","inLanguage":"pt-BR","@id":"https:\/\/folhapopular.info\/index.php\/2025\/05\/14\/programa-mais-elas-deu-voz-a-mais-de-15-mil-mulheres-em-17-anos\/#primaryimage","url":"https:\/\/folhapopular.info\/wp-content\/uploads\/2025\/05\/Equipe-do-Mais-Elas-realizara-o-Podcast-Pod-Elas-ao-vivo-do-Happy-Delas-nesta-quinta-feira.jpeg","contentUrl":"https:\/\/folhapopular.info\/wp-content\/uploads\/2025\/05\/Equipe-do-Mais-Elas-realizara-o-Podcast-Pod-Elas-ao-vivo-do-Happy-Delas-nesta-quinta-feira.jpeg","width":1600,"height":1066,"caption":"Equipe do Mais Elas realizar\u00e1 o Podcast Pod+ Elas ao vivo do Happy Delas nesta quinta-feira - Cr\u00e9dito: Carla Beckmann \/ Arquivo"},{"@type":"BreadcrumbList","@id":"https:\/\/folhapopular.info\/index.php\/2025\/05\/14\/programa-mais-elas-deu-voz-a-mais-de-15-mil-mulheres-em-17-anos\/#breadcrumb","itemListElement":[{"@type":"ListItem","position":1,"name":"In\u00edcio","item":"https:\/\/folhapopular.info\/"},{"@type":"ListItem","position":2,"name":"Programa Mais Elas deu voz a mais de 1,5 mil mulheres em 17 anos"}]},{"@type":"WebSite","@id":"https:\/\/folhapopular.info\/#website","url":"https:\/\/folhapopular.info\/","name":"Folha Popular","description":"Onde voc\u00ea tem vez e voz","potentialAction":[{"@type":"SearchAction","target":{"@type":"EntryPoint","urlTemplate":"https:\/\/folhapopular.info\/?s={search_term_string}"},"query-input":{"@type":"PropertyValueSpecification","valueRequired":true,"valueName":"search_term_string"}}],"inLanguage":"pt-BR"},{"@type":"Person","@id":"https:\/\/folhapopular.info\/#\/schema\/person\/1fb1a50ca75661f91da0d3839657a34d","name":"Paloma Valandro","image":{"@type":"ImageObject","inLanguage":"pt-BR","@id":"https:\/\/secure.gravatar.com\/avatar\/ef90a8f37349cc3654b42d805942c6378eb385817dccc9c637c94e7794973921?s=96&d=mm&r=g","url":"https:\/\/secure.gravatar.com\/avatar\/ef90a8f37349cc3654b42d805942c6378eb385817dccc9c637c94e7794973921?s=96&d=mm&r=g","contentUrl":"https:\/\/secure.gravatar.com\/avatar\/ef90a8f37349cc3654b42d805942c6378eb385817dccc9c637c94e7794973921?s=96&d=mm&r=g","caption":"Paloma Valandro"},"url":"https:\/\/folhapopular.info\/index.php\/author\/paloma-valandro\/"}]}},"jetpack_featured_media_url":"https:\/\/folhapopular.info\/wp-content\/uploads\/2025\/05\/Equipe-do-Mais-Elas-realizara-o-Podcast-Pod-Elas-ao-vivo-do-Happy-Delas-nesta-quinta-feira.jpeg","jetpack_sharing_enabled":true,"amp_enabled":true,"_links":{"self":[{"href":"https:\/\/folhapopular.info\/index.php\/wp-json\/wp\/v2\/posts\/186406","targetHints":{"allow":["GET"]}}],"collection":[{"href":"https:\/\/folhapopular.info\/index.php\/wp-json\/wp\/v2\/posts"}],"about":[{"href":"https:\/\/folhapopular.info\/index.php\/wp-json\/wp\/v2\/types\/post"}],"author":[{"embeddable":true,"href":"https:\/\/folhapopular.info\/index.php\/wp-json\/wp\/v2\/users\/757"}],"replies":[{"embeddable":true,"href":"https:\/\/folhapopular.info\/index.php\/wp-json\/wp\/v2\/comments?post=186406"}],"version-history":[{"count":0,"href":"https:\/\/folhapopular.info\/index.php\/wp-json\/wp\/v2\/posts\/186406\/revisions"}],"wp:featuredmedia":[{"embeddable":true,"href":"https:\/\/folhapopular.info\/index.php\/wp-json\/wp\/v2\/media\/186407"}],"wp:attachment":[{"href":"https:\/\/folhapopular.info\/index.php\/wp-json\/wp\/v2\/media?parent=186406"}],"wp:term":[{"taxonomy":"category","embeddable":true,"href":"https:\/\/folhapopular.info\/index.php\/wp-json\/wp\/v2\/categories?post=186406"},{"taxonomy":"post_tag","embeddable":true,"href":"https:\/\/folhapopular.info\/index.php\/wp-json\/wp\/v2\/tags?post=186406"}],"curies":[{"name":"wp","href":"https:\/\/api.w.org\/{rel}","templated":true}]}}