{"id":186484,"date":"2025-05-16T13:00:00","date_gmt":"2025-05-16T16:00:00","guid":{"rendered":"https:\/\/folhapopular.info\/?p=186484"},"modified":"2025-05-16T09:51:29","modified_gmt":"2025-05-16T12:51:29","slug":"confirmado-caso-de-gripe-aviaria-em-granja-de-reproducao-em-montenegro","status":"publish","type":"post","link":"https:\/\/folhapopular.info\/index.php\/2025\/05\/16\/confirmado-caso-de-gripe-aviaria-em-granja-de-reproducao-em-montenegro\/","title":{"rendered":"Confirmado caso de gripe avi\u00e1ria em granja de reprodu\u00e7\u00e3o em Montenegro"},"content":{"rendered":"\n<p>O Departamento de Vigil\u00e2ncia e Defesa Sanit\u00e1ria Animal (DDA), da Secretaria da Agricultura, Pecu\u00e1ria, Produ\u00e7\u00e3o Sustent\u00e1vel e Irriga\u00e7\u00e3o (Seapi), atendeu uma suspeita de s\u00edndrome respirat\u00f3ria e neurol\u00f3gica em aves de uma granja de reprodu\u00e7\u00e3o localizada no munic\u00edpio de Montenegro. Amostras coletadas foram encaminhadas ao Laborat\u00f3rio Federal de Diagn\u00f3stico Agropecu\u00e1rio, em Campinas (SP), que confirmou, nesta sexta-feira (16\/5), a presen\u00e7a do v\u00edrus da Influenza Avi\u00e1ria de Alta Patogenicidade (H5N1).<\/p>\n\n\n\n<p>Com a confirma\u00e7\u00e3o, o Servi\u00e7o Veterin\u00e1rio Oficial do Rio Grande do Sul (SVO-RS) iniciou imediatamente as a\u00e7\u00f5es previstas no Plano Nacional de Conting\u00eancia para Influenza Avi\u00e1ria, incluindo o isolamento da \u00e1rea afetada e a elimina\u00e7\u00e3o das aves remanescentes, medida necess\u00e1ria para iniciar o protocolo de saneamento da propriedade.<\/p>\n\n\n\n<p>Tamb\u00e9m ser\u00e1 realizada uma investiga\u00e7\u00e3o epidemiol\u00f3gica em um raio de 10 quil\u00f4metros ao redor da granja para identificar poss\u00edveis v\u00ednculos com outras propriedades. A Seapi informa ainda que est\u00e1 em andamento a an\u00e1lise de amostras referentes \u00e0 morte de aves no Zool\u00f3gico de Sapucaia do Sul, atualmente fechado para visita\u00e7\u00e3o. O resultado do sequenciamento gen\u00e9tico dessas amostras est\u00e1 sendo aguardado.<\/p>\n\n\n\n<p>Toda suspeita da doen\u00e7a deve ser imediatamente comunicada \u00e0 Secretaria da Agricultura, por meio da Inspetoria de Defesa Agropecu\u00e1ria mais pr\u00f3xima ou pelo WhatsApp (51) 98445-2033.<\/p>\n\n\n\n<h3 class=\"wp-block-heading\">Seguran\u00e7a no consumo de carne de frango e ovos<\/h3>\n\n\n\n<p>O SVO-RS refor\u00e7a que n\u00e3o h\u00e1 risco no consumo de carne de aves ou ovos, tanto os armazenados em casa quanto os adquiridos em pontos de venda. A Influenza Avi\u00e1ria n\u00e3o \u00e9 transmitida por meio do consumo desses alimentos. Portanto, n\u00e3o h\u00e1 necessidade de restri\u00e7\u00f5es por parte da popula\u00e7\u00e3o.<\/p>\n\n\n\n<p><\/p>\n\n\n\n<p><\/p>\n","protected":false},"excerpt":{"rendered":"<p>O Departamento de Vigil\u00e2ncia e Defesa Sanit\u00e1ria Animal (DDA), da Secretaria da Agricultura, Pecu\u00e1ria, Produ\u00e7\u00e3o Sustent\u00e1vel e Irriga\u00e7\u00e3o (Seapi), atendeu uma suspeita de s\u00edndrome respirat\u00f3ria e neurol\u00f3gica em aves de uma granja de reprodu\u00e7\u00e3o localizada no munic\u00edpio de Montenegro. Amostras coletadas foram encaminhadas ao Laborat\u00f3rio Federal de Diagn\u00f3stico Agropecu\u00e1rio, em Campinas (SP), que confirmou, nesta [&hellip;]<\/p>\n","protected":false},"author":8,"featured_media":150185,"comment_status":"open","ping_status":"open","sticky":false,"template":"","format":"standard","meta":{"pmpro_default_level":"","_jetpack_memberships_contains_paid_content":false,"footnotes":""},"categories":[2,3],"tags":[8194,11681,1197,8146,11027],"class_list":{"0":"post-186484","1":"post","2":"type-post","3":"status-publish","4":"format-standard","5":"has-post-thumbnail","7":"category-featured","8":"category-geral","9":"tag-frango","10":"tag-gripe-aviaria","11":"tag-montenegro","12":"tag-ovos","13":"tag-rural","14":"pmpro-has-access"},"yoast_head":"<!-- This site is optimized with the Yoast SEO plugin v27.5 - https:\/\/yoast.com\/product\/yoast-seo-wordpress\/ -->\n<title>Confirmado caso de gripe avi\u00e1ria em granja de reprodu\u00e7\u00e3o em Montenegro - Folha Popular<\/title>\n<meta name=\"robots\" content=\"index, follow, max-snippet:-1, max-image-preview:large, max-video-preview:-1\" \/>\n<link rel=\"canonical\" href=\"https:\/\/folhapopular.info\/index.php\/2025\/05\/16\/confirmado-caso-de-gripe-aviaria-em-granja-de-reproducao-em-montenegro\/\" \/>\n<meta property=\"og:locale\" content=\"pt_BR\" \/>\n<meta property=\"og:type\" content=\"article\" \/>\n<meta property=\"og:title\" content=\"Confirmado caso de gripe avi\u00e1ria em granja de reprodu\u00e7\u00e3o em Montenegro - Folha Popular\" \/>\n<meta property=\"og:description\" content=\"O Departamento de Vigil\u00e2ncia e Defesa Sanit\u00e1ria Animal (DDA), da Secretaria da Agricultura, Pecu\u00e1ria, Produ\u00e7\u00e3o Sustent\u00e1vel e Irriga\u00e7\u00e3o (Seapi), atendeu uma suspeita de s\u00edndrome respirat\u00f3ria e neurol\u00f3gica em aves de uma granja de reprodu\u00e7\u00e3o localizada no munic\u00edpio de Montenegro. Amostras coletadas foram encaminhadas ao Laborat\u00f3rio Federal de Diagn\u00f3stico Agropecu\u00e1rio, em Campinas (SP), que confirmou, nesta [&hellip;]\" \/>\n<meta property=\"og:url\" content=\"https:\/\/folhapopular.info\/index.php\/2025\/05\/16\/confirmado-caso-de-gripe-aviaria-em-granja-de-reproducao-em-montenegro\/\" \/>\n<meta property=\"og:site_name\" content=\"Folha Popular\" \/>\n<meta property=\"article:published_time\" content=\"2025-05-16T16:00:00+00:00\" \/>\n<meta property=\"og:image\" content=\"https:\/\/folhapopular.info\/wp-content\/uploads\/2024\/02\/WhatsApp_Image_2023-05-19_at_095628.jpeg\" \/>\n\t<meta property=\"og:image:width\" content=\"1024\" \/>\n\t<meta property=\"og:image:height\" content=\"683\" \/>\n\t<meta property=\"og:image:type\" content=\"image\/jpeg\" \/>\n<meta name=\"author\" content=\"Reda\u00e7\u00e3o Folha Popular\" \/>\n<meta name=\"twitter:card\" content=\"summary_large_image\" \/>\n<meta name=\"twitter:label1\" content=\"Escrito por\" \/>\n\t<meta name=\"twitter:data1\" content=\"Reda\u00e7\u00e3o Folha Popular\" \/>\n\t<meta name=\"twitter:label2\" content=\"Est. tempo de leitura\" \/>\n\t<meta name=\"twitter:data2\" content=\"2 minutos\" \/>\n<script type=\"application\/ld+json\" class=\"yoast-schema-graph\">{\"@context\":\"https:\\\/\\\/schema.org\",\"@graph\":[{\"@type\":\"Article\",\"@id\":\"https:\\\/\\\/folhapopular.info\\\/index.php\\\/2025\\\/05\\\/16\\\/confirmado-caso-de-gripe-aviaria-em-granja-de-reproducao-em-montenegro\\\/#article\",\"isPartOf\":{\"@id\":\"https:\\\/\\\/folhapopular.info\\\/index.php\\\/2025\\\/05\\\/16\\\/confirmado-caso-de-gripe-aviaria-em-granja-de-reproducao-em-montenegro\\\/\"},\"author\":{\"name\":\"Reda\u00e7\u00e3o Folha Popular\",\"@id\":\"https:\\\/\\\/folhapopular.info\\\/#\\\/schema\\\/person\\\/2814e8a0df7643585a9ca38bc6eb9d4b\"},\"headline\":\"Confirmado caso de gripe avi\u00e1ria em granja de reprodu\u00e7\u00e3o em Montenegro\",\"datePublished\":\"2025-05-16T16:00:00+00:00\",\"mainEntityOfPage\":{\"@id\":\"https:\\\/\\\/folhapopular.info\\\/index.php\\\/2025\\\/05\\\/16\\\/confirmado-caso-de-gripe-aviaria-em-granja-de-reproducao-em-montenegro\\\/\"},\"wordCount\":314,\"commentCount\":0,\"image\":{\"@id\":\"https:\\\/\\\/folhapopular.info\\\/index.php\\\/2025\\\/05\\\/16\\\/confirmado-caso-de-gripe-aviaria-em-granja-de-reproducao-em-montenegro\\\/#primaryimage\"},\"thumbnailUrl\":\"https:\\\/\\\/folhapopular.info\\\/wp-content\\\/uploads\\\/2024\\\/02\\\/WhatsApp_Image_2023-05-19_at_095628.jpeg\",\"keywords\":[\"frango\",\"gripe avi\u00e1ria\",\"Montenegro\",\"ovos\",\"rural\"],\"articleSection\":[\"Destaques\",\"Geral\"],\"inLanguage\":\"pt-BR\",\"potentialAction\":[{\"@type\":\"CommentAction\",\"name\":\"Comment\",\"target\":[\"https:\\\/\\\/folhapopular.info\\\/index.php\\\/2025\\\/05\\\/16\\\/confirmado-caso-de-gripe-aviaria-em-granja-de-reproducao-em-montenegro\\\/#respond\"]}]},{\"@type\":\"WebPage\",\"@id\":\"https:\\\/\\\/folhapopular.info\\\/index.php\\\/2025\\\/05\\\/16\\\/confirmado-caso-de-gripe-aviaria-em-granja-de-reproducao-em-montenegro\\\/\",\"url\":\"https:\\\/\\\/folhapopular.info\\\/index.php\\\/2025\\\/05\\\/16\\\/confirmado-caso-de-gripe-aviaria-em-granja-de-reproducao-em-montenegro\\\/\",\"name\":\"Confirmado caso de gripe avi\u00e1ria em granja de reprodu\u00e7\u00e3o em Montenegro - Folha Popular\",\"isPartOf\":{\"@id\":\"https:\\\/\\\/folhapopular.info\\\/#website\"},\"primaryImageOfPage\":{\"@id\":\"https:\\\/\\\/folhapopular.info\\\/index.php\\\/2025\\\/05\\\/16\\\/confirmado-caso-de-gripe-aviaria-em-granja-de-reproducao-em-montenegro\\\/#primaryimage\"},\"image\":{\"@id\":\"https:\\\/\\\/folhapopular.info\\\/index.php\\\/2025\\\/05\\\/16\\\/confirmado-caso-de-gripe-aviaria-em-granja-de-reproducao-em-montenegro\\\/#primaryimage\"},\"thumbnailUrl\":\"https:\\\/\\\/folhapopular.info\\\/wp-content\\\/uploads\\\/2024\\\/02\\\/WhatsApp_Image_2023-05-19_at_095628.jpeg\",\"datePublished\":\"2025-05-16T16:00:00+00:00\",\"author\":{\"@id\":\"https:\\\/\\\/folhapopular.info\\\/#\\\/schema\\\/person\\\/2814e8a0df7643585a9ca38bc6eb9d4b\"},\"breadcrumb\":{\"@id\":\"https:\\\/\\\/folhapopular.info\\\/index.php\\\/2025\\\/05\\\/16\\\/confirmado-caso-de-gripe-aviaria-em-granja-de-reproducao-em-montenegro\\\/#breadcrumb\"},\"inLanguage\":\"pt-BR\",\"potentialAction\":[{\"@type\":\"ReadAction\",\"target\":[\"https:\\\/\\\/folhapopular.info\\\/index.php\\\/2025\\\/05\\\/16\\\/confirmado-caso-de-gripe-aviaria-em-granja-de-reproducao-em-montenegro\\\/\"]}]},{\"@type\":\"ImageObject\",\"inLanguage\":\"pt-BR\",\"@id\":\"https:\\\/\\\/folhapopular.info\\\/index.php\\\/2025\\\/05\\\/16\\\/confirmado-caso-de-gripe-aviaria-em-granja-de-reproducao-em-montenegro\\\/#primaryimage\",\"url\":\"https:\\\/\\\/folhapopular.info\\\/wp-content\\\/uploads\\\/2024\\\/02\\\/WhatsApp_Image_2023-05-19_at_095628.jpeg\",\"contentUrl\":\"https:\\\/\\\/folhapopular.info\\\/wp-content\\\/uploads\\\/2024\\\/02\\\/WhatsApp_Image_2023-05-19_at_095628.jpeg\",\"width\":1024,\"height\":683,\"caption\":\"Cr\u00e9ditos: Reprodu\u00e7\u00e3o Internet\"},{\"@type\":\"BreadcrumbList\",\"@id\":\"https:\\\/\\\/folhapopular.info\\\/index.php\\\/2025\\\/05\\\/16\\\/confirmado-caso-de-gripe-aviaria-em-granja-de-reproducao-em-montenegro\\\/#breadcrumb\",\"itemListElement\":[{\"@type\":\"ListItem\",\"position\":1,\"name\":\"In\u00edcio\",\"item\":\"https:\\\/\\\/folhapopular.info\\\/\"},{\"@type\":\"ListItem\",\"position\":2,\"name\":\"Confirmado caso de gripe avi\u00e1ria em granja de reprodu\u00e7\u00e3o em Montenegro\"}]},{\"@type\":\"WebSite\",\"@id\":\"https:\\\/\\\/folhapopular.info\\\/#website\",\"url\":\"https:\\\/\\\/folhapopular.info\\\/\",\"name\":\"Folha Popular\",\"description\":\"Onde voc\u00ea tem vez e voz\",\"potentialAction\":[{\"@type\":\"SearchAction\",\"target\":{\"@type\":\"EntryPoint\",\"urlTemplate\":\"https:\\\/\\\/folhapopular.info\\\/?s={search_term_string}\"},\"query-input\":{\"@type\":\"PropertyValueSpecification\",\"valueRequired\":true,\"valueName\":\"search_term_string\"}}],\"inLanguage\":\"pt-BR\"},{\"@type\":\"Person\",\"@id\":\"https:\\\/\\\/folhapopular.info\\\/#\\\/schema\\\/person\\\/2814e8a0df7643585a9ca38bc6eb9d4b\",\"name\":\"Reda\u00e7\u00e3o Folha Popular\",\"image\":{\"@type\":\"ImageObject\",\"inLanguage\":\"pt-BR\",\"@id\":\"https:\\\/\\\/folhapopular.info\\\/wp-content\\\/uploads\\\/2026\\\/04\\\/Folha-1.webp\",\"url\":\"https:\\\/\\\/folhapopular.info\\\/wp-content\\\/uploads\\\/2026\\\/04\\\/Folha-1.webp\",\"contentUrl\":\"https:\\\/\\\/folhapopular.info\\\/wp-content\\\/uploads\\\/2026\\\/04\\\/Folha-1.webp\",\"caption\":\"Reda\u00e7\u00e3o Folha Popular\"},\"url\":\"https:\\\/\\\/folhapopular.info\\\/index.php\\\/author\\\/redacao\\\/\"}]}<\/script>\n<!-- \/ Yoast SEO plugin. -->","yoast_head_json":{"title":"Confirmado caso de gripe avi\u00e1ria em granja de reprodu\u00e7\u00e3o em Montenegro - Folha Popular","robots":{"index":"index","follow":"follow","max-snippet":"max-snippet:-1","max-image-preview":"max-image-preview:large","max-video-preview":"max-video-preview:-1"},"canonical":"https:\/\/folhapopular.info\/index.php\/2025\/05\/16\/confirmado-caso-de-gripe-aviaria-em-granja-de-reproducao-em-montenegro\/","og_locale":"pt_BR","og_type":"article","og_title":"Confirmado caso de gripe avi\u00e1ria em granja de reprodu\u00e7\u00e3o em Montenegro - Folha Popular","og_description":"O Departamento de Vigil\u00e2ncia e Defesa Sanit\u00e1ria Animal (DDA), da Secretaria da Agricultura, Pecu\u00e1ria, Produ\u00e7\u00e3o Sustent\u00e1vel e Irriga\u00e7\u00e3o (Seapi), atendeu uma suspeita de s\u00edndrome respirat\u00f3ria e neurol\u00f3gica em aves de uma granja de reprodu\u00e7\u00e3o localizada no munic\u00edpio de Montenegro. Amostras coletadas foram encaminhadas ao Laborat\u00f3rio Federal de Diagn\u00f3stico Agropecu\u00e1rio, em Campinas (SP), que confirmou, nesta [&hellip;]","og_url":"https:\/\/folhapopular.info\/index.php\/2025\/05\/16\/confirmado-caso-de-gripe-aviaria-em-granja-de-reproducao-em-montenegro\/","og_site_name":"Folha Popular","article_published_time":"2025-05-16T16:00:00+00:00","og_image":[{"width":1024,"height":683,"url":"https:\/\/folhapopular.info\/wp-content\/uploads\/2024\/02\/WhatsApp_Image_2023-05-19_at_095628.jpeg","type":"image\/jpeg"}],"author":"Reda\u00e7\u00e3o Folha Popular","twitter_card":"summary_large_image","twitter_misc":{"Escrito por":"Reda\u00e7\u00e3o Folha Popular","Est. tempo de leitura":"2 minutos"},"schema":{"@context":"https:\/\/schema.org","@graph":[{"@type":"Article","@id":"https:\/\/folhapopular.info\/index.php\/2025\/05\/16\/confirmado-caso-de-gripe-aviaria-em-granja-de-reproducao-em-montenegro\/#article","isPartOf":{"@id":"https:\/\/folhapopular.info\/index.php\/2025\/05\/16\/confirmado-caso-de-gripe-aviaria-em-granja-de-reproducao-em-montenegro\/"},"author":{"name":"Reda\u00e7\u00e3o Folha Popular","@id":"https:\/\/folhapopular.info\/#\/schema\/person\/2814e8a0df7643585a9ca38bc6eb9d4b"},"headline":"Confirmado caso de gripe avi\u00e1ria em granja de reprodu\u00e7\u00e3o em Montenegro","datePublished":"2025-05-16T16:00:00+00:00","mainEntityOfPage":{"@id":"https:\/\/folhapopular.info\/index.php\/2025\/05\/16\/confirmado-caso-de-gripe-aviaria-em-granja-de-reproducao-em-montenegro\/"},"wordCount":314,"commentCount":0,"image":{"@id":"https:\/\/folhapopular.info\/index.php\/2025\/05\/16\/confirmado-caso-de-gripe-aviaria-em-granja-de-reproducao-em-montenegro\/#primaryimage"},"thumbnailUrl":"https:\/\/folhapopular.info\/wp-content\/uploads\/2024\/02\/WhatsApp_Image_2023-05-19_at_095628.jpeg","keywords":["frango","gripe avi\u00e1ria","Montenegro","ovos","rural"],"articleSection":["Destaques","Geral"],"inLanguage":"pt-BR","potentialAction":[{"@type":"CommentAction","name":"Comment","target":["https:\/\/folhapopular.info\/index.php\/2025\/05\/16\/confirmado-caso-de-gripe-aviaria-em-granja-de-reproducao-em-montenegro\/#respond"]}]},{"@type":"WebPage","@id":"https:\/\/folhapopular.info\/index.php\/2025\/05\/16\/confirmado-caso-de-gripe-aviaria-em-granja-de-reproducao-em-montenegro\/","url":"https:\/\/folhapopular.info\/index.php\/2025\/05\/16\/confirmado-caso-de-gripe-aviaria-em-granja-de-reproducao-em-montenegro\/","name":"Confirmado caso de gripe avi\u00e1ria em granja de reprodu\u00e7\u00e3o em Montenegro - Folha Popular","isPartOf":{"@id":"https:\/\/folhapopular.info\/#website"},"primaryImageOfPage":{"@id":"https:\/\/folhapopular.info\/index.php\/2025\/05\/16\/confirmado-caso-de-gripe-aviaria-em-granja-de-reproducao-em-montenegro\/#primaryimage"},"image":{"@id":"https:\/\/folhapopular.info\/index.php\/2025\/05\/16\/confirmado-caso-de-gripe-aviaria-em-granja-de-reproducao-em-montenegro\/#primaryimage"},"thumbnailUrl":"https:\/\/folhapopular.info\/wp-content\/uploads\/2024\/02\/WhatsApp_Image_2023-05-19_at_095628.jpeg","datePublished":"2025-05-16T16:00:00+00:00","author":{"@id":"https:\/\/folhapopular.info\/#\/schema\/person\/2814e8a0df7643585a9ca38bc6eb9d4b"},"breadcrumb":{"@id":"https:\/\/folhapopular.info\/index.php\/2025\/05\/16\/confirmado-caso-de-gripe-aviaria-em-granja-de-reproducao-em-montenegro\/#breadcrumb"},"inLanguage":"pt-BR","potentialAction":[{"@type":"ReadAction","target":["https:\/\/folhapopular.info\/index.php\/2025\/05\/16\/confirmado-caso-de-gripe-aviaria-em-granja-de-reproducao-em-montenegro\/"]}]},{"@type":"ImageObject","inLanguage":"pt-BR","@id":"https:\/\/folhapopular.info\/index.php\/2025\/05\/16\/confirmado-caso-de-gripe-aviaria-em-granja-de-reproducao-em-montenegro\/#primaryimage","url":"https:\/\/folhapopular.info\/wp-content\/uploads\/2024\/02\/WhatsApp_Image_2023-05-19_at_095628.jpeg","contentUrl":"https:\/\/folhapopular.info\/wp-content\/uploads\/2024\/02\/WhatsApp_Image_2023-05-19_at_095628.jpeg","width":1024,"height":683,"caption":"Cr\u00e9ditos: Reprodu\u00e7\u00e3o Internet"},{"@type":"BreadcrumbList","@id":"https:\/\/folhapopular.info\/index.php\/2025\/05\/16\/confirmado-caso-de-gripe-aviaria-em-granja-de-reproducao-em-montenegro\/#breadcrumb","itemListElement":[{"@type":"ListItem","position":1,"name":"In\u00edcio","item":"https:\/\/folhapopular.info\/"},{"@type":"ListItem","position":2,"name":"Confirmado caso de gripe avi\u00e1ria em granja de reprodu\u00e7\u00e3o em Montenegro"}]},{"@type":"WebSite","@id":"https:\/\/folhapopular.info\/#website","url":"https:\/\/folhapopular.info\/","name":"Folha Popular","description":"Onde voc\u00ea tem vez e voz","potentialAction":[{"@type":"SearchAction","target":{"@type":"EntryPoint","urlTemplate":"https:\/\/folhapopular.info\/?s={search_term_string}"},"query-input":{"@type":"PropertyValueSpecification","valueRequired":true,"valueName":"search_term_string"}}],"inLanguage":"pt-BR"},{"@type":"Person","@id":"https:\/\/folhapopular.info\/#\/schema\/person\/2814e8a0df7643585a9ca38bc6eb9d4b","name":"Reda\u00e7\u00e3o Folha Popular","image":{"@type":"ImageObject","inLanguage":"pt-BR","@id":"https:\/\/folhapopular.info\/wp-content\/uploads\/2026\/04\/Folha-1.webp","url":"https:\/\/folhapopular.info\/wp-content\/uploads\/2026\/04\/Folha-1.webp","contentUrl":"https:\/\/folhapopular.info\/wp-content\/uploads\/2026\/04\/Folha-1.webp","caption":"Reda\u00e7\u00e3o Folha Popular"},"url":"https:\/\/folhapopular.info\/index.php\/author\/redacao\/"}]}},"jetpack_featured_media_url":"https:\/\/folhapopular.info\/wp-content\/uploads\/2024\/02\/WhatsApp_Image_2023-05-19_at_095628.jpeg","jetpack_sharing_enabled":true,"amp_enabled":true,"_links":{"self":[{"href":"https:\/\/folhapopular.info\/index.php\/wp-json\/wp\/v2\/posts\/186484","targetHints":{"allow":["GET"]}}],"collection":[{"href":"https:\/\/folhapopular.info\/index.php\/wp-json\/wp\/v2\/posts"}],"about":[{"href":"https:\/\/folhapopular.info\/index.php\/wp-json\/wp\/v2\/types\/post"}],"author":[{"embeddable":true,"href":"https:\/\/folhapopular.info\/index.php\/wp-json\/wp\/v2\/users\/8"}],"replies":[{"embeddable":true,"href":"https:\/\/folhapopular.info\/index.php\/wp-json\/wp\/v2\/comments?post=186484"}],"version-history":[{"count":0,"href":"https:\/\/folhapopular.info\/index.php\/wp-json\/wp\/v2\/posts\/186484\/revisions"}],"wp:featuredmedia":[{"embeddable":true,"href":"https:\/\/folhapopular.info\/index.php\/wp-json\/wp\/v2\/media\/150185"}],"wp:attachment":[{"href":"https:\/\/folhapopular.info\/index.php\/wp-json\/wp\/v2\/media?parent=186484"}],"wp:term":[{"taxonomy":"category","embeddable":true,"href":"https:\/\/folhapopular.info\/index.php\/wp-json\/wp\/v2\/categories?post=186484"},{"taxonomy":"post_tag","embeddable":true,"href":"https:\/\/folhapopular.info\/index.php\/wp-json\/wp\/v2\/tags?post=186484"}],"curies":[{"name":"wp","href":"https:\/\/api.w.org\/{rel}","templated":true}]}}