{"id":186677,"date":"2025-05-19T09:27:35","date_gmt":"2025-05-19T12:27:35","guid":{"rendered":"https:\/\/folhapopular.info\/?p=186677"},"modified":"2025-05-19T09:41:31","modified_gmt":"2025-05-19T12:41:31","slug":"fazenda-vilanova-amplia-auxilio-a-estudantes-com-programa-protagonistas-do-amanha","status":"publish","type":"post","link":"https:\/\/folhapopular.info\/index.php\/2025\/05\/19\/fazenda-vilanova-amplia-auxilio-a-estudantes-com-programa-protagonistas-do-amanha\/","title":{"rendered":"Fazenda Vilanova amplia aux\u00edlio a estudantes com programa Protagonistas do Amanh\u00e3"},"content":{"rendered":"\n<p>Em entrevista para a R\u00e1dio Popular, o prefeito de Fazenda Vilanova, Amarildo da Silva, detalhou o programa \u201cProtagonistas do Amanh\u00e3\u201d, uma iniciativa que amplia o subs\u00eddio ao transporte de estudantes da cidade matriculados em cursos t\u00e9cnicos e de gradua\u00e7\u00e3o. O objetivo, segundo o prefeito, \u00e9 incentivar a continuidade dos estudos e contribuir para a forma\u00e7\u00e3o pessoal e profissional dos jovens do munic\u00edpio.<\/p>\n\n\n\n<p>Anteriormente, o apoio era destinado exclusivamente a estudantes que frequentavam cursos noturnos nos munic\u00edpios de Estrela e Lajeado. Agora, o benef\u00edcio se estende a qualquer cidade e em qualquer turno \u2013 incluindo per\u00edodos diurnos. A novidade contempla alunos de cursos t\u00e9cnicos, gradua\u00e7\u00e3o, segunda gradua\u00e7\u00e3o, p\u00f3s-gradua\u00e7\u00e3o, mestrado e doutorado.<\/p>\n\n\n\n<p>\u201cEsse era um compromisso assumido ainda na campanha anterior. Percebemos a necessidade de apoiar todos os nossos estudantes, independentemente da institui\u00e7\u00e3o ou local onde estejam cursando. O importante \u00e9 que continuem se qualificando e buscando conhecimento\u201d, afirmou Amarildo.<\/p>\n\n\n\n<p>A regulamenta\u00e7\u00e3o do programa est\u00e1 prevista na Lei Municipal n\u00ba 238\/2025, que define os crit\u00e9rios, prazos e exig\u00eancias para acesso ao subs\u00eddio. O pagamento ser\u00e1 realizado em duas parcelas anuais: a primeira abrange o per\u00edodo de fevereiro a junho, e a segunda deve ser solicitada at\u00e9 o dia 20 de dezembro. Os interessados devem apresentar a documenta\u00e7\u00e3o necess\u00e1ria \u00e0 Secretaria Municipal de Educa\u00e7\u00e3o dentro dos prazos estabelecidos.<\/p>\n\n\n\n<p><strong>Confira a entrevista na \u00edntegra:<\/strong><\/p>\n\n\n\n<figure class=\"wp-block-embed is-type-video is-provider-youtube wp-block-embed-youtube wp-embed-aspect-4-3 wp-has-aspect-ratio\"><div class=\"wp-block-embed__wrapper\">\nhttps:\/\/www.youtube.com\/live\/o7Y7ebTyLOA?si=k1e6faxqhcAmjdwQ\n<\/div><\/figure>\n","protected":false},"excerpt":{"rendered":"<p>Em entrevista para a R\u00e1dio Popular, o prefeito de Fazenda Vilanova, Amarildo da Silva, detalhou o programa \u201cProtagonistas do Amanh\u00e3\u201d, uma iniciativa que amplia o subs\u00eddio ao transporte de estudantes da cidade matriculados em cursos t\u00e9cnicos e de gradua\u00e7\u00e3o. O objetivo, segundo o prefeito, \u00e9 incentivar a continuidade dos estudos e contribuir para a forma\u00e7\u00e3o [&hellip;]<\/p>\n","protected":false},"author":8,"featured_media":186678,"comment_status":"open","ping_status":"open","sticky":false,"template":"","format":"standard","meta":{"pmpro_default_level":"","_jetpack_memberships_contains_paid_content":false,"footnotes":""},"categories":[2,10988,3],"tags":[801,18477,393],"class_list":{"0":"post-186677","1":"post","2":"type-post","3":"status-publish","4":"format-standard","5":"has-post-thumbnail","7":"category-featured","8":"category-educacao","9":"category-geral","10":"tag-fazenda-vilanova","11":"tag-protagonistas-do-amanha","12":"tag-transporte","13":"pmpro-has-access"},"yoast_head":"<!-- This site is optimized with the Yoast SEO plugin v27.5 - https:\/\/yoast.com\/product\/yoast-seo-wordpress\/ -->\n<title>Fazenda Vilanova amplia aux\u00edlio a estudantes com programa Protagonistas do Amanh\u00e3 - Folha Popular<\/title>\n<meta name=\"robots\" content=\"index, follow, max-snippet:-1, max-image-preview:large, max-video-preview:-1\" \/>\n<link rel=\"canonical\" href=\"https:\/\/folhapopular.info\/index.php\/2025\/05\/19\/fazenda-vilanova-amplia-auxilio-a-estudantes-com-programa-protagonistas-do-amanha\/\" \/>\n<meta property=\"og:locale\" content=\"pt_BR\" \/>\n<meta property=\"og:type\" content=\"article\" \/>\n<meta property=\"og:title\" content=\"Fazenda Vilanova amplia aux\u00edlio a estudantes com programa Protagonistas do Amanh\u00e3 - Folha Popular\" \/>\n<meta property=\"og:description\" content=\"Em entrevista para a R\u00e1dio Popular, o prefeito de Fazenda Vilanova, Amarildo da Silva, detalhou o programa \u201cProtagonistas do Amanh\u00e3\u201d, uma iniciativa que amplia o subs\u00eddio ao transporte de estudantes da cidade matriculados em cursos t\u00e9cnicos e de gradua\u00e7\u00e3o. O objetivo, segundo o prefeito, \u00e9 incentivar a continuidade dos estudos e contribuir para a forma\u00e7\u00e3o [&hellip;]\" \/>\n<meta property=\"og:url\" content=\"https:\/\/folhapopular.info\/index.php\/2025\/05\/19\/fazenda-vilanova-amplia-auxilio-a-estudantes-com-programa-protagonistas-do-amanha\/\" \/>\n<meta property=\"og:site_name\" content=\"Folha Popular\" \/>\n<meta property=\"article:published_time\" content=\"2025-05-19T12:27:35+00:00\" \/>\n<meta property=\"article:modified_time\" content=\"2025-05-19T12:41:31+00:00\" \/>\n<meta property=\"og:image\" content=\"http:\/\/folhapopular.info\/wp-content\/uploads\/2025\/05\/WhatsApp-Image-2025-05-19-at-08.42.13-scaled.jpeg\" \/>\n\t<meta property=\"og:image:width\" content=\"2560\" \/>\n\t<meta property=\"og:image:height\" content=\"1920\" \/>\n\t<meta property=\"og:image:type\" content=\"image\/jpeg\" \/>\n<meta name=\"author\" content=\"Reda\u00e7\u00e3o Folha Popular\" \/>\n<meta name=\"twitter:card\" content=\"summary_large_image\" \/>\n<meta name=\"twitter:label1\" content=\"Escrito por\" \/>\n\t<meta name=\"twitter:data1\" content=\"Reda\u00e7\u00e3o Folha Popular\" \/>\n\t<meta name=\"twitter:label2\" content=\"Est. tempo de leitura\" \/>\n\t<meta name=\"twitter:data2\" content=\"2 minutos\" \/>\n<script type=\"application\/ld+json\" class=\"yoast-schema-graph\">{\"@context\":\"https:\\\/\\\/schema.org\",\"@graph\":[{\"@type\":\"Article\",\"@id\":\"https:\\\/\\\/folhapopular.info\\\/index.php\\\/2025\\\/05\\\/19\\\/fazenda-vilanova-amplia-auxilio-a-estudantes-com-programa-protagonistas-do-amanha\\\/#article\",\"isPartOf\":{\"@id\":\"https:\\\/\\\/folhapopular.info\\\/index.php\\\/2025\\\/05\\\/19\\\/fazenda-vilanova-amplia-auxilio-a-estudantes-com-programa-protagonistas-do-amanha\\\/\"},\"author\":{\"name\":\"Reda\u00e7\u00e3o Folha Popular\",\"@id\":\"https:\\\/\\\/folhapopular.info\\\/#\\\/schema\\\/person\\\/2814e8a0df7643585a9ca38bc6eb9d4b\"},\"headline\":\"Fazenda Vilanova amplia aux\u00edlio a estudantes com programa Protagonistas do Amanh\u00e3\",\"datePublished\":\"2025-05-19T12:27:35+00:00\",\"dateModified\":\"2025-05-19T12:41:31+00:00\",\"mainEntityOfPage\":{\"@id\":\"https:\\\/\\\/folhapopular.info\\\/index.php\\\/2025\\\/05\\\/19\\\/fazenda-vilanova-amplia-auxilio-a-estudantes-com-programa-protagonistas-do-amanha\\\/\"},\"wordCount\":261,\"commentCount\":0,\"image\":{\"@id\":\"https:\\\/\\\/folhapopular.info\\\/index.php\\\/2025\\\/05\\\/19\\\/fazenda-vilanova-amplia-auxilio-a-estudantes-com-programa-protagonistas-do-amanha\\\/#primaryimage\"},\"thumbnailUrl\":\"https:\\\/\\\/folhapopular.info\\\/wp-content\\\/uploads\\\/2025\\\/05\\\/WhatsApp-Image-2025-05-19-at-08.42.13-scaled.jpeg\",\"keywords\":[\"Fazenda Vilanova\",\"Protagonistas do Amanh\u00e3\",\"Transporte\"],\"articleSection\":[\"Destaques\",\"Educa\u00e7\u00e3o\",\"Geral\"],\"inLanguage\":\"pt-BR\",\"potentialAction\":[{\"@type\":\"CommentAction\",\"name\":\"Comment\",\"target\":[\"https:\\\/\\\/folhapopular.info\\\/index.php\\\/2025\\\/05\\\/19\\\/fazenda-vilanova-amplia-auxilio-a-estudantes-com-programa-protagonistas-do-amanha\\\/#respond\"]}]},{\"@type\":\"WebPage\",\"@id\":\"https:\\\/\\\/folhapopular.info\\\/index.php\\\/2025\\\/05\\\/19\\\/fazenda-vilanova-amplia-auxilio-a-estudantes-com-programa-protagonistas-do-amanha\\\/\",\"url\":\"https:\\\/\\\/folhapopular.info\\\/index.php\\\/2025\\\/05\\\/19\\\/fazenda-vilanova-amplia-auxilio-a-estudantes-com-programa-protagonistas-do-amanha\\\/\",\"name\":\"Fazenda Vilanova amplia aux\u00edlio a estudantes com programa Protagonistas do Amanh\u00e3 - Folha Popular\",\"isPartOf\":{\"@id\":\"https:\\\/\\\/folhapopular.info\\\/#website\"},\"primaryImageOfPage\":{\"@id\":\"https:\\\/\\\/folhapopular.info\\\/index.php\\\/2025\\\/05\\\/19\\\/fazenda-vilanova-amplia-auxilio-a-estudantes-com-programa-protagonistas-do-amanha\\\/#primaryimage\"},\"image\":{\"@id\":\"https:\\\/\\\/folhapopular.info\\\/index.php\\\/2025\\\/05\\\/19\\\/fazenda-vilanova-amplia-auxilio-a-estudantes-com-programa-protagonistas-do-amanha\\\/#primaryimage\"},\"thumbnailUrl\":\"https:\\\/\\\/folhapopular.info\\\/wp-content\\\/uploads\\\/2025\\\/05\\\/WhatsApp-Image-2025-05-19-at-08.42.13-scaled.jpeg\",\"datePublished\":\"2025-05-19T12:27:35+00:00\",\"dateModified\":\"2025-05-19T12:41:31+00:00\",\"author\":{\"@id\":\"https:\\\/\\\/folhapopular.info\\\/#\\\/schema\\\/person\\\/2814e8a0df7643585a9ca38bc6eb9d4b\"},\"breadcrumb\":{\"@id\":\"https:\\\/\\\/folhapopular.info\\\/index.php\\\/2025\\\/05\\\/19\\\/fazenda-vilanova-amplia-auxilio-a-estudantes-com-programa-protagonistas-do-amanha\\\/#breadcrumb\"},\"inLanguage\":\"pt-BR\",\"potentialAction\":[{\"@type\":\"ReadAction\",\"target\":[\"https:\\\/\\\/folhapopular.info\\\/index.php\\\/2025\\\/05\\\/19\\\/fazenda-vilanova-amplia-auxilio-a-estudantes-com-programa-protagonistas-do-amanha\\\/\"]}]},{\"@type\":\"ImageObject\",\"inLanguage\":\"pt-BR\",\"@id\":\"https:\\\/\\\/folhapopular.info\\\/index.php\\\/2025\\\/05\\\/19\\\/fazenda-vilanova-amplia-auxilio-a-estudantes-com-programa-protagonistas-do-amanha\\\/#primaryimage\",\"url\":\"https:\\\/\\\/folhapopular.info\\\/wp-content\\\/uploads\\\/2025\\\/05\\\/WhatsApp-Image-2025-05-19-at-08.42.13-scaled.jpeg\",\"contentUrl\":\"https:\\\/\\\/folhapopular.info\\\/wp-content\\\/uploads\\\/2025\\\/05\\\/WhatsApp-Image-2025-05-19-at-08.42.13-scaled.jpeg\",\"width\":2560,\"height\":1920,\"caption\":\"Amarildo Lu\u00eds da Silva \\\/ Cr\u00e9dito: Luciana Brune\"},{\"@type\":\"BreadcrumbList\",\"@id\":\"https:\\\/\\\/folhapopular.info\\\/index.php\\\/2025\\\/05\\\/19\\\/fazenda-vilanova-amplia-auxilio-a-estudantes-com-programa-protagonistas-do-amanha\\\/#breadcrumb\",\"itemListElement\":[{\"@type\":\"ListItem\",\"position\":1,\"name\":\"In\u00edcio\",\"item\":\"https:\\\/\\\/folhapopular.info\\\/\"},{\"@type\":\"ListItem\",\"position\":2,\"name\":\"Fazenda Vilanova amplia aux\u00edlio a estudantes com programa Protagonistas do Amanh\u00e3\"}]},{\"@type\":\"WebSite\",\"@id\":\"https:\\\/\\\/folhapopular.info\\\/#website\",\"url\":\"https:\\\/\\\/folhapopular.info\\\/\",\"name\":\"Folha Popular\",\"description\":\"Onde voc\u00ea tem vez e voz\",\"potentialAction\":[{\"@type\":\"SearchAction\",\"target\":{\"@type\":\"EntryPoint\",\"urlTemplate\":\"https:\\\/\\\/folhapopular.info\\\/?s={search_term_string}\"},\"query-input\":{\"@type\":\"PropertyValueSpecification\",\"valueRequired\":true,\"valueName\":\"search_term_string\"}}],\"inLanguage\":\"pt-BR\"},{\"@type\":\"Person\",\"@id\":\"https:\\\/\\\/folhapopular.info\\\/#\\\/schema\\\/person\\\/2814e8a0df7643585a9ca38bc6eb9d4b\",\"name\":\"Reda\u00e7\u00e3o Folha Popular\",\"image\":{\"@type\":\"ImageObject\",\"inLanguage\":\"pt-BR\",\"@id\":\"https:\\\/\\\/folhapopular.info\\\/wp-content\\\/uploads\\\/2026\\\/04\\\/Folha-1.webp\",\"url\":\"https:\\\/\\\/folhapopular.info\\\/wp-content\\\/uploads\\\/2026\\\/04\\\/Folha-1.webp\",\"contentUrl\":\"https:\\\/\\\/folhapopular.info\\\/wp-content\\\/uploads\\\/2026\\\/04\\\/Folha-1.webp\",\"caption\":\"Reda\u00e7\u00e3o Folha Popular\"},\"url\":\"https:\\\/\\\/folhapopular.info\\\/index.php\\\/author\\\/redacao\\\/\"}]}<\/script>\n<!-- \/ Yoast SEO plugin. -->","yoast_head_json":{"title":"Fazenda Vilanova amplia aux\u00edlio a estudantes com programa Protagonistas do Amanh\u00e3 - Folha Popular","robots":{"index":"index","follow":"follow","max-snippet":"max-snippet:-1","max-image-preview":"max-image-preview:large","max-video-preview":"max-video-preview:-1"},"canonical":"https:\/\/folhapopular.info\/index.php\/2025\/05\/19\/fazenda-vilanova-amplia-auxilio-a-estudantes-com-programa-protagonistas-do-amanha\/","og_locale":"pt_BR","og_type":"article","og_title":"Fazenda Vilanova amplia aux\u00edlio a estudantes com programa Protagonistas do Amanh\u00e3 - Folha Popular","og_description":"Em entrevista para a R\u00e1dio Popular, o prefeito de Fazenda Vilanova, Amarildo da Silva, detalhou o programa \u201cProtagonistas do Amanh\u00e3\u201d, uma iniciativa que amplia o subs\u00eddio ao transporte de estudantes da cidade matriculados em cursos t\u00e9cnicos e de gradua\u00e7\u00e3o. O objetivo, segundo o prefeito, \u00e9 incentivar a continuidade dos estudos e contribuir para a forma\u00e7\u00e3o [&hellip;]","og_url":"https:\/\/folhapopular.info\/index.php\/2025\/05\/19\/fazenda-vilanova-amplia-auxilio-a-estudantes-com-programa-protagonistas-do-amanha\/","og_site_name":"Folha Popular","article_published_time":"2025-05-19T12:27:35+00:00","article_modified_time":"2025-05-19T12:41:31+00:00","og_image":[{"width":2560,"height":1920,"url":"http:\/\/folhapopular.info\/wp-content\/uploads\/2025\/05\/WhatsApp-Image-2025-05-19-at-08.42.13-scaled.jpeg","type":"image\/jpeg"}],"author":"Reda\u00e7\u00e3o Folha Popular","twitter_card":"summary_large_image","twitter_misc":{"Escrito por":"Reda\u00e7\u00e3o Folha Popular","Est. tempo de leitura":"2 minutos"},"schema":{"@context":"https:\/\/schema.org","@graph":[{"@type":"Article","@id":"https:\/\/folhapopular.info\/index.php\/2025\/05\/19\/fazenda-vilanova-amplia-auxilio-a-estudantes-com-programa-protagonistas-do-amanha\/#article","isPartOf":{"@id":"https:\/\/folhapopular.info\/index.php\/2025\/05\/19\/fazenda-vilanova-amplia-auxilio-a-estudantes-com-programa-protagonistas-do-amanha\/"},"author":{"name":"Reda\u00e7\u00e3o Folha Popular","@id":"https:\/\/folhapopular.info\/#\/schema\/person\/2814e8a0df7643585a9ca38bc6eb9d4b"},"headline":"Fazenda Vilanova amplia aux\u00edlio a estudantes com programa Protagonistas do Amanh\u00e3","datePublished":"2025-05-19T12:27:35+00:00","dateModified":"2025-05-19T12:41:31+00:00","mainEntityOfPage":{"@id":"https:\/\/folhapopular.info\/index.php\/2025\/05\/19\/fazenda-vilanova-amplia-auxilio-a-estudantes-com-programa-protagonistas-do-amanha\/"},"wordCount":261,"commentCount":0,"image":{"@id":"https:\/\/folhapopular.info\/index.php\/2025\/05\/19\/fazenda-vilanova-amplia-auxilio-a-estudantes-com-programa-protagonistas-do-amanha\/#primaryimage"},"thumbnailUrl":"https:\/\/folhapopular.info\/wp-content\/uploads\/2025\/05\/WhatsApp-Image-2025-05-19-at-08.42.13-scaled.jpeg","keywords":["Fazenda Vilanova","Protagonistas do Amanh\u00e3","Transporte"],"articleSection":["Destaques","Educa\u00e7\u00e3o","Geral"],"inLanguage":"pt-BR","potentialAction":[{"@type":"CommentAction","name":"Comment","target":["https:\/\/folhapopular.info\/index.php\/2025\/05\/19\/fazenda-vilanova-amplia-auxilio-a-estudantes-com-programa-protagonistas-do-amanha\/#respond"]}]},{"@type":"WebPage","@id":"https:\/\/folhapopular.info\/index.php\/2025\/05\/19\/fazenda-vilanova-amplia-auxilio-a-estudantes-com-programa-protagonistas-do-amanha\/","url":"https:\/\/folhapopular.info\/index.php\/2025\/05\/19\/fazenda-vilanova-amplia-auxilio-a-estudantes-com-programa-protagonistas-do-amanha\/","name":"Fazenda Vilanova amplia aux\u00edlio a estudantes com programa Protagonistas do Amanh\u00e3 - Folha Popular","isPartOf":{"@id":"https:\/\/folhapopular.info\/#website"},"primaryImageOfPage":{"@id":"https:\/\/folhapopular.info\/index.php\/2025\/05\/19\/fazenda-vilanova-amplia-auxilio-a-estudantes-com-programa-protagonistas-do-amanha\/#primaryimage"},"image":{"@id":"https:\/\/folhapopular.info\/index.php\/2025\/05\/19\/fazenda-vilanova-amplia-auxilio-a-estudantes-com-programa-protagonistas-do-amanha\/#primaryimage"},"thumbnailUrl":"https:\/\/folhapopular.info\/wp-content\/uploads\/2025\/05\/WhatsApp-Image-2025-05-19-at-08.42.13-scaled.jpeg","datePublished":"2025-05-19T12:27:35+00:00","dateModified":"2025-05-19T12:41:31+00:00","author":{"@id":"https:\/\/folhapopular.info\/#\/schema\/person\/2814e8a0df7643585a9ca38bc6eb9d4b"},"breadcrumb":{"@id":"https:\/\/folhapopular.info\/index.php\/2025\/05\/19\/fazenda-vilanova-amplia-auxilio-a-estudantes-com-programa-protagonistas-do-amanha\/#breadcrumb"},"inLanguage":"pt-BR","potentialAction":[{"@type":"ReadAction","target":["https:\/\/folhapopular.info\/index.php\/2025\/05\/19\/fazenda-vilanova-amplia-auxilio-a-estudantes-com-programa-protagonistas-do-amanha\/"]}]},{"@type":"ImageObject","inLanguage":"pt-BR","@id":"https:\/\/folhapopular.info\/index.php\/2025\/05\/19\/fazenda-vilanova-amplia-auxilio-a-estudantes-com-programa-protagonistas-do-amanha\/#primaryimage","url":"https:\/\/folhapopular.info\/wp-content\/uploads\/2025\/05\/WhatsApp-Image-2025-05-19-at-08.42.13-scaled.jpeg","contentUrl":"https:\/\/folhapopular.info\/wp-content\/uploads\/2025\/05\/WhatsApp-Image-2025-05-19-at-08.42.13-scaled.jpeg","width":2560,"height":1920,"caption":"Amarildo Lu\u00eds da Silva \/ Cr\u00e9dito: Luciana Brune"},{"@type":"BreadcrumbList","@id":"https:\/\/folhapopular.info\/index.php\/2025\/05\/19\/fazenda-vilanova-amplia-auxilio-a-estudantes-com-programa-protagonistas-do-amanha\/#breadcrumb","itemListElement":[{"@type":"ListItem","position":1,"name":"In\u00edcio","item":"https:\/\/folhapopular.info\/"},{"@type":"ListItem","position":2,"name":"Fazenda Vilanova amplia aux\u00edlio a estudantes com programa Protagonistas do Amanh\u00e3"}]},{"@type":"WebSite","@id":"https:\/\/folhapopular.info\/#website","url":"https:\/\/folhapopular.info\/","name":"Folha Popular","description":"Onde voc\u00ea tem vez e voz","potentialAction":[{"@type":"SearchAction","target":{"@type":"EntryPoint","urlTemplate":"https:\/\/folhapopular.info\/?s={search_term_string}"},"query-input":{"@type":"PropertyValueSpecification","valueRequired":true,"valueName":"search_term_string"}}],"inLanguage":"pt-BR"},{"@type":"Person","@id":"https:\/\/folhapopular.info\/#\/schema\/person\/2814e8a0df7643585a9ca38bc6eb9d4b","name":"Reda\u00e7\u00e3o Folha Popular","image":{"@type":"ImageObject","inLanguage":"pt-BR","@id":"https:\/\/folhapopular.info\/wp-content\/uploads\/2026\/04\/Folha-1.webp","url":"https:\/\/folhapopular.info\/wp-content\/uploads\/2026\/04\/Folha-1.webp","contentUrl":"https:\/\/folhapopular.info\/wp-content\/uploads\/2026\/04\/Folha-1.webp","caption":"Reda\u00e7\u00e3o Folha Popular"},"url":"https:\/\/folhapopular.info\/index.php\/author\/redacao\/"}]}},"jetpack_featured_media_url":"https:\/\/folhapopular.info\/wp-content\/uploads\/2025\/05\/WhatsApp-Image-2025-05-19-at-08.42.13-scaled.jpeg","jetpack_sharing_enabled":true,"amp_enabled":true,"_links":{"self":[{"href":"https:\/\/folhapopular.info\/index.php\/wp-json\/wp\/v2\/posts\/186677","targetHints":{"allow":["GET"]}}],"collection":[{"href":"https:\/\/folhapopular.info\/index.php\/wp-json\/wp\/v2\/posts"}],"about":[{"href":"https:\/\/folhapopular.info\/index.php\/wp-json\/wp\/v2\/types\/post"}],"author":[{"embeddable":true,"href":"https:\/\/folhapopular.info\/index.php\/wp-json\/wp\/v2\/users\/8"}],"replies":[{"embeddable":true,"href":"https:\/\/folhapopular.info\/index.php\/wp-json\/wp\/v2\/comments?post=186677"}],"version-history":[{"count":0,"href":"https:\/\/folhapopular.info\/index.php\/wp-json\/wp\/v2\/posts\/186677\/revisions"}],"wp:featuredmedia":[{"embeddable":true,"href":"https:\/\/folhapopular.info\/index.php\/wp-json\/wp\/v2\/media\/186678"}],"wp:attachment":[{"href":"https:\/\/folhapopular.info\/index.php\/wp-json\/wp\/v2\/media?parent=186677"}],"wp:term":[{"taxonomy":"category","embeddable":true,"href":"https:\/\/folhapopular.info\/index.php\/wp-json\/wp\/v2\/categories?post=186677"},{"taxonomy":"post_tag","embeddable":true,"href":"https:\/\/folhapopular.info\/index.php\/wp-json\/wp\/v2\/tags?post=186677"}],"curies":[{"name":"wp","href":"https:\/\/api.w.org\/{rel}","templated":true}]}}