{"id":186891,"date":"2025-05-21T19:10:42","date_gmt":"2025-05-21T22:10:42","guid":{"rendered":"https:\/\/folhapopular.info\/?p=186891"},"modified":"2025-05-21T19:10:50","modified_gmt":"2025-05-21T22:10:50","slug":"ministerio-publico-do-rs-deflagra-operacao-contra-enio-do-juventude","status":"publish","type":"post","link":"https:\/\/folhapopular.info\/index.php\/2025\/05\/21\/ministerio-publico-do-rs-deflagra-operacao-contra-enio-do-juventude\/","title":{"rendered":"Minist\u00e9rio P\u00fablico do RS deflagra opera\u00e7\u00e3o contra \u00canio, do Juventude"},"content":{"rendered":"\n<p>O atacante \u00canio, jogador do Juventude, est\u00e1 sob investiga\u00e7\u00e3o do Minist\u00e9rio P\u00fablico do Rio Grande do Sul (MPRS) por suspeita de envolvimento em manipula\u00e7\u00e3o de apostas esportivas. A apura\u00e7\u00e3o teve in\u00edcio ap\u00f3s alertas emitidos por casas de apostas sobre movimenta\u00e7\u00f5es at\u00edpicas relacionadas a cart\u00f5es amarelos recebidos pelo atleta em duas partidas do Campeonato Brasileiro.<\/p>\n\n\n\n<p>A primeira suspeita aconteceu na estreia do Brasileir\u00e3o, em 29 de abril, quando \u00canio recebeu um cart\u00e3o amarelo durante o jogo contra o Vit\u00f3ria. O segundo caso foi em 10 de maio, na partida contra o Fortaleza, na qual o jogador foi advertido aos 38 minutos do primeiro tempo. Em ambas as ocasi\u00f5es, as casas de apostas identificaram um volume incomum de apostas espec\u00edficas para que o atleta fosse punido com cart\u00e3o amarelo, o que levantou suspeitas de manipula\u00e7\u00e3o.<\/p>\n\n\n\n<p>Diante das suspeitas, o Grupo de Atua\u00e7\u00e3o Especial de Combate ao Crime Organizado (Gaeco) do MPRS realizou uma opera\u00e7\u00e3o de busca e apreens\u00e3o na resid\u00eancia de \u00canio e no est\u00e1dio Alfredo Jaconi, sede do Juventude, para coletar provas que possam esclarecer os fatos. A a\u00e7\u00e3o, realizada na ter\u00e7a-feira (20\/5), foi motivada por um pedido da Confedera\u00e7\u00e3o Brasileira de Futebol (CBF), que tamb\u00e9m recebeu os alertas das casas de apostas.<\/p>\n\n\n\n<p>Em resposta \u00e0s investiga\u00e7\u00f5es, o Juventude inicialmente afastou \u00canio do elenco. No entanto, ap\u00f3s conversas com o jogador e an\u00e1lise das informa\u00e7\u00f5es dispon\u00edveis, o clube decidiu reintegr\u00e1-lo. Em nota, o clube de Caxias do Sul afirmou que &#8220;\u00canio seguir\u00e1 exercendo normalmente suas atividades, treinando com o grupo e \u00e0 disposi\u00e7\u00e3o da comiss\u00e3o t\u00e9cnica para os compromissos do Campeonato Brasileiro&#8221;, ressaltando o direito constitucional \u00e0 presun\u00e7\u00e3o de inoc\u00eancia do atleta.<\/p>\n\n\n\n<p>Por sua vez, \u00canio negou qualquer envolvimento em esquemas de manipula\u00e7\u00e3o de resultados. Em comunicado divulgado nas redes sociais, o jogador afirmou que n\u00e3o tem envolvimento com as a\u00e7\u00f5es suspeitas. &#8220;Jamais me envolvi com qualquer indiv\u00edduo, grupo de pessoas ou coisas que o valha, que objetivasse algo il\u00edcito, imoral ou desabonador&#8221;, apontou.<\/p>\n\n\n\n<p>Ele tamb\u00e9m declarou estar \u00e0 disposi\u00e7\u00e3o para colaborar com as investiga\u00e7\u00f5es e que tomar\u00e1 as medidas judiciais cab\u00edveis para comprovar sua inoc\u00eancia e responsabilizar aqueles que possam estar agindo de m\u00e1-f\u00e9.<\/p>\n\n\n\n<p>O caso segue em investiga\u00e7\u00e3o pelas autoridades competentes, e o Juventude reiterou seu compromisso com a integridade, \u00e9tica e transpar\u00eancia, colocando-se \u00e0 disposi\u00e7\u00e3o para colaborar com o esclarecimento dos fatos.<\/p>\n\n\n\n<figure class=\"wp-block-gallery has-nested-images columns-default is-cropped wp-block-gallery-1 is-layout-flex wp-block-gallery-is-layout-flex\">\n<figure class=\"wp-block-image size-large\"><img loading=\"lazy\" decoding=\"async\" width=\"682\" height=\"454\" data-id=\"186894\" src=\"https:\/\/folhapopular.info\/wp-content\/uploads\/2025\/05\/500128688_18054381521360347_1072513923557933551_n.jpg\" alt=\"\" class=\"wp-image-186894\" srcset=\"https:\/\/folhapopular.info\/wp-content\/uploads\/2025\/05\/500128688_18054381521360347_1072513923557933551_n.jpg 682w, https:\/\/folhapopular.info\/wp-content\/uploads\/2025\/05\/500128688_18054381521360347_1072513923557933551_n-300x200.jpg 300w, https:\/\/folhapopular.info\/wp-content\/uploads\/2025\/05\/500128688_18054381521360347_1072513923557933551_n-631x420.jpg 631w\" sizes=\"auto, (max-width: 682px) 100vw, 682px\" \/><figcaption class=\"wp-element-caption\">Alfredo Jaconi se transformou<br>em cen\u00e1rio de crime<\/figcaption><\/figure>\n\n\n\n<figure class=\"wp-block-image size-large\"><img loading=\"lazy\" decoding=\"async\" width=\"682\" height=\"454\" data-id=\"186893\" src=\"https:\/\/folhapopular.info\/wp-content\/uploads\/2025\/05\/499991522_18054381539360347_2999198902031183114_n.jpg\" alt=\"\" class=\"wp-image-186893\" srcset=\"https:\/\/folhapopular.info\/wp-content\/uploads\/2025\/05\/499991522_18054381539360347_2999198902031183114_n.jpg 682w, https:\/\/folhapopular.info\/wp-content\/uploads\/2025\/05\/499991522_18054381539360347_2999198902031183114_n-300x200.jpg 300w, https:\/\/folhapopular.info\/wp-content\/uploads\/2025\/05\/499991522_18054381539360347_2999198902031183114_n-631x420.jpg 631w\" sizes=\"auto, (max-width: 682px) 100vw, 682px\" \/><figcaption class=\"wp-element-caption\">Arm\u00e1rio do atleta foi alvo de buscas<\/figcaption><\/figure>\n\n\n\n<figure class=\"wp-block-image size-large\"><img loading=\"lazy\" decoding=\"async\" width=\"682\" height=\"454\" data-id=\"186892\" src=\"https:\/\/folhapopular.info\/wp-content\/uploads\/2025\/05\/499731038_18054381530360347_4277277533449793963_n.jpg\" alt=\"\" class=\"wp-image-186892\" srcset=\"https:\/\/folhapopular.info\/wp-content\/uploads\/2025\/05\/499731038_18054381530360347_4277277533449793963_n.jpg 682w, https:\/\/folhapopular.info\/wp-content\/uploads\/2025\/05\/499731038_18054381530360347_4277277533449793963_n-300x200.jpg 300w, https:\/\/folhapopular.info\/wp-content\/uploads\/2025\/05\/499731038_18054381530360347_4277277533449793963_n-631x420.jpg 631w\" sizes=\"auto, (max-width: 682px) 100vw, 682px\" \/><figcaption class=\"wp-element-caption\">Opera\u00e7\u00e3o foi deflagrada<br>na ter\u00e7a-feira (20\/5)<\/figcaption><\/figure>\n<figcaption class=\"blocks-gallery-caption wp-element-caption\">Cr\u00e9dito: Divulga\u00e7\u00e3o<\/figcaption><\/figure>\n","protected":false},"excerpt":{"rendered":"<p>O atacante \u00canio, jogador do Juventude, est\u00e1 sob investiga\u00e7\u00e3o do Minist\u00e9rio P\u00fablico do Rio Grande do Sul (MPRS) por suspeita de envolvimento em manipula\u00e7\u00e3o de apostas esportivas. A apura\u00e7\u00e3o teve in\u00edcio ap\u00f3s alertas emitidos por casas de apostas sobre movimenta\u00e7\u00f5es at\u00edpicas relacionadas a cart\u00f5es amarelos recebidos pelo atleta em duas partidas do Campeonato Brasileiro. A [&hellip;]<\/p>\n","protected":false},"author":732,"featured_media":186895,"comment_status":"open","ping_status":"open","sticky":false,"template":"","format":"standard","meta":{"pmpro_default_level":"","_jetpack_memberships_contains_paid_content":false,"footnotes":""},"categories":[5,2243],"tags":[18662,2983,2998,18661,2457,880],"class_list":{"0":"post-186891","1":"post","2":"type-post","3":"status-publish","4":"format-standard","5":"has-post-thumbnail","7":"category-esportes","8":"category-futebol-profissional","9":"tag-enio","10":"tag-investigacao","11":"tag-juventude","12":"tag-manipulacao","13":"tag-ministerio-publico","14":"tag-operacao","15":"pmpro-has-access"},"yoast_head":"<!-- This site is optimized with the Yoast SEO plugin v27.5 - https:\/\/yoast.com\/product\/yoast-seo-wordpress\/ -->\n<title>Minist\u00e9rio P\u00fablico do RS deflagra opera\u00e7\u00e3o contra \u00canio, do Juventude - Folha Popular<\/title>\n<meta name=\"robots\" content=\"index, follow, max-snippet:-1, max-image-preview:large, max-video-preview:-1\" \/>\n<link rel=\"canonical\" href=\"https:\/\/folhapopular.info\/index.php\/2025\/05\/21\/ministerio-publico-do-rs-deflagra-operacao-contra-enio-do-juventude\/\" \/>\n<meta property=\"og:locale\" content=\"pt_BR\" \/>\n<meta property=\"og:type\" content=\"article\" \/>\n<meta property=\"og:title\" content=\"Minist\u00e9rio P\u00fablico do RS deflagra opera\u00e7\u00e3o contra \u00canio, do Juventude - Folha Popular\" \/>\n<meta property=\"og:description\" content=\"O atacante \u00canio, jogador do Juventude, est\u00e1 sob investiga\u00e7\u00e3o do Minist\u00e9rio P\u00fablico do Rio Grande do Sul (MPRS) por suspeita de envolvimento em manipula\u00e7\u00e3o de apostas esportivas. A apura\u00e7\u00e3o teve in\u00edcio ap\u00f3s alertas emitidos por casas de apostas sobre movimenta\u00e7\u00f5es at\u00edpicas relacionadas a cart\u00f5es amarelos recebidos pelo atleta em duas partidas do Campeonato Brasileiro. A [&hellip;]\" \/>\n<meta property=\"og:url\" content=\"https:\/\/folhapopular.info\/index.php\/2025\/05\/21\/ministerio-publico-do-rs-deflagra-operacao-contra-enio-do-juventude\/\" \/>\n<meta property=\"og:site_name\" content=\"Folha Popular\" \/>\n<meta property=\"article:author\" content=\"https:\/\/www.facebook.com\/luis.huppes\/\" \/>\n<meta property=\"article:published_time\" content=\"2025-05-21T22:10:42+00:00\" \/>\n<meta property=\"article:modified_time\" content=\"2025-05-21T22:10:50+00:00\" \/>\n<meta property=\"og:image\" content=\"http:\/\/folhapopular.info\/wp-content\/uploads\/2025\/05\/499408872_18054381518360347_172982266244712592_n.jpg\" \/>\n\t<meta property=\"og:image:width\" content=\"682\" \/>\n\t<meta property=\"og:image:height\" content=\"454\" \/>\n\t<meta property=\"og:image:type\" content=\"image\/jpeg\" \/>\n<meta name=\"author\" content=\"Luis Augusto Huppes\" \/>\n<meta name=\"twitter:card\" content=\"summary_large_image\" \/>\n<meta name=\"twitter:label1\" content=\"Escrito por\" \/>\n\t<meta name=\"twitter:data1\" content=\"Luis Augusto Huppes\" \/>\n\t<meta name=\"twitter:label2\" content=\"Est. tempo de leitura\" \/>\n\t<meta name=\"twitter:data2\" content=\"4 minutos\" \/>\n<script type=\"application\/ld+json\" class=\"yoast-schema-graph\">{\"@context\":\"https:\\\/\\\/schema.org\",\"@graph\":[{\"@type\":\"Article\",\"@id\":\"https:\\\/\\\/folhapopular.info\\\/index.php\\\/2025\\\/05\\\/21\\\/ministerio-publico-do-rs-deflagra-operacao-contra-enio-do-juventude\\\/#article\",\"isPartOf\":{\"@id\":\"https:\\\/\\\/folhapopular.info\\\/index.php\\\/2025\\\/05\\\/21\\\/ministerio-publico-do-rs-deflagra-operacao-contra-enio-do-juventude\\\/\"},\"author\":{\"name\":\"Luis Augusto Huppes\",\"@id\":\"https:\\\/\\\/folhapopular.info\\\/#\\\/schema\\\/person\\\/e852c327371714676d02e58cf917fd9f\"},\"headline\":\"Minist\u00e9rio P\u00fablico do RS deflagra opera\u00e7\u00e3o contra \u00canio, do Juventude\",\"datePublished\":\"2025-05-21T22:10:42+00:00\",\"dateModified\":\"2025-05-21T22:10:50+00:00\",\"mainEntityOfPage\":{\"@id\":\"https:\\\/\\\/folhapopular.info\\\/index.php\\\/2025\\\/05\\\/21\\\/ministerio-publico-do-rs-deflagra-operacao-contra-enio-do-juventude\\\/\"},\"wordCount\":466,\"commentCount\":0,\"image\":{\"@id\":\"https:\\\/\\\/folhapopular.info\\\/index.php\\\/2025\\\/05\\\/21\\\/ministerio-publico-do-rs-deflagra-operacao-contra-enio-do-juventude\\\/#primaryimage\"},\"thumbnailUrl\":\"https:\\\/\\\/folhapopular.info\\\/wp-content\\\/uploads\\\/2025\\\/05\\\/499408872_18054381518360347_172982266244712592_n.jpg\",\"keywords\":[\"\u00canio\",\"Investiga\u00e7\u00e3o\",\"Juventude\",\"Manipula\u00e7\u00e3o\",\"Minist\u00e9rio P\u00fablico\",\"Opera\u00e7\u00e3o\"],\"articleSection\":[\"Esportes\",\"Futebol Profissional\"],\"inLanguage\":\"pt-BR\",\"potentialAction\":[{\"@type\":\"CommentAction\",\"name\":\"Comment\",\"target\":[\"https:\\\/\\\/folhapopular.info\\\/index.php\\\/2025\\\/05\\\/21\\\/ministerio-publico-do-rs-deflagra-operacao-contra-enio-do-juventude\\\/#respond\"]}]},{\"@type\":\"WebPage\",\"@id\":\"https:\\\/\\\/folhapopular.info\\\/index.php\\\/2025\\\/05\\\/21\\\/ministerio-publico-do-rs-deflagra-operacao-contra-enio-do-juventude\\\/\",\"url\":\"https:\\\/\\\/folhapopular.info\\\/index.php\\\/2025\\\/05\\\/21\\\/ministerio-publico-do-rs-deflagra-operacao-contra-enio-do-juventude\\\/\",\"name\":\"Minist\u00e9rio P\u00fablico do RS deflagra opera\u00e7\u00e3o contra \u00canio, do Juventude - Folha Popular\",\"isPartOf\":{\"@id\":\"https:\\\/\\\/folhapopular.info\\\/#website\"},\"primaryImageOfPage\":{\"@id\":\"https:\\\/\\\/folhapopular.info\\\/index.php\\\/2025\\\/05\\\/21\\\/ministerio-publico-do-rs-deflagra-operacao-contra-enio-do-juventude\\\/#primaryimage\"},\"image\":{\"@id\":\"https:\\\/\\\/folhapopular.info\\\/index.php\\\/2025\\\/05\\\/21\\\/ministerio-publico-do-rs-deflagra-operacao-contra-enio-do-juventude\\\/#primaryimage\"},\"thumbnailUrl\":\"https:\\\/\\\/folhapopular.info\\\/wp-content\\\/uploads\\\/2025\\\/05\\\/499408872_18054381518360347_172982266244712592_n.jpg\",\"datePublished\":\"2025-05-21T22:10:42+00:00\",\"dateModified\":\"2025-05-21T22:10:50+00:00\",\"author\":{\"@id\":\"https:\\\/\\\/folhapopular.info\\\/#\\\/schema\\\/person\\\/e852c327371714676d02e58cf917fd9f\"},\"breadcrumb\":{\"@id\":\"https:\\\/\\\/folhapopular.info\\\/index.php\\\/2025\\\/05\\\/21\\\/ministerio-publico-do-rs-deflagra-operacao-contra-enio-do-juventude\\\/#breadcrumb\"},\"inLanguage\":\"pt-BR\",\"potentialAction\":[{\"@type\":\"ReadAction\",\"target\":[\"https:\\\/\\\/folhapopular.info\\\/index.php\\\/2025\\\/05\\\/21\\\/ministerio-publico-do-rs-deflagra-operacao-contra-enio-do-juventude\\\/\"]}]},{\"@type\":\"ImageObject\",\"inLanguage\":\"pt-BR\",\"@id\":\"https:\\\/\\\/folhapopular.info\\\/index.php\\\/2025\\\/05\\\/21\\\/ministerio-publico-do-rs-deflagra-operacao-contra-enio-do-juventude\\\/#primaryimage\",\"url\":\"https:\\\/\\\/folhapopular.info\\\/wp-content\\\/uploads\\\/2025\\\/05\\\/499408872_18054381518360347_172982266244712592_n.jpg\",\"contentUrl\":\"https:\\\/\\\/folhapopular.info\\\/wp-content\\\/uploads\\\/2025\\\/05\\\/499408872_18054381518360347_172982266244712592_n.jpg\",\"width\":682,\"height\":454,\"caption\":\"Opera\u00e7\u00e3o foi conduzida pelo Gaeco em Caxias do Sul - Cr\u00e9dito: Divulga\u00e7\u00e3o\"},{\"@type\":\"BreadcrumbList\",\"@id\":\"https:\\\/\\\/folhapopular.info\\\/index.php\\\/2025\\\/05\\\/21\\\/ministerio-publico-do-rs-deflagra-operacao-contra-enio-do-juventude\\\/#breadcrumb\",\"itemListElement\":[{\"@type\":\"ListItem\",\"position\":1,\"name\":\"In\u00edcio\",\"item\":\"https:\\\/\\\/folhapopular.info\\\/\"},{\"@type\":\"ListItem\",\"position\":2,\"name\":\"Minist\u00e9rio P\u00fablico do RS deflagra opera\u00e7\u00e3o contra \u00canio, do Juventude\"}]},{\"@type\":\"WebSite\",\"@id\":\"https:\\\/\\\/folhapopular.info\\\/#website\",\"url\":\"https:\\\/\\\/folhapopular.info\\\/\",\"name\":\"Folha Popular\",\"description\":\"Onde voc\u00ea tem vez e voz\",\"potentialAction\":[{\"@type\":\"SearchAction\",\"target\":{\"@type\":\"EntryPoint\",\"urlTemplate\":\"https:\\\/\\\/folhapopular.info\\\/?s={search_term_string}\"},\"query-input\":{\"@type\":\"PropertyValueSpecification\",\"valueRequired\":true,\"valueName\":\"search_term_string\"}}],\"inLanguage\":\"pt-BR\"},{\"@type\":\"Person\",\"@id\":\"https:\\\/\\\/folhapopular.info\\\/#\\\/schema\\\/person\\\/e852c327371714676d02e58cf917fd9f\",\"name\":\"Luis Augusto Huppes\",\"image\":{\"@type\":\"ImageObject\",\"inLanguage\":\"pt-BR\",\"@id\":\"https:\\\/\\\/folhapopular.info\\\/wp-content\\\/uploads\\\/2026\\\/04\\\/Luis-Augusto-Huppes-1-1.webp\",\"url\":\"https:\\\/\\\/folhapopular.info\\\/wp-content\\\/uploads\\\/2026\\\/04\\\/Luis-Augusto-Huppes-1-1.webp\",\"contentUrl\":\"https:\\\/\\\/folhapopular.info\\\/wp-content\\\/uploads\\\/2026\\\/04\\\/Luis-Augusto-Huppes-1-1.webp\",\"caption\":\"Luis Augusto Huppes\"},\"sameAs\":[\"https:\\\/\\\/www.facebook.com\\\/luis.huppes\\\/\",\"https:\\\/\\\/www.instagram.com\\\/luis.huppes\\\/\",\"https:\\\/\\\/www.linkedin.com\\\/in\\\/luis-augusto-huppes-2554b52b7\\\/\"],\"url\":\"https:\\\/\\\/folhapopular.info\\\/index.php\\\/author\\\/luis-augusto-huppes\\\/\"}]}<\/script>\n<!-- \/ Yoast SEO plugin. -->","yoast_head_json":{"title":"Minist\u00e9rio P\u00fablico do RS deflagra opera\u00e7\u00e3o contra \u00canio, do Juventude - Folha Popular","robots":{"index":"index","follow":"follow","max-snippet":"max-snippet:-1","max-image-preview":"max-image-preview:large","max-video-preview":"max-video-preview:-1"},"canonical":"https:\/\/folhapopular.info\/index.php\/2025\/05\/21\/ministerio-publico-do-rs-deflagra-operacao-contra-enio-do-juventude\/","og_locale":"pt_BR","og_type":"article","og_title":"Minist\u00e9rio P\u00fablico do RS deflagra opera\u00e7\u00e3o contra \u00canio, do Juventude - Folha Popular","og_description":"O atacante \u00canio, jogador do Juventude, est\u00e1 sob investiga\u00e7\u00e3o do Minist\u00e9rio P\u00fablico do Rio Grande do Sul (MPRS) por suspeita de envolvimento em manipula\u00e7\u00e3o de apostas esportivas. A apura\u00e7\u00e3o teve in\u00edcio ap\u00f3s alertas emitidos por casas de apostas sobre movimenta\u00e7\u00f5es at\u00edpicas relacionadas a cart\u00f5es amarelos recebidos pelo atleta em duas partidas do Campeonato Brasileiro. A [&hellip;]","og_url":"https:\/\/folhapopular.info\/index.php\/2025\/05\/21\/ministerio-publico-do-rs-deflagra-operacao-contra-enio-do-juventude\/","og_site_name":"Folha Popular","article_author":"https:\/\/www.facebook.com\/luis.huppes\/","article_published_time":"2025-05-21T22:10:42+00:00","article_modified_time":"2025-05-21T22:10:50+00:00","og_image":[{"width":682,"height":454,"url":"http:\/\/folhapopular.info\/wp-content\/uploads\/2025\/05\/499408872_18054381518360347_172982266244712592_n.jpg","type":"image\/jpeg"}],"author":"Luis Augusto Huppes","twitter_card":"summary_large_image","twitter_misc":{"Escrito por":"Luis Augusto Huppes","Est. tempo de leitura":"4 minutos"},"schema":{"@context":"https:\/\/schema.org","@graph":[{"@type":"Article","@id":"https:\/\/folhapopular.info\/index.php\/2025\/05\/21\/ministerio-publico-do-rs-deflagra-operacao-contra-enio-do-juventude\/#article","isPartOf":{"@id":"https:\/\/folhapopular.info\/index.php\/2025\/05\/21\/ministerio-publico-do-rs-deflagra-operacao-contra-enio-do-juventude\/"},"author":{"name":"Luis Augusto Huppes","@id":"https:\/\/folhapopular.info\/#\/schema\/person\/e852c327371714676d02e58cf917fd9f"},"headline":"Minist\u00e9rio P\u00fablico do RS deflagra opera\u00e7\u00e3o contra \u00canio, do Juventude","datePublished":"2025-05-21T22:10:42+00:00","dateModified":"2025-05-21T22:10:50+00:00","mainEntityOfPage":{"@id":"https:\/\/folhapopular.info\/index.php\/2025\/05\/21\/ministerio-publico-do-rs-deflagra-operacao-contra-enio-do-juventude\/"},"wordCount":466,"commentCount":0,"image":{"@id":"https:\/\/folhapopular.info\/index.php\/2025\/05\/21\/ministerio-publico-do-rs-deflagra-operacao-contra-enio-do-juventude\/#primaryimage"},"thumbnailUrl":"https:\/\/folhapopular.info\/wp-content\/uploads\/2025\/05\/499408872_18054381518360347_172982266244712592_n.jpg","keywords":["\u00canio","Investiga\u00e7\u00e3o","Juventude","Manipula\u00e7\u00e3o","Minist\u00e9rio P\u00fablico","Opera\u00e7\u00e3o"],"articleSection":["Esportes","Futebol Profissional"],"inLanguage":"pt-BR","potentialAction":[{"@type":"CommentAction","name":"Comment","target":["https:\/\/folhapopular.info\/index.php\/2025\/05\/21\/ministerio-publico-do-rs-deflagra-operacao-contra-enio-do-juventude\/#respond"]}]},{"@type":"WebPage","@id":"https:\/\/folhapopular.info\/index.php\/2025\/05\/21\/ministerio-publico-do-rs-deflagra-operacao-contra-enio-do-juventude\/","url":"https:\/\/folhapopular.info\/index.php\/2025\/05\/21\/ministerio-publico-do-rs-deflagra-operacao-contra-enio-do-juventude\/","name":"Minist\u00e9rio P\u00fablico do RS deflagra opera\u00e7\u00e3o contra \u00canio, do Juventude - Folha Popular","isPartOf":{"@id":"https:\/\/folhapopular.info\/#website"},"primaryImageOfPage":{"@id":"https:\/\/folhapopular.info\/index.php\/2025\/05\/21\/ministerio-publico-do-rs-deflagra-operacao-contra-enio-do-juventude\/#primaryimage"},"image":{"@id":"https:\/\/folhapopular.info\/index.php\/2025\/05\/21\/ministerio-publico-do-rs-deflagra-operacao-contra-enio-do-juventude\/#primaryimage"},"thumbnailUrl":"https:\/\/folhapopular.info\/wp-content\/uploads\/2025\/05\/499408872_18054381518360347_172982266244712592_n.jpg","datePublished":"2025-05-21T22:10:42+00:00","dateModified":"2025-05-21T22:10:50+00:00","author":{"@id":"https:\/\/folhapopular.info\/#\/schema\/person\/e852c327371714676d02e58cf917fd9f"},"breadcrumb":{"@id":"https:\/\/folhapopular.info\/index.php\/2025\/05\/21\/ministerio-publico-do-rs-deflagra-operacao-contra-enio-do-juventude\/#breadcrumb"},"inLanguage":"pt-BR","potentialAction":[{"@type":"ReadAction","target":["https:\/\/folhapopular.info\/index.php\/2025\/05\/21\/ministerio-publico-do-rs-deflagra-operacao-contra-enio-do-juventude\/"]}]},{"@type":"ImageObject","inLanguage":"pt-BR","@id":"https:\/\/folhapopular.info\/index.php\/2025\/05\/21\/ministerio-publico-do-rs-deflagra-operacao-contra-enio-do-juventude\/#primaryimage","url":"https:\/\/folhapopular.info\/wp-content\/uploads\/2025\/05\/499408872_18054381518360347_172982266244712592_n.jpg","contentUrl":"https:\/\/folhapopular.info\/wp-content\/uploads\/2025\/05\/499408872_18054381518360347_172982266244712592_n.jpg","width":682,"height":454,"caption":"Opera\u00e7\u00e3o foi conduzida pelo Gaeco em Caxias do Sul - Cr\u00e9dito: Divulga\u00e7\u00e3o"},{"@type":"BreadcrumbList","@id":"https:\/\/folhapopular.info\/index.php\/2025\/05\/21\/ministerio-publico-do-rs-deflagra-operacao-contra-enio-do-juventude\/#breadcrumb","itemListElement":[{"@type":"ListItem","position":1,"name":"In\u00edcio","item":"https:\/\/folhapopular.info\/"},{"@type":"ListItem","position":2,"name":"Minist\u00e9rio P\u00fablico do RS deflagra opera\u00e7\u00e3o contra \u00canio, do Juventude"}]},{"@type":"WebSite","@id":"https:\/\/folhapopular.info\/#website","url":"https:\/\/folhapopular.info\/","name":"Folha Popular","description":"Onde voc\u00ea tem vez e voz","potentialAction":[{"@type":"SearchAction","target":{"@type":"EntryPoint","urlTemplate":"https:\/\/folhapopular.info\/?s={search_term_string}"},"query-input":{"@type":"PropertyValueSpecification","valueRequired":true,"valueName":"search_term_string"}}],"inLanguage":"pt-BR"},{"@type":"Person","@id":"https:\/\/folhapopular.info\/#\/schema\/person\/e852c327371714676d02e58cf917fd9f","name":"Luis Augusto Huppes","image":{"@type":"ImageObject","inLanguage":"pt-BR","@id":"https:\/\/folhapopular.info\/wp-content\/uploads\/2026\/04\/Luis-Augusto-Huppes-1-1.webp","url":"https:\/\/folhapopular.info\/wp-content\/uploads\/2026\/04\/Luis-Augusto-Huppes-1-1.webp","contentUrl":"https:\/\/folhapopular.info\/wp-content\/uploads\/2026\/04\/Luis-Augusto-Huppes-1-1.webp","caption":"Luis Augusto Huppes"},"sameAs":["https:\/\/www.facebook.com\/luis.huppes\/","https:\/\/www.instagram.com\/luis.huppes\/","https:\/\/www.linkedin.com\/in\/luis-augusto-huppes-2554b52b7\/"],"url":"https:\/\/folhapopular.info\/index.php\/author\/luis-augusto-huppes\/"}]}},"jetpack_featured_media_url":"https:\/\/folhapopular.info\/wp-content\/uploads\/2025\/05\/499408872_18054381518360347_172982266244712592_n.jpg","jetpack_sharing_enabled":true,"amp_enabled":true,"_links":{"self":[{"href":"https:\/\/folhapopular.info\/index.php\/wp-json\/wp\/v2\/posts\/186891","targetHints":{"allow":["GET"]}}],"collection":[{"href":"https:\/\/folhapopular.info\/index.php\/wp-json\/wp\/v2\/posts"}],"about":[{"href":"https:\/\/folhapopular.info\/index.php\/wp-json\/wp\/v2\/types\/post"}],"author":[{"embeddable":true,"href":"https:\/\/folhapopular.info\/index.php\/wp-json\/wp\/v2\/users\/732"}],"replies":[{"embeddable":true,"href":"https:\/\/folhapopular.info\/index.php\/wp-json\/wp\/v2\/comments?post=186891"}],"version-history":[{"count":0,"href":"https:\/\/folhapopular.info\/index.php\/wp-json\/wp\/v2\/posts\/186891\/revisions"}],"wp:featuredmedia":[{"embeddable":true,"href":"https:\/\/folhapopular.info\/index.php\/wp-json\/wp\/v2\/media\/186895"}],"wp:attachment":[{"href":"https:\/\/folhapopular.info\/index.php\/wp-json\/wp\/v2\/media?parent=186891"}],"wp:term":[{"taxonomy":"category","embeddable":true,"href":"https:\/\/folhapopular.info\/index.php\/wp-json\/wp\/v2\/categories?post=186891"},{"taxonomy":"post_tag","embeddable":true,"href":"https:\/\/folhapopular.info\/index.php\/wp-json\/wp\/v2\/tags?post=186891"}],"curies":[{"name":"wp","href":"https:\/\/api.w.org\/{rel}","templated":true}]}}