{"id":187042,"date":"2025-05-24T12:37:11","date_gmt":"2025-05-24T15:37:11","guid":{"rendered":"https:\/\/folhapopular.info\/?p=187042"},"modified":"2025-05-24T12:37:58","modified_gmt":"2025-05-24T15:37:58","slug":"decisao-do-municipal-de-imigrante-sera-definida-no-domingo","status":"publish","type":"post","link":"https:\/\/folhapopular.info\/index.php\/2025\/05\/24\/decisao-do-municipal-de-imigrante-sera-definida-no-domingo\/","title":{"rendered":"Decis\u00e3o do Municipal de Imigrante ser\u00e1 definida no domingo"},"content":{"rendered":"\n<p>Os finalistas do Campeonato Municipal de Futebol de Campo de Imigrante ser\u00e3o definidos neste domingo (25\/5) em Daltro Filho, na sede esportiva do Riograndense.<\/p>\n\n\n\n<p>As partidas do domingo passado (18\/5) encerraram com resultados iguais: dois empates em 0 a 0, sem muitas oportunidades para nenhuma das quatro equipes. Os duelos ficaram marcados pela grande presen\u00e7a de p\u00fablico, por\u00e9m, as fortes chuvas que atingiram a regi\u00e3o atrapalharam os espet\u00e1culos.<\/p>\n\n\n\n<p>Agora, neste domingo, os mesmos quatro jogos ocorrem novamente. A partir das 13h30, Canarinho e Cruzeiro se enfrentam. Na primeira fase, as equipes se encontraram na segunda rodada e ficaram no empate pelo placar de 1 a 1, em jogo realizado na Linha Imhoff. Pela partida de ida das semis, o empate em 0 a 0 ficou marcado pelo embate na faixa central do gramado e as poucas boas oportunidades criadas pelos ataques n\u00e3o inspirados e afetados pela chuva, al\u00e9m do medo de talvez perder o confronto.<\/p>\n\n\n\n<p>O resultado n\u00e3o d\u00e1 vantagem para ningu\u00e9m na partida de volta, o que deixa o duelo em aberto, com chances de classifica\u00e7\u00e3o para as duas equipes. Um novo empate for\u00e7a a disputa por penalidades, enquanto uma vit\u00f3ria de qualquer um dos lados classifica o vencedor para a S\u00e9rie Ouro.<\/p>\n\n\n\n<h3 class=\"wp-block-heading\"><strong>Cl\u00e1ssico<\/strong><\/h3>\n\n\n\n<p>Pelo outro lado da chave, mais tarde, um dos jogos mais aguardados dos recentes anos volta a acontecer. Riograndense e Ecas disputam uma vaga na decis\u00e3o de um campeonato depois de muito tempo. A rivalidade acirrada e as apaixonadas torcidas devem comandar a partida, que carrega os ares de decis\u00e3o do campeonato.<\/p>\n\n\n\n<p>O primeiro jogo do certame tamb\u00e9m ficou no 0 a 0, e agora nenhuma das equipes levam empate para a disputa. Assim como no jogo de Canarinho e Cruzeiro, Riograndense e Ecas dependem apenas de si para se classificar. Novo empate for\u00e7a p\u00eanaltis e uma vit\u00f3ria simples para qualquer lado define quem avan\u00e7a \u00e0s finais. No outro duelo entre os dois times, o Riograndense bateu o Ecas pelo placar de 4 a 2.<\/p>\n\n\n\n<figure class=\"wp-block-table is-style-stripes\"><table class=\"has-light-green-cyan-to-vivid-green-cyan-gradient-background has-background\"><tbody><tr><td><strong>\u2192 Semifinais &#8211; Volta<\/strong><\/td><td><\/td><td><\/td><td><\/td><td><\/td><td><\/td><td><\/td><\/tr><tr><td class=\"has-text-align-center\" data-align=\"center\"><strong>Local<\/strong><\/td><td class=\"has-text-align-center\" data-align=\"center\"><strong>Data<\/strong><\/td><td class=\"has-text-align-center\" data-align=\"center\"><strong>Hora<\/strong><\/td><td class=\"has-text-align-center\" data-align=\"center\"><\/td><td><strong>            Jogos<\/strong><\/td><td><\/td><td><\/td><\/tr><tr><td class=\"has-text-align-center\" data-align=\"center\">Daltro Filho<\/td><td class=\"has-text-align-center\" data-align=\"center\">25\/5<\/td><td class=\"has-text-align-center\" data-align=\"center\">13h30<\/td><td class=\"has-text-align-center\" data-align=\"center\">Cruzeiro<\/td><td class=\"has-text-align-center\" data-align=\"center\">x<\/td><td class=\"has-text-align-center\" data-align=\"center\">Canarinho<\/td><td><\/td><\/tr><tr><td class=\"has-text-align-center\" data-align=\"center\">Daltro Filho<\/td><td class=\"has-text-align-center\" data-align=\"center\">25\/5<\/td><td class=\"has-text-align-center\" data-align=\"center\">15h30<\/td><td class=\"has-text-align-center\" data-align=\"center\">Riograndense<\/td><td class=\"has-text-align-center\" data-align=\"center\">x<\/td><td class=\"has-text-align-center\" data-align=\"center\">Ecas<\/td><td><\/td><\/tr><tr><td><\/td><td><\/td><td><\/td><td><\/td><td><\/td><td><\/td><td><\/td><\/tr><tr><td><strong>\u2192 Semifinais &#8211; Ida<\/strong><\/td><td><\/td><td><\/td><td><\/td><td><\/td><td><\/td><td><\/td><\/tr><tr><td class=\"has-text-align-center\" data-align=\"center\"><strong>Local<\/strong><\/td><td class=\"has-text-align-center\" data-align=\"center\"><strong>Data<\/strong><\/td><td class=\"has-text-align-center\" data-align=\"center\"><\/td><td>     <\/td><td><strong>       Resultados<\/strong><\/td><td><\/td><td><\/td><\/tr><tr><td class=\"has-text-align-center\" data-align=\"center\">Centro<\/td><td class=\"has-text-align-center\" data-align=\"center\">18\/5<\/td><td class=\"has-text-align-center\" data-align=\"center\">Cruzeiro<\/td><td class=\"has-text-align-center\" data-align=\"center\">0<\/td><td class=\"has-text-align-center\" data-align=\"center\">x<\/td><td class=\"has-text-align-center\" data-align=\"center\">0<\/td><td class=\"has-text-align-center\" data-align=\"center\">Canarinho<\/td><\/tr><tr><td class=\"has-text-align-center\" data-align=\"center\">Centro<\/td><td class=\"has-text-align-center\" data-align=\"center\">18\/5<\/td><td class=\"has-text-align-center\" data-align=\"center\">Riograndense<\/td><td class=\"has-text-align-center\" data-align=\"center\">0<\/td><td class=\"has-text-align-center\" data-align=\"center\">x<\/td><td class=\"has-text-align-center\" data-align=\"center\">0<\/td><td class=\"has-text-align-center\" data-align=\"center\">Ecas<\/td><\/tr><\/tbody><\/table><\/figure>\n","protected":false},"excerpt":{"rendered":"<p>Os finalistas do Campeonato Municipal de Futebol de Campo de Imigrante ser\u00e3o definidos neste domingo (25\/5) em Daltro Filho, na sede esportiva do Riograndense. As partidas do domingo passado (18\/5) encerraram com resultados iguais: dois empates em 0 a 0, sem muitas oportunidades para nenhuma das quatro equipes. Os duelos ficaram marcados pela grande presen\u00e7a [&hellip;]<\/p>\n","protected":false},"author":732,"featured_media":187043,"comment_status":"open","ping_status":"open","sticky":false,"template":"","format":"standard","meta":{"pmpro_default_level":"","_jetpack_memberships_contains_paid_content":false,"footnotes":""},"categories":[5,240],"tags":[499,147,34],"class_list":{"0":"post-187042","1":"post","2":"type-post","3":"status-publish","4":"format-standard","5":"has-post-thumbnail","7":"category-esportes","8":"category-futebol-amador","9":"tag-campeonato-municipal","10":"tag-futebol-amador","11":"tag-imigrante","12":"pmpro-has-access"},"yoast_head":"<!-- This site is optimized with the Yoast SEO plugin v27.5 - https:\/\/yoast.com\/product\/yoast-seo-wordpress\/ -->\n<title>Decis\u00e3o do Municipal de Imigrante ser\u00e1 definida no domingo - Folha Popular<\/title>\n<meta name=\"robots\" content=\"index, follow, max-snippet:-1, max-image-preview:large, max-video-preview:-1\" \/>\n<link rel=\"canonical\" href=\"https:\/\/folhapopular.info\/index.php\/2025\/05\/24\/decisao-do-municipal-de-imigrante-sera-definida-no-domingo\/\" \/>\n<meta property=\"og:locale\" content=\"pt_BR\" \/>\n<meta property=\"og:type\" content=\"article\" \/>\n<meta property=\"og:title\" content=\"Decis\u00e3o do Municipal de Imigrante ser\u00e1 definida no domingo - Folha Popular\" \/>\n<meta property=\"og:description\" content=\"Os finalistas do Campeonato Municipal de Futebol de Campo de Imigrante ser\u00e3o definidos neste domingo (25\/5) em Daltro Filho, na sede esportiva do Riograndense. As partidas do domingo passado (18\/5) encerraram com resultados iguais: dois empates em 0 a 0, sem muitas oportunidades para nenhuma das quatro equipes. Os duelos ficaram marcados pela grande presen\u00e7a [&hellip;]\" \/>\n<meta property=\"og:url\" content=\"https:\/\/folhapopular.info\/index.php\/2025\/05\/24\/decisao-do-municipal-de-imigrante-sera-definida-no-domingo\/\" \/>\n<meta property=\"og:site_name\" content=\"Folha Popular\" \/>\n<meta property=\"article:author\" content=\"https:\/\/www.facebook.com\/luis.huppes\/\" \/>\n<meta property=\"article:published_time\" content=\"2025-05-24T15:37:11+00:00\" \/>\n<meta property=\"article:modified_time\" content=\"2025-05-24T15:37:58+00:00\" \/>\n<meta property=\"og:image\" content=\"http:\/\/folhapopular.info\/wp-content\/uploads\/2025\/05\/WhatsApp-Image-2025-05-24-at-11.13.31.jpeg\" \/>\n\t<meta property=\"og:image:width\" content=\"1600\" \/>\n\t<meta property=\"og:image:height\" content=\"1066\" \/>\n\t<meta property=\"og:image:type\" content=\"image\/jpeg\" \/>\n<meta name=\"author\" content=\"Luis Augusto Huppes\" \/>\n<meta name=\"twitter:card\" content=\"summary_large_image\" \/>\n<meta name=\"twitter:label1\" content=\"Escrito por\" \/>\n\t<meta name=\"twitter:data1\" content=\"Luis Augusto Huppes\" \/>\n\t<meta name=\"twitter:label2\" content=\"Est. tempo de leitura\" \/>\n\t<meta name=\"twitter:data2\" content=\"3 minutos\" \/>\n<script type=\"application\/ld+json\" class=\"yoast-schema-graph\">{\"@context\":\"https:\\\/\\\/schema.org\",\"@graph\":[{\"@type\":\"Article\",\"@id\":\"https:\\\/\\\/folhapopular.info\\\/index.php\\\/2025\\\/05\\\/24\\\/decisao-do-municipal-de-imigrante-sera-definida-no-domingo\\\/#article\",\"isPartOf\":{\"@id\":\"https:\\\/\\\/folhapopular.info\\\/index.php\\\/2025\\\/05\\\/24\\\/decisao-do-municipal-de-imigrante-sera-definida-no-domingo\\\/\"},\"author\":{\"name\":\"Luis Augusto Huppes\",\"@id\":\"https:\\\/\\\/folhapopular.info\\\/#\\\/schema\\\/person\\\/e852c327371714676d02e58cf917fd9f\"},\"headline\":\"Decis\u00e3o do Municipal de Imigrante ser\u00e1 definida no domingo\",\"datePublished\":\"2025-05-24T15:37:11+00:00\",\"dateModified\":\"2025-05-24T15:37:58+00:00\",\"mainEntityOfPage\":{\"@id\":\"https:\\\/\\\/folhapopular.info\\\/index.php\\\/2025\\\/05\\\/24\\\/decisao-do-municipal-de-imigrante-sera-definida-no-domingo\\\/\"},\"wordCount\":383,\"commentCount\":0,\"image\":{\"@id\":\"https:\\\/\\\/folhapopular.info\\\/index.php\\\/2025\\\/05\\\/24\\\/decisao-do-municipal-de-imigrante-sera-definida-no-domingo\\\/#primaryimage\"},\"thumbnailUrl\":\"https:\\\/\\\/folhapopular.info\\\/wp-content\\\/uploads\\\/2025\\\/05\\\/WhatsApp-Image-2025-05-24-at-11.13.31.jpeg\",\"keywords\":[\"Campeonato Municipal\",\"futebol amador\",\"Imigrante\"],\"articleSection\":[\"Esportes\",\"Futebol Amador\"],\"inLanguage\":\"pt-BR\",\"potentialAction\":[{\"@type\":\"CommentAction\",\"name\":\"Comment\",\"target\":[\"https:\\\/\\\/folhapopular.info\\\/index.php\\\/2025\\\/05\\\/24\\\/decisao-do-municipal-de-imigrante-sera-definida-no-domingo\\\/#respond\"]}]},{\"@type\":\"WebPage\",\"@id\":\"https:\\\/\\\/folhapopular.info\\\/index.php\\\/2025\\\/05\\\/24\\\/decisao-do-municipal-de-imigrante-sera-definida-no-domingo\\\/\",\"url\":\"https:\\\/\\\/folhapopular.info\\\/index.php\\\/2025\\\/05\\\/24\\\/decisao-do-municipal-de-imigrante-sera-definida-no-domingo\\\/\",\"name\":\"Decis\u00e3o do Municipal de Imigrante ser\u00e1 definida no domingo - Folha Popular\",\"isPartOf\":{\"@id\":\"https:\\\/\\\/folhapopular.info\\\/#website\"},\"primaryImageOfPage\":{\"@id\":\"https:\\\/\\\/folhapopular.info\\\/index.php\\\/2025\\\/05\\\/24\\\/decisao-do-municipal-de-imigrante-sera-definida-no-domingo\\\/#primaryimage\"},\"image\":{\"@id\":\"https:\\\/\\\/folhapopular.info\\\/index.php\\\/2025\\\/05\\\/24\\\/decisao-do-municipal-de-imigrante-sera-definida-no-domingo\\\/#primaryimage\"},\"thumbnailUrl\":\"https:\\\/\\\/folhapopular.info\\\/wp-content\\\/uploads\\\/2025\\\/05\\\/WhatsApp-Image-2025-05-24-at-11.13.31.jpeg\",\"datePublished\":\"2025-05-24T15:37:11+00:00\",\"dateModified\":\"2025-05-24T15:37:58+00:00\",\"author\":{\"@id\":\"https:\\\/\\\/folhapopular.info\\\/#\\\/schema\\\/person\\\/e852c327371714676d02e58cf917fd9f\"},\"breadcrumb\":{\"@id\":\"https:\\\/\\\/folhapopular.info\\\/index.php\\\/2025\\\/05\\\/24\\\/decisao-do-municipal-de-imigrante-sera-definida-no-domingo\\\/#breadcrumb\"},\"inLanguage\":\"pt-BR\",\"potentialAction\":[{\"@type\":\"ReadAction\",\"target\":[\"https:\\\/\\\/folhapopular.info\\\/index.php\\\/2025\\\/05\\\/24\\\/decisao-do-municipal-de-imigrante-sera-definida-no-domingo\\\/\"]}]},{\"@type\":\"ImageObject\",\"inLanguage\":\"pt-BR\",\"@id\":\"https:\\\/\\\/folhapopular.info\\\/index.php\\\/2025\\\/05\\\/24\\\/decisao-do-municipal-de-imigrante-sera-definida-no-domingo\\\/#primaryimage\",\"url\":\"https:\\\/\\\/folhapopular.info\\\/wp-content\\\/uploads\\\/2025\\\/05\\\/WhatsApp-Image-2025-05-24-at-11.13.31.jpeg\",\"contentUrl\":\"https:\\\/\\\/folhapopular.info\\\/wp-content\\\/uploads\\\/2025\\\/05\\\/WhatsApp-Image-2025-05-24-at-11.13.31.jpeg\",\"width\":1600,\"height\":1066,\"caption\":\"Partidas ser\u00e3o realizadas em Daltro Filho, na sede do Riograndense - Cr\u00e9dito: Carla Beckmann \\\/ Divulga\u00e7\u00e3o\"},{\"@type\":\"BreadcrumbList\",\"@id\":\"https:\\\/\\\/folhapopular.info\\\/index.php\\\/2025\\\/05\\\/24\\\/decisao-do-municipal-de-imigrante-sera-definida-no-domingo\\\/#breadcrumb\",\"itemListElement\":[{\"@type\":\"ListItem\",\"position\":1,\"name\":\"In\u00edcio\",\"item\":\"https:\\\/\\\/folhapopular.info\\\/\"},{\"@type\":\"ListItem\",\"position\":2,\"name\":\"Decis\u00e3o do Municipal de Imigrante ser\u00e1 definida no domingo\"}]},{\"@type\":\"WebSite\",\"@id\":\"https:\\\/\\\/folhapopular.info\\\/#website\",\"url\":\"https:\\\/\\\/folhapopular.info\\\/\",\"name\":\"Folha Popular\",\"description\":\"Onde voc\u00ea tem vez e voz\",\"potentialAction\":[{\"@type\":\"SearchAction\",\"target\":{\"@type\":\"EntryPoint\",\"urlTemplate\":\"https:\\\/\\\/folhapopular.info\\\/?s={search_term_string}\"},\"query-input\":{\"@type\":\"PropertyValueSpecification\",\"valueRequired\":true,\"valueName\":\"search_term_string\"}}],\"inLanguage\":\"pt-BR\"},{\"@type\":\"Person\",\"@id\":\"https:\\\/\\\/folhapopular.info\\\/#\\\/schema\\\/person\\\/e852c327371714676d02e58cf917fd9f\",\"name\":\"Luis Augusto Huppes\",\"image\":{\"@type\":\"ImageObject\",\"inLanguage\":\"pt-BR\",\"@id\":\"https:\\\/\\\/folhapopular.info\\\/wp-content\\\/uploads\\\/2026\\\/04\\\/Luis-Augusto-Huppes-1-1.webp\",\"url\":\"https:\\\/\\\/folhapopular.info\\\/wp-content\\\/uploads\\\/2026\\\/04\\\/Luis-Augusto-Huppes-1-1.webp\",\"contentUrl\":\"https:\\\/\\\/folhapopular.info\\\/wp-content\\\/uploads\\\/2026\\\/04\\\/Luis-Augusto-Huppes-1-1.webp\",\"caption\":\"Luis Augusto Huppes\"},\"sameAs\":[\"https:\\\/\\\/www.facebook.com\\\/luis.huppes\\\/\",\"https:\\\/\\\/www.instagram.com\\\/luis.huppes\\\/\",\"https:\\\/\\\/www.linkedin.com\\\/in\\\/luis-augusto-huppes-2554b52b7\\\/\"],\"url\":\"https:\\\/\\\/folhapopular.info\\\/index.php\\\/author\\\/luis-augusto-huppes\\\/\"}]}<\/script>\n<!-- \/ Yoast SEO plugin. -->","yoast_head_json":{"title":"Decis\u00e3o do Municipal de Imigrante ser\u00e1 definida no domingo - Folha Popular","robots":{"index":"index","follow":"follow","max-snippet":"max-snippet:-1","max-image-preview":"max-image-preview:large","max-video-preview":"max-video-preview:-1"},"canonical":"https:\/\/folhapopular.info\/index.php\/2025\/05\/24\/decisao-do-municipal-de-imigrante-sera-definida-no-domingo\/","og_locale":"pt_BR","og_type":"article","og_title":"Decis\u00e3o do Municipal de Imigrante ser\u00e1 definida no domingo - Folha Popular","og_description":"Os finalistas do Campeonato Municipal de Futebol de Campo de Imigrante ser\u00e3o definidos neste domingo (25\/5) em Daltro Filho, na sede esportiva do Riograndense. As partidas do domingo passado (18\/5) encerraram com resultados iguais: dois empates em 0 a 0, sem muitas oportunidades para nenhuma das quatro equipes. Os duelos ficaram marcados pela grande presen\u00e7a [&hellip;]","og_url":"https:\/\/folhapopular.info\/index.php\/2025\/05\/24\/decisao-do-municipal-de-imigrante-sera-definida-no-domingo\/","og_site_name":"Folha Popular","article_author":"https:\/\/www.facebook.com\/luis.huppes\/","article_published_time":"2025-05-24T15:37:11+00:00","article_modified_time":"2025-05-24T15:37:58+00:00","og_image":[{"width":1600,"height":1066,"url":"http:\/\/folhapopular.info\/wp-content\/uploads\/2025\/05\/WhatsApp-Image-2025-05-24-at-11.13.31.jpeg","type":"image\/jpeg"}],"author":"Luis Augusto Huppes","twitter_card":"summary_large_image","twitter_misc":{"Escrito por":"Luis Augusto Huppes","Est. tempo de leitura":"3 minutos"},"schema":{"@context":"https:\/\/schema.org","@graph":[{"@type":"Article","@id":"https:\/\/folhapopular.info\/index.php\/2025\/05\/24\/decisao-do-municipal-de-imigrante-sera-definida-no-domingo\/#article","isPartOf":{"@id":"https:\/\/folhapopular.info\/index.php\/2025\/05\/24\/decisao-do-municipal-de-imigrante-sera-definida-no-domingo\/"},"author":{"name":"Luis Augusto Huppes","@id":"https:\/\/folhapopular.info\/#\/schema\/person\/e852c327371714676d02e58cf917fd9f"},"headline":"Decis\u00e3o do Municipal de Imigrante ser\u00e1 definida no domingo","datePublished":"2025-05-24T15:37:11+00:00","dateModified":"2025-05-24T15:37:58+00:00","mainEntityOfPage":{"@id":"https:\/\/folhapopular.info\/index.php\/2025\/05\/24\/decisao-do-municipal-de-imigrante-sera-definida-no-domingo\/"},"wordCount":383,"commentCount":0,"image":{"@id":"https:\/\/folhapopular.info\/index.php\/2025\/05\/24\/decisao-do-municipal-de-imigrante-sera-definida-no-domingo\/#primaryimage"},"thumbnailUrl":"https:\/\/folhapopular.info\/wp-content\/uploads\/2025\/05\/WhatsApp-Image-2025-05-24-at-11.13.31.jpeg","keywords":["Campeonato Municipal","futebol amador","Imigrante"],"articleSection":["Esportes","Futebol Amador"],"inLanguage":"pt-BR","potentialAction":[{"@type":"CommentAction","name":"Comment","target":["https:\/\/folhapopular.info\/index.php\/2025\/05\/24\/decisao-do-municipal-de-imigrante-sera-definida-no-domingo\/#respond"]}]},{"@type":"WebPage","@id":"https:\/\/folhapopular.info\/index.php\/2025\/05\/24\/decisao-do-municipal-de-imigrante-sera-definida-no-domingo\/","url":"https:\/\/folhapopular.info\/index.php\/2025\/05\/24\/decisao-do-municipal-de-imigrante-sera-definida-no-domingo\/","name":"Decis\u00e3o do Municipal de Imigrante ser\u00e1 definida no domingo - Folha Popular","isPartOf":{"@id":"https:\/\/folhapopular.info\/#website"},"primaryImageOfPage":{"@id":"https:\/\/folhapopular.info\/index.php\/2025\/05\/24\/decisao-do-municipal-de-imigrante-sera-definida-no-domingo\/#primaryimage"},"image":{"@id":"https:\/\/folhapopular.info\/index.php\/2025\/05\/24\/decisao-do-municipal-de-imigrante-sera-definida-no-domingo\/#primaryimage"},"thumbnailUrl":"https:\/\/folhapopular.info\/wp-content\/uploads\/2025\/05\/WhatsApp-Image-2025-05-24-at-11.13.31.jpeg","datePublished":"2025-05-24T15:37:11+00:00","dateModified":"2025-05-24T15:37:58+00:00","author":{"@id":"https:\/\/folhapopular.info\/#\/schema\/person\/e852c327371714676d02e58cf917fd9f"},"breadcrumb":{"@id":"https:\/\/folhapopular.info\/index.php\/2025\/05\/24\/decisao-do-municipal-de-imigrante-sera-definida-no-domingo\/#breadcrumb"},"inLanguage":"pt-BR","potentialAction":[{"@type":"ReadAction","target":["https:\/\/folhapopular.info\/index.php\/2025\/05\/24\/decisao-do-municipal-de-imigrante-sera-definida-no-domingo\/"]}]},{"@type":"ImageObject","inLanguage":"pt-BR","@id":"https:\/\/folhapopular.info\/index.php\/2025\/05\/24\/decisao-do-municipal-de-imigrante-sera-definida-no-domingo\/#primaryimage","url":"https:\/\/folhapopular.info\/wp-content\/uploads\/2025\/05\/WhatsApp-Image-2025-05-24-at-11.13.31.jpeg","contentUrl":"https:\/\/folhapopular.info\/wp-content\/uploads\/2025\/05\/WhatsApp-Image-2025-05-24-at-11.13.31.jpeg","width":1600,"height":1066,"caption":"Partidas ser\u00e3o realizadas em Daltro Filho, na sede do Riograndense - Cr\u00e9dito: Carla Beckmann \/ Divulga\u00e7\u00e3o"},{"@type":"BreadcrumbList","@id":"https:\/\/folhapopular.info\/index.php\/2025\/05\/24\/decisao-do-municipal-de-imigrante-sera-definida-no-domingo\/#breadcrumb","itemListElement":[{"@type":"ListItem","position":1,"name":"In\u00edcio","item":"https:\/\/folhapopular.info\/"},{"@type":"ListItem","position":2,"name":"Decis\u00e3o do Municipal de Imigrante ser\u00e1 definida no domingo"}]},{"@type":"WebSite","@id":"https:\/\/folhapopular.info\/#website","url":"https:\/\/folhapopular.info\/","name":"Folha Popular","description":"Onde voc\u00ea tem vez e voz","potentialAction":[{"@type":"SearchAction","target":{"@type":"EntryPoint","urlTemplate":"https:\/\/folhapopular.info\/?s={search_term_string}"},"query-input":{"@type":"PropertyValueSpecification","valueRequired":true,"valueName":"search_term_string"}}],"inLanguage":"pt-BR"},{"@type":"Person","@id":"https:\/\/folhapopular.info\/#\/schema\/person\/e852c327371714676d02e58cf917fd9f","name":"Luis Augusto Huppes","image":{"@type":"ImageObject","inLanguage":"pt-BR","@id":"https:\/\/folhapopular.info\/wp-content\/uploads\/2026\/04\/Luis-Augusto-Huppes-1-1.webp","url":"https:\/\/folhapopular.info\/wp-content\/uploads\/2026\/04\/Luis-Augusto-Huppes-1-1.webp","contentUrl":"https:\/\/folhapopular.info\/wp-content\/uploads\/2026\/04\/Luis-Augusto-Huppes-1-1.webp","caption":"Luis Augusto Huppes"},"sameAs":["https:\/\/www.facebook.com\/luis.huppes\/","https:\/\/www.instagram.com\/luis.huppes\/","https:\/\/www.linkedin.com\/in\/luis-augusto-huppes-2554b52b7\/"],"url":"https:\/\/folhapopular.info\/index.php\/author\/luis-augusto-huppes\/"}]}},"jetpack_featured_media_url":"https:\/\/folhapopular.info\/wp-content\/uploads\/2025\/05\/WhatsApp-Image-2025-05-24-at-11.13.31.jpeg","jetpack_sharing_enabled":true,"amp_enabled":true,"_links":{"self":[{"href":"https:\/\/folhapopular.info\/index.php\/wp-json\/wp\/v2\/posts\/187042","targetHints":{"allow":["GET"]}}],"collection":[{"href":"https:\/\/folhapopular.info\/index.php\/wp-json\/wp\/v2\/posts"}],"about":[{"href":"https:\/\/folhapopular.info\/index.php\/wp-json\/wp\/v2\/types\/post"}],"author":[{"embeddable":true,"href":"https:\/\/folhapopular.info\/index.php\/wp-json\/wp\/v2\/users\/732"}],"replies":[{"embeddable":true,"href":"https:\/\/folhapopular.info\/index.php\/wp-json\/wp\/v2\/comments?post=187042"}],"version-history":[{"count":0,"href":"https:\/\/folhapopular.info\/index.php\/wp-json\/wp\/v2\/posts\/187042\/revisions"}],"wp:featuredmedia":[{"embeddable":true,"href":"https:\/\/folhapopular.info\/index.php\/wp-json\/wp\/v2\/media\/187043"}],"wp:attachment":[{"href":"https:\/\/folhapopular.info\/index.php\/wp-json\/wp\/v2\/media?parent=187042"}],"wp:term":[{"taxonomy":"category","embeddable":true,"href":"https:\/\/folhapopular.info\/index.php\/wp-json\/wp\/v2\/categories?post=187042"},{"taxonomy":"post_tag","embeddable":true,"href":"https:\/\/folhapopular.info\/index.php\/wp-json\/wp\/v2\/tags?post=187042"}],"curies":[{"name":"wp","href":"https:\/\/api.w.org\/{rel}","templated":true}]}}