{"id":187112,"date":"2025-05-26T08:08:29","date_gmt":"2025-05-26T11:08:29","guid":{"rendered":"https:\/\/folhapopular.info\/?p=187112"},"modified":"2025-05-26T08:08:55","modified_gmt":"2025-05-26T11:08:55","slug":"veiculo-capota-na-rs-129-em-colinas","status":"publish","type":"post","link":"https:\/\/folhapopular.info\/index.php\/2025\/05\/26\/veiculo-capota-na-rs-129-em-colinas\/","title":{"rendered":"Ve\u00edculo capota na RS-129, em Colinas"},"content":{"rendered":"\n<p>Um acidente de tr\u00e2nsito foi registrado na noite deste domingo (25\/05), na RS-129, em Colinas.<\/p>\n\n\n\n<p>O Corpo de Bombeiros Volunt\u00e1rios de Imigrante e Colinas foi acionado para atender uma sa\u00edda de pista na curva do CTG Quer\u00eancia do Ga\u00facho. Por raz\u00f5es ainda desconhecidas, o condutor de um ve\u00edculo com placas de Imigrante perdeu o controle, saiu da pista e capotou, parando contra uma cerca no lado oposto ao que seguia.<\/p>\n\n\n\n<p>Tr\u00eas ocupantes foram encaminhados ao Hospital Estrela com escoria\u00e7\u00f5es e suspeita de fraturas. Um quarto passageiro foi atendido no local, recusou encaminhamento e foi liberado ap\u00f3s assinar o termo de recusa. O atendimento contou com o apoio da Secretaria de Sa\u00fade de Colinas.<\/p>\n","protected":false},"excerpt":{"rendered":"<p>Um acidente de tr\u00e2nsito foi registrado na noite deste domingo (25\/05), na RS-129, em Colinas. O Corpo de Bombeiros Volunt\u00e1rios de Imigrante e Colinas foi acionado para atender uma sa\u00edda de pista na curva do CTG Quer\u00eancia do Ga\u00facho. Por raz\u00f5es ainda desconhecidas, o condutor de um ve\u00edculo com placas de Imigrante perdeu o controle, [&hellip;]<\/p>\n","protected":false},"author":764,"featured_media":187113,"comment_status":"open","ping_status":"open","sticky":false,"template":"","format":"standard","meta":{"pmpro_default_level":"","_jetpack_memberships_contains_paid_content":false,"footnotes":""},"categories":[10984,7,10983],"tags":[204,183],"class_list":{"0":"post-187112","1":"post","2":"type-post","3":"status-publish","4":"format-standard","5":"has-post-thumbnail","7":"category-bombeiros","8":"category-seguranca","9":"category-transito","10":"tag-capotamento","11":"tag-colinas","12":"pmpro-has-access"},"yoast_head":"<!-- This site is optimized with the Yoast SEO plugin v27.5 - https:\/\/yoast.com\/product\/yoast-seo-wordpress\/ -->\n<title>Ve\u00edculo capota na RS-129, em Colinas - Folha Popular<\/title>\n<meta name=\"robots\" content=\"index, follow, max-snippet:-1, max-image-preview:large, max-video-preview:-1\" \/>\n<link rel=\"canonical\" href=\"https:\/\/folhapopular.info\/index.php\/2025\/05\/26\/veiculo-capota-na-rs-129-em-colinas\/\" \/>\n<meta property=\"og:locale\" content=\"pt_BR\" \/>\n<meta property=\"og:type\" content=\"article\" \/>\n<meta property=\"og:title\" content=\"Ve\u00edculo capota na RS-129, em Colinas - Folha Popular\" \/>\n<meta property=\"og:description\" content=\"Um acidente de tr\u00e2nsito foi registrado na noite deste domingo (25\/05), na RS-129, em Colinas. O Corpo de Bombeiros Volunt\u00e1rios de Imigrante e Colinas foi acionado para atender uma sa\u00edda de pista na curva do CTG Quer\u00eancia do Ga\u00facho. Por raz\u00f5es ainda desconhecidas, o condutor de um ve\u00edculo com placas de Imigrante perdeu o controle, [&hellip;]\" \/>\n<meta property=\"og:url\" content=\"https:\/\/folhapopular.info\/index.php\/2025\/05\/26\/veiculo-capota-na-rs-129-em-colinas\/\" \/>\n<meta property=\"og:site_name\" content=\"Folha Popular\" \/>\n<meta property=\"article:published_time\" content=\"2025-05-26T11:08:29+00:00\" \/>\n<meta property=\"article:modified_time\" content=\"2025-05-26T11:08:55+00:00\" \/>\n<meta property=\"og:image\" content=\"http:\/\/folhapopular.info\/wp-content\/uploads\/2025\/05\/4bfd2441-b524-4ebb-b5fb-b358e129663a.jpeg\" \/>\n\t<meta property=\"og:image:width\" content=\"798\" \/>\n\t<meta property=\"og:image:height\" content=\"799\" \/>\n\t<meta property=\"og:image:type\" content=\"image\/jpeg\" \/>\n<meta name=\"author\" content=\"J\u00e9ssica Bayer\" \/>\n<meta name=\"twitter:card\" content=\"summary_large_image\" \/>\n<meta name=\"twitter:label1\" content=\"Escrito por\" \/>\n\t<meta name=\"twitter:data1\" content=\"J\u00e9ssica Bayer\" \/>\n\t<meta name=\"twitter:label2\" content=\"Est. tempo de leitura\" \/>\n\t<meta name=\"twitter:data2\" content=\"1 minuto\" \/>\n<script type=\"application\/ld+json\" class=\"yoast-schema-graph\">{\"@context\":\"https:\\\/\\\/schema.org\",\"@graph\":[{\"@type\":\"Article\",\"@id\":\"https:\\\/\\\/folhapopular.info\\\/index.php\\\/2025\\\/05\\\/26\\\/veiculo-capota-na-rs-129-em-colinas\\\/#article\",\"isPartOf\":{\"@id\":\"https:\\\/\\\/folhapopular.info\\\/index.php\\\/2025\\\/05\\\/26\\\/veiculo-capota-na-rs-129-em-colinas\\\/\"},\"author\":{\"name\":\"J\u00e9ssica Bayer\",\"@id\":\"https:\\\/\\\/folhapopular.info\\\/#\\\/schema\\\/person\\\/9c3bd49fe9d74793decad1d4c83fa974\"},\"headline\":\"Ve\u00edculo capota na RS-129, em Colinas\",\"datePublished\":\"2025-05-26T11:08:29+00:00\",\"dateModified\":\"2025-05-26T11:08:55+00:00\",\"mainEntityOfPage\":{\"@id\":\"https:\\\/\\\/folhapopular.info\\\/index.php\\\/2025\\\/05\\\/26\\\/veiculo-capota-na-rs-129-em-colinas\\\/\"},\"wordCount\":130,\"commentCount\":0,\"image\":{\"@id\":\"https:\\\/\\\/folhapopular.info\\\/index.php\\\/2025\\\/05\\\/26\\\/veiculo-capota-na-rs-129-em-colinas\\\/#primaryimage\"},\"thumbnailUrl\":\"https:\\\/\\\/folhapopular.info\\\/wp-content\\\/uploads\\\/2025\\\/05\\\/4bfd2441-b524-4ebb-b5fb-b358e129663a.jpeg\",\"keywords\":[\"Capotamento\",\"Colinas\"],\"articleSection\":[\"Bombeiros\",\"Seguran\u00e7a\",\"Tr\u00e2nsito\"],\"inLanguage\":\"pt-BR\",\"potentialAction\":[{\"@type\":\"CommentAction\",\"name\":\"Comment\",\"target\":[\"https:\\\/\\\/folhapopular.info\\\/index.php\\\/2025\\\/05\\\/26\\\/veiculo-capota-na-rs-129-em-colinas\\\/#respond\"]}]},{\"@type\":\"WebPage\",\"@id\":\"https:\\\/\\\/folhapopular.info\\\/index.php\\\/2025\\\/05\\\/26\\\/veiculo-capota-na-rs-129-em-colinas\\\/\",\"url\":\"https:\\\/\\\/folhapopular.info\\\/index.php\\\/2025\\\/05\\\/26\\\/veiculo-capota-na-rs-129-em-colinas\\\/\",\"name\":\"Ve\u00edculo capota na RS-129, em Colinas - Folha Popular\",\"isPartOf\":{\"@id\":\"https:\\\/\\\/folhapopular.info\\\/#website\"},\"primaryImageOfPage\":{\"@id\":\"https:\\\/\\\/folhapopular.info\\\/index.php\\\/2025\\\/05\\\/26\\\/veiculo-capota-na-rs-129-em-colinas\\\/#primaryimage\"},\"image\":{\"@id\":\"https:\\\/\\\/folhapopular.info\\\/index.php\\\/2025\\\/05\\\/26\\\/veiculo-capota-na-rs-129-em-colinas\\\/#primaryimage\"},\"thumbnailUrl\":\"https:\\\/\\\/folhapopular.info\\\/wp-content\\\/uploads\\\/2025\\\/05\\\/4bfd2441-b524-4ebb-b5fb-b358e129663a.jpeg\",\"datePublished\":\"2025-05-26T11:08:29+00:00\",\"dateModified\":\"2025-05-26T11:08:55+00:00\",\"author\":{\"@id\":\"https:\\\/\\\/folhapopular.info\\\/#\\\/schema\\\/person\\\/9c3bd49fe9d74793decad1d4c83fa974\"},\"breadcrumb\":{\"@id\":\"https:\\\/\\\/folhapopular.info\\\/index.php\\\/2025\\\/05\\\/26\\\/veiculo-capota-na-rs-129-em-colinas\\\/#breadcrumb\"},\"inLanguage\":\"pt-BR\",\"potentialAction\":[{\"@type\":\"ReadAction\",\"target\":[\"https:\\\/\\\/folhapopular.info\\\/index.php\\\/2025\\\/05\\\/26\\\/veiculo-capota-na-rs-129-em-colinas\\\/\"]}]},{\"@type\":\"ImageObject\",\"inLanguage\":\"pt-BR\",\"@id\":\"https:\\\/\\\/folhapopular.info\\\/index.php\\\/2025\\\/05\\\/26\\\/veiculo-capota-na-rs-129-em-colinas\\\/#primaryimage\",\"url\":\"https:\\\/\\\/folhapopular.info\\\/wp-content\\\/uploads\\\/2025\\\/05\\\/4bfd2441-b524-4ebb-b5fb-b358e129663a.jpeg\",\"contentUrl\":\"https:\\\/\\\/folhapopular.info\\\/wp-content\\\/uploads\\\/2025\\\/05\\\/4bfd2441-b524-4ebb-b5fb-b358e129663a.jpeg\",\"width\":798,\"height\":799},{\"@type\":\"BreadcrumbList\",\"@id\":\"https:\\\/\\\/folhapopular.info\\\/index.php\\\/2025\\\/05\\\/26\\\/veiculo-capota-na-rs-129-em-colinas\\\/#breadcrumb\",\"itemListElement\":[{\"@type\":\"ListItem\",\"position\":1,\"name\":\"In\u00edcio\",\"item\":\"https:\\\/\\\/folhapopular.info\\\/\"},{\"@type\":\"ListItem\",\"position\":2,\"name\":\"Ve\u00edculo capota na RS-129, em Colinas\"}]},{\"@type\":\"WebSite\",\"@id\":\"https:\\\/\\\/folhapopular.info\\\/#website\",\"url\":\"https:\\\/\\\/folhapopular.info\\\/\",\"name\":\"Folha Popular\",\"description\":\"Onde voc\u00ea tem vez e voz\",\"potentialAction\":[{\"@type\":\"SearchAction\",\"target\":{\"@type\":\"EntryPoint\",\"urlTemplate\":\"https:\\\/\\\/folhapopular.info\\\/?s={search_term_string}\"},\"query-input\":{\"@type\":\"PropertyValueSpecification\",\"valueRequired\":true,\"valueName\":\"search_term_string\"}}],\"inLanguage\":\"pt-BR\"},{\"@type\":\"Person\",\"@id\":\"https:\\\/\\\/folhapopular.info\\\/#\\\/schema\\\/person\\\/9c3bd49fe9d74793decad1d4c83fa974\",\"name\":\"J\u00e9ssica Bayer\",\"image\":{\"@type\":\"ImageObject\",\"inLanguage\":\"pt-BR\",\"@id\":\"https:\\\/\\\/secure.gravatar.com\\\/avatar\\\/66a5b729e90fb69c858616142b10a981fcab7744c95a8bfabc31856b5c9df354?s=96&d=mm&r=g\",\"url\":\"https:\\\/\\\/secure.gravatar.com\\\/avatar\\\/66a5b729e90fb69c858616142b10a981fcab7744c95a8bfabc31856b5c9df354?s=96&d=mm&r=g\",\"contentUrl\":\"https:\\\/\\\/secure.gravatar.com\\\/avatar\\\/66a5b729e90fb69c858616142b10a981fcab7744c95a8bfabc31856b5c9df354?s=96&d=mm&r=g\",\"caption\":\"J\u00e9ssica Bayer\"},\"url\":\"https:\\\/\\\/folhapopular.info\\\/index.php\\\/author\\\/jessicad-bayergmail-com\\\/\"}]}<\/script>\n<!-- \/ Yoast SEO plugin. -->","yoast_head_json":{"title":"Ve\u00edculo capota na RS-129, em Colinas - Folha Popular","robots":{"index":"index","follow":"follow","max-snippet":"max-snippet:-1","max-image-preview":"max-image-preview:large","max-video-preview":"max-video-preview:-1"},"canonical":"https:\/\/folhapopular.info\/index.php\/2025\/05\/26\/veiculo-capota-na-rs-129-em-colinas\/","og_locale":"pt_BR","og_type":"article","og_title":"Ve\u00edculo capota na RS-129, em Colinas - Folha Popular","og_description":"Um acidente de tr\u00e2nsito foi registrado na noite deste domingo (25\/05), na RS-129, em Colinas. O Corpo de Bombeiros Volunt\u00e1rios de Imigrante e Colinas foi acionado para atender uma sa\u00edda de pista na curva do CTG Quer\u00eancia do Ga\u00facho. Por raz\u00f5es ainda desconhecidas, o condutor de um ve\u00edculo com placas de Imigrante perdeu o controle, [&hellip;]","og_url":"https:\/\/folhapopular.info\/index.php\/2025\/05\/26\/veiculo-capota-na-rs-129-em-colinas\/","og_site_name":"Folha Popular","article_published_time":"2025-05-26T11:08:29+00:00","article_modified_time":"2025-05-26T11:08:55+00:00","og_image":[{"width":798,"height":799,"url":"http:\/\/folhapopular.info\/wp-content\/uploads\/2025\/05\/4bfd2441-b524-4ebb-b5fb-b358e129663a.jpeg","type":"image\/jpeg"}],"author":"J\u00e9ssica Bayer","twitter_card":"summary_large_image","twitter_misc":{"Escrito por":"J\u00e9ssica Bayer","Est. tempo de leitura":"1 minuto"},"schema":{"@context":"https:\/\/schema.org","@graph":[{"@type":"Article","@id":"https:\/\/folhapopular.info\/index.php\/2025\/05\/26\/veiculo-capota-na-rs-129-em-colinas\/#article","isPartOf":{"@id":"https:\/\/folhapopular.info\/index.php\/2025\/05\/26\/veiculo-capota-na-rs-129-em-colinas\/"},"author":{"name":"J\u00e9ssica Bayer","@id":"https:\/\/folhapopular.info\/#\/schema\/person\/9c3bd49fe9d74793decad1d4c83fa974"},"headline":"Ve\u00edculo capota na RS-129, em Colinas","datePublished":"2025-05-26T11:08:29+00:00","dateModified":"2025-05-26T11:08:55+00:00","mainEntityOfPage":{"@id":"https:\/\/folhapopular.info\/index.php\/2025\/05\/26\/veiculo-capota-na-rs-129-em-colinas\/"},"wordCount":130,"commentCount":0,"image":{"@id":"https:\/\/folhapopular.info\/index.php\/2025\/05\/26\/veiculo-capota-na-rs-129-em-colinas\/#primaryimage"},"thumbnailUrl":"https:\/\/folhapopular.info\/wp-content\/uploads\/2025\/05\/4bfd2441-b524-4ebb-b5fb-b358e129663a.jpeg","keywords":["Capotamento","Colinas"],"articleSection":["Bombeiros","Seguran\u00e7a","Tr\u00e2nsito"],"inLanguage":"pt-BR","potentialAction":[{"@type":"CommentAction","name":"Comment","target":["https:\/\/folhapopular.info\/index.php\/2025\/05\/26\/veiculo-capota-na-rs-129-em-colinas\/#respond"]}]},{"@type":"WebPage","@id":"https:\/\/folhapopular.info\/index.php\/2025\/05\/26\/veiculo-capota-na-rs-129-em-colinas\/","url":"https:\/\/folhapopular.info\/index.php\/2025\/05\/26\/veiculo-capota-na-rs-129-em-colinas\/","name":"Ve\u00edculo capota na RS-129, em Colinas - Folha Popular","isPartOf":{"@id":"https:\/\/folhapopular.info\/#website"},"primaryImageOfPage":{"@id":"https:\/\/folhapopular.info\/index.php\/2025\/05\/26\/veiculo-capota-na-rs-129-em-colinas\/#primaryimage"},"image":{"@id":"https:\/\/folhapopular.info\/index.php\/2025\/05\/26\/veiculo-capota-na-rs-129-em-colinas\/#primaryimage"},"thumbnailUrl":"https:\/\/folhapopular.info\/wp-content\/uploads\/2025\/05\/4bfd2441-b524-4ebb-b5fb-b358e129663a.jpeg","datePublished":"2025-05-26T11:08:29+00:00","dateModified":"2025-05-26T11:08:55+00:00","author":{"@id":"https:\/\/folhapopular.info\/#\/schema\/person\/9c3bd49fe9d74793decad1d4c83fa974"},"breadcrumb":{"@id":"https:\/\/folhapopular.info\/index.php\/2025\/05\/26\/veiculo-capota-na-rs-129-em-colinas\/#breadcrumb"},"inLanguage":"pt-BR","potentialAction":[{"@type":"ReadAction","target":["https:\/\/folhapopular.info\/index.php\/2025\/05\/26\/veiculo-capota-na-rs-129-em-colinas\/"]}]},{"@type":"ImageObject","inLanguage":"pt-BR","@id":"https:\/\/folhapopular.info\/index.php\/2025\/05\/26\/veiculo-capota-na-rs-129-em-colinas\/#primaryimage","url":"https:\/\/folhapopular.info\/wp-content\/uploads\/2025\/05\/4bfd2441-b524-4ebb-b5fb-b358e129663a.jpeg","contentUrl":"https:\/\/folhapopular.info\/wp-content\/uploads\/2025\/05\/4bfd2441-b524-4ebb-b5fb-b358e129663a.jpeg","width":798,"height":799},{"@type":"BreadcrumbList","@id":"https:\/\/folhapopular.info\/index.php\/2025\/05\/26\/veiculo-capota-na-rs-129-em-colinas\/#breadcrumb","itemListElement":[{"@type":"ListItem","position":1,"name":"In\u00edcio","item":"https:\/\/folhapopular.info\/"},{"@type":"ListItem","position":2,"name":"Ve\u00edculo capota na RS-129, em Colinas"}]},{"@type":"WebSite","@id":"https:\/\/folhapopular.info\/#website","url":"https:\/\/folhapopular.info\/","name":"Folha Popular","description":"Onde voc\u00ea tem vez e voz","potentialAction":[{"@type":"SearchAction","target":{"@type":"EntryPoint","urlTemplate":"https:\/\/folhapopular.info\/?s={search_term_string}"},"query-input":{"@type":"PropertyValueSpecification","valueRequired":true,"valueName":"search_term_string"}}],"inLanguage":"pt-BR"},{"@type":"Person","@id":"https:\/\/folhapopular.info\/#\/schema\/person\/9c3bd49fe9d74793decad1d4c83fa974","name":"J\u00e9ssica Bayer","image":{"@type":"ImageObject","inLanguage":"pt-BR","@id":"https:\/\/secure.gravatar.com\/avatar\/66a5b729e90fb69c858616142b10a981fcab7744c95a8bfabc31856b5c9df354?s=96&d=mm&r=g","url":"https:\/\/secure.gravatar.com\/avatar\/66a5b729e90fb69c858616142b10a981fcab7744c95a8bfabc31856b5c9df354?s=96&d=mm&r=g","contentUrl":"https:\/\/secure.gravatar.com\/avatar\/66a5b729e90fb69c858616142b10a981fcab7744c95a8bfabc31856b5c9df354?s=96&d=mm&r=g","caption":"J\u00e9ssica Bayer"},"url":"https:\/\/folhapopular.info\/index.php\/author\/jessicad-bayergmail-com\/"}]}},"jetpack_featured_media_url":"https:\/\/folhapopular.info\/wp-content\/uploads\/2025\/05\/4bfd2441-b524-4ebb-b5fb-b358e129663a.jpeg","jetpack_sharing_enabled":true,"amp_enabled":true,"_links":{"self":[{"href":"https:\/\/folhapopular.info\/index.php\/wp-json\/wp\/v2\/posts\/187112","targetHints":{"allow":["GET"]}}],"collection":[{"href":"https:\/\/folhapopular.info\/index.php\/wp-json\/wp\/v2\/posts"}],"about":[{"href":"https:\/\/folhapopular.info\/index.php\/wp-json\/wp\/v2\/types\/post"}],"author":[{"embeddable":true,"href":"https:\/\/folhapopular.info\/index.php\/wp-json\/wp\/v2\/users\/764"}],"replies":[{"embeddable":true,"href":"https:\/\/folhapopular.info\/index.php\/wp-json\/wp\/v2\/comments?post=187112"}],"version-history":[{"count":0,"href":"https:\/\/folhapopular.info\/index.php\/wp-json\/wp\/v2\/posts\/187112\/revisions"}],"wp:featuredmedia":[{"embeddable":true,"href":"https:\/\/folhapopular.info\/index.php\/wp-json\/wp\/v2\/media\/187113"}],"wp:attachment":[{"href":"https:\/\/folhapopular.info\/index.php\/wp-json\/wp\/v2\/media?parent=187112"}],"wp:term":[{"taxonomy":"category","embeddable":true,"href":"https:\/\/folhapopular.info\/index.php\/wp-json\/wp\/v2\/categories?post=187112"},{"taxonomy":"post_tag","embeddable":true,"href":"https:\/\/folhapopular.info\/index.php\/wp-json\/wp\/v2\/tags?post=187112"}],"curies":[{"name":"wp","href":"https:\/\/api.w.org\/{rel}","templated":true}]}}