{"id":187187,"date":"2025-05-27T10:27:13","date_gmt":"2025-05-27T13:27:13","guid":{"rendered":"https:\/\/folhapopular.info\/?p=187187"},"modified":"2025-05-27T11:55:30","modified_gmt":"2025-05-27T14:55:30","slug":"usina-salto-forqueta-retoma-operacao-e-reforca-seguranca-energetica-no-vale-do-taquari","status":"publish","type":"post","link":"https:\/\/folhapopular.info\/index.php\/2025\/05\/27\/usina-salto-forqueta-retoma-operacao-e-reforca-seguranca-energetica-no-vale-do-taquari\/","title":{"rendered":"Certel retoma as opera\u00e7\u00f5es da Usina Salto Forqueta e refor\u00e7a seguran\u00e7a energ\u00e9tica no Vale do Taquari"},"content":{"rendered":"\n<p>A Certel celebra nesta ter\u00e7a-feira (27\/5) o retorno da gera\u00e7\u00e3o de energia el\u00e9trica na Usina Salto Forqueta, localizada em Putinga. O empreendimento havia sido severamente danificado pelas enchentes de maio de 2024 e, pouco mais de um ano depois, volta a operar em sua capacidade plena, com melhorias estruturais que aumentam sua seguran\u00e7a diante de eventos clim\u00e1ticos extremos.<\/p>\n\n\n\n<p>Constru\u00edda entre 2000 e 2002, a usina foi a primeira do sistema cooperativo ga\u00facho a adotar equipamentos de grande porte, com turbinas e geradores de alta robustez. Essa escolha estrat\u00e9gica garantiu a preserva\u00e7\u00e3o dos componentes principais mesmo diante da destrui\u00e7\u00e3o da casa de m\u00e1quinas no evento clim\u00e1tico de 2024. \u201cSe os equipamentos n\u00e3o fossem t\u00e3o robustos, n\u00e3o teria sobrado nada\u201d, afirmou o engenheiro J\u00falio Salecker, em entrevista ao Grupo Popular.<\/p>\n\n\n\n<p>A reconstru\u00e7\u00e3o, iniciada em dezembro, exigiu modifica\u00e7\u00f5es profundas no projeto original. A largura do vertedouro passou de 95 para 150 metros, com aumento tamb\u00e9m na altura do sobrebordo, de 4 para 6,5 metros, ampliando significativamente a capacidade de conten\u00e7\u00e3o de \u00e1gua da barragem. Foram adicionados 20 mil m\u00b3 de concreto \u00e0 estrutura original, somando agora 50 mil m\u00b3, o que consolida a obra como um novo marco de engenharia da cooperativa.<\/p>\n\n\n\n<p>A nova casa de m\u00e1quinas foi constru\u00edda em formato bunker, com paredes e teto de concreto espesso e veda\u00e7\u00e3o semelhante \u00e0 de submarinos. \u201cEst\u00e1 projetada para passar \u00e1gua por cima, se necess\u00e1rio, sem comprometer a estrutura\u201d, explicou Salecker. A usina, segundo ele, j\u00e1 est\u00e1 em opera\u00e7\u00e3o e contribuindo com o fornecimento de energia ao sistema regional.<\/p>\n\n\n\n<p>A retomada da Usina Salto Forqueta refor\u00e7a a estrat\u00e9gia da Certel de garantir gera\u00e7\u00e3o pr\u00f3pria no Vale do Taquari, reduzindo a depend\u00eancia de linhas externas de transmiss\u00e3o. \u201cA gente viu na trag\u00e9dia que perdemos estrada, ponte, comunica\u00e7\u00e3o e energia. Ter gera\u00e7\u00e3o pr\u00f3pria no Vale \u00e9 quest\u00e3o de seguran\u00e7a para as nossas comunidades\u201d, destacou.<\/p>\n\n\n\n<p>O prefeito de Putinga, Juliano Moreto, tamb\u00e9m acompanhou o momento de retomada da gera\u00e7\u00e3o na PCH. Ele destacou a import\u00e2ncia da obra n\u00e3o apenas para o sistema energ\u00e9tico regional, mas tamb\u00e9m para a economia local. \u201c\u00c9 bem importante para n\u00f3s, para o nosso munic\u00edpio. Hoje \u00e9 a segunda empresa que mais retorna ICMS pra Putinga. E depois da enchente a gente sentiu falta disso. Isso vai se refletir j\u00e1 no ano que vem\u201d, afirmou.<\/p>\n\n\n\n<p>Para Moreto, a r\u00e1pida mobiliza\u00e7\u00e3o da cooperativa demonstra vis\u00e3o e compromisso com o desenvolvimento regional. \u201cFoi em muito pouco tempo que conseguiram recuperar essa importante obra. Beneficia muito n\u00e3o s\u00f3 as comunidades do nosso munic\u00edpio, mas toda a regi\u00e3o. A coragem desses investidores foi essencial. Foram milh\u00f5es investidos para recuperar essa usina, que \u00e9 t\u00e3o importante pra n\u00f3s.\u201d<\/p>\n\n\n\n<p>Al\u00e9m de Forqueta, a Certel mant\u00e9m a opera\u00e7\u00e3o da usina em Rastro de Auto, que seguiu funcionando mesmo durante as enchentes, e j\u00e1 se prepara para iniciar, ainda em 2025, a constru\u00e7\u00e3o da Usina de Bom Retiro. O projeto, segundo Saler, provou-se vi\u00e1vel mesmo frente aos eventos extremos de maio do ano passado e ser\u00e1 a pr\u00f3xima prioridade da cooperativa.<\/p>\n\n\n\n<p>A entrega da nova Salto Forqueta \u00e9, nas palavras de J\u00falio Saler, um s\u00edmbolo da resili\u00eancia do Vale do Taquari. \u201cN\u00f3s n\u00e3o morremos. Reconstru\u00edmos. Nos adaptamos. E seguimos em frente, produzindo energia limpa, renov\u00e1vel e mais barata para mais de 80 mil associados.\u201d<\/p>\n","protected":false},"excerpt":{"rendered":"<p>A Certel celebra nesta ter\u00e7a-feira (27\/5) o retorno da gera\u00e7\u00e3o de energia el\u00e9trica na Usina Salto Forqueta, localizada em Putinga. O empreendimento havia sido severamente danificado pelas enchentes de maio de 2024 e, pouco mais de um ano depois, volta a operar em sua capacidade plena, com melhorias estruturais que aumentam sua seguran\u00e7a diante de [&hellip;]<\/p>\n","protected":false},"author":8,"featured_media":187188,"comment_status":"open","ping_status":"open","sticky":false,"template":"","format":"standard","meta":{"pmpro_default_level":"","_jetpack_memberships_contains_paid_content":false,"footnotes":""},"categories":[2,10991,10993,12473],"tags":[],"class_list":{"0":"post-187187","1":"post","2":"type-post","3":"status-publish","4":"format-standard","5":"has-post-thumbnail","7":"category-featured","8":"category-economia","9":"category-empreender","10":"category-negocios","11":"pmpro-has-access"},"yoast_head":"<!-- This site is optimized with the Yoast SEO plugin v27.5 - https:\/\/yoast.com\/product\/yoast-seo-wordpress\/ -->\n<title>Certel retoma as opera\u00e7\u00f5es da Usina Salto Forqueta e refor\u00e7a seguran\u00e7a energ\u00e9tica no Vale do Taquari - Folha Popular<\/title>\n<meta name=\"robots\" content=\"index, follow, max-snippet:-1, max-image-preview:large, max-video-preview:-1\" \/>\n<link rel=\"canonical\" href=\"https:\/\/folhapopular.info\/index.php\/2025\/05\/27\/usina-salto-forqueta-retoma-operacao-e-reforca-seguranca-energetica-no-vale-do-taquari\/\" \/>\n<meta property=\"og:locale\" content=\"pt_BR\" \/>\n<meta property=\"og:type\" content=\"article\" \/>\n<meta property=\"og:title\" content=\"Certel retoma as opera\u00e7\u00f5es da Usina Salto Forqueta e refor\u00e7a seguran\u00e7a energ\u00e9tica no Vale do Taquari - Folha Popular\" \/>\n<meta property=\"og:description\" content=\"A Certel celebra nesta ter\u00e7a-feira (27\/5) o retorno da gera\u00e7\u00e3o de energia el\u00e9trica na Usina Salto Forqueta, localizada em Putinga. O empreendimento havia sido severamente danificado pelas enchentes de maio de 2024 e, pouco mais de um ano depois, volta a operar em sua capacidade plena, com melhorias estruturais que aumentam sua seguran\u00e7a diante de [&hellip;]\" \/>\n<meta property=\"og:url\" content=\"https:\/\/folhapopular.info\/index.php\/2025\/05\/27\/usina-salto-forqueta-retoma-operacao-e-reforca-seguranca-energetica-no-vale-do-taquari\/\" \/>\n<meta property=\"og:site_name\" content=\"Folha Popular\" \/>\n<meta property=\"article:published_time\" content=\"2025-05-27T13:27:13+00:00\" \/>\n<meta property=\"article:modified_time\" content=\"2025-05-27T14:55:30+00:00\" \/>\n<meta property=\"og:image\" content=\"http:\/\/folhapopular.info\/wp-content\/uploads\/2025\/05\/5657da69-e1c1-432f-87c8-55f33a375881-scaled.jpeg\" \/>\n\t<meta property=\"og:image:width\" content=\"2560\" \/>\n\t<meta property=\"og:image:height\" content=\"1920\" \/>\n\t<meta property=\"og:image:type\" content=\"image\/jpeg\" \/>\n<meta name=\"author\" content=\"Reda\u00e7\u00e3o Folha Popular\" \/>\n<meta name=\"twitter:card\" content=\"summary_large_image\" \/>\n<meta name=\"twitter:label1\" content=\"Escrito por\" \/>\n\t<meta name=\"twitter:data1\" content=\"Reda\u00e7\u00e3o Folha Popular\" \/>\n\t<meta name=\"twitter:label2\" content=\"Est. tempo de leitura\" \/>\n\t<meta name=\"twitter:data2\" content=\"4 minutos\" \/>\n<script type=\"application\/ld+json\" class=\"yoast-schema-graph\">{\"@context\":\"https:\\\/\\\/schema.org\",\"@graph\":[{\"@type\":\"Article\",\"@id\":\"https:\\\/\\\/folhapopular.info\\\/index.php\\\/2025\\\/05\\\/27\\\/usina-salto-forqueta-retoma-operacao-e-reforca-seguranca-energetica-no-vale-do-taquari\\\/#article\",\"isPartOf\":{\"@id\":\"https:\\\/\\\/folhapopular.info\\\/index.php\\\/2025\\\/05\\\/27\\\/usina-salto-forqueta-retoma-operacao-e-reforca-seguranca-energetica-no-vale-do-taquari\\\/\"},\"author\":{\"name\":\"Reda\u00e7\u00e3o Folha Popular\",\"@id\":\"https:\\\/\\\/folhapopular.info\\\/#\\\/schema\\\/person\\\/2814e8a0df7643585a9ca38bc6eb9d4b\"},\"headline\":\"Certel retoma as opera\u00e7\u00f5es da Usina Salto Forqueta e refor\u00e7a seguran\u00e7a energ\u00e9tica no Vale do Taquari\",\"datePublished\":\"2025-05-27T13:27:13+00:00\",\"dateModified\":\"2025-05-27T14:55:30+00:00\",\"mainEntityOfPage\":{\"@id\":\"https:\\\/\\\/folhapopular.info\\\/index.php\\\/2025\\\/05\\\/27\\\/usina-salto-forqueta-retoma-operacao-e-reforca-seguranca-energetica-no-vale-do-taquari\\\/\"},\"wordCount\":610,\"commentCount\":0,\"image\":{\"@id\":\"https:\\\/\\\/folhapopular.info\\\/index.php\\\/2025\\\/05\\\/27\\\/usina-salto-forqueta-retoma-operacao-e-reforca-seguranca-energetica-no-vale-do-taquari\\\/#primaryimage\"},\"thumbnailUrl\":\"https:\\\/\\\/folhapopular.info\\\/wp-content\\\/uploads\\\/2025\\\/05\\\/5657da69-e1c1-432f-87c8-55f33a375881-scaled.jpeg\",\"articleSection\":[\"Destaques\",\"Economia\",\"Empreender\",\"Neg\u00f3cios\"],\"inLanguage\":\"pt-BR\",\"potentialAction\":[{\"@type\":\"CommentAction\",\"name\":\"Comment\",\"target\":[\"https:\\\/\\\/folhapopular.info\\\/index.php\\\/2025\\\/05\\\/27\\\/usina-salto-forqueta-retoma-operacao-e-reforca-seguranca-energetica-no-vale-do-taquari\\\/#respond\"]}]},{\"@type\":\"WebPage\",\"@id\":\"https:\\\/\\\/folhapopular.info\\\/index.php\\\/2025\\\/05\\\/27\\\/usina-salto-forqueta-retoma-operacao-e-reforca-seguranca-energetica-no-vale-do-taquari\\\/\",\"url\":\"https:\\\/\\\/folhapopular.info\\\/index.php\\\/2025\\\/05\\\/27\\\/usina-salto-forqueta-retoma-operacao-e-reforca-seguranca-energetica-no-vale-do-taquari\\\/\",\"name\":\"Certel retoma as opera\u00e7\u00f5es da Usina Salto Forqueta e refor\u00e7a seguran\u00e7a energ\u00e9tica no Vale do Taquari - Folha Popular\",\"isPartOf\":{\"@id\":\"https:\\\/\\\/folhapopular.info\\\/#website\"},\"primaryImageOfPage\":{\"@id\":\"https:\\\/\\\/folhapopular.info\\\/index.php\\\/2025\\\/05\\\/27\\\/usina-salto-forqueta-retoma-operacao-e-reforca-seguranca-energetica-no-vale-do-taquari\\\/#primaryimage\"},\"image\":{\"@id\":\"https:\\\/\\\/folhapopular.info\\\/index.php\\\/2025\\\/05\\\/27\\\/usina-salto-forqueta-retoma-operacao-e-reforca-seguranca-energetica-no-vale-do-taquari\\\/#primaryimage\"},\"thumbnailUrl\":\"https:\\\/\\\/folhapopular.info\\\/wp-content\\\/uploads\\\/2025\\\/05\\\/5657da69-e1c1-432f-87c8-55f33a375881-scaled.jpeg\",\"datePublished\":\"2025-05-27T13:27:13+00:00\",\"dateModified\":\"2025-05-27T14:55:30+00:00\",\"author\":{\"@id\":\"https:\\\/\\\/folhapopular.info\\\/#\\\/schema\\\/person\\\/2814e8a0df7643585a9ca38bc6eb9d4b\"},\"breadcrumb\":{\"@id\":\"https:\\\/\\\/folhapopular.info\\\/index.php\\\/2025\\\/05\\\/27\\\/usina-salto-forqueta-retoma-operacao-e-reforca-seguranca-energetica-no-vale-do-taquari\\\/#breadcrumb\"},\"inLanguage\":\"pt-BR\",\"potentialAction\":[{\"@type\":\"ReadAction\",\"target\":[\"https:\\\/\\\/folhapopular.info\\\/index.php\\\/2025\\\/05\\\/27\\\/usina-salto-forqueta-retoma-operacao-e-reforca-seguranca-energetica-no-vale-do-taquari\\\/\"]}]},{\"@type\":\"ImageObject\",\"inLanguage\":\"pt-BR\",\"@id\":\"https:\\\/\\\/folhapopular.info\\\/index.php\\\/2025\\\/05\\\/27\\\/usina-salto-forqueta-retoma-operacao-e-reforca-seguranca-energetica-no-vale-do-taquari\\\/#primaryimage\",\"url\":\"https:\\\/\\\/folhapopular.info\\\/wp-content\\\/uploads\\\/2025\\\/05\\\/5657da69-e1c1-432f-87c8-55f33a375881-scaled.jpeg\",\"contentUrl\":\"https:\\\/\\\/folhapopular.info\\\/wp-content\\\/uploads\\\/2025\\\/05\\\/5657da69-e1c1-432f-87c8-55f33a375881-scaled.jpeg\",\"width\":2560,\"height\":1920,\"caption\":\"Cr\u00e9dito: Lucas Leandro Brune\"},{\"@type\":\"BreadcrumbList\",\"@id\":\"https:\\\/\\\/folhapopular.info\\\/index.php\\\/2025\\\/05\\\/27\\\/usina-salto-forqueta-retoma-operacao-e-reforca-seguranca-energetica-no-vale-do-taquari\\\/#breadcrumb\",\"itemListElement\":[{\"@type\":\"ListItem\",\"position\":1,\"name\":\"In\u00edcio\",\"item\":\"https:\\\/\\\/folhapopular.info\\\/\"},{\"@type\":\"ListItem\",\"position\":2,\"name\":\"Certel retoma as opera\u00e7\u00f5es da Usina Salto Forqueta e refor\u00e7a seguran\u00e7a energ\u00e9tica no Vale do Taquari\"}]},{\"@type\":\"WebSite\",\"@id\":\"https:\\\/\\\/folhapopular.info\\\/#website\",\"url\":\"https:\\\/\\\/folhapopular.info\\\/\",\"name\":\"Folha Popular\",\"description\":\"Onde voc\u00ea tem vez e voz\",\"potentialAction\":[{\"@type\":\"SearchAction\",\"target\":{\"@type\":\"EntryPoint\",\"urlTemplate\":\"https:\\\/\\\/folhapopular.info\\\/?s={search_term_string}\"},\"query-input\":{\"@type\":\"PropertyValueSpecification\",\"valueRequired\":true,\"valueName\":\"search_term_string\"}}],\"inLanguage\":\"pt-BR\"},{\"@type\":\"Person\",\"@id\":\"https:\\\/\\\/folhapopular.info\\\/#\\\/schema\\\/person\\\/2814e8a0df7643585a9ca38bc6eb9d4b\",\"name\":\"Reda\u00e7\u00e3o Folha Popular\",\"image\":{\"@type\":\"ImageObject\",\"inLanguage\":\"pt-BR\",\"@id\":\"https:\\\/\\\/folhapopular.info\\\/wp-content\\\/uploads\\\/2026\\\/04\\\/Folha-1.webp\",\"url\":\"https:\\\/\\\/folhapopular.info\\\/wp-content\\\/uploads\\\/2026\\\/04\\\/Folha-1.webp\",\"contentUrl\":\"https:\\\/\\\/folhapopular.info\\\/wp-content\\\/uploads\\\/2026\\\/04\\\/Folha-1.webp\",\"caption\":\"Reda\u00e7\u00e3o Folha Popular\"},\"url\":\"https:\\\/\\\/folhapopular.info\\\/index.php\\\/author\\\/redacao\\\/\"}]}<\/script>\n<!-- \/ Yoast SEO plugin. -->","yoast_head_json":{"title":"Certel retoma as opera\u00e7\u00f5es da Usina Salto Forqueta e refor\u00e7a seguran\u00e7a energ\u00e9tica no Vale do Taquari - Folha Popular","robots":{"index":"index","follow":"follow","max-snippet":"max-snippet:-1","max-image-preview":"max-image-preview:large","max-video-preview":"max-video-preview:-1"},"canonical":"https:\/\/folhapopular.info\/index.php\/2025\/05\/27\/usina-salto-forqueta-retoma-operacao-e-reforca-seguranca-energetica-no-vale-do-taquari\/","og_locale":"pt_BR","og_type":"article","og_title":"Certel retoma as opera\u00e7\u00f5es da Usina Salto Forqueta e refor\u00e7a seguran\u00e7a energ\u00e9tica no Vale do Taquari - Folha Popular","og_description":"A Certel celebra nesta ter\u00e7a-feira (27\/5) o retorno da gera\u00e7\u00e3o de energia el\u00e9trica na Usina Salto Forqueta, localizada em Putinga. O empreendimento havia sido severamente danificado pelas enchentes de maio de 2024 e, pouco mais de um ano depois, volta a operar em sua capacidade plena, com melhorias estruturais que aumentam sua seguran\u00e7a diante de [&hellip;]","og_url":"https:\/\/folhapopular.info\/index.php\/2025\/05\/27\/usina-salto-forqueta-retoma-operacao-e-reforca-seguranca-energetica-no-vale-do-taquari\/","og_site_name":"Folha Popular","article_published_time":"2025-05-27T13:27:13+00:00","article_modified_time":"2025-05-27T14:55:30+00:00","og_image":[{"width":2560,"height":1920,"url":"http:\/\/folhapopular.info\/wp-content\/uploads\/2025\/05\/5657da69-e1c1-432f-87c8-55f33a375881-scaled.jpeg","type":"image\/jpeg"}],"author":"Reda\u00e7\u00e3o Folha Popular","twitter_card":"summary_large_image","twitter_misc":{"Escrito por":"Reda\u00e7\u00e3o Folha Popular","Est. tempo de leitura":"4 minutos"},"schema":{"@context":"https:\/\/schema.org","@graph":[{"@type":"Article","@id":"https:\/\/folhapopular.info\/index.php\/2025\/05\/27\/usina-salto-forqueta-retoma-operacao-e-reforca-seguranca-energetica-no-vale-do-taquari\/#article","isPartOf":{"@id":"https:\/\/folhapopular.info\/index.php\/2025\/05\/27\/usina-salto-forqueta-retoma-operacao-e-reforca-seguranca-energetica-no-vale-do-taquari\/"},"author":{"name":"Reda\u00e7\u00e3o Folha Popular","@id":"https:\/\/folhapopular.info\/#\/schema\/person\/2814e8a0df7643585a9ca38bc6eb9d4b"},"headline":"Certel retoma as opera\u00e7\u00f5es da Usina Salto Forqueta e refor\u00e7a seguran\u00e7a energ\u00e9tica no Vale do Taquari","datePublished":"2025-05-27T13:27:13+00:00","dateModified":"2025-05-27T14:55:30+00:00","mainEntityOfPage":{"@id":"https:\/\/folhapopular.info\/index.php\/2025\/05\/27\/usina-salto-forqueta-retoma-operacao-e-reforca-seguranca-energetica-no-vale-do-taquari\/"},"wordCount":610,"commentCount":0,"image":{"@id":"https:\/\/folhapopular.info\/index.php\/2025\/05\/27\/usina-salto-forqueta-retoma-operacao-e-reforca-seguranca-energetica-no-vale-do-taquari\/#primaryimage"},"thumbnailUrl":"https:\/\/folhapopular.info\/wp-content\/uploads\/2025\/05\/5657da69-e1c1-432f-87c8-55f33a375881-scaled.jpeg","articleSection":["Destaques","Economia","Empreender","Neg\u00f3cios"],"inLanguage":"pt-BR","potentialAction":[{"@type":"CommentAction","name":"Comment","target":["https:\/\/folhapopular.info\/index.php\/2025\/05\/27\/usina-salto-forqueta-retoma-operacao-e-reforca-seguranca-energetica-no-vale-do-taquari\/#respond"]}]},{"@type":"WebPage","@id":"https:\/\/folhapopular.info\/index.php\/2025\/05\/27\/usina-salto-forqueta-retoma-operacao-e-reforca-seguranca-energetica-no-vale-do-taquari\/","url":"https:\/\/folhapopular.info\/index.php\/2025\/05\/27\/usina-salto-forqueta-retoma-operacao-e-reforca-seguranca-energetica-no-vale-do-taquari\/","name":"Certel retoma as opera\u00e7\u00f5es da Usina Salto Forqueta e refor\u00e7a seguran\u00e7a energ\u00e9tica no Vale do Taquari - Folha Popular","isPartOf":{"@id":"https:\/\/folhapopular.info\/#website"},"primaryImageOfPage":{"@id":"https:\/\/folhapopular.info\/index.php\/2025\/05\/27\/usina-salto-forqueta-retoma-operacao-e-reforca-seguranca-energetica-no-vale-do-taquari\/#primaryimage"},"image":{"@id":"https:\/\/folhapopular.info\/index.php\/2025\/05\/27\/usina-salto-forqueta-retoma-operacao-e-reforca-seguranca-energetica-no-vale-do-taquari\/#primaryimage"},"thumbnailUrl":"https:\/\/folhapopular.info\/wp-content\/uploads\/2025\/05\/5657da69-e1c1-432f-87c8-55f33a375881-scaled.jpeg","datePublished":"2025-05-27T13:27:13+00:00","dateModified":"2025-05-27T14:55:30+00:00","author":{"@id":"https:\/\/folhapopular.info\/#\/schema\/person\/2814e8a0df7643585a9ca38bc6eb9d4b"},"breadcrumb":{"@id":"https:\/\/folhapopular.info\/index.php\/2025\/05\/27\/usina-salto-forqueta-retoma-operacao-e-reforca-seguranca-energetica-no-vale-do-taquari\/#breadcrumb"},"inLanguage":"pt-BR","potentialAction":[{"@type":"ReadAction","target":["https:\/\/folhapopular.info\/index.php\/2025\/05\/27\/usina-salto-forqueta-retoma-operacao-e-reforca-seguranca-energetica-no-vale-do-taquari\/"]}]},{"@type":"ImageObject","inLanguage":"pt-BR","@id":"https:\/\/folhapopular.info\/index.php\/2025\/05\/27\/usina-salto-forqueta-retoma-operacao-e-reforca-seguranca-energetica-no-vale-do-taquari\/#primaryimage","url":"https:\/\/folhapopular.info\/wp-content\/uploads\/2025\/05\/5657da69-e1c1-432f-87c8-55f33a375881-scaled.jpeg","contentUrl":"https:\/\/folhapopular.info\/wp-content\/uploads\/2025\/05\/5657da69-e1c1-432f-87c8-55f33a375881-scaled.jpeg","width":2560,"height":1920,"caption":"Cr\u00e9dito: Lucas Leandro Brune"},{"@type":"BreadcrumbList","@id":"https:\/\/folhapopular.info\/index.php\/2025\/05\/27\/usina-salto-forqueta-retoma-operacao-e-reforca-seguranca-energetica-no-vale-do-taquari\/#breadcrumb","itemListElement":[{"@type":"ListItem","position":1,"name":"In\u00edcio","item":"https:\/\/folhapopular.info\/"},{"@type":"ListItem","position":2,"name":"Certel retoma as opera\u00e7\u00f5es da Usina Salto Forqueta e refor\u00e7a seguran\u00e7a energ\u00e9tica no Vale do Taquari"}]},{"@type":"WebSite","@id":"https:\/\/folhapopular.info\/#website","url":"https:\/\/folhapopular.info\/","name":"Folha Popular","description":"Onde voc\u00ea tem vez e voz","potentialAction":[{"@type":"SearchAction","target":{"@type":"EntryPoint","urlTemplate":"https:\/\/folhapopular.info\/?s={search_term_string}"},"query-input":{"@type":"PropertyValueSpecification","valueRequired":true,"valueName":"search_term_string"}}],"inLanguage":"pt-BR"},{"@type":"Person","@id":"https:\/\/folhapopular.info\/#\/schema\/person\/2814e8a0df7643585a9ca38bc6eb9d4b","name":"Reda\u00e7\u00e3o Folha Popular","image":{"@type":"ImageObject","inLanguage":"pt-BR","@id":"https:\/\/folhapopular.info\/wp-content\/uploads\/2026\/04\/Folha-1.webp","url":"https:\/\/folhapopular.info\/wp-content\/uploads\/2026\/04\/Folha-1.webp","contentUrl":"https:\/\/folhapopular.info\/wp-content\/uploads\/2026\/04\/Folha-1.webp","caption":"Reda\u00e7\u00e3o Folha Popular"},"url":"https:\/\/folhapopular.info\/index.php\/author\/redacao\/"}]}},"jetpack_featured_media_url":"https:\/\/folhapopular.info\/wp-content\/uploads\/2025\/05\/5657da69-e1c1-432f-87c8-55f33a375881-scaled.jpeg","jetpack_sharing_enabled":true,"amp_enabled":true,"_links":{"self":[{"href":"https:\/\/folhapopular.info\/index.php\/wp-json\/wp\/v2\/posts\/187187","targetHints":{"allow":["GET"]}}],"collection":[{"href":"https:\/\/folhapopular.info\/index.php\/wp-json\/wp\/v2\/posts"}],"about":[{"href":"https:\/\/folhapopular.info\/index.php\/wp-json\/wp\/v2\/types\/post"}],"author":[{"embeddable":true,"href":"https:\/\/folhapopular.info\/index.php\/wp-json\/wp\/v2\/users\/8"}],"replies":[{"embeddable":true,"href":"https:\/\/folhapopular.info\/index.php\/wp-json\/wp\/v2\/comments?post=187187"}],"version-history":[{"count":0,"href":"https:\/\/folhapopular.info\/index.php\/wp-json\/wp\/v2\/posts\/187187\/revisions"}],"wp:featuredmedia":[{"embeddable":true,"href":"https:\/\/folhapopular.info\/index.php\/wp-json\/wp\/v2\/media\/187188"}],"wp:attachment":[{"href":"https:\/\/folhapopular.info\/index.php\/wp-json\/wp\/v2\/media?parent=187187"}],"wp:term":[{"taxonomy":"category","embeddable":true,"href":"https:\/\/folhapopular.info\/index.php\/wp-json\/wp\/v2\/categories?post=187187"},{"taxonomy":"post_tag","embeddable":true,"href":"https:\/\/folhapopular.info\/index.php\/wp-json\/wp\/v2\/tags?post=187187"}],"curies":[{"name":"wp","href":"https:\/\/api.w.org\/{rel}","templated":true}]}}