{"id":187269,"date":"2025-05-28T14:18:59","date_gmt":"2025-05-28T17:18:59","guid":{"rendered":"https:\/\/folhapopular.info\/?p=187269"},"modified":"2025-05-28T14:19:02","modified_gmt":"2025-05-28T17:19:02","slug":"estrelense-e-unica-representante-dos-vales-em-evento-nacional-de-matematica","status":"publish","type":"post","link":"https:\/\/folhapopular.info\/index.php\/2025\/05\/28\/estrelense-e-unica-representante-dos-vales-em-evento-nacional-de-matematica\/","title":{"rendered":"Estrelense \u00e9 \u00fanica representante dos Vales em evento nacional de matem\u00e1tica"},"content":{"rendered":"\n<p>A jovem Isadora Klein Diehl, 15, residente em Linha S\u00e3o Jos\u00e9, Estrela, representa sozinha a regi\u00e3o dos Vales no 10\u00ba Encontro do Hotel de Hilbert, realizado de 26 a 29 de maio em Natal (RN). O evento, promovido pelo Instituto de Matem\u00e1tica Pura e Aplicada (Impa), re\u00fane os 146 melhores estudantes do Programa de Inicia\u00e7\u00e3o Cient\u00edfica (PIC) do Brasil. Isadora, bolsisa do CNPq, \u00e9 uma das selecionadas.<\/p>\n\n\n\n<p>Atualmente aluna do 1\u00b0 ano do Ensino M\u00e9dio T\u00e9cnico em Automa\u00e7\u00e3o Industrial do IFSul, Isadora construiu sua hist\u00f3ria ol\u00edmpica ainda no Ensino Fundamental, como estudante da Emef Ipiranga, em Colinas. Foi l\u00e1 que conquistou suas quatro medalhas consecutivas na OBMEP:\u00a0prata nacional (16\u00aa e 17\u00aa edi\u00e7\u00f5es); prata estadual e bronze nacional (18\u00aa edi\u00e7\u00e3o); e ouro estadual e prata nacional (19\u00aa edi\u00e7\u00e3o).\u00a0<\/p>\n\n\n\n<p>A conquista de Isadora tem ecoado nas casas legislativas da regi\u00e3o. Na segunda-feira (26\/5), o vereador de Estrela, Canigia Rerig, destacou sua trajet\u00f3ria em pronunciamento na C\u00e2mara de Vereadores, enaltecendo seu papel como representante da cidade.\u00a0<\/p>\n\n\n\n<p>Nessa ter\u00e7a-feira (27\/5), o vereador Ramatis Oliveira tamb\u00e9m celebrou sua participa\u00e7\u00e3o no evento durante sess\u00e3o na C\u00e2mara de Lajeado, refor\u00e7ando o orgulho regional.\u00a0<\/p>\n\n\n\n<h2 class=\"wp-block-heading\">Sobre o Hotel de Hilbert\u00a0<\/h2>\n\n\n\n<p>O encontro anual oferece aos jovens<strong> <\/strong>minicursos avan\u00e7ados com pesquisadores de ponta,\u00a0desafios matem\u00e1ticos e atividades em grupo e <em>networking<\/em> com os melhores talentos do pa\u00eds.\u00a0<\/p>\n\n\n\n<p>&#8220;\u00c9 uma emo\u00e7\u00e3o representar nossa regi\u00e3o num evento t\u00e3o importante. Tudo que conquistei come\u00e7ou na Emef Ipiranga, e hoje sigo me desafiando no IFSul&#8221;, disse Isadora.<\/p>\n\n\n\n<figure class=\"wp-block-image size-large\"><img loading=\"lazy\" decoding=\"async\" width=\"1024\" height=\"768\" src=\"https:\/\/folhapopular.info\/wp-content\/uploads\/2025\/05\/WhatsApp-Image-2025-05-28-at-10.56.22-1024x768.jpeg\" alt=\"\" class=\"wp-image-187270\" srcset=\"https:\/\/folhapopular.info\/wp-content\/uploads\/2025\/05\/WhatsApp-Image-2025-05-28-at-10.56.22-1024x768.jpeg 1024w, https:\/\/folhapopular.info\/wp-content\/uploads\/2025\/05\/WhatsApp-Image-2025-05-28-at-10.56.22-300x225.jpeg 300w, https:\/\/folhapopular.info\/wp-content\/uploads\/2025\/05\/WhatsApp-Image-2025-05-28-at-10.56.22-768x576.jpeg 768w, https:\/\/folhapopular.info\/wp-content\/uploads\/2025\/05\/WhatsApp-Image-2025-05-28-at-10.56.22-560x420.jpeg 560w, https:\/\/folhapopular.info\/wp-content\/uploads\/2025\/05\/WhatsApp-Image-2025-05-28-at-10.56.22-80x60.jpeg 80w, https:\/\/folhapopular.info\/wp-content\/uploads\/2025\/05\/WhatsApp-Image-2025-05-28-at-10.56.22-696x522.jpeg 696w, https:\/\/folhapopular.info\/wp-content\/uploads\/2025\/05\/WhatsApp-Image-2025-05-28-at-10.56.22-1068x801.jpeg 1068w, https:\/\/folhapopular.info\/wp-content\/uploads\/2025\/05\/WhatsApp-Image-2025-05-28-at-10.56.22.jpeg 1280w\" sizes=\"auto, (max-width: 1024px) 100vw, 1024px\" \/><figcaption class=\"wp-element-caption\">Isadora (d) com a delega\u00e7\u00e3o do RS no evento no Rio Grande do Norte. Cr\u00e9dito: Divulga\u00e7\u00e3o<\/figcaption><\/figure>\n","protected":false},"excerpt":{"rendered":"<p>A jovem Isadora Klein Diehl, 15, residente em Linha S\u00e3o Jos\u00e9, Estrela, representa sozinha a regi\u00e3o dos Vales no 10\u00ba Encontro do Hotel de Hilbert, realizado de 26 a 29 de maio em Natal (RN). O evento, promovido pelo Instituto de Matem\u00e1tica Pura e Aplicada (Impa), re\u00fane os 146 melhores estudantes do Programa de Inicia\u00e7\u00e3o [&hellip;]<\/p>\n","protected":false},"author":8,"featured_media":187271,"comment_status":"open","ping_status":"open","sticky":false,"template":"","format":"standard","meta":{"pmpro_default_level":"","_jetpack_memberships_contains_paid_content":false,"footnotes":""},"categories":[2,10988,3],"tags":[10592,8,14202,15262,1615,403],"class_list":{"0":"post-187269","1":"post","2":"type-post","3":"status-publish","4":"format-standard","5":"has-post-thumbnail","7":"category-featured","8":"category-educacao","9":"category-geral","10":"tag-cnpq","11":"tag-estrela","12":"tag-estrelense","13":"tag-impa-2","14":"tag-matematica","15":"tag-obmep","16":"pmpro-has-access"},"yoast_head":"<!-- This site is optimized with the Yoast SEO plugin v27.5 - https:\/\/yoast.com\/product\/yoast-seo-wordpress\/ -->\n<title>Estrelense \u00e9 \u00fanica representante dos Vales em evento nacional de matem\u00e1tica - Folha Popular<\/title>\n<meta name=\"robots\" content=\"index, follow, max-snippet:-1, max-image-preview:large, max-video-preview:-1\" \/>\n<link rel=\"canonical\" href=\"https:\/\/folhapopular.info\/index.php\/2025\/05\/28\/estrelense-e-unica-representante-dos-vales-em-evento-nacional-de-matematica\/\" \/>\n<meta property=\"og:locale\" content=\"pt_BR\" \/>\n<meta property=\"og:type\" content=\"article\" \/>\n<meta property=\"og:title\" content=\"Estrelense \u00e9 \u00fanica representante dos Vales em evento nacional de matem\u00e1tica - Folha Popular\" \/>\n<meta property=\"og:description\" content=\"A jovem Isadora Klein Diehl, 15, residente em Linha S\u00e3o Jos\u00e9, Estrela, representa sozinha a regi\u00e3o dos Vales no 10\u00ba Encontro do Hotel de Hilbert, realizado de 26 a 29 de maio em Natal (RN). O evento, promovido pelo Instituto de Matem\u00e1tica Pura e Aplicada (Impa), re\u00fane os 146 melhores estudantes do Programa de Inicia\u00e7\u00e3o [&hellip;]\" \/>\n<meta property=\"og:url\" content=\"https:\/\/folhapopular.info\/index.php\/2025\/05\/28\/estrelense-e-unica-representante-dos-vales-em-evento-nacional-de-matematica\/\" \/>\n<meta property=\"og:site_name\" content=\"Folha Popular\" \/>\n<meta property=\"article:published_time\" content=\"2025-05-28T17:18:59+00:00\" \/>\n<meta property=\"article:modified_time\" content=\"2025-05-28T17:19:02+00:00\" \/>\n<meta property=\"og:image\" content=\"http:\/\/folhapopular.info\/wp-content\/uploads\/2025\/05\/WhatsApp-Image-2025-05-28-at-10.56.23-scaled-e1748452652196.jpeg\" \/>\n\t<meta property=\"og:image:width\" content=\"1920\" \/>\n\t<meta property=\"og:image:height\" content=\"1062\" \/>\n\t<meta property=\"og:image:type\" content=\"image\/jpeg\" \/>\n<meta name=\"author\" content=\"Reda\u00e7\u00e3o Folha Popular\" \/>\n<meta name=\"twitter:card\" content=\"summary_large_image\" \/>\n<meta name=\"twitter:label1\" content=\"Escrito por\" \/>\n\t<meta name=\"twitter:data1\" content=\"Reda\u00e7\u00e3o Folha Popular\" \/>\n\t<meta name=\"twitter:label2\" content=\"Est. tempo de leitura\" \/>\n\t<meta name=\"twitter:data2\" content=\"2 minutos\" \/>\n<script type=\"application\/ld+json\" class=\"yoast-schema-graph\">{\"@context\":\"https:\\\/\\\/schema.org\",\"@graph\":[{\"@type\":\"Article\",\"@id\":\"https:\\\/\\\/folhapopular.info\\\/index.php\\\/2025\\\/05\\\/28\\\/estrelense-e-unica-representante-dos-vales-em-evento-nacional-de-matematica\\\/#article\",\"isPartOf\":{\"@id\":\"https:\\\/\\\/folhapopular.info\\\/index.php\\\/2025\\\/05\\\/28\\\/estrelense-e-unica-representante-dos-vales-em-evento-nacional-de-matematica\\\/\"},\"author\":{\"name\":\"Reda\u00e7\u00e3o Folha Popular\",\"@id\":\"https:\\\/\\\/folhapopular.info\\\/#\\\/schema\\\/person\\\/2814e8a0df7643585a9ca38bc6eb9d4b\"},\"headline\":\"Estrelense \u00e9 \u00fanica representante dos Vales em evento nacional de matem\u00e1tica\",\"datePublished\":\"2025-05-28T17:18:59+00:00\",\"dateModified\":\"2025-05-28T17:19:02+00:00\",\"mainEntityOfPage\":{\"@id\":\"https:\\\/\\\/folhapopular.info\\\/index.php\\\/2025\\\/05\\\/28\\\/estrelense-e-unica-representante-dos-vales-em-evento-nacional-de-matematica\\\/\"},\"wordCount\":290,\"commentCount\":0,\"image\":{\"@id\":\"https:\\\/\\\/folhapopular.info\\\/index.php\\\/2025\\\/05\\\/28\\\/estrelense-e-unica-representante-dos-vales-em-evento-nacional-de-matematica\\\/#primaryimage\"},\"thumbnailUrl\":\"https:\\\/\\\/folhapopular.info\\\/wp-content\\\/uploads\\\/2025\\\/05\\\/WhatsApp-Image-2025-05-28-at-10.56.23-scaled-e1748452652196.jpeg\",\"keywords\":[\"cnpq\",\"Estrela\",\"Estrelense\",\"IMPA\",\"Matem\u00e1tica\",\"OBMEP\"],\"articleSection\":[\"Destaques\",\"Educa\u00e7\u00e3o\",\"Geral\"],\"inLanguage\":\"pt-BR\",\"potentialAction\":[{\"@type\":\"CommentAction\",\"name\":\"Comment\",\"target\":[\"https:\\\/\\\/folhapopular.info\\\/index.php\\\/2025\\\/05\\\/28\\\/estrelense-e-unica-representante-dos-vales-em-evento-nacional-de-matematica\\\/#respond\"]}]},{\"@type\":\"WebPage\",\"@id\":\"https:\\\/\\\/folhapopular.info\\\/index.php\\\/2025\\\/05\\\/28\\\/estrelense-e-unica-representante-dos-vales-em-evento-nacional-de-matematica\\\/\",\"url\":\"https:\\\/\\\/folhapopular.info\\\/index.php\\\/2025\\\/05\\\/28\\\/estrelense-e-unica-representante-dos-vales-em-evento-nacional-de-matematica\\\/\",\"name\":\"Estrelense \u00e9 \u00fanica representante dos Vales em evento nacional de matem\u00e1tica - Folha Popular\",\"isPartOf\":{\"@id\":\"https:\\\/\\\/folhapopular.info\\\/#website\"},\"primaryImageOfPage\":{\"@id\":\"https:\\\/\\\/folhapopular.info\\\/index.php\\\/2025\\\/05\\\/28\\\/estrelense-e-unica-representante-dos-vales-em-evento-nacional-de-matematica\\\/#primaryimage\"},\"image\":{\"@id\":\"https:\\\/\\\/folhapopular.info\\\/index.php\\\/2025\\\/05\\\/28\\\/estrelense-e-unica-representante-dos-vales-em-evento-nacional-de-matematica\\\/#primaryimage\"},\"thumbnailUrl\":\"https:\\\/\\\/folhapopular.info\\\/wp-content\\\/uploads\\\/2025\\\/05\\\/WhatsApp-Image-2025-05-28-at-10.56.23-scaled-e1748452652196.jpeg\",\"datePublished\":\"2025-05-28T17:18:59+00:00\",\"dateModified\":\"2025-05-28T17:19:02+00:00\",\"author\":{\"@id\":\"https:\\\/\\\/folhapopular.info\\\/#\\\/schema\\\/person\\\/2814e8a0df7643585a9ca38bc6eb9d4b\"},\"breadcrumb\":{\"@id\":\"https:\\\/\\\/folhapopular.info\\\/index.php\\\/2025\\\/05\\\/28\\\/estrelense-e-unica-representante-dos-vales-em-evento-nacional-de-matematica\\\/#breadcrumb\"},\"inLanguage\":\"pt-BR\",\"potentialAction\":[{\"@type\":\"ReadAction\",\"target\":[\"https:\\\/\\\/folhapopular.info\\\/index.php\\\/2025\\\/05\\\/28\\\/estrelense-e-unica-representante-dos-vales-em-evento-nacional-de-matematica\\\/\"]}]},{\"@type\":\"ImageObject\",\"inLanguage\":\"pt-BR\",\"@id\":\"https:\\\/\\\/folhapopular.info\\\/index.php\\\/2025\\\/05\\\/28\\\/estrelense-e-unica-representante-dos-vales-em-evento-nacional-de-matematica\\\/#primaryimage\",\"url\":\"https:\\\/\\\/folhapopular.info\\\/wp-content\\\/uploads\\\/2025\\\/05\\\/WhatsApp-Image-2025-05-28-at-10.56.23-scaled-e1748452652196.jpeg\",\"contentUrl\":\"https:\\\/\\\/folhapopular.info\\\/wp-content\\\/uploads\\\/2025\\\/05\\\/WhatsApp-Image-2025-05-28-at-10.56.23-scaled-e1748452652196.jpeg\",\"width\":1920,\"height\":1062,\"caption\":\"Isadora Klein Diehl tem 15 anos e \u00e9 moradora de Estrela. Cr\u00e9dito: Divulga\u00e7\u00e3o\"},{\"@type\":\"BreadcrumbList\",\"@id\":\"https:\\\/\\\/folhapopular.info\\\/index.php\\\/2025\\\/05\\\/28\\\/estrelense-e-unica-representante-dos-vales-em-evento-nacional-de-matematica\\\/#breadcrumb\",\"itemListElement\":[{\"@type\":\"ListItem\",\"position\":1,\"name\":\"In\u00edcio\",\"item\":\"https:\\\/\\\/folhapopular.info\\\/\"},{\"@type\":\"ListItem\",\"position\":2,\"name\":\"Estrelense \u00e9 \u00fanica representante dos Vales em evento nacional de matem\u00e1tica\"}]},{\"@type\":\"WebSite\",\"@id\":\"https:\\\/\\\/folhapopular.info\\\/#website\",\"url\":\"https:\\\/\\\/folhapopular.info\\\/\",\"name\":\"Folha Popular\",\"description\":\"Onde voc\u00ea tem vez e voz\",\"potentialAction\":[{\"@type\":\"SearchAction\",\"target\":{\"@type\":\"EntryPoint\",\"urlTemplate\":\"https:\\\/\\\/folhapopular.info\\\/?s={search_term_string}\"},\"query-input\":{\"@type\":\"PropertyValueSpecification\",\"valueRequired\":true,\"valueName\":\"search_term_string\"}}],\"inLanguage\":\"pt-BR\"},{\"@type\":\"Person\",\"@id\":\"https:\\\/\\\/folhapopular.info\\\/#\\\/schema\\\/person\\\/2814e8a0df7643585a9ca38bc6eb9d4b\",\"name\":\"Reda\u00e7\u00e3o Folha Popular\",\"image\":{\"@type\":\"ImageObject\",\"inLanguage\":\"pt-BR\",\"@id\":\"https:\\\/\\\/folhapopular.info\\\/wp-content\\\/uploads\\\/2026\\\/04\\\/Folha-1.webp\",\"url\":\"https:\\\/\\\/folhapopular.info\\\/wp-content\\\/uploads\\\/2026\\\/04\\\/Folha-1.webp\",\"contentUrl\":\"https:\\\/\\\/folhapopular.info\\\/wp-content\\\/uploads\\\/2026\\\/04\\\/Folha-1.webp\",\"caption\":\"Reda\u00e7\u00e3o Folha Popular\"},\"url\":\"https:\\\/\\\/folhapopular.info\\\/index.php\\\/author\\\/redacao\\\/\"}]}<\/script>\n<!-- \/ Yoast SEO plugin. -->","yoast_head_json":{"title":"Estrelense \u00e9 \u00fanica representante dos Vales em evento nacional de matem\u00e1tica - Folha Popular","robots":{"index":"index","follow":"follow","max-snippet":"max-snippet:-1","max-image-preview":"max-image-preview:large","max-video-preview":"max-video-preview:-1"},"canonical":"https:\/\/folhapopular.info\/index.php\/2025\/05\/28\/estrelense-e-unica-representante-dos-vales-em-evento-nacional-de-matematica\/","og_locale":"pt_BR","og_type":"article","og_title":"Estrelense \u00e9 \u00fanica representante dos Vales em evento nacional de matem\u00e1tica - Folha Popular","og_description":"A jovem Isadora Klein Diehl, 15, residente em Linha S\u00e3o Jos\u00e9, Estrela, representa sozinha a regi\u00e3o dos Vales no 10\u00ba Encontro do Hotel de Hilbert, realizado de 26 a 29 de maio em Natal (RN). O evento, promovido pelo Instituto de Matem\u00e1tica Pura e Aplicada (Impa), re\u00fane os 146 melhores estudantes do Programa de Inicia\u00e7\u00e3o [&hellip;]","og_url":"https:\/\/folhapopular.info\/index.php\/2025\/05\/28\/estrelense-e-unica-representante-dos-vales-em-evento-nacional-de-matematica\/","og_site_name":"Folha Popular","article_published_time":"2025-05-28T17:18:59+00:00","article_modified_time":"2025-05-28T17:19:02+00:00","og_image":[{"width":1920,"height":1062,"url":"http:\/\/folhapopular.info\/wp-content\/uploads\/2025\/05\/WhatsApp-Image-2025-05-28-at-10.56.23-scaled-e1748452652196.jpeg","type":"image\/jpeg"}],"author":"Reda\u00e7\u00e3o Folha Popular","twitter_card":"summary_large_image","twitter_misc":{"Escrito por":"Reda\u00e7\u00e3o Folha Popular","Est. tempo de leitura":"2 minutos"},"schema":{"@context":"https:\/\/schema.org","@graph":[{"@type":"Article","@id":"https:\/\/folhapopular.info\/index.php\/2025\/05\/28\/estrelense-e-unica-representante-dos-vales-em-evento-nacional-de-matematica\/#article","isPartOf":{"@id":"https:\/\/folhapopular.info\/index.php\/2025\/05\/28\/estrelense-e-unica-representante-dos-vales-em-evento-nacional-de-matematica\/"},"author":{"name":"Reda\u00e7\u00e3o Folha Popular","@id":"https:\/\/folhapopular.info\/#\/schema\/person\/2814e8a0df7643585a9ca38bc6eb9d4b"},"headline":"Estrelense \u00e9 \u00fanica representante dos Vales em evento nacional de matem\u00e1tica","datePublished":"2025-05-28T17:18:59+00:00","dateModified":"2025-05-28T17:19:02+00:00","mainEntityOfPage":{"@id":"https:\/\/folhapopular.info\/index.php\/2025\/05\/28\/estrelense-e-unica-representante-dos-vales-em-evento-nacional-de-matematica\/"},"wordCount":290,"commentCount":0,"image":{"@id":"https:\/\/folhapopular.info\/index.php\/2025\/05\/28\/estrelense-e-unica-representante-dos-vales-em-evento-nacional-de-matematica\/#primaryimage"},"thumbnailUrl":"https:\/\/folhapopular.info\/wp-content\/uploads\/2025\/05\/WhatsApp-Image-2025-05-28-at-10.56.23-scaled-e1748452652196.jpeg","keywords":["cnpq","Estrela","Estrelense","IMPA","Matem\u00e1tica","OBMEP"],"articleSection":["Destaques","Educa\u00e7\u00e3o","Geral"],"inLanguage":"pt-BR","potentialAction":[{"@type":"CommentAction","name":"Comment","target":["https:\/\/folhapopular.info\/index.php\/2025\/05\/28\/estrelense-e-unica-representante-dos-vales-em-evento-nacional-de-matematica\/#respond"]}]},{"@type":"WebPage","@id":"https:\/\/folhapopular.info\/index.php\/2025\/05\/28\/estrelense-e-unica-representante-dos-vales-em-evento-nacional-de-matematica\/","url":"https:\/\/folhapopular.info\/index.php\/2025\/05\/28\/estrelense-e-unica-representante-dos-vales-em-evento-nacional-de-matematica\/","name":"Estrelense \u00e9 \u00fanica representante dos Vales em evento nacional de matem\u00e1tica - Folha Popular","isPartOf":{"@id":"https:\/\/folhapopular.info\/#website"},"primaryImageOfPage":{"@id":"https:\/\/folhapopular.info\/index.php\/2025\/05\/28\/estrelense-e-unica-representante-dos-vales-em-evento-nacional-de-matematica\/#primaryimage"},"image":{"@id":"https:\/\/folhapopular.info\/index.php\/2025\/05\/28\/estrelense-e-unica-representante-dos-vales-em-evento-nacional-de-matematica\/#primaryimage"},"thumbnailUrl":"https:\/\/folhapopular.info\/wp-content\/uploads\/2025\/05\/WhatsApp-Image-2025-05-28-at-10.56.23-scaled-e1748452652196.jpeg","datePublished":"2025-05-28T17:18:59+00:00","dateModified":"2025-05-28T17:19:02+00:00","author":{"@id":"https:\/\/folhapopular.info\/#\/schema\/person\/2814e8a0df7643585a9ca38bc6eb9d4b"},"breadcrumb":{"@id":"https:\/\/folhapopular.info\/index.php\/2025\/05\/28\/estrelense-e-unica-representante-dos-vales-em-evento-nacional-de-matematica\/#breadcrumb"},"inLanguage":"pt-BR","potentialAction":[{"@type":"ReadAction","target":["https:\/\/folhapopular.info\/index.php\/2025\/05\/28\/estrelense-e-unica-representante-dos-vales-em-evento-nacional-de-matematica\/"]}]},{"@type":"ImageObject","inLanguage":"pt-BR","@id":"https:\/\/folhapopular.info\/index.php\/2025\/05\/28\/estrelense-e-unica-representante-dos-vales-em-evento-nacional-de-matematica\/#primaryimage","url":"https:\/\/folhapopular.info\/wp-content\/uploads\/2025\/05\/WhatsApp-Image-2025-05-28-at-10.56.23-scaled-e1748452652196.jpeg","contentUrl":"https:\/\/folhapopular.info\/wp-content\/uploads\/2025\/05\/WhatsApp-Image-2025-05-28-at-10.56.23-scaled-e1748452652196.jpeg","width":1920,"height":1062,"caption":"Isadora Klein Diehl tem 15 anos e \u00e9 moradora de Estrela. Cr\u00e9dito: Divulga\u00e7\u00e3o"},{"@type":"BreadcrumbList","@id":"https:\/\/folhapopular.info\/index.php\/2025\/05\/28\/estrelense-e-unica-representante-dos-vales-em-evento-nacional-de-matematica\/#breadcrumb","itemListElement":[{"@type":"ListItem","position":1,"name":"In\u00edcio","item":"https:\/\/folhapopular.info\/"},{"@type":"ListItem","position":2,"name":"Estrelense \u00e9 \u00fanica representante dos Vales em evento nacional de matem\u00e1tica"}]},{"@type":"WebSite","@id":"https:\/\/folhapopular.info\/#website","url":"https:\/\/folhapopular.info\/","name":"Folha Popular","description":"Onde voc\u00ea tem vez e voz","potentialAction":[{"@type":"SearchAction","target":{"@type":"EntryPoint","urlTemplate":"https:\/\/folhapopular.info\/?s={search_term_string}"},"query-input":{"@type":"PropertyValueSpecification","valueRequired":true,"valueName":"search_term_string"}}],"inLanguage":"pt-BR"},{"@type":"Person","@id":"https:\/\/folhapopular.info\/#\/schema\/person\/2814e8a0df7643585a9ca38bc6eb9d4b","name":"Reda\u00e7\u00e3o Folha Popular","image":{"@type":"ImageObject","inLanguage":"pt-BR","@id":"https:\/\/folhapopular.info\/wp-content\/uploads\/2026\/04\/Folha-1.webp","url":"https:\/\/folhapopular.info\/wp-content\/uploads\/2026\/04\/Folha-1.webp","contentUrl":"https:\/\/folhapopular.info\/wp-content\/uploads\/2026\/04\/Folha-1.webp","caption":"Reda\u00e7\u00e3o Folha Popular"},"url":"https:\/\/folhapopular.info\/index.php\/author\/redacao\/"}]}},"jetpack_featured_media_url":"https:\/\/folhapopular.info\/wp-content\/uploads\/2025\/05\/WhatsApp-Image-2025-05-28-at-10.56.23-scaled-e1748452652196.jpeg","jetpack_sharing_enabled":true,"amp_enabled":true,"_links":{"self":[{"href":"https:\/\/folhapopular.info\/index.php\/wp-json\/wp\/v2\/posts\/187269","targetHints":{"allow":["GET"]}}],"collection":[{"href":"https:\/\/folhapopular.info\/index.php\/wp-json\/wp\/v2\/posts"}],"about":[{"href":"https:\/\/folhapopular.info\/index.php\/wp-json\/wp\/v2\/types\/post"}],"author":[{"embeddable":true,"href":"https:\/\/folhapopular.info\/index.php\/wp-json\/wp\/v2\/users\/8"}],"replies":[{"embeddable":true,"href":"https:\/\/folhapopular.info\/index.php\/wp-json\/wp\/v2\/comments?post=187269"}],"version-history":[{"count":0,"href":"https:\/\/folhapopular.info\/index.php\/wp-json\/wp\/v2\/posts\/187269\/revisions"}],"wp:featuredmedia":[{"embeddable":true,"href":"https:\/\/folhapopular.info\/index.php\/wp-json\/wp\/v2\/media\/187271"}],"wp:attachment":[{"href":"https:\/\/folhapopular.info\/index.php\/wp-json\/wp\/v2\/media?parent=187269"}],"wp:term":[{"taxonomy":"category","embeddable":true,"href":"https:\/\/folhapopular.info\/index.php\/wp-json\/wp\/v2\/categories?post=187269"},{"taxonomy":"post_tag","embeddable":true,"href":"https:\/\/folhapopular.info\/index.php\/wp-json\/wp\/v2\/tags?post=187269"}],"curies":[{"name":"wp","href":"https:\/\/api.w.org\/{rel}","templated":true}]}}