{"id":187292,"date":"2025-05-28T16:00:57","date_gmt":"2025-05-28T19:00:57","guid":{"rendered":"https:\/\/folhapopular.info\/?p=187292"},"modified":"2025-05-28T16:00:59","modified_gmt":"2025-05-28T19:00:59","slug":"chuva-nao-afastou-os-cerca-de-250-participantes-da-rustica-de-poco-das-antas","status":"publish","type":"post","link":"https:\/\/folhapopular.info\/index.php\/2025\/05\/28\/chuva-nao-afastou-os-cerca-de-250-participantes-da-rustica-de-poco-das-antas\/","title":{"rendered":"Chuva n\u00e3o afastou os cerca de 250 participantes da R\u00fastica de Po\u00e7o das Antas"},"content":{"rendered":"\n<p>A 4\u00aa R\u00fastica de Po\u00e7o das Antas reuniu corredores de diferentes idades, regi\u00f5es e estilos para se desafiarem nos percursos de 3, 5 e 10 quil\u00f4metros. A competi\u00e7\u00e3o, marcada pela diversidade de participantes e bom n\u00edvel t\u00e9cnico dos corredores, demonstrou boas perspectivas, tanto nas provas por categoria como nas gerais.<\/p>\n\n\n\n<p>Ao todo, o evento teve cerca de 300 inscri\u00e7\u00f5es para participa\u00e7\u00e3o. No entanto, devido ao mau tempo, aproximadamente 250 atletas compareceram, participaram das provas e enfrentaram as condi\u00e7\u00f5es adversas.<\/p>\n\n\n\n<p>Para o profissional de Educa\u00e7\u00e3o F\u00edsica junto \u00e0 Secretaria Municipal de Educa\u00e7\u00e3o, Cultura, Turismo e Desporto de Po\u00e7o das Antas, Augusto Huebner, a chuva afastou alguns dos presentes na prova, por\u00e9m, n\u00e3o afetou o espet\u00e1culo. \u201cTivemos problemas com a chuva. O mau tempo tirou um pouco do p\u00fablico e, querendo ou n\u00e3o, da presen\u00e7a das pessoas. Mas a r\u00fastica foi muito boa; apesar do clima, n\u00e3o temos nada pra reclamar. Agradecemos a todos que prestigiaram o evento e disputaram as provas\u201d, comenta.<\/p>\n\n\n\n<h3 class=\"wp-block-heading\"><strong>NAS PISTAS<\/strong><\/h3>\n\n\n\n<p><strong>3 quil\u00f4metros<\/strong><\/p>\n\n\n\n<p>Geral (1\u00ba lugar masculino e feminino): Luis Carlos da Silva (11min55seg) e Nat\u00e1lia Bianca da Costa (13min09seg)<\/p>\n\n\n\n<p>14 a 23 anos (1\u00ba lugar masculino e feminino): Davi Vin\u00edcius de Oliveira e Isis Emanuela de Menezes Azevedo<\/p>\n\n\n\n<p>24 a 33 anos (1\u00ba lugar masculino e feminino): Anderson Miorelli e Isabel Cristina Ludwig<\/p>\n\n\n\n<p>34 a 43 anos (1\u00ba lugar masculino e feminino): Tiago de Mesquita Klein e Denise dos Santos Barbosa<\/p>\n\n\n\n<p>44 a 53 anos (1\u00ba lugar feminino): Susana Beatriz Osterkamp<\/p>\n\n\n\n<p>54 a 63 anos (1\u00ba lugar masculino e feminino): Rog\u00e9rio Benhur Rech e Silvania Allebrandt von Muhlen<\/p>\n\n\n\n<p>64 anos + (1\u00ba lugar masculino e feminino): Jorge Luiz Santiago e Sirlei Maria Zucki Bagatini<\/p>\n\n\n\n<p><strong>5 quil\u00f4metros<\/strong><\/p>\n\n\n\n<p>Geral (1\u00ba lugar masculino e feminino): Geovane Samoel Krindges (20min26seg) e Laura Brackmann Mallmann (21min37seg)<\/p>\n\n\n\n<p>14 a 23 anos (1\u00ba lugar masculino e feminino): Iuri Gomes e Greice Maria Lanius<\/p>\n\n\n\n<p>24 a 33 anos (1\u00ba lugar masculino e feminino): Mailon Pontin e Rafaela Mallmann Machado<\/p>\n\n\n\n<p>34 a 43 anos (1\u00ba lugar masculino e feminino): Ezequiel Schroeder e Daniele Mayra Klaus<\/p>\n\n\n\n<p><strong>10 quil\u00f4metros<\/strong><\/p>\n\n\n\n<p>Geral (1\u00ba lugar masculino e feminino): Luis Carlos Diedrich Schwingel (39min) e Daiana Caroline Eichler (50min11seg)<\/p>\n\n\n\n<p>18 a 23 anos (1\u00ba lugar masculino): Rafael Baumgarten<\/p>\n\n\n\n<p>24 a 33 anos (1\u00ba lugar masculino): Marcos Vinicio Hensel<\/p>\n\n\n\n<p>44 a 53 anos (1\u00ba lugar masculino e feminino): Edson Helfenstein e Eliane Andrea Guerres<\/p>\n\n\n\n<p>54 a 63 anos (1\u00ba lugar masculino): V\u00e9rio Docena<\/p>\n\n\n\n<figure class=\"wp-block-gallery has-nested-images columns-default is-cropped wp-block-gallery-1 is-layout-flex wp-block-gallery-is-layout-flex\">\n<figure class=\"wp-block-image size-large\"><img loading=\"lazy\" decoding=\"async\" width=\"1024\" height=\"683\" data-id=\"187298\" src=\"https:\/\/folhapopular.info\/wp-content\/uploads\/2025\/05\/Podio-feminino-de-3km_PV-1024x683.jpg\" alt=\"\" class=\"wp-image-187298\" srcset=\"https:\/\/folhapopular.info\/wp-content\/uploads\/2025\/05\/Podio-feminino-de-3km_PV-1024x683.jpg 1024w, https:\/\/folhapopular.info\/wp-content\/uploads\/2025\/05\/Podio-feminino-de-3km_PV-300x200.jpg 300w, https:\/\/folhapopular.info\/wp-content\/uploads\/2025\/05\/Podio-feminino-de-3km_PV-768x512.jpg 768w, https:\/\/folhapopular.info\/wp-content\/uploads\/2025\/05\/Podio-feminino-de-3km_PV-1536x1024.jpg 1536w, https:\/\/folhapopular.info\/wp-content\/uploads\/2025\/05\/Podio-feminino-de-3km_PV-2048x1365.jpg 2048w, https:\/\/folhapopular.info\/wp-content\/uploads\/2025\/05\/Podio-feminino-de-3km_PV-630x420.jpg 630w, https:\/\/folhapopular.info\/wp-content\/uploads\/2025\/05\/Podio-feminino-de-3km_PV-696x464.jpg 696w, https:\/\/folhapopular.info\/wp-content\/uploads\/2025\/05\/Podio-feminino-de-3km_PV-1068x712.jpg 1068w, https:\/\/folhapopular.info\/wp-content\/uploads\/2025\/05\/Podio-feminino-de-3km_PV-1920x1280.jpg 1920w\" sizes=\"auto, (max-width: 1024px) 100vw, 1024px\" \/><\/figure>\n\n\n\n<figure class=\"wp-block-image size-large\"><img loading=\"lazy\" decoding=\"async\" width=\"1024\" height=\"683\" data-id=\"187299\" src=\"https:\/\/folhapopular.info\/wp-content\/uploads\/2025\/05\/Podio-masculino-de-3km_PV-1024x683.jpg\" alt=\"\" class=\"wp-image-187299\" srcset=\"https:\/\/folhapopular.info\/wp-content\/uploads\/2025\/05\/Podio-masculino-de-3km_PV-1024x683.jpg 1024w, https:\/\/folhapopular.info\/wp-content\/uploads\/2025\/05\/Podio-masculino-de-3km_PV-300x200.jpg 300w, https:\/\/folhapopular.info\/wp-content\/uploads\/2025\/05\/Podio-masculino-de-3km_PV-768x512.jpg 768w, https:\/\/folhapopular.info\/wp-content\/uploads\/2025\/05\/Podio-masculino-de-3km_PV-1536x1024.jpg 1536w, https:\/\/folhapopular.info\/wp-content\/uploads\/2025\/05\/Podio-masculino-de-3km_PV-2048x1365.jpg 2048w, https:\/\/folhapopular.info\/wp-content\/uploads\/2025\/05\/Podio-masculino-de-3km_PV-630x420.jpg 630w, https:\/\/folhapopular.info\/wp-content\/uploads\/2025\/05\/Podio-masculino-de-3km_PV-696x464.jpg 696w, https:\/\/folhapopular.info\/wp-content\/uploads\/2025\/05\/Podio-masculino-de-3km_PV-1068x712.jpg 1068w, https:\/\/folhapopular.info\/wp-content\/uploads\/2025\/05\/Podio-masculino-de-3km_PV-1920x1280.jpg 1920w\" sizes=\"auto, (max-width: 1024px) 100vw, 1024px\" \/><\/figure>\n<figcaption class=\"blocks-gallery-caption wp-element-caption\">P\u00f3dios dos 3 quil\u00f4metros<\/figcaption><\/figure>\n\n\n\n<figure class=\"wp-block-gallery has-nested-images columns-default is-cropped wp-block-gallery-2 is-layout-flex wp-block-gallery-is-layout-flex\">\n<figure class=\"wp-block-image size-large\"><img loading=\"lazy\" decoding=\"async\" width=\"1024\" height=\"683\" data-id=\"187301\" src=\"https:\/\/folhapopular.info\/wp-content\/uploads\/2025\/05\/Podio-masculino-de-5km_PV-1024x683.jpg\" alt=\"\" class=\"wp-image-187301\" srcset=\"https:\/\/folhapopular.info\/wp-content\/uploads\/2025\/05\/Podio-masculino-de-5km_PV-1024x683.jpg 1024w, https:\/\/folhapopular.info\/wp-content\/uploads\/2025\/05\/Podio-masculino-de-5km_PV-300x200.jpg 300w, https:\/\/folhapopular.info\/wp-content\/uploads\/2025\/05\/Podio-masculino-de-5km_PV-768x512.jpg 768w, https:\/\/folhapopular.info\/wp-content\/uploads\/2025\/05\/Podio-masculino-de-5km_PV-1536x1024.jpg 1536w, https:\/\/folhapopular.info\/wp-content\/uploads\/2025\/05\/Podio-masculino-de-5km_PV-2048x1365.jpg 2048w, https:\/\/folhapopular.info\/wp-content\/uploads\/2025\/05\/Podio-masculino-de-5km_PV-630x420.jpg 630w, https:\/\/folhapopular.info\/wp-content\/uploads\/2025\/05\/Podio-masculino-de-5km_PV-696x464.jpg 696w, https:\/\/folhapopular.info\/wp-content\/uploads\/2025\/05\/Podio-masculino-de-5km_PV-1068x712.jpg 1068w, https:\/\/folhapopular.info\/wp-content\/uploads\/2025\/05\/Podio-masculino-de-5km_PV-1920x1280.jpg 1920w\" sizes=\"auto, (max-width: 1024px) 100vw, 1024px\" \/><\/figure>\n\n\n\n<figure class=\"wp-block-image size-large\"><img loading=\"lazy\" decoding=\"async\" width=\"1024\" height=\"683\" data-id=\"187300\" src=\"https:\/\/folhapopular.info\/wp-content\/uploads\/2025\/05\/Podio-feminino-de-5km_PV-1024x683.jpg\" alt=\"\" class=\"wp-image-187300\" srcset=\"https:\/\/folhapopular.info\/wp-content\/uploads\/2025\/05\/Podio-feminino-de-5km_PV-1024x683.jpg 1024w, https:\/\/folhapopular.info\/wp-content\/uploads\/2025\/05\/Podio-feminino-de-5km_PV-300x200.jpg 300w, https:\/\/folhapopular.info\/wp-content\/uploads\/2025\/05\/Podio-feminino-de-5km_PV-768x512.jpg 768w, https:\/\/folhapopular.info\/wp-content\/uploads\/2025\/05\/Podio-feminino-de-5km_PV-1536x1024.jpg 1536w, https:\/\/folhapopular.info\/wp-content\/uploads\/2025\/05\/Podio-feminino-de-5km_PV-2048x1365.jpg 2048w, https:\/\/folhapopular.info\/wp-content\/uploads\/2025\/05\/Podio-feminino-de-5km_PV-630x420.jpg 630w, https:\/\/folhapopular.info\/wp-content\/uploads\/2025\/05\/Podio-feminino-de-5km_PV-696x464.jpg 696w, https:\/\/folhapopular.info\/wp-content\/uploads\/2025\/05\/Podio-feminino-de-5km_PV-1068x712.jpg 1068w, https:\/\/folhapopular.info\/wp-content\/uploads\/2025\/05\/Podio-feminino-de-5km_PV-1920x1280.jpg 1920w\" sizes=\"auto, (max-width: 1024px) 100vw, 1024px\" \/><\/figure>\n<figcaption class=\"blocks-gallery-caption wp-element-caption\">P\u00f3dios dos 5 quil\u00f4metros<\/figcaption><\/figure>\n\n\n\n<figure class=\"wp-block-gallery has-nested-images columns-default is-cropped wp-block-gallery-3 is-layout-flex wp-block-gallery-is-layout-flex\">\n<figure class=\"wp-block-image size-large\"><img loading=\"lazy\" decoding=\"async\" width=\"1024\" height=\"683\" data-id=\"187303\" src=\"https:\/\/folhapopular.info\/wp-content\/uploads\/2025\/05\/Podio-masculino-de-10km_PV-1024x683.jpg\" alt=\"\" class=\"wp-image-187303\" srcset=\"https:\/\/folhapopular.info\/wp-content\/uploads\/2025\/05\/Podio-masculino-de-10km_PV-1024x683.jpg 1024w, https:\/\/folhapopular.info\/wp-content\/uploads\/2025\/05\/Podio-masculino-de-10km_PV-300x200.jpg 300w, https:\/\/folhapopular.info\/wp-content\/uploads\/2025\/05\/Podio-masculino-de-10km_PV-768x512.jpg 768w, https:\/\/folhapopular.info\/wp-content\/uploads\/2025\/05\/Podio-masculino-de-10km_PV-1536x1024.jpg 1536w, https:\/\/folhapopular.info\/wp-content\/uploads\/2025\/05\/Podio-masculino-de-10km_PV-2048x1365.jpg 2048w, https:\/\/folhapopular.info\/wp-content\/uploads\/2025\/05\/Podio-masculino-de-10km_PV-630x420.jpg 630w, https:\/\/folhapopular.info\/wp-content\/uploads\/2025\/05\/Podio-masculino-de-10km_PV-696x464.jpg 696w, https:\/\/folhapopular.info\/wp-content\/uploads\/2025\/05\/Podio-masculino-de-10km_PV-1068x712.jpg 1068w, https:\/\/folhapopular.info\/wp-content\/uploads\/2025\/05\/Podio-masculino-de-10km_PV-1920x1280.jpg 1920w\" sizes=\"auto, (max-width: 1024px) 100vw, 1024px\" \/><\/figure>\n\n\n\n<figure class=\"wp-block-image size-large\"><img loading=\"lazy\" decoding=\"async\" width=\"1024\" height=\"683\" data-id=\"187302\" src=\"https:\/\/folhapopular.info\/wp-content\/uploads\/2025\/05\/Podio-feminino-de-10km_PV-1024x683.jpg\" alt=\"\" class=\"wp-image-187302\" srcset=\"https:\/\/folhapopular.info\/wp-content\/uploads\/2025\/05\/Podio-feminino-de-10km_PV-1024x683.jpg 1024w, https:\/\/folhapopular.info\/wp-content\/uploads\/2025\/05\/Podio-feminino-de-10km_PV-300x200.jpg 300w, https:\/\/folhapopular.info\/wp-content\/uploads\/2025\/05\/Podio-feminino-de-10km_PV-768x512.jpg 768w, https:\/\/folhapopular.info\/wp-content\/uploads\/2025\/05\/Podio-feminino-de-10km_PV-1536x1024.jpg 1536w, https:\/\/folhapopular.info\/wp-content\/uploads\/2025\/05\/Podio-feminino-de-10km_PV-2048x1365.jpg 2048w, https:\/\/folhapopular.info\/wp-content\/uploads\/2025\/05\/Podio-feminino-de-10km_PV-630x420.jpg 630w, https:\/\/folhapopular.info\/wp-content\/uploads\/2025\/05\/Podio-feminino-de-10km_PV-696x464.jpg 696w, https:\/\/folhapopular.info\/wp-content\/uploads\/2025\/05\/Podio-feminino-de-10km_PV-1068x712.jpg 1068w, https:\/\/folhapopular.info\/wp-content\/uploads\/2025\/05\/Podio-feminino-de-10km_PV-1920x1280.jpg 1920w\" sizes=\"auto, (max-width: 1024px) 100vw, 1024px\" \/><\/figure>\n<figcaption class=\"blocks-gallery-caption wp-element-caption\">P\u00f3dios dos 10 quil\u00f4metros<br>Cr\u00e9ditos: Paloma Valandro<\/figcaption><\/figure>\n\n\n\n<p><\/p>\n","protected":false},"excerpt":{"rendered":"<p>A 4\u00aa R\u00fastica de Po\u00e7o das Antas reuniu corredores de diferentes idades, regi\u00f5es e estilos para se desafiarem nos percursos de 3, 5 e 10 quil\u00f4metros. A competi\u00e7\u00e3o, marcada pela diversidade de participantes e bom n\u00edvel t\u00e9cnico dos corredores, demonstrou boas perspectivas, tanto nas provas por categoria como nas gerais. Ao todo, o evento teve [&hellip;]<\/p>\n","protected":false},"author":732,"featured_media":187297,"comment_status":"open","ping_status":"open","sticky":false,"template":"","format":"standard","meta":{"pmpro_default_level":"","_jetpack_memberships_contains_paid_content":false,"footnotes":""},"categories":[16747,5],"tags":[18705,40,59,4279],"class_list":{"0":"post-187292","1":"post","2":"type-post","3":"status-publish","4":"format-standard","5":"has-post-thumbnail","7":"category-atletismo","8":"category-esportes","9":"tag-250-participantes","10":"tag-poco-das-antas","11":"tag-rustica","12":"tag-vencedores","13":"pmpro-has-access"},"yoast_head":"<!-- This site is optimized with the Yoast SEO plugin v27.5 - https:\/\/yoast.com\/product\/yoast-seo-wordpress\/ -->\n<title>Chuva n\u00e3o afastou os cerca de 250 participantes da R\u00fastica de Po\u00e7o das Antas - Folha Popular<\/title>\n<meta name=\"robots\" content=\"index, follow, max-snippet:-1, max-image-preview:large, max-video-preview:-1\" \/>\n<link rel=\"canonical\" href=\"https:\/\/folhapopular.info\/index.php\/2025\/05\/28\/chuva-nao-afastou-os-cerca-de-250-participantes-da-rustica-de-poco-das-antas\/\" \/>\n<meta property=\"og:locale\" content=\"pt_BR\" \/>\n<meta property=\"og:type\" content=\"article\" \/>\n<meta property=\"og:title\" content=\"Chuva n\u00e3o afastou os cerca de 250 participantes da R\u00fastica de Po\u00e7o das Antas - Folha Popular\" \/>\n<meta property=\"og:description\" content=\"A 4\u00aa R\u00fastica de Po\u00e7o das Antas reuniu corredores de diferentes idades, regi\u00f5es e estilos para se desafiarem nos percursos de 3, 5 e 10 quil\u00f4metros. A competi\u00e7\u00e3o, marcada pela diversidade de participantes e bom n\u00edvel t\u00e9cnico dos corredores, demonstrou boas perspectivas, tanto nas provas por categoria como nas gerais. Ao todo, o evento teve [&hellip;]\" \/>\n<meta property=\"og:url\" content=\"https:\/\/folhapopular.info\/index.php\/2025\/05\/28\/chuva-nao-afastou-os-cerca-de-250-participantes-da-rustica-de-poco-das-antas\/\" \/>\n<meta property=\"og:site_name\" content=\"Folha Popular\" \/>\n<meta property=\"article:author\" content=\"https:\/\/www.facebook.com\/luis.huppes\/\" \/>\n<meta property=\"article:published_time\" content=\"2025-05-28T19:00:57+00:00\" \/>\n<meta property=\"article:modified_time\" content=\"2025-05-28T19:00:59+00:00\" \/>\n<meta property=\"og:image\" content=\"http:\/\/folhapopular.info\/wp-content\/uploads\/2025\/05\/Rustica-contemplou-trajetos-de-3km-5km-e-10km-alem-de-caminhada-e-percursos-infantis_PV-scaled.jpg\" \/>\n\t<meta property=\"og:image:width\" content=\"2560\" \/>\n\t<meta property=\"og:image:height\" content=\"1707\" \/>\n\t<meta property=\"og:image:type\" content=\"image\/jpeg\" \/>\n<meta name=\"author\" content=\"Luis Augusto Huppes\" \/>\n<meta name=\"twitter:card\" content=\"summary_large_image\" \/>\n<meta name=\"twitter:label1\" content=\"Escrito por\" \/>\n\t<meta name=\"twitter:data1\" content=\"Luis Augusto Huppes\" \/>\n\t<meta name=\"twitter:label2\" content=\"Est. tempo de leitura\" \/>\n\t<meta name=\"twitter:data2\" content=\"4 minutos\" \/>\n<script type=\"application\/ld+json\" class=\"yoast-schema-graph\">{\"@context\":\"https:\\\/\\\/schema.org\",\"@graph\":[{\"@type\":\"Article\",\"@id\":\"https:\\\/\\\/folhapopular.info\\\/index.php\\\/2025\\\/05\\\/28\\\/chuva-nao-afastou-os-cerca-de-250-participantes-da-rustica-de-poco-das-antas\\\/#article\",\"isPartOf\":{\"@id\":\"https:\\\/\\\/folhapopular.info\\\/index.php\\\/2025\\\/05\\\/28\\\/chuva-nao-afastou-os-cerca-de-250-participantes-da-rustica-de-poco-das-antas\\\/\"},\"author\":{\"name\":\"Luis Augusto Huppes\",\"@id\":\"https:\\\/\\\/folhapopular.info\\\/#\\\/schema\\\/person\\\/e852c327371714676d02e58cf917fd9f\"},\"headline\":\"Chuva n\u00e3o afastou os cerca de 250 participantes da R\u00fastica de Po\u00e7o das Antas\",\"datePublished\":\"2025-05-28T19:00:57+00:00\",\"dateModified\":\"2025-05-28T19:00:59+00:00\",\"mainEntityOfPage\":{\"@id\":\"https:\\\/\\\/folhapopular.info\\\/index.php\\\/2025\\\/05\\\/28\\\/chuva-nao-afastou-os-cerca-de-250-participantes-da-rustica-de-poco-das-antas\\\/\"},\"wordCount\":416,\"commentCount\":0,\"image\":{\"@id\":\"https:\\\/\\\/folhapopular.info\\\/index.php\\\/2025\\\/05\\\/28\\\/chuva-nao-afastou-os-cerca-de-250-participantes-da-rustica-de-poco-das-antas\\\/#primaryimage\"},\"thumbnailUrl\":\"https:\\\/\\\/folhapopular.info\\\/wp-content\\\/uploads\\\/2025\\\/05\\\/Rustica-contemplou-trajetos-de-3km-5km-e-10km-alem-de-caminhada-e-percursos-infantis_PV-scaled.jpg\",\"keywords\":[\"250 participantes\",\"Po\u00e7o das Antas\",\"R\u00fastica\",\"vencedores\"],\"articleSection\":[\"Atletismo\",\"Esportes\"],\"inLanguage\":\"pt-BR\",\"potentialAction\":[{\"@type\":\"CommentAction\",\"name\":\"Comment\",\"target\":[\"https:\\\/\\\/folhapopular.info\\\/index.php\\\/2025\\\/05\\\/28\\\/chuva-nao-afastou-os-cerca-de-250-participantes-da-rustica-de-poco-das-antas\\\/#respond\"]}]},{\"@type\":\"WebPage\",\"@id\":\"https:\\\/\\\/folhapopular.info\\\/index.php\\\/2025\\\/05\\\/28\\\/chuva-nao-afastou-os-cerca-de-250-participantes-da-rustica-de-poco-das-antas\\\/\",\"url\":\"https:\\\/\\\/folhapopular.info\\\/index.php\\\/2025\\\/05\\\/28\\\/chuva-nao-afastou-os-cerca-de-250-participantes-da-rustica-de-poco-das-antas\\\/\",\"name\":\"Chuva n\u00e3o afastou os cerca de 250 participantes da R\u00fastica de Po\u00e7o das Antas - Folha Popular\",\"isPartOf\":{\"@id\":\"https:\\\/\\\/folhapopular.info\\\/#website\"},\"primaryImageOfPage\":{\"@id\":\"https:\\\/\\\/folhapopular.info\\\/index.php\\\/2025\\\/05\\\/28\\\/chuva-nao-afastou-os-cerca-de-250-participantes-da-rustica-de-poco-das-antas\\\/#primaryimage\"},\"image\":{\"@id\":\"https:\\\/\\\/folhapopular.info\\\/index.php\\\/2025\\\/05\\\/28\\\/chuva-nao-afastou-os-cerca-de-250-participantes-da-rustica-de-poco-das-antas\\\/#primaryimage\"},\"thumbnailUrl\":\"https:\\\/\\\/folhapopular.info\\\/wp-content\\\/uploads\\\/2025\\\/05\\\/Rustica-contemplou-trajetos-de-3km-5km-e-10km-alem-de-caminhada-e-percursos-infantis_PV-scaled.jpg\",\"datePublished\":\"2025-05-28T19:00:57+00:00\",\"dateModified\":\"2025-05-28T19:00:59+00:00\",\"author\":{\"@id\":\"https:\\\/\\\/folhapopular.info\\\/#\\\/schema\\\/person\\\/e852c327371714676d02e58cf917fd9f\"},\"breadcrumb\":{\"@id\":\"https:\\\/\\\/folhapopular.info\\\/index.php\\\/2025\\\/05\\\/28\\\/chuva-nao-afastou-os-cerca-de-250-participantes-da-rustica-de-poco-das-antas\\\/#breadcrumb\"},\"inLanguage\":\"pt-BR\",\"potentialAction\":[{\"@type\":\"ReadAction\",\"target\":[\"https:\\\/\\\/folhapopular.info\\\/index.php\\\/2025\\\/05\\\/28\\\/chuva-nao-afastou-os-cerca-de-250-participantes-da-rustica-de-poco-das-antas\\\/\"]}]},{\"@type\":\"ImageObject\",\"inLanguage\":\"pt-BR\",\"@id\":\"https:\\\/\\\/folhapopular.info\\\/index.php\\\/2025\\\/05\\\/28\\\/chuva-nao-afastou-os-cerca-de-250-participantes-da-rustica-de-poco-das-antas\\\/#primaryimage\",\"url\":\"https:\\\/\\\/folhapopular.info\\\/wp-content\\\/uploads\\\/2025\\\/05\\\/Rustica-contemplou-trajetos-de-3km-5km-e-10km-alem-de-caminhada-e-percursos-infantis_PV-scaled.jpg\",\"contentUrl\":\"https:\\\/\\\/folhapopular.info\\\/wp-content\\\/uploads\\\/2025\\\/05\\\/Rustica-contemplou-trajetos-de-3km-5km-e-10km-alem-de-caminhada-e-percursos-infantis_PV-scaled.jpg\",\"width\":2560,\"height\":1707,\"caption\":\"R\u00fastica contemplou trajetos de 3km, 5km e 10km, al\u00e9m de caminhada e percursos infantis - Cr\u00e9dito: Paloma Valandro\"},{\"@type\":\"BreadcrumbList\",\"@id\":\"https:\\\/\\\/folhapopular.info\\\/index.php\\\/2025\\\/05\\\/28\\\/chuva-nao-afastou-os-cerca-de-250-participantes-da-rustica-de-poco-das-antas\\\/#breadcrumb\",\"itemListElement\":[{\"@type\":\"ListItem\",\"position\":1,\"name\":\"In\u00edcio\",\"item\":\"https:\\\/\\\/folhapopular.info\\\/\"},{\"@type\":\"ListItem\",\"position\":2,\"name\":\"Chuva n\u00e3o afastou os cerca de 250 participantes da R\u00fastica de Po\u00e7o das Antas\"}]},{\"@type\":\"WebSite\",\"@id\":\"https:\\\/\\\/folhapopular.info\\\/#website\",\"url\":\"https:\\\/\\\/folhapopular.info\\\/\",\"name\":\"Folha Popular\",\"description\":\"Onde voc\u00ea tem vez e voz\",\"potentialAction\":[{\"@type\":\"SearchAction\",\"target\":{\"@type\":\"EntryPoint\",\"urlTemplate\":\"https:\\\/\\\/folhapopular.info\\\/?s={search_term_string}\"},\"query-input\":{\"@type\":\"PropertyValueSpecification\",\"valueRequired\":true,\"valueName\":\"search_term_string\"}}],\"inLanguage\":\"pt-BR\"},{\"@type\":\"Person\",\"@id\":\"https:\\\/\\\/folhapopular.info\\\/#\\\/schema\\\/person\\\/e852c327371714676d02e58cf917fd9f\",\"name\":\"Luis Augusto Huppes\",\"image\":{\"@type\":\"ImageObject\",\"inLanguage\":\"pt-BR\",\"@id\":\"https:\\\/\\\/folhapopular.info\\\/wp-content\\\/uploads\\\/2026\\\/04\\\/Luis-Augusto-Huppes-1-1.webp\",\"url\":\"https:\\\/\\\/folhapopular.info\\\/wp-content\\\/uploads\\\/2026\\\/04\\\/Luis-Augusto-Huppes-1-1.webp\",\"contentUrl\":\"https:\\\/\\\/folhapopular.info\\\/wp-content\\\/uploads\\\/2026\\\/04\\\/Luis-Augusto-Huppes-1-1.webp\",\"caption\":\"Luis Augusto Huppes\"},\"sameAs\":[\"https:\\\/\\\/www.facebook.com\\\/luis.huppes\\\/\",\"https:\\\/\\\/www.instagram.com\\\/luis.huppes\\\/\",\"https:\\\/\\\/www.linkedin.com\\\/in\\\/luis-augusto-huppes-2554b52b7\\\/\"],\"url\":\"https:\\\/\\\/folhapopular.info\\\/index.php\\\/author\\\/luis-augusto-huppes\\\/\"}]}<\/script>\n<!-- \/ Yoast SEO plugin. -->","yoast_head_json":{"title":"Chuva n\u00e3o afastou os cerca de 250 participantes da R\u00fastica de Po\u00e7o das Antas - Folha Popular","robots":{"index":"index","follow":"follow","max-snippet":"max-snippet:-1","max-image-preview":"max-image-preview:large","max-video-preview":"max-video-preview:-1"},"canonical":"https:\/\/folhapopular.info\/index.php\/2025\/05\/28\/chuva-nao-afastou-os-cerca-de-250-participantes-da-rustica-de-poco-das-antas\/","og_locale":"pt_BR","og_type":"article","og_title":"Chuva n\u00e3o afastou os cerca de 250 participantes da R\u00fastica de Po\u00e7o das Antas - Folha Popular","og_description":"A 4\u00aa R\u00fastica de Po\u00e7o das Antas reuniu corredores de diferentes idades, regi\u00f5es e estilos para se desafiarem nos percursos de 3, 5 e 10 quil\u00f4metros. A competi\u00e7\u00e3o, marcada pela diversidade de participantes e bom n\u00edvel t\u00e9cnico dos corredores, demonstrou boas perspectivas, tanto nas provas por categoria como nas gerais. Ao todo, o evento teve [&hellip;]","og_url":"https:\/\/folhapopular.info\/index.php\/2025\/05\/28\/chuva-nao-afastou-os-cerca-de-250-participantes-da-rustica-de-poco-das-antas\/","og_site_name":"Folha Popular","article_author":"https:\/\/www.facebook.com\/luis.huppes\/","article_published_time":"2025-05-28T19:00:57+00:00","article_modified_time":"2025-05-28T19:00:59+00:00","og_image":[{"width":2560,"height":1707,"url":"http:\/\/folhapopular.info\/wp-content\/uploads\/2025\/05\/Rustica-contemplou-trajetos-de-3km-5km-e-10km-alem-de-caminhada-e-percursos-infantis_PV-scaled.jpg","type":"image\/jpeg"}],"author":"Luis Augusto Huppes","twitter_card":"summary_large_image","twitter_misc":{"Escrito por":"Luis Augusto Huppes","Est. tempo de leitura":"4 minutos"},"schema":{"@context":"https:\/\/schema.org","@graph":[{"@type":"Article","@id":"https:\/\/folhapopular.info\/index.php\/2025\/05\/28\/chuva-nao-afastou-os-cerca-de-250-participantes-da-rustica-de-poco-das-antas\/#article","isPartOf":{"@id":"https:\/\/folhapopular.info\/index.php\/2025\/05\/28\/chuva-nao-afastou-os-cerca-de-250-participantes-da-rustica-de-poco-das-antas\/"},"author":{"name":"Luis Augusto Huppes","@id":"https:\/\/folhapopular.info\/#\/schema\/person\/e852c327371714676d02e58cf917fd9f"},"headline":"Chuva n\u00e3o afastou os cerca de 250 participantes da R\u00fastica de Po\u00e7o das Antas","datePublished":"2025-05-28T19:00:57+00:00","dateModified":"2025-05-28T19:00:59+00:00","mainEntityOfPage":{"@id":"https:\/\/folhapopular.info\/index.php\/2025\/05\/28\/chuva-nao-afastou-os-cerca-de-250-participantes-da-rustica-de-poco-das-antas\/"},"wordCount":416,"commentCount":0,"image":{"@id":"https:\/\/folhapopular.info\/index.php\/2025\/05\/28\/chuva-nao-afastou-os-cerca-de-250-participantes-da-rustica-de-poco-das-antas\/#primaryimage"},"thumbnailUrl":"https:\/\/folhapopular.info\/wp-content\/uploads\/2025\/05\/Rustica-contemplou-trajetos-de-3km-5km-e-10km-alem-de-caminhada-e-percursos-infantis_PV-scaled.jpg","keywords":["250 participantes","Po\u00e7o das Antas","R\u00fastica","vencedores"],"articleSection":["Atletismo","Esportes"],"inLanguage":"pt-BR","potentialAction":[{"@type":"CommentAction","name":"Comment","target":["https:\/\/folhapopular.info\/index.php\/2025\/05\/28\/chuva-nao-afastou-os-cerca-de-250-participantes-da-rustica-de-poco-das-antas\/#respond"]}]},{"@type":"WebPage","@id":"https:\/\/folhapopular.info\/index.php\/2025\/05\/28\/chuva-nao-afastou-os-cerca-de-250-participantes-da-rustica-de-poco-das-antas\/","url":"https:\/\/folhapopular.info\/index.php\/2025\/05\/28\/chuva-nao-afastou-os-cerca-de-250-participantes-da-rustica-de-poco-das-antas\/","name":"Chuva n\u00e3o afastou os cerca de 250 participantes da R\u00fastica de Po\u00e7o das Antas - Folha Popular","isPartOf":{"@id":"https:\/\/folhapopular.info\/#website"},"primaryImageOfPage":{"@id":"https:\/\/folhapopular.info\/index.php\/2025\/05\/28\/chuva-nao-afastou-os-cerca-de-250-participantes-da-rustica-de-poco-das-antas\/#primaryimage"},"image":{"@id":"https:\/\/folhapopular.info\/index.php\/2025\/05\/28\/chuva-nao-afastou-os-cerca-de-250-participantes-da-rustica-de-poco-das-antas\/#primaryimage"},"thumbnailUrl":"https:\/\/folhapopular.info\/wp-content\/uploads\/2025\/05\/Rustica-contemplou-trajetos-de-3km-5km-e-10km-alem-de-caminhada-e-percursos-infantis_PV-scaled.jpg","datePublished":"2025-05-28T19:00:57+00:00","dateModified":"2025-05-28T19:00:59+00:00","author":{"@id":"https:\/\/folhapopular.info\/#\/schema\/person\/e852c327371714676d02e58cf917fd9f"},"breadcrumb":{"@id":"https:\/\/folhapopular.info\/index.php\/2025\/05\/28\/chuva-nao-afastou-os-cerca-de-250-participantes-da-rustica-de-poco-das-antas\/#breadcrumb"},"inLanguage":"pt-BR","potentialAction":[{"@type":"ReadAction","target":["https:\/\/folhapopular.info\/index.php\/2025\/05\/28\/chuva-nao-afastou-os-cerca-de-250-participantes-da-rustica-de-poco-das-antas\/"]}]},{"@type":"ImageObject","inLanguage":"pt-BR","@id":"https:\/\/folhapopular.info\/index.php\/2025\/05\/28\/chuva-nao-afastou-os-cerca-de-250-participantes-da-rustica-de-poco-das-antas\/#primaryimage","url":"https:\/\/folhapopular.info\/wp-content\/uploads\/2025\/05\/Rustica-contemplou-trajetos-de-3km-5km-e-10km-alem-de-caminhada-e-percursos-infantis_PV-scaled.jpg","contentUrl":"https:\/\/folhapopular.info\/wp-content\/uploads\/2025\/05\/Rustica-contemplou-trajetos-de-3km-5km-e-10km-alem-de-caminhada-e-percursos-infantis_PV-scaled.jpg","width":2560,"height":1707,"caption":"R\u00fastica contemplou trajetos de 3km, 5km e 10km, al\u00e9m de caminhada e percursos infantis - Cr\u00e9dito: Paloma Valandro"},{"@type":"BreadcrumbList","@id":"https:\/\/folhapopular.info\/index.php\/2025\/05\/28\/chuva-nao-afastou-os-cerca-de-250-participantes-da-rustica-de-poco-das-antas\/#breadcrumb","itemListElement":[{"@type":"ListItem","position":1,"name":"In\u00edcio","item":"https:\/\/folhapopular.info\/"},{"@type":"ListItem","position":2,"name":"Chuva n\u00e3o afastou os cerca de 250 participantes da R\u00fastica de Po\u00e7o das Antas"}]},{"@type":"WebSite","@id":"https:\/\/folhapopular.info\/#website","url":"https:\/\/folhapopular.info\/","name":"Folha Popular","description":"Onde voc\u00ea tem vez e voz","potentialAction":[{"@type":"SearchAction","target":{"@type":"EntryPoint","urlTemplate":"https:\/\/folhapopular.info\/?s={search_term_string}"},"query-input":{"@type":"PropertyValueSpecification","valueRequired":true,"valueName":"search_term_string"}}],"inLanguage":"pt-BR"},{"@type":"Person","@id":"https:\/\/folhapopular.info\/#\/schema\/person\/e852c327371714676d02e58cf917fd9f","name":"Luis Augusto Huppes","image":{"@type":"ImageObject","inLanguage":"pt-BR","@id":"https:\/\/folhapopular.info\/wp-content\/uploads\/2026\/04\/Luis-Augusto-Huppes-1-1.webp","url":"https:\/\/folhapopular.info\/wp-content\/uploads\/2026\/04\/Luis-Augusto-Huppes-1-1.webp","contentUrl":"https:\/\/folhapopular.info\/wp-content\/uploads\/2026\/04\/Luis-Augusto-Huppes-1-1.webp","caption":"Luis Augusto Huppes"},"sameAs":["https:\/\/www.facebook.com\/luis.huppes\/","https:\/\/www.instagram.com\/luis.huppes\/","https:\/\/www.linkedin.com\/in\/luis-augusto-huppes-2554b52b7\/"],"url":"https:\/\/folhapopular.info\/index.php\/author\/luis-augusto-huppes\/"}]}},"jetpack_featured_media_url":"https:\/\/folhapopular.info\/wp-content\/uploads\/2025\/05\/Rustica-contemplou-trajetos-de-3km-5km-e-10km-alem-de-caminhada-e-percursos-infantis_PV-scaled.jpg","jetpack_sharing_enabled":true,"amp_enabled":true,"_links":{"self":[{"href":"https:\/\/folhapopular.info\/index.php\/wp-json\/wp\/v2\/posts\/187292","targetHints":{"allow":["GET"]}}],"collection":[{"href":"https:\/\/folhapopular.info\/index.php\/wp-json\/wp\/v2\/posts"}],"about":[{"href":"https:\/\/folhapopular.info\/index.php\/wp-json\/wp\/v2\/types\/post"}],"author":[{"embeddable":true,"href":"https:\/\/folhapopular.info\/index.php\/wp-json\/wp\/v2\/users\/732"}],"replies":[{"embeddable":true,"href":"https:\/\/folhapopular.info\/index.php\/wp-json\/wp\/v2\/comments?post=187292"}],"version-history":[{"count":0,"href":"https:\/\/folhapopular.info\/index.php\/wp-json\/wp\/v2\/posts\/187292\/revisions"}],"wp:featuredmedia":[{"embeddable":true,"href":"https:\/\/folhapopular.info\/index.php\/wp-json\/wp\/v2\/media\/187297"}],"wp:attachment":[{"href":"https:\/\/folhapopular.info\/index.php\/wp-json\/wp\/v2\/media?parent=187292"}],"wp:term":[{"taxonomy":"category","embeddable":true,"href":"https:\/\/folhapopular.info\/index.php\/wp-json\/wp\/v2\/categories?post=187292"},{"taxonomy":"post_tag","embeddable":true,"href":"https:\/\/folhapopular.info\/index.php\/wp-json\/wp\/v2\/tags?post=187292"}],"curies":[{"name":"wp","href":"https:\/\/api.w.org\/{rel}","templated":true}]}}