{"id":187315,"date":"2025-05-28T17:05:02","date_gmt":"2025-05-28T20:05:02","guid":{"rendered":"https:\/\/folhapopular.info\/?p=187315"},"modified":"2025-05-28T17:08:05","modified_gmt":"2025-05-28T20:08:05","slug":"familia-heineck-evidencia-processo-de-governanca-da-docile-em-na-reuniao-almoco-da-acil","status":"publish","type":"post","link":"https:\/\/folhapopular.info\/index.php\/2025\/05\/28\/familia-heineck-evidencia-processo-de-governanca-da-docile-em-na-reuniao-almoco-da-acil\/","title":{"rendered":"Fam\u00edlia Heineck evidencia processo de governan\u00e7a da Docile em na reuni\u00e3o-almo\u00e7o da Acil"},"content":{"rendered":"\n<p>Meses ap\u00f3s anunciar a reestrutura\u00e7\u00e3o da alta gest\u00e3o da Docile, o presidente Ricardo Heineck participou da reuni\u00e3o-almo\u00e7o da Associa\u00e7\u00e3o Comercial e Industrial de Lajeado (Acil) nesta quarta-feira (28\/5). Ao lado do irm\u00e3o Alexandre, e do patriarca da fam\u00edlia, Nestor Heineck, Ricardo apresentou a trajet\u00f3ria dos processos de governan\u00e7a que impulsionaram o crescimento exponencial da empresa.<\/p>\n\n\n\n<p>Nestor Heineck iniciou o bate-papo falando sobre os primeiros passos da fam\u00edlia na fabrica\u00e7\u00e3o de doces, que come\u00e7ou com o trabalho e a vis\u00e3o do seu pai Natal\u00edcio Heineck, av\u00f4 de Ricardo e Alexandre. \u201cNo princ\u00edpio t\u00ednhamos apenas um tacho de cobre e uma fornalha. Era uma m\u00e1quina a \u2018feij\u00e3o\u2019, ou seja, pela for\u00e7a do alimento que movia nossos bra\u00e7os\u201d, lembra.<\/p>\n\n\n\n<p>Em meados dos anos 1990, a fam\u00edlia Heineck se desligou da antiga empresa de doces fundada por Natal\u00edcio e iniciou o neg\u00f3cio que originou a Docile. Conforme Alexandre, Nestor Heineck foi o grande mentor do processo de governan\u00e7a da Docile, assim como da decis\u00e3o de vender as a\u00e7\u00f5es do neg\u00f3cio anterior. \u201cDesde o come\u00e7o, meu pai falava sobre a import\u00e2ncia de elaborarmos um acordo de acionistas, da forma\u00e7\u00e3o de um Conselho de Gest\u00e3o e demais processos que realizamos ao longo dos anos\u201d, aponta.<\/p>\n\n\n\n<p>Em seguida, Ricardo Heineck compartilhou os bastidores da transi\u00e7\u00e3o que o colocou \u00e0 frente da vis\u00e3o global do neg\u00f3cio. Os irm\u00e3os Fernando e Alexandre Heineck, que por anos dividiram com ele a dire\u00e7\u00e3o executiva, passaram a atuar no Conselho de Administra\u00e7\u00e3o. \u201cFoi uma decis\u00e3o constru\u00edda em conjunto, que valoriza nossa trajet\u00f3ria e prepara a Docile para um novo ciclo de crescimento e inova\u00e7\u00e3o\u201d, afirma.<\/p>\n\n\n\n<p>Com uma abordagem que visou apresentar n\u00e3o apenas as conquistas da empresa, Nestor, Alexandre e Ricardo Heineck tamb\u00e9m abordaram os percal\u00e7os da trajet\u00f3ria. \u201cN\u00f3s tivemos uma s\u00e9rie de dificuldades ao longo do processo e contar essas hist\u00f3rias traz realmente uma experi\u00eancia enriquecedora para as pessoas que participaram do encontro de hoje\u201d, destaca.<\/p>\n\n\n\n<p>A supera\u00e7\u00e3o dos obst\u00e1culos e o processo de governan\u00e7a foram fundamentais para a Docile alcan\u00e7ar o patamar atual e projetar o crescimento futuro. Hoje, a empresa \u00e9 a maior exportadora de doces e guloseimas do Brasil e uma das quatro companhias nacionais no ranking das 100 maiores empresas do mundo no setor.<\/p>\n\n\n\n<p>Ap\u00f3s a apresenta\u00e7\u00e3o, o presidente da Acil, Joni Zagonel participou de uma rodada de perguntas do p\u00fablico com os palestrantes. <\/p>\n\n\n\n<p><em>A mat\u00e9ria completa voc\u00ea confere na edi\u00e7\u00e3o da Folha Popular deste s\u00e1bado (31\/5).<\/em><\/p>\n","protected":false},"excerpt":{"rendered":"<p>Meses ap\u00f3s anunciar a reestrutura\u00e7\u00e3o da alta gest\u00e3o da Docile, o presidente Ricardo Heineck participou da reuni\u00e3o-almo\u00e7o da Associa\u00e7\u00e3o Comercial e Industrial de Lajeado (Acil) nesta quarta-feira (28\/5). Ao lado do irm\u00e3o Alexandre, e do patriarca da fam\u00edlia, Nestor Heineck, Ricardo apresentou a trajet\u00f3ria dos processos de governan\u00e7a que impulsionaram o crescimento exponencial da empresa. [&hellip;]<\/p>\n","protected":false},"author":771,"featured_media":187318,"comment_status":"open","ping_status":"open","sticky":false,"template":"","format":"standard","meta":{"pmpro_default_level":"","_jetpack_memberships_contains_paid_content":false,"footnotes":""},"categories":[2,10991,12473],"tags":[214,12699,9798,18707,326,18708,7417],"class_list":{"0":"post-187315","1":"post","2":"type-post","3":"status-publish","4":"format-standard","5":"has-post-thumbnail","7":"category-featured","8":"category-economia","9":"category-negocios","10":"tag-acil","11":"tag-docile","12":"tag-fabrica","13":"tag-heineck","14":"tag-negocios","15":"tag-nestor-heineck","16":"tag-reuniao-almoco-2","17":"pmpro-has-access"},"yoast_head":"<!-- This site is optimized with the Yoast SEO plugin v27.5 - https:\/\/yoast.com\/product\/yoast-seo-wordpress\/ -->\n<title>Fam\u00edlia Heineck evidencia processo de governan\u00e7a da Docile em na reuni\u00e3o-almo\u00e7o da Acil - Folha Popular<\/title>\n<meta name=\"robots\" content=\"index, follow, max-snippet:-1, max-image-preview:large, max-video-preview:-1\" \/>\n<link rel=\"canonical\" href=\"https:\/\/folhapopular.info\/index.php\/2025\/05\/28\/familia-heineck-evidencia-processo-de-governanca-da-docile-em-na-reuniao-almoco-da-acil\/\" \/>\n<meta property=\"og:locale\" content=\"pt_BR\" \/>\n<meta property=\"og:type\" content=\"article\" \/>\n<meta property=\"og:title\" content=\"Fam\u00edlia Heineck evidencia processo de governan\u00e7a da Docile em na reuni\u00e3o-almo\u00e7o da Acil - Folha Popular\" \/>\n<meta property=\"og:description\" content=\"Meses ap\u00f3s anunciar a reestrutura\u00e7\u00e3o da alta gest\u00e3o da Docile, o presidente Ricardo Heineck participou da reuni\u00e3o-almo\u00e7o da Associa\u00e7\u00e3o Comercial e Industrial de Lajeado (Acil) nesta quarta-feira (28\/5). Ao lado do irm\u00e3o Alexandre, e do patriarca da fam\u00edlia, Nestor Heineck, Ricardo apresentou a trajet\u00f3ria dos processos de governan\u00e7a que impulsionaram o crescimento exponencial da empresa. [&hellip;]\" \/>\n<meta property=\"og:url\" content=\"https:\/\/folhapopular.info\/index.php\/2025\/05\/28\/familia-heineck-evidencia-processo-de-governanca-da-docile-em-na-reuniao-almoco-da-acil\/\" \/>\n<meta property=\"og:site_name\" content=\"Folha Popular\" \/>\n<meta property=\"article:published_time\" content=\"2025-05-28T20:05:02+00:00\" \/>\n<meta property=\"article:modified_time\" content=\"2025-05-28T20:08:05+00:00\" \/>\n<meta property=\"og:image\" content=\"http:\/\/folhapopular.info\/wp-content\/uploads\/2025\/05\/WhatsApp-Image-2025-05-28-at-16.52.33.jpeg\" \/>\n\t<meta property=\"og:image:width\" content=\"1600\" \/>\n\t<meta property=\"og:image:height\" content=\"1200\" \/>\n\t<meta property=\"og:image:type\" content=\"image\/jpeg\" \/>\n<meta name=\"author\" content=\"Thiago Maurique\" \/>\n<meta name=\"twitter:card\" content=\"summary_large_image\" \/>\n<meta name=\"twitter:label1\" content=\"Escrito por\" \/>\n\t<meta name=\"twitter:data1\" content=\"Thiago Maurique\" \/>\n\t<meta name=\"twitter:label2\" content=\"Est. tempo de leitura\" \/>\n\t<meta name=\"twitter:data2\" content=\"3 minutos\" \/>\n<script type=\"application\/ld+json\" class=\"yoast-schema-graph\">{\"@context\":\"https:\\\/\\\/schema.org\",\"@graph\":[{\"@type\":\"Article\",\"@id\":\"https:\\\/\\\/folhapopular.info\\\/index.php\\\/2025\\\/05\\\/28\\\/familia-heineck-evidencia-processo-de-governanca-da-docile-em-na-reuniao-almoco-da-acil\\\/#article\",\"isPartOf\":{\"@id\":\"https:\\\/\\\/folhapopular.info\\\/index.php\\\/2025\\\/05\\\/28\\\/familia-heineck-evidencia-processo-de-governanca-da-docile-em-na-reuniao-almoco-da-acil\\\/\"},\"author\":{\"name\":\"Thiago Maurique\",\"@id\":\"https:\\\/\\\/folhapopular.info\\\/#\\\/schema\\\/person\\\/da0b2794f793376cb5dd908e88ca6911\"},\"headline\":\"Fam\u00edlia Heineck evidencia processo de governan\u00e7a da Docile em na reuni\u00e3o-almo\u00e7o da Acil\",\"datePublished\":\"2025-05-28T20:05:02+00:00\",\"dateModified\":\"2025-05-28T20:08:05+00:00\",\"mainEntityOfPage\":{\"@id\":\"https:\\\/\\\/folhapopular.info\\\/index.php\\\/2025\\\/05\\\/28\\\/familia-heineck-evidencia-processo-de-governanca-da-docile-em-na-reuniao-almoco-da-acil\\\/\"},\"wordCount\":471,\"commentCount\":0,\"image\":{\"@id\":\"https:\\\/\\\/folhapopular.info\\\/index.php\\\/2025\\\/05\\\/28\\\/familia-heineck-evidencia-processo-de-governanca-da-docile-em-na-reuniao-almoco-da-acil\\\/#primaryimage\"},\"thumbnailUrl\":\"https:\\\/\\\/folhapopular.info\\\/wp-content\\\/uploads\\\/2025\\\/05\\\/WhatsApp-Image-2025-05-28-at-16.52.33.jpeg\",\"keywords\":[\"Acil\",\"docile\",\"F\u00e1brica\",\"Heineck\",\"Neg\u00f3cios\",\"Nestor Heineck\",\"Reuni\u00e3o-almo\u00e7o\"],\"articleSection\":[\"Destaques\",\"Economia\",\"Neg\u00f3cios\"],\"inLanguage\":\"pt-BR\",\"potentialAction\":[{\"@type\":\"CommentAction\",\"name\":\"Comment\",\"target\":[\"https:\\\/\\\/folhapopular.info\\\/index.php\\\/2025\\\/05\\\/28\\\/familia-heineck-evidencia-processo-de-governanca-da-docile-em-na-reuniao-almoco-da-acil\\\/#respond\"]}]},{\"@type\":\"WebPage\",\"@id\":\"https:\\\/\\\/folhapopular.info\\\/index.php\\\/2025\\\/05\\\/28\\\/familia-heineck-evidencia-processo-de-governanca-da-docile-em-na-reuniao-almoco-da-acil\\\/\",\"url\":\"https:\\\/\\\/folhapopular.info\\\/index.php\\\/2025\\\/05\\\/28\\\/familia-heineck-evidencia-processo-de-governanca-da-docile-em-na-reuniao-almoco-da-acil\\\/\",\"name\":\"Fam\u00edlia Heineck evidencia processo de governan\u00e7a da Docile em na reuni\u00e3o-almo\u00e7o da Acil - Folha Popular\",\"isPartOf\":{\"@id\":\"https:\\\/\\\/folhapopular.info\\\/#website\"},\"primaryImageOfPage\":{\"@id\":\"https:\\\/\\\/folhapopular.info\\\/index.php\\\/2025\\\/05\\\/28\\\/familia-heineck-evidencia-processo-de-governanca-da-docile-em-na-reuniao-almoco-da-acil\\\/#primaryimage\"},\"image\":{\"@id\":\"https:\\\/\\\/folhapopular.info\\\/index.php\\\/2025\\\/05\\\/28\\\/familia-heineck-evidencia-processo-de-governanca-da-docile-em-na-reuniao-almoco-da-acil\\\/#primaryimage\"},\"thumbnailUrl\":\"https:\\\/\\\/folhapopular.info\\\/wp-content\\\/uploads\\\/2025\\\/05\\\/WhatsApp-Image-2025-05-28-at-16.52.33.jpeg\",\"datePublished\":\"2025-05-28T20:05:02+00:00\",\"dateModified\":\"2025-05-28T20:08:05+00:00\",\"author\":{\"@id\":\"https:\\\/\\\/folhapopular.info\\\/#\\\/schema\\\/person\\\/da0b2794f793376cb5dd908e88ca6911\"},\"breadcrumb\":{\"@id\":\"https:\\\/\\\/folhapopular.info\\\/index.php\\\/2025\\\/05\\\/28\\\/familia-heineck-evidencia-processo-de-governanca-da-docile-em-na-reuniao-almoco-da-acil\\\/#breadcrumb\"},\"inLanguage\":\"pt-BR\",\"potentialAction\":[{\"@type\":\"ReadAction\",\"target\":[\"https:\\\/\\\/folhapopular.info\\\/index.php\\\/2025\\\/05\\\/28\\\/familia-heineck-evidencia-processo-de-governanca-da-docile-em-na-reuniao-almoco-da-acil\\\/\"]}]},{\"@type\":\"ImageObject\",\"inLanguage\":\"pt-BR\",\"@id\":\"https:\\\/\\\/folhapopular.info\\\/index.php\\\/2025\\\/05\\\/28\\\/familia-heineck-evidencia-processo-de-governanca-da-docile-em-na-reuniao-almoco-da-acil\\\/#primaryimage\",\"url\":\"https:\\\/\\\/folhapopular.info\\\/wp-content\\\/uploads\\\/2025\\\/05\\\/WhatsApp-Image-2025-05-28-at-16.52.33.jpeg\",\"contentUrl\":\"https:\\\/\\\/folhapopular.info\\\/wp-content\\\/uploads\\\/2025\\\/05\\\/WhatsApp-Image-2025-05-28-at-16.52.33.jpeg\",\"width\":1600,\"height\":1200,\"caption\":\"Nestor, Ricardo e Alexandre Heineck. Cr\u00e9dito: Thiago Maurique\"},{\"@type\":\"BreadcrumbList\",\"@id\":\"https:\\\/\\\/folhapopular.info\\\/index.php\\\/2025\\\/05\\\/28\\\/familia-heineck-evidencia-processo-de-governanca-da-docile-em-na-reuniao-almoco-da-acil\\\/#breadcrumb\",\"itemListElement\":[{\"@type\":\"ListItem\",\"position\":1,\"name\":\"In\u00edcio\",\"item\":\"https:\\\/\\\/folhapopular.info\\\/\"},{\"@type\":\"ListItem\",\"position\":2,\"name\":\"Fam\u00edlia Heineck evidencia processo de governan\u00e7a da Docile em na reuni\u00e3o-almo\u00e7o da Acil\"}]},{\"@type\":\"WebSite\",\"@id\":\"https:\\\/\\\/folhapopular.info\\\/#website\",\"url\":\"https:\\\/\\\/folhapopular.info\\\/\",\"name\":\"Folha Popular\",\"description\":\"Onde voc\u00ea tem vez e voz\",\"potentialAction\":[{\"@type\":\"SearchAction\",\"target\":{\"@type\":\"EntryPoint\",\"urlTemplate\":\"https:\\\/\\\/folhapopular.info\\\/?s={search_term_string}\"},\"query-input\":{\"@type\":\"PropertyValueSpecification\",\"valueRequired\":true,\"valueName\":\"search_term_string\"}}],\"inLanguage\":\"pt-BR\"},{\"@type\":\"Person\",\"@id\":\"https:\\\/\\\/folhapopular.info\\\/#\\\/schema\\\/person\\\/da0b2794f793376cb5dd908e88ca6911\",\"name\":\"Thiago Maurique\",\"image\":{\"@type\":\"ImageObject\",\"inLanguage\":\"pt-BR\",\"@id\":\"https:\\\/\\\/folhapopular.info\\\/wp-content\\\/uploads\\\/2026\\\/04\\\/THIAGO-MAURIQUE-1-1.webp\",\"url\":\"https:\\\/\\\/folhapopular.info\\\/wp-content\\\/uploads\\\/2026\\\/04\\\/THIAGO-MAURIQUE-1-1.webp\",\"contentUrl\":\"https:\\\/\\\/folhapopular.info\\\/wp-content\\\/uploads\\\/2026\\\/04\\\/THIAGO-MAURIQUE-1-1.webp\",\"caption\":\"Thiago Maurique\"},\"url\":\"https:\\\/\\\/folhapopular.info\\\/index.php\\\/author\\\/thiago-maurique\\\/\"}]}<\/script>\n<!-- \/ Yoast SEO plugin. -->","yoast_head_json":{"title":"Fam\u00edlia Heineck evidencia processo de governan\u00e7a da Docile em na reuni\u00e3o-almo\u00e7o da Acil - Folha Popular","robots":{"index":"index","follow":"follow","max-snippet":"max-snippet:-1","max-image-preview":"max-image-preview:large","max-video-preview":"max-video-preview:-1"},"canonical":"https:\/\/folhapopular.info\/index.php\/2025\/05\/28\/familia-heineck-evidencia-processo-de-governanca-da-docile-em-na-reuniao-almoco-da-acil\/","og_locale":"pt_BR","og_type":"article","og_title":"Fam\u00edlia Heineck evidencia processo de governan\u00e7a da Docile em na reuni\u00e3o-almo\u00e7o da Acil - Folha Popular","og_description":"Meses ap\u00f3s anunciar a reestrutura\u00e7\u00e3o da alta gest\u00e3o da Docile, o presidente Ricardo Heineck participou da reuni\u00e3o-almo\u00e7o da Associa\u00e7\u00e3o Comercial e Industrial de Lajeado (Acil) nesta quarta-feira (28\/5). Ao lado do irm\u00e3o Alexandre, e do patriarca da fam\u00edlia, Nestor Heineck, Ricardo apresentou a trajet\u00f3ria dos processos de governan\u00e7a que impulsionaram o crescimento exponencial da empresa. [&hellip;]","og_url":"https:\/\/folhapopular.info\/index.php\/2025\/05\/28\/familia-heineck-evidencia-processo-de-governanca-da-docile-em-na-reuniao-almoco-da-acil\/","og_site_name":"Folha Popular","article_published_time":"2025-05-28T20:05:02+00:00","article_modified_time":"2025-05-28T20:08:05+00:00","og_image":[{"width":1600,"height":1200,"url":"http:\/\/folhapopular.info\/wp-content\/uploads\/2025\/05\/WhatsApp-Image-2025-05-28-at-16.52.33.jpeg","type":"image\/jpeg"}],"author":"Thiago Maurique","twitter_card":"summary_large_image","twitter_misc":{"Escrito por":"Thiago Maurique","Est. tempo de leitura":"3 minutos"},"schema":{"@context":"https:\/\/schema.org","@graph":[{"@type":"Article","@id":"https:\/\/folhapopular.info\/index.php\/2025\/05\/28\/familia-heineck-evidencia-processo-de-governanca-da-docile-em-na-reuniao-almoco-da-acil\/#article","isPartOf":{"@id":"https:\/\/folhapopular.info\/index.php\/2025\/05\/28\/familia-heineck-evidencia-processo-de-governanca-da-docile-em-na-reuniao-almoco-da-acil\/"},"author":{"name":"Thiago Maurique","@id":"https:\/\/folhapopular.info\/#\/schema\/person\/da0b2794f793376cb5dd908e88ca6911"},"headline":"Fam\u00edlia Heineck evidencia processo de governan\u00e7a da Docile em na reuni\u00e3o-almo\u00e7o da Acil","datePublished":"2025-05-28T20:05:02+00:00","dateModified":"2025-05-28T20:08:05+00:00","mainEntityOfPage":{"@id":"https:\/\/folhapopular.info\/index.php\/2025\/05\/28\/familia-heineck-evidencia-processo-de-governanca-da-docile-em-na-reuniao-almoco-da-acil\/"},"wordCount":471,"commentCount":0,"image":{"@id":"https:\/\/folhapopular.info\/index.php\/2025\/05\/28\/familia-heineck-evidencia-processo-de-governanca-da-docile-em-na-reuniao-almoco-da-acil\/#primaryimage"},"thumbnailUrl":"https:\/\/folhapopular.info\/wp-content\/uploads\/2025\/05\/WhatsApp-Image-2025-05-28-at-16.52.33.jpeg","keywords":["Acil","docile","F\u00e1brica","Heineck","Neg\u00f3cios","Nestor Heineck","Reuni\u00e3o-almo\u00e7o"],"articleSection":["Destaques","Economia","Neg\u00f3cios"],"inLanguage":"pt-BR","potentialAction":[{"@type":"CommentAction","name":"Comment","target":["https:\/\/folhapopular.info\/index.php\/2025\/05\/28\/familia-heineck-evidencia-processo-de-governanca-da-docile-em-na-reuniao-almoco-da-acil\/#respond"]}]},{"@type":"WebPage","@id":"https:\/\/folhapopular.info\/index.php\/2025\/05\/28\/familia-heineck-evidencia-processo-de-governanca-da-docile-em-na-reuniao-almoco-da-acil\/","url":"https:\/\/folhapopular.info\/index.php\/2025\/05\/28\/familia-heineck-evidencia-processo-de-governanca-da-docile-em-na-reuniao-almoco-da-acil\/","name":"Fam\u00edlia Heineck evidencia processo de governan\u00e7a da Docile em na reuni\u00e3o-almo\u00e7o da Acil - Folha Popular","isPartOf":{"@id":"https:\/\/folhapopular.info\/#website"},"primaryImageOfPage":{"@id":"https:\/\/folhapopular.info\/index.php\/2025\/05\/28\/familia-heineck-evidencia-processo-de-governanca-da-docile-em-na-reuniao-almoco-da-acil\/#primaryimage"},"image":{"@id":"https:\/\/folhapopular.info\/index.php\/2025\/05\/28\/familia-heineck-evidencia-processo-de-governanca-da-docile-em-na-reuniao-almoco-da-acil\/#primaryimage"},"thumbnailUrl":"https:\/\/folhapopular.info\/wp-content\/uploads\/2025\/05\/WhatsApp-Image-2025-05-28-at-16.52.33.jpeg","datePublished":"2025-05-28T20:05:02+00:00","dateModified":"2025-05-28T20:08:05+00:00","author":{"@id":"https:\/\/folhapopular.info\/#\/schema\/person\/da0b2794f793376cb5dd908e88ca6911"},"breadcrumb":{"@id":"https:\/\/folhapopular.info\/index.php\/2025\/05\/28\/familia-heineck-evidencia-processo-de-governanca-da-docile-em-na-reuniao-almoco-da-acil\/#breadcrumb"},"inLanguage":"pt-BR","potentialAction":[{"@type":"ReadAction","target":["https:\/\/folhapopular.info\/index.php\/2025\/05\/28\/familia-heineck-evidencia-processo-de-governanca-da-docile-em-na-reuniao-almoco-da-acil\/"]}]},{"@type":"ImageObject","inLanguage":"pt-BR","@id":"https:\/\/folhapopular.info\/index.php\/2025\/05\/28\/familia-heineck-evidencia-processo-de-governanca-da-docile-em-na-reuniao-almoco-da-acil\/#primaryimage","url":"https:\/\/folhapopular.info\/wp-content\/uploads\/2025\/05\/WhatsApp-Image-2025-05-28-at-16.52.33.jpeg","contentUrl":"https:\/\/folhapopular.info\/wp-content\/uploads\/2025\/05\/WhatsApp-Image-2025-05-28-at-16.52.33.jpeg","width":1600,"height":1200,"caption":"Nestor, Ricardo e Alexandre Heineck. Cr\u00e9dito: Thiago Maurique"},{"@type":"BreadcrumbList","@id":"https:\/\/folhapopular.info\/index.php\/2025\/05\/28\/familia-heineck-evidencia-processo-de-governanca-da-docile-em-na-reuniao-almoco-da-acil\/#breadcrumb","itemListElement":[{"@type":"ListItem","position":1,"name":"In\u00edcio","item":"https:\/\/folhapopular.info\/"},{"@type":"ListItem","position":2,"name":"Fam\u00edlia Heineck evidencia processo de governan\u00e7a da Docile em na reuni\u00e3o-almo\u00e7o da Acil"}]},{"@type":"WebSite","@id":"https:\/\/folhapopular.info\/#website","url":"https:\/\/folhapopular.info\/","name":"Folha Popular","description":"Onde voc\u00ea tem vez e voz","potentialAction":[{"@type":"SearchAction","target":{"@type":"EntryPoint","urlTemplate":"https:\/\/folhapopular.info\/?s={search_term_string}"},"query-input":{"@type":"PropertyValueSpecification","valueRequired":true,"valueName":"search_term_string"}}],"inLanguage":"pt-BR"},{"@type":"Person","@id":"https:\/\/folhapopular.info\/#\/schema\/person\/da0b2794f793376cb5dd908e88ca6911","name":"Thiago Maurique","image":{"@type":"ImageObject","inLanguage":"pt-BR","@id":"https:\/\/folhapopular.info\/wp-content\/uploads\/2026\/04\/THIAGO-MAURIQUE-1-1.webp","url":"https:\/\/folhapopular.info\/wp-content\/uploads\/2026\/04\/THIAGO-MAURIQUE-1-1.webp","contentUrl":"https:\/\/folhapopular.info\/wp-content\/uploads\/2026\/04\/THIAGO-MAURIQUE-1-1.webp","caption":"Thiago Maurique"},"url":"https:\/\/folhapopular.info\/index.php\/author\/thiago-maurique\/"}]}},"jetpack_featured_media_url":"https:\/\/folhapopular.info\/wp-content\/uploads\/2025\/05\/WhatsApp-Image-2025-05-28-at-16.52.33.jpeg","jetpack_sharing_enabled":true,"amp_enabled":true,"_links":{"self":[{"href":"https:\/\/folhapopular.info\/index.php\/wp-json\/wp\/v2\/posts\/187315","targetHints":{"allow":["GET"]}}],"collection":[{"href":"https:\/\/folhapopular.info\/index.php\/wp-json\/wp\/v2\/posts"}],"about":[{"href":"https:\/\/folhapopular.info\/index.php\/wp-json\/wp\/v2\/types\/post"}],"author":[{"embeddable":true,"href":"https:\/\/folhapopular.info\/index.php\/wp-json\/wp\/v2\/users\/771"}],"replies":[{"embeddable":true,"href":"https:\/\/folhapopular.info\/index.php\/wp-json\/wp\/v2\/comments?post=187315"}],"version-history":[{"count":0,"href":"https:\/\/folhapopular.info\/index.php\/wp-json\/wp\/v2\/posts\/187315\/revisions"}],"wp:featuredmedia":[{"embeddable":true,"href":"https:\/\/folhapopular.info\/index.php\/wp-json\/wp\/v2\/media\/187318"}],"wp:attachment":[{"href":"https:\/\/folhapopular.info\/index.php\/wp-json\/wp\/v2\/media?parent=187315"}],"wp:term":[{"taxonomy":"category","embeddable":true,"href":"https:\/\/folhapopular.info\/index.php\/wp-json\/wp\/v2\/categories?post=187315"},{"taxonomy":"post_tag","embeddable":true,"href":"https:\/\/folhapopular.info\/index.php\/wp-json\/wp\/v2\/tags?post=187315"}],"curies":[{"name":"wp","href":"https:\/\/api.w.org\/{rel}","templated":true}]}}