{"id":187562,"date":"2025-06-01T14:00:00","date_gmt":"2025-06-01T17:00:00","guid":{"rendered":"https:\/\/folhapopular.info\/?p=187562"},"modified":"2025-12-01T15:01:13","modified_gmt":"2025-12-01T18:01:13","slug":"teutonia-44-anos-cintia-agostini-um-polo-para-a-microrregiao","status":"publish","type":"post","link":"https:\/\/folhapopular.info\/index.php\/2025\/06\/01\/teutonia-44-anos-cintia-agostini-um-polo-para-a-microrregiao\/","title":{"rendered":"Teut\u00f4nia 44 anos: Cintia Agostini &#8211; Um polo para a microrregi\u00e3o"},"content":{"rendered":"<p>A presidente do Conselho de Desenvolvimento do Vale do Taquari (Codevat), Cintia Agostini, aponta que a regi\u00e3o \u00e9 composta por Lajeado (100 mil habitantes) e cinco munic\u00edpios entre 20 e 35 mil habitantes &#8211; Arroio do Meio, Encantado, Taquari, Teut\u00f4nia e Estrela. Dentre eles, Teut\u00f4nia foi o menos afetado, tornando-se uma op\u00e7\u00e3o atrativa para quem&#8230; <\/p>\n<div class=\"pmpro\">\n<div class=\"pmpro_card pmpro_content_message\">\n<div class=\"pmpro_card_content\">Este conte\u00fado \u00e9 apenas para associados Grupo Popular &#8211; Conte\u00fado Total Anual e Grupo Popular &#8211; Conte\u00fado Total Mensal. <br \/><a href=\"https:\/\/folhapopular.info\/wp-login.php?action=register\">Cadastre-se<\/a><\/div>\n<div class=\"pmpro_card_actions pmpro_font-medium\">J\u00e1 se associou? <a href=\"https:\/\/folhapopular.info\/wp-login.php?redirect_to=https%3A%2F%2Ffolhapopular.info%2Findex.php%2F2025%2F06%2F01%2Fteutonia-44-anos-cintia-agostini-um-polo-para-a-microrregiao%2F\">Acesse aqui<\/a><\/div>\n<\/div>\n<\/div>\n","protected":false},"excerpt":{"rendered":"<p>A presidente do Conselho de Desenvolvimento do Vale do Taquari (Codevat), Cintia Agostini, aponta que a regi\u00e3o \u00e9 composta por Lajeado (100 mil habitantes) e cinco munic\u00edpios entre 20 e 35 mil habitantes &#8211; Arroio do Meio, Encantado, Taquari, Teut\u00f4nia e Estrela. Dentre eles, Teut\u00f4nia foi o menos afetado, tornando-se uma op\u00e7\u00e3o atrativa para quem... <\/p>\n<div class=\"pmpro\"><div class=\"pmpro_card pmpro_content_message\"><div class=\"pmpro_card_content\">Este conte\u00fado \u00e9 apenas para associados Grupo Popular - Conte\u00fado Total Anual e Grupo Popular - Conte\u00fado Total Mensal. <br \/><a href=\"https:\/\/folhapopular.info\/wp-login.php?action=register\">Cadastre-se<\/a><\/div><div class=\"pmpro_card_actions pmpro_font-medium\">J\u00e1 se associou? <a href=\"https:\/\/folhapopular.info\/wp-login.php?redirect_to=https%3A%2F%2Ffolhapopular.info%2Findex.php%2F2025%2F06%2F01%2Fteutonia-44-anos-cintia-agostini-um-polo-para-a-microrregiao%2F\">Acesse aqui<\/a><\/div><\/div><\/div>","protected":false},"author":8,"featured_media":187563,"comment_status":"open","ping_status":"open","sticky":false,"template":"","format":"standard","meta":{"pmpro_default_level":"","_jetpack_memberships_contains_paid_content":false,"footnotes":""},"categories":[11078,20098,2,10995],"tags":[15381,728,18669],"class_list":{"0":"post-187562","1":"post","2":"type-post","3":"status-publish","4":"format-standard","5":"has-post-thumbnail","7":"category-assinantes","8":"category-cadernos-especiais","9":"category-featured","10":"category-reportagem-especial","11":"tag-cintia-agostini","12":"tag-codevat","13":"tag-teutonia-44-anos","14":"pmpro-level-required","15":"pmpro-level-2","16":"pmpro-level-4","17":"pmpro-level-5","18":"pmpro-no-access"},"yoast_head":"<!-- This site is optimized with the Yoast SEO plugin v27.4 - https:\/\/yoast.com\/product\/yoast-seo-wordpress\/ -->\n<title>Teut\u00f4nia 44 anos: Cintia Agostini - Um polo para a microrregi\u00e3o - Folha Popular<\/title>\n<meta name=\"robots\" content=\"index, follow, max-snippet:-1, max-image-preview:large, max-video-preview:-1\" \/>\n<link rel=\"canonical\" href=\"https:\/\/folhapopular.info\/index.php\/2025\/06\/01\/teutonia-44-anos-cintia-agostini-um-polo-para-a-microrregiao\/\" \/>\n<meta property=\"og:locale\" content=\"pt_BR\" \/>\n<meta property=\"og:type\" content=\"article\" \/>\n<meta property=\"og:title\" content=\"Teut\u00f4nia 44 anos: Cintia Agostini - Um polo para a microrregi\u00e3o - Folha Popular\" \/>\n<meta property=\"og:description\" content=\"A presidente do Conselho de Desenvolvimento do Vale do Taquari (Codevat), Cintia Agostini, aponta que a regi\u00e3o \u00e9 composta por Lajeado (100 mil habitantes) e cinco munic\u00edpios entre 20 e 35 mil habitantes &#8211; Arroio do Meio, Encantado, Taquari, Teut\u00f4nia e Estrela. Dentre eles, Teut\u00f4nia foi o menos afetado, tornando-se uma op\u00e7\u00e3o atrativa para quem [&hellip;]\" \/>\n<meta property=\"og:url\" content=\"https:\/\/folhapopular.info\/index.php\/2025\/06\/01\/teutonia-44-anos-cintia-agostini-um-polo-para-a-microrregiao\/\" \/>\n<meta property=\"og:site_name\" content=\"Folha Popular\" \/>\n<meta property=\"article:published_time\" content=\"2025-06-01T17:00:00+00:00\" \/>\n<meta property=\"article:modified_time\" content=\"2025-12-01T18:01:13+00:00\" \/>\n<meta property=\"og:image\" content=\"http:\/\/folhapopular.info\/wp-content\/uploads\/2025\/06\/Cintia-Agostini.webp\" \/>\n\t<meta property=\"og:image:width\" content=\"1280\" \/>\n\t<meta property=\"og:image:height\" content=\"960\" \/>\n\t<meta property=\"og:image:type\" content=\"image\/webp\" \/>\n<meta name=\"author\" content=\"Reda\u00e7\u00e3o Folha Popular\" \/>\n<meta name=\"twitter:card\" content=\"summary_large_image\" \/>\n<meta name=\"twitter:label1\" content=\"Escrito por\" \/>\n\t<meta name=\"twitter:data1\" content=\"Reda\u00e7\u00e3o Folha Popular\" \/>\n\t<meta name=\"twitter:label2\" content=\"Est. tempo de leitura\" \/>\n\t<meta name=\"twitter:data2\" content=\"3 minutos\" \/>\n<script type=\"application\/ld+json\" class=\"yoast-schema-graph\">{\"@context\":\"https:\\\/\\\/schema.org\",\"@graph\":[{\"@type\":\"Article\",\"@id\":\"https:\\\/\\\/folhapopular.info\\\/index.php\\\/2025\\\/06\\\/01\\\/teutonia-44-anos-cintia-agostini-um-polo-para-a-microrregiao\\\/#article\",\"isPartOf\":{\"@id\":\"https:\\\/\\\/folhapopular.info\\\/index.php\\\/2025\\\/06\\\/01\\\/teutonia-44-anos-cintia-agostini-um-polo-para-a-microrregiao\\\/\"},\"author\":{\"name\":\"Reda\u00e7\u00e3o Folha Popular\",\"@id\":\"https:\\\/\\\/folhapopular.info\\\/#\\\/schema\\\/person\\\/2814e8a0df7643585a9ca38bc6eb9d4b\"},\"headline\":\"Teut\u00f4nia 44 anos: Cintia Agostini &#8211; Um polo para a microrregi\u00e3o\",\"datePublished\":\"2025-06-01T17:00:00+00:00\",\"dateModified\":\"2025-12-01T18:01:13+00:00\",\"mainEntityOfPage\":{\"@id\":\"https:\\\/\\\/folhapopular.info\\\/index.php\\\/2025\\\/06\\\/01\\\/teutonia-44-anos-cintia-agostini-um-polo-para-a-microrregiao\\\/\"},\"wordCount\":382,\"commentCount\":0,\"image\":{\"@id\":\"https:\\\/\\\/folhapopular.info\\\/index.php\\\/2025\\\/06\\\/01\\\/teutonia-44-anos-cintia-agostini-um-polo-para-a-microrregiao\\\/#primaryimage\"},\"thumbnailUrl\":\"https:\\\/\\\/folhapopular.info\\\/wp-content\\\/uploads\\\/2025\\\/06\\\/Cintia-Agostini.webp\",\"keywords\":[\"C\u00edntia Agostini\",\"CODEVAT\",\"Teut\u00f4nia 44 anos\"],\"articleSection\":[\"Assinantes\",\"Cadernos Especiais\",\"Destaques\",\"Reportagem Especial\"],\"inLanguage\":\"pt-BR\",\"potentialAction\":[{\"@type\":\"CommentAction\",\"name\":\"Comment\",\"target\":[\"https:\\\/\\\/folhapopular.info\\\/index.php\\\/2025\\\/06\\\/01\\\/teutonia-44-anos-cintia-agostini-um-polo-para-a-microrregiao\\\/#respond\"]}]},{\"@type\":\"WebPage\",\"@id\":\"https:\\\/\\\/folhapopular.info\\\/index.php\\\/2025\\\/06\\\/01\\\/teutonia-44-anos-cintia-agostini-um-polo-para-a-microrregiao\\\/\",\"url\":\"https:\\\/\\\/folhapopular.info\\\/index.php\\\/2025\\\/06\\\/01\\\/teutonia-44-anos-cintia-agostini-um-polo-para-a-microrregiao\\\/\",\"name\":\"Teut\u00f4nia 44 anos: Cintia Agostini - Um polo para a microrregi\u00e3o - Folha Popular\",\"isPartOf\":{\"@id\":\"https:\\\/\\\/folhapopular.info\\\/#website\"},\"primaryImageOfPage\":{\"@id\":\"https:\\\/\\\/folhapopular.info\\\/index.php\\\/2025\\\/06\\\/01\\\/teutonia-44-anos-cintia-agostini-um-polo-para-a-microrregiao\\\/#primaryimage\"},\"image\":{\"@id\":\"https:\\\/\\\/folhapopular.info\\\/index.php\\\/2025\\\/06\\\/01\\\/teutonia-44-anos-cintia-agostini-um-polo-para-a-microrregiao\\\/#primaryimage\"},\"thumbnailUrl\":\"https:\\\/\\\/folhapopular.info\\\/wp-content\\\/uploads\\\/2025\\\/06\\\/Cintia-Agostini.webp\",\"datePublished\":\"2025-06-01T17:00:00+00:00\",\"dateModified\":\"2025-12-01T18:01:13+00:00\",\"author\":{\"@id\":\"https:\\\/\\\/folhapopular.info\\\/#\\\/schema\\\/person\\\/2814e8a0df7643585a9ca38bc6eb9d4b\"},\"breadcrumb\":{\"@id\":\"https:\\\/\\\/folhapopular.info\\\/index.php\\\/2025\\\/06\\\/01\\\/teutonia-44-anos-cintia-agostini-um-polo-para-a-microrregiao\\\/#breadcrumb\"},\"inLanguage\":\"pt-BR\",\"potentialAction\":[{\"@type\":\"ReadAction\",\"target\":[\"https:\\\/\\\/folhapopular.info\\\/index.php\\\/2025\\\/06\\\/01\\\/teutonia-44-anos-cintia-agostini-um-polo-para-a-microrregiao\\\/\"]}]},{\"@type\":\"ImageObject\",\"inLanguage\":\"pt-BR\",\"@id\":\"https:\\\/\\\/folhapopular.info\\\/index.php\\\/2025\\\/06\\\/01\\\/teutonia-44-anos-cintia-agostini-um-polo-para-a-microrregiao\\\/#primaryimage\",\"url\":\"https:\\\/\\\/folhapopular.info\\\/wp-content\\\/uploads\\\/2025\\\/06\\\/Cintia-Agostini.webp\",\"contentUrl\":\"https:\\\/\\\/folhapopular.info\\\/wp-content\\\/uploads\\\/2025\\\/06\\\/Cintia-Agostini.webp\",\"width\":1280,\"height\":960,\"caption\":\"Cintia Agostini \\\/ Cr\u00e9dito: Arquivo FP\"},{\"@type\":\"BreadcrumbList\",\"@id\":\"https:\\\/\\\/folhapopular.info\\\/index.php\\\/2025\\\/06\\\/01\\\/teutonia-44-anos-cintia-agostini-um-polo-para-a-microrregiao\\\/#breadcrumb\",\"itemListElement\":[{\"@type\":\"ListItem\",\"position\":1,\"name\":\"In\u00edcio\",\"item\":\"https:\\\/\\\/folhapopular.info\\\/\"},{\"@type\":\"ListItem\",\"position\":2,\"name\":\"Teut\u00f4nia 44 anos: Cintia Agostini &#8211; Um polo para a microrregi\u00e3o\"}]},{\"@type\":\"WebSite\",\"@id\":\"https:\\\/\\\/folhapopular.info\\\/#website\",\"url\":\"https:\\\/\\\/folhapopular.info\\\/\",\"name\":\"Folha Popular\",\"description\":\"Onde voc\u00ea tem vez e voz\",\"potentialAction\":[{\"@type\":\"SearchAction\",\"target\":{\"@type\":\"EntryPoint\",\"urlTemplate\":\"https:\\\/\\\/folhapopular.info\\\/?s={search_term_string}\"},\"query-input\":{\"@type\":\"PropertyValueSpecification\",\"valueRequired\":true,\"valueName\":\"search_term_string\"}}],\"inLanguage\":\"pt-BR\"},{\"@type\":\"Person\",\"@id\":\"https:\\\/\\\/folhapopular.info\\\/#\\\/schema\\\/person\\\/2814e8a0df7643585a9ca38bc6eb9d4b\",\"name\":\"Reda\u00e7\u00e3o Folha Popular\",\"image\":{\"@type\":\"ImageObject\",\"inLanguage\":\"pt-BR\",\"@id\":\"https:\\\/\\\/folhapopular.info\\\/wp-content\\\/uploads\\\/2026\\\/04\\\/Folha-1.webp\",\"url\":\"https:\\\/\\\/folhapopular.info\\\/wp-content\\\/uploads\\\/2026\\\/04\\\/Folha-1.webp\",\"contentUrl\":\"https:\\\/\\\/folhapopular.info\\\/wp-content\\\/uploads\\\/2026\\\/04\\\/Folha-1.webp\",\"caption\":\"Reda\u00e7\u00e3o Folha Popular\"},\"url\":\"https:\\\/\\\/folhapopular.info\\\/index.php\\\/author\\\/redacao\\\/\"}]}<\/script>\n<!-- \/ Yoast SEO plugin. -->","yoast_head_json":{"title":"Teut\u00f4nia 44 anos: Cintia Agostini - Um polo para a microrregi\u00e3o - Folha Popular","robots":{"index":"index","follow":"follow","max-snippet":"max-snippet:-1","max-image-preview":"max-image-preview:large","max-video-preview":"max-video-preview:-1"},"canonical":"https:\/\/folhapopular.info\/index.php\/2025\/06\/01\/teutonia-44-anos-cintia-agostini-um-polo-para-a-microrregiao\/","og_locale":"pt_BR","og_type":"article","og_title":"Teut\u00f4nia 44 anos: Cintia Agostini - Um polo para a microrregi\u00e3o - Folha Popular","og_description":"A presidente do Conselho de Desenvolvimento do Vale do Taquari (Codevat), Cintia Agostini, aponta que a regi\u00e3o \u00e9 composta por Lajeado (100 mil habitantes) e cinco munic\u00edpios entre 20 e 35 mil habitantes &#8211; Arroio do Meio, Encantado, Taquari, Teut\u00f4nia e Estrela. Dentre eles, Teut\u00f4nia foi o menos afetado, tornando-se uma op\u00e7\u00e3o atrativa para quem [&hellip;]","og_url":"https:\/\/folhapopular.info\/index.php\/2025\/06\/01\/teutonia-44-anos-cintia-agostini-um-polo-para-a-microrregiao\/","og_site_name":"Folha Popular","article_published_time":"2025-06-01T17:00:00+00:00","article_modified_time":"2025-12-01T18:01:13+00:00","og_image":[{"width":1280,"height":960,"url":"http:\/\/folhapopular.info\/wp-content\/uploads\/2025\/06\/Cintia-Agostini.webp","type":"image\/webp"}],"author":"Reda\u00e7\u00e3o Folha Popular","twitter_card":"summary_large_image","twitter_misc":{"Escrito por":"Reda\u00e7\u00e3o Folha Popular","Est. tempo de leitura":"3 minutos"},"schema":{"@context":"https:\/\/schema.org","@graph":[{"@type":"Article","@id":"https:\/\/folhapopular.info\/index.php\/2025\/06\/01\/teutonia-44-anos-cintia-agostini-um-polo-para-a-microrregiao\/#article","isPartOf":{"@id":"https:\/\/folhapopular.info\/index.php\/2025\/06\/01\/teutonia-44-anos-cintia-agostini-um-polo-para-a-microrregiao\/"},"author":{"name":"Reda\u00e7\u00e3o Folha Popular","@id":"https:\/\/folhapopular.info\/#\/schema\/person\/2814e8a0df7643585a9ca38bc6eb9d4b"},"headline":"Teut\u00f4nia 44 anos: Cintia Agostini &#8211; Um polo para a microrregi\u00e3o","datePublished":"2025-06-01T17:00:00+00:00","dateModified":"2025-12-01T18:01:13+00:00","mainEntityOfPage":{"@id":"https:\/\/folhapopular.info\/index.php\/2025\/06\/01\/teutonia-44-anos-cintia-agostini-um-polo-para-a-microrregiao\/"},"wordCount":382,"commentCount":0,"image":{"@id":"https:\/\/folhapopular.info\/index.php\/2025\/06\/01\/teutonia-44-anos-cintia-agostini-um-polo-para-a-microrregiao\/#primaryimage"},"thumbnailUrl":"https:\/\/folhapopular.info\/wp-content\/uploads\/2025\/06\/Cintia-Agostini.webp","keywords":["C\u00edntia Agostini","CODEVAT","Teut\u00f4nia 44 anos"],"articleSection":["Assinantes","Cadernos Especiais","Destaques","Reportagem Especial"],"inLanguage":"pt-BR","potentialAction":[{"@type":"CommentAction","name":"Comment","target":["https:\/\/folhapopular.info\/index.php\/2025\/06\/01\/teutonia-44-anos-cintia-agostini-um-polo-para-a-microrregiao\/#respond"]}]},{"@type":"WebPage","@id":"https:\/\/folhapopular.info\/index.php\/2025\/06\/01\/teutonia-44-anos-cintia-agostini-um-polo-para-a-microrregiao\/","url":"https:\/\/folhapopular.info\/index.php\/2025\/06\/01\/teutonia-44-anos-cintia-agostini-um-polo-para-a-microrregiao\/","name":"Teut\u00f4nia 44 anos: Cintia Agostini - Um polo para a microrregi\u00e3o - Folha Popular","isPartOf":{"@id":"https:\/\/folhapopular.info\/#website"},"primaryImageOfPage":{"@id":"https:\/\/folhapopular.info\/index.php\/2025\/06\/01\/teutonia-44-anos-cintia-agostini-um-polo-para-a-microrregiao\/#primaryimage"},"image":{"@id":"https:\/\/folhapopular.info\/index.php\/2025\/06\/01\/teutonia-44-anos-cintia-agostini-um-polo-para-a-microrregiao\/#primaryimage"},"thumbnailUrl":"https:\/\/folhapopular.info\/wp-content\/uploads\/2025\/06\/Cintia-Agostini.webp","datePublished":"2025-06-01T17:00:00+00:00","dateModified":"2025-12-01T18:01:13+00:00","author":{"@id":"https:\/\/folhapopular.info\/#\/schema\/person\/2814e8a0df7643585a9ca38bc6eb9d4b"},"breadcrumb":{"@id":"https:\/\/folhapopular.info\/index.php\/2025\/06\/01\/teutonia-44-anos-cintia-agostini-um-polo-para-a-microrregiao\/#breadcrumb"},"inLanguage":"pt-BR","potentialAction":[{"@type":"ReadAction","target":["https:\/\/folhapopular.info\/index.php\/2025\/06\/01\/teutonia-44-anos-cintia-agostini-um-polo-para-a-microrregiao\/"]}]},{"@type":"ImageObject","inLanguage":"pt-BR","@id":"https:\/\/folhapopular.info\/index.php\/2025\/06\/01\/teutonia-44-anos-cintia-agostini-um-polo-para-a-microrregiao\/#primaryimage","url":"https:\/\/folhapopular.info\/wp-content\/uploads\/2025\/06\/Cintia-Agostini.webp","contentUrl":"https:\/\/folhapopular.info\/wp-content\/uploads\/2025\/06\/Cintia-Agostini.webp","width":1280,"height":960,"caption":"Cintia Agostini \/ Cr\u00e9dito: Arquivo FP"},{"@type":"BreadcrumbList","@id":"https:\/\/folhapopular.info\/index.php\/2025\/06\/01\/teutonia-44-anos-cintia-agostini-um-polo-para-a-microrregiao\/#breadcrumb","itemListElement":[{"@type":"ListItem","position":1,"name":"In\u00edcio","item":"https:\/\/folhapopular.info\/"},{"@type":"ListItem","position":2,"name":"Teut\u00f4nia 44 anos: Cintia Agostini &#8211; Um polo para a microrregi\u00e3o"}]},{"@type":"WebSite","@id":"https:\/\/folhapopular.info\/#website","url":"https:\/\/folhapopular.info\/","name":"Folha Popular","description":"Onde voc\u00ea tem vez e voz","potentialAction":[{"@type":"SearchAction","target":{"@type":"EntryPoint","urlTemplate":"https:\/\/folhapopular.info\/?s={search_term_string}"},"query-input":{"@type":"PropertyValueSpecification","valueRequired":true,"valueName":"search_term_string"}}],"inLanguage":"pt-BR"},{"@type":"Person","@id":"https:\/\/folhapopular.info\/#\/schema\/person\/2814e8a0df7643585a9ca38bc6eb9d4b","name":"Reda\u00e7\u00e3o Folha Popular","image":{"@type":"ImageObject","inLanguage":"pt-BR","@id":"https:\/\/folhapopular.info\/wp-content\/uploads\/2026\/04\/Folha-1.webp","url":"https:\/\/folhapopular.info\/wp-content\/uploads\/2026\/04\/Folha-1.webp","contentUrl":"https:\/\/folhapopular.info\/wp-content\/uploads\/2026\/04\/Folha-1.webp","caption":"Reda\u00e7\u00e3o Folha Popular"},"url":"https:\/\/folhapopular.info\/index.php\/author\/redacao\/"}]}},"jetpack_featured_media_url":"https:\/\/folhapopular.info\/wp-content\/uploads\/2025\/06\/Cintia-Agostini.webp","jetpack_sharing_enabled":true,"amp_enabled":true,"_links":{"self":[{"href":"https:\/\/folhapopular.info\/index.php\/wp-json\/wp\/v2\/posts\/187562","targetHints":{"allow":["GET"]}}],"collection":[{"href":"https:\/\/folhapopular.info\/index.php\/wp-json\/wp\/v2\/posts"}],"about":[{"href":"https:\/\/folhapopular.info\/index.php\/wp-json\/wp\/v2\/types\/post"}],"author":[{"embeddable":true,"href":"https:\/\/folhapopular.info\/index.php\/wp-json\/wp\/v2\/users\/8"}],"replies":[{"embeddable":true,"href":"https:\/\/folhapopular.info\/index.php\/wp-json\/wp\/v2\/comments?post=187562"}],"version-history":[{"count":0,"href":"https:\/\/folhapopular.info\/index.php\/wp-json\/wp\/v2\/posts\/187562\/revisions"}],"wp:featuredmedia":[{"embeddable":true,"href":"https:\/\/folhapopular.info\/index.php\/wp-json\/wp\/v2\/media\/187563"}],"wp:attachment":[{"href":"https:\/\/folhapopular.info\/index.php\/wp-json\/wp\/v2\/media?parent=187562"}],"wp:term":[{"taxonomy":"category","embeddable":true,"href":"https:\/\/folhapopular.info\/index.php\/wp-json\/wp\/v2\/categories?post=187562"},{"taxonomy":"post_tag","embeddable":true,"href":"https:\/\/folhapopular.info\/index.php\/wp-json\/wp\/v2\/tags?post=187562"}],"curies":[{"name":"wp","href":"https:\/\/api.w.org\/{rel}","templated":true}]}}