{"id":187715,"date":"2025-06-04T09:00:00","date_gmt":"2025-06-04T12:00:00","guid":{"rendered":"https:\/\/folhapopular.info\/?p=187715"},"modified":"2025-06-03T23:32:38","modified_gmt":"2025-06-04T02:32:38","slug":"imigrante-inaugura-9-pontes-e-2-passarelas","status":"publish","type":"post","link":"https:\/\/folhapopular.info\/index.php\/2025\/06\/04\/imigrante-inaugura-9-pontes-e-2-passarelas\/","title":{"rendered":"Imigrante inaugura 9 pontes e 2 passarelas"},"content":{"rendered":"\n<p>Um ano ap\u00f3s as enchentes, 11 estruturas ser\u00e3o inauguradas em Imigrante no dia 21 de junho. A programa\u00e7\u00e3o inicia \u00e0s 9h30, com sa\u00eddas de \u00f4nibus em frente \u00e0 Prefeitura de Imigrante em um roteiro pelas obras conclu\u00eddas. A cerim\u00f4nia ser\u00e1 no Esporte Clube Arroio da Seca (Ecas), seguida de confraterniza\u00e7\u00e3o.<\/p>\n\n\n\n<p>Uma das principais estruturas recuperadas foi a ponte do Capitel, que liga o Bairro Daltro Filho e interliga a regi\u00e3o baixa e alta do munic\u00edpio e com Boa Vista do Sul. A ponte \u00e9 considerada essencial para a mobilidade de Imigrante.<\/p>\n\n\n\n<p>A reconstru\u00e7\u00e3o dessas estruturas teve forte apoio do Governo Federal. Cerca de 90% do montante \u00e9 proveniente de aporte do governo e o restante \u00e9 de recursos pr\u00f3prios do munic\u00edpio. A inaugura\u00e7\u00e3o ter\u00e1 a presen\u00e7a do secret\u00e1rio Nacional de Prote\u00e7\u00e3o e Defesa Civil (SEDEC), Wolnei Wolff Barreiros; ministro da Reconstru\u00e7\u00e3o do Rio Grande do Sul em 2024, Paulo Pimenta; secret\u00e1rio de Apoio \u00e0 Reconstru\u00e7\u00e3o, Maneco Hassen; e secret\u00e1rio de Assuntos Parlamentares na Secretaria de Rela\u00e7\u00f5es Institucionais, Andr\u00e9 Ceciliano.<\/p>\n\n\n\n<p>Para o prefeito Germano Stevens, as estruturas s\u00e3o fruto de trabalho conjunto entre administra\u00e7\u00e3o e popula\u00e7\u00e3o. \u201cEm primeiro lugar, \u00e9 preciso comemorar, porque n\u00f3s reconstru\u00edmos nove pontes, duas passarelas, al\u00e9m de pinguelas em quest\u00e3o de um ano. Isso por si s\u00f3 e j\u00e1 \u00e9 uma vit\u00f3ria de Imigrante\u201d, celebra.<\/p>\n\n\n\n<p>A Administra\u00e7\u00e3o solicita que aqueles que desejarem acompanhar o roteiro utilizando o \u00f4nibus confirmem presen\u00e7a antecipadamente pelo WhatsApp (51) 9 8263-2344, para fins de organiza\u00e7\u00e3o. J\u00e1 quem optar por participar com ve\u00edculo pr\u00f3prio n\u00e3o precisa realizar confirma\u00e7\u00e3o.<\/p>\n\n\n\n<h3 class=\"wp-block-heading\"><strong>Novas <\/strong><strong>pontes<\/strong><\/h3>\n\n\n\n<p>Na pr\u00f3xima semana h\u00e1 o in\u00edcio da reconstru\u00e7\u00e3o de mais uma ponte no Bairro Daltro Filho, nas proximidades da empresa Gota Limpa e outra no Bairro Esperan\u00e7a com liga\u00e7\u00e3o ao Centro de Imigrante.<\/p>\n\n\n\n<h3 class=\"wp-block-heading\"><strong>Mais recursos<\/strong><\/h3>\n\n\n\n<p>Em rela\u00e7\u00e3o aos trechos asf\u00e1lticos danificados pela enchente de maio, o valor para a reconstru\u00e7\u00e3o chega a R$ 1,5 milh\u00e3o. Segundo Stevens, a administra\u00e7\u00e3o est\u00e1 trabalhando na libera\u00e7\u00e3o do recurso com o secret\u00e1rio Wolnei Wolff.<\/p>\n\n\n\n<p>A constru\u00e7\u00e3o de moradias a presenta desafios mais complexos, mas Germano sinaliza um movimento do Governo Estadual e Federal para acelerar a situa\u00e7\u00e3o. \u201cReconstruir uma ponte e reconstruir moradias s\u00e3o situa\u00e7\u00f5es bem diferentes. N\u00e3o s\u00e3o duas ou nove, mas s\u00e3o milhares de moradias\u201d, afirma o prefeito.<\/p>\n\n\n\n<figure class=\"wp-block-pullquote has-black-color has-text-color has-link-color wp-elements-90c3cc9110e3ebfd61d3a9b941044d93\"><blockquote><p>\u201c<strong>Reconstru\u00edmos, estamos vencendo e isso n\u00e3o \u00e9 s\u00f3 um privil\u00e9gio de imigrante, isso \u00e9 da regi\u00e3o como um todo\u201d<\/strong><br><strong>Germano Stevens<\/strong><br><strong>Prefeito de Imigrante<\/strong><\/p><\/blockquote><\/figure>\n\n\n\n<h3 class=\"wp-block-heading\"><strong>Confira os locais das passagens<\/strong><\/h3>\n\n\n\n<p>Ponte Divisa \u2013Imigrante\/Colinas;<\/p>\n\n\n\n<p>Ponte Linha Ernesto Alves;<\/p>\n\n\n\n<p>Passarela Linha Ernesto Alves;<\/p>\n\n\n\n<p>Passarela Acesso ao Bairro Esperan\u00e7a;<\/p>\n\n\n\n<p>Ponte Estaleiro Pub;<\/p>\n\n\n\n<p>Ponte do Centro;<\/p>\n\n\n\n<p>Ponte do Capitel;<\/p>\n\n\n\n<p>Ponte Vale da Harmonia (Frente);<\/p>\n\n\n\n<p>Ponte Vale da Harmonia (Fundos);<\/p>\n\n\n\n<p>Ponte acesso \u00e0 Linha Boa Vista 37;<\/p>\n\n\n\n<p>Ponte Linha Imhoff Fundos.<\/p>\n","protected":false},"excerpt":{"rendered":"<p>Um ano ap\u00f3s as enchentes, 11 estruturas ser\u00e3o inauguradas em Imigrante no dia 21 de junho. A programa\u00e7\u00e3o inicia \u00e0s 9h30, com sa\u00eddas de \u00f4nibus em frente \u00e0 Prefeitura de Imigrante em um roteiro pelas obras conclu\u00eddas. A cerim\u00f4nia ser\u00e1 no Esporte Clube Arroio da Seca (Ecas), seguida de confraterniza\u00e7\u00e3o. Uma das principais estruturas recuperadas [&hellip;]<\/p>\n","protected":false},"author":673,"featured_media":187720,"comment_status":"open","ping_status":"open","sticky":false,"template":"","format":"standard","meta":{"pmpro_default_level":"","_jetpack_memberships_contains_paid_content":false,"footnotes":""},"categories":[2,3,11091],"tags":[34,18736,8067],"class_list":{"0":"post-187715","1":"post","2":"type-post","3":"status-publish","4":"format-standard","5":"has-post-thumbnail","7":"category-featured","8":"category-geral","9":"category-servicos","10":"tag-imigrante","11":"tag-inauguracao-de-pontes","12":"tag-passarelas","13":"pmpro-has-access"},"yoast_head":"<!-- This site is optimized with the Yoast SEO plugin v27.5 - https:\/\/yoast.com\/product\/yoast-seo-wordpress\/ -->\n<title>Imigrante inaugura 9 pontes e 2 passarelas - Folha Popular<\/title>\n<meta name=\"robots\" content=\"index, follow, max-snippet:-1, max-image-preview:large, max-video-preview:-1\" \/>\n<link rel=\"canonical\" href=\"https:\/\/folhapopular.info\/index.php\/2025\/06\/04\/imigrante-inaugura-9-pontes-e-2-passarelas\/\" \/>\n<meta property=\"og:locale\" content=\"pt_BR\" \/>\n<meta property=\"og:type\" content=\"article\" \/>\n<meta property=\"og:title\" content=\"Imigrante inaugura 9 pontes e 2 passarelas - Folha Popular\" \/>\n<meta property=\"og:description\" content=\"Um ano ap\u00f3s as enchentes, 11 estruturas ser\u00e3o inauguradas em Imigrante no dia 21 de junho. A programa\u00e7\u00e3o inicia \u00e0s 9h30, com sa\u00eddas de \u00f4nibus em frente \u00e0 Prefeitura de Imigrante em um roteiro pelas obras conclu\u00eddas. A cerim\u00f4nia ser\u00e1 no Esporte Clube Arroio da Seca (Ecas), seguida de confraterniza\u00e7\u00e3o. Uma das principais estruturas recuperadas [&hellip;]\" \/>\n<meta property=\"og:url\" content=\"https:\/\/folhapopular.info\/index.php\/2025\/06\/04\/imigrante-inaugura-9-pontes-e-2-passarelas\/\" \/>\n<meta property=\"og:site_name\" content=\"Folha Popular\" \/>\n<meta property=\"article:published_time\" content=\"2025-06-04T12:00:00+00:00\" \/>\n<meta property=\"og:image\" content=\"https:\/\/folhapopular.info\/wp-content\/uploads\/2025\/06\/WhatsApp-Image-2025-06-03-at-23.30.27.jpeg\" \/>\n\t<meta property=\"og:image:width\" content=\"1600\" \/>\n\t<meta property=\"og:image:height\" content=\"1200\" \/>\n\t<meta property=\"og:image:type\" content=\"image\/jpeg\" \/>\n<meta name=\"author\" content=\"Let\u00edcia Echer\" \/>\n<meta name=\"twitter:card\" content=\"summary_large_image\" \/>\n<meta name=\"twitter:label1\" content=\"Escrito por\" \/>\n\t<meta name=\"twitter:data1\" content=\"Let\u00edcia Echer\" \/>\n\t<meta name=\"twitter:label2\" content=\"Est. tempo de leitura\" \/>\n\t<meta name=\"twitter:data2\" content=\"3 minutos\" \/>\n<script type=\"application\/ld+json\" class=\"yoast-schema-graph\">{\"@context\":\"https:\\\/\\\/schema.org\",\"@graph\":[{\"@type\":\"Article\",\"@id\":\"https:\\\/\\\/folhapopular.info\\\/index.php\\\/2025\\\/06\\\/04\\\/imigrante-inaugura-9-pontes-e-2-passarelas\\\/#article\",\"isPartOf\":{\"@id\":\"https:\\\/\\\/folhapopular.info\\\/index.php\\\/2025\\\/06\\\/04\\\/imigrante-inaugura-9-pontes-e-2-passarelas\\\/\"},\"author\":{\"name\":\"Let\u00edcia Echer\",\"@id\":\"https:\\\/\\\/folhapopular.info\\\/#\\\/schema\\\/person\\\/52b95b9c1c41ec0e826e7518183d0cc0\"},\"headline\":\"Imigrante inaugura 9 pontes e 2 passarelas\",\"datePublished\":\"2025-06-04T12:00:00+00:00\",\"mainEntityOfPage\":{\"@id\":\"https:\\\/\\\/folhapopular.info\\\/index.php\\\/2025\\\/06\\\/04\\\/imigrante-inaugura-9-pontes-e-2-passarelas\\\/\"},\"wordCount\":496,\"commentCount\":0,\"image\":{\"@id\":\"https:\\\/\\\/folhapopular.info\\\/index.php\\\/2025\\\/06\\\/04\\\/imigrante-inaugura-9-pontes-e-2-passarelas\\\/#primaryimage\"},\"thumbnailUrl\":\"https:\\\/\\\/folhapopular.info\\\/wp-content\\\/uploads\\\/2025\\\/06\\\/WhatsApp-Image-2025-06-03-at-23.30.27.jpeg\",\"keywords\":[\"Imigrante\",\"Inaugura\u00e7\u00e3o de pontes\",\"passarelas\"],\"articleSection\":[\"Destaques\",\"Geral\",\"Servi\u00e7os\"],\"inLanguage\":\"pt-BR\",\"potentialAction\":[{\"@type\":\"CommentAction\",\"name\":\"Comment\",\"target\":[\"https:\\\/\\\/folhapopular.info\\\/index.php\\\/2025\\\/06\\\/04\\\/imigrante-inaugura-9-pontes-e-2-passarelas\\\/#respond\"]}]},{\"@type\":\"WebPage\",\"@id\":\"https:\\\/\\\/folhapopular.info\\\/index.php\\\/2025\\\/06\\\/04\\\/imigrante-inaugura-9-pontes-e-2-passarelas\\\/\",\"url\":\"https:\\\/\\\/folhapopular.info\\\/index.php\\\/2025\\\/06\\\/04\\\/imigrante-inaugura-9-pontes-e-2-passarelas\\\/\",\"name\":\"Imigrante inaugura 9 pontes e 2 passarelas - Folha Popular\",\"isPartOf\":{\"@id\":\"https:\\\/\\\/folhapopular.info\\\/#website\"},\"primaryImageOfPage\":{\"@id\":\"https:\\\/\\\/folhapopular.info\\\/index.php\\\/2025\\\/06\\\/04\\\/imigrante-inaugura-9-pontes-e-2-passarelas\\\/#primaryimage\"},\"image\":{\"@id\":\"https:\\\/\\\/folhapopular.info\\\/index.php\\\/2025\\\/06\\\/04\\\/imigrante-inaugura-9-pontes-e-2-passarelas\\\/#primaryimage\"},\"thumbnailUrl\":\"https:\\\/\\\/folhapopular.info\\\/wp-content\\\/uploads\\\/2025\\\/06\\\/WhatsApp-Image-2025-06-03-at-23.30.27.jpeg\",\"datePublished\":\"2025-06-04T12:00:00+00:00\",\"author\":{\"@id\":\"https:\\\/\\\/folhapopular.info\\\/#\\\/schema\\\/person\\\/52b95b9c1c41ec0e826e7518183d0cc0\"},\"breadcrumb\":{\"@id\":\"https:\\\/\\\/folhapopular.info\\\/index.php\\\/2025\\\/06\\\/04\\\/imigrante-inaugura-9-pontes-e-2-passarelas\\\/#breadcrumb\"},\"inLanguage\":\"pt-BR\",\"potentialAction\":[{\"@type\":\"ReadAction\",\"target\":[\"https:\\\/\\\/folhapopular.info\\\/index.php\\\/2025\\\/06\\\/04\\\/imigrante-inaugura-9-pontes-e-2-passarelas\\\/\"]}]},{\"@type\":\"ImageObject\",\"inLanguage\":\"pt-BR\",\"@id\":\"https:\\\/\\\/folhapopular.info\\\/index.php\\\/2025\\\/06\\\/04\\\/imigrante-inaugura-9-pontes-e-2-passarelas\\\/#primaryimage\",\"url\":\"https:\\\/\\\/folhapopular.info\\\/wp-content\\\/uploads\\\/2025\\\/06\\\/WhatsApp-Image-2025-06-03-at-23.30.27.jpeg\",\"contentUrl\":\"https:\\\/\\\/folhapopular.info\\\/wp-content\\\/uploads\\\/2025\\\/06\\\/WhatsApp-Image-2025-06-03-at-23.30.27.jpeg\",\"width\":1600,\"height\":1200,\"caption\":\"Ponte do Hollmann, na Linha Seca Baixa j\u00e1 foi reconstru\u00edda - Cr\u00e9dito: Divulga\u00e7\u00e3o \\\/ Prefeitura de Imigrante\"},{\"@type\":\"BreadcrumbList\",\"@id\":\"https:\\\/\\\/folhapopular.info\\\/index.php\\\/2025\\\/06\\\/04\\\/imigrante-inaugura-9-pontes-e-2-passarelas\\\/#breadcrumb\",\"itemListElement\":[{\"@type\":\"ListItem\",\"position\":1,\"name\":\"In\u00edcio\",\"item\":\"https:\\\/\\\/folhapopular.info\\\/\"},{\"@type\":\"ListItem\",\"position\":2,\"name\":\"Imigrante inaugura 9 pontes e 2 passarelas\"}]},{\"@type\":\"WebSite\",\"@id\":\"https:\\\/\\\/folhapopular.info\\\/#website\",\"url\":\"https:\\\/\\\/folhapopular.info\\\/\",\"name\":\"Folha Popular\",\"description\":\"Onde voc\u00ea tem vez e voz\",\"potentialAction\":[{\"@type\":\"SearchAction\",\"target\":{\"@type\":\"EntryPoint\",\"urlTemplate\":\"https:\\\/\\\/folhapopular.info\\\/?s={search_term_string}\"},\"query-input\":{\"@type\":\"PropertyValueSpecification\",\"valueRequired\":true,\"valueName\":\"search_term_string\"}}],\"inLanguage\":\"pt-BR\"},{\"@type\":\"Person\",\"@id\":\"https:\\\/\\\/folhapopular.info\\\/#\\\/schema\\\/person\\\/52b95b9c1c41ec0e826e7518183d0cc0\",\"name\":\"Let\u00edcia Echer\",\"image\":{\"@type\":\"ImageObject\",\"inLanguage\":\"pt-BR\",\"@id\":\"https:\\\/\\\/secure.gravatar.com\\\/avatar\\\/303201b45d8f4e048c95808925ff8953fa7ebc0e52cb5b3af1fc9e3d52c95645?s=96&d=mm&r=g\",\"url\":\"https:\\\/\\\/secure.gravatar.com\\\/avatar\\\/303201b45d8f4e048c95808925ff8953fa7ebc0e52cb5b3af1fc9e3d52c95645?s=96&d=mm&r=g\",\"contentUrl\":\"https:\\\/\\\/secure.gravatar.com\\\/avatar\\\/303201b45d8f4e048c95808925ff8953fa7ebc0e52cb5b3af1fc9e3d52c95645?s=96&d=mm&r=g\",\"caption\":\"Let\u00edcia Echer\"},\"url\":\"https:\\\/\\\/folhapopular.info\\\/index.php\\\/author\\\/leticiaecher04gmail-com\\\/\"}]}<\/script>\n<!-- \/ Yoast SEO plugin. -->","yoast_head_json":{"title":"Imigrante inaugura 9 pontes e 2 passarelas - Folha Popular","robots":{"index":"index","follow":"follow","max-snippet":"max-snippet:-1","max-image-preview":"max-image-preview:large","max-video-preview":"max-video-preview:-1"},"canonical":"https:\/\/folhapopular.info\/index.php\/2025\/06\/04\/imigrante-inaugura-9-pontes-e-2-passarelas\/","og_locale":"pt_BR","og_type":"article","og_title":"Imigrante inaugura 9 pontes e 2 passarelas - Folha Popular","og_description":"Um ano ap\u00f3s as enchentes, 11 estruturas ser\u00e3o inauguradas em Imigrante no dia 21 de junho. A programa\u00e7\u00e3o inicia \u00e0s 9h30, com sa\u00eddas de \u00f4nibus em frente \u00e0 Prefeitura de Imigrante em um roteiro pelas obras conclu\u00eddas. A cerim\u00f4nia ser\u00e1 no Esporte Clube Arroio da Seca (Ecas), seguida de confraterniza\u00e7\u00e3o. Uma das principais estruturas recuperadas [&hellip;]","og_url":"https:\/\/folhapopular.info\/index.php\/2025\/06\/04\/imigrante-inaugura-9-pontes-e-2-passarelas\/","og_site_name":"Folha Popular","article_published_time":"2025-06-04T12:00:00+00:00","og_image":[{"width":1600,"height":1200,"url":"https:\/\/folhapopular.info\/wp-content\/uploads\/2025\/06\/WhatsApp-Image-2025-06-03-at-23.30.27.jpeg","type":"image\/jpeg"}],"author":"Let\u00edcia Echer","twitter_card":"summary_large_image","twitter_misc":{"Escrito por":"Let\u00edcia Echer","Est. tempo de leitura":"3 minutos"},"schema":{"@context":"https:\/\/schema.org","@graph":[{"@type":"Article","@id":"https:\/\/folhapopular.info\/index.php\/2025\/06\/04\/imigrante-inaugura-9-pontes-e-2-passarelas\/#article","isPartOf":{"@id":"https:\/\/folhapopular.info\/index.php\/2025\/06\/04\/imigrante-inaugura-9-pontes-e-2-passarelas\/"},"author":{"name":"Let\u00edcia Echer","@id":"https:\/\/folhapopular.info\/#\/schema\/person\/52b95b9c1c41ec0e826e7518183d0cc0"},"headline":"Imigrante inaugura 9 pontes e 2 passarelas","datePublished":"2025-06-04T12:00:00+00:00","mainEntityOfPage":{"@id":"https:\/\/folhapopular.info\/index.php\/2025\/06\/04\/imigrante-inaugura-9-pontes-e-2-passarelas\/"},"wordCount":496,"commentCount":0,"image":{"@id":"https:\/\/folhapopular.info\/index.php\/2025\/06\/04\/imigrante-inaugura-9-pontes-e-2-passarelas\/#primaryimage"},"thumbnailUrl":"https:\/\/folhapopular.info\/wp-content\/uploads\/2025\/06\/WhatsApp-Image-2025-06-03-at-23.30.27.jpeg","keywords":["Imigrante","Inaugura\u00e7\u00e3o de pontes","passarelas"],"articleSection":["Destaques","Geral","Servi\u00e7os"],"inLanguage":"pt-BR","potentialAction":[{"@type":"CommentAction","name":"Comment","target":["https:\/\/folhapopular.info\/index.php\/2025\/06\/04\/imigrante-inaugura-9-pontes-e-2-passarelas\/#respond"]}]},{"@type":"WebPage","@id":"https:\/\/folhapopular.info\/index.php\/2025\/06\/04\/imigrante-inaugura-9-pontes-e-2-passarelas\/","url":"https:\/\/folhapopular.info\/index.php\/2025\/06\/04\/imigrante-inaugura-9-pontes-e-2-passarelas\/","name":"Imigrante inaugura 9 pontes e 2 passarelas - Folha Popular","isPartOf":{"@id":"https:\/\/folhapopular.info\/#website"},"primaryImageOfPage":{"@id":"https:\/\/folhapopular.info\/index.php\/2025\/06\/04\/imigrante-inaugura-9-pontes-e-2-passarelas\/#primaryimage"},"image":{"@id":"https:\/\/folhapopular.info\/index.php\/2025\/06\/04\/imigrante-inaugura-9-pontes-e-2-passarelas\/#primaryimage"},"thumbnailUrl":"https:\/\/folhapopular.info\/wp-content\/uploads\/2025\/06\/WhatsApp-Image-2025-06-03-at-23.30.27.jpeg","datePublished":"2025-06-04T12:00:00+00:00","author":{"@id":"https:\/\/folhapopular.info\/#\/schema\/person\/52b95b9c1c41ec0e826e7518183d0cc0"},"breadcrumb":{"@id":"https:\/\/folhapopular.info\/index.php\/2025\/06\/04\/imigrante-inaugura-9-pontes-e-2-passarelas\/#breadcrumb"},"inLanguage":"pt-BR","potentialAction":[{"@type":"ReadAction","target":["https:\/\/folhapopular.info\/index.php\/2025\/06\/04\/imigrante-inaugura-9-pontes-e-2-passarelas\/"]}]},{"@type":"ImageObject","inLanguage":"pt-BR","@id":"https:\/\/folhapopular.info\/index.php\/2025\/06\/04\/imigrante-inaugura-9-pontes-e-2-passarelas\/#primaryimage","url":"https:\/\/folhapopular.info\/wp-content\/uploads\/2025\/06\/WhatsApp-Image-2025-06-03-at-23.30.27.jpeg","contentUrl":"https:\/\/folhapopular.info\/wp-content\/uploads\/2025\/06\/WhatsApp-Image-2025-06-03-at-23.30.27.jpeg","width":1600,"height":1200,"caption":"Ponte do Hollmann, na Linha Seca Baixa j\u00e1 foi reconstru\u00edda - Cr\u00e9dito: Divulga\u00e7\u00e3o \/ Prefeitura de Imigrante"},{"@type":"BreadcrumbList","@id":"https:\/\/folhapopular.info\/index.php\/2025\/06\/04\/imigrante-inaugura-9-pontes-e-2-passarelas\/#breadcrumb","itemListElement":[{"@type":"ListItem","position":1,"name":"In\u00edcio","item":"https:\/\/folhapopular.info\/"},{"@type":"ListItem","position":2,"name":"Imigrante inaugura 9 pontes e 2 passarelas"}]},{"@type":"WebSite","@id":"https:\/\/folhapopular.info\/#website","url":"https:\/\/folhapopular.info\/","name":"Folha Popular","description":"Onde voc\u00ea tem vez e voz","potentialAction":[{"@type":"SearchAction","target":{"@type":"EntryPoint","urlTemplate":"https:\/\/folhapopular.info\/?s={search_term_string}"},"query-input":{"@type":"PropertyValueSpecification","valueRequired":true,"valueName":"search_term_string"}}],"inLanguage":"pt-BR"},{"@type":"Person","@id":"https:\/\/folhapopular.info\/#\/schema\/person\/52b95b9c1c41ec0e826e7518183d0cc0","name":"Let\u00edcia Echer","image":{"@type":"ImageObject","inLanguage":"pt-BR","@id":"https:\/\/secure.gravatar.com\/avatar\/303201b45d8f4e048c95808925ff8953fa7ebc0e52cb5b3af1fc9e3d52c95645?s=96&d=mm&r=g","url":"https:\/\/secure.gravatar.com\/avatar\/303201b45d8f4e048c95808925ff8953fa7ebc0e52cb5b3af1fc9e3d52c95645?s=96&d=mm&r=g","contentUrl":"https:\/\/secure.gravatar.com\/avatar\/303201b45d8f4e048c95808925ff8953fa7ebc0e52cb5b3af1fc9e3d52c95645?s=96&d=mm&r=g","caption":"Let\u00edcia Echer"},"url":"https:\/\/folhapopular.info\/index.php\/author\/leticiaecher04gmail-com\/"}]}},"jetpack_featured_media_url":"https:\/\/folhapopular.info\/wp-content\/uploads\/2025\/06\/WhatsApp-Image-2025-06-03-at-23.30.27.jpeg","jetpack_sharing_enabled":true,"amp_enabled":true,"_links":{"self":[{"href":"https:\/\/folhapopular.info\/index.php\/wp-json\/wp\/v2\/posts\/187715","targetHints":{"allow":["GET"]}}],"collection":[{"href":"https:\/\/folhapopular.info\/index.php\/wp-json\/wp\/v2\/posts"}],"about":[{"href":"https:\/\/folhapopular.info\/index.php\/wp-json\/wp\/v2\/types\/post"}],"author":[{"embeddable":true,"href":"https:\/\/folhapopular.info\/index.php\/wp-json\/wp\/v2\/users\/673"}],"replies":[{"embeddable":true,"href":"https:\/\/folhapopular.info\/index.php\/wp-json\/wp\/v2\/comments?post=187715"}],"version-history":[{"count":0,"href":"https:\/\/folhapopular.info\/index.php\/wp-json\/wp\/v2\/posts\/187715\/revisions"}],"wp:featuredmedia":[{"embeddable":true,"href":"https:\/\/folhapopular.info\/index.php\/wp-json\/wp\/v2\/media\/187720"}],"wp:attachment":[{"href":"https:\/\/folhapopular.info\/index.php\/wp-json\/wp\/v2\/media?parent=187715"}],"wp:term":[{"taxonomy":"category","embeddable":true,"href":"https:\/\/folhapopular.info\/index.php\/wp-json\/wp\/v2\/categories?post=187715"},{"taxonomy":"post_tag","embeddable":true,"href":"https:\/\/folhapopular.info\/index.php\/wp-json\/wp\/v2\/tags?post=187715"}],"curies":[{"name":"wp","href":"https:\/\/api.w.org\/{rel}","templated":true}]}}