{"id":187789,"date":"2025-06-04T21:38:57","date_gmt":"2025-06-05T00:38:57","guid":{"rendered":"https:\/\/folhapopular.info\/?p=187789"},"modified":"2025-06-04T21:39:00","modified_gmt":"2025-06-05T00:39:00","slug":"gramado-summit-comeca-com-nomes-de-peso-e-com-edicao-na-argentina-em-2026","status":"publish","type":"post","link":"https:\/\/folhapopular.info\/index.php\/2025\/06\/04\/gramado-summit-comeca-com-nomes-de-peso-e-com-edicao-na-argentina-em-2026\/","title":{"rendered":"Gramado Summit come\u00e7a com nomes de peso e com edi\u00e7\u00e3o na Argentina em 2026"},"content":{"rendered":"\n<p>Foi dada a largada no maior <em>brainstorming<\/em> de inova\u00e7\u00e3o da Am\u00e9rica Latina. Nesta quarta-feira (4\/6) teve in\u00edcio a 8\u00aa edi\u00e7\u00e3o da Gramado Summit no Serra Park. Com mais de 350 palestrantes, vindos de todas as regi\u00f5es do Brasil, e mais de 500 empresas em exposi\u00e7\u00e3o, a Gramado Summit se consolida como um catalisador de conhecimento e de novos neg\u00f3cios. Mais de 20 mil participantes v\u00e3o conferir de perto todas as atra\u00e7\u00f5es do evento, que vai at\u00e9 sexta-feira (6\/6).<\/p>\n\n\n\n<p>No palco principal, o destaque ficou por conta da empres\u00e1ria Luiza Helena Trajano, presidente do Conselho de Administra\u00e7\u00e3o da Magazine Luiza, que contou sua hist\u00f3ria e deu dicas importantes para quem quer inovar e crescer.<\/p>\n\n\n\n<p>Mais cedo, o aquecimento contou com a irrever\u00eancia do mestre de cerim\u00f4nias da Arena Magalu \u2013 como \u00e9 conhecido o palco principal \u2013, o ator, m\u00fasico e palestrante Rafael Cortez. Ele interagiu com a plateia e levou ao palco Celina Rossi, que completa oito anos nesta quarta-feira. Ela \u00e9 filha do CEO e fundador da Gramado Summit, Marcus Rossi.O p\u00fablico ganhou cupcakes para a celebra\u00e7\u00e3o.<\/p>\n\n\n\n<p>Depois do parab\u00e9ns, foi hora do papai entrar em cena. E com novidades: Rossi anunciou que a <strong>Gramado Summit estar\u00e1 novamente em Punta del Este (Uruguai), ainda em 2025<\/strong>, e deve desembarcar em <strong>C\u00f3rdoba, na Argentina, no segundo semestre de 2026<\/strong>. Em sua defini\u00e7\u00e3o, um destino se tornou pequeno para um evento com olhar gigante. Autoridades da Argentina est\u00e3o em Gramado para dar sequ\u00eancia ao noivado. \u201cTem tanta hist\u00f3ria bacana sendo contada nesses corredores, que \u00e0s vezes \u00e9 dif\u00edcil explicar. S\u00f3 mesmo vivendo\u201d, comentou.<\/p>\n\n\n\n<h2 class=\"wp-block-heading\"><strong>Li\u00e7\u00f5es de empreendedorismo<\/strong><\/h2>\n\n\n\n<p>A jornada de conhecimento teve sequ\u00eancia com o fireside chat entre o \u00e2ncora da CNN Brasil Phelipe Siani e Luiza Helena Trajano. \u201cTenho frequentado summits pelo Brasil e, quando conheci o Marcus, prometi que estaria aqui. Ele \u00e9 muito fam\u00edlia e, hoje, o que mais estamos buscando \u00e9 unir, principalmente em um pa\u00eds t\u00e3o maravilhoso quanto o nosso\u201d, contou a empres\u00e1ria.<\/p>\n\n\n\n<p>Ela lembrou da pr\u00f3pria hist\u00f3ria, em Franca, no interior de S\u00e3o Paulo. L\u00e1 foi fundada a Magazine Luiza, ent\u00e3o uma pequena loja f\u00edsica, pela tia de Luiza \u2013 que tinha o mesmo nome. Por isso, desde cedo ela entendeu a responsabilidade que tinha com o empreendedorismo e tamb\u00e9m com o desenvolvimento social. Hoje, a rede varejista assume tamb\u00e9m o lado digital para impulsionar outros empreendedores &#8211; a Magalu Cloud \u00e9 o principal patrocinador do evento, mas garante que a loja f\u00edsica n\u00e3o vai acabar.<\/p>\n\n\n\n<h2 class=\"wp-block-heading\"><strong>Inova\u00e7\u00e3o e prop\u00f3sito<\/strong><\/h2>\n\n\n\n<p>\u201cA gente tem medo do novo\u201d, alertou Luiza, que fez quest\u00e3o de falar primeiro sobre inova\u00e7\u00e3o quando viu que a conversa tomaria outros rumos. Segundo ela, um dos problemas que travam esse processo \u00e9 o que define como&nbsp;<em>pensar pobre<\/em>. \u201cTem gente que pensa pobre, age como rico e acaba devendo para os outros\u201d, ilustrou, diante de uma plateia que se deleitava com li\u00e7\u00f5es certeiras sobre como inovar e empreender, transmitidas com simplicidade e bom humor.<\/p>\n\n\n\n<p>Para Trajano, empreender \u00e9 buscar solu\u00e7\u00f5es o tempo todo. Encontradas essas solu\u00e7\u00f5es, \u00e9 imprescind\u00edvel vend\u00ea-las. \u201cPor isso, eu vendo a Magazine Luiza e a Magalu o tempo todo, n\u00e3o tenho vergonha disso\u201d, relata.<\/p>\n\n\n\n<p>Provocada por Siani, Luiza falou sobre o prop\u00f3sito que inspira o trabalho da empresa. Engajada em movimentos para dar oportunidades a jovens e adultos que passam por alguma dificuldade, ela sempre se pautou pela justi\u00e7a social e leva essa responsabilidade para a rede.<\/p>\n\n\n\n<p>Defensora da diversidade, sa\u00fada o fato de os investidores cobrarem a\u00e7\u00f5es de inclus\u00e3o e responsabilidade socioambiental na hora de escolher onde colocar o dinheiro. Para ilustrar, apresentou um v\u00eddeo que mostra a escalada do faturamento da rede, sem perder de vista os valores que norteiam essa trajet\u00f3ria.<\/p>\n\n\n\n<h2 class=\"wp-block-heading\"><strong>Persist\u00eancia e m\u00e9todo<\/strong><\/h2>\n\n\n\n<p>A seguir foi a vez do fundador da Reserva, Rony Meisler, subir ao palco da Arena Magalu. Ele compartilhou o que aprendeu ao longo de sua trajet\u00f3ria junto \u00e0 empresa, onde passou por todas as fases poss\u00edveis de um empreendedor.<\/p>\n\n\n\n<p>Da concep\u00e7\u00e3o da ideia at\u00e9 a retirada estrat\u00e9gica e bem estruturada, passando por ciclos de crescimento, alcance de um faturamento bilion\u00e1rio e a prepara\u00e7\u00e3o da sucess\u00e3o. O aprendizado de cada momento foi compartilhado com o p\u00fablico da Gramado Summit.<\/p>\n\n\n\n<p>O diferencial, segundo ele, veio de um prop\u00f3sito com performance concomitante. De forma pr\u00e1tica, explicou como isso foi constru\u00eddo. \u201cEu n\u00e3o vim dar conselhos, mas sim exemplos do que foi feito ao longo desses vinte anos\u201d, explicou.<\/p>\n\n\n\n<p>Para Meisler, vivemos em um mundo que talvez nunca tenha tido tantas oportunidades. Em contrapartida, nunca se procrastinou tanto. \u201cA quantidade de informa\u00e7\u00e3o \u00e0 disposi\u00e7\u00e3o causa, ao mesmo tempo, a sensa\u00e7\u00e3o de que h\u00e1 oportunidades, mas uma necessidade muito grande de planejamento\u201d, alerta.<\/p>\n\n\n\n<p>Ele mesmo, quando come\u00e7ou, se debru\u00e7ou demasiadamente sobre planilhas, at\u00e9 que as deixou um pouco de lado para se dedicar \u00e0 constru\u00e7\u00e3o de produtos e relacionamentos com clientes. Foi a\u00ed que as coisas passaram a acontecer.<\/p>\n\n\n\n<p>\u201c\u00c0s vezes o empreendedor fica preocupado em&nbsp;<em>disruptar<\/em>&nbsp;seu mercado, mas as oportunidades est\u00e3o nos pequenos problemas do dia a dia. Dificilmente algu\u00e9m \u00e9 disruptivo de fato. Inovar \u00e9 estar atento e encontrar solu\u00e7\u00f5es para quest\u00f5es cotidianas. A mat\u00e9ria-prima da inova\u00e7\u00e3o \u00e9 a audi\u00e7\u00e3o. Tem que estar atento ao cliente e ter compromisso com as pessoas e os resultados\u201d, defende.<\/p>\n","protected":false},"excerpt":{"rendered":"<p>Foi dada a largada no maior brainstorming de inova\u00e7\u00e3o da Am\u00e9rica Latina. Nesta quarta-feira (4\/6) teve in\u00edcio a 8\u00aa edi\u00e7\u00e3o da Gramado Summit no Serra Park. Com mais de 350 palestrantes, vindos de todas as regi\u00f5es do Brasil, e mais de 500 empresas em exposi\u00e7\u00e3o, a Gramado Summit se consolida como um catalisador de conhecimento [&hellip;]<\/p>\n","protected":false},"author":8,"featured_media":187790,"comment_status":"open","ping_status":"open","sticky":false,"template":"","format":"standard","meta":{"pmpro_default_level":"","_jetpack_memberships_contains_paid_content":false,"footnotes":""},"categories":[10991,10993,12473],"tags":[1701,8619],"class_list":{"0":"post-187789","1":"post","2":"type-post","3":"status-publish","4":"format-standard","5":"has-post-thumbnail","7":"category-economia","8":"category-empreender","9":"category-negocios","10":"tag-gramado","11":"tag-gramado-summit","12":"pmpro-has-access"},"yoast_head":"<!-- This site is optimized with the Yoast SEO plugin v27.5 - https:\/\/yoast.com\/product\/yoast-seo-wordpress\/ -->\n<title>Gramado Summit come\u00e7a com nomes de peso e com edi\u00e7\u00e3o na Argentina em 2026 - Folha Popular<\/title>\n<meta name=\"robots\" content=\"index, follow, max-snippet:-1, max-image-preview:large, max-video-preview:-1\" \/>\n<link rel=\"canonical\" href=\"https:\/\/folhapopular.info\/index.php\/2025\/06\/04\/gramado-summit-comeca-com-nomes-de-peso-e-com-edicao-na-argentina-em-2026\/\" \/>\n<meta property=\"og:locale\" content=\"pt_BR\" \/>\n<meta property=\"og:type\" content=\"article\" \/>\n<meta property=\"og:title\" content=\"Gramado Summit come\u00e7a com nomes de peso e com edi\u00e7\u00e3o na Argentina em 2026 - Folha Popular\" \/>\n<meta property=\"og:description\" content=\"Foi dada a largada no maior brainstorming de inova\u00e7\u00e3o da Am\u00e9rica Latina. Nesta quarta-feira (4\/6) teve in\u00edcio a 8\u00aa edi\u00e7\u00e3o da Gramado Summit no Serra Park. Com mais de 350 palestrantes, vindos de todas as regi\u00f5es do Brasil, e mais de 500 empresas em exposi\u00e7\u00e3o, a Gramado Summit se consolida como um catalisador de conhecimento [&hellip;]\" \/>\n<meta property=\"og:url\" content=\"https:\/\/folhapopular.info\/index.php\/2025\/06\/04\/gramado-summit-comeca-com-nomes-de-peso-e-com-edicao-na-argentina-em-2026\/\" \/>\n<meta property=\"og:site_name\" content=\"Folha Popular\" \/>\n<meta property=\"article:published_time\" content=\"2025-06-05T00:38:57+00:00\" \/>\n<meta property=\"article:modified_time\" content=\"2025-06-05T00:39:00+00:00\" \/>\n<meta property=\"og:image\" content=\"http:\/\/folhapopular.info\/wp-content\/uploads\/2025\/06\/Rede-FeedMeFeedMe-Studios-Divulgacao-Gramado-Summit-Grande.jpeg\" \/>\n\t<meta property=\"og:image:width\" content=\"1280\" \/>\n\t<meta property=\"og:image:height\" content=\"853\" \/>\n\t<meta property=\"og:image:type\" content=\"image\/jpeg\" \/>\n<meta name=\"author\" content=\"Reda\u00e7\u00e3o Folha Popular\" \/>\n<meta name=\"twitter:card\" content=\"summary_large_image\" \/>\n<meta name=\"twitter:label1\" content=\"Escrito por\" \/>\n\t<meta name=\"twitter:data1\" content=\"Reda\u00e7\u00e3o Folha Popular\" \/>\n\t<meta name=\"twitter:label2\" content=\"Est. tempo de leitura\" \/>\n\t<meta name=\"twitter:data2\" content=\"5 minutos\" \/>\n<script type=\"application\/ld+json\" class=\"yoast-schema-graph\">{\"@context\":\"https:\\\/\\\/schema.org\",\"@graph\":[{\"@type\":\"Article\",\"@id\":\"https:\\\/\\\/folhapopular.info\\\/index.php\\\/2025\\\/06\\\/04\\\/gramado-summit-comeca-com-nomes-de-peso-e-com-edicao-na-argentina-em-2026\\\/#article\",\"isPartOf\":{\"@id\":\"https:\\\/\\\/folhapopular.info\\\/index.php\\\/2025\\\/06\\\/04\\\/gramado-summit-comeca-com-nomes-de-peso-e-com-edicao-na-argentina-em-2026\\\/\"},\"author\":{\"name\":\"Reda\u00e7\u00e3o Folha Popular\",\"@id\":\"https:\\\/\\\/folhapopular.info\\\/#\\\/schema\\\/person\\\/2814e8a0df7643585a9ca38bc6eb9d4b\"},\"headline\":\"Gramado Summit come\u00e7a com nomes de peso e com edi\u00e7\u00e3o na Argentina em 2026\",\"datePublished\":\"2025-06-05T00:38:57+00:00\",\"dateModified\":\"2025-06-05T00:39:00+00:00\",\"mainEntityOfPage\":{\"@id\":\"https:\\\/\\\/folhapopular.info\\\/index.php\\\/2025\\\/06\\\/04\\\/gramado-summit-comeca-com-nomes-de-peso-e-com-edicao-na-argentina-em-2026\\\/\"},\"wordCount\":946,\"commentCount\":0,\"image\":{\"@id\":\"https:\\\/\\\/folhapopular.info\\\/index.php\\\/2025\\\/06\\\/04\\\/gramado-summit-comeca-com-nomes-de-peso-e-com-edicao-na-argentina-em-2026\\\/#primaryimage\"},\"thumbnailUrl\":\"https:\\\/\\\/folhapopular.info\\\/wp-content\\\/uploads\\\/2025\\\/06\\\/Rede-FeedMeFeedMe-Studios-Divulgacao-Gramado-Summit-Grande.jpeg\",\"keywords\":[\"Gramado\",\"Gramado Summit\"],\"articleSection\":[\"Economia\",\"Empreender\",\"Neg\u00f3cios\"],\"inLanguage\":\"pt-BR\",\"potentialAction\":[{\"@type\":\"CommentAction\",\"name\":\"Comment\",\"target\":[\"https:\\\/\\\/folhapopular.info\\\/index.php\\\/2025\\\/06\\\/04\\\/gramado-summit-comeca-com-nomes-de-peso-e-com-edicao-na-argentina-em-2026\\\/#respond\"]}]},{\"@type\":\"WebPage\",\"@id\":\"https:\\\/\\\/folhapopular.info\\\/index.php\\\/2025\\\/06\\\/04\\\/gramado-summit-comeca-com-nomes-de-peso-e-com-edicao-na-argentina-em-2026\\\/\",\"url\":\"https:\\\/\\\/folhapopular.info\\\/index.php\\\/2025\\\/06\\\/04\\\/gramado-summit-comeca-com-nomes-de-peso-e-com-edicao-na-argentina-em-2026\\\/\",\"name\":\"Gramado Summit come\u00e7a com nomes de peso e com edi\u00e7\u00e3o na Argentina em 2026 - Folha Popular\",\"isPartOf\":{\"@id\":\"https:\\\/\\\/folhapopular.info\\\/#website\"},\"primaryImageOfPage\":{\"@id\":\"https:\\\/\\\/folhapopular.info\\\/index.php\\\/2025\\\/06\\\/04\\\/gramado-summit-comeca-com-nomes-de-peso-e-com-edicao-na-argentina-em-2026\\\/#primaryimage\"},\"image\":{\"@id\":\"https:\\\/\\\/folhapopular.info\\\/index.php\\\/2025\\\/06\\\/04\\\/gramado-summit-comeca-com-nomes-de-peso-e-com-edicao-na-argentina-em-2026\\\/#primaryimage\"},\"thumbnailUrl\":\"https:\\\/\\\/folhapopular.info\\\/wp-content\\\/uploads\\\/2025\\\/06\\\/Rede-FeedMeFeedMe-Studios-Divulgacao-Gramado-Summit-Grande.jpeg\",\"datePublished\":\"2025-06-05T00:38:57+00:00\",\"dateModified\":\"2025-06-05T00:39:00+00:00\",\"author\":{\"@id\":\"https:\\\/\\\/folhapopular.info\\\/#\\\/schema\\\/person\\\/2814e8a0df7643585a9ca38bc6eb9d4b\"},\"breadcrumb\":{\"@id\":\"https:\\\/\\\/folhapopular.info\\\/index.php\\\/2025\\\/06\\\/04\\\/gramado-summit-comeca-com-nomes-de-peso-e-com-edicao-na-argentina-em-2026\\\/#breadcrumb\"},\"inLanguage\":\"pt-BR\",\"potentialAction\":[{\"@type\":\"ReadAction\",\"target\":[\"https:\\\/\\\/folhapopular.info\\\/index.php\\\/2025\\\/06\\\/04\\\/gramado-summit-comeca-com-nomes-de-peso-e-com-edicao-na-argentina-em-2026\\\/\"]}]},{\"@type\":\"ImageObject\",\"inLanguage\":\"pt-BR\",\"@id\":\"https:\\\/\\\/folhapopular.info\\\/index.php\\\/2025\\\/06\\\/04\\\/gramado-summit-comeca-com-nomes-de-peso-e-com-edicao-na-argentina-em-2026\\\/#primaryimage\",\"url\":\"https:\\\/\\\/folhapopular.info\\\/wp-content\\\/uploads\\\/2025\\\/06\\\/Rede-FeedMeFeedMe-Studios-Divulgacao-Gramado-Summit-Grande.jpeg\",\"contentUrl\":\"https:\\\/\\\/folhapopular.info\\\/wp-content\\\/uploads\\\/2025\\\/06\\\/Rede-FeedMeFeedMe-Studios-Divulgacao-Gramado-Summit-Grande.jpeg\",\"width\":1280,\"height\":853,\"caption\":\"Gramado Summit iniciou nesta quarta-feira com grande p\u00fablico e \u00f3timos conte\u00fados \\\/\\\/ Cr\u00e9dito: Rede FeedMe FeedMe Studios \\\/ Divulga\u00e7\u00e3o\"},{\"@type\":\"BreadcrumbList\",\"@id\":\"https:\\\/\\\/folhapopular.info\\\/index.php\\\/2025\\\/06\\\/04\\\/gramado-summit-comeca-com-nomes-de-peso-e-com-edicao-na-argentina-em-2026\\\/#breadcrumb\",\"itemListElement\":[{\"@type\":\"ListItem\",\"position\":1,\"name\":\"In\u00edcio\",\"item\":\"https:\\\/\\\/folhapopular.info\\\/\"},{\"@type\":\"ListItem\",\"position\":2,\"name\":\"Gramado Summit come\u00e7a com nomes de peso e com edi\u00e7\u00e3o na Argentina em 2026\"}]},{\"@type\":\"WebSite\",\"@id\":\"https:\\\/\\\/folhapopular.info\\\/#website\",\"url\":\"https:\\\/\\\/folhapopular.info\\\/\",\"name\":\"Folha Popular\",\"description\":\"Onde voc\u00ea tem vez e voz\",\"potentialAction\":[{\"@type\":\"SearchAction\",\"target\":{\"@type\":\"EntryPoint\",\"urlTemplate\":\"https:\\\/\\\/folhapopular.info\\\/?s={search_term_string}\"},\"query-input\":{\"@type\":\"PropertyValueSpecification\",\"valueRequired\":true,\"valueName\":\"search_term_string\"}}],\"inLanguage\":\"pt-BR\"},{\"@type\":\"Person\",\"@id\":\"https:\\\/\\\/folhapopular.info\\\/#\\\/schema\\\/person\\\/2814e8a0df7643585a9ca38bc6eb9d4b\",\"name\":\"Reda\u00e7\u00e3o Folha Popular\",\"image\":{\"@type\":\"ImageObject\",\"inLanguage\":\"pt-BR\",\"@id\":\"https:\\\/\\\/folhapopular.info\\\/wp-content\\\/uploads\\\/2026\\\/04\\\/Folha-1.webp\",\"url\":\"https:\\\/\\\/folhapopular.info\\\/wp-content\\\/uploads\\\/2026\\\/04\\\/Folha-1.webp\",\"contentUrl\":\"https:\\\/\\\/folhapopular.info\\\/wp-content\\\/uploads\\\/2026\\\/04\\\/Folha-1.webp\",\"caption\":\"Reda\u00e7\u00e3o Folha Popular\"},\"url\":\"https:\\\/\\\/folhapopular.info\\\/index.php\\\/author\\\/redacao\\\/\"}]}<\/script>\n<!-- \/ Yoast SEO plugin. -->","yoast_head_json":{"title":"Gramado Summit come\u00e7a com nomes de peso e com edi\u00e7\u00e3o na Argentina em 2026 - Folha Popular","robots":{"index":"index","follow":"follow","max-snippet":"max-snippet:-1","max-image-preview":"max-image-preview:large","max-video-preview":"max-video-preview:-1"},"canonical":"https:\/\/folhapopular.info\/index.php\/2025\/06\/04\/gramado-summit-comeca-com-nomes-de-peso-e-com-edicao-na-argentina-em-2026\/","og_locale":"pt_BR","og_type":"article","og_title":"Gramado Summit come\u00e7a com nomes de peso e com edi\u00e7\u00e3o na Argentina em 2026 - Folha Popular","og_description":"Foi dada a largada no maior brainstorming de inova\u00e7\u00e3o da Am\u00e9rica Latina. Nesta quarta-feira (4\/6) teve in\u00edcio a 8\u00aa edi\u00e7\u00e3o da Gramado Summit no Serra Park. Com mais de 350 palestrantes, vindos de todas as regi\u00f5es do Brasil, e mais de 500 empresas em exposi\u00e7\u00e3o, a Gramado Summit se consolida como um catalisador de conhecimento [&hellip;]","og_url":"https:\/\/folhapopular.info\/index.php\/2025\/06\/04\/gramado-summit-comeca-com-nomes-de-peso-e-com-edicao-na-argentina-em-2026\/","og_site_name":"Folha Popular","article_published_time":"2025-06-05T00:38:57+00:00","article_modified_time":"2025-06-05T00:39:00+00:00","og_image":[{"width":1280,"height":853,"url":"http:\/\/folhapopular.info\/wp-content\/uploads\/2025\/06\/Rede-FeedMeFeedMe-Studios-Divulgacao-Gramado-Summit-Grande.jpeg","type":"image\/jpeg"}],"author":"Reda\u00e7\u00e3o Folha Popular","twitter_card":"summary_large_image","twitter_misc":{"Escrito por":"Reda\u00e7\u00e3o Folha Popular","Est. tempo de leitura":"5 minutos"},"schema":{"@context":"https:\/\/schema.org","@graph":[{"@type":"Article","@id":"https:\/\/folhapopular.info\/index.php\/2025\/06\/04\/gramado-summit-comeca-com-nomes-de-peso-e-com-edicao-na-argentina-em-2026\/#article","isPartOf":{"@id":"https:\/\/folhapopular.info\/index.php\/2025\/06\/04\/gramado-summit-comeca-com-nomes-de-peso-e-com-edicao-na-argentina-em-2026\/"},"author":{"name":"Reda\u00e7\u00e3o Folha Popular","@id":"https:\/\/folhapopular.info\/#\/schema\/person\/2814e8a0df7643585a9ca38bc6eb9d4b"},"headline":"Gramado Summit come\u00e7a com nomes de peso e com edi\u00e7\u00e3o na Argentina em 2026","datePublished":"2025-06-05T00:38:57+00:00","dateModified":"2025-06-05T00:39:00+00:00","mainEntityOfPage":{"@id":"https:\/\/folhapopular.info\/index.php\/2025\/06\/04\/gramado-summit-comeca-com-nomes-de-peso-e-com-edicao-na-argentina-em-2026\/"},"wordCount":946,"commentCount":0,"image":{"@id":"https:\/\/folhapopular.info\/index.php\/2025\/06\/04\/gramado-summit-comeca-com-nomes-de-peso-e-com-edicao-na-argentina-em-2026\/#primaryimage"},"thumbnailUrl":"https:\/\/folhapopular.info\/wp-content\/uploads\/2025\/06\/Rede-FeedMeFeedMe-Studios-Divulgacao-Gramado-Summit-Grande.jpeg","keywords":["Gramado","Gramado Summit"],"articleSection":["Economia","Empreender","Neg\u00f3cios"],"inLanguage":"pt-BR","potentialAction":[{"@type":"CommentAction","name":"Comment","target":["https:\/\/folhapopular.info\/index.php\/2025\/06\/04\/gramado-summit-comeca-com-nomes-de-peso-e-com-edicao-na-argentina-em-2026\/#respond"]}]},{"@type":"WebPage","@id":"https:\/\/folhapopular.info\/index.php\/2025\/06\/04\/gramado-summit-comeca-com-nomes-de-peso-e-com-edicao-na-argentina-em-2026\/","url":"https:\/\/folhapopular.info\/index.php\/2025\/06\/04\/gramado-summit-comeca-com-nomes-de-peso-e-com-edicao-na-argentina-em-2026\/","name":"Gramado Summit come\u00e7a com nomes de peso e com edi\u00e7\u00e3o na Argentina em 2026 - Folha Popular","isPartOf":{"@id":"https:\/\/folhapopular.info\/#website"},"primaryImageOfPage":{"@id":"https:\/\/folhapopular.info\/index.php\/2025\/06\/04\/gramado-summit-comeca-com-nomes-de-peso-e-com-edicao-na-argentina-em-2026\/#primaryimage"},"image":{"@id":"https:\/\/folhapopular.info\/index.php\/2025\/06\/04\/gramado-summit-comeca-com-nomes-de-peso-e-com-edicao-na-argentina-em-2026\/#primaryimage"},"thumbnailUrl":"https:\/\/folhapopular.info\/wp-content\/uploads\/2025\/06\/Rede-FeedMeFeedMe-Studios-Divulgacao-Gramado-Summit-Grande.jpeg","datePublished":"2025-06-05T00:38:57+00:00","dateModified":"2025-06-05T00:39:00+00:00","author":{"@id":"https:\/\/folhapopular.info\/#\/schema\/person\/2814e8a0df7643585a9ca38bc6eb9d4b"},"breadcrumb":{"@id":"https:\/\/folhapopular.info\/index.php\/2025\/06\/04\/gramado-summit-comeca-com-nomes-de-peso-e-com-edicao-na-argentina-em-2026\/#breadcrumb"},"inLanguage":"pt-BR","potentialAction":[{"@type":"ReadAction","target":["https:\/\/folhapopular.info\/index.php\/2025\/06\/04\/gramado-summit-comeca-com-nomes-de-peso-e-com-edicao-na-argentina-em-2026\/"]}]},{"@type":"ImageObject","inLanguage":"pt-BR","@id":"https:\/\/folhapopular.info\/index.php\/2025\/06\/04\/gramado-summit-comeca-com-nomes-de-peso-e-com-edicao-na-argentina-em-2026\/#primaryimage","url":"https:\/\/folhapopular.info\/wp-content\/uploads\/2025\/06\/Rede-FeedMeFeedMe-Studios-Divulgacao-Gramado-Summit-Grande.jpeg","contentUrl":"https:\/\/folhapopular.info\/wp-content\/uploads\/2025\/06\/Rede-FeedMeFeedMe-Studios-Divulgacao-Gramado-Summit-Grande.jpeg","width":1280,"height":853,"caption":"Gramado Summit iniciou nesta quarta-feira com grande p\u00fablico e \u00f3timos conte\u00fados \/\/ Cr\u00e9dito: Rede FeedMe FeedMe Studios \/ Divulga\u00e7\u00e3o"},{"@type":"BreadcrumbList","@id":"https:\/\/folhapopular.info\/index.php\/2025\/06\/04\/gramado-summit-comeca-com-nomes-de-peso-e-com-edicao-na-argentina-em-2026\/#breadcrumb","itemListElement":[{"@type":"ListItem","position":1,"name":"In\u00edcio","item":"https:\/\/folhapopular.info\/"},{"@type":"ListItem","position":2,"name":"Gramado Summit come\u00e7a com nomes de peso e com edi\u00e7\u00e3o na Argentina em 2026"}]},{"@type":"WebSite","@id":"https:\/\/folhapopular.info\/#website","url":"https:\/\/folhapopular.info\/","name":"Folha Popular","description":"Onde voc\u00ea tem vez e voz","potentialAction":[{"@type":"SearchAction","target":{"@type":"EntryPoint","urlTemplate":"https:\/\/folhapopular.info\/?s={search_term_string}"},"query-input":{"@type":"PropertyValueSpecification","valueRequired":true,"valueName":"search_term_string"}}],"inLanguage":"pt-BR"},{"@type":"Person","@id":"https:\/\/folhapopular.info\/#\/schema\/person\/2814e8a0df7643585a9ca38bc6eb9d4b","name":"Reda\u00e7\u00e3o Folha Popular","image":{"@type":"ImageObject","inLanguage":"pt-BR","@id":"https:\/\/folhapopular.info\/wp-content\/uploads\/2026\/04\/Folha-1.webp","url":"https:\/\/folhapopular.info\/wp-content\/uploads\/2026\/04\/Folha-1.webp","contentUrl":"https:\/\/folhapopular.info\/wp-content\/uploads\/2026\/04\/Folha-1.webp","caption":"Reda\u00e7\u00e3o Folha Popular"},"url":"https:\/\/folhapopular.info\/index.php\/author\/redacao\/"}]}},"jetpack_featured_media_url":"https:\/\/folhapopular.info\/wp-content\/uploads\/2025\/06\/Rede-FeedMeFeedMe-Studios-Divulgacao-Gramado-Summit-Grande.jpeg","jetpack_sharing_enabled":true,"amp_enabled":true,"_links":{"self":[{"href":"https:\/\/folhapopular.info\/index.php\/wp-json\/wp\/v2\/posts\/187789","targetHints":{"allow":["GET"]}}],"collection":[{"href":"https:\/\/folhapopular.info\/index.php\/wp-json\/wp\/v2\/posts"}],"about":[{"href":"https:\/\/folhapopular.info\/index.php\/wp-json\/wp\/v2\/types\/post"}],"author":[{"embeddable":true,"href":"https:\/\/folhapopular.info\/index.php\/wp-json\/wp\/v2\/users\/8"}],"replies":[{"embeddable":true,"href":"https:\/\/folhapopular.info\/index.php\/wp-json\/wp\/v2\/comments?post=187789"}],"version-history":[{"count":0,"href":"https:\/\/folhapopular.info\/index.php\/wp-json\/wp\/v2\/posts\/187789\/revisions"}],"wp:featuredmedia":[{"embeddable":true,"href":"https:\/\/folhapopular.info\/index.php\/wp-json\/wp\/v2\/media\/187790"}],"wp:attachment":[{"href":"https:\/\/folhapopular.info\/index.php\/wp-json\/wp\/v2\/media?parent=187789"}],"wp:term":[{"taxonomy":"category","embeddable":true,"href":"https:\/\/folhapopular.info\/index.php\/wp-json\/wp\/v2\/categories?post=187789"},{"taxonomy":"post_tag","embeddable":true,"href":"https:\/\/folhapopular.info\/index.php\/wp-json\/wp\/v2\/tags?post=187789"}],"curies":[{"name":"wp","href":"https:\/\/api.w.org\/{rel}","templated":true}]}}