{"id":187940,"date":"2025-06-07T10:40:05","date_gmt":"2025-06-07T13:40:05","guid":{"rendered":"https:\/\/folhapopular.info\/?p=187940"},"modified":"2025-06-07T10:40:16","modified_gmt":"2025-06-07T13:40:16","slug":"3a-taca-imigrante-de-futebol-de-base-movimenta-municipio","status":"publish","type":"post","link":"https:\/\/folhapopular.info\/index.php\/2025\/06\/07\/3a-taca-imigrante-de-futebol-de-base-movimenta-municipio\/","title":{"rendered":"3\u00aa Ta\u00e7a Imigrante de futebol de base movimenta munic\u00edpio"},"content":{"rendered":"\n<p>A 3\u00aa edi\u00e7\u00e3o da Ta\u00e7a Imigrante de Futebol de Base iniciou nesta sexta-feira (6\/6), com direito a muita bola rolando e cerim\u00f4nia de abertura. Ser\u00e3o 3 dias de futebol, integra\u00e7\u00e3o, movimenta\u00e7\u00e3o econ\u00f4mica e, tamb\u00e9m, educa\u00e7\u00e3o.<\/p>\n\n\n\n<p>O campeonato se consolida como uma das principais vitrines para jovens talentos da regi\u00e3o e tem a participa\u00e7\u00e3o de diversos clubes do Rio Grande do Sul, como Gr\u00eamio, Internacional, Juventude e S\u00e3o Jos\u00e9, al\u00e9m de escolinhas locais e regionais, como a Juventus de Teut\u00f4nia, o Projeto Renascer, de Colinas, a CFM de Encantado, a Uni\u00e3o Jovem Crist\u00e3 (UJC), o Guarani de Lajeado, Escolinha de Campo Bom e o Centro Esportivo de Imigrante.<\/p>\n\n\n\n<p>O pontap\u00e9 inicial ocorreu com dois duelos no Est\u00e1dio do Esporte Clube Arroio da Seca (Ecas). A sele\u00e7\u00e3o de Imigrante enfrentou o Internacional na abertura oficial e foi derrotada pelo placar de 3 a 0. Ap\u00f3s, o cl\u00e1ssico entre Gr\u00eamio e Juventude encerrou com o mesmo resultado e vit\u00f3ria do tricolor. Tamb\u00e9m foram realizadas partidas no Est\u00e1dio do Avante.<\/p>\n\n\n\n<h3 class=\"wp-block-heading\"><strong>F\u00f3rmula de disputa<\/strong><\/h3>\n\n\n\n<p>A competi\u00e7\u00e3o \u00e9 dividida em tr\u00eas categorias, com nascidos nos anos de 2014, 2015 e 2016. A categoria 2014 estreou na sexta-feira, enquanto as demais entram em campo neste s\u00e1bado e domingo (7 e 8\/6). Os jogos s\u00e3o disputados em dois formatos: futebol 9 (oito jogadores de linha e um goleiro) nos campos internos do Est\u00e1dio do Riograndense, em Daltro Filho; e futebol 11 no Ecas e Avante, para as categorias mais avan\u00e7adas.<\/p>\n\n\n\n<p>Os oito clubes est\u00e3o divididos em dois grupos. Todos se classificam, com os dois primeiros de cada chave disputando as semifinais da S\u00e9rie Ouro, enquanto os restantes jogam a fase de mata-mata da S\u00e9rie Prata.<\/p>\n\n\n\n<p>\u201cEste ano retomamos o modelo original da primeira edi\u00e7\u00e3o, ap\u00f3s uma segunda edi\u00e7\u00e3o mais modesta em fun\u00e7\u00e3o das cat\u00e1strofes clim\u00e1ticas que afetaram toda a regi\u00e3o. \u00c9 gratificante ver a Ta\u00e7a ganhando corpo novamente e com a participa\u00e7\u00e3o de equipes t\u00e3o importantes\u201d, destaca um dos organizadores, Z\u00e9 M\u00e1rio.<\/p>\n\n\n\n<p>Apesar da previs\u00e3o de tempo inst\u00e1vel no domingo, a organiza\u00e7\u00e3o confirmou que as datas ser\u00e3o mantidas, em raz\u00e3o dos compromissos previamente agendados pelos clubes participantes. \u201c\u00c9 praticamente imposs\u00edvel remarcar. Essas equipes t\u00eam calend\u00e1rio cheio, com competi\u00e7\u00f5es como o Gauch\u00e3o e outras. Se perdermos a data, perde-se a participa\u00e7\u00e3o dos clubes grandes\u201d, explica.<\/p>\n\n\n\n<h3 class=\"wp-block-heading\"><strong>Al\u00e9m das quatro linhas<\/strong><\/h3>\n\n\n\n<p>Para al\u00e9m da disputa esportiva, a Ta\u00e7a Imigrante promete movimentar a economia local. Restaurantes, hot\u00e9is e com\u00e9rcios devem sentir o impacto positivo da chegada de delega\u00e7\u00f5es e familiares. \u201c\u00c9 um investimento. Quando se traz Gr\u00eamio, Inter e outros clubes de peso, o p\u00fablico comparece. Em Guapor\u00e9, por exemplo, tivemos um Gre-Nal de categorias de base com 10 mil pessoas presentes no est\u00e1dio\u201d, considera Z\u00e9 M\u00e1rio.<\/p>\n\n\n\n<p>O evento tamb\u00e9m tem papel fundamental na forma\u00e7\u00e3o de jovens atletas. Alexandre, volunt\u00e1rio e apoiador da competi\u00e7\u00e3o, ressalta o impacto social da competi\u00e7\u00e3o. \u201cQuando a gurizada tem a chance de enfrentar grandes clubes, a rela\u00e7\u00e3o deles com o esporte muda. Se afastam do celular e ganham mais atividade e integra\u00e7\u00e3o comunit\u00e1ria\u201d, acrescenta.<\/p>\n\n\n\n<h3 class=\"wp-block-heading\"><strong>Envolvimento local<\/strong><\/h3>\n\n\n\n<p>Coordenador de Esportes do munic\u00edpio, Robson Wessel tamb\u00e9m acompanha a Ta\u00e7a desde a primeira edi\u00e7\u00e3o e v\u00ea o torneio como uma vitrine para os jovens da cidade. \u201cTrabalhamos duro para que nossos meninos se motivem a participar mais da escolinha. A Ta\u00e7a serve como inspira\u00e7\u00e3o e incentivo n\u00e3o s\u00f3 para eles, mas tamb\u00e9m, para n\u00f3s\u201d, afirma.<\/p>\n\n\n\n<p>Para os organizadores, um dos grandes diferenciais da edi\u00e7\u00e3o de 2025 \u00e9 o envolvimento de pessoas comprometidas com o desenvolvimento esportivo da cidade. \u201cEstamos com uma equipe \u00e0 frente do esporte, que faz toda a diferen\u00e7a. O Robson mesmo \u00e9 um cara que vive o futebol, acorda cedo para resolver pend\u00eancias e acompanha os meninos em tudo\u201d, afirma Z\u00e9 M\u00e1rio.<\/p>\n\n\n\n<p>Ele almeja que a competi\u00e7\u00e3o ganhe mais relev\u00e2ncia no futuro. \u201cA Ta\u00e7a Imigrante \u00e9 um projeto em crescimento. J\u00e1 \u00e9 refer\u00eancia regional e, com mais estrutura e parcerias, pode se tornar um dos grandes eventos do calend\u00e1rio do futebol de base ga\u00facho\u201d, ressalta.<\/p>\n","protected":false},"excerpt":{"rendered":"<p>A 3\u00aa edi\u00e7\u00e3o da Ta\u00e7a Imigrante de Futebol de Base iniciou nesta sexta-feira (6\/6), com direito a muita bola rolando e cerim\u00f4nia de abertura. Ser\u00e3o 3 dias de futebol, integra\u00e7\u00e3o, movimenta\u00e7\u00e3o econ\u00f4mica e, tamb\u00e9m, educa\u00e7\u00e3o. O campeonato se consolida como uma das principais vitrines para jovens talentos da regi\u00e3o e tem a participa\u00e7\u00e3o de diversos [&hellip;]<\/p>\n","protected":false},"author":732,"featured_media":187941,"comment_status":"open","ping_status":"open","sticky":false,"template":"","format":"standard","meta":{"pmpro_default_level":"","_jetpack_memberships_contains_paid_content":false,"footnotes":""},"categories":[5],"tags":[18757,964,498,34],"class_list":{"0":"post-187940","1":"post","2":"type-post","3":"status-publish","4":"format-standard","5":"has-post-thumbnail","7":"category-esportes","8":"tag-3a-taca-imigrante","9":"tag-categorias-de-base","10":"tag-futebol","11":"tag-imigrante","12":"pmpro-has-access"},"yoast_head":"<!-- This site is optimized with the Yoast SEO plugin v27.5 - https:\/\/yoast.com\/product\/yoast-seo-wordpress\/ -->\n<title>3\u00aa Ta\u00e7a Imigrante de futebol de base movimenta munic\u00edpio - Folha Popular<\/title>\n<meta name=\"robots\" content=\"index, follow, max-snippet:-1, max-image-preview:large, max-video-preview:-1\" \/>\n<link rel=\"canonical\" href=\"https:\/\/folhapopular.info\/index.php\/2025\/06\/07\/3a-taca-imigrante-de-futebol-de-base-movimenta-municipio\/\" \/>\n<meta property=\"og:locale\" content=\"pt_BR\" \/>\n<meta property=\"og:type\" content=\"article\" \/>\n<meta property=\"og:title\" content=\"3\u00aa Ta\u00e7a Imigrante de futebol de base movimenta munic\u00edpio - Folha Popular\" \/>\n<meta property=\"og:description\" content=\"A 3\u00aa edi\u00e7\u00e3o da Ta\u00e7a Imigrante de Futebol de Base iniciou nesta sexta-feira (6\/6), com direito a muita bola rolando e cerim\u00f4nia de abertura. Ser\u00e3o 3 dias de futebol, integra\u00e7\u00e3o, movimenta\u00e7\u00e3o econ\u00f4mica e, tamb\u00e9m, educa\u00e7\u00e3o. O campeonato se consolida como uma das principais vitrines para jovens talentos da regi\u00e3o e tem a participa\u00e7\u00e3o de diversos [&hellip;]\" \/>\n<meta property=\"og:url\" content=\"https:\/\/folhapopular.info\/index.php\/2025\/06\/07\/3a-taca-imigrante-de-futebol-de-base-movimenta-municipio\/\" \/>\n<meta property=\"og:site_name\" content=\"Folha Popular\" \/>\n<meta property=\"article:author\" content=\"https:\/\/www.facebook.com\/luis.huppes\/\" \/>\n<meta property=\"article:published_time\" content=\"2025-06-07T13:40:05+00:00\" \/>\n<meta property=\"article:modified_time\" content=\"2025-06-07T13:40:16+00:00\" \/>\n<meta property=\"og:image\" content=\"http:\/\/folhapopular.info\/wp-content\/uploads\/2025\/06\/Partidas-comecaram-na-tarde-da-sexta-feira_Carla-Bekcmann_Divulgacao-scaled.jpg\" \/>\n\t<meta property=\"og:image:width\" content=\"2560\" \/>\n\t<meta property=\"og:image:height\" content=\"1707\" \/>\n\t<meta property=\"og:image:type\" content=\"image\/jpeg\" \/>\n<meta name=\"author\" content=\"Luis Augusto Huppes\" \/>\n<meta name=\"twitter:card\" content=\"summary_large_image\" \/>\n<meta name=\"twitter:label1\" content=\"Escrito por\" \/>\n\t<meta name=\"twitter:data1\" content=\"Luis Augusto Huppes\" \/>\n\t<meta name=\"twitter:label2\" content=\"Est. tempo de leitura\" \/>\n\t<meta name=\"twitter:data2\" content=\"4 minutos\" \/>\n<script type=\"application\/ld+json\" class=\"yoast-schema-graph\">{\"@context\":\"https:\\\/\\\/schema.org\",\"@graph\":[{\"@type\":\"Article\",\"@id\":\"https:\\\/\\\/folhapopular.info\\\/index.php\\\/2025\\\/06\\\/07\\\/3a-taca-imigrante-de-futebol-de-base-movimenta-municipio\\\/#article\",\"isPartOf\":{\"@id\":\"https:\\\/\\\/folhapopular.info\\\/index.php\\\/2025\\\/06\\\/07\\\/3a-taca-imigrante-de-futebol-de-base-movimenta-municipio\\\/\"},\"author\":{\"name\":\"Luis Augusto Huppes\",\"@id\":\"https:\\\/\\\/folhapopular.info\\\/#\\\/schema\\\/person\\\/e852c327371714676d02e58cf917fd9f\"},\"headline\":\"3\u00aa Ta\u00e7a Imigrante de futebol de base movimenta munic\u00edpio\",\"datePublished\":\"2025-06-07T13:40:05+00:00\",\"dateModified\":\"2025-06-07T13:40:16+00:00\",\"mainEntityOfPage\":{\"@id\":\"https:\\\/\\\/folhapopular.info\\\/index.php\\\/2025\\\/06\\\/07\\\/3a-taca-imigrante-de-futebol-de-base-movimenta-municipio\\\/\"},\"wordCount\":737,\"commentCount\":0,\"image\":{\"@id\":\"https:\\\/\\\/folhapopular.info\\\/index.php\\\/2025\\\/06\\\/07\\\/3a-taca-imigrante-de-futebol-de-base-movimenta-municipio\\\/#primaryimage\"},\"thumbnailUrl\":\"https:\\\/\\\/folhapopular.info\\\/wp-content\\\/uploads\\\/2025\\\/06\\\/Partidas-comecaram-na-tarde-da-sexta-feira_Carla-Bekcmann_Divulgacao-scaled.jpg\",\"keywords\":[\"3\u00aa ta\u00e7a imigrante\",\"Categorias de base\",\"Futebol\",\"Imigrante\"],\"articleSection\":[\"Esportes\"],\"inLanguage\":\"pt-BR\",\"potentialAction\":[{\"@type\":\"CommentAction\",\"name\":\"Comment\",\"target\":[\"https:\\\/\\\/folhapopular.info\\\/index.php\\\/2025\\\/06\\\/07\\\/3a-taca-imigrante-de-futebol-de-base-movimenta-municipio\\\/#respond\"]}]},{\"@type\":\"WebPage\",\"@id\":\"https:\\\/\\\/folhapopular.info\\\/index.php\\\/2025\\\/06\\\/07\\\/3a-taca-imigrante-de-futebol-de-base-movimenta-municipio\\\/\",\"url\":\"https:\\\/\\\/folhapopular.info\\\/index.php\\\/2025\\\/06\\\/07\\\/3a-taca-imigrante-de-futebol-de-base-movimenta-municipio\\\/\",\"name\":\"3\u00aa Ta\u00e7a Imigrante de futebol de base movimenta munic\u00edpio - Folha Popular\",\"isPartOf\":{\"@id\":\"https:\\\/\\\/folhapopular.info\\\/#website\"},\"primaryImageOfPage\":{\"@id\":\"https:\\\/\\\/folhapopular.info\\\/index.php\\\/2025\\\/06\\\/07\\\/3a-taca-imigrante-de-futebol-de-base-movimenta-municipio\\\/#primaryimage\"},\"image\":{\"@id\":\"https:\\\/\\\/folhapopular.info\\\/index.php\\\/2025\\\/06\\\/07\\\/3a-taca-imigrante-de-futebol-de-base-movimenta-municipio\\\/#primaryimage\"},\"thumbnailUrl\":\"https:\\\/\\\/folhapopular.info\\\/wp-content\\\/uploads\\\/2025\\\/06\\\/Partidas-comecaram-na-tarde-da-sexta-feira_Carla-Bekcmann_Divulgacao-scaled.jpg\",\"datePublished\":\"2025-06-07T13:40:05+00:00\",\"dateModified\":\"2025-06-07T13:40:16+00:00\",\"author\":{\"@id\":\"https:\\\/\\\/folhapopular.info\\\/#\\\/schema\\\/person\\\/e852c327371714676d02e58cf917fd9f\"},\"breadcrumb\":{\"@id\":\"https:\\\/\\\/folhapopular.info\\\/index.php\\\/2025\\\/06\\\/07\\\/3a-taca-imigrante-de-futebol-de-base-movimenta-municipio\\\/#breadcrumb\"},\"inLanguage\":\"pt-BR\",\"potentialAction\":[{\"@type\":\"ReadAction\",\"target\":[\"https:\\\/\\\/folhapopular.info\\\/index.php\\\/2025\\\/06\\\/07\\\/3a-taca-imigrante-de-futebol-de-base-movimenta-municipio\\\/\"]}]},{\"@type\":\"ImageObject\",\"inLanguage\":\"pt-BR\",\"@id\":\"https:\\\/\\\/folhapopular.info\\\/index.php\\\/2025\\\/06\\\/07\\\/3a-taca-imigrante-de-futebol-de-base-movimenta-municipio\\\/#primaryimage\",\"url\":\"https:\\\/\\\/folhapopular.info\\\/wp-content\\\/uploads\\\/2025\\\/06\\\/Partidas-comecaram-na-tarde-da-sexta-feira_Carla-Bekcmann_Divulgacao-scaled.jpg\",\"contentUrl\":\"https:\\\/\\\/folhapopular.info\\\/wp-content\\\/uploads\\\/2025\\\/06\\\/Partidas-comecaram-na-tarde-da-sexta-feira_Carla-Bekcmann_Divulgacao-scaled.jpg\",\"width\":2560,\"height\":1707,\"caption\":\"Partidas come\u00e7aram na tarde da sexta-feira - Cr\u00e9dito: Carla Bekcmann \\\/ Divulga\u00e7\u00e3o\"},{\"@type\":\"BreadcrumbList\",\"@id\":\"https:\\\/\\\/folhapopular.info\\\/index.php\\\/2025\\\/06\\\/07\\\/3a-taca-imigrante-de-futebol-de-base-movimenta-municipio\\\/#breadcrumb\",\"itemListElement\":[{\"@type\":\"ListItem\",\"position\":1,\"name\":\"In\u00edcio\",\"item\":\"https:\\\/\\\/folhapopular.info\\\/\"},{\"@type\":\"ListItem\",\"position\":2,\"name\":\"3\u00aa Ta\u00e7a Imigrante de futebol de base movimenta munic\u00edpio\"}]},{\"@type\":\"WebSite\",\"@id\":\"https:\\\/\\\/folhapopular.info\\\/#website\",\"url\":\"https:\\\/\\\/folhapopular.info\\\/\",\"name\":\"Folha Popular\",\"description\":\"Onde voc\u00ea tem vez e voz\",\"potentialAction\":[{\"@type\":\"SearchAction\",\"target\":{\"@type\":\"EntryPoint\",\"urlTemplate\":\"https:\\\/\\\/folhapopular.info\\\/?s={search_term_string}\"},\"query-input\":{\"@type\":\"PropertyValueSpecification\",\"valueRequired\":true,\"valueName\":\"search_term_string\"}}],\"inLanguage\":\"pt-BR\"},{\"@type\":\"Person\",\"@id\":\"https:\\\/\\\/folhapopular.info\\\/#\\\/schema\\\/person\\\/e852c327371714676d02e58cf917fd9f\",\"name\":\"Luis Augusto Huppes\",\"image\":{\"@type\":\"ImageObject\",\"inLanguage\":\"pt-BR\",\"@id\":\"https:\\\/\\\/folhapopular.info\\\/wp-content\\\/uploads\\\/2026\\\/04\\\/Luis-Augusto-Huppes-1-1.webp\",\"url\":\"https:\\\/\\\/folhapopular.info\\\/wp-content\\\/uploads\\\/2026\\\/04\\\/Luis-Augusto-Huppes-1-1.webp\",\"contentUrl\":\"https:\\\/\\\/folhapopular.info\\\/wp-content\\\/uploads\\\/2026\\\/04\\\/Luis-Augusto-Huppes-1-1.webp\",\"caption\":\"Luis Augusto Huppes\"},\"sameAs\":[\"https:\\\/\\\/www.facebook.com\\\/luis.huppes\\\/\",\"https:\\\/\\\/www.instagram.com\\\/luis.huppes\\\/\",\"https:\\\/\\\/www.linkedin.com\\\/in\\\/luis-augusto-huppes-2554b52b7\\\/\"],\"url\":\"https:\\\/\\\/folhapopular.info\\\/index.php\\\/author\\\/luis-augusto-huppes\\\/\"}]}<\/script>\n<!-- \/ Yoast SEO plugin. -->","yoast_head_json":{"title":"3\u00aa Ta\u00e7a Imigrante de futebol de base movimenta munic\u00edpio - Folha Popular","robots":{"index":"index","follow":"follow","max-snippet":"max-snippet:-1","max-image-preview":"max-image-preview:large","max-video-preview":"max-video-preview:-1"},"canonical":"https:\/\/folhapopular.info\/index.php\/2025\/06\/07\/3a-taca-imigrante-de-futebol-de-base-movimenta-municipio\/","og_locale":"pt_BR","og_type":"article","og_title":"3\u00aa Ta\u00e7a Imigrante de futebol de base movimenta munic\u00edpio - Folha Popular","og_description":"A 3\u00aa edi\u00e7\u00e3o da Ta\u00e7a Imigrante de Futebol de Base iniciou nesta sexta-feira (6\/6), com direito a muita bola rolando e cerim\u00f4nia de abertura. Ser\u00e3o 3 dias de futebol, integra\u00e7\u00e3o, movimenta\u00e7\u00e3o econ\u00f4mica e, tamb\u00e9m, educa\u00e7\u00e3o. O campeonato se consolida como uma das principais vitrines para jovens talentos da regi\u00e3o e tem a participa\u00e7\u00e3o de diversos [&hellip;]","og_url":"https:\/\/folhapopular.info\/index.php\/2025\/06\/07\/3a-taca-imigrante-de-futebol-de-base-movimenta-municipio\/","og_site_name":"Folha Popular","article_author":"https:\/\/www.facebook.com\/luis.huppes\/","article_published_time":"2025-06-07T13:40:05+00:00","article_modified_time":"2025-06-07T13:40:16+00:00","og_image":[{"width":2560,"height":1707,"url":"http:\/\/folhapopular.info\/wp-content\/uploads\/2025\/06\/Partidas-comecaram-na-tarde-da-sexta-feira_Carla-Bekcmann_Divulgacao-scaled.jpg","type":"image\/jpeg"}],"author":"Luis Augusto Huppes","twitter_card":"summary_large_image","twitter_misc":{"Escrito por":"Luis Augusto Huppes","Est. tempo de leitura":"4 minutos"},"schema":{"@context":"https:\/\/schema.org","@graph":[{"@type":"Article","@id":"https:\/\/folhapopular.info\/index.php\/2025\/06\/07\/3a-taca-imigrante-de-futebol-de-base-movimenta-municipio\/#article","isPartOf":{"@id":"https:\/\/folhapopular.info\/index.php\/2025\/06\/07\/3a-taca-imigrante-de-futebol-de-base-movimenta-municipio\/"},"author":{"name":"Luis Augusto Huppes","@id":"https:\/\/folhapopular.info\/#\/schema\/person\/e852c327371714676d02e58cf917fd9f"},"headline":"3\u00aa Ta\u00e7a Imigrante de futebol de base movimenta munic\u00edpio","datePublished":"2025-06-07T13:40:05+00:00","dateModified":"2025-06-07T13:40:16+00:00","mainEntityOfPage":{"@id":"https:\/\/folhapopular.info\/index.php\/2025\/06\/07\/3a-taca-imigrante-de-futebol-de-base-movimenta-municipio\/"},"wordCount":737,"commentCount":0,"image":{"@id":"https:\/\/folhapopular.info\/index.php\/2025\/06\/07\/3a-taca-imigrante-de-futebol-de-base-movimenta-municipio\/#primaryimage"},"thumbnailUrl":"https:\/\/folhapopular.info\/wp-content\/uploads\/2025\/06\/Partidas-comecaram-na-tarde-da-sexta-feira_Carla-Bekcmann_Divulgacao-scaled.jpg","keywords":["3\u00aa ta\u00e7a imigrante","Categorias de base","Futebol","Imigrante"],"articleSection":["Esportes"],"inLanguage":"pt-BR","potentialAction":[{"@type":"CommentAction","name":"Comment","target":["https:\/\/folhapopular.info\/index.php\/2025\/06\/07\/3a-taca-imigrante-de-futebol-de-base-movimenta-municipio\/#respond"]}]},{"@type":"WebPage","@id":"https:\/\/folhapopular.info\/index.php\/2025\/06\/07\/3a-taca-imigrante-de-futebol-de-base-movimenta-municipio\/","url":"https:\/\/folhapopular.info\/index.php\/2025\/06\/07\/3a-taca-imigrante-de-futebol-de-base-movimenta-municipio\/","name":"3\u00aa Ta\u00e7a Imigrante de futebol de base movimenta munic\u00edpio - Folha Popular","isPartOf":{"@id":"https:\/\/folhapopular.info\/#website"},"primaryImageOfPage":{"@id":"https:\/\/folhapopular.info\/index.php\/2025\/06\/07\/3a-taca-imigrante-de-futebol-de-base-movimenta-municipio\/#primaryimage"},"image":{"@id":"https:\/\/folhapopular.info\/index.php\/2025\/06\/07\/3a-taca-imigrante-de-futebol-de-base-movimenta-municipio\/#primaryimage"},"thumbnailUrl":"https:\/\/folhapopular.info\/wp-content\/uploads\/2025\/06\/Partidas-comecaram-na-tarde-da-sexta-feira_Carla-Bekcmann_Divulgacao-scaled.jpg","datePublished":"2025-06-07T13:40:05+00:00","dateModified":"2025-06-07T13:40:16+00:00","author":{"@id":"https:\/\/folhapopular.info\/#\/schema\/person\/e852c327371714676d02e58cf917fd9f"},"breadcrumb":{"@id":"https:\/\/folhapopular.info\/index.php\/2025\/06\/07\/3a-taca-imigrante-de-futebol-de-base-movimenta-municipio\/#breadcrumb"},"inLanguage":"pt-BR","potentialAction":[{"@type":"ReadAction","target":["https:\/\/folhapopular.info\/index.php\/2025\/06\/07\/3a-taca-imigrante-de-futebol-de-base-movimenta-municipio\/"]}]},{"@type":"ImageObject","inLanguage":"pt-BR","@id":"https:\/\/folhapopular.info\/index.php\/2025\/06\/07\/3a-taca-imigrante-de-futebol-de-base-movimenta-municipio\/#primaryimage","url":"https:\/\/folhapopular.info\/wp-content\/uploads\/2025\/06\/Partidas-comecaram-na-tarde-da-sexta-feira_Carla-Bekcmann_Divulgacao-scaled.jpg","contentUrl":"https:\/\/folhapopular.info\/wp-content\/uploads\/2025\/06\/Partidas-comecaram-na-tarde-da-sexta-feira_Carla-Bekcmann_Divulgacao-scaled.jpg","width":2560,"height":1707,"caption":"Partidas come\u00e7aram na tarde da sexta-feira - Cr\u00e9dito: Carla Bekcmann \/ Divulga\u00e7\u00e3o"},{"@type":"BreadcrumbList","@id":"https:\/\/folhapopular.info\/index.php\/2025\/06\/07\/3a-taca-imigrante-de-futebol-de-base-movimenta-municipio\/#breadcrumb","itemListElement":[{"@type":"ListItem","position":1,"name":"In\u00edcio","item":"https:\/\/folhapopular.info\/"},{"@type":"ListItem","position":2,"name":"3\u00aa Ta\u00e7a Imigrante de futebol de base movimenta munic\u00edpio"}]},{"@type":"WebSite","@id":"https:\/\/folhapopular.info\/#website","url":"https:\/\/folhapopular.info\/","name":"Folha Popular","description":"Onde voc\u00ea tem vez e voz","potentialAction":[{"@type":"SearchAction","target":{"@type":"EntryPoint","urlTemplate":"https:\/\/folhapopular.info\/?s={search_term_string}"},"query-input":{"@type":"PropertyValueSpecification","valueRequired":true,"valueName":"search_term_string"}}],"inLanguage":"pt-BR"},{"@type":"Person","@id":"https:\/\/folhapopular.info\/#\/schema\/person\/e852c327371714676d02e58cf917fd9f","name":"Luis Augusto Huppes","image":{"@type":"ImageObject","inLanguage":"pt-BR","@id":"https:\/\/folhapopular.info\/wp-content\/uploads\/2026\/04\/Luis-Augusto-Huppes-1-1.webp","url":"https:\/\/folhapopular.info\/wp-content\/uploads\/2026\/04\/Luis-Augusto-Huppes-1-1.webp","contentUrl":"https:\/\/folhapopular.info\/wp-content\/uploads\/2026\/04\/Luis-Augusto-Huppes-1-1.webp","caption":"Luis Augusto Huppes"},"sameAs":["https:\/\/www.facebook.com\/luis.huppes\/","https:\/\/www.instagram.com\/luis.huppes\/","https:\/\/www.linkedin.com\/in\/luis-augusto-huppes-2554b52b7\/"],"url":"https:\/\/folhapopular.info\/index.php\/author\/luis-augusto-huppes\/"}]}},"jetpack_featured_media_url":"https:\/\/folhapopular.info\/wp-content\/uploads\/2025\/06\/Partidas-comecaram-na-tarde-da-sexta-feira_Carla-Bekcmann_Divulgacao-scaled.jpg","jetpack_sharing_enabled":true,"amp_enabled":true,"_links":{"self":[{"href":"https:\/\/folhapopular.info\/index.php\/wp-json\/wp\/v2\/posts\/187940","targetHints":{"allow":["GET"]}}],"collection":[{"href":"https:\/\/folhapopular.info\/index.php\/wp-json\/wp\/v2\/posts"}],"about":[{"href":"https:\/\/folhapopular.info\/index.php\/wp-json\/wp\/v2\/types\/post"}],"author":[{"embeddable":true,"href":"https:\/\/folhapopular.info\/index.php\/wp-json\/wp\/v2\/users\/732"}],"replies":[{"embeddable":true,"href":"https:\/\/folhapopular.info\/index.php\/wp-json\/wp\/v2\/comments?post=187940"}],"version-history":[{"count":0,"href":"https:\/\/folhapopular.info\/index.php\/wp-json\/wp\/v2\/posts\/187940\/revisions"}],"wp:featuredmedia":[{"embeddable":true,"href":"https:\/\/folhapopular.info\/index.php\/wp-json\/wp\/v2\/media\/187941"}],"wp:attachment":[{"href":"https:\/\/folhapopular.info\/index.php\/wp-json\/wp\/v2\/media?parent=187940"}],"wp:term":[{"taxonomy":"category","embeddable":true,"href":"https:\/\/folhapopular.info\/index.php\/wp-json\/wp\/v2\/categories?post=187940"},{"taxonomy":"post_tag","embeddable":true,"href":"https:\/\/folhapopular.info\/index.php\/wp-json\/wp\/v2\/tags?post=187940"}],"curies":[{"name":"wp","href":"https:\/\/api.w.org\/{rel}","templated":true}]}}