{"id":188056,"date":"2025-06-05T17:00:00","date_gmt":"2025-06-05T20:00:00","guid":{"rendered":"https:\/\/folhapopular.info\/?p=188056"},"modified":"2025-06-09T10:55:29","modified_gmt":"2025-06-09T13:55:29","slug":"cacis-avalia-como-positiva-a-experiencia-de-bloqueio-parcial-do-calcadao-aos-sabados","status":"publish","type":"post","link":"https:\/\/folhapopular.info\/index.php\/2025\/06\/05\/cacis-avalia-como-positiva-a-experiencia-de-bloqueio-parcial-do-calcadao-aos-sabados\/","title":{"rendered":"Cacis avalia como positiva a experi\u00eancia de bloqueio parcial do Cal\u00e7ad\u00e3o aos s\u00e1bados"},"content":{"rendered":"\n<p>A experi\u00eancia de bloqueio ao tr\u00e2nsito de ve\u00edculos em duas quadras do Cal\u00e7ad\u00e3o de Estrela aos s\u00e1bados, das 8h \u00e0s 17h, tem recebido retorno positivo por parte de comerciantes, consumidores e frequentadores da \u00e1rea central da cidade. A iniciativa faz parte dos testes do projeto de revitaliza\u00e7\u00e3o do centro, discutido em reuni\u00e3o entre o Poder Executivo, representantes da C\u00e2mara de Com\u00e9rcio, Ind\u00fastria, Servi\u00e7os e Agroneg\u00f3cio (Cacis) de Estrela, lojistas e demais setores interessados.<\/p>\n\n\n\n<p>Segundo relatos de lojistas \u00e0 diretoria da Cacis, a medida tem contribu\u00eddo para um aumento na circula\u00e7\u00e3o de pessoas e proporcionado um ambiente mais tranquilo e seguro para as compras. Tamb\u00e9m h\u00e1 retorno positivo de consumidores, que aprovam a transforma\u00e7\u00e3o tempor\u00e1ria do espa\u00e7o em uma \u00e1rea de conviv\u00eancia.<\/p>\n\n\n\n<p>Para Leandro Kremer, diretor de eventos da Cacis e lojista no Cal\u00e7ad\u00e3o, a experi\u00eancia vem sendo bem recebida. Ele destaca que a medida est\u00e1 sendo aplicada em um dia e hor\u00e1rio de menor fluxo de ve\u00edculos e em um trecho onde n\u00e3o h\u00e1 estacionamento, o que reduz os impactos negativos. \u201cO s\u00e1bado \u00e9 um dia com maior presen\u00e7a de fam\u00edlias e crian\u00e7as no centro. A aus\u00eancia de ve\u00edculos torna o ambiente mais seguro, acolhedor e prop\u00edcio para passeios e compras\u201d, afirma.<\/p>\n\n\n\n<p>Kremer tamb\u00e9m ressalta que a previsibilidade do fechamento facilita o planejamento de atividades no local. \u201cO Cal\u00e7ad\u00e3o j\u00e1 \u00e9 utilizado para feiras, apresenta\u00e7\u00f5es e a\u00e7\u00f5es sociais. A regularidade do bloqueio amplia as alternativas de lazer e incentiva o uso do centro pela comunidade, tornando o espa\u00e7o mais atrativo e din\u00e2mico\u201d, conclui.<\/p>\n","protected":false},"excerpt":{"rendered":"<p>A experi\u00eancia de bloqueio ao tr\u00e2nsito de ve\u00edculos em duas quadras do Cal\u00e7ad\u00e3o de Estrela aos s\u00e1bados, das 8h \u00e0s 17h, tem recebido retorno positivo por parte de comerciantes, consumidores e frequentadores da \u00e1rea central da cidade. A iniciativa faz parte dos testes do projeto de revitaliza\u00e7\u00e3o do centro, discutido em reuni\u00e3o entre o Poder [&hellip;]<\/p>\n","protected":false},"author":8,"featured_media":188057,"comment_status":"open","ping_status":"open","sticky":false,"template":"","format":"standard","meta":{"pmpro_default_level":"","_jetpack_memberships_contains_paid_content":false,"footnotes":""},"categories":[2,10991],"tags":[944,18765,108,8],"class_list":{"0":"post-188056","1":"post","2":"type-post","3":"status-publish","4":"format-standard","5":"has-post-thumbnail","7":"category-featured","8":"category-economia","9":"tag-cacis","10":"tag-calcadao","11":"tag-comercio","12":"tag-estrela","13":"pmpro-has-access"},"yoast_head":"<!-- This site is optimized with the Yoast SEO plugin v27.5 - https:\/\/yoast.com\/product\/yoast-seo-wordpress\/ -->\n<title>Cacis avalia como positiva a experi\u00eancia de bloqueio parcial do Cal\u00e7ad\u00e3o aos s\u00e1bados - Folha Popular<\/title>\n<meta name=\"robots\" content=\"index, follow, max-snippet:-1, max-image-preview:large, max-video-preview:-1\" \/>\n<link rel=\"canonical\" href=\"https:\/\/folhapopular.info\/index.php\/2025\/06\/05\/cacis-avalia-como-positiva-a-experiencia-de-bloqueio-parcial-do-calcadao-aos-sabados\/\" \/>\n<meta property=\"og:locale\" content=\"pt_BR\" \/>\n<meta property=\"og:type\" content=\"article\" \/>\n<meta property=\"og:title\" content=\"Cacis avalia como positiva a experi\u00eancia de bloqueio parcial do Cal\u00e7ad\u00e3o aos s\u00e1bados - Folha Popular\" \/>\n<meta property=\"og:description\" content=\"A experi\u00eancia de bloqueio ao tr\u00e2nsito de ve\u00edculos em duas quadras do Cal\u00e7ad\u00e3o de Estrela aos s\u00e1bados, das 8h \u00e0s 17h, tem recebido retorno positivo por parte de comerciantes, consumidores e frequentadores da \u00e1rea central da cidade. A iniciativa faz parte dos testes do projeto de revitaliza\u00e7\u00e3o do centro, discutido em reuni\u00e3o entre o Poder [&hellip;]\" \/>\n<meta property=\"og:url\" content=\"https:\/\/folhapopular.info\/index.php\/2025\/06\/05\/cacis-avalia-como-positiva-a-experiencia-de-bloqueio-parcial-do-calcadao-aos-sabados\/\" \/>\n<meta property=\"og:site_name\" content=\"Folha Popular\" \/>\n<meta property=\"article:published_time\" content=\"2025-06-05T20:00:00+00:00\" \/>\n<meta property=\"article:modified_time\" content=\"2025-06-09T13:55:29+00:00\" \/>\n<meta property=\"og:image\" content=\"http:\/\/folhapopular.info\/wp-content\/uploads\/2025\/06\/Calcadao-de-Estrela-2025-14-scaled.jpg\" \/>\n\t<meta property=\"og:image:width\" content=\"2560\" \/>\n\t<meta property=\"og:image:height\" content=\"1152\" \/>\n\t<meta property=\"og:image:type\" content=\"image\/jpeg\" \/>\n<meta name=\"author\" content=\"Reda\u00e7\u00e3o Folha Popular\" \/>\n<meta name=\"twitter:card\" content=\"summary_large_image\" \/>\n<meta name=\"twitter:label1\" content=\"Escrito por\" \/>\n\t<meta name=\"twitter:data1\" content=\"Reda\u00e7\u00e3o Folha Popular\" \/>\n\t<meta name=\"twitter:label2\" content=\"Est. tempo de leitura\" \/>\n\t<meta name=\"twitter:data2\" content=\"2 minutos\" \/>\n<script type=\"application\/ld+json\" class=\"yoast-schema-graph\">{\"@context\":\"https:\\\/\\\/schema.org\",\"@graph\":[{\"@type\":\"Article\",\"@id\":\"https:\\\/\\\/folhapopular.info\\\/index.php\\\/2025\\\/06\\\/05\\\/cacis-avalia-como-positiva-a-experiencia-de-bloqueio-parcial-do-calcadao-aos-sabados\\\/#article\",\"isPartOf\":{\"@id\":\"https:\\\/\\\/folhapopular.info\\\/index.php\\\/2025\\\/06\\\/05\\\/cacis-avalia-como-positiva-a-experiencia-de-bloqueio-parcial-do-calcadao-aos-sabados\\\/\"},\"author\":{\"name\":\"Reda\u00e7\u00e3o Folha Popular\",\"@id\":\"https:\\\/\\\/folhapopular.info\\\/#\\\/schema\\\/person\\\/2814e8a0df7643585a9ca38bc6eb9d4b\"},\"headline\":\"Cacis avalia como positiva a experi\u00eancia de bloqueio parcial do Cal\u00e7ad\u00e3o aos s\u00e1bados\",\"datePublished\":\"2025-06-05T20:00:00+00:00\",\"dateModified\":\"2025-06-09T13:55:29+00:00\",\"mainEntityOfPage\":{\"@id\":\"https:\\\/\\\/folhapopular.info\\\/index.php\\\/2025\\\/06\\\/05\\\/cacis-avalia-como-positiva-a-experiencia-de-bloqueio-parcial-do-calcadao-aos-sabados\\\/\"},\"wordCount\":307,\"commentCount\":0,\"image\":{\"@id\":\"https:\\\/\\\/folhapopular.info\\\/index.php\\\/2025\\\/06\\\/05\\\/cacis-avalia-como-positiva-a-experiencia-de-bloqueio-parcial-do-calcadao-aos-sabados\\\/#primaryimage\"},\"thumbnailUrl\":\"https:\\\/\\\/folhapopular.info\\\/wp-content\\\/uploads\\\/2025\\\/06\\\/Calcadao-de-Estrela-2025-14-scaled.jpg\",\"keywords\":[\"CACIS\",\"Cal\u00e7ad\u00e3o\",\"Com\u00e9rcio\",\"Estrela\"],\"articleSection\":[\"Destaques\",\"Economia\"],\"inLanguage\":\"pt-BR\",\"potentialAction\":[{\"@type\":\"CommentAction\",\"name\":\"Comment\",\"target\":[\"https:\\\/\\\/folhapopular.info\\\/index.php\\\/2025\\\/06\\\/05\\\/cacis-avalia-como-positiva-a-experiencia-de-bloqueio-parcial-do-calcadao-aos-sabados\\\/#respond\"]}]},{\"@type\":\"WebPage\",\"@id\":\"https:\\\/\\\/folhapopular.info\\\/index.php\\\/2025\\\/06\\\/05\\\/cacis-avalia-como-positiva-a-experiencia-de-bloqueio-parcial-do-calcadao-aos-sabados\\\/\",\"url\":\"https:\\\/\\\/folhapopular.info\\\/index.php\\\/2025\\\/06\\\/05\\\/cacis-avalia-como-positiva-a-experiencia-de-bloqueio-parcial-do-calcadao-aos-sabados\\\/\",\"name\":\"Cacis avalia como positiva a experi\u00eancia de bloqueio parcial do Cal\u00e7ad\u00e3o aos s\u00e1bados - Folha Popular\",\"isPartOf\":{\"@id\":\"https:\\\/\\\/folhapopular.info\\\/#website\"},\"primaryImageOfPage\":{\"@id\":\"https:\\\/\\\/folhapopular.info\\\/index.php\\\/2025\\\/06\\\/05\\\/cacis-avalia-como-positiva-a-experiencia-de-bloqueio-parcial-do-calcadao-aos-sabados\\\/#primaryimage\"},\"image\":{\"@id\":\"https:\\\/\\\/folhapopular.info\\\/index.php\\\/2025\\\/06\\\/05\\\/cacis-avalia-como-positiva-a-experiencia-de-bloqueio-parcial-do-calcadao-aos-sabados\\\/#primaryimage\"},\"thumbnailUrl\":\"https:\\\/\\\/folhapopular.info\\\/wp-content\\\/uploads\\\/2025\\\/06\\\/Calcadao-de-Estrela-2025-14-scaled.jpg\",\"datePublished\":\"2025-06-05T20:00:00+00:00\",\"dateModified\":\"2025-06-09T13:55:29+00:00\",\"author\":{\"@id\":\"https:\\\/\\\/folhapopular.info\\\/#\\\/schema\\\/person\\\/2814e8a0df7643585a9ca38bc6eb9d4b\"},\"breadcrumb\":{\"@id\":\"https:\\\/\\\/folhapopular.info\\\/index.php\\\/2025\\\/06\\\/05\\\/cacis-avalia-como-positiva-a-experiencia-de-bloqueio-parcial-do-calcadao-aos-sabados\\\/#breadcrumb\"},\"inLanguage\":\"pt-BR\",\"potentialAction\":[{\"@type\":\"ReadAction\",\"target\":[\"https:\\\/\\\/folhapopular.info\\\/index.php\\\/2025\\\/06\\\/05\\\/cacis-avalia-como-positiva-a-experiencia-de-bloqueio-parcial-do-calcadao-aos-sabados\\\/\"]}]},{\"@type\":\"ImageObject\",\"inLanguage\":\"pt-BR\",\"@id\":\"https:\\\/\\\/folhapopular.info\\\/index.php\\\/2025\\\/06\\\/05\\\/cacis-avalia-como-positiva-a-experiencia-de-bloqueio-parcial-do-calcadao-aos-sabados\\\/#primaryimage\",\"url\":\"https:\\\/\\\/folhapopular.info\\\/wp-content\\\/uploads\\\/2025\\\/06\\\/Calcadao-de-Estrela-2025-14-scaled.jpg\",\"contentUrl\":\"https:\\\/\\\/folhapopular.info\\\/wp-content\\\/uploads\\\/2025\\\/06\\\/Calcadao-de-Estrela-2025-14-scaled.jpg\",\"width\":2560,\"height\":1152,\"caption\":\"Cr\u00e9dito: Rodrigo Angeli \\\/ AI Cacis\"},{\"@type\":\"BreadcrumbList\",\"@id\":\"https:\\\/\\\/folhapopular.info\\\/index.php\\\/2025\\\/06\\\/05\\\/cacis-avalia-como-positiva-a-experiencia-de-bloqueio-parcial-do-calcadao-aos-sabados\\\/#breadcrumb\",\"itemListElement\":[{\"@type\":\"ListItem\",\"position\":1,\"name\":\"In\u00edcio\",\"item\":\"https:\\\/\\\/folhapopular.info\\\/\"},{\"@type\":\"ListItem\",\"position\":2,\"name\":\"Cacis avalia como positiva a experi\u00eancia de bloqueio parcial do Cal\u00e7ad\u00e3o aos s\u00e1bados\"}]},{\"@type\":\"WebSite\",\"@id\":\"https:\\\/\\\/folhapopular.info\\\/#website\",\"url\":\"https:\\\/\\\/folhapopular.info\\\/\",\"name\":\"Folha Popular\",\"description\":\"Onde voc\u00ea tem vez e voz\",\"potentialAction\":[{\"@type\":\"SearchAction\",\"target\":{\"@type\":\"EntryPoint\",\"urlTemplate\":\"https:\\\/\\\/folhapopular.info\\\/?s={search_term_string}\"},\"query-input\":{\"@type\":\"PropertyValueSpecification\",\"valueRequired\":true,\"valueName\":\"search_term_string\"}}],\"inLanguage\":\"pt-BR\"},{\"@type\":\"Person\",\"@id\":\"https:\\\/\\\/folhapopular.info\\\/#\\\/schema\\\/person\\\/2814e8a0df7643585a9ca38bc6eb9d4b\",\"name\":\"Reda\u00e7\u00e3o Folha Popular\",\"image\":{\"@type\":\"ImageObject\",\"inLanguage\":\"pt-BR\",\"@id\":\"https:\\\/\\\/folhapopular.info\\\/wp-content\\\/uploads\\\/2026\\\/04\\\/Folha-1.webp\",\"url\":\"https:\\\/\\\/folhapopular.info\\\/wp-content\\\/uploads\\\/2026\\\/04\\\/Folha-1.webp\",\"contentUrl\":\"https:\\\/\\\/folhapopular.info\\\/wp-content\\\/uploads\\\/2026\\\/04\\\/Folha-1.webp\",\"caption\":\"Reda\u00e7\u00e3o Folha Popular\"},\"url\":\"https:\\\/\\\/folhapopular.info\\\/index.php\\\/author\\\/redacao\\\/\"}]}<\/script>\n<!-- \/ Yoast SEO plugin. -->","yoast_head_json":{"title":"Cacis avalia como positiva a experi\u00eancia de bloqueio parcial do Cal\u00e7ad\u00e3o aos s\u00e1bados - Folha Popular","robots":{"index":"index","follow":"follow","max-snippet":"max-snippet:-1","max-image-preview":"max-image-preview:large","max-video-preview":"max-video-preview:-1"},"canonical":"https:\/\/folhapopular.info\/index.php\/2025\/06\/05\/cacis-avalia-como-positiva-a-experiencia-de-bloqueio-parcial-do-calcadao-aos-sabados\/","og_locale":"pt_BR","og_type":"article","og_title":"Cacis avalia como positiva a experi\u00eancia de bloqueio parcial do Cal\u00e7ad\u00e3o aos s\u00e1bados - Folha Popular","og_description":"A experi\u00eancia de bloqueio ao tr\u00e2nsito de ve\u00edculos em duas quadras do Cal\u00e7ad\u00e3o de Estrela aos s\u00e1bados, das 8h \u00e0s 17h, tem recebido retorno positivo por parte de comerciantes, consumidores e frequentadores da \u00e1rea central da cidade. A iniciativa faz parte dos testes do projeto de revitaliza\u00e7\u00e3o do centro, discutido em reuni\u00e3o entre o Poder [&hellip;]","og_url":"https:\/\/folhapopular.info\/index.php\/2025\/06\/05\/cacis-avalia-como-positiva-a-experiencia-de-bloqueio-parcial-do-calcadao-aos-sabados\/","og_site_name":"Folha Popular","article_published_time":"2025-06-05T20:00:00+00:00","article_modified_time":"2025-06-09T13:55:29+00:00","og_image":[{"width":2560,"height":1152,"url":"http:\/\/folhapopular.info\/wp-content\/uploads\/2025\/06\/Calcadao-de-Estrela-2025-14-scaled.jpg","type":"image\/jpeg"}],"author":"Reda\u00e7\u00e3o Folha Popular","twitter_card":"summary_large_image","twitter_misc":{"Escrito por":"Reda\u00e7\u00e3o Folha Popular","Est. tempo de leitura":"2 minutos"},"schema":{"@context":"https:\/\/schema.org","@graph":[{"@type":"Article","@id":"https:\/\/folhapopular.info\/index.php\/2025\/06\/05\/cacis-avalia-como-positiva-a-experiencia-de-bloqueio-parcial-do-calcadao-aos-sabados\/#article","isPartOf":{"@id":"https:\/\/folhapopular.info\/index.php\/2025\/06\/05\/cacis-avalia-como-positiva-a-experiencia-de-bloqueio-parcial-do-calcadao-aos-sabados\/"},"author":{"name":"Reda\u00e7\u00e3o Folha Popular","@id":"https:\/\/folhapopular.info\/#\/schema\/person\/2814e8a0df7643585a9ca38bc6eb9d4b"},"headline":"Cacis avalia como positiva a experi\u00eancia de bloqueio parcial do Cal\u00e7ad\u00e3o aos s\u00e1bados","datePublished":"2025-06-05T20:00:00+00:00","dateModified":"2025-06-09T13:55:29+00:00","mainEntityOfPage":{"@id":"https:\/\/folhapopular.info\/index.php\/2025\/06\/05\/cacis-avalia-como-positiva-a-experiencia-de-bloqueio-parcial-do-calcadao-aos-sabados\/"},"wordCount":307,"commentCount":0,"image":{"@id":"https:\/\/folhapopular.info\/index.php\/2025\/06\/05\/cacis-avalia-como-positiva-a-experiencia-de-bloqueio-parcial-do-calcadao-aos-sabados\/#primaryimage"},"thumbnailUrl":"https:\/\/folhapopular.info\/wp-content\/uploads\/2025\/06\/Calcadao-de-Estrela-2025-14-scaled.jpg","keywords":["CACIS","Cal\u00e7ad\u00e3o","Com\u00e9rcio","Estrela"],"articleSection":["Destaques","Economia"],"inLanguage":"pt-BR","potentialAction":[{"@type":"CommentAction","name":"Comment","target":["https:\/\/folhapopular.info\/index.php\/2025\/06\/05\/cacis-avalia-como-positiva-a-experiencia-de-bloqueio-parcial-do-calcadao-aos-sabados\/#respond"]}]},{"@type":"WebPage","@id":"https:\/\/folhapopular.info\/index.php\/2025\/06\/05\/cacis-avalia-como-positiva-a-experiencia-de-bloqueio-parcial-do-calcadao-aos-sabados\/","url":"https:\/\/folhapopular.info\/index.php\/2025\/06\/05\/cacis-avalia-como-positiva-a-experiencia-de-bloqueio-parcial-do-calcadao-aos-sabados\/","name":"Cacis avalia como positiva a experi\u00eancia de bloqueio parcial do Cal\u00e7ad\u00e3o aos s\u00e1bados - Folha Popular","isPartOf":{"@id":"https:\/\/folhapopular.info\/#website"},"primaryImageOfPage":{"@id":"https:\/\/folhapopular.info\/index.php\/2025\/06\/05\/cacis-avalia-como-positiva-a-experiencia-de-bloqueio-parcial-do-calcadao-aos-sabados\/#primaryimage"},"image":{"@id":"https:\/\/folhapopular.info\/index.php\/2025\/06\/05\/cacis-avalia-como-positiva-a-experiencia-de-bloqueio-parcial-do-calcadao-aos-sabados\/#primaryimage"},"thumbnailUrl":"https:\/\/folhapopular.info\/wp-content\/uploads\/2025\/06\/Calcadao-de-Estrela-2025-14-scaled.jpg","datePublished":"2025-06-05T20:00:00+00:00","dateModified":"2025-06-09T13:55:29+00:00","author":{"@id":"https:\/\/folhapopular.info\/#\/schema\/person\/2814e8a0df7643585a9ca38bc6eb9d4b"},"breadcrumb":{"@id":"https:\/\/folhapopular.info\/index.php\/2025\/06\/05\/cacis-avalia-como-positiva-a-experiencia-de-bloqueio-parcial-do-calcadao-aos-sabados\/#breadcrumb"},"inLanguage":"pt-BR","potentialAction":[{"@type":"ReadAction","target":["https:\/\/folhapopular.info\/index.php\/2025\/06\/05\/cacis-avalia-como-positiva-a-experiencia-de-bloqueio-parcial-do-calcadao-aos-sabados\/"]}]},{"@type":"ImageObject","inLanguage":"pt-BR","@id":"https:\/\/folhapopular.info\/index.php\/2025\/06\/05\/cacis-avalia-como-positiva-a-experiencia-de-bloqueio-parcial-do-calcadao-aos-sabados\/#primaryimage","url":"https:\/\/folhapopular.info\/wp-content\/uploads\/2025\/06\/Calcadao-de-Estrela-2025-14-scaled.jpg","contentUrl":"https:\/\/folhapopular.info\/wp-content\/uploads\/2025\/06\/Calcadao-de-Estrela-2025-14-scaled.jpg","width":2560,"height":1152,"caption":"Cr\u00e9dito: Rodrigo Angeli \/ AI Cacis"},{"@type":"BreadcrumbList","@id":"https:\/\/folhapopular.info\/index.php\/2025\/06\/05\/cacis-avalia-como-positiva-a-experiencia-de-bloqueio-parcial-do-calcadao-aos-sabados\/#breadcrumb","itemListElement":[{"@type":"ListItem","position":1,"name":"In\u00edcio","item":"https:\/\/folhapopular.info\/"},{"@type":"ListItem","position":2,"name":"Cacis avalia como positiva a experi\u00eancia de bloqueio parcial do Cal\u00e7ad\u00e3o aos s\u00e1bados"}]},{"@type":"WebSite","@id":"https:\/\/folhapopular.info\/#website","url":"https:\/\/folhapopular.info\/","name":"Folha Popular","description":"Onde voc\u00ea tem vez e voz","potentialAction":[{"@type":"SearchAction","target":{"@type":"EntryPoint","urlTemplate":"https:\/\/folhapopular.info\/?s={search_term_string}"},"query-input":{"@type":"PropertyValueSpecification","valueRequired":true,"valueName":"search_term_string"}}],"inLanguage":"pt-BR"},{"@type":"Person","@id":"https:\/\/folhapopular.info\/#\/schema\/person\/2814e8a0df7643585a9ca38bc6eb9d4b","name":"Reda\u00e7\u00e3o Folha Popular","image":{"@type":"ImageObject","inLanguage":"pt-BR","@id":"https:\/\/folhapopular.info\/wp-content\/uploads\/2026\/04\/Folha-1.webp","url":"https:\/\/folhapopular.info\/wp-content\/uploads\/2026\/04\/Folha-1.webp","contentUrl":"https:\/\/folhapopular.info\/wp-content\/uploads\/2026\/04\/Folha-1.webp","caption":"Reda\u00e7\u00e3o Folha Popular"},"url":"https:\/\/folhapopular.info\/index.php\/author\/redacao\/"}]}},"jetpack_featured_media_url":"https:\/\/folhapopular.info\/wp-content\/uploads\/2025\/06\/Calcadao-de-Estrela-2025-14-scaled.jpg","jetpack_sharing_enabled":true,"amp_enabled":true,"_links":{"self":[{"href":"https:\/\/folhapopular.info\/index.php\/wp-json\/wp\/v2\/posts\/188056","targetHints":{"allow":["GET"]}}],"collection":[{"href":"https:\/\/folhapopular.info\/index.php\/wp-json\/wp\/v2\/posts"}],"about":[{"href":"https:\/\/folhapopular.info\/index.php\/wp-json\/wp\/v2\/types\/post"}],"author":[{"embeddable":true,"href":"https:\/\/folhapopular.info\/index.php\/wp-json\/wp\/v2\/users\/8"}],"replies":[{"embeddable":true,"href":"https:\/\/folhapopular.info\/index.php\/wp-json\/wp\/v2\/comments?post=188056"}],"version-history":[{"count":0,"href":"https:\/\/folhapopular.info\/index.php\/wp-json\/wp\/v2\/posts\/188056\/revisions"}],"wp:featuredmedia":[{"embeddable":true,"href":"https:\/\/folhapopular.info\/index.php\/wp-json\/wp\/v2\/media\/188057"}],"wp:attachment":[{"href":"https:\/\/folhapopular.info\/index.php\/wp-json\/wp\/v2\/media?parent=188056"}],"wp:term":[{"taxonomy":"category","embeddable":true,"href":"https:\/\/folhapopular.info\/index.php\/wp-json\/wp\/v2\/categories?post=188056"},{"taxonomy":"post_tag","embeddable":true,"href":"https:\/\/folhapopular.info\/index.php\/wp-json\/wp\/v2\/tags?post=188056"}],"curies":[{"name":"wp","href":"https:\/\/api.w.org\/{rel}","templated":true}]}}