{"id":188177,"date":"2025-06-10T17:49:59","date_gmt":"2025-06-10T20:49:59","guid":{"rendered":"https:\/\/folhapopular.info\/?p=188177"},"modified":"2025-06-10T17:50:05","modified_gmt":"2025-06-10T20:50:05","slug":"especialista-nacional-em-sst-alerta-para-riscos-do-esocial-em-ra-da-cacis","status":"publish","type":"post","link":"https:\/\/folhapopular.info\/index.php\/2025\/06\/10\/especialista-nacional-em-sst-alerta-para-riscos-do-esocial-em-ra-da-cacis\/","title":{"rendered":"Especialista nacional em SST alerta para riscos do eSocial em RA da Cacis"},"content":{"rendered":"\n<p>A C\u00e2mara de Com\u00e9rcio, Ind\u00fastria, Servi\u00e7os e Agroneg\u00f3cio de Estrela (Cacis) realiza, na pr\u00f3xima sexta-feira (13\/6), sua terceira edi\u00e7\u00e3o anual da tradicional Reuni\u00e3o-Almo\u00e7o da entidade. O encontro contar\u00e1 com a participa\u00e7\u00e3o do engenheiro de seguran\u00e7a do trabalho Rog\u00e9rio Luiz Balbinot, Diretor da RSData e da Consetra e refer\u00eancia nacional em \u201cSa\u00fade e Seguran\u00e7a do Trabalho (SST)\u201d e nos desdobramentos do \u201ceSocial\u201d. Inscri\u00e7\u00f5es seguem abertas para o evento agendado para ocorrer a partir 11h30min, na Societ\u00e0 Italiana Fiori Dei Piani.<\/p>\n\n\n\n<p>&nbsp;Com mais de 20 anos de atua\u00e7\u00e3o na \u00e1rea, membro ativo dos Grupos de Trabalho do eSocial (GT-Confederativo e GT-Fenacon) e coordenador nacional do grupo das empresas piloto, sua palestra trar\u00e1 uma abordagem pr\u00e1tica e atualizada sobre as obriga\u00e7\u00f5es das empresas com o eSocial, os impactos da m\u00e1 gest\u00e3o de dados e os riscos de penaliza\u00e7\u00f5es tribut\u00e1rias, previdenci\u00e1rias, civis e trabalhistas.<\/p>\n\n\n\n<p>Com base em sua experi\u00eancia t\u00e9cnica e participa\u00e7\u00e3o ativa na constru\u00e7\u00e3o das diretrizes nacionais, Balbinot trar\u00e1 um panorama direto sobre os impactos da SST no eSocial, destacando as responsabilidades das empresas, os riscos legais envolvidos e os caminhos para evitar multas e penalidades trabalhistas, previdenci\u00e1rias e civis. \u201cO objetivo \u00e9 responder \u00e0s d\u00favidas mais urgentes dos empres\u00e1rios e mostrar como uma gest\u00e3o em conformidade pode evitar preju\u00edzos e proteger os neg\u00f3cios\u201d, antecipa. \u201cAinda existem muitas lacunas na forma como os dados s\u00e3o inseridos, e isso pode comprometer seriamente a sustentabilidade de tudo\u201d, pontua o especialista.<\/p>\n\n\n\n<p><strong>Inscri\u00e7\u00f5es<\/strong><\/p>\n\n\n\n<p>Agendada para o pr\u00f3ximo dia 13 de junho na Societ\u00e0 Italiana Fiori Dei Piani, com recep\u00e7\u00e3o a partir das 11h30min, a Reuni\u00e3o-Almo\u00e7o seguem com as inscri\u00e7\u00f5es abertas e as mesmas podem ser confirmadas at\u00e9 o dia 12. Os valores seguem os mesmos do ano passado: R$ 80 para s\u00f3cios Cacis; e R$ 100 para n\u00e3o-s\u00f3cios. Vagas podem ser reservadas pelo telefone (51) 3712-1900 e pelo WhatsApp 986330-0021, ou ainda pelo e-mail&nbsp;<em><a href=\"mailto:cacisestrela@cacisestrela.com.br\" target=\"_blank\" rel=\"noreferrer noopener\">cacisestrela@cacisestrela.com.br<\/a><\/em>&nbsp;Para mais detalhes sobre os benef\u00edcios de ser s\u00f3cio, chamar pelos mesmos contatos.<\/p>\n\n\n\n<p><strong>Apoio<\/strong><\/p>\n\n\n\n<p>S\u00e3o patrocinadores fixos das RAs em 2025 os s\u00f3cios Cacis: Altari; Brasilata; BRDE (Banco regional de Desenvolvimento Extremo Sul); Casa Americana Estrela-Lajeado; CDL Porto Alegre; Corretores Franqueados da Prudential do Brasil (Daniel Aires e Rodrigo Bandeira); Dinna; Eidt Empreendimentos Imobili\u00e1rios; Gardel Im\u00f3veis; Grupo A Hora; Grupo Medical San; Launer Qu\u00edmica; Nexsul Conectividade; Falara \u2013 Gest\u00e3o de Marcas; RSData software de sst; Sicredi;&nbsp; Tecnosom \u2013 produ\u00e7\u00f5es e eventos; Unimed vales do Taquari e Rio Pardo. Os mesmos entram como parceiros em outras iniciativas da entidade, entre as quais o \u201cCapacita Cacis\u201d e os \u201cCaf\u00e9s Empresariais\u201d.&nbsp;&nbsp;&nbsp;<\/p>\n","protected":false},"excerpt":{"rendered":"<p>A C\u00e2mara de Com\u00e9rcio, Ind\u00fastria, Servi\u00e7os e Agroneg\u00f3cio de Estrela (Cacis) realiza, na pr\u00f3xima sexta-feira (13\/6), sua terceira edi\u00e7\u00e3o anual da tradicional Reuni\u00e3o-Almo\u00e7o da entidade. O encontro contar\u00e1 com a participa\u00e7\u00e3o do engenheiro de seguran\u00e7a do trabalho Rog\u00e9rio Luiz Balbinot, Diretor da RSData e da Consetra e refer\u00eancia nacional em \u201cSa\u00fade e Seguran\u00e7a do Trabalho [&hellip;]<\/p>\n","protected":false},"author":8,"featured_media":188178,"comment_status":"open","ping_status":"open","sticky":false,"template":"","format":"standard","meta":{"pmpro_default_level":"","_jetpack_memberships_contains_paid_content":false,"footnotes":""},"categories":[2,10991,12473],"tags":[],"class_list":{"0":"post-188177","1":"post","2":"type-post","3":"status-publish","4":"format-standard","5":"has-post-thumbnail","7":"category-featured","8":"category-economia","9":"category-negocios","10":"pmpro-has-access"},"yoast_head":"<!-- This site is optimized with the Yoast SEO plugin v27.5 - https:\/\/yoast.com\/product\/yoast-seo-wordpress\/ -->\n<title>Especialista nacional em SST alerta para riscos do eSocial em RA da Cacis - Folha Popular<\/title>\n<meta name=\"robots\" content=\"index, follow, max-snippet:-1, max-image-preview:large, max-video-preview:-1\" \/>\n<link rel=\"canonical\" href=\"https:\/\/folhapopular.info\/index.php\/2025\/06\/10\/especialista-nacional-em-sst-alerta-para-riscos-do-esocial-em-ra-da-cacis\/\" \/>\n<meta property=\"og:locale\" content=\"pt_BR\" \/>\n<meta property=\"og:type\" content=\"article\" \/>\n<meta property=\"og:title\" content=\"Especialista nacional em SST alerta para riscos do eSocial em RA da Cacis - Folha Popular\" \/>\n<meta property=\"og:description\" content=\"A C\u00e2mara de Com\u00e9rcio, Ind\u00fastria, Servi\u00e7os e Agroneg\u00f3cio de Estrela (Cacis) realiza, na pr\u00f3xima sexta-feira (13\/6), sua terceira edi\u00e7\u00e3o anual da tradicional Reuni\u00e3o-Almo\u00e7o da entidade. O encontro contar\u00e1 com a participa\u00e7\u00e3o do engenheiro de seguran\u00e7a do trabalho Rog\u00e9rio Luiz Balbinot, Diretor da RSData e da Consetra e refer\u00eancia nacional em \u201cSa\u00fade e Seguran\u00e7a do Trabalho [&hellip;]\" \/>\n<meta property=\"og:url\" content=\"https:\/\/folhapopular.info\/index.php\/2025\/06\/10\/especialista-nacional-em-sst-alerta-para-riscos-do-esocial-em-ra-da-cacis\/\" \/>\n<meta property=\"og:site_name\" content=\"Folha Popular\" \/>\n<meta property=\"article:published_time\" content=\"2025-06-10T20:49:59+00:00\" \/>\n<meta property=\"article:modified_time\" content=\"2025-06-10T20:50:05+00:00\" \/>\n<meta property=\"og:image\" content=\"http:\/\/folhapopular.info\/wp-content\/uploads\/2025\/06\/Rogerio-Luiz-Balbinot.jpeg\" \/>\n\t<meta property=\"og:image:width\" content=\"1280\" \/>\n\t<meta property=\"og:image:height\" content=\"1280\" \/>\n\t<meta property=\"og:image:type\" content=\"image\/jpeg\" \/>\n<meta name=\"author\" content=\"Reda\u00e7\u00e3o Folha Popular\" \/>\n<meta name=\"twitter:card\" content=\"summary_large_image\" \/>\n<meta name=\"twitter:label1\" content=\"Escrito por\" \/>\n\t<meta name=\"twitter:data1\" content=\"Reda\u00e7\u00e3o Folha Popular\" \/>\n\t<meta name=\"twitter:label2\" content=\"Est. tempo de leitura\" \/>\n\t<meta name=\"twitter:data2\" content=\"3 minutos\" \/>\n<script type=\"application\/ld+json\" class=\"yoast-schema-graph\">{\"@context\":\"https:\\\/\\\/schema.org\",\"@graph\":[{\"@type\":\"Article\",\"@id\":\"https:\\\/\\\/folhapopular.info\\\/index.php\\\/2025\\\/06\\\/10\\\/especialista-nacional-em-sst-alerta-para-riscos-do-esocial-em-ra-da-cacis\\\/#article\",\"isPartOf\":{\"@id\":\"https:\\\/\\\/folhapopular.info\\\/index.php\\\/2025\\\/06\\\/10\\\/especialista-nacional-em-sst-alerta-para-riscos-do-esocial-em-ra-da-cacis\\\/\"},\"author\":{\"name\":\"Reda\u00e7\u00e3o Folha Popular\",\"@id\":\"https:\\\/\\\/folhapopular.info\\\/#\\\/schema\\\/person\\\/2814e8a0df7643585a9ca38bc6eb9d4b\"},\"headline\":\"Especialista nacional em SST alerta para riscos do eSocial em RA da Cacis\",\"datePublished\":\"2025-06-10T20:49:59+00:00\",\"dateModified\":\"2025-06-10T20:50:05+00:00\",\"mainEntityOfPage\":{\"@id\":\"https:\\\/\\\/folhapopular.info\\\/index.php\\\/2025\\\/06\\\/10\\\/especialista-nacional-em-sst-alerta-para-riscos-do-esocial-em-ra-da-cacis\\\/\"},\"wordCount\":483,\"commentCount\":0,\"image\":{\"@id\":\"https:\\\/\\\/folhapopular.info\\\/index.php\\\/2025\\\/06\\\/10\\\/especialista-nacional-em-sst-alerta-para-riscos-do-esocial-em-ra-da-cacis\\\/#primaryimage\"},\"thumbnailUrl\":\"https:\\\/\\\/folhapopular.info\\\/wp-content\\\/uploads\\\/2025\\\/06\\\/Rogerio-Luiz-Balbinot.jpeg\",\"articleSection\":[\"Destaques\",\"Economia\",\"Neg\u00f3cios\"],\"inLanguage\":\"pt-BR\",\"potentialAction\":[{\"@type\":\"CommentAction\",\"name\":\"Comment\",\"target\":[\"https:\\\/\\\/folhapopular.info\\\/index.php\\\/2025\\\/06\\\/10\\\/especialista-nacional-em-sst-alerta-para-riscos-do-esocial-em-ra-da-cacis\\\/#respond\"]}]},{\"@type\":\"WebPage\",\"@id\":\"https:\\\/\\\/folhapopular.info\\\/index.php\\\/2025\\\/06\\\/10\\\/especialista-nacional-em-sst-alerta-para-riscos-do-esocial-em-ra-da-cacis\\\/\",\"url\":\"https:\\\/\\\/folhapopular.info\\\/index.php\\\/2025\\\/06\\\/10\\\/especialista-nacional-em-sst-alerta-para-riscos-do-esocial-em-ra-da-cacis\\\/\",\"name\":\"Especialista nacional em SST alerta para riscos do eSocial em RA da Cacis - Folha Popular\",\"isPartOf\":{\"@id\":\"https:\\\/\\\/folhapopular.info\\\/#website\"},\"primaryImageOfPage\":{\"@id\":\"https:\\\/\\\/folhapopular.info\\\/index.php\\\/2025\\\/06\\\/10\\\/especialista-nacional-em-sst-alerta-para-riscos-do-esocial-em-ra-da-cacis\\\/#primaryimage\"},\"image\":{\"@id\":\"https:\\\/\\\/folhapopular.info\\\/index.php\\\/2025\\\/06\\\/10\\\/especialista-nacional-em-sst-alerta-para-riscos-do-esocial-em-ra-da-cacis\\\/#primaryimage\"},\"thumbnailUrl\":\"https:\\\/\\\/folhapopular.info\\\/wp-content\\\/uploads\\\/2025\\\/06\\\/Rogerio-Luiz-Balbinot.jpeg\",\"datePublished\":\"2025-06-10T20:49:59+00:00\",\"dateModified\":\"2025-06-10T20:50:05+00:00\",\"author\":{\"@id\":\"https:\\\/\\\/folhapopular.info\\\/#\\\/schema\\\/person\\\/2814e8a0df7643585a9ca38bc6eb9d4b\"},\"breadcrumb\":{\"@id\":\"https:\\\/\\\/folhapopular.info\\\/index.php\\\/2025\\\/06\\\/10\\\/especialista-nacional-em-sst-alerta-para-riscos-do-esocial-em-ra-da-cacis\\\/#breadcrumb\"},\"inLanguage\":\"pt-BR\",\"potentialAction\":[{\"@type\":\"ReadAction\",\"target\":[\"https:\\\/\\\/folhapopular.info\\\/index.php\\\/2025\\\/06\\\/10\\\/especialista-nacional-em-sst-alerta-para-riscos-do-esocial-em-ra-da-cacis\\\/\"]}]},{\"@type\":\"ImageObject\",\"inLanguage\":\"pt-BR\",\"@id\":\"https:\\\/\\\/folhapopular.info\\\/index.php\\\/2025\\\/06\\\/10\\\/especialista-nacional-em-sst-alerta-para-riscos-do-esocial-em-ra-da-cacis\\\/#primaryimage\",\"url\":\"https:\\\/\\\/folhapopular.info\\\/wp-content\\\/uploads\\\/2025\\\/06\\\/Rogerio-Luiz-Balbinot.jpeg\",\"contentUrl\":\"https:\\\/\\\/folhapopular.info\\\/wp-content\\\/uploads\\\/2025\\\/06\\\/Rogerio-Luiz-Balbinot.jpeg\",\"width\":1280,\"height\":1280},{\"@type\":\"BreadcrumbList\",\"@id\":\"https:\\\/\\\/folhapopular.info\\\/index.php\\\/2025\\\/06\\\/10\\\/especialista-nacional-em-sst-alerta-para-riscos-do-esocial-em-ra-da-cacis\\\/#breadcrumb\",\"itemListElement\":[{\"@type\":\"ListItem\",\"position\":1,\"name\":\"In\u00edcio\",\"item\":\"https:\\\/\\\/folhapopular.info\\\/\"},{\"@type\":\"ListItem\",\"position\":2,\"name\":\"Especialista nacional em SST alerta para riscos do eSocial em RA da Cacis\"}]},{\"@type\":\"WebSite\",\"@id\":\"https:\\\/\\\/folhapopular.info\\\/#website\",\"url\":\"https:\\\/\\\/folhapopular.info\\\/\",\"name\":\"Folha Popular\",\"description\":\"Onde voc\u00ea tem vez e voz\",\"potentialAction\":[{\"@type\":\"SearchAction\",\"target\":{\"@type\":\"EntryPoint\",\"urlTemplate\":\"https:\\\/\\\/folhapopular.info\\\/?s={search_term_string}\"},\"query-input\":{\"@type\":\"PropertyValueSpecification\",\"valueRequired\":true,\"valueName\":\"search_term_string\"}}],\"inLanguage\":\"pt-BR\"},{\"@type\":\"Person\",\"@id\":\"https:\\\/\\\/folhapopular.info\\\/#\\\/schema\\\/person\\\/2814e8a0df7643585a9ca38bc6eb9d4b\",\"name\":\"Reda\u00e7\u00e3o Folha Popular\",\"image\":{\"@type\":\"ImageObject\",\"inLanguage\":\"pt-BR\",\"@id\":\"https:\\\/\\\/folhapopular.info\\\/wp-content\\\/uploads\\\/2026\\\/04\\\/Folha-1.webp\",\"url\":\"https:\\\/\\\/folhapopular.info\\\/wp-content\\\/uploads\\\/2026\\\/04\\\/Folha-1.webp\",\"contentUrl\":\"https:\\\/\\\/folhapopular.info\\\/wp-content\\\/uploads\\\/2026\\\/04\\\/Folha-1.webp\",\"caption\":\"Reda\u00e7\u00e3o Folha Popular\"},\"url\":\"https:\\\/\\\/folhapopular.info\\\/index.php\\\/author\\\/redacao\\\/\"}]}<\/script>\n<!-- \/ Yoast SEO plugin. -->","yoast_head_json":{"title":"Especialista nacional em SST alerta para riscos do eSocial em RA da Cacis - Folha Popular","robots":{"index":"index","follow":"follow","max-snippet":"max-snippet:-1","max-image-preview":"max-image-preview:large","max-video-preview":"max-video-preview:-1"},"canonical":"https:\/\/folhapopular.info\/index.php\/2025\/06\/10\/especialista-nacional-em-sst-alerta-para-riscos-do-esocial-em-ra-da-cacis\/","og_locale":"pt_BR","og_type":"article","og_title":"Especialista nacional em SST alerta para riscos do eSocial em RA da Cacis - Folha Popular","og_description":"A C\u00e2mara de Com\u00e9rcio, Ind\u00fastria, Servi\u00e7os e Agroneg\u00f3cio de Estrela (Cacis) realiza, na pr\u00f3xima sexta-feira (13\/6), sua terceira edi\u00e7\u00e3o anual da tradicional Reuni\u00e3o-Almo\u00e7o da entidade. O encontro contar\u00e1 com a participa\u00e7\u00e3o do engenheiro de seguran\u00e7a do trabalho Rog\u00e9rio Luiz Balbinot, Diretor da RSData e da Consetra e refer\u00eancia nacional em \u201cSa\u00fade e Seguran\u00e7a do Trabalho [&hellip;]","og_url":"https:\/\/folhapopular.info\/index.php\/2025\/06\/10\/especialista-nacional-em-sst-alerta-para-riscos-do-esocial-em-ra-da-cacis\/","og_site_name":"Folha Popular","article_published_time":"2025-06-10T20:49:59+00:00","article_modified_time":"2025-06-10T20:50:05+00:00","og_image":[{"width":1280,"height":1280,"url":"http:\/\/folhapopular.info\/wp-content\/uploads\/2025\/06\/Rogerio-Luiz-Balbinot.jpeg","type":"image\/jpeg"}],"author":"Reda\u00e7\u00e3o Folha Popular","twitter_card":"summary_large_image","twitter_misc":{"Escrito por":"Reda\u00e7\u00e3o Folha Popular","Est. tempo de leitura":"3 minutos"},"schema":{"@context":"https:\/\/schema.org","@graph":[{"@type":"Article","@id":"https:\/\/folhapopular.info\/index.php\/2025\/06\/10\/especialista-nacional-em-sst-alerta-para-riscos-do-esocial-em-ra-da-cacis\/#article","isPartOf":{"@id":"https:\/\/folhapopular.info\/index.php\/2025\/06\/10\/especialista-nacional-em-sst-alerta-para-riscos-do-esocial-em-ra-da-cacis\/"},"author":{"name":"Reda\u00e7\u00e3o Folha Popular","@id":"https:\/\/folhapopular.info\/#\/schema\/person\/2814e8a0df7643585a9ca38bc6eb9d4b"},"headline":"Especialista nacional em SST alerta para riscos do eSocial em RA da Cacis","datePublished":"2025-06-10T20:49:59+00:00","dateModified":"2025-06-10T20:50:05+00:00","mainEntityOfPage":{"@id":"https:\/\/folhapopular.info\/index.php\/2025\/06\/10\/especialista-nacional-em-sst-alerta-para-riscos-do-esocial-em-ra-da-cacis\/"},"wordCount":483,"commentCount":0,"image":{"@id":"https:\/\/folhapopular.info\/index.php\/2025\/06\/10\/especialista-nacional-em-sst-alerta-para-riscos-do-esocial-em-ra-da-cacis\/#primaryimage"},"thumbnailUrl":"https:\/\/folhapopular.info\/wp-content\/uploads\/2025\/06\/Rogerio-Luiz-Balbinot.jpeg","articleSection":["Destaques","Economia","Neg\u00f3cios"],"inLanguage":"pt-BR","potentialAction":[{"@type":"CommentAction","name":"Comment","target":["https:\/\/folhapopular.info\/index.php\/2025\/06\/10\/especialista-nacional-em-sst-alerta-para-riscos-do-esocial-em-ra-da-cacis\/#respond"]}]},{"@type":"WebPage","@id":"https:\/\/folhapopular.info\/index.php\/2025\/06\/10\/especialista-nacional-em-sst-alerta-para-riscos-do-esocial-em-ra-da-cacis\/","url":"https:\/\/folhapopular.info\/index.php\/2025\/06\/10\/especialista-nacional-em-sst-alerta-para-riscos-do-esocial-em-ra-da-cacis\/","name":"Especialista nacional em SST alerta para riscos do eSocial em RA da Cacis - Folha Popular","isPartOf":{"@id":"https:\/\/folhapopular.info\/#website"},"primaryImageOfPage":{"@id":"https:\/\/folhapopular.info\/index.php\/2025\/06\/10\/especialista-nacional-em-sst-alerta-para-riscos-do-esocial-em-ra-da-cacis\/#primaryimage"},"image":{"@id":"https:\/\/folhapopular.info\/index.php\/2025\/06\/10\/especialista-nacional-em-sst-alerta-para-riscos-do-esocial-em-ra-da-cacis\/#primaryimage"},"thumbnailUrl":"https:\/\/folhapopular.info\/wp-content\/uploads\/2025\/06\/Rogerio-Luiz-Balbinot.jpeg","datePublished":"2025-06-10T20:49:59+00:00","dateModified":"2025-06-10T20:50:05+00:00","author":{"@id":"https:\/\/folhapopular.info\/#\/schema\/person\/2814e8a0df7643585a9ca38bc6eb9d4b"},"breadcrumb":{"@id":"https:\/\/folhapopular.info\/index.php\/2025\/06\/10\/especialista-nacional-em-sst-alerta-para-riscos-do-esocial-em-ra-da-cacis\/#breadcrumb"},"inLanguage":"pt-BR","potentialAction":[{"@type":"ReadAction","target":["https:\/\/folhapopular.info\/index.php\/2025\/06\/10\/especialista-nacional-em-sst-alerta-para-riscos-do-esocial-em-ra-da-cacis\/"]}]},{"@type":"ImageObject","inLanguage":"pt-BR","@id":"https:\/\/folhapopular.info\/index.php\/2025\/06\/10\/especialista-nacional-em-sst-alerta-para-riscos-do-esocial-em-ra-da-cacis\/#primaryimage","url":"https:\/\/folhapopular.info\/wp-content\/uploads\/2025\/06\/Rogerio-Luiz-Balbinot.jpeg","contentUrl":"https:\/\/folhapopular.info\/wp-content\/uploads\/2025\/06\/Rogerio-Luiz-Balbinot.jpeg","width":1280,"height":1280},{"@type":"BreadcrumbList","@id":"https:\/\/folhapopular.info\/index.php\/2025\/06\/10\/especialista-nacional-em-sst-alerta-para-riscos-do-esocial-em-ra-da-cacis\/#breadcrumb","itemListElement":[{"@type":"ListItem","position":1,"name":"In\u00edcio","item":"https:\/\/folhapopular.info\/"},{"@type":"ListItem","position":2,"name":"Especialista nacional em SST alerta para riscos do eSocial em RA da Cacis"}]},{"@type":"WebSite","@id":"https:\/\/folhapopular.info\/#website","url":"https:\/\/folhapopular.info\/","name":"Folha Popular","description":"Onde voc\u00ea tem vez e voz","potentialAction":[{"@type":"SearchAction","target":{"@type":"EntryPoint","urlTemplate":"https:\/\/folhapopular.info\/?s={search_term_string}"},"query-input":{"@type":"PropertyValueSpecification","valueRequired":true,"valueName":"search_term_string"}}],"inLanguage":"pt-BR"},{"@type":"Person","@id":"https:\/\/folhapopular.info\/#\/schema\/person\/2814e8a0df7643585a9ca38bc6eb9d4b","name":"Reda\u00e7\u00e3o Folha Popular","image":{"@type":"ImageObject","inLanguage":"pt-BR","@id":"https:\/\/folhapopular.info\/wp-content\/uploads\/2026\/04\/Folha-1.webp","url":"https:\/\/folhapopular.info\/wp-content\/uploads\/2026\/04\/Folha-1.webp","contentUrl":"https:\/\/folhapopular.info\/wp-content\/uploads\/2026\/04\/Folha-1.webp","caption":"Reda\u00e7\u00e3o Folha Popular"},"url":"https:\/\/folhapopular.info\/index.php\/author\/redacao\/"}]}},"jetpack_featured_media_url":"https:\/\/folhapopular.info\/wp-content\/uploads\/2025\/06\/Rogerio-Luiz-Balbinot.jpeg","jetpack_sharing_enabled":true,"amp_enabled":true,"_links":{"self":[{"href":"https:\/\/folhapopular.info\/index.php\/wp-json\/wp\/v2\/posts\/188177","targetHints":{"allow":["GET"]}}],"collection":[{"href":"https:\/\/folhapopular.info\/index.php\/wp-json\/wp\/v2\/posts"}],"about":[{"href":"https:\/\/folhapopular.info\/index.php\/wp-json\/wp\/v2\/types\/post"}],"author":[{"embeddable":true,"href":"https:\/\/folhapopular.info\/index.php\/wp-json\/wp\/v2\/users\/8"}],"replies":[{"embeddable":true,"href":"https:\/\/folhapopular.info\/index.php\/wp-json\/wp\/v2\/comments?post=188177"}],"version-history":[{"count":0,"href":"https:\/\/folhapopular.info\/index.php\/wp-json\/wp\/v2\/posts\/188177\/revisions"}],"wp:featuredmedia":[{"embeddable":true,"href":"https:\/\/folhapopular.info\/index.php\/wp-json\/wp\/v2\/media\/188178"}],"wp:attachment":[{"href":"https:\/\/folhapopular.info\/index.php\/wp-json\/wp\/v2\/media?parent=188177"}],"wp:term":[{"taxonomy":"category","embeddable":true,"href":"https:\/\/folhapopular.info\/index.php\/wp-json\/wp\/v2\/categories?post=188177"},{"taxonomy":"post_tag","embeddable":true,"href":"https:\/\/folhapopular.info\/index.php\/wp-json\/wp\/v2\/tags?post=188177"}],"curies":[{"name":"wp","href":"https:\/\/api.w.org\/{rel}","templated":true}]}}