{"id":188350,"date":"2025-06-13T14:00:00","date_gmt":"2025-06-13T17:00:00","guid":{"rendered":"https:\/\/folhapopular.info\/?p=188350"},"modified":"2025-06-13T11:24:41","modified_gmt":"2025-06-13T14:24:41","slug":"teutonia-sedia-a-terceira-edicao-do-curso-de-empreendedorismo-e-desenvolvimento-para-a-juventude-rural","status":"publish","type":"post","link":"https:\/\/folhapopular.info\/index.php\/2025\/06\/13\/teutonia-sedia-a-terceira-edicao-do-curso-de-empreendedorismo-e-desenvolvimento-para-a-juventude-rural\/","title":{"rendered":"Teut\u00f4nia sedia a terceira edi\u00e7\u00e3o do Curso de Empreendedorismo e Desenvolvimento para a Juventude Rural"},"content":{"rendered":"\n<p>\u201cEstamos na terceira gera\u00e7\u00e3o, e acredito que precisamos abrir espa\u00e7o para que os jovens tamb\u00e9m tenham voz ativa na propriedade. Para que tenham poder de decis\u00e3o e se envolvam no planejamento. Caso contr\u00e1rio, inevitavelmente esses jovens ir\u00e3o sair.\u201d A reflex\u00e3o do agricultor Milton Lu\u00eds da Costa, de Bom Retiro do Sul, marcou simbolicamente a abertura da terceira edi\u00e7\u00e3o do Curso de Empreendedorismo e Desenvolvimento para a Juventude Rural, realizada na \u00faltima ter\u00e7a-feira (10\/6), em Teut\u00f4nia.<\/p>\n\n\n\n<p>Seu filho, Arthur Henrique da Costa, de 18 anos, \u00e9 um dos 20 jovens que integram a nova turma do curso, que segue at\u00e9 novembro com encontros mensais. Organizado pela Emater\/RS-Ascar, em parceria com o Col\u00e9gio Teut\u00f4nia e as cooperativas Sicredi e Certel, o curso busca desenvolver compet\u00eancias empreendedoras na juventude rural. \u201cMinha ideia aqui \u00e9 ampliar os conhecimentos para poder contribuir mais na rotina da propriedade\u201d, comentou Arthur.<\/p>\n\n\n\n<p>A palestra de abertura foi conduzida pela soci\u00f3loga Ana C\u00e2ndida Barth, coordenadora da capacita\u00e7\u00e3o, que provocou reflex\u00f5es sobre pertencimento, senso de comunidade, tradi\u00e7\u00f5es, dignidade e qualidade de vida no campo. \u201cComo treinamos e preparamos um colega de trabalho que chamamos de \u2018pai\u2019? Como acolher essa m\u00e3o de obra cheia de aspira\u00e7\u00f5es e sonhos, que podem ser diferentes dos nossos?\u201d, questionou.<\/p>\n\n\n\n<p>As duas edi\u00e7\u00f5es anteriores, realizadas em 2023 e 2024, envolveram cerca de 40 jovens em atividades como palestras, oficinas, visitas t\u00e9cnicas e dias de campo. No segundo dia da atual edi\u00e7\u00e3o, os participantes visitaram a propriedade da jovem agricultora Sabrina Petter, de Fazenda Vilanova, ex-aluna da primeira turma. L\u00e1, conheceram a din\u00e2mica da fam\u00edlia que mant\u00e9m a atividade leiteira com o trabalho dos irm\u00e3os Beatriz e Bruno, dos pais Celso e Anelise e dos tios Eduardo e Delso. \u201cEsse tipo de troca de experi\u00eancias \u00e9 muito enriquecedor\u201d, afirmou Sabrina, de 23 anos.<\/p>\n\n\n\n<p>Durante a visita, os jovens realizaram um exerc\u00edcio de Diagn\u00f3stico Rural Participativo (DRP), mapeando a propriedade e debatendo suas rotinas. O extensionista Everaldo da Silva, respons\u00e1vel pelo m\u00f3dulo, tamb\u00e9m apresentou a metodologia FOFA, que ajuda a identificar fortalezas, fraquezas, oportunidades e amea\u00e7as nas realidades locais. \u201cTrabalhamos com uma leitura ampla, que considera os aspectos f\u00edsicos, culturais, socioecon\u00f4micos e ambientais\u201d, destacou.<\/p>\n\n\n\n<p>Tamb\u00e9m integrou a programa\u00e7\u00e3o a palestra \u201cCen\u00e1rios da Agricultura Familiar: Sistemas Agr\u00e1rios e Oportunidades de Empreendedorismo\u201d, ministrada pelo extensionista Diego Barden dos Santos, que incentivou os jovens a refletirem sobre as potencialidades do meio rural. Complementando o encontro, a ex-aluna Alessandra Schneider, de Teut\u00f4nia, compartilhou sua experi\u00eancia com a implanta\u00e7\u00e3o de uma estufa de tomates, enfrentando adversidades clim\u00e1ticas.<\/p>\n\n\n\n<p>Tamb\u00e9m participaram do encontro Angelisa Silveira, coordenadora estadual dos Centros de Treinamento da Emater\/RS-Ascar, e Clarice Vaz Emmel, respons\u00e1vel pelo trabalho com Juventude Rural na institui\u00e7\u00e3o. Clarice conduziu a &#8220;Din\u00e2mica dos Sonhos&#8221;, que instigou pais e filhos a refletirem sobre o futuro. <\/p>\n\n\n\n<figure class=\"wp-block-image size-large\"><img loading=\"lazy\" decoding=\"async\" width=\"1024\" height=\"683\" src=\"https:\/\/folhapopular.info\/wp-content\/uploads\/2025\/06\/curso_juventude_rural_modulo_I-21-1024x683.jpg\" alt=\"\" class=\"wp-image-188352\" srcset=\"https:\/\/folhapopular.info\/wp-content\/uploads\/2025\/06\/curso_juventude_rural_modulo_I-21-1024x683.jpg 1024w, https:\/\/folhapopular.info\/wp-content\/uploads\/2025\/06\/curso_juventude_rural_modulo_I-21-300x200.jpg 300w, https:\/\/folhapopular.info\/wp-content\/uploads\/2025\/06\/curso_juventude_rural_modulo_I-21-768x512.jpg 768w, https:\/\/folhapopular.info\/wp-content\/uploads\/2025\/06\/curso_juventude_rural_modulo_I-21-1536x1024.jpg 1536w, https:\/\/folhapopular.info\/wp-content\/uploads\/2025\/06\/curso_juventude_rural_modulo_I-21-2048x1365.jpg 2048w, https:\/\/folhapopular.info\/wp-content\/uploads\/2025\/06\/curso_juventude_rural_modulo_I-21-630x420.jpg 630w, https:\/\/folhapopular.info\/wp-content\/uploads\/2025\/06\/curso_juventude_rural_modulo_I-21-696x464.jpg 696w, https:\/\/folhapopular.info\/wp-content\/uploads\/2025\/06\/curso_juventude_rural_modulo_I-21-1068x712.jpg 1068w, https:\/\/folhapopular.info\/wp-content\/uploads\/2025\/06\/curso_juventude_rural_modulo_I-21-1920x1280.jpg 1920w\" sizes=\"auto, (max-width: 1024px) 100vw, 1024px\" \/><figcaption class=\"wp-element-caption\">Cr\u00e9dito: Emater\/RS-Ascar \/ Divulga\u00e7\u00e3o<\/figcaption><\/figure>\n","protected":false},"excerpt":{"rendered":"<p>\u201cEstamos na terceira gera\u00e7\u00e3o, e acredito que precisamos abrir espa\u00e7o para que os jovens tamb\u00e9m tenham voz ativa na propriedade. Para que tenham poder de decis\u00e3o e se envolvam no planejamento. Caso contr\u00e1rio, inevitavelmente esses jovens ir\u00e3o sair.\u201d A reflex\u00e3o do agricultor Milton Lu\u00eds da Costa, de Bom Retiro do Sul, marcou simbolicamente a abertura [&hellip;]<\/p>\n","protected":false},"author":8,"featured_media":188351,"comment_status":"open","ping_status":"open","sticky":false,"template":"","format":"standard","meta":{"pmpro_default_level":"","_jetpack_memberships_contains_paid_content":false,"footnotes":""},"categories":[2,10991,10994],"tags":[17755,102,535,11027],"class_list":{"0":"post-188350","1":"post","2":"type-post","3":"status-publish","4":"format-standard","5":"has-post-thumbnail","7":"category-featured","8":"category-economia","9":"category-rural","10":"tag-emater-rs-ascar-2","11":"tag-empreendedorismo","12":"tag-juventude-rural","13":"tag-rural","14":"pmpro-has-access"},"yoast_head":"<!-- This site is optimized with the Yoast SEO plugin v27.5 - https:\/\/yoast.com\/product\/yoast-seo-wordpress\/ -->\n<title>Teut\u00f4nia sedia a terceira edi\u00e7\u00e3o do Curso de Empreendedorismo e Desenvolvimento para a Juventude Rural - Folha Popular<\/title>\n<meta name=\"robots\" content=\"index, follow, max-snippet:-1, max-image-preview:large, max-video-preview:-1\" \/>\n<link rel=\"canonical\" href=\"https:\/\/folhapopular.info\/index.php\/2025\/06\/13\/teutonia-sedia-a-terceira-edicao-do-curso-de-empreendedorismo-e-desenvolvimento-para-a-juventude-rural\/\" \/>\n<meta property=\"og:locale\" content=\"pt_BR\" \/>\n<meta property=\"og:type\" content=\"article\" \/>\n<meta property=\"og:title\" content=\"Teut\u00f4nia sedia a terceira edi\u00e7\u00e3o do Curso de Empreendedorismo e Desenvolvimento para a Juventude Rural - Folha Popular\" \/>\n<meta property=\"og:description\" content=\"\u201cEstamos na terceira gera\u00e7\u00e3o, e acredito que precisamos abrir espa\u00e7o para que os jovens tamb\u00e9m tenham voz ativa na propriedade. Para que tenham poder de decis\u00e3o e se envolvam no planejamento. Caso contr\u00e1rio, inevitavelmente esses jovens ir\u00e3o sair.\u201d A reflex\u00e3o do agricultor Milton Lu\u00eds da Costa, de Bom Retiro do Sul, marcou simbolicamente a abertura [&hellip;]\" \/>\n<meta property=\"og:url\" content=\"https:\/\/folhapopular.info\/index.php\/2025\/06\/13\/teutonia-sedia-a-terceira-edicao-do-curso-de-empreendedorismo-e-desenvolvimento-para-a-juventude-rural\/\" \/>\n<meta property=\"og:site_name\" content=\"Folha Popular\" \/>\n<meta property=\"article:published_time\" content=\"2025-06-13T17:00:00+00:00\" \/>\n<meta property=\"og:image\" content=\"https:\/\/folhapopular.info\/wp-content\/uploads\/2025\/06\/curso_juventude_rural_modulo_I-19-scaled.jpg\" \/>\n\t<meta property=\"og:image:width\" content=\"2560\" \/>\n\t<meta property=\"og:image:height\" content=\"1441\" \/>\n\t<meta property=\"og:image:type\" content=\"image\/jpeg\" \/>\n<meta name=\"author\" content=\"Reda\u00e7\u00e3o Folha Popular\" \/>\n<meta name=\"twitter:card\" content=\"summary_large_image\" \/>\n<meta name=\"twitter:label1\" content=\"Escrito por\" \/>\n\t<meta name=\"twitter:data1\" content=\"Reda\u00e7\u00e3o Folha Popular\" \/>\n\t<meta name=\"twitter:label2\" content=\"Est. tempo de leitura\" \/>\n\t<meta name=\"twitter:data2\" content=\"3 minutos\" \/>\n<script type=\"application\/ld+json\" class=\"yoast-schema-graph\">{\"@context\":\"https:\\\/\\\/schema.org\",\"@graph\":[{\"@type\":\"Article\",\"@id\":\"https:\\\/\\\/folhapopular.info\\\/index.php\\\/2025\\\/06\\\/13\\\/teutonia-sedia-a-terceira-edicao-do-curso-de-empreendedorismo-e-desenvolvimento-para-a-juventude-rural\\\/#article\",\"isPartOf\":{\"@id\":\"https:\\\/\\\/folhapopular.info\\\/index.php\\\/2025\\\/06\\\/13\\\/teutonia-sedia-a-terceira-edicao-do-curso-de-empreendedorismo-e-desenvolvimento-para-a-juventude-rural\\\/\"},\"author\":{\"name\":\"Reda\u00e7\u00e3o Folha Popular\",\"@id\":\"https:\\\/\\\/folhapopular.info\\\/#\\\/schema\\\/person\\\/2814e8a0df7643585a9ca38bc6eb9d4b\"},\"headline\":\"Teut\u00f4nia sedia a terceira edi\u00e7\u00e3o do Curso de Empreendedorismo e Desenvolvimento para a Juventude Rural\",\"datePublished\":\"2025-06-13T17:00:00+00:00\",\"mainEntityOfPage\":{\"@id\":\"https:\\\/\\\/folhapopular.info\\\/index.php\\\/2025\\\/06\\\/13\\\/teutonia-sedia-a-terceira-edicao-do-curso-de-empreendedorismo-e-desenvolvimento-para-a-juventude-rural\\\/\"},\"wordCount\":520,\"commentCount\":0,\"image\":{\"@id\":\"https:\\\/\\\/folhapopular.info\\\/index.php\\\/2025\\\/06\\\/13\\\/teutonia-sedia-a-terceira-edicao-do-curso-de-empreendedorismo-e-desenvolvimento-para-a-juventude-rural\\\/#primaryimage\"},\"thumbnailUrl\":\"https:\\\/\\\/folhapopular.info\\\/wp-content\\\/uploads\\\/2025\\\/06\\\/curso_juventude_rural_modulo_I-19-scaled.jpg\",\"keywords\":[\"Emater-RS\\\/Ascar\",\"Empreendedorismo\",\"juventude rural\",\"rural\"],\"articleSection\":[\"Destaques\",\"Economia\",\"Rural\"],\"inLanguage\":\"pt-BR\",\"potentialAction\":[{\"@type\":\"CommentAction\",\"name\":\"Comment\",\"target\":[\"https:\\\/\\\/folhapopular.info\\\/index.php\\\/2025\\\/06\\\/13\\\/teutonia-sedia-a-terceira-edicao-do-curso-de-empreendedorismo-e-desenvolvimento-para-a-juventude-rural\\\/#respond\"]}]},{\"@type\":\"WebPage\",\"@id\":\"https:\\\/\\\/folhapopular.info\\\/index.php\\\/2025\\\/06\\\/13\\\/teutonia-sedia-a-terceira-edicao-do-curso-de-empreendedorismo-e-desenvolvimento-para-a-juventude-rural\\\/\",\"url\":\"https:\\\/\\\/folhapopular.info\\\/index.php\\\/2025\\\/06\\\/13\\\/teutonia-sedia-a-terceira-edicao-do-curso-de-empreendedorismo-e-desenvolvimento-para-a-juventude-rural\\\/\",\"name\":\"Teut\u00f4nia sedia a terceira edi\u00e7\u00e3o do Curso de Empreendedorismo e Desenvolvimento para a Juventude Rural - Folha Popular\",\"isPartOf\":{\"@id\":\"https:\\\/\\\/folhapopular.info\\\/#website\"},\"primaryImageOfPage\":{\"@id\":\"https:\\\/\\\/folhapopular.info\\\/index.php\\\/2025\\\/06\\\/13\\\/teutonia-sedia-a-terceira-edicao-do-curso-de-empreendedorismo-e-desenvolvimento-para-a-juventude-rural\\\/#primaryimage\"},\"image\":{\"@id\":\"https:\\\/\\\/folhapopular.info\\\/index.php\\\/2025\\\/06\\\/13\\\/teutonia-sedia-a-terceira-edicao-do-curso-de-empreendedorismo-e-desenvolvimento-para-a-juventude-rural\\\/#primaryimage\"},\"thumbnailUrl\":\"https:\\\/\\\/folhapopular.info\\\/wp-content\\\/uploads\\\/2025\\\/06\\\/curso_juventude_rural_modulo_I-19-scaled.jpg\",\"datePublished\":\"2025-06-13T17:00:00+00:00\",\"author\":{\"@id\":\"https:\\\/\\\/folhapopular.info\\\/#\\\/schema\\\/person\\\/2814e8a0df7643585a9ca38bc6eb9d4b\"},\"breadcrumb\":{\"@id\":\"https:\\\/\\\/folhapopular.info\\\/index.php\\\/2025\\\/06\\\/13\\\/teutonia-sedia-a-terceira-edicao-do-curso-de-empreendedorismo-e-desenvolvimento-para-a-juventude-rural\\\/#breadcrumb\"},\"inLanguage\":\"pt-BR\",\"potentialAction\":[{\"@type\":\"ReadAction\",\"target\":[\"https:\\\/\\\/folhapopular.info\\\/index.php\\\/2025\\\/06\\\/13\\\/teutonia-sedia-a-terceira-edicao-do-curso-de-empreendedorismo-e-desenvolvimento-para-a-juventude-rural\\\/\"]}]},{\"@type\":\"ImageObject\",\"inLanguage\":\"pt-BR\",\"@id\":\"https:\\\/\\\/folhapopular.info\\\/index.php\\\/2025\\\/06\\\/13\\\/teutonia-sedia-a-terceira-edicao-do-curso-de-empreendedorismo-e-desenvolvimento-para-a-juventude-rural\\\/#primaryimage\",\"url\":\"https:\\\/\\\/folhapopular.info\\\/wp-content\\\/uploads\\\/2025\\\/06\\\/curso_juventude_rural_modulo_I-19-scaled.jpg\",\"contentUrl\":\"https:\\\/\\\/folhapopular.info\\\/wp-content\\\/uploads\\\/2025\\\/06\\\/curso_juventude_rural_modulo_I-19-scaled.jpg\",\"width\":2560,\"height\":1441,\"caption\":\"Cr\u00e9dito: Emater\\\/RS-Ascar \\\/ Divulga\u00e7\u00e3o\"},{\"@type\":\"BreadcrumbList\",\"@id\":\"https:\\\/\\\/folhapopular.info\\\/index.php\\\/2025\\\/06\\\/13\\\/teutonia-sedia-a-terceira-edicao-do-curso-de-empreendedorismo-e-desenvolvimento-para-a-juventude-rural\\\/#breadcrumb\",\"itemListElement\":[{\"@type\":\"ListItem\",\"position\":1,\"name\":\"In\u00edcio\",\"item\":\"https:\\\/\\\/folhapopular.info\\\/\"},{\"@type\":\"ListItem\",\"position\":2,\"name\":\"Teut\u00f4nia sedia a terceira edi\u00e7\u00e3o do Curso de Empreendedorismo e Desenvolvimento para a Juventude Rural\"}]},{\"@type\":\"WebSite\",\"@id\":\"https:\\\/\\\/folhapopular.info\\\/#website\",\"url\":\"https:\\\/\\\/folhapopular.info\\\/\",\"name\":\"Folha Popular\",\"description\":\"Onde voc\u00ea tem vez e voz\",\"potentialAction\":[{\"@type\":\"SearchAction\",\"target\":{\"@type\":\"EntryPoint\",\"urlTemplate\":\"https:\\\/\\\/folhapopular.info\\\/?s={search_term_string}\"},\"query-input\":{\"@type\":\"PropertyValueSpecification\",\"valueRequired\":true,\"valueName\":\"search_term_string\"}}],\"inLanguage\":\"pt-BR\"},{\"@type\":\"Person\",\"@id\":\"https:\\\/\\\/folhapopular.info\\\/#\\\/schema\\\/person\\\/2814e8a0df7643585a9ca38bc6eb9d4b\",\"name\":\"Reda\u00e7\u00e3o Folha Popular\",\"image\":{\"@type\":\"ImageObject\",\"inLanguage\":\"pt-BR\",\"@id\":\"https:\\\/\\\/folhapopular.info\\\/wp-content\\\/uploads\\\/2026\\\/04\\\/Folha-1.webp\",\"url\":\"https:\\\/\\\/folhapopular.info\\\/wp-content\\\/uploads\\\/2026\\\/04\\\/Folha-1.webp\",\"contentUrl\":\"https:\\\/\\\/folhapopular.info\\\/wp-content\\\/uploads\\\/2026\\\/04\\\/Folha-1.webp\",\"caption\":\"Reda\u00e7\u00e3o Folha Popular\"},\"url\":\"https:\\\/\\\/folhapopular.info\\\/index.php\\\/author\\\/redacao\\\/\"}]}<\/script>\n<!-- \/ Yoast SEO plugin. -->","yoast_head_json":{"title":"Teut\u00f4nia sedia a terceira edi\u00e7\u00e3o do Curso de Empreendedorismo e Desenvolvimento para a Juventude Rural - Folha Popular","robots":{"index":"index","follow":"follow","max-snippet":"max-snippet:-1","max-image-preview":"max-image-preview:large","max-video-preview":"max-video-preview:-1"},"canonical":"https:\/\/folhapopular.info\/index.php\/2025\/06\/13\/teutonia-sedia-a-terceira-edicao-do-curso-de-empreendedorismo-e-desenvolvimento-para-a-juventude-rural\/","og_locale":"pt_BR","og_type":"article","og_title":"Teut\u00f4nia sedia a terceira edi\u00e7\u00e3o do Curso de Empreendedorismo e Desenvolvimento para a Juventude Rural - Folha Popular","og_description":"\u201cEstamos na terceira gera\u00e7\u00e3o, e acredito que precisamos abrir espa\u00e7o para que os jovens tamb\u00e9m tenham voz ativa na propriedade. Para que tenham poder de decis\u00e3o e se envolvam no planejamento. Caso contr\u00e1rio, inevitavelmente esses jovens ir\u00e3o sair.\u201d A reflex\u00e3o do agricultor Milton Lu\u00eds da Costa, de Bom Retiro do Sul, marcou simbolicamente a abertura [&hellip;]","og_url":"https:\/\/folhapopular.info\/index.php\/2025\/06\/13\/teutonia-sedia-a-terceira-edicao-do-curso-de-empreendedorismo-e-desenvolvimento-para-a-juventude-rural\/","og_site_name":"Folha Popular","article_published_time":"2025-06-13T17:00:00+00:00","og_image":[{"width":2560,"height":1441,"url":"https:\/\/folhapopular.info\/wp-content\/uploads\/2025\/06\/curso_juventude_rural_modulo_I-19-scaled.jpg","type":"image\/jpeg"}],"author":"Reda\u00e7\u00e3o Folha Popular","twitter_card":"summary_large_image","twitter_misc":{"Escrito por":"Reda\u00e7\u00e3o Folha Popular","Est. tempo de leitura":"3 minutos"},"schema":{"@context":"https:\/\/schema.org","@graph":[{"@type":"Article","@id":"https:\/\/folhapopular.info\/index.php\/2025\/06\/13\/teutonia-sedia-a-terceira-edicao-do-curso-de-empreendedorismo-e-desenvolvimento-para-a-juventude-rural\/#article","isPartOf":{"@id":"https:\/\/folhapopular.info\/index.php\/2025\/06\/13\/teutonia-sedia-a-terceira-edicao-do-curso-de-empreendedorismo-e-desenvolvimento-para-a-juventude-rural\/"},"author":{"name":"Reda\u00e7\u00e3o Folha Popular","@id":"https:\/\/folhapopular.info\/#\/schema\/person\/2814e8a0df7643585a9ca38bc6eb9d4b"},"headline":"Teut\u00f4nia sedia a terceira edi\u00e7\u00e3o do Curso de Empreendedorismo e Desenvolvimento para a Juventude Rural","datePublished":"2025-06-13T17:00:00+00:00","mainEntityOfPage":{"@id":"https:\/\/folhapopular.info\/index.php\/2025\/06\/13\/teutonia-sedia-a-terceira-edicao-do-curso-de-empreendedorismo-e-desenvolvimento-para-a-juventude-rural\/"},"wordCount":520,"commentCount":0,"image":{"@id":"https:\/\/folhapopular.info\/index.php\/2025\/06\/13\/teutonia-sedia-a-terceira-edicao-do-curso-de-empreendedorismo-e-desenvolvimento-para-a-juventude-rural\/#primaryimage"},"thumbnailUrl":"https:\/\/folhapopular.info\/wp-content\/uploads\/2025\/06\/curso_juventude_rural_modulo_I-19-scaled.jpg","keywords":["Emater-RS\/Ascar","Empreendedorismo","juventude rural","rural"],"articleSection":["Destaques","Economia","Rural"],"inLanguage":"pt-BR","potentialAction":[{"@type":"CommentAction","name":"Comment","target":["https:\/\/folhapopular.info\/index.php\/2025\/06\/13\/teutonia-sedia-a-terceira-edicao-do-curso-de-empreendedorismo-e-desenvolvimento-para-a-juventude-rural\/#respond"]}]},{"@type":"WebPage","@id":"https:\/\/folhapopular.info\/index.php\/2025\/06\/13\/teutonia-sedia-a-terceira-edicao-do-curso-de-empreendedorismo-e-desenvolvimento-para-a-juventude-rural\/","url":"https:\/\/folhapopular.info\/index.php\/2025\/06\/13\/teutonia-sedia-a-terceira-edicao-do-curso-de-empreendedorismo-e-desenvolvimento-para-a-juventude-rural\/","name":"Teut\u00f4nia sedia a terceira edi\u00e7\u00e3o do Curso de Empreendedorismo e Desenvolvimento para a Juventude Rural - Folha Popular","isPartOf":{"@id":"https:\/\/folhapopular.info\/#website"},"primaryImageOfPage":{"@id":"https:\/\/folhapopular.info\/index.php\/2025\/06\/13\/teutonia-sedia-a-terceira-edicao-do-curso-de-empreendedorismo-e-desenvolvimento-para-a-juventude-rural\/#primaryimage"},"image":{"@id":"https:\/\/folhapopular.info\/index.php\/2025\/06\/13\/teutonia-sedia-a-terceira-edicao-do-curso-de-empreendedorismo-e-desenvolvimento-para-a-juventude-rural\/#primaryimage"},"thumbnailUrl":"https:\/\/folhapopular.info\/wp-content\/uploads\/2025\/06\/curso_juventude_rural_modulo_I-19-scaled.jpg","datePublished":"2025-06-13T17:00:00+00:00","author":{"@id":"https:\/\/folhapopular.info\/#\/schema\/person\/2814e8a0df7643585a9ca38bc6eb9d4b"},"breadcrumb":{"@id":"https:\/\/folhapopular.info\/index.php\/2025\/06\/13\/teutonia-sedia-a-terceira-edicao-do-curso-de-empreendedorismo-e-desenvolvimento-para-a-juventude-rural\/#breadcrumb"},"inLanguage":"pt-BR","potentialAction":[{"@type":"ReadAction","target":["https:\/\/folhapopular.info\/index.php\/2025\/06\/13\/teutonia-sedia-a-terceira-edicao-do-curso-de-empreendedorismo-e-desenvolvimento-para-a-juventude-rural\/"]}]},{"@type":"ImageObject","inLanguage":"pt-BR","@id":"https:\/\/folhapopular.info\/index.php\/2025\/06\/13\/teutonia-sedia-a-terceira-edicao-do-curso-de-empreendedorismo-e-desenvolvimento-para-a-juventude-rural\/#primaryimage","url":"https:\/\/folhapopular.info\/wp-content\/uploads\/2025\/06\/curso_juventude_rural_modulo_I-19-scaled.jpg","contentUrl":"https:\/\/folhapopular.info\/wp-content\/uploads\/2025\/06\/curso_juventude_rural_modulo_I-19-scaled.jpg","width":2560,"height":1441,"caption":"Cr\u00e9dito: Emater\/RS-Ascar \/ Divulga\u00e7\u00e3o"},{"@type":"BreadcrumbList","@id":"https:\/\/folhapopular.info\/index.php\/2025\/06\/13\/teutonia-sedia-a-terceira-edicao-do-curso-de-empreendedorismo-e-desenvolvimento-para-a-juventude-rural\/#breadcrumb","itemListElement":[{"@type":"ListItem","position":1,"name":"In\u00edcio","item":"https:\/\/folhapopular.info\/"},{"@type":"ListItem","position":2,"name":"Teut\u00f4nia sedia a terceira edi\u00e7\u00e3o do Curso de Empreendedorismo e Desenvolvimento para a Juventude Rural"}]},{"@type":"WebSite","@id":"https:\/\/folhapopular.info\/#website","url":"https:\/\/folhapopular.info\/","name":"Folha Popular","description":"Onde voc\u00ea tem vez e voz","potentialAction":[{"@type":"SearchAction","target":{"@type":"EntryPoint","urlTemplate":"https:\/\/folhapopular.info\/?s={search_term_string}"},"query-input":{"@type":"PropertyValueSpecification","valueRequired":true,"valueName":"search_term_string"}}],"inLanguage":"pt-BR"},{"@type":"Person","@id":"https:\/\/folhapopular.info\/#\/schema\/person\/2814e8a0df7643585a9ca38bc6eb9d4b","name":"Reda\u00e7\u00e3o Folha Popular","image":{"@type":"ImageObject","inLanguage":"pt-BR","@id":"https:\/\/folhapopular.info\/wp-content\/uploads\/2026\/04\/Folha-1.webp","url":"https:\/\/folhapopular.info\/wp-content\/uploads\/2026\/04\/Folha-1.webp","contentUrl":"https:\/\/folhapopular.info\/wp-content\/uploads\/2026\/04\/Folha-1.webp","caption":"Reda\u00e7\u00e3o Folha Popular"},"url":"https:\/\/folhapopular.info\/index.php\/author\/redacao\/"}]}},"jetpack_featured_media_url":"https:\/\/folhapopular.info\/wp-content\/uploads\/2025\/06\/curso_juventude_rural_modulo_I-19-scaled.jpg","jetpack_sharing_enabled":true,"amp_enabled":true,"_links":{"self":[{"href":"https:\/\/folhapopular.info\/index.php\/wp-json\/wp\/v2\/posts\/188350","targetHints":{"allow":["GET"]}}],"collection":[{"href":"https:\/\/folhapopular.info\/index.php\/wp-json\/wp\/v2\/posts"}],"about":[{"href":"https:\/\/folhapopular.info\/index.php\/wp-json\/wp\/v2\/types\/post"}],"author":[{"embeddable":true,"href":"https:\/\/folhapopular.info\/index.php\/wp-json\/wp\/v2\/users\/8"}],"replies":[{"embeddable":true,"href":"https:\/\/folhapopular.info\/index.php\/wp-json\/wp\/v2\/comments?post=188350"}],"version-history":[{"count":0,"href":"https:\/\/folhapopular.info\/index.php\/wp-json\/wp\/v2\/posts\/188350\/revisions"}],"wp:featuredmedia":[{"embeddable":true,"href":"https:\/\/folhapopular.info\/index.php\/wp-json\/wp\/v2\/media\/188351"}],"wp:attachment":[{"href":"https:\/\/folhapopular.info\/index.php\/wp-json\/wp\/v2\/media?parent=188350"}],"wp:term":[{"taxonomy":"category","embeddable":true,"href":"https:\/\/folhapopular.info\/index.php\/wp-json\/wp\/v2\/categories?post=188350"},{"taxonomy":"post_tag","embeddable":true,"href":"https:\/\/folhapopular.info\/index.php\/wp-json\/wp\/v2\/tags?post=188350"}],"curies":[{"name":"wp","href":"https:\/\/api.w.org\/{rel}","templated":true}]}}