{"id":188360,"date":"2025-06-13T21:50:52","date_gmt":"2025-06-14T00:50:52","guid":{"rendered":"https:\/\/folhapopular.info\/?p=188360"},"modified":"2025-06-13T22:19:41","modified_gmt":"2025-06-14T01:19:41","slug":"premiados-os-destaques-do-intermunicipal-2025","status":"publish","type":"post","link":"https:\/\/folhapopular.info\/index.php\/2025\/06\/13\/premiados-os-destaques-do-intermunicipal-2025\/","title":{"rendered":"Premiados os destaques do Intermunicipal 2025"},"content":{"rendered":"\n<p>A Associa\u00e7\u00e3o de Clubes Amadores de Teut\u00f4nia (Acat) premiou os destaques do Campeonato Intermunicipal Sicredi Certel 2025 na noite desta sexta-feira (13\/6), em cerim\u00f4nia realizada na sede do Gr\u00eamio Recreativo Canabarrense, no Bairro Canabarro, em Teut\u00f4nia. A competi\u00e7\u00e3o reuniu oito clubes dos munic\u00edpios de Teut\u00f4nia, Po\u00e7o das Antas e Westf\u00e1lia. <\/p>\n\n\n\n<p>O campeonato foi de 9 de mar\u00e7o at\u00e9 o dia 1\u00ba de junho, com a disputa da fase classificat\u00f3ria, semifinais e finais. Canabarrense, Ouro Verde, Ga\u00facho, 11 Amigos, Po\u00e7o das Antas, Juventude de Westf\u00e1lia, Atl\u00e9tico Ga\u00facho e Esperan\u00e7a participaram do torneio.<\/p>\n\n\n\n<p>No in\u00edcio do evento, dirigentes, representantes dos clubes, da Acat, das Administra\u00e7\u00f5es puderam discursar. Em seguida, o gerente da Sicredi Ouro Branco, Jairo Sperotto, que destaca a noite como especial, principalmente se tratando de encerramento de competi\u00e7\u00e3o.<\/p>\n\n\n\n<p>&#8220;Pelo terceiro ano a competi\u00e7\u00e3o ocorre de uma bonita forma. Realmente se torna um evento importante e grande. Quero parabenizar toda a coordena\u00e7\u00e3o do campeonato. Pois ela tem sido um ponto alto e percebemos que poucas coisas foram fora do esperado. Refor\u00e7amos que o qu\u00e3o desafiador \u00e9 realizar essas competi\u00e7\u00f5es, por\u00e9m ver o envolvimento das comunidades e das pessoas faz com que sigamos com o nosso prop\u00f3sito: tornar cada comunidade mais pr\u00f3xima&#8221;, exalta.<\/p>\n\n\n\n<p>A Cooperativa Certel foi representada por Samuel Maders, que tamb\u00e9m ressalta as dificuldades dos clubes e organiza\u00e7\u00e3o em fazer uma competi\u00e7\u00e3o de alto n\u00edvel e projeta mais clubes para a pr\u00f3xima temporada.<\/p>\n\n\n\n<p>&#8220;Podemos ter isso futuramente, s\u00e3o comunidades em prol e em volta do esporte. O nosso interesse \u00e9 promover e apoiar esses eventos, com pessoas s\u00e9rias a frente das dire\u00e7\u00f5es e comiss\u00f5es. Vai meu agradecimento a todos pelo grande campeonato&#8221;, aponta.<\/p>\n\n\n\n<p>Organizador da Arbitragem, Jair Roberto Welter, o &#8220;Pivi&#8221;, aproveitou o momento para realizar a doa\u00e7\u00e3o de fornos para o Hospital Ouro Branco e a Associa\u00e7\u00e3o de Pais e Amigos dos Excepcionais (Apae) de Teut\u00f4nia.<\/p>\n\n\n\n<p>&#8220;No ano passado, fiz uma promessa de ajudar na parte social. Passaram campeonatos e sempre fiquei com isso na cabe\u00e7a. Hoje pudemos realizar a doa\u00e7\u00e3o. Quero aproveitar o momento tamb\u00e9m para deixar uma mensagem: vamos reclamar menos e agradecer e ajudar mais, em todos os sentidos&#8221;, comenta.<\/p>\n\n\n\n<figure class=\"wp-block-gallery has-nested-images columns-default is-cropped wp-block-gallery-1 is-layout-flex wp-block-gallery-is-layout-flex\">\n<figure class=\"wp-block-image size-large\"><img loading=\"lazy\" decoding=\"async\" width=\"1024\" height=\"768\" data-id=\"188391\" src=\"https:\/\/folhapopular.info\/wp-content\/uploads\/2025\/06\/WhatsApp-Image-2025-06-13-at-21.47.02-1024x768.jpeg\" alt=\"\" class=\"wp-image-188391\" srcset=\"https:\/\/folhapopular.info\/wp-content\/uploads\/2025\/06\/WhatsApp-Image-2025-06-13-at-21.47.02-1024x768.jpeg 1024w, https:\/\/folhapopular.info\/wp-content\/uploads\/2025\/06\/WhatsApp-Image-2025-06-13-at-21.47.02-300x225.jpeg 300w, https:\/\/folhapopular.info\/wp-content\/uploads\/2025\/06\/WhatsApp-Image-2025-06-13-at-21.47.02-768x576.jpeg 768w, https:\/\/folhapopular.info\/wp-content\/uploads\/2025\/06\/WhatsApp-Image-2025-06-13-at-21.47.02-1536x1152.jpeg 1536w, https:\/\/folhapopular.info\/wp-content\/uploads\/2025\/06\/WhatsApp-Image-2025-06-13-at-21.47.02-2048x1536.jpeg 2048w, https:\/\/folhapopular.info\/wp-content\/uploads\/2025\/06\/WhatsApp-Image-2025-06-13-at-21.47.02-560x420.jpeg 560w, https:\/\/folhapopular.info\/wp-content\/uploads\/2025\/06\/WhatsApp-Image-2025-06-13-at-21.47.02-80x60.jpeg 80w, https:\/\/folhapopular.info\/wp-content\/uploads\/2025\/06\/WhatsApp-Image-2025-06-13-at-21.47.02-696x522.jpeg 696w, https:\/\/folhapopular.info\/wp-content\/uploads\/2025\/06\/WhatsApp-Image-2025-06-13-at-21.47.02-1068x801.jpeg 1068w, https:\/\/folhapopular.info\/wp-content\/uploads\/2025\/06\/WhatsApp-Image-2025-06-13-at-21.47.02-1920x1440.jpeg 1920w\" sizes=\"auto, (max-width: 1024px) 100vw, 1024px\" \/><figcaption class=\"wp-element-caption\">HOB e Apae receberam doa\u00e7\u00f5es da Pivi Arbitragem<br>Cr\u00e9dito: Luis Augusto Huppes<\/figcaption><\/figure>\n<\/figure>\n\n\n\n<p>Em nome da Associa\u00e7\u00e3o de Ligas do Vale do Taquari (Aslivata), o presidente Vianei Batista Hammes, refor\u00e7a o compromisso da entidade em ser cada vez mais comunicativa e seguir com o comprometimento na realiza\u00e7\u00e3o das competi\u00e7\u00f5es.<\/p>\n\n\n\n<p>&#8220;Agrade\u00e7o muito a todos, por terem confiado na Aslivata e realizado esse grande campeonato. \u00c9 muito dif\u00edcil come\u00e7ar um torneio, pois \u00e9 necess\u00e1rio mobilizar para que tenha participa\u00e7\u00e3o. A condu\u00e7\u00e3o e a finaliza\u00e7\u00e3o tamb\u00e9m s\u00e3o extremamente importantes e complicadas. Felizmente tudo encerrou bem e os dirigentes s\u00e3o respons\u00e1veis por isso. Parab\u00e9ns a todos e, que em 2026, possamos fazer um campeonato ainda maior&#8221;, almeja.<\/p>\n\n\n\n<p>O vice-prefeito de Teut\u00f4nia, Evandro Biondo, enaltece que o futebol e o esporte fazem diferen\u00e7a na vida de todos e a renova\u00e7\u00e3o \u00e9 muito importante. &#8220;O esporte faz parte da nossa cultura. As comunidades s\u00e3o envolvidas e todos fazem amizades com ele. Precisamos e fazemos o poss\u00edvel para incentivar campeonatos e para que todos, como seres humanos, possam aproveitar&#8221;, recorda.<\/p>\n\n\n\n<p>J\u00e1 o presidente da Acat, Clomar Pereira, aponta que est\u00e1 em seu \u00faltimo ano e agradece a todos que fizeram o Intermunicipal acontecer. &#8220;Meu ciclo est\u00e1 encerrando, por\u00e9m lembro que a competi\u00e7\u00e3o cresce cada vez mais. Se est\u00e1 com chegadas fortes e disputa, \u00e9 porque todos querem vencer e o campeonato est\u00e1 ficando cada vez mais competitivo e forte&#8221;, diz.<\/p>\n\n\n\n<figure class=\"wp-block-gallery has-nested-images columns-default is-cropped wp-block-gallery-2 is-layout-flex wp-block-gallery-is-layout-flex\">\n<figure class=\"wp-block-image size-large\"><img loading=\"lazy\" decoding=\"async\" width=\"1024\" height=\"768\" data-id=\"188392\" src=\"https:\/\/folhapopular.info\/wp-content\/uploads\/2025\/06\/WhatsApp-Image-2025-06-13-at-21.47.59-1024x768.jpeg\" alt=\"\" class=\"wp-image-188392\" srcset=\"https:\/\/folhapopular.info\/wp-content\/uploads\/2025\/06\/WhatsApp-Image-2025-06-13-at-21.47.59-1024x768.jpeg 1024w, https:\/\/folhapopular.info\/wp-content\/uploads\/2025\/06\/WhatsApp-Image-2025-06-13-at-21.47.59-300x225.jpeg 300w, https:\/\/folhapopular.info\/wp-content\/uploads\/2025\/06\/WhatsApp-Image-2025-06-13-at-21.47.59-768x576.jpeg 768w, https:\/\/folhapopular.info\/wp-content\/uploads\/2025\/06\/WhatsApp-Image-2025-06-13-at-21.47.59-1536x1152.jpeg 1536w, https:\/\/folhapopular.info\/wp-content\/uploads\/2025\/06\/WhatsApp-Image-2025-06-13-at-21.47.59-2048x1536.jpeg 2048w, https:\/\/folhapopular.info\/wp-content\/uploads\/2025\/06\/WhatsApp-Image-2025-06-13-at-21.47.59-560x420.jpeg 560w, https:\/\/folhapopular.info\/wp-content\/uploads\/2025\/06\/WhatsApp-Image-2025-06-13-at-21.47.59-80x60.jpeg 80w, https:\/\/folhapopular.info\/wp-content\/uploads\/2025\/06\/WhatsApp-Image-2025-06-13-at-21.47.59-696x522.jpeg 696w, https:\/\/folhapopular.info\/wp-content\/uploads\/2025\/06\/WhatsApp-Image-2025-06-13-at-21.47.59-1068x801.jpeg 1068w, https:\/\/folhapopular.info\/wp-content\/uploads\/2025\/06\/WhatsApp-Image-2025-06-13-at-21.47.59-1920x1440.jpeg 1920w\" sizes=\"auto, (max-width: 1024px) 100vw, 1024px\" \/><figcaption class=\"wp-element-caption\">Parceiros e organiza\u00e7\u00e3o discursaram durante a cerim\u00f4nia<br>Cr\u00e9dito: Luis Augusto Huppes<\/figcaption><\/figure>\n<\/figure>\n\n\n\n<h5 class=\"wp-block-heading\"><strong>Confira a lista de premiados:<\/strong><\/h5>\n\n\n\n<h2 class=\"wp-block-heading\"><strong>Aspirantes<\/strong><\/h2>\n\n\n\n<p><strong>Gols: <\/strong>107<br><strong>Cart\u00f5es amarelos:<\/strong> 150<br><strong>Cart<strong>\u00f5es<\/strong> vermelhos Jogador:<\/strong> 12<\/p>\n\n\n\n<h4 class=\"wp-block-heading\"><strong>Destaques:<\/strong><\/h4>\n\n\n\n<p><strong>Campe\u00e3o:<\/strong> GR Canabarrense \u2013 Teut\u00f4nia<br><strong>Vice-Campe\u00e3o:<\/strong> EC 11 Amigos \u2013 Po\u00e7o das Antas<\/p>\n\n\n\n<h5 class=\"wp-block-heading\"><strong>Goleador:<\/strong><\/h5>\n\n\n\n<p><strong>Atleta:<\/strong> Andrei Augusto Poersch<br><strong>Equipe:<\/strong> EC 11 Amigos \u2013 Po\u00e7o das Antas<br><strong>Gols Marcados:<\/strong> 8 gols<\/p>\n\n\n\n<h5 class=\"wp-block-heading\"><strong>Defesa:<\/strong><br><strong>Equipe:<\/strong> GR Canabarrense \u2013 Teut\u00f4nia<br><strong>Gols Sofridos:<\/strong> 11 gols em 10 jogos, m\u00e9dia de 1,1 por jogo<\/h5>\n\n\n\n<h5 class=\"wp-block-heading\"><strong>Treinador destaque do Campeonato:<\/strong><\/h5>\n\n\n\n<p><strong>Nome:<\/strong> Jos\u00e9 S\u00e9rgio Jilkin e Guilherme Pl\u00e1cido<strong><br>Equipe:<\/strong> Canabarrense<br><strong>Nome:<\/strong> M\u00e1rcio Patzlaf<strong><br>Equipe:<\/strong> 11 Amigos<\/p>\n\n\n\n<h5 class=\"wp-block-heading\"><strong>Campe\u00e3o Disciplina:<\/strong><\/h5>\n\n\n\n<p><strong>Equipe<\/strong>: EC Atl\u00e9tico Ga\u00facho \u2013 Teut\u00f4nia<br><strong>Disciplina:<\/strong> 120 pontos em 6 Jogos, m\u00e9dia de 20 pontos<\/p>\n\n\n\n<figure class=\"wp-block-gallery has-nested-images columns-default is-cropped wp-block-gallery-3 is-layout-flex wp-block-gallery-is-layout-flex\">\n<figure class=\"wp-block-image size-large\"><img loading=\"lazy\" decoding=\"async\" width=\"1024\" height=\"768\" data-id=\"188382\" src=\"https:\/\/folhapopular.info\/wp-content\/uploads\/2025\/06\/WhatsApp-Image-2025-06-13-at-21.09.02-1-1024x768.jpeg\" alt=\"\" class=\"wp-image-188382\" srcset=\"https:\/\/folhapopular.info\/wp-content\/uploads\/2025\/06\/WhatsApp-Image-2025-06-13-at-21.09.02-1-1024x768.jpeg 1024w, https:\/\/folhapopular.info\/wp-content\/uploads\/2025\/06\/WhatsApp-Image-2025-06-13-at-21.09.02-1-300x225.jpeg 300w, https:\/\/folhapopular.info\/wp-content\/uploads\/2025\/06\/WhatsApp-Image-2025-06-13-at-21.09.02-1-768x576.jpeg 768w, https:\/\/folhapopular.info\/wp-content\/uploads\/2025\/06\/WhatsApp-Image-2025-06-13-at-21.09.02-1-1536x1152.jpeg 1536w, https:\/\/folhapopular.info\/wp-content\/uploads\/2025\/06\/WhatsApp-Image-2025-06-13-at-21.09.02-1-2048x1536.jpeg 2048w, https:\/\/folhapopular.info\/wp-content\/uploads\/2025\/06\/WhatsApp-Image-2025-06-13-at-21.09.02-1-560x420.jpeg 560w, https:\/\/folhapopular.info\/wp-content\/uploads\/2025\/06\/WhatsApp-Image-2025-06-13-at-21.09.02-1-80x60.jpeg 80w, https:\/\/folhapopular.info\/wp-content\/uploads\/2025\/06\/WhatsApp-Image-2025-06-13-at-21.09.02-1-696x522.jpeg 696w, https:\/\/folhapopular.info\/wp-content\/uploads\/2025\/06\/WhatsApp-Image-2025-06-13-at-21.09.02-1-1068x801.jpeg 1068w, https:\/\/folhapopular.info\/wp-content\/uploads\/2025\/06\/WhatsApp-Image-2025-06-13-at-21.09.02-1-1920x1440.jpeg 1920w\" sizes=\"auto, (max-width: 1024px) 100vw, 1024px\" \/><figcaption class=\"wp-element-caption\">Canabarrense foi o grande campe\u00e3o<\/figcaption><\/figure>\n<\/figure>\n\n\n\n<figure class=\"wp-block-gallery has-nested-images columns-default is-cropped wp-block-gallery-4 is-layout-flex wp-block-gallery-is-layout-flex\">\n<figure class=\"wp-block-image size-large\"><img loading=\"lazy\" decoding=\"async\" width=\"1024\" height=\"768\" data-id=\"188377\" src=\"https:\/\/folhapopular.info\/wp-content\/uploads\/2025\/06\/WhatsApp-Image-2025-06-13-at-20.58.43-1-1024x768.jpeg\" alt=\"\" class=\"wp-image-188377\" srcset=\"https:\/\/folhapopular.info\/wp-content\/uploads\/2025\/06\/WhatsApp-Image-2025-06-13-at-20.58.43-1-1024x768.jpeg 1024w, https:\/\/folhapopular.info\/wp-content\/uploads\/2025\/06\/WhatsApp-Image-2025-06-13-at-20.58.43-1-300x225.jpeg 300w, https:\/\/folhapopular.info\/wp-content\/uploads\/2025\/06\/WhatsApp-Image-2025-06-13-at-20.58.43-1-768x576.jpeg 768w, https:\/\/folhapopular.info\/wp-content\/uploads\/2025\/06\/WhatsApp-Image-2025-06-13-at-20.58.43-1-1536x1152.jpeg 1536w, https:\/\/folhapopular.info\/wp-content\/uploads\/2025\/06\/WhatsApp-Image-2025-06-13-at-20.58.43-1-2048x1536.jpeg 2048w, https:\/\/folhapopular.info\/wp-content\/uploads\/2025\/06\/WhatsApp-Image-2025-06-13-at-20.58.43-1-560x420.jpeg 560w, https:\/\/folhapopular.info\/wp-content\/uploads\/2025\/06\/WhatsApp-Image-2025-06-13-at-20.58.43-1-80x60.jpeg 80w, https:\/\/folhapopular.info\/wp-content\/uploads\/2025\/06\/WhatsApp-Image-2025-06-13-at-20.58.43-1-696x522.jpeg 696w, https:\/\/folhapopular.info\/wp-content\/uploads\/2025\/06\/WhatsApp-Image-2025-06-13-at-20.58.43-1-1068x801.jpeg 1068w, https:\/\/folhapopular.info\/wp-content\/uploads\/2025\/06\/WhatsApp-Image-2025-06-13-at-20.58.43-1-1920x1440.jpeg 1920w\" sizes=\"auto, (max-width: 1024px) 100vw, 1024px\" \/><figcaption class=\"wp-element-caption\">Melhores treinadores da categoria Aspirantes<\/figcaption><\/figure>\n\n\n\n<figure class=\"wp-block-image size-large\"><img loading=\"lazy\" decoding=\"async\" width=\"1024\" height=\"768\" data-id=\"188378\" src=\"https:\/\/folhapopular.info\/wp-content\/uploads\/2025\/06\/WhatsApp-Image-2025-06-13-at-20.59.49-1-1024x768.jpeg\" alt=\"\" class=\"wp-image-188378\" srcset=\"https:\/\/folhapopular.info\/wp-content\/uploads\/2025\/06\/WhatsApp-Image-2025-06-13-at-20.59.49-1-1024x768.jpeg 1024w, https:\/\/folhapopular.info\/wp-content\/uploads\/2025\/06\/WhatsApp-Image-2025-06-13-at-20.59.49-1-300x225.jpeg 300w, https:\/\/folhapopular.info\/wp-content\/uploads\/2025\/06\/WhatsApp-Image-2025-06-13-at-20.59.49-1-768x576.jpeg 768w, https:\/\/folhapopular.info\/wp-content\/uploads\/2025\/06\/WhatsApp-Image-2025-06-13-at-20.59.49-1-1536x1152.jpeg 1536w, https:\/\/folhapopular.info\/wp-content\/uploads\/2025\/06\/WhatsApp-Image-2025-06-13-at-20.59.49-1-2048x1536.jpeg 2048w, https:\/\/folhapopular.info\/wp-content\/uploads\/2025\/06\/WhatsApp-Image-2025-06-13-at-20.59.49-1-560x420.jpeg 560w, https:\/\/folhapopular.info\/wp-content\/uploads\/2025\/06\/WhatsApp-Image-2025-06-13-at-20.59.49-1-80x60.jpeg 80w, https:\/\/folhapopular.info\/wp-content\/uploads\/2025\/06\/WhatsApp-Image-2025-06-13-at-20.59.49-1-696x522.jpeg 696w, https:\/\/folhapopular.info\/wp-content\/uploads\/2025\/06\/WhatsApp-Image-2025-06-13-at-20.59.49-1-1068x801.jpeg 1068w, https:\/\/folhapopular.info\/wp-content\/uploads\/2025\/06\/WhatsApp-Image-2025-06-13-at-20.59.49-1-1920x1440.jpeg 1920w\" sizes=\"auto, (max-width: 1024px) 100vw, 1024px\" \/><figcaption class=\"wp-element-caption\">Melhor Disciplina ficou com o Atl\u00e9tico Ga\u00facho<\/figcaption><\/figure>\n<\/figure>\n\n\n\n<figure class=\"wp-block-gallery has-nested-images columns-default is-cropped wp-block-gallery-5 is-layout-flex wp-block-gallery-is-layout-flex\">\n<figure class=\"wp-block-image size-large\"><img loading=\"lazy\" decoding=\"async\" width=\"1024\" height=\"768\" data-id=\"188379\" src=\"https:\/\/folhapopular.info\/wp-content\/uploads\/2025\/06\/WhatsApp-Image-2025-06-13-at-21.00.55-1-1024x768.jpeg\" alt=\"\" class=\"wp-image-188379\" srcset=\"https:\/\/folhapopular.info\/wp-content\/uploads\/2025\/06\/WhatsApp-Image-2025-06-13-at-21.00.55-1-1024x768.jpeg 1024w, https:\/\/folhapopular.info\/wp-content\/uploads\/2025\/06\/WhatsApp-Image-2025-06-13-at-21.00.55-1-300x225.jpeg 300w, https:\/\/folhapopular.info\/wp-content\/uploads\/2025\/06\/WhatsApp-Image-2025-06-13-at-21.00.55-1-768x576.jpeg 768w, https:\/\/folhapopular.info\/wp-content\/uploads\/2025\/06\/WhatsApp-Image-2025-06-13-at-21.00.55-1-1536x1152.jpeg 1536w, https:\/\/folhapopular.info\/wp-content\/uploads\/2025\/06\/WhatsApp-Image-2025-06-13-at-21.00.55-1-2048x1536.jpeg 2048w, https:\/\/folhapopular.info\/wp-content\/uploads\/2025\/06\/WhatsApp-Image-2025-06-13-at-21.00.55-1-560x420.jpeg 560w, https:\/\/folhapopular.info\/wp-content\/uploads\/2025\/06\/WhatsApp-Image-2025-06-13-at-21.00.55-1-80x60.jpeg 80w, https:\/\/folhapopular.info\/wp-content\/uploads\/2025\/06\/WhatsApp-Image-2025-06-13-at-21.00.55-1-696x522.jpeg 696w, https:\/\/folhapopular.info\/wp-content\/uploads\/2025\/06\/WhatsApp-Image-2025-06-13-at-21.00.55-1-1068x801.jpeg 1068w, https:\/\/folhapopular.info\/wp-content\/uploads\/2025\/06\/WhatsApp-Image-2025-06-13-at-21.00.55-1-1920x1440.jpeg 1920w\" sizes=\"auto, (max-width: 1024px) 100vw, 1024px\" \/><figcaption class=\"wp-element-caption\">Melhores defesas do campeonato<\/figcaption><\/figure>\n\n\n\n<figure class=\"wp-block-image size-large\"><img loading=\"lazy\" decoding=\"async\" width=\"1024\" height=\"768\" data-id=\"188380\" src=\"https:\/\/folhapopular.info\/wp-content\/uploads\/2025\/06\/WhatsApp-Image-2025-06-13-at-21.01.19-1-1024x768.jpeg\" alt=\"\" class=\"wp-image-188380\" srcset=\"https:\/\/folhapopular.info\/wp-content\/uploads\/2025\/06\/WhatsApp-Image-2025-06-13-at-21.01.19-1-1024x768.jpeg 1024w, https:\/\/folhapopular.info\/wp-content\/uploads\/2025\/06\/WhatsApp-Image-2025-06-13-at-21.01.19-1-300x225.jpeg 300w, https:\/\/folhapopular.info\/wp-content\/uploads\/2025\/06\/WhatsApp-Image-2025-06-13-at-21.01.19-1-768x576.jpeg 768w, https:\/\/folhapopular.info\/wp-content\/uploads\/2025\/06\/WhatsApp-Image-2025-06-13-at-21.01.19-1-1536x1152.jpeg 1536w, https:\/\/folhapopular.info\/wp-content\/uploads\/2025\/06\/WhatsApp-Image-2025-06-13-at-21.01.19-1-2048x1536.jpeg 2048w, https:\/\/folhapopular.info\/wp-content\/uploads\/2025\/06\/WhatsApp-Image-2025-06-13-at-21.01.19-1-560x420.jpeg 560w, https:\/\/folhapopular.info\/wp-content\/uploads\/2025\/06\/WhatsApp-Image-2025-06-13-at-21.01.19-1-80x60.jpeg 80w, https:\/\/folhapopular.info\/wp-content\/uploads\/2025\/06\/WhatsApp-Image-2025-06-13-at-21.01.19-1-696x522.jpeg 696w, https:\/\/folhapopular.info\/wp-content\/uploads\/2025\/06\/WhatsApp-Image-2025-06-13-at-21.01.19-1-1068x801.jpeg 1068w, https:\/\/folhapopular.info\/wp-content\/uploads\/2025\/06\/WhatsApp-Image-2025-06-13-at-21.01.19-1-1920x1440.jpeg 1920w\" sizes=\"auto, (max-width: 1024px) 100vw, 1024px\" \/><figcaption class=\"wp-element-caption\">M\u00e1rcio Patzlaf representou Andrei Poersch, na premia\u00e7\u00e3o de artilheiro<\/figcaption><\/figure>\n<\/figure>\n\n\n\n<figure class=\"wp-block-gallery has-nested-images columns-default is-cropped wp-block-gallery-6 is-layout-flex wp-block-gallery-is-layout-flex\">\n<figure class=\"wp-block-image size-large\"><img loading=\"lazy\" decoding=\"async\" width=\"1024\" height=\"768\" data-id=\"188381\" src=\"https:\/\/folhapopular.info\/wp-content\/uploads\/2025\/06\/WhatsApp-Image-2025-06-13-at-21.02.29-1-1024x768.jpeg\" alt=\"\" class=\"wp-image-188381\" srcset=\"https:\/\/folhapopular.info\/wp-content\/uploads\/2025\/06\/WhatsApp-Image-2025-06-13-at-21.02.29-1-1024x768.jpeg 1024w, https:\/\/folhapopular.info\/wp-content\/uploads\/2025\/06\/WhatsApp-Image-2025-06-13-at-21.02.29-1-300x225.jpeg 300w, https:\/\/folhapopular.info\/wp-content\/uploads\/2025\/06\/WhatsApp-Image-2025-06-13-at-21.02.29-1-768x576.jpeg 768w, https:\/\/folhapopular.info\/wp-content\/uploads\/2025\/06\/WhatsApp-Image-2025-06-13-at-21.02.29-1-1536x1152.jpeg 1536w, https:\/\/folhapopular.info\/wp-content\/uploads\/2025\/06\/WhatsApp-Image-2025-06-13-at-21.02.29-1-2048x1536.jpeg 2048w, https:\/\/folhapopular.info\/wp-content\/uploads\/2025\/06\/WhatsApp-Image-2025-06-13-at-21.02.29-1-560x420.jpeg 560w, https:\/\/folhapopular.info\/wp-content\/uploads\/2025\/06\/WhatsApp-Image-2025-06-13-at-21.02.29-1-80x60.jpeg 80w, https:\/\/folhapopular.info\/wp-content\/uploads\/2025\/06\/WhatsApp-Image-2025-06-13-at-21.02.29-1-696x522.jpeg 696w, https:\/\/folhapopular.info\/wp-content\/uploads\/2025\/06\/WhatsApp-Image-2025-06-13-at-21.02.29-1-1068x801.jpeg 1068w, https:\/\/folhapopular.info\/wp-content\/uploads\/2025\/06\/WhatsApp-Image-2025-06-13-at-21.02.29-1-1920x1440.jpeg 1920w\" sizes=\"auto, (max-width: 1024px) 100vw, 1024px\" \/><figcaption class=\"wp-element-caption\">11 Amigos foi vice-campe\u00e3o<br>Cr\u00e9ditos: Luis Augusto Huppes<\/figcaption><\/figure>\n<\/figure>\n\n\n\n<h2 class=\"wp-block-heading\"><strong>Titulares<\/strong><\/h2>\n\n\n\n<p><strong>Gols:<\/strong> 101<br><strong>Cart\u00f5es amarelos: <\/strong>147<br><strong>Cart\u00f5es vermelhos:<\/strong> 25<\/p>\n\n\n\n<h4 class=\"wp-block-heading\"><strong>Destaques:<\/strong><\/h4>\n\n\n\n<p><strong>Campe\u00e3o:<\/strong> GR Canabarrense \u2013 Teut\u00f4nia<br><strong>Vice-Campe\u00e3o:<\/strong> EC Po\u00e7o das Antas\u2013 Po\u00e7o das Antas<\/p>\n\n\n\n<h5 class=\"wp-block-heading\"><strong>Goleador:<\/strong><\/h5>\n\n\n\n<p><strong>Atleta:<\/strong> Maicon Benini<br><strong>Equipe: <\/strong>EC Po\u00e7o das Antas\u2013 Po\u00e7o das Antas<br><strong>Gols Marcados:<\/strong> 10 gols<\/p>\n\n\n\n<h5 class=\"wp-block-heading\"><strong>Defesa:<\/strong><\/h5>\n\n\n\n<p><strong>Equipe: <\/strong>GR Canabarrense \u2013 Teut\u00f4nia<br><strong>Gols Sofridos:<\/strong> 6 gols em 10 jogos, m\u00e9dia de 0,6 por jogo<\/p>\n\n\n\n<h4 class=\"wp-block-heading\"><strong>Campe\u00e3o Disciplina:<\/strong><\/h4>\n\n\n\n<p><strong>Equipe: <\/strong>SER Ga\u00facho \u2013 Teut\u00f4nia<br><strong>Disciplina:<\/strong> 200 pontos, m\u00e9dia de 25 pontos<\/p>\n\n\n\n<p><strong>Treinador destaque do Campeonato:<\/strong><\/p>\n\n\n\n<p><strong>Nome:<\/strong> Vanderlei Weiand<br><strong>Equipe:<\/strong> Canabarrense<br><strong>Nome:<\/strong> Jocelito Anschau<br><strong>Equipe:<\/strong> Po\u00e7o das Antas<\/p>\n\n\n\n<figure class=\"wp-block-gallery has-nested-images columns-default is-cropped wp-block-gallery-7 is-layout-flex wp-block-gallery-is-layout-flex\">\n<figure class=\"wp-block-image size-large\"><img loading=\"lazy\" decoding=\"async\" width=\"1024\" height=\"768\" data-id=\"188387\" src=\"https:\/\/folhapopular.info\/wp-content\/uploads\/2025\/06\/WhatsApp-Image-2025-06-13-at-21.11.37-1-1024x768.jpeg\" alt=\"\" class=\"wp-image-188387\" srcset=\"https:\/\/folhapopular.info\/wp-content\/uploads\/2025\/06\/WhatsApp-Image-2025-06-13-at-21.11.37-1-1024x768.jpeg 1024w, https:\/\/folhapopular.info\/wp-content\/uploads\/2025\/06\/WhatsApp-Image-2025-06-13-at-21.11.37-1-300x225.jpeg 300w, https:\/\/folhapopular.info\/wp-content\/uploads\/2025\/06\/WhatsApp-Image-2025-06-13-at-21.11.37-1-768x576.jpeg 768w, https:\/\/folhapopular.info\/wp-content\/uploads\/2025\/06\/WhatsApp-Image-2025-06-13-at-21.11.37-1-1536x1152.jpeg 1536w, https:\/\/folhapopular.info\/wp-content\/uploads\/2025\/06\/WhatsApp-Image-2025-06-13-at-21.11.37-1-2048x1536.jpeg 2048w, https:\/\/folhapopular.info\/wp-content\/uploads\/2025\/06\/WhatsApp-Image-2025-06-13-at-21.11.37-1-560x420.jpeg 560w, https:\/\/folhapopular.info\/wp-content\/uploads\/2025\/06\/WhatsApp-Image-2025-06-13-at-21.11.37-1-80x60.jpeg 80w, https:\/\/folhapopular.info\/wp-content\/uploads\/2025\/06\/WhatsApp-Image-2025-06-13-at-21.11.37-1-696x522.jpeg 696w, https:\/\/folhapopular.info\/wp-content\/uploads\/2025\/06\/WhatsApp-Image-2025-06-13-at-21.11.37-1-1068x801.jpeg 1068w, https:\/\/folhapopular.info\/wp-content\/uploads\/2025\/06\/WhatsApp-Image-2025-06-13-at-21.11.37-1-1920x1440.jpeg 1920w\" sizes=\"auto, (max-width: 1024px) 100vw, 1024px\" \/><figcaption class=\"wp-element-caption\">Canabarrense conquistou o tricampeonato do Intermunicipal<\/figcaption><\/figure>\n<\/figure>\n\n\n\n<figure class=\"wp-block-gallery has-nested-images columns-default is-cropped wp-block-gallery-8 is-layout-flex wp-block-gallery-is-layout-flex\">\n<figure class=\"wp-block-image size-large\"><img loading=\"lazy\" decoding=\"async\" width=\"1024\" height=\"768\" data-id=\"188383\" src=\"https:\/\/folhapopular.info\/wp-content\/uploads\/2025\/06\/WhatsApp-Image-2025-06-13-at-21.04.04-1-1024x768.jpeg\" alt=\"\" class=\"wp-image-188383\" srcset=\"https:\/\/folhapopular.info\/wp-content\/uploads\/2025\/06\/WhatsApp-Image-2025-06-13-at-21.04.04-1-1024x768.jpeg 1024w, https:\/\/folhapopular.info\/wp-content\/uploads\/2025\/06\/WhatsApp-Image-2025-06-13-at-21.04.04-1-300x225.jpeg 300w, https:\/\/folhapopular.info\/wp-content\/uploads\/2025\/06\/WhatsApp-Image-2025-06-13-at-21.04.04-1-768x576.jpeg 768w, https:\/\/folhapopular.info\/wp-content\/uploads\/2025\/06\/WhatsApp-Image-2025-06-13-at-21.04.04-1-1536x1152.jpeg 1536w, https:\/\/folhapopular.info\/wp-content\/uploads\/2025\/06\/WhatsApp-Image-2025-06-13-at-21.04.04-1-2048x1536.jpeg 2048w, https:\/\/folhapopular.info\/wp-content\/uploads\/2025\/06\/WhatsApp-Image-2025-06-13-at-21.04.04-1-560x420.jpeg 560w, https:\/\/folhapopular.info\/wp-content\/uploads\/2025\/06\/WhatsApp-Image-2025-06-13-at-21.04.04-1-80x60.jpeg 80w, https:\/\/folhapopular.info\/wp-content\/uploads\/2025\/06\/WhatsApp-Image-2025-06-13-at-21.04.04-1-696x522.jpeg 696w, https:\/\/folhapopular.info\/wp-content\/uploads\/2025\/06\/WhatsApp-Image-2025-06-13-at-21.04.04-1-1068x801.jpeg 1068w, https:\/\/folhapopular.info\/wp-content\/uploads\/2025\/06\/WhatsApp-Image-2025-06-13-at-21.04.04-1-1920x1440.jpeg 1920w\" sizes=\"auto, (max-width: 1024px) 100vw, 1024px\" \/><figcaption class=\"wp-element-caption\">Ga\u00facho teve a melhor Disciplina<\/figcaption><\/figure>\n\n\n\n<figure class=\"wp-block-image size-large\"><img loading=\"lazy\" decoding=\"async\" width=\"1024\" height=\"768\" data-id=\"188384\" src=\"https:\/\/folhapopular.info\/wp-content\/uploads\/2025\/06\/WhatsApp-Image-2025-06-13-at-21.03.06-1-1024x768.jpeg\" alt=\"\" class=\"wp-image-188384\" srcset=\"https:\/\/folhapopular.info\/wp-content\/uploads\/2025\/06\/WhatsApp-Image-2025-06-13-at-21.03.06-1-1024x768.jpeg 1024w, https:\/\/folhapopular.info\/wp-content\/uploads\/2025\/06\/WhatsApp-Image-2025-06-13-at-21.03.06-1-300x225.jpeg 300w, https:\/\/folhapopular.info\/wp-content\/uploads\/2025\/06\/WhatsApp-Image-2025-06-13-at-21.03.06-1-768x576.jpeg 768w, https:\/\/folhapopular.info\/wp-content\/uploads\/2025\/06\/WhatsApp-Image-2025-06-13-at-21.03.06-1-1536x1152.jpeg 1536w, https:\/\/folhapopular.info\/wp-content\/uploads\/2025\/06\/WhatsApp-Image-2025-06-13-at-21.03.06-1-2048x1536.jpeg 2048w, https:\/\/folhapopular.info\/wp-content\/uploads\/2025\/06\/WhatsApp-Image-2025-06-13-at-21.03.06-1-560x420.jpeg 560w, https:\/\/folhapopular.info\/wp-content\/uploads\/2025\/06\/WhatsApp-Image-2025-06-13-at-21.03.06-1-80x60.jpeg 80w, https:\/\/folhapopular.info\/wp-content\/uploads\/2025\/06\/WhatsApp-Image-2025-06-13-at-21.03.06-1-696x522.jpeg 696w, https:\/\/folhapopular.info\/wp-content\/uploads\/2025\/06\/WhatsApp-Image-2025-06-13-at-21.03.06-1-1068x801.jpeg 1068w, https:\/\/folhapopular.info\/wp-content\/uploads\/2025\/06\/WhatsApp-Image-2025-06-13-at-21.03.06-1-1920x1440.jpeg 1920w\" sizes=\"auto, (max-width: 1024px) 100vw, 1024px\" \/><figcaption class=\"wp-element-caption\">Peixe (e) e Jocelito (representado por dirigente) foram os melhores treinadores dos Titulares<\/figcaption><\/figure>\n<\/figure>\n\n\n\n<figure class=\"wp-block-gallery has-nested-images columns-default is-cropped wp-block-gallery-9 is-layout-flex wp-block-gallery-is-layout-flex\">\n<figure class=\"wp-block-image size-large\"><img loading=\"lazy\" decoding=\"async\" width=\"1024\" height=\"768\" data-id=\"188385\" src=\"https:\/\/folhapopular.info\/wp-content\/uploads\/2025\/06\/WhatsApp-Image-2025-06-13-at-21.05.31-1-1024x768.jpeg\" alt=\"\" class=\"wp-image-188385\" srcset=\"https:\/\/folhapopular.info\/wp-content\/uploads\/2025\/06\/WhatsApp-Image-2025-06-13-at-21.05.31-1-1024x768.jpeg 1024w, https:\/\/folhapopular.info\/wp-content\/uploads\/2025\/06\/WhatsApp-Image-2025-06-13-at-21.05.31-1-300x225.jpeg 300w, https:\/\/folhapopular.info\/wp-content\/uploads\/2025\/06\/WhatsApp-Image-2025-06-13-at-21.05.31-1-768x576.jpeg 768w, https:\/\/folhapopular.info\/wp-content\/uploads\/2025\/06\/WhatsApp-Image-2025-06-13-at-21.05.31-1-1536x1152.jpeg 1536w, https:\/\/folhapopular.info\/wp-content\/uploads\/2025\/06\/WhatsApp-Image-2025-06-13-at-21.05.31-1-2048x1536.jpeg 2048w, https:\/\/folhapopular.info\/wp-content\/uploads\/2025\/06\/WhatsApp-Image-2025-06-13-at-21.05.31-1-560x420.jpeg 560w, https:\/\/folhapopular.info\/wp-content\/uploads\/2025\/06\/WhatsApp-Image-2025-06-13-at-21.05.31-1-80x60.jpeg 80w, https:\/\/folhapopular.info\/wp-content\/uploads\/2025\/06\/WhatsApp-Image-2025-06-13-at-21.05.31-1-696x522.jpeg 696w, https:\/\/folhapopular.info\/wp-content\/uploads\/2025\/06\/WhatsApp-Image-2025-06-13-at-21.05.31-1-1068x801.jpeg 1068w, https:\/\/folhapopular.info\/wp-content\/uploads\/2025\/06\/WhatsApp-Image-2025-06-13-at-21.05.31-1-1920x1440.jpeg 1920w\" sizes=\"auto, (max-width: 1024px) 100vw, 1024px\" \/><figcaption class=\"wp-element-caption\">Maicon Benini foi artilheiro com 10 gols<\/figcaption><\/figure>\n\n\n\n<figure class=\"wp-block-image size-large\"><img loading=\"lazy\" decoding=\"async\" width=\"1024\" height=\"768\" data-id=\"188386\" src=\"https:\/\/folhapopular.info\/wp-content\/uploads\/2025\/06\/WhatsApp-Image-2025-06-13-at-21.04.56-1-1024x768.jpeg\" alt=\"\" class=\"wp-image-188386\" srcset=\"https:\/\/folhapopular.info\/wp-content\/uploads\/2025\/06\/WhatsApp-Image-2025-06-13-at-21.04.56-1-1024x768.jpeg 1024w, https:\/\/folhapopular.info\/wp-content\/uploads\/2025\/06\/WhatsApp-Image-2025-06-13-at-21.04.56-1-300x225.jpeg 300w, https:\/\/folhapopular.info\/wp-content\/uploads\/2025\/06\/WhatsApp-Image-2025-06-13-at-21.04.56-1-768x576.jpeg 768w, https:\/\/folhapopular.info\/wp-content\/uploads\/2025\/06\/WhatsApp-Image-2025-06-13-at-21.04.56-1-1536x1152.jpeg 1536w, https:\/\/folhapopular.info\/wp-content\/uploads\/2025\/06\/WhatsApp-Image-2025-06-13-at-21.04.56-1-2048x1536.jpeg 2048w, https:\/\/folhapopular.info\/wp-content\/uploads\/2025\/06\/WhatsApp-Image-2025-06-13-at-21.04.56-1-560x420.jpeg 560w, https:\/\/folhapopular.info\/wp-content\/uploads\/2025\/06\/WhatsApp-Image-2025-06-13-at-21.04.56-1-80x60.jpeg 80w, https:\/\/folhapopular.info\/wp-content\/uploads\/2025\/06\/WhatsApp-Image-2025-06-13-at-21.04.56-1-696x522.jpeg 696w, https:\/\/folhapopular.info\/wp-content\/uploads\/2025\/06\/WhatsApp-Image-2025-06-13-at-21.04.56-1-1068x801.jpeg 1068w, https:\/\/folhapopular.info\/wp-content\/uploads\/2025\/06\/WhatsApp-Image-2025-06-13-at-21.04.56-1-1920x1440.jpeg 1920w\" sizes=\"auto, (max-width: 1024px) 100vw, 1024px\" \/><figcaption class=\"wp-element-caption\">Torcedor ic\u00f4nico do Canabarrense, Moa, recebeu o pr\u00eamio da melhor defesa<\/figcaption><\/figure>\n<\/figure>\n\n\n\n<figure class=\"wp-block-gallery has-nested-images columns-default is-cropped wp-block-gallery-10 is-layout-flex wp-block-gallery-is-layout-flex\">\n<figure class=\"wp-block-image size-large\"><img loading=\"lazy\" decoding=\"async\" width=\"1024\" height=\"768\" data-id=\"188388\" src=\"https:\/\/folhapopular.info\/wp-content\/uploads\/2025\/06\/WhatsApp-Image-2025-06-13-at-21.06.25-1-1024x768.jpeg\" alt=\"\" class=\"wp-image-188388\" srcset=\"https:\/\/folhapopular.info\/wp-content\/uploads\/2025\/06\/WhatsApp-Image-2025-06-13-at-21.06.25-1-1024x768.jpeg 1024w, https:\/\/folhapopular.info\/wp-content\/uploads\/2025\/06\/WhatsApp-Image-2025-06-13-at-21.06.25-1-300x225.jpeg 300w, https:\/\/folhapopular.info\/wp-content\/uploads\/2025\/06\/WhatsApp-Image-2025-06-13-at-21.06.25-1-768x576.jpeg 768w, https:\/\/folhapopular.info\/wp-content\/uploads\/2025\/06\/WhatsApp-Image-2025-06-13-at-21.06.25-1-1536x1152.jpeg 1536w, https:\/\/folhapopular.info\/wp-content\/uploads\/2025\/06\/WhatsApp-Image-2025-06-13-at-21.06.25-1-2048x1536.jpeg 2048w, https:\/\/folhapopular.info\/wp-content\/uploads\/2025\/06\/WhatsApp-Image-2025-06-13-at-21.06.25-1-560x420.jpeg 560w, https:\/\/folhapopular.info\/wp-content\/uploads\/2025\/06\/WhatsApp-Image-2025-06-13-at-21.06.25-1-80x60.jpeg 80w, https:\/\/folhapopular.info\/wp-content\/uploads\/2025\/06\/WhatsApp-Image-2025-06-13-at-21.06.25-1-696x522.jpeg 696w, https:\/\/folhapopular.info\/wp-content\/uploads\/2025\/06\/WhatsApp-Image-2025-06-13-at-21.06.25-1-1068x801.jpeg 1068w, https:\/\/folhapopular.info\/wp-content\/uploads\/2025\/06\/WhatsApp-Image-2025-06-13-at-21.06.25-1-1920x1440.jpeg 1920w\" sizes=\"auto, (max-width: 1024px) 100vw, 1024px\" \/><figcaption class=\"wp-element-caption\">Po\u00e7o das Antas foi vice-campe\u00e3o<\/figcaption><\/figure>\n<\/figure>\n\n\n\n<figure class=\"wp-block-gallery has-nested-images columns-default is-cropped wp-block-gallery-11 is-layout-flex wp-block-gallery-is-layout-flex\">\n<figure class=\"wp-block-image size-large\"><img loading=\"lazy\" decoding=\"async\" width=\"1024\" height=\"768\" data-id=\"188389\" src=\"https:\/\/folhapopular.info\/wp-content\/uploads\/2025\/06\/WhatsApp-Image-2025-06-13-at-21.07.49-1-1024x768.jpeg\" alt=\"\" class=\"wp-image-188389\" srcset=\"https:\/\/folhapopular.info\/wp-content\/uploads\/2025\/06\/WhatsApp-Image-2025-06-13-at-21.07.49-1-1024x768.jpeg 1024w, https:\/\/folhapopular.info\/wp-content\/uploads\/2025\/06\/WhatsApp-Image-2025-06-13-at-21.07.49-1-300x225.jpeg 300w, https:\/\/folhapopular.info\/wp-content\/uploads\/2025\/06\/WhatsApp-Image-2025-06-13-at-21.07.49-1-768x576.jpeg 768w, https:\/\/folhapopular.info\/wp-content\/uploads\/2025\/06\/WhatsApp-Image-2025-06-13-at-21.07.49-1-1536x1152.jpeg 1536w, https:\/\/folhapopular.info\/wp-content\/uploads\/2025\/06\/WhatsApp-Image-2025-06-13-at-21.07.49-1-2048x1536.jpeg 2048w, https:\/\/folhapopular.info\/wp-content\/uploads\/2025\/06\/WhatsApp-Image-2025-06-13-at-21.07.49-1-560x420.jpeg 560w, https:\/\/folhapopular.info\/wp-content\/uploads\/2025\/06\/WhatsApp-Image-2025-06-13-at-21.07.49-1-80x60.jpeg 80w, https:\/\/folhapopular.info\/wp-content\/uploads\/2025\/06\/WhatsApp-Image-2025-06-13-at-21.07.49-1-696x522.jpeg 696w, https:\/\/folhapopular.info\/wp-content\/uploads\/2025\/06\/WhatsApp-Image-2025-06-13-at-21.07.49-1-1068x801.jpeg 1068w, https:\/\/folhapopular.info\/wp-content\/uploads\/2025\/06\/WhatsApp-Image-2025-06-13-at-21.07.49-1-1920x1440.jpeg 1920w\" sizes=\"auto, (max-width: 1024px) 100vw, 1024px\" \/><figcaption class=\"wp-element-caption\">Equipe com melhor Disciplina Geral, <br>Ga\u00facho ganhou um freezer como pr\u00eamio<\/figcaption><\/figure>\n\n\n\n<figure class=\"wp-block-image size-large\"><img loading=\"lazy\" decoding=\"async\" width=\"1024\" height=\"768\" data-id=\"188390\" src=\"https:\/\/folhapopular.info\/wp-content\/uploads\/2025\/06\/WhatsApp-Image-2025-06-13-at-21.10.29-1-1024x768.jpeg\" alt=\"\" class=\"wp-image-188390\" srcset=\"https:\/\/folhapopular.info\/wp-content\/uploads\/2025\/06\/WhatsApp-Image-2025-06-13-at-21.10.29-1-1024x768.jpeg 1024w, https:\/\/folhapopular.info\/wp-content\/uploads\/2025\/06\/WhatsApp-Image-2025-06-13-at-21.10.29-1-300x225.jpeg 300w, https:\/\/folhapopular.info\/wp-content\/uploads\/2025\/06\/WhatsApp-Image-2025-06-13-at-21.10.29-1-768x576.jpeg 768w, https:\/\/folhapopular.info\/wp-content\/uploads\/2025\/06\/WhatsApp-Image-2025-06-13-at-21.10.29-1-1536x1152.jpeg 1536w, https:\/\/folhapopular.info\/wp-content\/uploads\/2025\/06\/WhatsApp-Image-2025-06-13-at-21.10.29-1-2048x1536.jpeg 2048w, https:\/\/folhapopular.info\/wp-content\/uploads\/2025\/06\/WhatsApp-Image-2025-06-13-at-21.10.29-1-560x420.jpeg 560w, https:\/\/folhapopular.info\/wp-content\/uploads\/2025\/06\/WhatsApp-Image-2025-06-13-at-21.10.29-1-80x60.jpeg 80w, https:\/\/folhapopular.info\/wp-content\/uploads\/2025\/06\/WhatsApp-Image-2025-06-13-at-21.10.29-1-696x522.jpeg 696w, https:\/\/folhapopular.info\/wp-content\/uploads\/2025\/06\/WhatsApp-Image-2025-06-13-at-21.10.29-1-1068x801.jpeg 1068w, https:\/\/folhapopular.info\/wp-content\/uploads\/2025\/06\/WhatsApp-Image-2025-06-13-at-21.10.29-1-1920x1440.jpeg 1920w\" sizes=\"auto, (max-width: 1024px) 100vw, 1024px\" \/><figcaption class=\"wp-element-caption\">Todos os destaques individuais do campeonato<\/figcaption><\/figure>\n<figcaption class=\"blocks-gallery-caption wp-element-caption\">Cr\u00e9ditos: Luis Augusto Huppes<\/figcaption><\/figure>\n","protected":false},"excerpt":{"rendered":"<p>A Associa\u00e7\u00e3o de Clubes Amadores de Teut\u00f4nia (Acat) premiou os destaques do Campeonato Intermunicipal Sicredi Certel 2025 na noite desta sexta-feira (13\/6), em cerim\u00f4nia realizada na sede do Gr\u00eamio Recreativo Canabarrense, no Bairro Canabarro, em Teut\u00f4nia. A competi\u00e7\u00e3o reuniu oito clubes dos munic\u00edpios de Teut\u00f4nia, Po\u00e7o das Antas e Westf\u00e1lia. O campeonato foi de 9 [&hellip;]<\/p>\n","protected":false},"author":732,"featured_media":188393,"comment_status":"open","ping_status":"open","sticky":false,"template":"","format":"standard","meta":{"pmpro_default_level":"","_jetpack_memberships_contains_paid_content":false,"footnotes":""},"categories":[2,5,240,18154],"tags":[147,17701,1068],"class_list":{"0":"post-188360","1":"post","2":"type-post","3":"status-publish","4":"format-standard","5":"has-post-thumbnail","7":"category-featured","8":"category-esportes","9":"category-futebol-amador","10":"category-intermunicipal-2025","11":"tag-futebol-amador","12":"tag-intermunicipal-sicredi-certel-2025","13":"tag-premiacao","14":"pmpro-has-access"},"yoast_head":"<!-- This site is optimized with the Yoast SEO plugin v27.5 - https:\/\/yoast.com\/product\/yoast-seo-wordpress\/ -->\n<title>Premiados os destaques do Intermunicipal 2025 - Folha Popular<\/title>\n<meta name=\"robots\" content=\"index, follow, max-snippet:-1, max-image-preview:large, max-video-preview:-1\" \/>\n<link rel=\"canonical\" href=\"https:\/\/folhapopular.info\/index.php\/2025\/06\/13\/premiados-os-destaques-do-intermunicipal-2025\/\" \/>\n<meta property=\"og:locale\" content=\"pt_BR\" \/>\n<meta property=\"og:type\" content=\"article\" \/>\n<meta property=\"og:title\" content=\"Premiados os destaques do Intermunicipal 2025 - Folha Popular\" \/>\n<meta property=\"og:description\" content=\"A Associa\u00e7\u00e3o de Clubes Amadores de Teut\u00f4nia (Acat) premiou os destaques do Campeonato Intermunicipal Sicredi Certel 2025 na noite desta sexta-feira (13\/6), em cerim\u00f4nia realizada na sede do Gr\u00eamio Recreativo Canabarrense, no Bairro Canabarro, em Teut\u00f4nia. A competi\u00e7\u00e3o reuniu oito clubes dos munic\u00edpios de Teut\u00f4nia, Po\u00e7o das Antas e Westf\u00e1lia. O campeonato foi de 9 [&hellip;]\" \/>\n<meta property=\"og:url\" content=\"https:\/\/folhapopular.info\/index.php\/2025\/06\/13\/premiados-os-destaques-do-intermunicipal-2025\/\" \/>\n<meta property=\"og:site_name\" content=\"Folha Popular\" \/>\n<meta property=\"article:author\" content=\"https:\/\/www.facebook.com\/luis.huppes\/\" \/>\n<meta property=\"article:published_time\" content=\"2025-06-14T00:50:52+00:00\" \/>\n<meta property=\"article:modified_time\" content=\"2025-06-14T01:19:41+00:00\" \/>\n<meta property=\"og:image\" content=\"http:\/\/folhapopular.info\/wp-content\/uploads\/2025\/06\/WhatsApp-Image-2025-06-13-at-21.47.31-scaled.jpeg\" \/>\n\t<meta property=\"og:image:width\" content=\"2560\" \/>\n\t<meta property=\"og:image:height\" content=\"1920\" \/>\n\t<meta property=\"og:image:type\" content=\"image\/jpeg\" \/>\n<meta name=\"author\" content=\"Luis Augusto Huppes\" \/>\n<meta name=\"twitter:card\" content=\"summary_large_image\" \/>\n<meta name=\"twitter:label1\" content=\"Escrito por\" \/>\n\t<meta name=\"twitter:data1\" content=\"Luis Augusto Huppes\" \/>\n\t<meta name=\"twitter:label2\" content=\"Est. tempo de leitura\" \/>\n\t<meta name=\"twitter:data2\" content=\"9 minutos\" \/>\n<script type=\"application\/ld+json\" class=\"yoast-schema-graph\">{\"@context\":\"https:\\\/\\\/schema.org\",\"@graph\":[{\"@type\":\"Article\",\"@id\":\"https:\\\/\\\/folhapopular.info\\\/index.php\\\/2025\\\/06\\\/13\\\/premiados-os-destaques-do-intermunicipal-2025\\\/#article\",\"isPartOf\":{\"@id\":\"https:\\\/\\\/folhapopular.info\\\/index.php\\\/2025\\\/06\\\/13\\\/premiados-os-destaques-do-intermunicipal-2025\\\/\"},\"author\":{\"name\":\"Luis Augusto Huppes\",\"@id\":\"https:\\\/\\\/folhapopular.info\\\/#\\\/schema\\\/person\\\/e852c327371714676d02e58cf917fd9f\"},\"headline\":\"Premiados os destaques do Intermunicipal 2025\",\"datePublished\":\"2025-06-14T00:50:52+00:00\",\"dateModified\":\"2025-06-14T01:19:41+00:00\",\"mainEntityOfPage\":{\"@id\":\"https:\\\/\\\/folhapopular.info\\\/index.php\\\/2025\\\/06\\\/13\\\/premiados-os-destaques-do-intermunicipal-2025\\\/\"},\"wordCount\":969,\"commentCount\":0,\"image\":{\"@id\":\"https:\\\/\\\/folhapopular.info\\\/index.php\\\/2025\\\/06\\\/13\\\/premiados-os-destaques-do-intermunicipal-2025\\\/#primaryimage\"},\"thumbnailUrl\":\"https:\\\/\\\/folhapopular.info\\\/wp-content\\\/uploads\\\/2025\\\/06\\\/WhatsApp-Image-2025-06-13-at-21.47.31-scaled.jpeg\",\"keywords\":[\"futebol amador\",\"Intermunicipal Sicredi Certel 2025\",\"Premia\u00e7\u00e3o\"],\"articleSection\":[\"Destaques\",\"Esportes\",\"Futebol Amador\",\"Intermunicipal 2025\"],\"inLanguage\":\"pt-BR\",\"potentialAction\":[{\"@type\":\"CommentAction\",\"name\":\"Comment\",\"target\":[\"https:\\\/\\\/folhapopular.info\\\/index.php\\\/2025\\\/06\\\/13\\\/premiados-os-destaques-do-intermunicipal-2025\\\/#respond\"]}]},{\"@type\":\"WebPage\",\"@id\":\"https:\\\/\\\/folhapopular.info\\\/index.php\\\/2025\\\/06\\\/13\\\/premiados-os-destaques-do-intermunicipal-2025\\\/\",\"url\":\"https:\\\/\\\/folhapopular.info\\\/index.php\\\/2025\\\/06\\\/13\\\/premiados-os-destaques-do-intermunicipal-2025\\\/\",\"name\":\"Premiados os destaques do Intermunicipal 2025 - Folha Popular\",\"isPartOf\":{\"@id\":\"https:\\\/\\\/folhapopular.info\\\/#website\"},\"primaryImageOfPage\":{\"@id\":\"https:\\\/\\\/folhapopular.info\\\/index.php\\\/2025\\\/06\\\/13\\\/premiados-os-destaques-do-intermunicipal-2025\\\/#primaryimage\"},\"image\":{\"@id\":\"https:\\\/\\\/folhapopular.info\\\/index.php\\\/2025\\\/06\\\/13\\\/premiados-os-destaques-do-intermunicipal-2025\\\/#primaryimage\"},\"thumbnailUrl\":\"https:\\\/\\\/folhapopular.info\\\/wp-content\\\/uploads\\\/2025\\\/06\\\/WhatsApp-Image-2025-06-13-at-21.47.31-scaled.jpeg\",\"datePublished\":\"2025-06-14T00:50:52+00:00\",\"dateModified\":\"2025-06-14T01:19:41+00:00\",\"author\":{\"@id\":\"https:\\\/\\\/folhapopular.info\\\/#\\\/schema\\\/person\\\/e852c327371714676d02e58cf917fd9f\"},\"breadcrumb\":{\"@id\":\"https:\\\/\\\/folhapopular.info\\\/index.php\\\/2025\\\/06\\\/13\\\/premiados-os-destaques-do-intermunicipal-2025\\\/#breadcrumb\"},\"inLanguage\":\"pt-BR\",\"potentialAction\":[{\"@type\":\"ReadAction\",\"target\":[\"https:\\\/\\\/folhapopular.info\\\/index.php\\\/2025\\\/06\\\/13\\\/premiados-os-destaques-do-intermunicipal-2025\\\/\"]}]},{\"@type\":\"ImageObject\",\"inLanguage\":\"pt-BR\",\"@id\":\"https:\\\/\\\/folhapopular.info\\\/index.php\\\/2025\\\/06\\\/13\\\/premiados-os-destaques-do-intermunicipal-2025\\\/#primaryimage\",\"url\":\"https:\\\/\\\/folhapopular.info\\\/wp-content\\\/uploads\\\/2025\\\/06\\\/WhatsApp-Image-2025-06-13-at-21.47.31-scaled.jpeg\",\"contentUrl\":\"https:\\\/\\\/folhapopular.info\\\/wp-content\\\/uploads\\\/2025\\\/06\\\/WhatsApp-Image-2025-06-13-at-21.47.31-scaled.jpeg\",\"width\":2560,\"height\":1920,\"caption\":\"Evento ocorreu na noite desta sexta-feira (13\\\/6) - Cr\u00e9dito: Luis Augusto Huppes\"},{\"@type\":\"BreadcrumbList\",\"@id\":\"https:\\\/\\\/folhapopular.info\\\/index.php\\\/2025\\\/06\\\/13\\\/premiados-os-destaques-do-intermunicipal-2025\\\/#breadcrumb\",\"itemListElement\":[{\"@type\":\"ListItem\",\"position\":1,\"name\":\"In\u00edcio\",\"item\":\"https:\\\/\\\/folhapopular.info\\\/\"},{\"@type\":\"ListItem\",\"position\":2,\"name\":\"Premiados os destaques do Intermunicipal 2025\"}]},{\"@type\":\"WebSite\",\"@id\":\"https:\\\/\\\/folhapopular.info\\\/#website\",\"url\":\"https:\\\/\\\/folhapopular.info\\\/\",\"name\":\"Folha Popular\",\"description\":\"Onde voc\u00ea tem vez e voz\",\"potentialAction\":[{\"@type\":\"SearchAction\",\"target\":{\"@type\":\"EntryPoint\",\"urlTemplate\":\"https:\\\/\\\/folhapopular.info\\\/?s={search_term_string}\"},\"query-input\":{\"@type\":\"PropertyValueSpecification\",\"valueRequired\":true,\"valueName\":\"search_term_string\"}}],\"inLanguage\":\"pt-BR\"},{\"@type\":\"Person\",\"@id\":\"https:\\\/\\\/folhapopular.info\\\/#\\\/schema\\\/person\\\/e852c327371714676d02e58cf917fd9f\",\"name\":\"Luis Augusto Huppes\",\"image\":{\"@type\":\"ImageObject\",\"inLanguage\":\"pt-BR\",\"@id\":\"https:\\\/\\\/folhapopular.info\\\/wp-content\\\/uploads\\\/2026\\\/04\\\/Luis-Augusto-Huppes-1-1.webp\",\"url\":\"https:\\\/\\\/folhapopular.info\\\/wp-content\\\/uploads\\\/2026\\\/04\\\/Luis-Augusto-Huppes-1-1.webp\",\"contentUrl\":\"https:\\\/\\\/folhapopular.info\\\/wp-content\\\/uploads\\\/2026\\\/04\\\/Luis-Augusto-Huppes-1-1.webp\",\"caption\":\"Luis Augusto Huppes\"},\"sameAs\":[\"https:\\\/\\\/www.facebook.com\\\/luis.huppes\\\/\",\"https:\\\/\\\/www.instagram.com\\\/luis.huppes\\\/\",\"https:\\\/\\\/www.linkedin.com\\\/in\\\/luis-augusto-huppes-2554b52b7\\\/\"],\"url\":\"https:\\\/\\\/folhapopular.info\\\/index.php\\\/author\\\/luis-augusto-huppes\\\/\"}]}<\/script>\n<!-- \/ Yoast SEO plugin. -->","yoast_head_json":{"title":"Premiados os destaques do Intermunicipal 2025 - Folha Popular","robots":{"index":"index","follow":"follow","max-snippet":"max-snippet:-1","max-image-preview":"max-image-preview:large","max-video-preview":"max-video-preview:-1"},"canonical":"https:\/\/folhapopular.info\/index.php\/2025\/06\/13\/premiados-os-destaques-do-intermunicipal-2025\/","og_locale":"pt_BR","og_type":"article","og_title":"Premiados os destaques do Intermunicipal 2025 - Folha Popular","og_description":"A Associa\u00e7\u00e3o de Clubes Amadores de Teut\u00f4nia (Acat) premiou os destaques do Campeonato Intermunicipal Sicredi Certel 2025 na noite desta sexta-feira (13\/6), em cerim\u00f4nia realizada na sede do Gr\u00eamio Recreativo Canabarrense, no Bairro Canabarro, em Teut\u00f4nia. A competi\u00e7\u00e3o reuniu oito clubes dos munic\u00edpios de Teut\u00f4nia, Po\u00e7o das Antas e Westf\u00e1lia. O campeonato foi de 9 [&hellip;]","og_url":"https:\/\/folhapopular.info\/index.php\/2025\/06\/13\/premiados-os-destaques-do-intermunicipal-2025\/","og_site_name":"Folha Popular","article_author":"https:\/\/www.facebook.com\/luis.huppes\/","article_published_time":"2025-06-14T00:50:52+00:00","article_modified_time":"2025-06-14T01:19:41+00:00","og_image":[{"width":2560,"height":1920,"url":"http:\/\/folhapopular.info\/wp-content\/uploads\/2025\/06\/WhatsApp-Image-2025-06-13-at-21.47.31-scaled.jpeg","type":"image\/jpeg"}],"author":"Luis Augusto Huppes","twitter_card":"summary_large_image","twitter_misc":{"Escrito por":"Luis Augusto Huppes","Est. tempo de leitura":"9 minutos"},"schema":{"@context":"https:\/\/schema.org","@graph":[{"@type":"Article","@id":"https:\/\/folhapopular.info\/index.php\/2025\/06\/13\/premiados-os-destaques-do-intermunicipal-2025\/#article","isPartOf":{"@id":"https:\/\/folhapopular.info\/index.php\/2025\/06\/13\/premiados-os-destaques-do-intermunicipal-2025\/"},"author":{"name":"Luis Augusto Huppes","@id":"https:\/\/folhapopular.info\/#\/schema\/person\/e852c327371714676d02e58cf917fd9f"},"headline":"Premiados os destaques do Intermunicipal 2025","datePublished":"2025-06-14T00:50:52+00:00","dateModified":"2025-06-14T01:19:41+00:00","mainEntityOfPage":{"@id":"https:\/\/folhapopular.info\/index.php\/2025\/06\/13\/premiados-os-destaques-do-intermunicipal-2025\/"},"wordCount":969,"commentCount":0,"image":{"@id":"https:\/\/folhapopular.info\/index.php\/2025\/06\/13\/premiados-os-destaques-do-intermunicipal-2025\/#primaryimage"},"thumbnailUrl":"https:\/\/folhapopular.info\/wp-content\/uploads\/2025\/06\/WhatsApp-Image-2025-06-13-at-21.47.31-scaled.jpeg","keywords":["futebol amador","Intermunicipal Sicredi Certel 2025","Premia\u00e7\u00e3o"],"articleSection":["Destaques","Esportes","Futebol Amador","Intermunicipal 2025"],"inLanguage":"pt-BR","potentialAction":[{"@type":"CommentAction","name":"Comment","target":["https:\/\/folhapopular.info\/index.php\/2025\/06\/13\/premiados-os-destaques-do-intermunicipal-2025\/#respond"]}]},{"@type":"WebPage","@id":"https:\/\/folhapopular.info\/index.php\/2025\/06\/13\/premiados-os-destaques-do-intermunicipal-2025\/","url":"https:\/\/folhapopular.info\/index.php\/2025\/06\/13\/premiados-os-destaques-do-intermunicipal-2025\/","name":"Premiados os destaques do Intermunicipal 2025 - Folha Popular","isPartOf":{"@id":"https:\/\/folhapopular.info\/#website"},"primaryImageOfPage":{"@id":"https:\/\/folhapopular.info\/index.php\/2025\/06\/13\/premiados-os-destaques-do-intermunicipal-2025\/#primaryimage"},"image":{"@id":"https:\/\/folhapopular.info\/index.php\/2025\/06\/13\/premiados-os-destaques-do-intermunicipal-2025\/#primaryimage"},"thumbnailUrl":"https:\/\/folhapopular.info\/wp-content\/uploads\/2025\/06\/WhatsApp-Image-2025-06-13-at-21.47.31-scaled.jpeg","datePublished":"2025-06-14T00:50:52+00:00","dateModified":"2025-06-14T01:19:41+00:00","author":{"@id":"https:\/\/folhapopular.info\/#\/schema\/person\/e852c327371714676d02e58cf917fd9f"},"breadcrumb":{"@id":"https:\/\/folhapopular.info\/index.php\/2025\/06\/13\/premiados-os-destaques-do-intermunicipal-2025\/#breadcrumb"},"inLanguage":"pt-BR","potentialAction":[{"@type":"ReadAction","target":["https:\/\/folhapopular.info\/index.php\/2025\/06\/13\/premiados-os-destaques-do-intermunicipal-2025\/"]}]},{"@type":"ImageObject","inLanguage":"pt-BR","@id":"https:\/\/folhapopular.info\/index.php\/2025\/06\/13\/premiados-os-destaques-do-intermunicipal-2025\/#primaryimage","url":"https:\/\/folhapopular.info\/wp-content\/uploads\/2025\/06\/WhatsApp-Image-2025-06-13-at-21.47.31-scaled.jpeg","contentUrl":"https:\/\/folhapopular.info\/wp-content\/uploads\/2025\/06\/WhatsApp-Image-2025-06-13-at-21.47.31-scaled.jpeg","width":2560,"height":1920,"caption":"Evento ocorreu na noite desta sexta-feira (13\/6) - Cr\u00e9dito: Luis Augusto Huppes"},{"@type":"BreadcrumbList","@id":"https:\/\/folhapopular.info\/index.php\/2025\/06\/13\/premiados-os-destaques-do-intermunicipal-2025\/#breadcrumb","itemListElement":[{"@type":"ListItem","position":1,"name":"In\u00edcio","item":"https:\/\/folhapopular.info\/"},{"@type":"ListItem","position":2,"name":"Premiados os destaques do Intermunicipal 2025"}]},{"@type":"WebSite","@id":"https:\/\/folhapopular.info\/#website","url":"https:\/\/folhapopular.info\/","name":"Folha Popular","description":"Onde voc\u00ea tem vez e voz","potentialAction":[{"@type":"SearchAction","target":{"@type":"EntryPoint","urlTemplate":"https:\/\/folhapopular.info\/?s={search_term_string}"},"query-input":{"@type":"PropertyValueSpecification","valueRequired":true,"valueName":"search_term_string"}}],"inLanguage":"pt-BR"},{"@type":"Person","@id":"https:\/\/folhapopular.info\/#\/schema\/person\/e852c327371714676d02e58cf917fd9f","name":"Luis Augusto Huppes","image":{"@type":"ImageObject","inLanguage":"pt-BR","@id":"https:\/\/folhapopular.info\/wp-content\/uploads\/2026\/04\/Luis-Augusto-Huppes-1-1.webp","url":"https:\/\/folhapopular.info\/wp-content\/uploads\/2026\/04\/Luis-Augusto-Huppes-1-1.webp","contentUrl":"https:\/\/folhapopular.info\/wp-content\/uploads\/2026\/04\/Luis-Augusto-Huppes-1-1.webp","caption":"Luis Augusto Huppes"},"sameAs":["https:\/\/www.facebook.com\/luis.huppes\/","https:\/\/www.instagram.com\/luis.huppes\/","https:\/\/www.linkedin.com\/in\/luis-augusto-huppes-2554b52b7\/"],"url":"https:\/\/folhapopular.info\/index.php\/author\/luis-augusto-huppes\/"}]}},"jetpack_featured_media_url":"https:\/\/folhapopular.info\/wp-content\/uploads\/2025\/06\/WhatsApp-Image-2025-06-13-at-21.47.31-scaled.jpeg","jetpack_sharing_enabled":true,"amp_enabled":true,"_links":{"self":[{"href":"https:\/\/folhapopular.info\/index.php\/wp-json\/wp\/v2\/posts\/188360","targetHints":{"allow":["GET"]}}],"collection":[{"href":"https:\/\/folhapopular.info\/index.php\/wp-json\/wp\/v2\/posts"}],"about":[{"href":"https:\/\/folhapopular.info\/index.php\/wp-json\/wp\/v2\/types\/post"}],"author":[{"embeddable":true,"href":"https:\/\/folhapopular.info\/index.php\/wp-json\/wp\/v2\/users\/732"}],"replies":[{"embeddable":true,"href":"https:\/\/folhapopular.info\/index.php\/wp-json\/wp\/v2\/comments?post=188360"}],"version-history":[{"count":0,"href":"https:\/\/folhapopular.info\/index.php\/wp-json\/wp\/v2\/posts\/188360\/revisions"}],"wp:featuredmedia":[{"embeddable":true,"href":"https:\/\/folhapopular.info\/index.php\/wp-json\/wp\/v2\/media\/188393"}],"wp:attachment":[{"href":"https:\/\/folhapopular.info\/index.php\/wp-json\/wp\/v2\/media?parent=188360"}],"wp:term":[{"taxonomy":"category","embeddable":true,"href":"https:\/\/folhapopular.info\/index.php\/wp-json\/wp\/v2\/categories?post=188360"},{"taxonomy":"post_tag","embeddable":true,"href":"https:\/\/folhapopular.info\/index.php\/wp-json\/wp\/v2\/tags?post=188360"}],"curies":[{"name":"wp","href":"https:\/\/api.w.org\/{rel}","templated":true}]}}