{"id":188471,"date":"2025-06-14T12:59:33","date_gmt":"2025-06-14T15:59:33","guid":{"rendered":"https:\/\/folhapopular.info\/?p=188471"},"modified":"2025-06-14T13:00:02","modified_gmt":"2025-06-14T16:00:02","slug":"primeiras-finais-do-municipal-de-estrela-serao-em-delfina","status":"publish","type":"post","link":"https:\/\/folhapopular.info\/index.php\/2025\/06\/14\/primeiras-finais-do-municipal-de-estrela-serao-em-delfina\/","title":{"rendered":"Primeiras finais do Municipal de Estrela ser\u00e3o em Delfina"},"content":{"rendered":"\n<p>O Campeonato Municipal de Estrela &#8211; Ta\u00e7a Virlei Ribeiro \u201cFlecha Negra\u201d &#8211; dar\u00e1 o pontap\u00e9 inicial nas finais das s\u00e9ries Ouro e Prata neste domingo (15\/6), com partidas programadas para o campo do Delfinense, no Distrito de Delfina.<\/p>\n\n\n\n<p>A partir das 13h15, na primeira partida da tarde, os finalistas da S\u00e9rie Prata jogam. O Delfinense receber\u00e1 o Aimor\u00e9, em cl\u00e1ssico do distrito. Depois de se classificar contra o Brasil \/ Metanox \/ Pinheiros, com duas vit\u00f3rias (2 a 0 e 6 a 1), o Delfinense conquistou 9 pontos em seis partidas. Foram tr\u00eas vit\u00f3rias e tr\u00eas derrotas. Com ataque produtivo e 12 gols marcados, a defesa n\u00e3o \u00e9 o ponto forte e o Delfinense j\u00e1 sofreu com 9 gols.<\/p>\n\n\n\n<p>Por outro lado, o Aimor\u00e9 se demonstra mais equilibrado e pragm\u00e1tico. Com 10 pontos em seis jogos, marcou 8 vezes e sofreu apenas 4 gols. Nas semifinais da S\u00e9rie Prata, o Aimor\u00e9 desbancou o S\u00e3o Lu\u00eds com duas boas vit\u00f3rias (4 a 0 e 1 a 0).<\/p>\n\n\n\n<p>No jogo da s\u00e9rie Ouro, que come\u00e7a \u00e0s 15h15, Uni\u00e3o e Arroio do Ouro se enfrentam. O Uni\u00e3o desbancou o Alto da Bronze nas semifinais com vit\u00f3ria na partida de ida por 1 a 0 e garantiu o resultado com o empate sem gols do fim de semana passado \u2013 est\u00e1 vivo para buscar o bicampeonato. Ao todo, foram quatro vit\u00f3rias, um empate e uma derrota no campeonato. Com 9 gols marcados e 4 sofridos e 13 pontos em seis partidas.<\/p>\n\n\n\n<p>No outro lado da disputa da S\u00e9rie Ouro, o Arroio do Ouro chega ap\u00f3s dificultosa semifinal. A equipe havia perdido o confronto de ida contra o Atl\u00e9tico Estrelense pelo placar de 1 a 0 e precisou devolver a vit\u00f3ria no jogo de volta. O 2 a 1, recheado de emo\u00e7\u00e3o levou o duelo para as penalidades.<\/p>\n\n\n\n<p>Nos p\u00eanaltis, o Arroio do Ouro se classificou com o resultado de 3 a 2. Foram 12 pontos em seis jogos, com quatro vit\u00f3rias e duas derrotas. A equipe tem 14 gols marcados e 11 sofridos ao longo do campeonato.<\/p>\n\n\n\n<p>O Grupo Popular de Comunica\u00e7\u00e3o estar\u00e1 presente em Estrela para acompanhar as partidas de ida das finais da Ta\u00e7a Virlei Ribeiro \u201cFlecha Negra\u201d.<\/p>\n","protected":false},"excerpt":{"rendered":"<p>O Campeonato Municipal de Estrela &#8211; Ta\u00e7a Virlei Ribeiro \u201cFlecha Negra\u201d &#8211; dar\u00e1 o pontap\u00e9 inicial nas finais das s\u00e9ries Ouro e Prata neste domingo (15\/6), com partidas programadas para o campo do Delfinense, no Distrito de Delfina. A partir das 13h15, na primeira partida da tarde, os finalistas da S\u00e9rie Prata jogam. O Delfinense [&hellip;]<\/p>\n","protected":false},"author":732,"featured_media":183536,"comment_status":"open","ping_status":"open","sticky":false,"template":"","format":"standard","meta":{"pmpro_default_level":"","_jetpack_memberships_contains_paid_content":false,"footnotes":""},"categories":[5,240],"tags":[499,8,147],"class_list":{"0":"post-188471","1":"post","2":"type-post","3":"status-publish","4":"format-standard","5":"has-post-thumbnail","7":"category-esportes","8":"category-futebol-amador","9":"tag-campeonato-municipal","10":"tag-estrela","11":"tag-futebol-amador","12":"pmpro-has-access"},"yoast_head":"<!-- This site is optimized with the Yoast SEO plugin v27.5 - https:\/\/yoast.com\/product\/yoast-seo-wordpress\/ -->\n<title>Primeiras finais do Municipal de Estrela ser\u00e3o em Delfina - Folha Popular<\/title>\n<meta name=\"robots\" content=\"index, follow, max-snippet:-1, max-image-preview:large, max-video-preview:-1\" \/>\n<link rel=\"canonical\" href=\"https:\/\/folhapopular.info\/index.php\/2025\/06\/14\/primeiras-finais-do-municipal-de-estrela-serao-em-delfina\/\" \/>\n<meta property=\"og:locale\" content=\"pt_BR\" \/>\n<meta property=\"og:type\" content=\"article\" \/>\n<meta property=\"og:title\" content=\"Primeiras finais do Municipal de Estrela ser\u00e3o em Delfina - Folha Popular\" \/>\n<meta property=\"og:description\" content=\"O Campeonato Municipal de Estrela &#8211; Ta\u00e7a Virlei Ribeiro \u201cFlecha Negra\u201d &#8211; dar\u00e1 o pontap\u00e9 inicial nas finais das s\u00e9ries Ouro e Prata neste domingo (15\/6), com partidas programadas para o campo do Delfinense, no Distrito de Delfina. A partir das 13h15, na primeira partida da tarde, os finalistas da S\u00e9rie Prata jogam. O Delfinense [&hellip;]\" \/>\n<meta property=\"og:url\" content=\"https:\/\/folhapopular.info\/index.php\/2025\/06\/14\/primeiras-finais-do-municipal-de-estrela-serao-em-delfina\/\" \/>\n<meta property=\"og:site_name\" content=\"Folha Popular\" \/>\n<meta property=\"article:author\" content=\"https:\/\/www.facebook.com\/luis.huppes\/\" \/>\n<meta property=\"article:published_time\" content=\"2025-06-14T15:59:33+00:00\" \/>\n<meta property=\"article:modified_time\" content=\"2025-06-14T16:00:02+00:00\" \/>\n<meta property=\"og:image\" content=\"http:\/\/folhapopular.info\/wp-content\/uploads\/2025\/03\/WhatsApp-Image-2025-03-30-at-16.36.35.jpeg\" \/>\n\t<meta property=\"og:image:width\" content=\"1280\" \/>\n\t<meta property=\"og:image:height\" content=\"891\" \/>\n\t<meta property=\"og:image:type\" content=\"image\/jpeg\" \/>\n<meta name=\"author\" content=\"Luis Augusto Huppes\" \/>\n<meta name=\"twitter:card\" content=\"summary_large_image\" \/>\n<meta name=\"twitter:label1\" content=\"Escrito por\" \/>\n\t<meta name=\"twitter:data1\" content=\"Luis Augusto Huppes\" \/>\n\t<meta name=\"twitter:label2\" content=\"Est. tempo de leitura\" \/>\n\t<meta name=\"twitter:data2\" content=\"3 minutos\" \/>\n<script type=\"application\/ld+json\" class=\"yoast-schema-graph\">{\"@context\":\"https:\\\/\\\/schema.org\",\"@graph\":[{\"@type\":\"Article\",\"@id\":\"https:\\\/\\\/folhapopular.info\\\/index.php\\\/2025\\\/06\\\/14\\\/primeiras-finais-do-municipal-de-estrela-serao-em-delfina\\\/#article\",\"isPartOf\":{\"@id\":\"https:\\\/\\\/folhapopular.info\\\/index.php\\\/2025\\\/06\\\/14\\\/primeiras-finais-do-municipal-de-estrela-serao-em-delfina\\\/\"},\"author\":{\"name\":\"Luis Augusto Huppes\",\"@id\":\"https:\\\/\\\/folhapopular.info\\\/#\\\/schema\\\/person\\\/e852c327371714676d02e58cf917fd9f\"},\"headline\":\"Primeiras finais do Municipal de Estrela ser\u00e3o em Delfina\",\"datePublished\":\"2025-06-14T15:59:33+00:00\",\"dateModified\":\"2025-06-14T16:00:02+00:00\",\"mainEntityOfPage\":{\"@id\":\"https:\\\/\\\/folhapopular.info\\\/index.php\\\/2025\\\/06\\\/14\\\/primeiras-finais-do-municipal-de-estrela-serao-em-delfina\\\/\"},\"wordCount\":372,\"commentCount\":0,\"image\":{\"@id\":\"https:\\\/\\\/folhapopular.info\\\/index.php\\\/2025\\\/06\\\/14\\\/primeiras-finais-do-municipal-de-estrela-serao-em-delfina\\\/#primaryimage\"},\"thumbnailUrl\":\"https:\\\/\\\/folhapopular.info\\\/wp-content\\\/uploads\\\/2025\\\/03\\\/WhatsApp-Image-2025-03-30-at-16.36.35.jpeg\",\"keywords\":[\"Campeonato Municipal\",\"Estrela\",\"futebol amador\"],\"articleSection\":[\"Esportes\",\"Futebol Amador\"],\"inLanguage\":\"pt-BR\",\"potentialAction\":[{\"@type\":\"CommentAction\",\"name\":\"Comment\",\"target\":[\"https:\\\/\\\/folhapopular.info\\\/index.php\\\/2025\\\/06\\\/14\\\/primeiras-finais-do-municipal-de-estrela-serao-em-delfina\\\/#respond\"]}]},{\"@type\":\"WebPage\",\"@id\":\"https:\\\/\\\/folhapopular.info\\\/index.php\\\/2025\\\/06\\\/14\\\/primeiras-finais-do-municipal-de-estrela-serao-em-delfina\\\/\",\"url\":\"https:\\\/\\\/folhapopular.info\\\/index.php\\\/2025\\\/06\\\/14\\\/primeiras-finais-do-municipal-de-estrela-serao-em-delfina\\\/\",\"name\":\"Primeiras finais do Municipal de Estrela ser\u00e3o em Delfina - Folha Popular\",\"isPartOf\":{\"@id\":\"https:\\\/\\\/folhapopular.info\\\/#website\"},\"primaryImageOfPage\":{\"@id\":\"https:\\\/\\\/folhapopular.info\\\/index.php\\\/2025\\\/06\\\/14\\\/primeiras-finais-do-municipal-de-estrela-serao-em-delfina\\\/#primaryimage\"},\"image\":{\"@id\":\"https:\\\/\\\/folhapopular.info\\\/index.php\\\/2025\\\/06\\\/14\\\/primeiras-finais-do-municipal-de-estrela-serao-em-delfina\\\/#primaryimage\"},\"thumbnailUrl\":\"https:\\\/\\\/folhapopular.info\\\/wp-content\\\/uploads\\\/2025\\\/03\\\/WhatsApp-Image-2025-03-30-at-16.36.35.jpeg\",\"datePublished\":\"2025-06-14T15:59:33+00:00\",\"dateModified\":\"2025-06-14T16:00:02+00:00\",\"author\":{\"@id\":\"https:\\\/\\\/folhapopular.info\\\/#\\\/schema\\\/person\\\/e852c327371714676d02e58cf917fd9f\"},\"breadcrumb\":{\"@id\":\"https:\\\/\\\/folhapopular.info\\\/index.php\\\/2025\\\/06\\\/14\\\/primeiras-finais-do-municipal-de-estrela-serao-em-delfina\\\/#breadcrumb\"},\"inLanguage\":\"pt-BR\",\"potentialAction\":[{\"@type\":\"ReadAction\",\"target\":[\"https:\\\/\\\/folhapopular.info\\\/index.php\\\/2025\\\/06\\\/14\\\/primeiras-finais-do-municipal-de-estrela-serao-em-delfina\\\/\"]}]},{\"@type\":\"ImageObject\",\"inLanguage\":\"pt-BR\",\"@id\":\"https:\\\/\\\/folhapopular.info\\\/index.php\\\/2025\\\/06\\\/14\\\/primeiras-finais-do-municipal-de-estrela-serao-em-delfina\\\/#primaryimage\",\"url\":\"https:\\\/\\\/folhapopular.info\\\/wp-content\\\/uploads\\\/2025\\\/03\\\/WhatsApp-Image-2025-03-30-at-16.36.35.jpeg\",\"contentUrl\":\"https:\\\/\\\/folhapopular.info\\\/wp-content\\\/uploads\\\/2025\\\/03\\\/WhatsApp-Image-2025-03-30-at-16.36.35.jpeg\",\"width\":1280,\"height\":891,\"caption\":\"Partidas d\u00e3o in\u00edcio \u00e0s finais - Cr\u00e9dito: Ilocir Jos\u00e9 F\u00fchr\"},{\"@type\":\"BreadcrumbList\",\"@id\":\"https:\\\/\\\/folhapopular.info\\\/index.php\\\/2025\\\/06\\\/14\\\/primeiras-finais-do-municipal-de-estrela-serao-em-delfina\\\/#breadcrumb\",\"itemListElement\":[{\"@type\":\"ListItem\",\"position\":1,\"name\":\"In\u00edcio\",\"item\":\"https:\\\/\\\/folhapopular.info\\\/\"},{\"@type\":\"ListItem\",\"position\":2,\"name\":\"Primeiras finais do Municipal de Estrela ser\u00e3o em Delfina\"}]},{\"@type\":\"WebSite\",\"@id\":\"https:\\\/\\\/folhapopular.info\\\/#website\",\"url\":\"https:\\\/\\\/folhapopular.info\\\/\",\"name\":\"Folha Popular\",\"description\":\"Onde voc\u00ea tem vez e voz\",\"potentialAction\":[{\"@type\":\"SearchAction\",\"target\":{\"@type\":\"EntryPoint\",\"urlTemplate\":\"https:\\\/\\\/folhapopular.info\\\/?s={search_term_string}\"},\"query-input\":{\"@type\":\"PropertyValueSpecification\",\"valueRequired\":true,\"valueName\":\"search_term_string\"}}],\"inLanguage\":\"pt-BR\"},{\"@type\":\"Person\",\"@id\":\"https:\\\/\\\/folhapopular.info\\\/#\\\/schema\\\/person\\\/e852c327371714676d02e58cf917fd9f\",\"name\":\"Luis Augusto Huppes\",\"image\":{\"@type\":\"ImageObject\",\"inLanguage\":\"pt-BR\",\"@id\":\"https:\\\/\\\/folhapopular.info\\\/wp-content\\\/uploads\\\/2026\\\/04\\\/Luis-Augusto-Huppes-1-1.webp\",\"url\":\"https:\\\/\\\/folhapopular.info\\\/wp-content\\\/uploads\\\/2026\\\/04\\\/Luis-Augusto-Huppes-1-1.webp\",\"contentUrl\":\"https:\\\/\\\/folhapopular.info\\\/wp-content\\\/uploads\\\/2026\\\/04\\\/Luis-Augusto-Huppes-1-1.webp\",\"caption\":\"Luis Augusto Huppes\"},\"sameAs\":[\"https:\\\/\\\/www.facebook.com\\\/luis.huppes\\\/\",\"https:\\\/\\\/www.instagram.com\\\/luis.huppes\\\/\",\"https:\\\/\\\/www.linkedin.com\\\/in\\\/luis-augusto-huppes-2554b52b7\\\/\"],\"url\":\"https:\\\/\\\/folhapopular.info\\\/index.php\\\/author\\\/luis-augusto-huppes\\\/\"}]}<\/script>\n<!-- \/ Yoast SEO plugin. -->","yoast_head_json":{"title":"Primeiras finais do Municipal de Estrela ser\u00e3o em Delfina - Folha Popular","robots":{"index":"index","follow":"follow","max-snippet":"max-snippet:-1","max-image-preview":"max-image-preview:large","max-video-preview":"max-video-preview:-1"},"canonical":"https:\/\/folhapopular.info\/index.php\/2025\/06\/14\/primeiras-finais-do-municipal-de-estrela-serao-em-delfina\/","og_locale":"pt_BR","og_type":"article","og_title":"Primeiras finais do Municipal de Estrela ser\u00e3o em Delfina - Folha Popular","og_description":"O Campeonato Municipal de Estrela &#8211; Ta\u00e7a Virlei Ribeiro \u201cFlecha Negra\u201d &#8211; dar\u00e1 o pontap\u00e9 inicial nas finais das s\u00e9ries Ouro e Prata neste domingo (15\/6), com partidas programadas para o campo do Delfinense, no Distrito de Delfina. A partir das 13h15, na primeira partida da tarde, os finalistas da S\u00e9rie Prata jogam. O Delfinense [&hellip;]","og_url":"https:\/\/folhapopular.info\/index.php\/2025\/06\/14\/primeiras-finais-do-municipal-de-estrela-serao-em-delfina\/","og_site_name":"Folha Popular","article_author":"https:\/\/www.facebook.com\/luis.huppes\/","article_published_time":"2025-06-14T15:59:33+00:00","article_modified_time":"2025-06-14T16:00:02+00:00","og_image":[{"width":1280,"height":891,"url":"http:\/\/folhapopular.info\/wp-content\/uploads\/2025\/03\/WhatsApp-Image-2025-03-30-at-16.36.35.jpeg","type":"image\/jpeg"}],"author":"Luis Augusto Huppes","twitter_card":"summary_large_image","twitter_misc":{"Escrito por":"Luis Augusto Huppes","Est. tempo de leitura":"3 minutos"},"schema":{"@context":"https:\/\/schema.org","@graph":[{"@type":"Article","@id":"https:\/\/folhapopular.info\/index.php\/2025\/06\/14\/primeiras-finais-do-municipal-de-estrela-serao-em-delfina\/#article","isPartOf":{"@id":"https:\/\/folhapopular.info\/index.php\/2025\/06\/14\/primeiras-finais-do-municipal-de-estrela-serao-em-delfina\/"},"author":{"name":"Luis Augusto Huppes","@id":"https:\/\/folhapopular.info\/#\/schema\/person\/e852c327371714676d02e58cf917fd9f"},"headline":"Primeiras finais do Municipal de Estrela ser\u00e3o em Delfina","datePublished":"2025-06-14T15:59:33+00:00","dateModified":"2025-06-14T16:00:02+00:00","mainEntityOfPage":{"@id":"https:\/\/folhapopular.info\/index.php\/2025\/06\/14\/primeiras-finais-do-municipal-de-estrela-serao-em-delfina\/"},"wordCount":372,"commentCount":0,"image":{"@id":"https:\/\/folhapopular.info\/index.php\/2025\/06\/14\/primeiras-finais-do-municipal-de-estrela-serao-em-delfina\/#primaryimage"},"thumbnailUrl":"https:\/\/folhapopular.info\/wp-content\/uploads\/2025\/03\/WhatsApp-Image-2025-03-30-at-16.36.35.jpeg","keywords":["Campeonato Municipal","Estrela","futebol amador"],"articleSection":["Esportes","Futebol Amador"],"inLanguage":"pt-BR","potentialAction":[{"@type":"CommentAction","name":"Comment","target":["https:\/\/folhapopular.info\/index.php\/2025\/06\/14\/primeiras-finais-do-municipal-de-estrela-serao-em-delfina\/#respond"]}]},{"@type":"WebPage","@id":"https:\/\/folhapopular.info\/index.php\/2025\/06\/14\/primeiras-finais-do-municipal-de-estrela-serao-em-delfina\/","url":"https:\/\/folhapopular.info\/index.php\/2025\/06\/14\/primeiras-finais-do-municipal-de-estrela-serao-em-delfina\/","name":"Primeiras finais do Municipal de Estrela ser\u00e3o em Delfina - Folha Popular","isPartOf":{"@id":"https:\/\/folhapopular.info\/#website"},"primaryImageOfPage":{"@id":"https:\/\/folhapopular.info\/index.php\/2025\/06\/14\/primeiras-finais-do-municipal-de-estrela-serao-em-delfina\/#primaryimage"},"image":{"@id":"https:\/\/folhapopular.info\/index.php\/2025\/06\/14\/primeiras-finais-do-municipal-de-estrela-serao-em-delfina\/#primaryimage"},"thumbnailUrl":"https:\/\/folhapopular.info\/wp-content\/uploads\/2025\/03\/WhatsApp-Image-2025-03-30-at-16.36.35.jpeg","datePublished":"2025-06-14T15:59:33+00:00","dateModified":"2025-06-14T16:00:02+00:00","author":{"@id":"https:\/\/folhapopular.info\/#\/schema\/person\/e852c327371714676d02e58cf917fd9f"},"breadcrumb":{"@id":"https:\/\/folhapopular.info\/index.php\/2025\/06\/14\/primeiras-finais-do-municipal-de-estrela-serao-em-delfina\/#breadcrumb"},"inLanguage":"pt-BR","potentialAction":[{"@type":"ReadAction","target":["https:\/\/folhapopular.info\/index.php\/2025\/06\/14\/primeiras-finais-do-municipal-de-estrela-serao-em-delfina\/"]}]},{"@type":"ImageObject","inLanguage":"pt-BR","@id":"https:\/\/folhapopular.info\/index.php\/2025\/06\/14\/primeiras-finais-do-municipal-de-estrela-serao-em-delfina\/#primaryimage","url":"https:\/\/folhapopular.info\/wp-content\/uploads\/2025\/03\/WhatsApp-Image-2025-03-30-at-16.36.35.jpeg","contentUrl":"https:\/\/folhapopular.info\/wp-content\/uploads\/2025\/03\/WhatsApp-Image-2025-03-30-at-16.36.35.jpeg","width":1280,"height":891,"caption":"Partidas d\u00e3o in\u00edcio \u00e0s finais - Cr\u00e9dito: Ilocir Jos\u00e9 F\u00fchr"},{"@type":"BreadcrumbList","@id":"https:\/\/folhapopular.info\/index.php\/2025\/06\/14\/primeiras-finais-do-municipal-de-estrela-serao-em-delfina\/#breadcrumb","itemListElement":[{"@type":"ListItem","position":1,"name":"In\u00edcio","item":"https:\/\/folhapopular.info\/"},{"@type":"ListItem","position":2,"name":"Primeiras finais do Municipal de Estrela ser\u00e3o em Delfina"}]},{"@type":"WebSite","@id":"https:\/\/folhapopular.info\/#website","url":"https:\/\/folhapopular.info\/","name":"Folha Popular","description":"Onde voc\u00ea tem vez e voz","potentialAction":[{"@type":"SearchAction","target":{"@type":"EntryPoint","urlTemplate":"https:\/\/folhapopular.info\/?s={search_term_string}"},"query-input":{"@type":"PropertyValueSpecification","valueRequired":true,"valueName":"search_term_string"}}],"inLanguage":"pt-BR"},{"@type":"Person","@id":"https:\/\/folhapopular.info\/#\/schema\/person\/e852c327371714676d02e58cf917fd9f","name":"Luis Augusto Huppes","image":{"@type":"ImageObject","inLanguage":"pt-BR","@id":"https:\/\/folhapopular.info\/wp-content\/uploads\/2026\/04\/Luis-Augusto-Huppes-1-1.webp","url":"https:\/\/folhapopular.info\/wp-content\/uploads\/2026\/04\/Luis-Augusto-Huppes-1-1.webp","contentUrl":"https:\/\/folhapopular.info\/wp-content\/uploads\/2026\/04\/Luis-Augusto-Huppes-1-1.webp","caption":"Luis Augusto Huppes"},"sameAs":["https:\/\/www.facebook.com\/luis.huppes\/","https:\/\/www.instagram.com\/luis.huppes\/","https:\/\/www.linkedin.com\/in\/luis-augusto-huppes-2554b52b7\/"],"url":"https:\/\/folhapopular.info\/index.php\/author\/luis-augusto-huppes\/"}]}},"jetpack_featured_media_url":"https:\/\/folhapopular.info\/wp-content\/uploads\/2025\/03\/WhatsApp-Image-2025-03-30-at-16.36.35.jpeg","jetpack_sharing_enabled":true,"amp_enabled":true,"_links":{"self":[{"href":"https:\/\/folhapopular.info\/index.php\/wp-json\/wp\/v2\/posts\/188471","targetHints":{"allow":["GET"]}}],"collection":[{"href":"https:\/\/folhapopular.info\/index.php\/wp-json\/wp\/v2\/posts"}],"about":[{"href":"https:\/\/folhapopular.info\/index.php\/wp-json\/wp\/v2\/types\/post"}],"author":[{"embeddable":true,"href":"https:\/\/folhapopular.info\/index.php\/wp-json\/wp\/v2\/users\/732"}],"replies":[{"embeddable":true,"href":"https:\/\/folhapopular.info\/index.php\/wp-json\/wp\/v2\/comments?post=188471"}],"version-history":[{"count":0,"href":"https:\/\/folhapopular.info\/index.php\/wp-json\/wp\/v2\/posts\/188471\/revisions"}],"wp:featuredmedia":[{"embeddable":true,"href":"https:\/\/folhapopular.info\/index.php\/wp-json\/wp\/v2\/media\/183536"}],"wp:attachment":[{"href":"https:\/\/folhapopular.info\/index.php\/wp-json\/wp\/v2\/media?parent=188471"}],"wp:term":[{"taxonomy":"category","embeddable":true,"href":"https:\/\/folhapopular.info\/index.php\/wp-json\/wp\/v2\/categories?post=188471"},{"taxonomy":"post_tag","embeddable":true,"href":"https:\/\/folhapopular.info\/index.php\/wp-json\/wp\/v2\/tags?post=188471"}],"curies":[{"name":"wp","href":"https:\/\/api.w.org\/{rel}","templated":true}]}}