{"id":188637,"date":"2025-06-18T08:00:00","date_gmt":"2025-06-18T11:00:00","guid":{"rendered":"https:\/\/folhapopular.info\/?p=188637"},"modified":"2025-06-17T19:25:11","modified_gmt":"2025-06-17T22:25:11","slug":"venda-de-passagens-intermunicipais-e-retomada-em-estrela","status":"publish","type":"post","link":"https:\/\/folhapopular.info\/index.php\/2025\/06\/18\/venda-de-passagens-intermunicipais-e-retomada-em-estrela\/","title":{"rendered":"Venda de passagens intermunicipais \u00e9 retomada em Estrela"},"content":{"rendered":"\n<p>Uma nova central de atendimento ao transporte intermunicipal foi aberta no in\u00edcio desta semana em Estrela. O servi\u00e7o foi retomado nesta semana e tem por local a Avenida dos Estados, n\u00ba 310, no Bairro dos Estados. O espa\u00e7o tamb\u00e9m funciona como lancheria e ponto de coleta e entrega de encomendas, ampliando os servi\u00e7os ofertados \u00e0 comunidade estrelense.<\/p>\n\n\n\n<p>Vencedores da licita\u00e7\u00e3o promovida pelo Departamento Aut\u00f4nomo de Estradas de Rodagem (Daer), Marcelo Souza e Dimas Pedroso administram o novo ponto de venda de passagens. A retomada do servi\u00e7o d\u00e1 fim a um impasse criado em fevereiro, quando a comercializa\u00e7\u00e3o no antigo terminal foi suspensa em raz\u00e3o de descumprimento contratual da empresa at\u00e9 ent\u00e3o respons\u00e1vel.<\/p>\n\n\n\n<p>O local atende diariamente, das 5h45 \u00e0s 20h30. H\u00e1 possibilidade de estender o atendimento at\u00e9 22h30, conforme demanda. A prefeita de Estrela, Carine Schwingel, diz sentir-se feliz com a retomada da venda de passagens na cidade. \u201cEst\u00e1vamos h\u00e1 6 meses com essa dificuldade. \u00c9 um respeito \u00e0 nossa comunidade, que precisava ir at\u00e9 Lajeado, enfrentar o tr\u00e2nsito, para adquirir as passagens. Ficamos felizes com a retomada e sabemos que temos alguns pontos a melhorar\u201d, comenta.<\/p>\n\n\n\n<p>Nesse sentido, a prefeita reafirmou o compromisso da Administra\u00e7\u00e3o Municipal em promover melhorias no entorno do ponto. As medidas incluem a implanta\u00e7\u00e3o de faixas de seguran\u00e7a e redutores de velocidade. \u201cTrabalharemos algumas melhorias escalonadas. E a\u00ed tamb\u00e9m entra a compreens\u00e3o da popula\u00e7\u00e3o: v\u00e1rios benef\u00edcios est\u00e3o sendo aplicados, mas muitas coisas ainda ser\u00e3o feitas\u201d, garante.<\/p>\n\n\n\n<h3 class=\"wp-block-heading\">\u201c<strong>Estrela n\u00e3o pode parar\u201d<\/strong><\/h3>\n\n\n\n<p>Ap\u00f3s 8 anos de lancheria dentro da antiga Rodovi\u00e1ria de Estrela, Souza levou o empreendimento \u00e0 Avenida dos Estados h\u00e1 pouco mais de 1 ano. Ele buscava a venda de passagens desde janeiro. \u201cOs antigos propriet\u00e1rios do Terminal Rodovi\u00e1rio eram de fora e n\u00e3o estavam cumprindo com os deveres com as empresas. Ent\u00e3o, entramos como primeiro da lista do Daer, fizemos reuni\u00e3o com a prefeita e ela nos ajudou na transi\u00e7\u00e3o\u201d, recorda. A batalha foi grande para finalizar a documenta\u00e7\u00e3o.<\/p>\n\n\n\n<p>Segundo Souza, o movimento est\u00e1 voltando e melhorias devem ser realizadas nos pr\u00f3ximos meses. Externamente, ser\u00e3o promovidos ajustes por parte da municipalidade. Internamente, haver\u00e1 tamb\u00e9m uma sala para a cultura, com informa\u00e7\u00f5es sobre todo o Munic\u00edpio. \u201cSer\u00e1 bem interessante. E n\u00f3s queremos atrair lojas, a exemplo do que era a antiga rodovi\u00e1ria\u201d, revela.<\/p>\n\n\n\n<p>No momento, Souza agradece \u00e0 comunidade estrelense, aos munic\u00edpios da regi\u00e3o, \u00e0s empresas de transporte e ao poder p\u00fablico. \u201cS\u00f3 tenho a agradecer por esta parceria. Foram muito importantes para a que consegu\u00edssemos o ponto. Agora \u00e9 s\u00f3 trabalhar e atender bem o p\u00fablico\u201d, completa. Para ele, esta \u00e9 uma importante conquista para a comunidade.<\/p>\n\n\n\n<p>Dimas Pedroso complementa que a popula\u00e7\u00e3o de Estrela merece a retomada do servi\u00e7o, assim como os demais munic\u00edpios, uma vez que muitos dependem do transporte intermunicipal e interestadual. \u201cCom for\u00e7a, resili\u00eancia e apoio municipal, conseguiremos entregar um transporte com a efici\u00eancia que a popula\u00e7\u00e3o merece. Estrela n\u00e3o pode parar e resili\u00eancia \u00e9 a palavra-chave para o momento\u201d, pontua.<\/p>\n","protected":false},"excerpt":{"rendered":"<p>Uma nova central de atendimento ao transporte intermunicipal foi aberta no in\u00edcio desta semana em Estrela. O servi\u00e7o foi retomado nesta semana e tem por local a Avenida dos Estados, n\u00ba 310, no Bairro dos Estados. O espa\u00e7o tamb\u00e9m funciona como lancheria e ponto de coleta e entrega de encomendas, ampliando os servi\u00e7os ofertados \u00e0 [&hellip;]<\/p>\n","protected":false},"author":757,"featured_media":188638,"comment_status":"open","ping_status":"open","sticky":false,"template":"","format":"standard","meta":{"pmpro_default_level":"","_jetpack_memberships_contains_paid_content":false,"footnotes":""},"categories":[2,3,11091],"tags":[8,393,18825],"class_list":{"0":"post-188637","1":"post","2":"type-post","3":"status-publish","4":"format-standard","5":"has-post-thumbnail","7":"category-featured","8":"category-geral","9":"category-servicos","10":"tag-estrela","11":"tag-transporte","12":"tag-venda-de-passagens","13":"pmpro-has-access"},"yoast_head":"<!-- This site is optimized with the Yoast SEO plugin v27.5 - https:\/\/yoast.com\/product\/yoast-seo-wordpress\/ -->\n<title>Venda de passagens intermunicipais \u00e9 retomada em Estrela - Folha Popular<\/title>\n<meta name=\"robots\" content=\"index, follow, max-snippet:-1, max-image-preview:large, max-video-preview:-1\" \/>\n<link rel=\"canonical\" href=\"https:\/\/folhapopular.info\/index.php\/2025\/06\/18\/venda-de-passagens-intermunicipais-e-retomada-em-estrela\/\" \/>\n<meta property=\"og:locale\" content=\"pt_BR\" \/>\n<meta property=\"og:type\" content=\"article\" \/>\n<meta property=\"og:title\" content=\"Venda de passagens intermunicipais \u00e9 retomada em Estrela - Folha Popular\" \/>\n<meta property=\"og:description\" content=\"Uma nova central de atendimento ao transporte intermunicipal foi aberta no in\u00edcio desta semana em Estrela. O servi\u00e7o foi retomado nesta semana e tem por local a Avenida dos Estados, n\u00ba 310, no Bairro dos Estados. O espa\u00e7o tamb\u00e9m funciona como lancheria e ponto de coleta e entrega de encomendas, ampliando os servi\u00e7os ofertados \u00e0 [&hellip;]\" \/>\n<meta property=\"og:url\" content=\"https:\/\/folhapopular.info\/index.php\/2025\/06\/18\/venda-de-passagens-intermunicipais-e-retomada-em-estrela\/\" \/>\n<meta property=\"og:site_name\" content=\"Folha Popular\" \/>\n<meta property=\"article:published_time\" content=\"2025-06-18T11:00:00+00:00\" \/>\n<meta property=\"og:image\" content=\"https:\/\/folhapopular.info\/wp-content\/uploads\/2025\/06\/Marcelo-Souza-e-Dimas-Pedroso-administram-o-novo-ponto-de-venda-de-passagens-scaled.jpeg\" \/>\n\t<meta property=\"og:image:width\" content=\"2094\" \/>\n\t<meta property=\"og:image:height\" content=\"2560\" \/>\n\t<meta property=\"og:image:type\" content=\"image\/jpeg\" \/>\n<meta name=\"author\" content=\"Paloma Valandro\" \/>\n<meta name=\"twitter:card\" content=\"summary_large_image\" \/>\n<meta name=\"twitter:label1\" content=\"Escrito por\" \/>\n\t<meta name=\"twitter:data1\" content=\"Paloma Valandro\" \/>\n\t<meta name=\"twitter:label2\" content=\"Est. tempo de leitura\" \/>\n\t<meta name=\"twitter:data2\" content=\"3 minutos\" \/>\n<script type=\"application\/ld+json\" class=\"yoast-schema-graph\">{\"@context\":\"https:\\\/\\\/schema.org\",\"@graph\":[{\"@type\":\"Article\",\"@id\":\"https:\\\/\\\/folhapopular.info\\\/index.php\\\/2025\\\/06\\\/18\\\/venda-de-passagens-intermunicipais-e-retomada-em-estrela\\\/#article\",\"isPartOf\":{\"@id\":\"https:\\\/\\\/folhapopular.info\\\/index.php\\\/2025\\\/06\\\/18\\\/venda-de-passagens-intermunicipais-e-retomada-em-estrela\\\/\"},\"author\":{\"name\":\"Paloma Valandro\",\"@id\":\"https:\\\/\\\/folhapopular.info\\\/#\\\/schema\\\/person\\\/1fb1a50ca75661f91da0d3839657a34d\"},\"headline\":\"Venda de passagens intermunicipais \u00e9 retomada em Estrela\",\"datePublished\":\"2025-06-18T11:00:00+00:00\",\"mainEntityOfPage\":{\"@id\":\"https:\\\/\\\/folhapopular.info\\\/index.php\\\/2025\\\/06\\\/18\\\/venda-de-passagens-intermunicipais-e-retomada-em-estrela\\\/\"},\"wordCount\":541,\"commentCount\":0,\"image\":{\"@id\":\"https:\\\/\\\/folhapopular.info\\\/index.php\\\/2025\\\/06\\\/18\\\/venda-de-passagens-intermunicipais-e-retomada-em-estrela\\\/#primaryimage\"},\"thumbnailUrl\":\"https:\\\/\\\/folhapopular.info\\\/wp-content\\\/uploads\\\/2025\\\/06\\\/Marcelo-Souza-e-Dimas-Pedroso-administram-o-novo-ponto-de-venda-de-passagens-scaled.jpeg\",\"keywords\":[\"Estrela\",\"Transporte\",\"Venda de passagens\"],\"articleSection\":[\"Destaques\",\"Geral\",\"Servi\u00e7os\"],\"inLanguage\":\"pt-BR\",\"potentialAction\":[{\"@type\":\"CommentAction\",\"name\":\"Comment\",\"target\":[\"https:\\\/\\\/folhapopular.info\\\/index.php\\\/2025\\\/06\\\/18\\\/venda-de-passagens-intermunicipais-e-retomada-em-estrela\\\/#respond\"]}]},{\"@type\":\"WebPage\",\"@id\":\"https:\\\/\\\/folhapopular.info\\\/index.php\\\/2025\\\/06\\\/18\\\/venda-de-passagens-intermunicipais-e-retomada-em-estrela\\\/\",\"url\":\"https:\\\/\\\/folhapopular.info\\\/index.php\\\/2025\\\/06\\\/18\\\/venda-de-passagens-intermunicipais-e-retomada-em-estrela\\\/\",\"name\":\"Venda de passagens intermunicipais \u00e9 retomada em Estrela - Folha Popular\",\"isPartOf\":{\"@id\":\"https:\\\/\\\/folhapopular.info\\\/#website\"},\"primaryImageOfPage\":{\"@id\":\"https:\\\/\\\/folhapopular.info\\\/index.php\\\/2025\\\/06\\\/18\\\/venda-de-passagens-intermunicipais-e-retomada-em-estrela\\\/#primaryimage\"},\"image\":{\"@id\":\"https:\\\/\\\/folhapopular.info\\\/index.php\\\/2025\\\/06\\\/18\\\/venda-de-passagens-intermunicipais-e-retomada-em-estrela\\\/#primaryimage\"},\"thumbnailUrl\":\"https:\\\/\\\/folhapopular.info\\\/wp-content\\\/uploads\\\/2025\\\/06\\\/Marcelo-Souza-e-Dimas-Pedroso-administram-o-novo-ponto-de-venda-de-passagens-scaled.jpeg\",\"datePublished\":\"2025-06-18T11:00:00+00:00\",\"author\":{\"@id\":\"https:\\\/\\\/folhapopular.info\\\/#\\\/schema\\\/person\\\/1fb1a50ca75661f91da0d3839657a34d\"},\"breadcrumb\":{\"@id\":\"https:\\\/\\\/folhapopular.info\\\/index.php\\\/2025\\\/06\\\/18\\\/venda-de-passagens-intermunicipais-e-retomada-em-estrela\\\/#breadcrumb\"},\"inLanguage\":\"pt-BR\",\"potentialAction\":[{\"@type\":\"ReadAction\",\"target\":[\"https:\\\/\\\/folhapopular.info\\\/index.php\\\/2025\\\/06\\\/18\\\/venda-de-passagens-intermunicipais-e-retomada-em-estrela\\\/\"]}]},{\"@type\":\"ImageObject\",\"inLanguage\":\"pt-BR\",\"@id\":\"https:\\\/\\\/folhapopular.info\\\/index.php\\\/2025\\\/06\\\/18\\\/venda-de-passagens-intermunicipais-e-retomada-em-estrela\\\/#primaryimage\",\"url\":\"https:\\\/\\\/folhapopular.info\\\/wp-content\\\/uploads\\\/2025\\\/06\\\/Marcelo-Souza-e-Dimas-Pedroso-administram-o-novo-ponto-de-venda-de-passagens-scaled.jpeg\",\"contentUrl\":\"https:\\\/\\\/folhapopular.info\\\/wp-content\\\/uploads\\\/2025\\\/06\\\/Marcelo-Souza-e-Dimas-Pedroso-administram-o-novo-ponto-de-venda-de-passagens-scaled.jpeg\",\"width\":2094,\"height\":2560,\"caption\":\"Marcelo Souza e Dimas Pedroso administram o novo ponto de venda de passagens - Cr\u00e9dito: AI Estrela \\\/ Divulga\u00e7\u00e3o\"},{\"@type\":\"BreadcrumbList\",\"@id\":\"https:\\\/\\\/folhapopular.info\\\/index.php\\\/2025\\\/06\\\/18\\\/venda-de-passagens-intermunicipais-e-retomada-em-estrela\\\/#breadcrumb\",\"itemListElement\":[{\"@type\":\"ListItem\",\"position\":1,\"name\":\"In\u00edcio\",\"item\":\"https:\\\/\\\/folhapopular.info\\\/\"},{\"@type\":\"ListItem\",\"position\":2,\"name\":\"Venda de passagens intermunicipais \u00e9 retomada em Estrela\"}]},{\"@type\":\"WebSite\",\"@id\":\"https:\\\/\\\/folhapopular.info\\\/#website\",\"url\":\"https:\\\/\\\/folhapopular.info\\\/\",\"name\":\"Folha Popular\",\"description\":\"Onde voc\u00ea tem vez e voz\",\"potentialAction\":[{\"@type\":\"SearchAction\",\"target\":{\"@type\":\"EntryPoint\",\"urlTemplate\":\"https:\\\/\\\/folhapopular.info\\\/?s={search_term_string}\"},\"query-input\":{\"@type\":\"PropertyValueSpecification\",\"valueRequired\":true,\"valueName\":\"search_term_string\"}}],\"inLanguage\":\"pt-BR\"},{\"@type\":\"Person\",\"@id\":\"https:\\\/\\\/folhapopular.info\\\/#\\\/schema\\\/person\\\/1fb1a50ca75661f91da0d3839657a34d\",\"name\":\"Paloma Valandro\",\"image\":{\"@type\":\"ImageObject\",\"inLanguage\":\"pt-BR\",\"@id\":\"https:\\\/\\\/secure.gravatar.com\\\/avatar\\\/ef90a8f37349cc3654b42d805942c6378eb385817dccc9c637c94e7794973921?s=96&d=mm&r=g\",\"url\":\"https:\\\/\\\/secure.gravatar.com\\\/avatar\\\/ef90a8f37349cc3654b42d805942c6378eb385817dccc9c637c94e7794973921?s=96&d=mm&r=g\",\"contentUrl\":\"https:\\\/\\\/secure.gravatar.com\\\/avatar\\\/ef90a8f37349cc3654b42d805942c6378eb385817dccc9c637c94e7794973921?s=96&d=mm&r=g\",\"caption\":\"Paloma Valandro\"},\"url\":\"https:\\\/\\\/folhapopular.info\\\/index.php\\\/author\\\/paloma-valandro\\\/\"}]}<\/script>\n<!-- \/ Yoast SEO plugin. -->","yoast_head_json":{"title":"Venda de passagens intermunicipais \u00e9 retomada em Estrela - Folha Popular","robots":{"index":"index","follow":"follow","max-snippet":"max-snippet:-1","max-image-preview":"max-image-preview:large","max-video-preview":"max-video-preview:-1"},"canonical":"https:\/\/folhapopular.info\/index.php\/2025\/06\/18\/venda-de-passagens-intermunicipais-e-retomada-em-estrela\/","og_locale":"pt_BR","og_type":"article","og_title":"Venda de passagens intermunicipais \u00e9 retomada em Estrela - Folha Popular","og_description":"Uma nova central de atendimento ao transporte intermunicipal foi aberta no in\u00edcio desta semana em Estrela. O servi\u00e7o foi retomado nesta semana e tem por local a Avenida dos Estados, n\u00ba 310, no Bairro dos Estados. O espa\u00e7o tamb\u00e9m funciona como lancheria e ponto de coleta e entrega de encomendas, ampliando os servi\u00e7os ofertados \u00e0 [&hellip;]","og_url":"https:\/\/folhapopular.info\/index.php\/2025\/06\/18\/venda-de-passagens-intermunicipais-e-retomada-em-estrela\/","og_site_name":"Folha Popular","article_published_time":"2025-06-18T11:00:00+00:00","og_image":[{"width":2094,"height":2560,"url":"https:\/\/folhapopular.info\/wp-content\/uploads\/2025\/06\/Marcelo-Souza-e-Dimas-Pedroso-administram-o-novo-ponto-de-venda-de-passagens-scaled.jpeg","type":"image\/jpeg"}],"author":"Paloma Valandro","twitter_card":"summary_large_image","twitter_misc":{"Escrito por":"Paloma Valandro","Est. tempo de leitura":"3 minutos"},"schema":{"@context":"https:\/\/schema.org","@graph":[{"@type":"Article","@id":"https:\/\/folhapopular.info\/index.php\/2025\/06\/18\/venda-de-passagens-intermunicipais-e-retomada-em-estrela\/#article","isPartOf":{"@id":"https:\/\/folhapopular.info\/index.php\/2025\/06\/18\/venda-de-passagens-intermunicipais-e-retomada-em-estrela\/"},"author":{"name":"Paloma Valandro","@id":"https:\/\/folhapopular.info\/#\/schema\/person\/1fb1a50ca75661f91da0d3839657a34d"},"headline":"Venda de passagens intermunicipais \u00e9 retomada em Estrela","datePublished":"2025-06-18T11:00:00+00:00","mainEntityOfPage":{"@id":"https:\/\/folhapopular.info\/index.php\/2025\/06\/18\/venda-de-passagens-intermunicipais-e-retomada-em-estrela\/"},"wordCount":541,"commentCount":0,"image":{"@id":"https:\/\/folhapopular.info\/index.php\/2025\/06\/18\/venda-de-passagens-intermunicipais-e-retomada-em-estrela\/#primaryimage"},"thumbnailUrl":"https:\/\/folhapopular.info\/wp-content\/uploads\/2025\/06\/Marcelo-Souza-e-Dimas-Pedroso-administram-o-novo-ponto-de-venda-de-passagens-scaled.jpeg","keywords":["Estrela","Transporte","Venda de passagens"],"articleSection":["Destaques","Geral","Servi\u00e7os"],"inLanguage":"pt-BR","potentialAction":[{"@type":"CommentAction","name":"Comment","target":["https:\/\/folhapopular.info\/index.php\/2025\/06\/18\/venda-de-passagens-intermunicipais-e-retomada-em-estrela\/#respond"]}]},{"@type":"WebPage","@id":"https:\/\/folhapopular.info\/index.php\/2025\/06\/18\/venda-de-passagens-intermunicipais-e-retomada-em-estrela\/","url":"https:\/\/folhapopular.info\/index.php\/2025\/06\/18\/venda-de-passagens-intermunicipais-e-retomada-em-estrela\/","name":"Venda de passagens intermunicipais \u00e9 retomada em Estrela - Folha Popular","isPartOf":{"@id":"https:\/\/folhapopular.info\/#website"},"primaryImageOfPage":{"@id":"https:\/\/folhapopular.info\/index.php\/2025\/06\/18\/venda-de-passagens-intermunicipais-e-retomada-em-estrela\/#primaryimage"},"image":{"@id":"https:\/\/folhapopular.info\/index.php\/2025\/06\/18\/venda-de-passagens-intermunicipais-e-retomada-em-estrela\/#primaryimage"},"thumbnailUrl":"https:\/\/folhapopular.info\/wp-content\/uploads\/2025\/06\/Marcelo-Souza-e-Dimas-Pedroso-administram-o-novo-ponto-de-venda-de-passagens-scaled.jpeg","datePublished":"2025-06-18T11:00:00+00:00","author":{"@id":"https:\/\/folhapopular.info\/#\/schema\/person\/1fb1a50ca75661f91da0d3839657a34d"},"breadcrumb":{"@id":"https:\/\/folhapopular.info\/index.php\/2025\/06\/18\/venda-de-passagens-intermunicipais-e-retomada-em-estrela\/#breadcrumb"},"inLanguage":"pt-BR","potentialAction":[{"@type":"ReadAction","target":["https:\/\/folhapopular.info\/index.php\/2025\/06\/18\/venda-de-passagens-intermunicipais-e-retomada-em-estrela\/"]}]},{"@type":"ImageObject","inLanguage":"pt-BR","@id":"https:\/\/folhapopular.info\/index.php\/2025\/06\/18\/venda-de-passagens-intermunicipais-e-retomada-em-estrela\/#primaryimage","url":"https:\/\/folhapopular.info\/wp-content\/uploads\/2025\/06\/Marcelo-Souza-e-Dimas-Pedroso-administram-o-novo-ponto-de-venda-de-passagens-scaled.jpeg","contentUrl":"https:\/\/folhapopular.info\/wp-content\/uploads\/2025\/06\/Marcelo-Souza-e-Dimas-Pedroso-administram-o-novo-ponto-de-venda-de-passagens-scaled.jpeg","width":2094,"height":2560,"caption":"Marcelo Souza e Dimas Pedroso administram o novo ponto de venda de passagens - Cr\u00e9dito: AI Estrela \/ Divulga\u00e7\u00e3o"},{"@type":"BreadcrumbList","@id":"https:\/\/folhapopular.info\/index.php\/2025\/06\/18\/venda-de-passagens-intermunicipais-e-retomada-em-estrela\/#breadcrumb","itemListElement":[{"@type":"ListItem","position":1,"name":"In\u00edcio","item":"https:\/\/folhapopular.info\/"},{"@type":"ListItem","position":2,"name":"Venda de passagens intermunicipais \u00e9 retomada em Estrela"}]},{"@type":"WebSite","@id":"https:\/\/folhapopular.info\/#website","url":"https:\/\/folhapopular.info\/","name":"Folha Popular","description":"Onde voc\u00ea tem vez e voz","potentialAction":[{"@type":"SearchAction","target":{"@type":"EntryPoint","urlTemplate":"https:\/\/folhapopular.info\/?s={search_term_string}"},"query-input":{"@type":"PropertyValueSpecification","valueRequired":true,"valueName":"search_term_string"}}],"inLanguage":"pt-BR"},{"@type":"Person","@id":"https:\/\/folhapopular.info\/#\/schema\/person\/1fb1a50ca75661f91da0d3839657a34d","name":"Paloma Valandro","image":{"@type":"ImageObject","inLanguage":"pt-BR","@id":"https:\/\/secure.gravatar.com\/avatar\/ef90a8f37349cc3654b42d805942c6378eb385817dccc9c637c94e7794973921?s=96&d=mm&r=g","url":"https:\/\/secure.gravatar.com\/avatar\/ef90a8f37349cc3654b42d805942c6378eb385817dccc9c637c94e7794973921?s=96&d=mm&r=g","contentUrl":"https:\/\/secure.gravatar.com\/avatar\/ef90a8f37349cc3654b42d805942c6378eb385817dccc9c637c94e7794973921?s=96&d=mm&r=g","caption":"Paloma Valandro"},"url":"https:\/\/folhapopular.info\/index.php\/author\/paloma-valandro\/"}]}},"jetpack_featured_media_url":"https:\/\/folhapopular.info\/wp-content\/uploads\/2025\/06\/Marcelo-Souza-e-Dimas-Pedroso-administram-o-novo-ponto-de-venda-de-passagens-scaled.jpeg","jetpack_sharing_enabled":true,"amp_enabled":true,"_links":{"self":[{"href":"https:\/\/folhapopular.info\/index.php\/wp-json\/wp\/v2\/posts\/188637","targetHints":{"allow":["GET"]}}],"collection":[{"href":"https:\/\/folhapopular.info\/index.php\/wp-json\/wp\/v2\/posts"}],"about":[{"href":"https:\/\/folhapopular.info\/index.php\/wp-json\/wp\/v2\/types\/post"}],"author":[{"embeddable":true,"href":"https:\/\/folhapopular.info\/index.php\/wp-json\/wp\/v2\/users\/757"}],"replies":[{"embeddable":true,"href":"https:\/\/folhapopular.info\/index.php\/wp-json\/wp\/v2\/comments?post=188637"}],"version-history":[{"count":0,"href":"https:\/\/folhapopular.info\/index.php\/wp-json\/wp\/v2\/posts\/188637\/revisions"}],"wp:featuredmedia":[{"embeddable":true,"href":"https:\/\/folhapopular.info\/index.php\/wp-json\/wp\/v2\/media\/188638"}],"wp:attachment":[{"href":"https:\/\/folhapopular.info\/index.php\/wp-json\/wp\/v2\/media?parent=188637"}],"wp:term":[{"taxonomy":"category","embeddable":true,"href":"https:\/\/folhapopular.info\/index.php\/wp-json\/wp\/v2\/categories?post=188637"},{"taxonomy":"post_tag","embeddable":true,"href":"https:\/\/folhapopular.info\/index.php\/wp-json\/wp\/v2\/tags?post=188637"}],"curies":[{"name":"wp","href":"https:\/\/api.w.org\/{rel}","templated":true}]}}