{"id":188701,"date":"2025-06-18T15:56:56","date_gmt":"2025-06-18T18:56:56","guid":{"rendered":"https:\/\/folhapopular.info\/?p=188701"},"modified":"2025-06-18T15:57:07","modified_gmt":"2025-06-18T18:57:07","slug":"camili-soares-da-emef-dom-pedro-i-vence-o-oratoria-nas-escolas-2025-da-jci-lajeado","status":"publish","type":"post","link":"https:\/\/folhapopular.info\/index.php\/2025\/06\/18\/camili-soares-da-emef-dom-pedro-i-vence-o-oratoria-nas-escolas-2025-da-jci-lajeado\/","title":{"rendered":"Camili Soares, da Emef Dom Pedro I, vence o Orat\u00f3ria nas Escolas 2025 da JCI Lajeado"},"content":{"rendered":"\n<p>A JCI Lajeado promoveu a grande final do tradicional concurso Orat\u00f3ria nas Escolas na segunda-feira (16\/6). A edi\u00e7\u00e3o de 2025 reuniu oito jovens estudantes dos 8\u00ba e 9\u00ba anos de diferentes escolas de Lajeado. O evento foi marcado pela emo\u00e7\u00e3o, talento e reflex\u00e3o sobre o tema \u201cDo descarte \u00e0 transforma\u00e7\u00e3o: o \u00f3leo de cozinha como agente de mudan\u00e7a ambiental, social e econ\u00f4mica&#8221;.<\/p>\n\n\n\n<p>A grande vencedora foi a aluna Camili Soares, da Emef Dom Pedro I. Ela representar\u00e1 a JCI Lajeado na etapa estadual do concurso, que ocorrer\u00e1 na Assembleia Legislativa do Estado em setembro deste ano. &#8220;Quando assisti a palestra, me motivei a participar junto com meus amigos, mas a maioria desistiu, e eu quase desisti tamb\u00e9m. Mas quando escrevi meu texto pela primeira vez, vi que eu poderia estar na JCI novamente, dessa vez n\u00e3o como figurante, mas sim, como vencedora&#8221;, conta a jovem.<\/p>\n\n\n\n<p>Ela percebeu que, para ter resultado, \u00e9 preciso primeiro passar pelo processo. &#8220;Apesar das dificuldades, eu tinha uma motiva\u00e7\u00e3o: me imaginar l\u00e1, no p\u00f3dio. E quando ouvi meu nome sendo chamado em 1\u00ba lugar, ainda parecia um sonho. Demorou para eu perceber que o que mais me motivava virou realidade, pelo meu esfor\u00e7o&#8221;, aponta. <\/p>\n\n\n\n<p>Para ela, foi um momento \u00fanico participar das orat\u00f3rias municipais. &#8220;Talvez para uns seja algo que n\u00e3o importa, mas s\u00f3 quem participou sabe que, quando conseguimos ganhar, temos a vis\u00e3o de v\u00e1rias outras oportunidades se abrindo diante de n\u00f3s. Sempre serei grata por ter participado&#8221;, comemora Camili.<\/p>\n\n\n\n<p>A solenidade, que foi aberta ao p\u00fablico, contou com a presen\u00e7a de membros da JCI, familiares, professores, representantes da comunidade e autoridades locais, que prestigiaram de maneira atenta os brilhantes oradores.<\/p>\n\n\n\n<p>O evento foi uma grande celebra\u00e7\u00e3o do talento e da dedica\u00e7\u00e3o dos jovens, refor\u00e7ando o compromisso da JCI com a forma\u00e7\u00e3o de lideran\u00e7as conscientes e engajadas.<\/p>\n\n\n\n<p>A banca de jurados foi composta pela vice-reitora da Univates e presidente do Codevat, Cintia Agostini, pela jornalista e apresentadora-\u00e2ncora do Jornal do Almo\u00e7o Regi\u00e3o dos Vales, Maiara Medina Halmenschlager, pelo vice-presidente nacional da JCI Brasil 2025, Victor Hugo Boniatti, pela professora do curso de Letras da Univates, Fabiele Lermen Spohr e pela fonoaudi\u00f3loga Ana Karina Leite Ferreira de Brito. <\/p>\n\n\n\n<p>Isabelly Gon\u00e7alves Maciel, da Emef Guido Arnoldo Lermen, e Rikelme Ciotti, da Emef Santo Andr\u00e9, conquistaram o 2\u00ba e 3\u00ba lugar.<\/p>\n\n\n\n<h2 class=\"wp-block-heading\">Sobre o Orat\u00f3ria nas Escolas<\/h2>\n\n\n\n<p>O projeto tem como objetivo desenvolver a autoconfian\u00e7a, habilidades de comunica\u00e7\u00e3o, protagonismo, lideran\u00e7a e pensamento cr\u00edtico entre os participantes. Para isso, os candidatos tiveram capacita\u00e7\u00f5es com profissionais de diferentes \u00e1reas, que n\u00e3o apenas auxiliaram nas quest\u00f5es relativas \u00e0 estrutura\u00e7\u00e3o t\u00e9cnica de texto e orat\u00f3ria, mas tamb\u00e9m acerca do conte\u00fado do tema do concurso, bem como poss\u00edveis abordagens dos discursos.<\/p>\n\n\n\n<p>Ao longo dos \u00faltimos meses, os candidatos passaram por etapas classificat\u00f3rias que testaram n\u00e3o apenas a eloqu\u00eancia, mas tamb\u00e9m a capacidade de argumenta\u00e7\u00e3o e o dom\u00ednio do tema, consagraram a participa\u00e7\u00e3o dos selecionados para a grande final.<\/p>\n\n\n\n<h2 class=\"wp-block-heading\">Segundo ano em primeiro lugar<\/h2>\n\n\n\n<p>A Emef Dom Pedro I voltou a participar do programa Orat\u00f3ria nas Escolas em 2023. A partir disso, os professores e a diretoria incentivaram muito os alunos a participar, pois acreditaram na proposta, vista como fundamental para o crescimento pessoal dos alunos. &#8220;Como escola, temos muito orgulho, porque esse \u00e9 o segundo ano que ficamos em primeiro lugar. Sempre quando vem a proposta de participarmos, lan\u00e7amos para os alunos e incentivamos o maior n\u00famero de participantes poss\u00edveis (internamente). Muitas vezes, nessa oportunidade, descobrimos grandes talentos&#8221;, sinaliza a diretoria. <\/p>\n\n\n\n<p>Os professores fazem v\u00e1rias rodadas de orat\u00f3ria em sala de aula at\u00e9 selecionarem os mais preparados. Ap\u00f3s a escolha do candidato final, a prepara\u00e7\u00e3o se intensificou. Com as dicas da JCI, foi poss\u00edvel melhorar ainda mais o texto para garantir uma excelente apresenta\u00e7\u00e3o da aluna. Camili se apresentou em algumas turmas e para a equipe diretiva como forma de prepara\u00e7\u00e3o para a etapa municipal.<\/p>\n\n\n\n<figure class=\"wp-block-image size-large\"><img loading=\"lazy\" decoding=\"async\" width=\"1024\" height=\"768\" src=\"https:\/\/folhapopular.info\/wp-content\/uploads\/2025\/06\/WhatsApp-Image-2025-06-18-at-14.51.46-1-1024x768.jpeg\" alt=\"\" class=\"wp-image-188703\" srcset=\"https:\/\/folhapopular.info\/wp-content\/uploads\/2025\/06\/WhatsApp-Image-2025-06-18-at-14.51.46-1-1024x768.jpeg 1024w, https:\/\/folhapopular.info\/wp-content\/uploads\/2025\/06\/WhatsApp-Image-2025-06-18-at-14.51.46-1-300x225.jpeg 300w, https:\/\/folhapopular.info\/wp-content\/uploads\/2025\/06\/WhatsApp-Image-2025-06-18-at-14.51.46-1-768x576.jpeg 768w, https:\/\/folhapopular.info\/wp-content\/uploads\/2025\/06\/WhatsApp-Image-2025-06-18-at-14.51.46-1-1536x1152.jpeg 1536w, https:\/\/folhapopular.info\/wp-content\/uploads\/2025\/06\/WhatsApp-Image-2025-06-18-at-14.51.46-1-560x420.jpeg 560w, https:\/\/folhapopular.info\/wp-content\/uploads\/2025\/06\/WhatsApp-Image-2025-06-18-at-14.51.46-1-80x60.jpeg 80w, https:\/\/folhapopular.info\/wp-content\/uploads\/2025\/06\/WhatsApp-Image-2025-06-18-at-14.51.46-1-696x522.jpeg 696w, https:\/\/folhapopular.info\/wp-content\/uploads\/2025\/06\/WhatsApp-Image-2025-06-18-at-14.51.46-1-1068x801.jpeg 1068w, https:\/\/folhapopular.info\/wp-content\/uploads\/2025\/06\/WhatsApp-Image-2025-06-18-at-14.51.46-1.jpeg 1600w\" sizes=\"auto, (max-width: 1024px) 100vw, 1024px\" \/><figcaption class=\"wp-element-caption\">Membros da JCI Lajeado e do Senado com os tr\u00eas primeiros colocados. Cr\u00e9dito: JCI Lajeado \/ Divulga\u00e7\u00e3o<\/figcaption><\/figure>\n","protected":false},"excerpt":{"rendered":"<p>A JCI Lajeado promoveu a grande final do tradicional concurso Orat\u00f3ria nas Escolas na segunda-feira (16\/6). A edi\u00e7\u00e3o de 2025 reuniu oito jovens estudantes dos 8\u00ba e 9\u00ba anos de diferentes escolas de Lajeado. O evento foi marcado pela emo\u00e7\u00e3o, talento e reflex\u00e3o sobre o tema \u201cDo descarte \u00e0 transforma\u00e7\u00e3o: o \u00f3leo de cozinha como [&hellip;]<\/p>\n","protected":false},"author":8,"featured_media":188702,"comment_status":"open","ping_status":"open","sticky":false,"template":"","format":"standard","meta":{"pmpro_default_level":"","_jetpack_memberships_contains_paid_content":false,"footnotes":""},"categories":[10988,3,6,10997],"tags":[873,11610,11041,27,12609],"class_list":{"0":"post-188701","1":"post","2":"type-post","3":"status-publish","4":"format-standard","5":"has-post-thumbnail","7":"category-educacao","8":"category-geral","9":"category-inclusive","10":"category-variedades","11":"tag-concurso","12":"tag-emef-dom-pedro-i","13":"tag-jci-lajeado","14":"tag-lajeado","15":"tag-oratoria-nas-escolas","16":"pmpro-has-access"},"yoast_head":"<!-- This site is optimized with the Yoast SEO plugin v27.5 - https:\/\/yoast.com\/product\/yoast-seo-wordpress\/ -->\n<title>Camili Soares, da Emef Dom Pedro I, vence o Orat\u00f3ria nas Escolas 2025 da JCI Lajeado - Folha Popular<\/title>\n<meta name=\"robots\" content=\"index, follow, max-snippet:-1, max-image-preview:large, max-video-preview:-1\" \/>\n<link rel=\"canonical\" href=\"https:\/\/folhapopular.info\/index.php\/2025\/06\/18\/camili-soares-da-emef-dom-pedro-i-vence-o-oratoria-nas-escolas-2025-da-jci-lajeado\/\" \/>\n<meta property=\"og:locale\" content=\"pt_BR\" \/>\n<meta property=\"og:type\" content=\"article\" \/>\n<meta property=\"og:title\" content=\"Camili Soares, da Emef Dom Pedro I, vence o Orat\u00f3ria nas Escolas 2025 da JCI Lajeado - Folha Popular\" \/>\n<meta property=\"og:description\" content=\"A JCI Lajeado promoveu a grande final do tradicional concurso Orat\u00f3ria nas Escolas na segunda-feira (16\/6). A edi\u00e7\u00e3o de 2025 reuniu oito jovens estudantes dos 8\u00ba e 9\u00ba anos de diferentes escolas de Lajeado. O evento foi marcado pela emo\u00e7\u00e3o, talento e reflex\u00e3o sobre o tema \u201cDo descarte \u00e0 transforma\u00e7\u00e3o: o \u00f3leo de cozinha como [&hellip;]\" \/>\n<meta property=\"og:url\" content=\"https:\/\/folhapopular.info\/index.php\/2025\/06\/18\/camili-soares-da-emef-dom-pedro-i-vence-o-oratoria-nas-escolas-2025-da-jci-lajeado\/\" \/>\n<meta property=\"og:site_name\" content=\"Folha Popular\" \/>\n<meta property=\"article:published_time\" content=\"2025-06-18T18:56:56+00:00\" \/>\n<meta property=\"article:modified_time\" content=\"2025-06-18T18:57:07+00:00\" \/>\n<meta property=\"og:image\" content=\"http:\/\/folhapopular.info\/wp-content\/uploads\/2025\/06\/WhatsApp-Image-2025-06-18-at-14.51.46.jpeg\" \/>\n\t<meta property=\"og:image:width\" content=\"1600\" \/>\n\t<meta property=\"og:image:height\" content=\"1200\" \/>\n\t<meta property=\"og:image:type\" content=\"image\/jpeg\" \/>\n<meta name=\"author\" content=\"Reda\u00e7\u00e3o Folha Popular\" \/>\n<meta name=\"twitter:card\" content=\"summary_large_image\" \/>\n<meta name=\"twitter:label1\" content=\"Escrito por\" \/>\n\t<meta name=\"twitter:data1\" content=\"Reda\u00e7\u00e3o Folha Popular\" \/>\n\t<meta name=\"twitter:label2\" content=\"Est. tempo de leitura\" \/>\n\t<meta name=\"twitter:data2\" content=\"5 minutos\" \/>\n<script type=\"application\/ld+json\" class=\"yoast-schema-graph\">{\"@context\":\"https:\\\/\\\/schema.org\",\"@graph\":[{\"@type\":\"Article\",\"@id\":\"https:\\\/\\\/folhapopular.info\\\/index.php\\\/2025\\\/06\\\/18\\\/camili-soares-da-emef-dom-pedro-i-vence-o-oratoria-nas-escolas-2025-da-jci-lajeado\\\/#article\",\"isPartOf\":{\"@id\":\"https:\\\/\\\/folhapopular.info\\\/index.php\\\/2025\\\/06\\\/18\\\/camili-soares-da-emef-dom-pedro-i-vence-o-oratoria-nas-escolas-2025-da-jci-lajeado\\\/\"},\"author\":{\"name\":\"Reda\u00e7\u00e3o Folha Popular\",\"@id\":\"https:\\\/\\\/folhapopular.info\\\/#\\\/schema\\\/person\\\/2814e8a0df7643585a9ca38bc6eb9d4b\"},\"headline\":\"Camili Soares, da Emef Dom Pedro I, vence o Orat\u00f3ria nas Escolas 2025 da JCI Lajeado\",\"datePublished\":\"2025-06-18T18:56:56+00:00\",\"dateModified\":\"2025-06-18T18:57:07+00:00\",\"mainEntityOfPage\":{\"@id\":\"https:\\\/\\\/folhapopular.info\\\/index.php\\\/2025\\\/06\\\/18\\\/camili-soares-da-emef-dom-pedro-i-vence-o-oratoria-nas-escolas-2025-da-jci-lajeado\\\/\"},\"wordCount\":725,\"commentCount\":0,\"image\":{\"@id\":\"https:\\\/\\\/folhapopular.info\\\/index.php\\\/2025\\\/06\\\/18\\\/camili-soares-da-emef-dom-pedro-i-vence-o-oratoria-nas-escolas-2025-da-jci-lajeado\\\/#primaryimage\"},\"thumbnailUrl\":\"https:\\\/\\\/folhapopular.info\\\/wp-content\\\/uploads\\\/2025\\\/06\\\/WhatsApp-Image-2025-06-18-at-14.51.46.jpeg\",\"keywords\":[\"Concurso\",\"emef dom pedro I\",\"jci lajeado\",\"Lajeado\",\"orat\u00f3ria nas escolas\"],\"articleSection\":[\"Educa\u00e7\u00e3o\",\"Geral\",\"Inclusive\",\"Variedades\"],\"inLanguage\":\"pt-BR\",\"potentialAction\":[{\"@type\":\"CommentAction\",\"name\":\"Comment\",\"target\":[\"https:\\\/\\\/folhapopular.info\\\/index.php\\\/2025\\\/06\\\/18\\\/camili-soares-da-emef-dom-pedro-i-vence-o-oratoria-nas-escolas-2025-da-jci-lajeado\\\/#respond\"]}]},{\"@type\":\"WebPage\",\"@id\":\"https:\\\/\\\/folhapopular.info\\\/index.php\\\/2025\\\/06\\\/18\\\/camili-soares-da-emef-dom-pedro-i-vence-o-oratoria-nas-escolas-2025-da-jci-lajeado\\\/\",\"url\":\"https:\\\/\\\/folhapopular.info\\\/index.php\\\/2025\\\/06\\\/18\\\/camili-soares-da-emef-dom-pedro-i-vence-o-oratoria-nas-escolas-2025-da-jci-lajeado\\\/\",\"name\":\"Camili Soares, da Emef Dom Pedro I, vence o Orat\u00f3ria nas Escolas 2025 da JCI Lajeado - Folha Popular\",\"isPartOf\":{\"@id\":\"https:\\\/\\\/folhapopular.info\\\/#website\"},\"primaryImageOfPage\":{\"@id\":\"https:\\\/\\\/folhapopular.info\\\/index.php\\\/2025\\\/06\\\/18\\\/camili-soares-da-emef-dom-pedro-i-vence-o-oratoria-nas-escolas-2025-da-jci-lajeado\\\/#primaryimage\"},\"image\":{\"@id\":\"https:\\\/\\\/folhapopular.info\\\/index.php\\\/2025\\\/06\\\/18\\\/camili-soares-da-emef-dom-pedro-i-vence-o-oratoria-nas-escolas-2025-da-jci-lajeado\\\/#primaryimage\"},\"thumbnailUrl\":\"https:\\\/\\\/folhapopular.info\\\/wp-content\\\/uploads\\\/2025\\\/06\\\/WhatsApp-Image-2025-06-18-at-14.51.46.jpeg\",\"datePublished\":\"2025-06-18T18:56:56+00:00\",\"dateModified\":\"2025-06-18T18:57:07+00:00\",\"author\":{\"@id\":\"https:\\\/\\\/folhapopular.info\\\/#\\\/schema\\\/person\\\/2814e8a0df7643585a9ca38bc6eb9d4b\"},\"breadcrumb\":{\"@id\":\"https:\\\/\\\/folhapopular.info\\\/index.php\\\/2025\\\/06\\\/18\\\/camili-soares-da-emef-dom-pedro-i-vence-o-oratoria-nas-escolas-2025-da-jci-lajeado\\\/#breadcrumb\"},\"inLanguage\":\"pt-BR\",\"potentialAction\":[{\"@type\":\"ReadAction\",\"target\":[\"https:\\\/\\\/folhapopular.info\\\/index.php\\\/2025\\\/06\\\/18\\\/camili-soares-da-emef-dom-pedro-i-vence-o-oratoria-nas-escolas-2025-da-jci-lajeado\\\/\"]}]},{\"@type\":\"ImageObject\",\"inLanguage\":\"pt-BR\",\"@id\":\"https:\\\/\\\/folhapopular.info\\\/index.php\\\/2025\\\/06\\\/18\\\/camili-soares-da-emef-dom-pedro-i-vence-o-oratoria-nas-escolas-2025-da-jci-lajeado\\\/#primaryimage\",\"url\":\"https:\\\/\\\/folhapopular.info\\\/wp-content\\\/uploads\\\/2025\\\/06\\\/WhatsApp-Image-2025-06-18-at-14.51.46.jpeg\",\"contentUrl\":\"https:\\\/\\\/folhapopular.info\\\/wp-content\\\/uploads\\\/2025\\\/06\\\/WhatsApp-Image-2025-06-18-at-14.51.46.jpeg\",\"width\":1600,\"height\":1200,\"caption\":\"Tr\u00eas primeiros colocados junto aos jurados, o coordenador do projeto em 2025, Eduardo Possamai (d) e o presidente da JCI Lajeado 2025, Marcelo Diedrich (2\u00ba e). Cr\u00e9dito: JCI Lajeado \\\/ Divulga\u00e7\u00e3o\"},{\"@type\":\"BreadcrumbList\",\"@id\":\"https:\\\/\\\/folhapopular.info\\\/index.php\\\/2025\\\/06\\\/18\\\/camili-soares-da-emef-dom-pedro-i-vence-o-oratoria-nas-escolas-2025-da-jci-lajeado\\\/#breadcrumb\",\"itemListElement\":[{\"@type\":\"ListItem\",\"position\":1,\"name\":\"In\u00edcio\",\"item\":\"https:\\\/\\\/folhapopular.info\\\/\"},{\"@type\":\"ListItem\",\"position\":2,\"name\":\"Camili Soares, da Emef Dom Pedro I, vence o Orat\u00f3ria nas Escolas 2025 da JCI Lajeado\"}]},{\"@type\":\"WebSite\",\"@id\":\"https:\\\/\\\/folhapopular.info\\\/#website\",\"url\":\"https:\\\/\\\/folhapopular.info\\\/\",\"name\":\"Folha Popular\",\"description\":\"Onde voc\u00ea tem vez e voz\",\"potentialAction\":[{\"@type\":\"SearchAction\",\"target\":{\"@type\":\"EntryPoint\",\"urlTemplate\":\"https:\\\/\\\/folhapopular.info\\\/?s={search_term_string}\"},\"query-input\":{\"@type\":\"PropertyValueSpecification\",\"valueRequired\":true,\"valueName\":\"search_term_string\"}}],\"inLanguage\":\"pt-BR\"},{\"@type\":\"Person\",\"@id\":\"https:\\\/\\\/folhapopular.info\\\/#\\\/schema\\\/person\\\/2814e8a0df7643585a9ca38bc6eb9d4b\",\"name\":\"Reda\u00e7\u00e3o Folha Popular\",\"image\":{\"@type\":\"ImageObject\",\"inLanguage\":\"pt-BR\",\"@id\":\"https:\\\/\\\/folhapopular.info\\\/wp-content\\\/uploads\\\/2026\\\/04\\\/Folha-1.webp\",\"url\":\"https:\\\/\\\/folhapopular.info\\\/wp-content\\\/uploads\\\/2026\\\/04\\\/Folha-1.webp\",\"contentUrl\":\"https:\\\/\\\/folhapopular.info\\\/wp-content\\\/uploads\\\/2026\\\/04\\\/Folha-1.webp\",\"caption\":\"Reda\u00e7\u00e3o Folha Popular\"},\"url\":\"https:\\\/\\\/folhapopular.info\\\/index.php\\\/author\\\/redacao\\\/\"}]}<\/script>\n<!-- \/ Yoast SEO plugin. -->","yoast_head_json":{"title":"Camili Soares, da Emef Dom Pedro I, vence o Orat\u00f3ria nas Escolas 2025 da JCI Lajeado - Folha Popular","robots":{"index":"index","follow":"follow","max-snippet":"max-snippet:-1","max-image-preview":"max-image-preview:large","max-video-preview":"max-video-preview:-1"},"canonical":"https:\/\/folhapopular.info\/index.php\/2025\/06\/18\/camili-soares-da-emef-dom-pedro-i-vence-o-oratoria-nas-escolas-2025-da-jci-lajeado\/","og_locale":"pt_BR","og_type":"article","og_title":"Camili Soares, da Emef Dom Pedro I, vence o Orat\u00f3ria nas Escolas 2025 da JCI Lajeado - Folha Popular","og_description":"A JCI Lajeado promoveu a grande final do tradicional concurso Orat\u00f3ria nas Escolas na segunda-feira (16\/6). A edi\u00e7\u00e3o de 2025 reuniu oito jovens estudantes dos 8\u00ba e 9\u00ba anos de diferentes escolas de Lajeado. O evento foi marcado pela emo\u00e7\u00e3o, talento e reflex\u00e3o sobre o tema \u201cDo descarte \u00e0 transforma\u00e7\u00e3o: o \u00f3leo de cozinha como [&hellip;]","og_url":"https:\/\/folhapopular.info\/index.php\/2025\/06\/18\/camili-soares-da-emef-dom-pedro-i-vence-o-oratoria-nas-escolas-2025-da-jci-lajeado\/","og_site_name":"Folha Popular","article_published_time":"2025-06-18T18:56:56+00:00","article_modified_time":"2025-06-18T18:57:07+00:00","og_image":[{"width":1600,"height":1200,"url":"http:\/\/folhapopular.info\/wp-content\/uploads\/2025\/06\/WhatsApp-Image-2025-06-18-at-14.51.46.jpeg","type":"image\/jpeg"}],"author":"Reda\u00e7\u00e3o Folha Popular","twitter_card":"summary_large_image","twitter_misc":{"Escrito por":"Reda\u00e7\u00e3o Folha Popular","Est. tempo de leitura":"5 minutos"},"schema":{"@context":"https:\/\/schema.org","@graph":[{"@type":"Article","@id":"https:\/\/folhapopular.info\/index.php\/2025\/06\/18\/camili-soares-da-emef-dom-pedro-i-vence-o-oratoria-nas-escolas-2025-da-jci-lajeado\/#article","isPartOf":{"@id":"https:\/\/folhapopular.info\/index.php\/2025\/06\/18\/camili-soares-da-emef-dom-pedro-i-vence-o-oratoria-nas-escolas-2025-da-jci-lajeado\/"},"author":{"name":"Reda\u00e7\u00e3o Folha Popular","@id":"https:\/\/folhapopular.info\/#\/schema\/person\/2814e8a0df7643585a9ca38bc6eb9d4b"},"headline":"Camili Soares, da Emef Dom Pedro I, vence o Orat\u00f3ria nas Escolas 2025 da JCI Lajeado","datePublished":"2025-06-18T18:56:56+00:00","dateModified":"2025-06-18T18:57:07+00:00","mainEntityOfPage":{"@id":"https:\/\/folhapopular.info\/index.php\/2025\/06\/18\/camili-soares-da-emef-dom-pedro-i-vence-o-oratoria-nas-escolas-2025-da-jci-lajeado\/"},"wordCount":725,"commentCount":0,"image":{"@id":"https:\/\/folhapopular.info\/index.php\/2025\/06\/18\/camili-soares-da-emef-dom-pedro-i-vence-o-oratoria-nas-escolas-2025-da-jci-lajeado\/#primaryimage"},"thumbnailUrl":"https:\/\/folhapopular.info\/wp-content\/uploads\/2025\/06\/WhatsApp-Image-2025-06-18-at-14.51.46.jpeg","keywords":["Concurso","emef dom pedro I","jci lajeado","Lajeado","orat\u00f3ria nas escolas"],"articleSection":["Educa\u00e7\u00e3o","Geral","Inclusive","Variedades"],"inLanguage":"pt-BR","potentialAction":[{"@type":"CommentAction","name":"Comment","target":["https:\/\/folhapopular.info\/index.php\/2025\/06\/18\/camili-soares-da-emef-dom-pedro-i-vence-o-oratoria-nas-escolas-2025-da-jci-lajeado\/#respond"]}]},{"@type":"WebPage","@id":"https:\/\/folhapopular.info\/index.php\/2025\/06\/18\/camili-soares-da-emef-dom-pedro-i-vence-o-oratoria-nas-escolas-2025-da-jci-lajeado\/","url":"https:\/\/folhapopular.info\/index.php\/2025\/06\/18\/camili-soares-da-emef-dom-pedro-i-vence-o-oratoria-nas-escolas-2025-da-jci-lajeado\/","name":"Camili Soares, da Emef Dom Pedro I, vence o Orat\u00f3ria nas Escolas 2025 da JCI Lajeado - Folha Popular","isPartOf":{"@id":"https:\/\/folhapopular.info\/#website"},"primaryImageOfPage":{"@id":"https:\/\/folhapopular.info\/index.php\/2025\/06\/18\/camili-soares-da-emef-dom-pedro-i-vence-o-oratoria-nas-escolas-2025-da-jci-lajeado\/#primaryimage"},"image":{"@id":"https:\/\/folhapopular.info\/index.php\/2025\/06\/18\/camili-soares-da-emef-dom-pedro-i-vence-o-oratoria-nas-escolas-2025-da-jci-lajeado\/#primaryimage"},"thumbnailUrl":"https:\/\/folhapopular.info\/wp-content\/uploads\/2025\/06\/WhatsApp-Image-2025-06-18-at-14.51.46.jpeg","datePublished":"2025-06-18T18:56:56+00:00","dateModified":"2025-06-18T18:57:07+00:00","author":{"@id":"https:\/\/folhapopular.info\/#\/schema\/person\/2814e8a0df7643585a9ca38bc6eb9d4b"},"breadcrumb":{"@id":"https:\/\/folhapopular.info\/index.php\/2025\/06\/18\/camili-soares-da-emef-dom-pedro-i-vence-o-oratoria-nas-escolas-2025-da-jci-lajeado\/#breadcrumb"},"inLanguage":"pt-BR","potentialAction":[{"@type":"ReadAction","target":["https:\/\/folhapopular.info\/index.php\/2025\/06\/18\/camili-soares-da-emef-dom-pedro-i-vence-o-oratoria-nas-escolas-2025-da-jci-lajeado\/"]}]},{"@type":"ImageObject","inLanguage":"pt-BR","@id":"https:\/\/folhapopular.info\/index.php\/2025\/06\/18\/camili-soares-da-emef-dom-pedro-i-vence-o-oratoria-nas-escolas-2025-da-jci-lajeado\/#primaryimage","url":"https:\/\/folhapopular.info\/wp-content\/uploads\/2025\/06\/WhatsApp-Image-2025-06-18-at-14.51.46.jpeg","contentUrl":"https:\/\/folhapopular.info\/wp-content\/uploads\/2025\/06\/WhatsApp-Image-2025-06-18-at-14.51.46.jpeg","width":1600,"height":1200,"caption":"Tr\u00eas primeiros colocados junto aos jurados, o coordenador do projeto em 2025, Eduardo Possamai (d) e o presidente da JCI Lajeado 2025, Marcelo Diedrich (2\u00ba e). Cr\u00e9dito: JCI Lajeado \/ Divulga\u00e7\u00e3o"},{"@type":"BreadcrumbList","@id":"https:\/\/folhapopular.info\/index.php\/2025\/06\/18\/camili-soares-da-emef-dom-pedro-i-vence-o-oratoria-nas-escolas-2025-da-jci-lajeado\/#breadcrumb","itemListElement":[{"@type":"ListItem","position":1,"name":"In\u00edcio","item":"https:\/\/folhapopular.info\/"},{"@type":"ListItem","position":2,"name":"Camili Soares, da Emef Dom Pedro I, vence o Orat\u00f3ria nas Escolas 2025 da JCI Lajeado"}]},{"@type":"WebSite","@id":"https:\/\/folhapopular.info\/#website","url":"https:\/\/folhapopular.info\/","name":"Folha Popular","description":"Onde voc\u00ea tem vez e voz","potentialAction":[{"@type":"SearchAction","target":{"@type":"EntryPoint","urlTemplate":"https:\/\/folhapopular.info\/?s={search_term_string}"},"query-input":{"@type":"PropertyValueSpecification","valueRequired":true,"valueName":"search_term_string"}}],"inLanguage":"pt-BR"},{"@type":"Person","@id":"https:\/\/folhapopular.info\/#\/schema\/person\/2814e8a0df7643585a9ca38bc6eb9d4b","name":"Reda\u00e7\u00e3o Folha Popular","image":{"@type":"ImageObject","inLanguage":"pt-BR","@id":"https:\/\/folhapopular.info\/wp-content\/uploads\/2026\/04\/Folha-1.webp","url":"https:\/\/folhapopular.info\/wp-content\/uploads\/2026\/04\/Folha-1.webp","contentUrl":"https:\/\/folhapopular.info\/wp-content\/uploads\/2026\/04\/Folha-1.webp","caption":"Reda\u00e7\u00e3o Folha Popular"},"url":"https:\/\/folhapopular.info\/index.php\/author\/redacao\/"}]}},"jetpack_featured_media_url":"https:\/\/folhapopular.info\/wp-content\/uploads\/2025\/06\/WhatsApp-Image-2025-06-18-at-14.51.46.jpeg","jetpack_sharing_enabled":true,"amp_enabled":true,"_links":{"self":[{"href":"https:\/\/folhapopular.info\/index.php\/wp-json\/wp\/v2\/posts\/188701","targetHints":{"allow":["GET"]}}],"collection":[{"href":"https:\/\/folhapopular.info\/index.php\/wp-json\/wp\/v2\/posts"}],"about":[{"href":"https:\/\/folhapopular.info\/index.php\/wp-json\/wp\/v2\/types\/post"}],"author":[{"embeddable":true,"href":"https:\/\/folhapopular.info\/index.php\/wp-json\/wp\/v2\/users\/8"}],"replies":[{"embeddable":true,"href":"https:\/\/folhapopular.info\/index.php\/wp-json\/wp\/v2\/comments?post=188701"}],"version-history":[{"count":0,"href":"https:\/\/folhapopular.info\/index.php\/wp-json\/wp\/v2\/posts\/188701\/revisions"}],"wp:featuredmedia":[{"embeddable":true,"href":"https:\/\/folhapopular.info\/index.php\/wp-json\/wp\/v2\/media\/188702"}],"wp:attachment":[{"href":"https:\/\/folhapopular.info\/index.php\/wp-json\/wp\/v2\/media?parent=188701"}],"wp:term":[{"taxonomy":"category","embeddable":true,"href":"https:\/\/folhapopular.info\/index.php\/wp-json\/wp\/v2\/categories?post=188701"},{"taxonomy":"post_tag","embeddable":true,"href":"https:\/\/folhapopular.info\/index.php\/wp-json\/wp\/v2\/tags?post=188701"}],"curies":[{"name":"wp","href":"https:\/\/api.w.org\/{rel}","templated":true}]}}