{"id":188741,"date":"2025-06-20T13:45:49","date_gmt":"2025-06-20T16:45:49","guid":{"rendered":"https:\/\/folhapopular.info\/?p=188741"},"modified":"2025-06-20T13:45:54","modified_gmt":"2025-06-20T16:45:54","slug":"presidente-e-diretor-do-hbb-de-lajeado-serao-palestrantes-em-reuniao-almoco-da-acil","status":"publish","type":"post","link":"https:\/\/folhapopular.info\/index.php\/2025\/06\/20\/presidente-e-diretor-do-hbb-de-lajeado-serao-palestrantes-em-reuniao-almoco-da-acil\/","title":{"rendered":"Presidente e diretor do HBB de Lajeado ser\u00e3o palestrantes em reuni\u00e3o-almo\u00e7o da Acil"},"content":{"rendered":"\n<p>A Associa\u00e7\u00e3o Comercial e Industrial de Lajeado (Acil) promove, na pr\u00f3xima quarta-feira (25\/6), uma nova edi\u00e7\u00e3o da Reuni\u00e3o-Almo\u00e7o (RA), que ter\u00e1 como palestrantes o presidente e o diretor executivo do Hospital Bruno Born (HBB), Marcos Frank e Cristiano Dickel. Com o tema \u201cHBB: de onde viemos e para onde vamos\u201d, o encontro ocorrer\u00e1 no sal\u00e3o de eventos da entidade, a partir das 11h30min, e \u00e9 aberto ao p\u00fablico.<\/p>\n\n\n\n<p>Durante a programa\u00e7\u00e3o, os gestores ir\u00e3o apresentar a trajet\u00f3ria do HBB, detalhar os processos administrativos adotados e compartilhar informa\u00e7\u00f5es sobre a gest\u00e3o financeira da institui\u00e7\u00e3o. O hospital, que atualmente emprega cerca de 1.500 colaboradores e conta com 420 m\u00e9dicos residentes, figura pelo quinto ano consecutivo entre os melhores hospitais do mundo. No ranking nacional, est\u00e1 entre os 60 melhores e ocupa a 8\u00aa posi\u00e7\u00e3o no Rio Grande do Sul.<\/p>\n\n\n\n<p>Marcos Frank \u00e9 m\u00e9dico com resid\u00eancia em Neurocirurgia e mestre em Ci\u00eancias M\u00e9dicas. Recebeu o t\u00edtulo de cidad\u00e3o lajeadense em 2009 e a medalha Capit\u00e3o Pedro Siebra em 2021. Atua como professor do curso de Medicina da Univates e integra a diretoria da Ag\u00eancia de Inova\u00e7\u00e3o e Desenvolvimento Local (Agil).<\/p>\n\n\n\n<p>Cristiano Dickel \u00e9 graduado em Ci\u00eancias Cont\u00e1beis pela Univates e possui especializa\u00e7\u00f5es em Gest\u00e3o Empresarial e Gest\u00e3o de Custos pela Unisc. Com ampla experi\u00eancia em administra\u00e7\u00e3o hospitalar, atua como diretor executivo do HBB desde 2014, com foco nas \u00e1reas financeira, de controle de custos, or\u00e7amentos e reestrutura\u00e7\u00e3o operacional.<\/p>\n\n\n\n<p>As inscri\u00e7\u00f5es para a RA devem ser realizadas at\u00e9 \u00e0s 12h de ter\u00e7a-feira (24\/6), exclusivamente pelo site da Acil (acilajeado.org.br). O investimento \u00e9 de R$ 80 para associados e R$ 110 para n\u00e3o associados.<\/p>\n\n\n\n<p>As Reuni\u00f5es-Almo\u00e7o de 2025 contam com o patroc\u00ednio de Banco Regional de Desenvolvimento do Extremo Sul (BRDE), BrasRede Telecomunica\u00e7\u00f5es, CBM Materiais El\u00e9tricos, Excellence Gar\u00e7ons, Florestal Alimentos, Fruki Bebidas, Grupo Imec, Grupo RBS, Kappel Im\u00f3veis, Olicenter, Rhodoss Implementos Rodovi\u00e1rios, Sicredi Integra\u00e7\u00e3o RS\/MG, Tecnosom Sonoriza\u00e7\u00e3o, Unimed VTRP, Vincere Construtora e Wep Compliance.<\/p>\n","protected":false},"excerpt":{"rendered":"<p>A Associa\u00e7\u00e3o Comercial e Industrial de Lajeado (Acil) promove, na pr\u00f3xima quarta-feira (25\/6), uma nova edi\u00e7\u00e3o da Reuni\u00e3o-Almo\u00e7o (RA), que ter\u00e1 como palestrantes o presidente e o diretor executivo do Hospital Bruno Born (HBB), Marcos Frank e Cristiano Dickel. Com o tema \u201cHBB: de onde viemos e para onde vamos\u201d, o encontro ocorrer\u00e1 no sal\u00e3o [&hellip;]<\/p>\n","protected":false},"author":8,"featured_media":188743,"comment_status":"open","ping_status":"open","sticky":false,"template":"","format":"standard","meta":{"pmpro_default_level":"","_jetpack_memberships_contains_paid_content":false,"footnotes":""},"categories":[2,10991],"tags":[214,2805,27,18040],"class_list":{"0":"post-188741","1":"post","2":"type-post","3":"status-publish","4":"format-standard","5":"has-post-thumbnail","7":"category-featured","8":"category-economia","9":"tag-acil","10":"tag-hbb","11":"tag-lajeado","12":"tag-ra","13":"pmpro-has-access"},"yoast_head":"<!-- This site is optimized with the Yoast SEO plugin v27.4 - https:\/\/yoast.com\/product\/yoast-seo-wordpress\/ -->\n<title>Presidente e diretor do HBB de Lajeado ser\u00e3o palestrantes em reuni\u00e3o-almo\u00e7o da Acil - Folha Popular<\/title>\n<meta name=\"robots\" content=\"index, follow, max-snippet:-1, max-image-preview:large, max-video-preview:-1\" \/>\n<link rel=\"canonical\" href=\"https:\/\/folhapopular.info\/index.php\/2025\/06\/20\/presidente-e-diretor-do-hbb-de-lajeado-serao-palestrantes-em-reuniao-almoco-da-acil\/\" \/>\n<meta property=\"og:locale\" content=\"pt_BR\" \/>\n<meta property=\"og:type\" content=\"article\" \/>\n<meta property=\"og:title\" content=\"Presidente e diretor do HBB de Lajeado ser\u00e3o palestrantes em reuni\u00e3o-almo\u00e7o da Acil - Folha Popular\" \/>\n<meta property=\"og:description\" content=\"A Associa\u00e7\u00e3o Comercial e Industrial de Lajeado (Acil) promove, na pr\u00f3xima quarta-feira (25\/6), uma nova edi\u00e7\u00e3o da Reuni\u00e3o-Almo\u00e7o (RA), que ter\u00e1 como palestrantes o presidente e o diretor executivo do Hospital Bruno Born (HBB), Marcos Frank e Cristiano Dickel. Com o tema \u201cHBB: de onde viemos e para onde vamos\u201d, o encontro ocorrer\u00e1 no sal\u00e3o [&hellip;]\" \/>\n<meta property=\"og:url\" content=\"https:\/\/folhapopular.info\/index.php\/2025\/06\/20\/presidente-e-diretor-do-hbb-de-lajeado-serao-palestrantes-em-reuniao-almoco-da-acil\/\" \/>\n<meta property=\"og:site_name\" content=\"Folha Popular\" \/>\n<meta property=\"article:published_time\" content=\"2025-06-20T16:45:49+00:00\" \/>\n<meta property=\"article:modified_time\" content=\"2025-06-20T16:45:54+00:00\" \/>\n<meta property=\"og:image\" content=\"http:\/\/folhapopular.info\/wp-content\/uploads\/2025\/06\/unnamed-2-e1750437899539.png\" \/>\n\t<meta property=\"og:image:width\" content=\"598\" \/>\n\t<meta property=\"og:image:height\" content=\"445\" \/>\n\t<meta property=\"og:image:type\" content=\"image\/png\" \/>\n<meta name=\"author\" content=\"Reda\u00e7\u00e3o Folha Popular\" \/>\n<meta name=\"twitter:card\" content=\"summary_large_image\" \/>\n<meta name=\"twitter:label1\" content=\"Escrito por\" \/>\n\t<meta name=\"twitter:data1\" content=\"Reda\u00e7\u00e3o Folha Popular\" \/>\n\t<meta name=\"twitter:label2\" content=\"Est. tempo de leitura\" \/>\n\t<meta name=\"twitter:data2\" content=\"2 minutos\" \/>\n<script type=\"application\/ld+json\" class=\"yoast-schema-graph\">{\"@context\":\"https:\\\/\\\/schema.org\",\"@graph\":[{\"@type\":\"Article\",\"@id\":\"https:\\\/\\\/folhapopular.info\\\/index.php\\\/2025\\\/06\\\/20\\\/presidente-e-diretor-do-hbb-de-lajeado-serao-palestrantes-em-reuniao-almoco-da-acil\\\/#article\",\"isPartOf\":{\"@id\":\"https:\\\/\\\/folhapopular.info\\\/index.php\\\/2025\\\/06\\\/20\\\/presidente-e-diretor-do-hbb-de-lajeado-serao-palestrantes-em-reuniao-almoco-da-acil\\\/\"},\"author\":{\"name\":\"Reda\u00e7\u00e3o Folha Popular\",\"@id\":\"https:\\\/\\\/folhapopular.info\\\/#\\\/schema\\\/person\\\/2814e8a0df7643585a9ca38bc6eb9d4b\"},\"headline\":\"Presidente e diretor do HBB de Lajeado ser\u00e3o palestrantes em reuni\u00e3o-almo\u00e7o da Acil\",\"datePublished\":\"2025-06-20T16:45:49+00:00\",\"dateModified\":\"2025-06-20T16:45:54+00:00\",\"mainEntityOfPage\":{\"@id\":\"https:\\\/\\\/folhapopular.info\\\/index.php\\\/2025\\\/06\\\/20\\\/presidente-e-diretor-do-hbb-de-lajeado-serao-palestrantes-em-reuniao-almoco-da-acil\\\/\"},\"wordCount\":369,\"commentCount\":0,\"image\":{\"@id\":\"https:\\\/\\\/folhapopular.info\\\/index.php\\\/2025\\\/06\\\/20\\\/presidente-e-diretor-do-hbb-de-lajeado-serao-palestrantes-em-reuniao-almoco-da-acil\\\/#primaryimage\"},\"thumbnailUrl\":\"https:\\\/\\\/folhapopular.info\\\/wp-content\\\/uploads\\\/2025\\\/06\\\/unnamed-2-e1750437899539.png\",\"keywords\":[\"Acil\",\"HBB\",\"Lajeado\",\"RA\"],\"articleSection\":[\"Destaques\",\"Economia\"],\"inLanguage\":\"pt-BR\",\"potentialAction\":[{\"@type\":\"CommentAction\",\"name\":\"Comment\",\"target\":[\"https:\\\/\\\/folhapopular.info\\\/index.php\\\/2025\\\/06\\\/20\\\/presidente-e-diretor-do-hbb-de-lajeado-serao-palestrantes-em-reuniao-almoco-da-acil\\\/#respond\"]}]},{\"@type\":\"WebPage\",\"@id\":\"https:\\\/\\\/folhapopular.info\\\/index.php\\\/2025\\\/06\\\/20\\\/presidente-e-diretor-do-hbb-de-lajeado-serao-palestrantes-em-reuniao-almoco-da-acil\\\/\",\"url\":\"https:\\\/\\\/folhapopular.info\\\/index.php\\\/2025\\\/06\\\/20\\\/presidente-e-diretor-do-hbb-de-lajeado-serao-palestrantes-em-reuniao-almoco-da-acil\\\/\",\"name\":\"Presidente e diretor do HBB de Lajeado ser\u00e3o palestrantes em reuni\u00e3o-almo\u00e7o da Acil - Folha Popular\",\"isPartOf\":{\"@id\":\"https:\\\/\\\/folhapopular.info\\\/#website\"},\"primaryImageOfPage\":{\"@id\":\"https:\\\/\\\/folhapopular.info\\\/index.php\\\/2025\\\/06\\\/20\\\/presidente-e-diretor-do-hbb-de-lajeado-serao-palestrantes-em-reuniao-almoco-da-acil\\\/#primaryimage\"},\"image\":{\"@id\":\"https:\\\/\\\/folhapopular.info\\\/index.php\\\/2025\\\/06\\\/20\\\/presidente-e-diretor-do-hbb-de-lajeado-serao-palestrantes-em-reuniao-almoco-da-acil\\\/#primaryimage\"},\"thumbnailUrl\":\"https:\\\/\\\/folhapopular.info\\\/wp-content\\\/uploads\\\/2025\\\/06\\\/unnamed-2-e1750437899539.png\",\"datePublished\":\"2025-06-20T16:45:49+00:00\",\"dateModified\":\"2025-06-20T16:45:54+00:00\",\"author\":{\"@id\":\"https:\\\/\\\/folhapopular.info\\\/#\\\/schema\\\/person\\\/2814e8a0df7643585a9ca38bc6eb9d4b\"},\"breadcrumb\":{\"@id\":\"https:\\\/\\\/folhapopular.info\\\/index.php\\\/2025\\\/06\\\/20\\\/presidente-e-diretor-do-hbb-de-lajeado-serao-palestrantes-em-reuniao-almoco-da-acil\\\/#breadcrumb\"},\"inLanguage\":\"pt-BR\",\"potentialAction\":[{\"@type\":\"ReadAction\",\"target\":[\"https:\\\/\\\/folhapopular.info\\\/index.php\\\/2025\\\/06\\\/20\\\/presidente-e-diretor-do-hbb-de-lajeado-serao-palestrantes-em-reuniao-almoco-da-acil\\\/\"]}]},{\"@type\":\"ImageObject\",\"inLanguage\":\"pt-BR\",\"@id\":\"https:\\\/\\\/folhapopular.info\\\/index.php\\\/2025\\\/06\\\/20\\\/presidente-e-diretor-do-hbb-de-lajeado-serao-palestrantes-em-reuniao-almoco-da-acil\\\/#primaryimage\",\"url\":\"https:\\\/\\\/folhapopular.info\\\/wp-content\\\/uploads\\\/2025\\\/06\\\/unnamed-2-e1750437899539.png\",\"contentUrl\":\"https:\\\/\\\/folhapopular.info\\\/wp-content\\\/uploads\\\/2025\\\/06\\\/unnamed-2-e1750437899539.png\",\"width\":598,\"height\":445,\"caption\":\"Cr\u00e9dito: Divulga\u00e7\u00e3o\"},{\"@type\":\"BreadcrumbList\",\"@id\":\"https:\\\/\\\/folhapopular.info\\\/index.php\\\/2025\\\/06\\\/20\\\/presidente-e-diretor-do-hbb-de-lajeado-serao-palestrantes-em-reuniao-almoco-da-acil\\\/#breadcrumb\",\"itemListElement\":[{\"@type\":\"ListItem\",\"position\":1,\"name\":\"In\u00edcio\",\"item\":\"https:\\\/\\\/folhapopular.info\\\/\"},{\"@type\":\"ListItem\",\"position\":2,\"name\":\"Presidente e diretor do HBB de Lajeado ser\u00e3o palestrantes em reuni\u00e3o-almo\u00e7o da Acil\"}]},{\"@type\":\"WebSite\",\"@id\":\"https:\\\/\\\/folhapopular.info\\\/#website\",\"url\":\"https:\\\/\\\/folhapopular.info\\\/\",\"name\":\"Folha Popular\",\"description\":\"Onde voc\u00ea tem vez e voz\",\"potentialAction\":[{\"@type\":\"SearchAction\",\"target\":{\"@type\":\"EntryPoint\",\"urlTemplate\":\"https:\\\/\\\/folhapopular.info\\\/?s={search_term_string}\"},\"query-input\":{\"@type\":\"PropertyValueSpecification\",\"valueRequired\":true,\"valueName\":\"search_term_string\"}}],\"inLanguage\":\"pt-BR\"},{\"@type\":\"Person\",\"@id\":\"https:\\\/\\\/folhapopular.info\\\/#\\\/schema\\\/person\\\/2814e8a0df7643585a9ca38bc6eb9d4b\",\"name\":\"Reda\u00e7\u00e3o Folha Popular\",\"image\":{\"@type\":\"ImageObject\",\"inLanguage\":\"pt-BR\",\"@id\":\"https:\\\/\\\/folhapopular.info\\\/wp-content\\\/uploads\\\/2026\\\/04\\\/Folha-1.webp\",\"url\":\"https:\\\/\\\/folhapopular.info\\\/wp-content\\\/uploads\\\/2026\\\/04\\\/Folha-1.webp\",\"contentUrl\":\"https:\\\/\\\/folhapopular.info\\\/wp-content\\\/uploads\\\/2026\\\/04\\\/Folha-1.webp\",\"caption\":\"Reda\u00e7\u00e3o Folha Popular\"},\"url\":\"https:\\\/\\\/folhapopular.info\\\/index.php\\\/author\\\/redacao\\\/\"}]}<\/script>\n<!-- \/ Yoast SEO plugin. -->","yoast_head_json":{"title":"Presidente e diretor do HBB de Lajeado ser\u00e3o palestrantes em reuni\u00e3o-almo\u00e7o da Acil - Folha Popular","robots":{"index":"index","follow":"follow","max-snippet":"max-snippet:-1","max-image-preview":"max-image-preview:large","max-video-preview":"max-video-preview:-1"},"canonical":"https:\/\/folhapopular.info\/index.php\/2025\/06\/20\/presidente-e-diretor-do-hbb-de-lajeado-serao-palestrantes-em-reuniao-almoco-da-acil\/","og_locale":"pt_BR","og_type":"article","og_title":"Presidente e diretor do HBB de Lajeado ser\u00e3o palestrantes em reuni\u00e3o-almo\u00e7o da Acil - Folha Popular","og_description":"A Associa\u00e7\u00e3o Comercial e Industrial de Lajeado (Acil) promove, na pr\u00f3xima quarta-feira (25\/6), uma nova edi\u00e7\u00e3o da Reuni\u00e3o-Almo\u00e7o (RA), que ter\u00e1 como palestrantes o presidente e o diretor executivo do Hospital Bruno Born (HBB), Marcos Frank e Cristiano Dickel. Com o tema \u201cHBB: de onde viemos e para onde vamos\u201d, o encontro ocorrer\u00e1 no sal\u00e3o [&hellip;]","og_url":"https:\/\/folhapopular.info\/index.php\/2025\/06\/20\/presidente-e-diretor-do-hbb-de-lajeado-serao-palestrantes-em-reuniao-almoco-da-acil\/","og_site_name":"Folha Popular","article_published_time":"2025-06-20T16:45:49+00:00","article_modified_time":"2025-06-20T16:45:54+00:00","og_image":[{"width":598,"height":445,"url":"http:\/\/folhapopular.info\/wp-content\/uploads\/2025\/06\/unnamed-2-e1750437899539.png","type":"image\/png"}],"author":"Reda\u00e7\u00e3o Folha Popular","twitter_card":"summary_large_image","twitter_misc":{"Escrito por":"Reda\u00e7\u00e3o Folha Popular","Est. tempo de leitura":"2 minutos"},"schema":{"@context":"https:\/\/schema.org","@graph":[{"@type":"Article","@id":"https:\/\/folhapopular.info\/index.php\/2025\/06\/20\/presidente-e-diretor-do-hbb-de-lajeado-serao-palestrantes-em-reuniao-almoco-da-acil\/#article","isPartOf":{"@id":"https:\/\/folhapopular.info\/index.php\/2025\/06\/20\/presidente-e-diretor-do-hbb-de-lajeado-serao-palestrantes-em-reuniao-almoco-da-acil\/"},"author":{"name":"Reda\u00e7\u00e3o Folha Popular","@id":"https:\/\/folhapopular.info\/#\/schema\/person\/2814e8a0df7643585a9ca38bc6eb9d4b"},"headline":"Presidente e diretor do HBB de Lajeado ser\u00e3o palestrantes em reuni\u00e3o-almo\u00e7o da Acil","datePublished":"2025-06-20T16:45:49+00:00","dateModified":"2025-06-20T16:45:54+00:00","mainEntityOfPage":{"@id":"https:\/\/folhapopular.info\/index.php\/2025\/06\/20\/presidente-e-diretor-do-hbb-de-lajeado-serao-palestrantes-em-reuniao-almoco-da-acil\/"},"wordCount":369,"commentCount":0,"image":{"@id":"https:\/\/folhapopular.info\/index.php\/2025\/06\/20\/presidente-e-diretor-do-hbb-de-lajeado-serao-palestrantes-em-reuniao-almoco-da-acil\/#primaryimage"},"thumbnailUrl":"https:\/\/folhapopular.info\/wp-content\/uploads\/2025\/06\/unnamed-2-e1750437899539.png","keywords":["Acil","HBB","Lajeado","RA"],"articleSection":["Destaques","Economia"],"inLanguage":"pt-BR","potentialAction":[{"@type":"CommentAction","name":"Comment","target":["https:\/\/folhapopular.info\/index.php\/2025\/06\/20\/presidente-e-diretor-do-hbb-de-lajeado-serao-palestrantes-em-reuniao-almoco-da-acil\/#respond"]}]},{"@type":"WebPage","@id":"https:\/\/folhapopular.info\/index.php\/2025\/06\/20\/presidente-e-diretor-do-hbb-de-lajeado-serao-palestrantes-em-reuniao-almoco-da-acil\/","url":"https:\/\/folhapopular.info\/index.php\/2025\/06\/20\/presidente-e-diretor-do-hbb-de-lajeado-serao-palestrantes-em-reuniao-almoco-da-acil\/","name":"Presidente e diretor do HBB de Lajeado ser\u00e3o palestrantes em reuni\u00e3o-almo\u00e7o da Acil - Folha Popular","isPartOf":{"@id":"https:\/\/folhapopular.info\/#website"},"primaryImageOfPage":{"@id":"https:\/\/folhapopular.info\/index.php\/2025\/06\/20\/presidente-e-diretor-do-hbb-de-lajeado-serao-palestrantes-em-reuniao-almoco-da-acil\/#primaryimage"},"image":{"@id":"https:\/\/folhapopular.info\/index.php\/2025\/06\/20\/presidente-e-diretor-do-hbb-de-lajeado-serao-palestrantes-em-reuniao-almoco-da-acil\/#primaryimage"},"thumbnailUrl":"https:\/\/folhapopular.info\/wp-content\/uploads\/2025\/06\/unnamed-2-e1750437899539.png","datePublished":"2025-06-20T16:45:49+00:00","dateModified":"2025-06-20T16:45:54+00:00","author":{"@id":"https:\/\/folhapopular.info\/#\/schema\/person\/2814e8a0df7643585a9ca38bc6eb9d4b"},"breadcrumb":{"@id":"https:\/\/folhapopular.info\/index.php\/2025\/06\/20\/presidente-e-diretor-do-hbb-de-lajeado-serao-palestrantes-em-reuniao-almoco-da-acil\/#breadcrumb"},"inLanguage":"pt-BR","potentialAction":[{"@type":"ReadAction","target":["https:\/\/folhapopular.info\/index.php\/2025\/06\/20\/presidente-e-diretor-do-hbb-de-lajeado-serao-palestrantes-em-reuniao-almoco-da-acil\/"]}]},{"@type":"ImageObject","inLanguage":"pt-BR","@id":"https:\/\/folhapopular.info\/index.php\/2025\/06\/20\/presidente-e-diretor-do-hbb-de-lajeado-serao-palestrantes-em-reuniao-almoco-da-acil\/#primaryimage","url":"https:\/\/folhapopular.info\/wp-content\/uploads\/2025\/06\/unnamed-2-e1750437899539.png","contentUrl":"https:\/\/folhapopular.info\/wp-content\/uploads\/2025\/06\/unnamed-2-e1750437899539.png","width":598,"height":445,"caption":"Cr\u00e9dito: Divulga\u00e7\u00e3o"},{"@type":"BreadcrumbList","@id":"https:\/\/folhapopular.info\/index.php\/2025\/06\/20\/presidente-e-diretor-do-hbb-de-lajeado-serao-palestrantes-em-reuniao-almoco-da-acil\/#breadcrumb","itemListElement":[{"@type":"ListItem","position":1,"name":"In\u00edcio","item":"https:\/\/folhapopular.info\/"},{"@type":"ListItem","position":2,"name":"Presidente e diretor do HBB de Lajeado ser\u00e3o palestrantes em reuni\u00e3o-almo\u00e7o da Acil"}]},{"@type":"WebSite","@id":"https:\/\/folhapopular.info\/#website","url":"https:\/\/folhapopular.info\/","name":"Folha Popular","description":"Onde voc\u00ea tem vez e voz","potentialAction":[{"@type":"SearchAction","target":{"@type":"EntryPoint","urlTemplate":"https:\/\/folhapopular.info\/?s={search_term_string}"},"query-input":{"@type":"PropertyValueSpecification","valueRequired":true,"valueName":"search_term_string"}}],"inLanguage":"pt-BR"},{"@type":"Person","@id":"https:\/\/folhapopular.info\/#\/schema\/person\/2814e8a0df7643585a9ca38bc6eb9d4b","name":"Reda\u00e7\u00e3o Folha Popular","image":{"@type":"ImageObject","inLanguage":"pt-BR","@id":"https:\/\/folhapopular.info\/wp-content\/uploads\/2026\/04\/Folha-1.webp","url":"https:\/\/folhapopular.info\/wp-content\/uploads\/2026\/04\/Folha-1.webp","contentUrl":"https:\/\/folhapopular.info\/wp-content\/uploads\/2026\/04\/Folha-1.webp","caption":"Reda\u00e7\u00e3o Folha Popular"},"url":"https:\/\/folhapopular.info\/index.php\/author\/redacao\/"}]}},"jetpack_featured_media_url":"https:\/\/folhapopular.info\/wp-content\/uploads\/2025\/06\/unnamed-2-e1750437899539.png","jetpack_sharing_enabled":true,"amp_enabled":true,"_links":{"self":[{"href":"https:\/\/folhapopular.info\/index.php\/wp-json\/wp\/v2\/posts\/188741","targetHints":{"allow":["GET"]}}],"collection":[{"href":"https:\/\/folhapopular.info\/index.php\/wp-json\/wp\/v2\/posts"}],"about":[{"href":"https:\/\/folhapopular.info\/index.php\/wp-json\/wp\/v2\/types\/post"}],"author":[{"embeddable":true,"href":"https:\/\/folhapopular.info\/index.php\/wp-json\/wp\/v2\/users\/8"}],"replies":[{"embeddable":true,"href":"https:\/\/folhapopular.info\/index.php\/wp-json\/wp\/v2\/comments?post=188741"}],"version-history":[{"count":0,"href":"https:\/\/folhapopular.info\/index.php\/wp-json\/wp\/v2\/posts\/188741\/revisions"}],"wp:featuredmedia":[{"embeddable":true,"href":"https:\/\/folhapopular.info\/index.php\/wp-json\/wp\/v2\/media\/188743"}],"wp:attachment":[{"href":"https:\/\/folhapopular.info\/index.php\/wp-json\/wp\/v2\/media?parent=188741"}],"wp:term":[{"taxonomy":"category","embeddable":true,"href":"https:\/\/folhapopular.info\/index.php\/wp-json\/wp\/v2\/categories?post=188741"},{"taxonomy":"post_tag","embeddable":true,"href":"https:\/\/folhapopular.info\/index.php\/wp-json\/wp\/v2\/tags?post=188741"}],"curies":[{"name":"wp","href":"https:\/\/api.w.org\/{rel}","templated":true}]}}