{"id":188752,"date":"2025-06-20T15:00:00","date_gmt":"2025-06-20T18:00:00","guid":{"rendered":"https:\/\/folhapopular.info\/?p=188752"},"modified":"2025-06-20T15:09:21","modified_gmt":"2025-06-20T18:09:21","slug":"teutonia-realiza-acao-de-recolhimento-de-lixo-eletronico","status":"publish","type":"post","link":"https:\/\/folhapopular.info\/index.php\/2025\/06\/20\/teutonia-realiza-acao-de-recolhimento-de-lixo-eletronico\/","title":{"rendered":"Teut\u00f4nia realiza a\u00e7\u00e3o de recolhimento de lixo eletr\u00f4nico"},"content":{"rendered":"\n<p>O recolhimento de lixo eletr\u00f4nico em escolas do munic\u00edpio ocorre entre os dias 6 e 27 de junho. Durante esse per\u00edodo, a comunidade pode levar dispositivos el\u00e9tricos e eletr\u00f4nicos at\u00e9 as institui\u00e7\u00f5es de ensino para o descarte correto e a destina\u00e7\u00e3o ambientalmente adequada dos materiais.<\/p>\n\n\n\n<p>A iniciativa \u00e9 promovida em parceria pelas Secretarias de Agricultura e Meio Ambiente e de Educa\u00e7\u00e3o, como parte das a\u00e7\u00f5es alusivas ao m\u00eas de conscientiza\u00e7\u00e3o sobre a preserva\u00e7\u00e3o do meio ambiente.<\/p>\n\n\n\n<p>Al\u00e9m do recolhimento nas escolas, ser\u00e1 realizado um ponto de coleta no Pavilh\u00e3o Multiuso, na segunda-feira (30\/6), das 8h \u00e0s 16h. \u00c9 importante destacar que, nesta a\u00e7\u00e3o, n\u00e3o ser\u00e3o recebidas pilhas nem l\u00e2mpadas.<\/p>\n","protected":false},"excerpt":{"rendered":"<p>O recolhimento de lixo eletr\u00f4nico em escolas do munic\u00edpio ocorre entre os dias 6 e 27 de junho. Durante esse per\u00edodo, a comunidade pode levar dispositivos el\u00e9tricos e eletr\u00f4nicos at\u00e9 as institui\u00e7\u00f5es de ensino para o descarte correto e a destina\u00e7\u00e3o ambientalmente adequada dos materiais. A iniciativa \u00e9 promovida em parceria pelas Secretarias de Agricultura [&hellip;]<\/p>\n","protected":false},"author":8,"featured_media":188753,"comment_status":"open","ping_status":"open","sticky":false,"template":"","format":"standard","meta":{"pmpro_default_level":"","_jetpack_memberships_contains_paid_content":false,"footnotes":""},"categories":[2,3,11091],"tags":[434,1065,26],"class_list":{"0":"post-188752","1":"post","2":"type-post","3":"status-publish","4":"format-standard","5":"has-post-thumbnail","7":"category-featured","8":"category-geral","9":"category-servicos","10":"tag-lixo","11":"tag-lixo-eletronico","12":"tag-teutonia","13":"pmpro-has-access"},"yoast_head":"<!-- This site is optimized with the Yoast SEO plugin v27.5 - https:\/\/yoast.com\/product\/yoast-seo-wordpress\/ -->\n<title>Teut\u00f4nia realiza a\u00e7\u00e3o de recolhimento de lixo eletr\u00f4nico - Folha Popular<\/title>\n<meta name=\"robots\" content=\"index, follow, max-snippet:-1, max-image-preview:large, max-video-preview:-1\" \/>\n<link rel=\"canonical\" href=\"https:\/\/folhapopular.info\/index.php\/2025\/06\/20\/teutonia-realiza-acao-de-recolhimento-de-lixo-eletronico\/\" \/>\n<meta property=\"og:locale\" content=\"pt_BR\" \/>\n<meta property=\"og:type\" content=\"article\" \/>\n<meta property=\"og:title\" content=\"Teut\u00f4nia realiza a\u00e7\u00e3o de recolhimento de lixo eletr\u00f4nico - Folha Popular\" \/>\n<meta property=\"og:description\" content=\"O recolhimento de lixo eletr\u00f4nico em escolas do munic\u00edpio ocorre entre os dias 6 e 27 de junho. Durante esse per\u00edodo, a comunidade pode levar dispositivos el\u00e9tricos e eletr\u00f4nicos at\u00e9 as institui\u00e7\u00f5es de ensino para o descarte correto e a destina\u00e7\u00e3o ambientalmente adequada dos materiais. A iniciativa \u00e9 promovida em parceria pelas Secretarias de Agricultura [&hellip;]\" \/>\n<meta property=\"og:url\" content=\"https:\/\/folhapopular.info\/index.php\/2025\/06\/20\/teutonia-realiza-acao-de-recolhimento-de-lixo-eletronico\/\" \/>\n<meta property=\"og:site_name\" content=\"Folha Popular\" \/>\n<meta property=\"article:published_time\" content=\"2025-06-20T18:00:00+00:00\" \/>\n<meta property=\"article:modified_time\" content=\"2025-06-20T18:09:21+00:00\" \/>\n<meta property=\"og:image\" content=\"http:\/\/folhapopular.info\/wp-content\/uploads\/2025\/06\/WhatsApp-Image-2025-06-20-at-13.57.02-1.jpeg\" \/>\n\t<meta property=\"og:image:width\" content=\"1080\" \/>\n\t<meta property=\"og:image:height\" content=\"1080\" \/>\n\t<meta property=\"og:image:type\" content=\"image\/jpeg\" \/>\n<meta name=\"author\" content=\"Reda\u00e7\u00e3o Folha Popular\" \/>\n<meta name=\"twitter:card\" content=\"summary_large_image\" \/>\n<meta name=\"twitter:label1\" content=\"Escrito por\" \/>\n\t<meta name=\"twitter:data1\" content=\"Reda\u00e7\u00e3o Folha Popular\" \/>\n\t<meta name=\"twitter:label2\" content=\"Est. tempo de leitura\" \/>\n\t<meta name=\"twitter:data2\" content=\"1 minuto\" \/>\n<script type=\"application\/ld+json\" class=\"yoast-schema-graph\">{\"@context\":\"https:\\\/\\\/schema.org\",\"@graph\":[{\"@type\":\"Article\",\"@id\":\"https:\\\/\\\/folhapopular.info\\\/index.php\\\/2025\\\/06\\\/20\\\/teutonia-realiza-acao-de-recolhimento-de-lixo-eletronico\\\/#article\",\"isPartOf\":{\"@id\":\"https:\\\/\\\/folhapopular.info\\\/index.php\\\/2025\\\/06\\\/20\\\/teutonia-realiza-acao-de-recolhimento-de-lixo-eletronico\\\/\"},\"author\":{\"name\":\"Reda\u00e7\u00e3o Folha Popular\",\"@id\":\"https:\\\/\\\/folhapopular.info\\\/#\\\/schema\\\/person\\\/2814e8a0df7643585a9ca38bc6eb9d4b\"},\"headline\":\"Teut\u00f4nia realiza a\u00e7\u00e3o de recolhimento de lixo eletr\u00f4nico\",\"datePublished\":\"2025-06-20T18:00:00+00:00\",\"dateModified\":\"2025-06-20T18:09:21+00:00\",\"mainEntityOfPage\":{\"@id\":\"https:\\\/\\\/folhapopular.info\\\/index.php\\\/2025\\\/06\\\/20\\\/teutonia-realiza-acao-de-recolhimento-de-lixo-eletronico\\\/\"},\"wordCount\":133,\"commentCount\":0,\"image\":{\"@id\":\"https:\\\/\\\/folhapopular.info\\\/index.php\\\/2025\\\/06\\\/20\\\/teutonia-realiza-acao-de-recolhimento-de-lixo-eletronico\\\/#primaryimage\"},\"thumbnailUrl\":\"https:\\\/\\\/folhapopular.info\\\/wp-content\\\/uploads\\\/2025\\\/06\\\/WhatsApp-Image-2025-06-20-at-13.57.02-1.jpeg\",\"keywords\":[\"Lixo\",\"Lixo Eletr\u00f4nico\",\"Teut\u00f4nia\"],\"articleSection\":[\"Destaques\",\"Geral\",\"Servi\u00e7os\"],\"inLanguage\":\"pt-BR\",\"potentialAction\":[{\"@type\":\"CommentAction\",\"name\":\"Comment\",\"target\":[\"https:\\\/\\\/folhapopular.info\\\/index.php\\\/2025\\\/06\\\/20\\\/teutonia-realiza-acao-de-recolhimento-de-lixo-eletronico\\\/#respond\"]}]},{\"@type\":\"WebPage\",\"@id\":\"https:\\\/\\\/folhapopular.info\\\/index.php\\\/2025\\\/06\\\/20\\\/teutonia-realiza-acao-de-recolhimento-de-lixo-eletronico\\\/\",\"url\":\"https:\\\/\\\/folhapopular.info\\\/index.php\\\/2025\\\/06\\\/20\\\/teutonia-realiza-acao-de-recolhimento-de-lixo-eletronico\\\/\",\"name\":\"Teut\u00f4nia realiza a\u00e7\u00e3o de recolhimento de lixo eletr\u00f4nico - Folha Popular\",\"isPartOf\":{\"@id\":\"https:\\\/\\\/folhapopular.info\\\/#website\"},\"primaryImageOfPage\":{\"@id\":\"https:\\\/\\\/folhapopular.info\\\/index.php\\\/2025\\\/06\\\/20\\\/teutonia-realiza-acao-de-recolhimento-de-lixo-eletronico\\\/#primaryimage\"},\"image\":{\"@id\":\"https:\\\/\\\/folhapopular.info\\\/index.php\\\/2025\\\/06\\\/20\\\/teutonia-realiza-acao-de-recolhimento-de-lixo-eletronico\\\/#primaryimage\"},\"thumbnailUrl\":\"https:\\\/\\\/folhapopular.info\\\/wp-content\\\/uploads\\\/2025\\\/06\\\/WhatsApp-Image-2025-06-20-at-13.57.02-1.jpeg\",\"datePublished\":\"2025-06-20T18:00:00+00:00\",\"dateModified\":\"2025-06-20T18:09:21+00:00\",\"author\":{\"@id\":\"https:\\\/\\\/folhapopular.info\\\/#\\\/schema\\\/person\\\/2814e8a0df7643585a9ca38bc6eb9d4b\"},\"breadcrumb\":{\"@id\":\"https:\\\/\\\/folhapopular.info\\\/index.php\\\/2025\\\/06\\\/20\\\/teutonia-realiza-acao-de-recolhimento-de-lixo-eletronico\\\/#breadcrumb\"},\"inLanguage\":\"pt-BR\",\"potentialAction\":[{\"@type\":\"ReadAction\",\"target\":[\"https:\\\/\\\/folhapopular.info\\\/index.php\\\/2025\\\/06\\\/20\\\/teutonia-realiza-acao-de-recolhimento-de-lixo-eletronico\\\/\"]}]},{\"@type\":\"ImageObject\",\"inLanguage\":\"pt-BR\",\"@id\":\"https:\\\/\\\/folhapopular.info\\\/index.php\\\/2025\\\/06\\\/20\\\/teutonia-realiza-acao-de-recolhimento-de-lixo-eletronico\\\/#primaryimage\",\"url\":\"https:\\\/\\\/folhapopular.info\\\/wp-content\\\/uploads\\\/2025\\\/06\\\/WhatsApp-Image-2025-06-20-at-13.57.02-1.jpeg\",\"contentUrl\":\"https:\\\/\\\/folhapopular.info\\\/wp-content\\\/uploads\\\/2025\\\/06\\\/WhatsApp-Image-2025-06-20-at-13.57.02-1.jpeg\",\"width\":1080,\"height\":1080,\"caption\":\"Cr\u00e9dito: Divulga\u00e7\u00e3o\"},{\"@type\":\"BreadcrumbList\",\"@id\":\"https:\\\/\\\/folhapopular.info\\\/index.php\\\/2025\\\/06\\\/20\\\/teutonia-realiza-acao-de-recolhimento-de-lixo-eletronico\\\/#breadcrumb\",\"itemListElement\":[{\"@type\":\"ListItem\",\"position\":1,\"name\":\"In\u00edcio\",\"item\":\"https:\\\/\\\/folhapopular.info\\\/\"},{\"@type\":\"ListItem\",\"position\":2,\"name\":\"Teut\u00f4nia realiza a\u00e7\u00e3o de recolhimento de lixo eletr\u00f4nico\"}]},{\"@type\":\"WebSite\",\"@id\":\"https:\\\/\\\/folhapopular.info\\\/#website\",\"url\":\"https:\\\/\\\/folhapopular.info\\\/\",\"name\":\"Folha Popular\",\"description\":\"Onde voc\u00ea tem vez e voz\",\"potentialAction\":[{\"@type\":\"SearchAction\",\"target\":{\"@type\":\"EntryPoint\",\"urlTemplate\":\"https:\\\/\\\/folhapopular.info\\\/?s={search_term_string}\"},\"query-input\":{\"@type\":\"PropertyValueSpecification\",\"valueRequired\":true,\"valueName\":\"search_term_string\"}}],\"inLanguage\":\"pt-BR\"},{\"@type\":\"Person\",\"@id\":\"https:\\\/\\\/folhapopular.info\\\/#\\\/schema\\\/person\\\/2814e8a0df7643585a9ca38bc6eb9d4b\",\"name\":\"Reda\u00e7\u00e3o Folha Popular\",\"image\":{\"@type\":\"ImageObject\",\"inLanguage\":\"pt-BR\",\"@id\":\"https:\\\/\\\/folhapopular.info\\\/wp-content\\\/uploads\\\/2026\\\/04\\\/Folha-1.webp\",\"url\":\"https:\\\/\\\/folhapopular.info\\\/wp-content\\\/uploads\\\/2026\\\/04\\\/Folha-1.webp\",\"contentUrl\":\"https:\\\/\\\/folhapopular.info\\\/wp-content\\\/uploads\\\/2026\\\/04\\\/Folha-1.webp\",\"caption\":\"Reda\u00e7\u00e3o Folha Popular\"},\"url\":\"https:\\\/\\\/folhapopular.info\\\/index.php\\\/author\\\/redacao\\\/\"}]}<\/script>\n<!-- \/ Yoast SEO plugin. -->","yoast_head_json":{"title":"Teut\u00f4nia realiza a\u00e7\u00e3o de recolhimento de lixo eletr\u00f4nico - Folha Popular","robots":{"index":"index","follow":"follow","max-snippet":"max-snippet:-1","max-image-preview":"max-image-preview:large","max-video-preview":"max-video-preview:-1"},"canonical":"https:\/\/folhapopular.info\/index.php\/2025\/06\/20\/teutonia-realiza-acao-de-recolhimento-de-lixo-eletronico\/","og_locale":"pt_BR","og_type":"article","og_title":"Teut\u00f4nia realiza a\u00e7\u00e3o de recolhimento de lixo eletr\u00f4nico - Folha Popular","og_description":"O recolhimento de lixo eletr\u00f4nico em escolas do munic\u00edpio ocorre entre os dias 6 e 27 de junho. Durante esse per\u00edodo, a comunidade pode levar dispositivos el\u00e9tricos e eletr\u00f4nicos at\u00e9 as institui\u00e7\u00f5es de ensino para o descarte correto e a destina\u00e7\u00e3o ambientalmente adequada dos materiais. A iniciativa \u00e9 promovida em parceria pelas Secretarias de Agricultura [&hellip;]","og_url":"https:\/\/folhapopular.info\/index.php\/2025\/06\/20\/teutonia-realiza-acao-de-recolhimento-de-lixo-eletronico\/","og_site_name":"Folha Popular","article_published_time":"2025-06-20T18:00:00+00:00","article_modified_time":"2025-06-20T18:09:21+00:00","og_image":[{"width":1080,"height":1080,"url":"http:\/\/folhapopular.info\/wp-content\/uploads\/2025\/06\/WhatsApp-Image-2025-06-20-at-13.57.02-1.jpeg","type":"image\/jpeg"}],"author":"Reda\u00e7\u00e3o Folha Popular","twitter_card":"summary_large_image","twitter_misc":{"Escrito por":"Reda\u00e7\u00e3o Folha Popular","Est. tempo de leitura":"1 minuto"},"schema":{"@context":"https:\/\/schema.org","@graph":[{"@type":"Article","@id":"https:\/\/folhapopular.info\/index.php\/2025\/06\/20\/teutonia-realiza-acao-de-recolhimento-de-lixo-eletronico\/#article","isPartOf":{"@id":"https:\/\/folhapopular.info\/index.php\/2025\/06\/20\/teutonia-realiza-acao-de-recolhimento-de-lixo-eletronico\/"},"author":{"name":"Reda\u00e7\u00e3o Folha Popular","@id":"https:\/\/folhapopular.info\/#\/schema\/person\/2814e8a0df7643585a9ca38bc6eb9d4b"},"headline":"Teut\u00f4nia realiza a\u00e7\u00e3o de recolhimento de lixo eletr\u00f4nico","datePublished":"2025-06-20T18:00:00+00:00","dateModified":"2025-06-20T18:09:21+00:00","mainEntityOfPage":{"@id":"https:\/\/folhapopular.info\/index.php\/2025\/06\/20\/teutonia-realiza-acao-de-recolhimento-de-lixo-eletronico\/"},"wordCount":133,"commentCount":0,"image":{"@id":"https:\/\/folhapopular.info\/index.php\/2025\/06\/20\/teutonia-realiza-acao-de-recolhimento-de-lixo-eletronico\/#primaryimage"},"thumbnailUrl":"https:\/\/folhapopular.info\/wp-content\/uploads\/2025\/06\/WhatsApp-Image-2025-06-20-at-13.57.02-1.jpeg","keywords":["Lixo","Lixo Eletr\u00f4nico","Teut\u00f4nia"],"articleSection":["Destaques","Geral","Servi\u00e7os"],"inLanguage":"pt-BR","potentialAction":[{"@type":"CommentAction","name":"Comment","target":["https:\/\/folhapopular.info\/index.php\/2025\/06\/20\/teutonia-realiza-acao-de-recolhimento-de-lixo-eletronico\/#respond"]}]},{"@type":"WebPage","@id":"https:\/\/folhapopular.info\/index.php\/2025\/06\/20\/teutonia-realiza-acao-de-recolhimento-de-lixo-eletronico\/","url":"https:\/\/folhapopular.info\/index.php\/2025\/06\/20\/teutonia-realiza-acao-de-recolhimento-de-lixo-eletronico\/","name":"Teut\u00f4nia realiza a\u00e7\u00e3o de recolhimento de lixo eletr\u00f4nico - Folha Popular","isPartOf":{"@id":"https:\/\/folhapopular.info\/#website"},"primaryImageOfPage":{"@id":"https:\/\/folhapopular.info\/index.php\/2025\/06\/20\/teutonia-realiza-acao-de-recolhimento-de-lixo-eletronico\/#primaryimage"},"image":{"@id":"https:\/\/folhapopular.info\/index.php\/2025\/06\/20\/teutonia-realiza-acao-de-recolhimento-de-lixo-eletronico\/#primaryimage"},"thumbnailUrl":"https:\/\/folhapopular.info\/wp-content\/uploads\/2025\/06\/WhatsApp-Image-2025-06-20-at-13.57.02-1.jpeg","datePublished":"2025-06-20T18:00:00+00:00","dateModified":"2025-06-20T18:09:21+00:00","author":{"@id":"https:\/\/folhapopular.info\/#\/schema\/person\/2814e8a0df7643585a9ca38bc6eb9d4b"},"breadcrumb":{"@id":"https:\/\/folhapopular.info\/index.php\/2025\/06\/20\/teutonia-realiza-acao-de-recolhimento-de-lixo-eletronico\/#breadcrumb"},"inLanguage":"pt-BR","potentialAction":[{"@type":"ReadAction","target":["https:\/\/folhapopular.info\/index.php\/2025\/06\/20\/teutonia-realiza-acao-de-recolhimento-de-lixo-eletronico\/"]}]},{"@type":"ImageObject","inLanguage":"pt-BR","@id":"https:\/\/folhapopular.info\/index.php\/2025\/06\/20\/teutonia-realiza-acao-de-recolhimento-de-lixo-eletronico\/#primaryimage","url":"https:\/\/folhapopular.info\/wp-content\/uploads\/2025\/06\/WhatsApp-Image-2025-06-20-at-13.57.02-1.jpeg","contentUrl":"https:\/\/folhapopular.info\/wp-content\/uploads\/2025\/06\/WhatsApp-Image-2025-06-20-at-13.57.02-1.jpeg","width":1080,"height":1080,"caption":"Cr\u00e9dito: Divulga\u00e7\u00e3o"},{"@type":"BreadcrumbList","@id":"https:\/\/folhapopular.info\/index.php\/2025\/06\/20\/teutonia-realiza-acao-de-recolhimento-de-lixo-eletronico\/#breadcrumb","itemListElement":[{"@type":"ListItem","position":1,"name":"In\u00edcio","item":"https:\/\/folhapopular.info\/"},{"@type":"ListItem","position":2,"name":"Teut\u00f4nia realiza a\u00e7\u00e3o de recolhimento de lixo eletr\u00f4nico"}]},{"@type":"WebSite","@id":"https:\/\/folhapopular.info\/#website","url":"https:\/\/folhapopular.info\/","name":"Folha Popular","description":"Onde voc\u00ea tem vez e voz","potentialAction":[{"@type":"SearchAction","target":{"@type":"EntryPoint","urlTemplate":"https:\/\/folhapopular.info\/?s={search_term_string}"},"query-input":{"@type":"PropertyValueSpecification","valueRequired":true,"valueName":"search_term_string"}}],"inLanguage":"pt-BR"},{"@type":"Person","@id":"https:\/\/folhapopular.info\/#\/schema\/person\/2814e8a0df7643585a9ca38bc6eb9d4b","name":"Reda\u00e7\u00e3o Folha Popular","image":{"@type":"ImageObject","inLanguage":"pt-BR","@id":"https:\/\/folhapopular.info\/wp-content\/uploads\/2026\/04\/Folha-1.webp","url":"https:\/\/folhapopular.info\/wp-content\/uploads\/2026\/04\/Folha-1.webp","contentUrl":"https:\/\/folhapopular.info\/wp-content\/uploads\/2026\/04\/Folha-1.webp","caption":"Reda\u00e7\u00e3o Folha Popular"},"url":"https:\/\/folhapopular.info\/index.php\/author\/redacao\/"}]}},"jetpack_featured_media_url":"https:\/\/folhapopular.info\/wp-content\/uploads\/2025\/06\/WhatsApp-Image-2025-06-20-at-13.57.02-1.jpeg","jetpack_sharing_enabled":true,"amp_enabled":true,"_links":{"self":[{"href":"https:\/\/folhapopular.info\/index.php\/wp-json\/wp\/v2\/posts\/188752","targetHints":{"allow":["GET"]}}],"collection":[{"href":"https:\/\/folhapopular.info\/index.php\/wp-json\/wp\/v2\/posts"}],"about":[{"href":"https:\/\/folhapopular.info\/index.php\/wp-json\/wp\/v2\/types\/post"}],"author":[{"embeddable":true,"href":"https:\/\/folhapopular.info\/index.php\/wp-json\/wp\/v2\/users\/8"}],"replies":[{"embeddable":true,"href":"https:\/\/folhapopular.info\/index.php\/wp-json\/wp\/v2\/comments?post=188752"}],"version-history":[{"count":0,"href":"https:\/\/folhapopular.info\/index.php\/wp-json\/wp\/v2\/posts\/188752\/revisions"}],"wp:featuredmedia":[{"embeddable":true,"href":"https:\/\/folhapopular.info\/index.php\/wp-json\/wp\/v2\/media\/188753"}],"wp:attachment":[{"href":"https:\/\/folhapopular.info\/index.php\/wp-json\/wp\/v2\/media?parent=188752"}],"wp:term":[{"taxonomy":"category","embeddable":true,"href":"https:\/\/folhapopular.info\/index.php\/wp-json\/wp\/v2\/categories?post=188752"},{"taxonomy":"post_tag","embeddable":true,"href":"https:\/\/folhapopular.info\/index.php\/wp-json\/wp\/v2\/tags?post=188752"}],"curies":[{"name":"wp","href":"https:\/\/api.w.org\/{rel}","templated":true}]}}