{"id":188862,"date":"2025-06-21T12:10:23","date_gmt":"2025-06-21T15:10:23","guid":{"rendered":"https:\/\/folhapopular.info\/?p=188862"},"modified":"2025-06-21T12:53:32","modified_gmt":"2025-06-21T15:53:32","slug":"ct-mao-de-pedra-realiza-graduacao-de-atletas","status":"publish","type":"post","link":"https:\/\/folhapopular.info\/index.php\/2025\/06\/21\/ct-mao-de-pedra-realiza-graduacao-de-atletas\/","title":{"rendered":"CT M\u00e3o de Pedra realiza gradua\u00e7\u00e3o de atletas"},"content":{"rendered":"\n<p>O Centro de Treinamento M\u00e3o de Pedra realiza neste domingo (22\/6) a gradua\u00e7\u00e3o geral dos atletas de Jiu-Jitsu, um dos momentos mais aguardados do ano pelos alunos e pela comunidade local. O evento ser\u00e1 realizado no sagu\u00e3o da prefeitura de Teut\u00f4nia e deve reunir cerca de 100 atletas, entre crian\u00e7as, jovens e adultos, que integram as turmas do CT.<\/p>\n\n\n\n<p>A cerim\u00f4nia marca a evolu\u00e7\u00e3o individual, t\u00e9cnica e o reconhecimento do esfor\u00e7o dos alunos, que se dedicam nos treinos recentemente. Ser\u00e3o graduados atletas de todas as faixas et\u00e1rias e n\u00edveis de experi\u00eancia, incluindo crian\u00e7as atendidas pelo projeto social mantido pelo CT M\u00e3o de Pedra, alunos das turmas regulares e tamb\u00e9m adultos que treinam no local.<\/p>\n\n\n\n<p>Al\u00e9m de celebrar as conquistas individuais, a gradua\u00e7\u00e3o \u00e9 um momento de confraterniza\u00e7\u00e3o e integra\u00e7\u00e3o entre atletas, familiares e a comunidade. O treinador e respons\u00e1vel pelo CT, Dirlei Broenstrup, o \u201cM\u00e3o de Pedra\u201d convida o p\u00fablico para prestigiar a cerim\u00f4nia, levar o chimarr\u00e3o e apoiaros graduandos. \u201c\u00c9 um dia muito especial para todos n\u00f3s, um reconhecimento da dedica\u00e7\u00e3o dos alunos e tamb\u00e9m uma oportunidade de envolver a comunidade no crescimento do Jiu-Jitsu em Teut\u00f4nia\u201d, destaca.<\/p>\n\n\n\n<p>Durante a solenidade, os alunos receber\u00e3o novas faixas, s\u00edmbolo do avan\u00e7o t\u00e9cnico dentro da modalidade. O processo de gradua\u00e7\u00e3o leva em conta crit\u00e9rios como desempenho nos treinos, evolu\u00e7\u00e3o t\u00e9cnica, disciplina e participa\u00e7\u00e3o nas atividades do CT.<\/p>\n\n\n\n<p>Conforme Broenstrup, a iniciativa refor\u00e7a o compromisso do CT M\u00e3o de Pedra com a forma\u00e7\u00e3o n\u00e3o s\u00f3 de atletas, mas tamb\u00e9m de cidad\u00e3os mais conscientes e disciplinados.<\/p>\n\n\n\n<p>O trabalho desenvolvido pelo CT M\u00e3o de Pedra vai al\u00e9m dos treinos. Com foco no desenvolvimento social e esportivo, o centro atende crian\u00e7as e jovens atrav\u00e9s de projetos que buscam proporcionar inclus\u00e3o e oportunidades por meio da pr\u00e1tica esportiva. O Jiu-Jitsu, al\u00e9m de uma arte marcial, \u00e9 tratado como uma ferramenta de transforma\u00e7\u00e3o social.<\/p>\n\n\n\n<h2 class=\"wp-block-heading\"><strong>Futuro<\/strong><\/h2>\n\n\n\n<p>Dirlei aponta que os desafios para os atletas do CT M\u00e3o de Pedra n\u00e3o param por a\u00ed. Ap\u00f3s a gradua\u00e7\u00e3o, a equipe j\u00e1 se prepara para novas competi\u00e7\u00f5es. Em breve, representantes do CT estar\u00e3o em Santa Catarina, na cidade de Meleiro, para disputar um evento de MMA.<\/p>\n","protected":false},"excerpt":{"rendered":"<p>O Centro de Treinamento M\u00e3o de Pedra realiza neste domingo (22\/6) a gradua\u00e7\u00e3o geral dos atletas de Jiu-Jitsu, um dos momentos mais aguardados do ano pelos alunos e pela comunidade local. O evento ser\u00e1 realizado no sagu\u00e3o da prefeitura de Teut\u00f4nia e deve reunir cerca de 100 atletas, entre crian\u00e7as, jovens e adultos, que integram [&hellip;]<\/p>\n","protected":false},"author":732,"featured_media":188863,"comment_status":"open","ping_status":"open","sticky":false,"template":"","format":"standard","meta":{"pmpro_default_level":"","_jetpack_memberships_contains_paid_content":false,"footnotes":""},"categories":[18195,5],"tags":[9681,3207,831],"class_list":{"0":"post-188862","1":"post","2":"type-post","3":"status-publish","4":"format-standard","5":"has-post-thumbnail","7":"category-artes-marciais","8":"category-esportes","9":"tag-artes-marciais","10":"tag-ct-mao-de-pedra","11":"tag-jiu-jitsu","12":"pmpro-has-access"},"yoast_head":"<!-- This site is optimized with the Yoast SEO plugin v27.4 - https:\/\/yoast.com\/product\/yoast-seo-wordpress\/ -->\n<title>CT M\u00e3o de Pedra realiza gradua\u00e7\u00e3o de atletas - Folha Popular<\/title>\n<meta name=\"robots\" content=\"index, follow, max-snippet:-1, max-image-preview:large, max-video-preview:-1\" \/>\n<link rel=\"canonical\" href=\"https:\/\/folhapopular.info\/index.php\/2025\/06\/21\/ct-mao-de-pedra-realiza-graduacao-de-atletas\/\" \/>\n<meta property=\"og:locale\" content=\"pt_BR\" \/>\n<meta property=\"og:type\" content=\"article\" \/>\n<meta property=\"og:title\" content=\"CT M\u00e3o de Pedra realiza gradua\u00e7\u00e3o de atletas - Folha Popular\" \/>\n<meta property=\"og:description\" content=\"O Centro de Treinamento M\u00e3o de Pedra realiza neste domingo (22\/6) a gradua\u00e7\u00e3o geral dos atletas de Jiu-Jitsu, um dos momentos mais aguardados do ano pelos alunos e pela comunidade local. O evento ser\u00e1 realizado no sagu\u00e3o da prefeitura de Teut\u00f4nia e deve reunir cerca de 100 atletas, entre crian\u00e7as, jovens e adultos, que integram [&hellip;]\" \/>\n<meta property=\"og:url\" content=\"https:\/\/folhapopular.info\/index.php\/2025\/06\/21\/ct-mao-de-pedra-realiza-graduacao-de-atletas\/\" \/>\n<meta property=\"og:site_name\" content=\"Folha Popular\" \/>\n<meta property=\"article:author\" content=\"https:\/\/www.facebook.com\/luis.huppes\/\" \/>\n<meta property=\"article:published_time\" content=\"2025-06-21T15:10:23+00:00\" \/>\n<meta property=\"article:modified_time\" content=\"2025-06-21T15:53:32+00:00\" \/>\n<meta property=\"og:image\" content=\"http:\/\/folhapopular.info\/wp-content\/uploads\/2025\/06\/WhatsApp-Image-2025-06-20-at-10.52.34.jpeg\" \/>\n\t<meta property=\"og:image:width\" content=\"1280\" \/>\n\t<meta property=\"og:image:height\" content=\"960\" \/>\n\t<meta property=\"og:image:type\" content=\"image\/jpeg\" \/>\n<meta name=\"author\" content=\"Luis Augusto Huppes\" \/>\n<meta name=\"twitter:card\" content=\"summary_large_image\" \/>\n<meta name=\"twitter:label1\" content=\"Escrito por\" \/>\n\t<meta name=\"twitter:data1\" content=\"Luis Augusto Huppes\" \/>\n\t<meta name=\"twitter:label2\" content=\"Est. tempo de leitura\" \/>\n\t<meta name=\"twitter:data2\" content=\"3 minutos\" \/>\n<script type=\"application\/ld+json\" class=\"yoast-schema-graph\">{\"@context\":\"https:\\\/\\\/schema.org\",\"@graph\":[{\"@type\":\"Article\",\"@id\":\"https:\\\/\\\/folhapopular.info\\\/index.php\\\/2025\\\/06\\\/21\\\/ct-mao-de-pedra-realiza-graduacao-de-atletas\\\/#article\",\"isPartOf\":{\"@id\":\"https:\\\/\\\/folhapopular.info\\\/index.php\\\/2025\\\/06\\\/21\\\/ct-mao-de-pedra-realiza-graduacao-de-atletas\\\/\"},\"author\":{\"name\":\"Luis Augusto Huppes\",\"@id\":\"https:\\\/\\\/folhapopular.info\\\/#\\\/schema\\\/person\\\/e852c327371714676d02e58cf917fd9f\"},\"headline\":\"CT M\u00e3o de Pedra realiza gradua\u00e7\u00e3o de atletas\",\"datePublished\":\"2025-06-21T15:10:23+00:00\",\"dateModified\":\"2025-06-21T15:53:32+00:00\",\"mainEntityOfPage\":{\"@id\":\"https:\\\/\\\/folhapopular.info\\\/index.php\\\/2025\\\/06\\\/21\\\/ct-mao-de-pedra-realiza-graduacao-de-atletas\\\/\"},\"wordCount\":417,\"commentCount\":0,\"image\":{\"@id\":\"https:\\\/\\\/folhapopular.info\\\/index.php\\\/2025\\\/06\\\/21\\\/ct-mao-de-pedra-realiza-graduacao-de-atletas\\\/#primaryimage\"},\"thumbnailUrl\":\"https:\\\/\\\/folhapopular.info\\\/wp-content\\\/uploads\\\/2025\\\/06\\\/WhatsApp-Image-2025-06-20-at-10.52.34.jpeg\",\"keywords\":[\"Artes Marciais\",\"CT M\u00e3o de Pedra\",\"jiu-jitsu\"],\"articleSection\":[\"Artes Marciais\",\"Esportes\"],\"inLanguage\":\"pt-BR\",\"potentialAction\":[{\"@type\":\"CommentAction\",\"name\":\"Comment\",\"target\":[\"https:\\\/\\\/folhapopular.info\\\/index.php\\\/2025\\\/06\\\/21\\\/ct-mao-de-pedra-realiza-graduacao-de-atletas\\\/#respond\"]}]},{\"@type\":\"WebPage\",\"@id\":\"https:\\\/\\\/folhapopular.info\\\/index.php\\\/2025\\\/06\\\/21\\\/ct-mao-de-pedra-realiza-graduacao-de-atletas\\\/\",\"url\":\"https:\\\/\\\/folhapopular.info\\\/index.php\\\/2025\\\/06\\\/21\\\/ct-mao-de-pedra-realiza-graduacao-de-atletas\\\/\",\"name\":\"CT M\u00e3o de Pedra realiza gradua\u00e7\u00e3o de atletas - Folha Popular\",\"isPartOf\":{\"@id\":\"https:\\\/\\\/folhapopular.info\\\/#website\"},\"primaryImageOfPage\":{\"@id\":\"https:\\\/\\\/folhapopular.info\\\/index.php\\\/2025\\\/06\\\/21\\\/ct-mao-de-pedra-realiza-graduacao-de-atletas\\\/#primaryimage\"},\"image\":{\"@id\":\"https:\\\/\\\/folhapopular.info\\\/index.php\\\/2025\\\/06\\\/21\\\/ct-mao-de-pedra-realiza-graduacao-de-atletas\\\/#primaryimage\"},\"thumbnailUrl\":\"https:\\\/\\\/folhapopular.info\\\/wp-content\\\/uploads\\\/2025\\\/06\\\/WhatsApp-Image-2025-06-20-at-10.52.34.jpeg\",\"datePublished\":\"2025-06-21T15:10:23+00:00\",\"dateModified\":\"2025-06-21T15:53:32+00:00\",\"author\":{\"@id\":\"https:\\\/\\\/folhapopular.info\\\/#\\\/schema\\\/person\\\/e852c327371714676d02e58cf917fd9f\"},\"breadcrumb\":{\"@id\":\"https:\\\/\\\/folhapopular.info\\\/index.php\\\/2025\\\/06\\\/21\\\/ct-mao-de-pedra-realiza-graduacao-de-atletas\\\/#breadcrumb\"},\"inLanguage\":\"pt-BR\",\"potentialAction\":[{\"@type\":\"ReadAction\",\"target\":[\"https:\\\/\\\/folhapopular.info\\\/index.php\\\/2025\\\/06\\\/21\\\/ct-mao-de-pedra-realiza-graduacao-de-atletas\\\/\"]}]},{\"@type\":\"ImageObject\",\"inLanguage\":\"pt-BR\",\"@id\":\"https:\\\/\\\/folhapopular.info\\\/index.php\\\/2025\\\/06\\\/21\\\/ct-mao-de-pedra-realiza-graduacao-de-atletas\\\/#primaryimage\",\"url\":\"https:\\\/\\\/folhapopular.info\\\/wp-content\\\/uploads\\\/2025\\\/06\\\/WhatsApp-Image-2025-06-20-at-10.52.34.jpeg\",\"contentUrl\":\"https:\\\/\\\/folhapopular.info\\\/wp-content\\\/uploads\\\/2025\\\/06\\\/WhatsApp-Image-2025-06-20-at-10.52.34.jpeg\",\"width\":1280,\"height\":960,\"caption\":\"Gradua\u00e7\u00e3o ser\u00e1 no sagu\u00e3o da prefeitura - Cr\u00e9dito: Arquivo \\\/ CT M\u00e3o de Pedra \\\/ Divulga\u00e7\u00e3o\"},{\"@type\":\"BreadcrumbList\",\"@id\":\"https:\\\/\\\/folhapopular.info\\\/index.php\\\/2025\\\/06\\\/21\\\/ct-mao-de-pedra-realiza-graduacao-de-atletas\\\/#breadcrumb\",\"itemListElement\":[{\"@type\":\"ListItem\",\"position\":1,\"name\":\"In\u00edcio\",\"item\":\"https:\\\/\\\/folhapopular.info\\\/\"},{\"@type\":\"ListItem\",\"position\":2,\"name\":\"CT M\u00e3o de Pedra realiza gradua\u00e7\u00e3o de atletas\"}]},{\"@type\":\"WebSite\",\"@id\":\"https:\\\/\\\/folhapopular.info\\\/#website\",\"url\":\"https:\\\/\\\/folhapopular.info\\\/\",\"name\":\"Folha Popular\",\"description\":\"Onde voc\u00ea tem vez e voz\",\"potentialAction\":[{\"@type\":\"SearchAction\",\"target\":{\"@type\":\"EntryPoint\",\"urlTemplate\":\"https:\\\/\\\/folhapopular.info\\\/?s={search_term_string}\"},\"query-input\":{\"@type\":\"PropertyValueSpecification\",\"valueRequired\":true,\"valueName\":\"search_term_string\"}}],\"inLanguage\":\"pt-BR\"},{\"@type\":\"Person\",\"@id\":\"https:\\\/\\\/folhapopular.info\\\/#\\\/schema\\\/person\\\/e852c327371714676d02e58cf917fd9f\",\"name\":\"Luis Augusto Huppes\",\"image\":{\"@type\":\"ImageObject\",\"inLanguage\":\"pt-BR\",\"@id\":\"https:\\\/\\\/folhapopular.info\\\/wp-content\\\/uploads\\\/2026\\\/04\\\/Luis-Augusto-Huppes-1-1.webp\",\"url\":\"https:\\\/\\\/folhapopular.info\\\/wp-content\\\/uploads\\\/2026\\\/04\\\/Luis-Augusto-Huppes-1-1.webp\",\"contentUrl\":\"https:\\\/\\\/folhapopular.info\\\/wp-content\\\/uploads\\\/2026\\\/04\\\/Luis-Augusto-Huppes-1-1.webp\",\"caption\":\"Luis Augusto Huppes\"},\"sameAs\":[\"https:\\\/\\\/www.facebook.com\\\/luis.huppes\\\/\",\"https:\\\/\\\/www.instagram.com\\\/luis.huppes\\\/\",\"https:\\\/\\\/www.linkedin.com\\\/in\\\/luis-augusto-huppes-2554b52b7\\\/\"],\"url\":\"https:\\\/\\\/folhapopular.info\\\/index.php\\\/author\\\/luis-augusto-huppes\\\/\"}]}<\/script>\n<!-- \/ Yoast SEO plugin. -->","yoast_head_json":{"title":"CT M\u00e3o de Pedra realiza gradua\u00e7\u00e3o de atletas - Folha Popular","robots":{"index":"index","follow":"follow","max-snippet":"max-snippet:-1","max-image-preview":"max-image-preview:large","max-video-preview":"max-video-preview:-1"},"canonical":"https:\/\/folhapopular.info\/index.php\/2025\/06\/21\/ct-mao-de-pedra-realiza-graduacao-de-atletas\/","og_locale":"pt_BR","og_type":"article","og_title":"CT M\u00e3o de Pedra realiza gradua\u00e7\u00e3o de atletas - Folha Popular","og_description":"O Centro de Treinamento M\u00e3o de Pedra realiza neste domingo (22\/6) a gradua\u00e7\u00e3o geral dos atletas de Jiu-Jitsu, um dos momentos mais aguardados do ano pelos alunos e pela comunidade local. O evento ser\u00e1 realizado no sagu\u00e3o da prefeitura de Teut\u00f4nia e deve reunir cerca de 100 atletas, entre crian\u00e7as, jovens e adultos, que integram [&hellip;]","og_url":"https:\/\/folhapopular.info\/index.php\/2025\/06\/21\/ct-mao-de-pedra-realiza-graduacao-de-atletas\/","og_site_name":"Folha Popular","article_author":"https:\/\/www.facebook.com\/luis.huppes\/","article_published_time":"2025-06-21T15:10:23+00:00","article_modified_time":"2025-06-21T15:53:32+00:00","og_image":[{"width":1280,"height":960,"url":"http:\/\/folhapopular.info\/wp-content\/uploads\/2025\/06\/WhatsApp-Image-2025-06-20-at-10.52.34.jpeg","type":"image\/jpeg"}],"author":"Luis Augusto Huppes","twitter_card":"summary_large_image","twitter_misc":{"Escrito por":"Luis Augusto Huppes","Est. tempo de leitura":"3 minutos"},"schema":{"@context":"https:\/\/schema.org","@graph":[{"@type":"Article","@id":"https:\/\/folhapopular.info\/index.php\/2025\/06\/21\/ct-mao-de-pedra-realiza-graduacao-de-atletas\/#article","isPartOf":{"@id":"https:\/\/folhapopular.info\/index.php\/2025\/06\/21\/ct-mao-de-pedra-realiza-graduacao-de-atletas\/"},"author":{"name":"Luis Augusto Huppes","@id":"https:\/\/folhapopular.info\/#\/schema\/person\/e852c327371714676d02e58cf917fd9f"},"headline":"CT M\u00e3o de Pedra realiza gradua\u00e7\u00e3o de atletas","datePublished":"2025-06-21T15:10:23+00:00","dateModified":"2025-06-21T15:53:32+00:00","mainEntityOfPage":{"@id":"https:\/\/folhapopular.info\/index.php\/2025\/06\/21\/ct-mao-de-pedra-realiza-graduacao-de-atletas\/"},"wordCount":417,"commentCount":0,"image":{"@id":"https:\/\/folhapopular.info\/index.php\/2025\/06\/21\/ct-mao-de-pedra-realiza-graduacao-de-atletas\/#primaryimage"},"thumbnailUrl":"https:\/\/folhapopular.info\/wp-content\/uploads\/2025\/06\/WhatsApp-Image-2025-06-20-at-10.52.34.jpeg","keywords":["Artes Marciais","CT M\u00e3o de Pedra","jiu-jitsu"],"articleSection":["Artes Marciais","Esportes"],"inLanguage":"pt-BR","potentialAction":[{"@type":"CommentAction","name":"Comment","target":["https:\/\/folhapopular.info\/index.php\/2025\/06\/21\/ct-mao-de-pedra-realiza-graduacao-de-atletas\/#respond"]}]},{"@type":"WebPage","@id":"https:\/\/folhapopular.info\/index.php\/2025\/06\/21\/ct-mao-de-pedra-realiza-graduacao-de-atletas\/","url":"https:\/\/folhapopular.info\/index.php\/2025\/06\/21\/ct-mao-de-pedra-realiza-graduacao-de-atletas\/","name":"CT M\u00e3o de Pedra realiza gradua\u00e7\u00e3o de atletas - Folha Popular","isPartOf":{"@id":"https:\/\/folhapopular.info\/#website"},"primaryImageOfPage":{"@id":"https:\/\/folhapopular.info\/index.php\/2025\/06\/21\/ct-mao-de-pedra-realiza-graduacao-de-atletas\/#primaryimage"},"image":{"@id":"https:\/\/folhapopular.info\/index.php\/2025\/06\/21\/ct-mao-de-pedra-realiza-graduacao-de-atletas\/#primaryimage"},"thumbnailUrl":"https:\/\/folhapopular.info\/wp-content\/uploads\/2025\/06\/WhatsApp-Image-2025-06-20-at-10.52.34.jpeg","datePublished":"2025-06-21T15:10:23+00:00","dateModified":"2025-06-21T15:53:32+00:00","author":{"@id":"https:\/\/folhapopular.info\/#\/schema\/person\/e852c327371714676d02e58cf917fd9f"},"breadcrumb":{"@id":"https:\/\/folhapopular.info\/index.php\/2025\/06\/21\/ct-mao-de-pedra-realiza-graduacao-de-atletas\/#breadcrumb"},"inLanguage":"pt-BR","potentialAction":[{"@type":"ReadAction","target":["https:\/\/folhapopular.info\/index.php\/2025\/06\/21\/ct-mao-de-pedra-realiza-graduacao-de-atletas\/"]}]},{"@type":"ImageObject","inLanguage":"pt-BR","@id":"https:\/\/folhapopular.info\/index.php\/2025\/06\/21\/ct-mao-de-pedra-realiza-graduacao-de-atletas\/#primaryimage","url":"https:\/\/folhapopular.info\/wp-content\/uploads\/2025\/06\/WhatsApp-Image-2025-06-20-at-10.52.34.jpeg","contentUrl":"https:\/\/folhapopular.info\/wp-content\/uploads\/2025\/06\/WhatsApp-Image-2025-06-20-at-10.52.34.jpeg","width":1280,"height":960,"caption":"Gradua\u00e7\u00e3o ser\u00e1 no sagu\u00e3o da prefeitura - Cr\u00e9dito: Arquivo \/ CT M\u00e3o de Pedra \/ Divulga\u00e7\u00e3o"},{"@type":"BreadcrumbList","@id":"https:\/\/folhapopular.info\/index.php\/2025\/06\/21\/ct-mao-de-pedra-realiza-graduacao-de-atletas\/#breadcrumb","itemListElement":[{"@type":"ListItem","position":1,"name":"In\u00edcio","item":"https:\/\/folhapopular.info\/"},{"@type":"ListItem","position":2,"name":"CT M\u00e3o de Pedra realiza gradua\u00e7\u00e3o de atletas"}]},{"@type":"WebSite","@id":"https:\/\/folhapopular.info\/#website","url":"https:\/\/folhapopular.info\/","name":"Folha Popular","description":"Onde voc\u00ea tem vez e voz","potentialAction":[{"@type":"SearchAction","target":{"@type":"EntryPoint","urlTemplate":"https:\/\/folhapopular.info\/?s={search_term_string}"},"query-input":{"@type":"PropertyValueSpecification","valueRequired":true,"valueName":"search_term_string"}}],"inLanguage":"pt-BR"},{"@type":"Person","@id":"https:\/\/folhapopular.info\/#\/schema\/person\/e852c327371714676d02e58cf917fd9f","name":"Luis Augusto Huppes","image":{"@type":"ImageObject","inLanguage":"pt-BR","@id":"https:\/\/folhapopular.info\/wp-content\/uploads\/2026\/04\/Luis-Augusto-Huppes-1-1.webp","url":"https:\/\/folhapopular.info\/wp-content\/uploads\/2026\/04\/Luis-Augusto-Huppes-1-1.webp","contentUrl":"https:\/\/folhapopular.info\/wp-content\/uploads\/2026\/04\/Luis-Augusto-Huppes-1-1.webp","caption":"Luis Augusto Huppes"},"sameAs":["https:\/\/www.facebook.com\/luis.huppes\/","https:\/\/www.instagram.com\/luis.huppes\/","https:\/\/www.linkedin.com\/in\/luis-augusto-huppes-2554b52b7\/"],"url":"https:\/\/folhapopular.info\/index.php\/author\/luis-augusto-huppes\/"}]}},"jetpack_featured_media_url":"https:\/\/folhapopular.info\/wp-content\/uploads\/2025\/06\/WhatsApp-Image-2025-06-20-at-10.52.34.jpeg","jetpack_sharing_enabled":true,"amp_enabled":true,"_links":{"self":[{"href":"https:\/\/folhapopular.info\/index.php\/wp-json\/wp\/v2\/posts\/188862","targetHints":{"allow":["GET"]}}],"collection":[{"href":"https:\/\/folhapopular.info\/index.php\/wp-json\/wp\/v2\/posts"}],"about":[{"href":"https:\/\/folhapopular.info\/index.php\/wp-json\/wp\/v2\/types\/post"}],"author":[{"embeddable":true,"href":"https:\/\/folhapopular.info\/index.php\/wp-json\/wp\/v2\/users\/732"}],"replies":[{"embeddable":true,"href":"https:\/\/folhapopular.info\/index.php\/wp-json\/wp\/v2\/comments?post=188862"}],"version-history":[{"count":0,"href":"https:\/\/folhapopular.info\/index.php\/wp-json\/wp\/v2\/posts\/188862\/revisions"}],"wp:featuredmedia":[{"embeddable":true,"href":"https:\/\/folhapopular.info\/index.php\/wp-json\/wp\/v2\/media\/188863"}],"wp:attachment":[{"href":"https:\/\/folhapopular.info\/index.php\/wp-json\/wp\/v2\/media?parent=188862"}],"wp:term":[{"taxonomy":"category","embeddable":true,"href":"https:\/\/folhapopular.info\/index.php\/wp-json\/wp\/v2\/categories?post=188862"},{"taxonomy":"post_tag","embeddable":true,"href":"https:\/\/folhapopular.info\/index.php\/wp-json\/wp\/v2\/tags?post=188862"}],"curies":[{"name":"wp","href":"https:\/\/api.w.org\/{rel}","templated":true}]}}