{"id":188997,"date":"2025-06-24T16:38:01","date_gmt":"2025-06-24T19:38:01","guid":{"rendered":"https:\/\/folhapopular.info\/?p=188997"},"modified":"2025-06-24T17:13:34","modified_gmt":"2025-06-24T20:13:34","slug":"municipal-de-futsal-de-paverama-comeca-na-sexta-feira","status":"publish","type":"post","link":"https:\/\/folhapopular.info\/index.php\/2025\/06\/24\/municipal-de-futsal-de-paverama-comeca-na-sexta-feira\/","title":{"rendered":"Municipal de Futsal de Paverama come\u00e7a na sexta-feira"},"content":{"rendered":"\n<p>Ap\u00f3s uma pausa de dois anos, o Campeonato Municipal de Futsal est\u00e1 de volta ao calend\u00e1rio esportivo de Paverama em 2025. A competi\u00e7\u00e3o, promovida pela prefeitura por meio da secretaria de Esporte, Cultura e Assuntos Institucionais, ter\u00e1 in\u00edcio na pr\u00f3xima sexta-feira (27\/6), com jogos no Gin\u00e1sio Cat\u00f3lico, no centro da cidade.<\/p>\n\n\n\n<p>A primeira rodada ter\u00e1 quatro partidas e a programa\u00e7\u00e3o come\u00e7a \u00e0s 19h30, com o confronto entre Carv\u00e3o Keil e Laranja Mec\u00e2nica pela categoria Sub-18. Logo depois, \u00e0s 20h20, os mesmos clubes se enfrentam novamente, desta vez pelo Feminino. Na sequ\u00eancia, \u00e0s 21h10, tem Carv\u00e3o Keil e Amigos do Zeca na categoria de Veteranos. Para fechar a note, \u00e0s 22h, ocorre o jogo do For\u00e7a Livre entre Fundi\u00e7\u00e3o Conc\u00f3rdia e Carv\u00e3o Keil.<\/p>\n\n\n\n<p>Ao todo, o campeonato re\u00fane 24 equipes divididas em quatro categorias: For\u00e7a Livre Veteranos, Feminino e Sub-18. A previs\u00e3o \u00e9 de que as finais aconte\u00e7am at\u00e9 o dia 3 de outubro.<\/p>\n\n\n\n<p>Na categoria For\u00e7a Livre Masculino, nove equipes participam. O Grupo A \u00e9 formado por Argentinhos Juniors, Carv\u00e3o Keil, Fundi\u00e7\u00e3o Conc\u00f3rdia, Internacional de SM e Os Guris do Santa. No Grupo B est\u00e3o Pavimentadora Silva, Pura Pinga FC, Verd\u00e3o da Baixada e VIP Car.<\/p>\n\n\n\n<p>Entre os Veteranos, seis times disputam o t\u00edtulo. O Grupo A tem Carv\u00e3o Keil, Internacional de SM e S\u00e3o Jos\u00e9, enquanto o Grupo B conta com Amigos do Zeca, Amigos das 8 \u00e0s 9 e Fundi\u00e7\u00e3o Conc\u00f3rdia.<\/p>\n\n\n\n<p>Pelo Feminino, cinco equipes jogam em grupo \u00fanico: Aliadas FC, Baile de Munique, Carv\u00e3o Keil, Laranja Mec\u00e2nica e Sanja Girls. J\u00e1 o Sub-18 re\u00fane quatro participantes tamb\u00e9m uma chave: Carv\u00e3o Keil, For\u00e7a Jovem\/LV Jardinagem, Laranja Mec\u00e2nica e Nacional\/Fazenda S\u00e3o Jos\u00e9.<\/p>\n","protected":false},"excerpt":{"rendered":"<p>Ap\u00f3s uma pausa de dois anos, o Campeonato Municipal de Futsal est\u00e1 de volta ao calend\u00e1rio esportivo de Paverama em 2025. A competi\u00e7\u00e3o, promovida pela prefeitura por meio da secretaria de Esporte, Cultura e Assuntos Institucionais, ter\u00e1 in\u00edcio na pr\u00f3xima sexta-feira (27\/6), com jogos no Gin\u00e1sio Cat\u00f3lico, no centro da cidade. A primeira rodada ter\u00e1 [&hellip;]<\/p>\n","protected":false},"author":732,"featured_media":188998,"comment_status":"open","ping_status":"open","sticky":false,"template":"","format":"standard","meta":{"pmpro_default_level":"","_jetpack_memberships_contains_paid_content":false,"footnotes":""},"categories":[5,530],"tags":[499,31,46],"class_list":{"0":"post-188997","1":"post","2":"type-post","3":"status-publish","4":"format-standard","5":"has-post-thumbnail","7":"category-esportes","8":"category-futsal","9":"tag-campeonato-municipal","10":"tag-futsal","11":"tag-paverama","12":"pmpro-has-access"},"yoast_head":"<!-- This site is optimized with the Yoast SEO plugin v27.5 - https:\/\/yoast.com\/product\/yoast-seo-wordpress\/ -->\n<title>Municipal de Futsal de Paverama come\u00e7a na sexta-feira - Folha Popular<\/title>\n<meta name=\"robots\" content=\"index, follow, max-snippet:-1, max-image-preview:large, max-video-preview:-1\" \/>\n<link rel=\"canonical\" href=\"https:\/\/folhapopular.info\/index.php\/2025\/06\/24\/municipal-de-futsal-de-paverama-comeca-na-sexta-feira\/\" \/>\n<meta property=\"og:locale\" content=\"pt_BR\" \/>\n<meta property=\"og:type\" content=\"article\" \/>\n<meta property=\"og:title\" content=\"Municipal de Futsal de Paverama come\u00e7a na sexta-feira - Folha Popular\" \/>\n<meta property=\"og:description\" content=\"Ap\u00f3s uma pausa de dois anos, o Campeonato Municipal de Futsal est\u00e1 de volta ao calend\u00e1rio esportivo de Paverama em 2025. A competi\u00e7\u00e3o, promovida pela prefeitura por meio da secretaria de Esporte, Cultura e Assuntos Institucionais, ter\u00e1 in\u00edcio na pr\u00f3xima sexta-feira (27\/6), com jogos no Gin\u00e1sio Cat\u00f3lico, no centro da cidade. A primeira rodada ter\u00e1 [&hellip;]\" \/>\n<meta property=\"og:url\" content=\"https:\/\/folhapopular.info\/index.php\/2025\/06\/24\/municipal-de-futsal-de-paverama-comeca-na-sexta-feira\/\" \/>\n<meta property=\"og:site_name\" content=\"Folha Popular\" \/>\n<meta property=\"article:author\" content=\"https:\/\/www.facebook.com\/luis.huppes\/\" \/>\n<meta property=\"article:published_time\" content=\"2025-06-24T19:38:01+00:00\" \/>\n<meta property=\"article:modified_time\" content=\"2025-06-24T20:13:34+00:00\" \/>\n<meta property=\"og:image\" content=\"http:\/\/folhapopular.info\/wp-content\/uploads\/2025\/06\/DSC_0253-696x464-1.jpg\" \/>\n\t<meta property=\"og:image:width\" content=\"696\" \/>\n\t<meta property=\"og:image:height\" content=\"464\" \/>\n\t<meta property=\"og:image:type\" content=\"image\/jpeg\" \/>\n<meta name=\"author\" content=\"Luis Augusto Huppes\" \/>\n<meta name=\"twitter:card\" content=\"summary_large_image\" \/>\n<meta name=\"twitter:label1\" content=\"Escrito por\" \/>\n\t<meta name=\"twitter:data1\" content=\"Luis Augusto Huppes\" \/>\n\t<meta name=\"twitter:label2\" content=\"Est. tempo de leitura\" \/>\n\t<meta name=\"twitter:data2\" content=\"2 minutos\" \/>\n<script type=\"application\/ld+json\" class=\"yoast-schema-graph\">{\"@context\":\"https:\\\/\\\/schema.org\",\"@graph\":[{\"@type\":\"Article\",\"@id\":\"https:\\\/\\\/folhapopular.info\\\/index.php\\\/2025\\\/06\\\/24\\\/municipal-de-futsal-de-paverama-comeca-na-sexta-feira\\\/#article\",\"isPartOf\":{\"@id\":\"https:\\\/\\\/folhapopular.info\\\/index.php\\\/2025\\\/06\\\/24\\\/municipal-de-futsal-de-paverama-comeca-na-sexta-feira\\\/\"},\"author\":{\"name\":\"Luis Augusto Huppes\",\"@id\":\"https:\\\/\\\/folhapopular.info\\\/#\\\/schema\\\/person\\\/e852c327371714676d02e58cf917fd9f\"},\"headline\":\"Municipal de Futsal de Paverama come\u00e7a na sexta-feira\",\"datePublished\":\"2025-06-24T19:38:01+00:00\",\"dateModified\":\"2025-06-24T20:13:34+00:00\",\"mainEntityOfPage\":{\"@id\":\"https:\\\/\\\/folhapopular.info\\\/index.php\\\/2025\\\/06\\\/24\\\/municipal-de-futsal-de-paverama-comeca-na-sexta-feira\\\/\"},\"wordCount\":316,\"commentCount\":0,\"image\":{\"@id\":\"https:\\\/\\\/folhapopular.info\\\/index.php\\\/2025\\\/06\\\/24\\\/municipal-de-futsal-de-paverama-comeca-na-sexta-feira\\\/#primaryimage\"},\"thumbnailUrl\":\"https:\\\/\\\/folhapopular.info\\\/wp-content\\\/uploads\\\/2025\\\/06\\\/DSC_0253-696x464-1.jpg\",\"keywords\":[\"Campeonato Municipal\",\"Futsal\",\"Paverama\"],\"articleSection\":[\"Esportes\",\"Futsal\"],\"inLanguage\":\"pt-BR\",\"potentialAction\":[{\"@type\":\"CommentAction\",\"name\":\"Comment\",\"target\":[\"https:\\\/\\\/folhapopular.info\\\/index.php\\\/2025\\\/06\\\/24\\\/municipal-de-futsal-de-paverama-comeca-na-sexta-feira\\\/#respond\"]}]},{\"@type\":\"WebPage\",\"@id\":\"https:\\\/\\\/folhapopular.info\\\/index.php\\\/2025\\\/06\\\/24\\\/municipal-de-futsal-de-paverama-comeca-na-sexta-feira\\\/\",\"url\":\"https:\\\/\\\/folhapopular.info\\\/index.php\\\/2025\\\/06\\\/24\\\/municipal-de-futsal-de-paverama-comeca-na-sexta-feira\\\/\",\"name\":\"Municipal de Futsal de Paverama come\u00e7a na sexta-feira - Folha Popular\",\"isPartOf\":{\"@id\":\"https:\\\/\\\/folhapopular.info\\\/#website\"},\"primaryImageOfPage\":{\"@id\":\"https:\\\/\\\/folhapopular.info\\\/index.php\\\/2025\\\/06\\\/24\\\/municipal-de-futsal-de-paverama-comeca-na-sexta-feira\\\/#primaryimage\"},\"image\":{\"@id\":\"https:\\\/\\\/folhapopular.info\\\/index.php\\\/2025\\\/06\\\/24\\\/municipal-de-futsal-de-paverama-comeca-na-sexta-feira\\\/#primaryimage\"},\"thumbnailUrl\":\"https:\\\/\\\/folhapopular.info\\\/wp-content\\\/uploads\\\/2025\\\/06\\\/DSC_0253-696x464-1.jpg\",\"datePublished\":\"2025-06-24T19:38:01+00:00\",\"dateModified\":\"2025-06-24T20:13:34+00:00\",\"author\":{\"@id\":\"https:\\\/\\\/folhapopular.info\\\/#\\\/schema\\\/person\\\/e852c327371714676d02e58cf917fd9f\"},\"breadcrumb\":{\"@id\":\"https:\\\/\\\/folhapopular.info\\\/index.php\\\/2025\\\/06\\\/24\\\/municipal-de-futsal-de-paverama-comeca-na-sexta-feira\\\/#breadcrumb\"},\"inLanguage\":\"pt-BR\",\"potentialAction\":[{\"@type\":\"ReadAction\",\"target\":[\"https:\\\/\\\/folhapopular.info\\\/index.php\\\/2025\\\/06\\\/24\\\/municipal-de-futsal-de-paverama-comeca-na-sexta-feira\\\/\"]}]},{\"@type\":\"ImageObject\",\"inLanguage\":\"pt-BR\",\"@id\":\"https:\\\/\\\/folhapopular.info\\\/index.php\\\/2025\\\/06\\\/24\\\/municipal-de-futsal-de-paverama-comeca-na-sexta-feira\\\/#primaryimage\",\"url\":\"https:\\\/\\\/folhapopular.info\\\/wp-content\\\/uploads\\\/2025\\\/06\\\/DSC_0253-696x464-1.jpg\",\"contentUrl\":\"https:\\\/\\\/folhapopular.info\\\/wp-content\\\/uploads\\\/2025\\\/06\\\/DSC_0253-696x464-1.jpg\",\"width\":696,\"height\":464,\"caption\":\"Municipal de Futsal volta a ser realizado ap\u00f3s dois anos - Cr\u00e9dito: Arquivo FP\"},{\"@type\":\"BreadcrumbList\",\"@id\":\"https:\\\/\\\/folhapopular.info\\\/index.php\\\/2025\\\/06\\\/24\\\/municipal-de-futsal-de-paverama-comeca-na-sexta-feira\\\/#breadcrumb\",\"itemListElement\":[{\"@type\":\"ListItem\",\"position\":1,\"name\":\"In\u00edcio\",\"item\":\"https:\\\/\\\/folhapopular.info\\\/\"},{\"@type\":\"ListItem\",\"position\":2,\"name\":\"Municipal de Futsal de Paverama come\u00e7a na sexta-feira\"}]},{\"@type\":\"WebSite\",\"@id\":\"https:\\\/\\\/folhapopular.info\\\/#website\",\"url\":\"https:\\\/\\\/folhapopular.info\\\/\",\"name\":\"Folha Popular\",\"description\":\"Onde voc\u00ea tem vez e voz\",\"potentialAction\":[{\"@type\":\"SearchAction\",\"target\":{\"@type\":\"EntryPoint\",\"urlTemplate\":\"https:\\\/\\\/folhapopular.info\\\/?s={search_term_string}\"},\"query-input\":{\"@type\":\"PropertyValueSpecification\",\"valueRequired\":true,\"valueName\":\"search_term_string\"}}],\"inLanguage\":\"pt-BR\"},{\"@type\":\"Person\",\"@id\":\"https:\\\/\\\/folhapopular.info\\\/#\\\/schema\\\/person\\\/e852c327371714676d02e58cf917fd9f\",\"name\":\"Luis Augusto Huppes\",\"image\":{\"@type\":\"ImageObject\",\"inLanguage\":\"pt-BR\",\"@id\":\"https:\\\/\\\/folhapopular.info\\\/wp-content\\\/uploads\\\/2026\\\/04\\\/Luis-Augusto-Huppes-1-1.webp\",\"url\":\"https:\\\/\\\/folhapopular.info\\\/wp-content\\\/uploads\\\/2026\\\/04\\\/Luis-Augusto-Huppes-1-1.webp\",\"contentUrl\":\"https:\\\/\\\/folhapopular.info\\\/wp-content\\\/uploads\\\/2026\\\/04\\\/Luis-Augusto-Huppes-1-1.webp\",\"caption\":\"Luis Augusto Huppes\"},\"sameAs\":[\"https:\\\/\\\/www.facebook.com\\\/luis.huppes\\\/\",\"https:\\\/\\\/www.instagram.com\\\/luis.huppes\\\/\",\"https:\\\/\\\/www.linkedin.com\\\/in\\\/luis-augusto-huppes-2554b52b7\\\/\"],\"url\":\"https:\\\/\\\/folhapopular.info\\\/index.php\\\/author\\\/luis-augusto-huppes\\\/\"}]}<\/script>\n<!-- \/ Yoast SEO plugin. -->","yoast_head_json":{"title":"Municipal de Futsal de Paverama come\u00e7a na sexta-feira - Folha Popular","robots":{"index":"index","follow":"follow","max-snippet":"max-snippet:-1","max-image-preview":"max-image-preview:large","max-video-preview":"max-video-preview:-1"},"canonical":"https:\/\/folhapopular.info\/index.php\/2025\/06\/24\/municipal-de-futsal-de-paverama-comeca-na-sexta-feira\/","og_locale":"pt_BR","og_type":"article","og_title":"Municipal de Futsal de Paverama come\u00e7a na sexta-feira - Folha Popular","og_description":"Ap\u00f3s uma pausa de dois anos, o Campeonato Municipal de Futsal est\u00e1 de volta ao calend\u00e1rio esportivo de Paverama em 2025. A competi\u00e7\u00e3o, promovida pela prefeitura por meio da secretaria de Esporte, Cultura e Assuntos Institucionais, ter\u00e1 in\u00edcio na pr\u00f3xima sexta-feira (27\/6), com jogos no Gin\u00e1sio Cat\u00f3lico, no centro da cidade. A primeira rodada ter\u00e1 [&hellip;]","og_url":"https:\/\/folhapopular.info\/index.php\/2025\/06\/24\/municipal-de-futsal-de-paverama-comeca-na-sexta-feira\/","og_site_name":"Folha Popular","article_author":"https:\/\/www.facebook.com\/luis.huppes\/","article_published_time":"2025-06-24T19:38:01+00:00","article_modified_time":"2025-06-24T20:13:34+00:00","og_image":[{"width":696,"height":464,"url":"http:\/\/folhapopular.info\/wp-content\/uploads\/2025\/06\/DSC_0253-696x464-1.jpg","type":"image\/jpeg"}],"author":"Luis Augusto Huppes","twitter_card":"summary_large_image","twitter_misc":{"Escrito por":"Luis Augusto Huppes","Est. tempo de leitura":"2 minutos"},"schema":{"@context":"https:\/\/schema.org","@graph":[{"@type":"Article","@id":"https:\/\/folhapopular.info\/index.php\/2025\/06\/24\/municipal-de-futsal-de-paverama-comeca-na-sexta-feira\/#article","isPartOf":{"@id":"https:\/\/folhapopular.info\/index.php\/2025\/06\/24\/municipal-de-futsal-de-paverama-comeca-na-sexta-feira\/"},"author":{"name":"Luis Augusto Huppes","@id":"https:\/\/folhapopular.info\/#\/schema\/person\/e852c327371714676d02e58cf917fd9f"},"headline":"Municipal de Futsal de Paverama come\u00e7a na sexta-feira","datePublished":"2025-06-24T19:38:01+00:00","dateModified":"2025-06-24T20:13:34+00:00","mainEntityOfPage":{"@id":"https:\/\/folhapopular.info\/index.php\/2025\/06\/24\/municipal-de-futsal-de-paverama-comeca-na-sexta-feira\/"},"wordCount":316,"commentCount":0,"image":{"@id":"https:\/\/folhapopular.info\/index.php\/2025\/06\/24\/municipal-de-futsal-de-paverama-comeca-na-sexta-feira\/#primaryimage"},"thumbnailUrl":"https:\/\/folhapopular.info\/wp-content\/uploads\/2025\/06\/DSC_0253-696x464-1.jpg","keywords":["Campeonato Municipal","Futsal","Paverama"],"articleSection":["Esportes","Futsal"],"inLanguage":"pt-BR","potentialAction":[{"@type":"CommentAction","name":"Comment","target":["https:\/\/folhapopular.info\/index.php\/2025\/06\/24\/municipal-de-futsal-de-paverama-comeca-na-sexta-feira\/#respond"]}]},{"@type":"WebPage","@id":"https:\/\/folhapopular.info\/index.php\/2025\/06\/24\/municipal-de-futsal-de-paverama-comeca-na-sexta-feira\/","url":"https:\/\/folhapopular.info\/index.php\/2025\/06\/24\/municipal-de-futsal-de-paverama-comeca-na-sexta-feira\/","name":"Municipal de Futsal de Paverama come\u00e7a na sexta-feira - Folha Popular","isPartOf":{"@id":"https:\/\/folhapopular.info\/#website"},"primaryImageOfPage":{"@id":"https:\/\/folhapopular.info\/index.php\/2025\/06\/24\/municipal-de-futsal-de-paverama-comeca-na-sexta-feira\/#primaryimage"},"image":{"@id":"https:\/\/folhapopular.info\/index.php\/2025\/06\/24\/municipal-de-futsal-de-paverama-comeca-na-sexta-feira\/#primaryimage"},"thumbnailUrl":"https:\/\/folhapopular.info\/wp-content\/uploads\/2025\/06\/DSC_0253-696x464-1.jpg","datePublished":"2025-06-24T19:38:01+00:00","dateModified":"2025-06-24T20:13:34+00:00","author":{"@id":"https:\/\/folhapopular.info\/#\/schema\/person\/e852c327371714676d02e58cf917fd9f"},"breadcrumb":{"@id":"https:\/\/folhapopular.info\/index.php\/2025\/06\/24\/municipal-de-futsal-de-paverama-comeca-na-sexta-feira\/#breadcrumb"},"inLanguage":"pt-BR","potentialAction":[{"@type":"ReadAction","target":["https:\/\/folhapopular.info\/index.php\/2025\/06\/24\/municipal-de-futsal-de-paverama-comeca-na-sexta-feira\/"]}]},{"@type":"ImageObject","inLanguage":"pt-BR","@id":"https:\/\/folhapopular.info\/index.php\/2025\/06\/24\/municipal-de-futsal-de-paverama-comeca-na-sexta-feira\/#primaryimage","url":"https:\/\/folhapopular.info\/wp-content\/uploads\/2025\/06\/DSC_0253-696x464-1.jpg","contentUrl":"https:\/\/folhapopular.info\/wp-content\/uploads\/2025\/06\/DSC_0253-696x464-1.jpg","width":696,"height":464,"caption":"Municipal de Futsal volta a ser realizado ap\u00f3s dois anos - Cr\u00e9dito: Arquivo FP"},{"@type":"BreadcrumbList","@id":"https:\/\/folhapopular.info\/index.php\/2025\/06\/24\/municipal-de-futsal-de-paverama-comeca-na-sexta-feira\/#breadcrumb","itemListElement":[{"@type":"ListItem","position":1,"name":"In\u00edcio","item":"https:\/\/folhapopular.info\/"},{"@type":"ListItem","position":2,"name":"Municipal de Futsal de Paverama come\u00e7a na sexta-feira"}]},{"@type":"WebSite","@id":"https:\/\/folhapopular.info\/#website","url":"https:\/\/folhapopular.info\/","name":"Folha Popular","description":"Onde voc\u00ea tem vez e voz","potentialAction":[{"@type":"SearchAction","target":{"@type":"EntryPoint","urlTemplate":"https:\/\/folhapopular.info\/?s={search_term_string}"},"query-input":{"@type":"PropertyValueSpecification","valueRequired":true,"valueName":"search_term_string"}}],"inLanguage":"pt-BR"},{"@type":"Person","@id":"https:\/\/folhapopular.info\/#\/schema\/person\/e852c327371714676d02e58cf917fd9f","name":"Luis Augusto Huppes","image":{"@type":"ImageObject","inLanguage":"pt-BR","@id":"https:\/\/folhapopular.info\/wp-content\/uploads\/2026\/04\/Luis-Augusto-Huppes-1-1.webp","url":"https:\/\/folhapopular.info\/wp-content\/uploads\/2026\/04\/Luis-Augusto-Huppes-1-1.webp","contentUrl":"https:\/\/folhapopular.info\/wp-content\/uploads\/2026\/04\/Luis-Augusto-Huppes-1-1.webp","caption":"Luis Augusto Huppes"},"sameAs":["https:\/\/www.facebook.com\/luis.huppes\/","https:\/\/www.instagram.com\/luis.huppes\/","https:\/\/www.linkedin.com\/in\/luis-augusto-huppes-2554b52b7\/"],"url":"https:\/\/folhapopular.info\/index.php\/author\/luis-augusto-huppes\/"}]}},"jetpack_featured_media_url":"https:\/\/folhapopular.info\/wp-content\/uploads\/2025\/06\/DSC_0253-696x464-1.jpg","jetpack_sharing_enabled":true,"amp_enabled":true,"_links":{"self":[{"href":"https:\/\/folhapopular.info\/index.php\/wp-json\/wp\/v2\/posts\/188997","targetHints":{"allow":["GET"]}}],"collection":[{"href":"https:\/\/folhapopular.info\/index.php\/wp-json\/wp\/v2\/posts"}],"about":[{"href":"https:\/\/folhapopular.info\/index.php\/wp-json\/wp\/v2\/types\/post"}],"author":[{"embeddable":true,"href":"https:\/\/folhapopular.info\/index.php\/wp-json\/wp\/v2\/users\/732"}],"replies":[{"embeddable":true,"href":"https:\/\/folhapopular.info\/index.php\/wp-json\/wp\/v2\/comments?post=188997"}],"version-history":[{"count":0,"href":"https:\/\/folhapopular.info\/index.php\/wp-json\/wp\/v2\/posts\/188997\/revisions"}],"wp:featuredmedia":[{"embeddable":true,"href":"https:\/\/folhapopular.info\/index.php\/wp-json\/wp\/v2\/media\/188998"}],"wp:attachment":[{"href":"https:\/\/folhapopular.info\/index.php\/wp-json\/wp\/v2\/media?parent=188997"}],"wp:term":[{"taxonomy":"category","embeddable":true,"href":"https:\/\/folhapopular.info\/index.php\/wp-json\/wp\/v2\/categories?post=188997"},{"taxonomy":"post_tag","embeddable":true,"href":"https:\/\/folhapopular.info\/index.php\/wp-json\/wp\/v2\/tags?post=188997"}],"curies":[{"name":"wp","href":"https:\/\/api.w.org\/{rel}","templated":true}]}}