{"id":189071,"date":"2025-06-25T09:58:27","date_gmt":"2025-06-25T12:58:27","guid":{"rendered":"https:\/\/folhapopular.info\/?p=189071"},"modified":"2025-06-25T09:58:30","modified_gmt":"2025-06-25T12:58:30","slug":"caminhonete-capota-ao-evitar-colisao-com-onibus-na-br-386-em-bom-retiro-do-sul","status":"publish","type":"post","link":"https:\/\/folhapopular.info\/index.php\/2025\/06\/25\/caminhonete-capota-ao-evitar-colisao-com-onibus-na-br-386-em-bom-retiro-do-sul\/","title":{"rendered":"Caminhonete capota ao evitar colis\u00e3o com \u00f4nibus na BR-386, em Bom Retiro do Sul"},"content":{"rendered":"\n<p>Um acidente de tr\u00e2nsito foi registrado na manh\u00e3 desta quarta-feira (25\/6), na BR-386, em Bom Retiro do Sul. Por volta das 7h, uma caminhonete Fiat Strada, de Lajeado, capotou ao tentar evitar uma colis\u00e3o com um \u00f4nibus, tamb\u00e9m de Lajeado.<\/p>\n\n\n\n<p>Segundo informa\u00e7\u00f5es, o coletivo atravessava a rodovia para acessar a ERS-128, em dire\u00e7\u00e3o ao centro da cidade, quando a caminhonete, que seguia no sentido interior\u2013capital, tentou desviar. O condutor, de 44 anos, freou e realizou uma manobra evasiva, mas acabou perdendo o controle e capotando o ve\u00edculo.<\/p>\n\n\n\n<p>Apesar dos danos significativos, ningu\u00e9m se feriu. A CCR ViaSul atendeu a ocorr\u00eancia e o fluxo foi normalizado por volta das 7h40.<\/p>\n","protected":false},"excerpt":{"rendered":"<p>Um acidente de tr\u00e2nsito foi registrado na manh\u00e3 desta quarta-feira (25\/6), na BR-386, em Bom Retiro do Sul. Por volta das 7h, uma caminhonete Fiat Strada, de Lajeado, capotou ao tentar evitar uma colis\u00e3o com um \u00f4nibus, tamb\u00e9m de Lajeado. Segundo informa\u00e7\u00f5es, o coletivo atravessava a rodovia para acessar a ERS-128, em dire\u00e7\u00e3o ao centro [&hellip;]<\/p>\n","protected":false},"author":8,"featured_media":58540,"comment_status":"open","ping_status":"open","sticky":false,"template":"","format":"standard","meta":{"pmpro_default_level":"","_jetpack_memberships_contains_paid_content":false,"footnotes":""},"categories":[7,10983],"tags":[500,146,91,204],"class_list":{"0":"post-189071","1":"post","2":"type-post","3":"status-publish","4":"format-standard","5":"has-post-thumbnail","7":"category-seguranca","8":"category-transito","9":"tag-acidente-de-transito","10":"tag-bom-retiro-do-sul","11":"tag-br-386","12":"tag-capotamento","13":"pmpro-has-access"},"yoast_head":"<!-- This site is optimized with the Yoast SEO plugin v27.5 - https:\/\/yoast.com\/product\/yoast-seo-wordpress\/ -->\n<title>Caminhonete capota ao evitar colis\u00e3o com \u00f4nibus na BR-386, em Bom Retiro do Sul - Folha Popular<\/title>\n<meta name=\"robots\" content=\"index, follow, max-snippet:-1, max-image-preview:large, max-video-preview:-1\" \/>\n<link rel=\"canonical\" href=\"https:\/\/folhapopular.info\/index.php\/2025\/06\/25\/caminhonete-capota-ao-evitar-colisao-com-onibus-na-br-386-em-bom-retiro-do-sul\/\" \/>\n<meta property=\"og:locale\" content=\"pt_BR\" \/>\n<meta property=\"og:type\" content=\"article\" \/>\n<meta property=\"og:title\" content=\"Caminhonete capota ao evitar colis\u00e3o com \u00f4nibus na BR-386, em Bom Retiro do Sul - Folha Popular\" \/>\n<meta property=\"og:description\" content=\"Um acidente de tr\u00e2nsito foi registrado na manh\u00e3 desta quarta-feira (25\/6), na BR-386, em Bom Retiro do Sul. Por volta das 7h, uma caminhonete Fiat Strada, de Lajeado, capotou ao tentar evitar uma colis\u00e3o com um \u00f4nibus, tamb\u00e9m de Lajeado. Segundo informa\u00e7\u00f5es, o coletivo atravessava a rodovia para acessar a ERS-128, em dire\u00e7\u00e3o ao centro [&hellip;]\" \/>\n<meta property=\"og:url\" content=\"https:\/\/folhapopular.info\/index.php\/2025\/06\/25\/caminhonete-capota-ao-evitar-colisao-com-onibus-na-br-386-em-bom-retiro-do-sul\/\" \/>\n<meta property=\"og:site_name\" content=\"Folha Popular\" \/>\n<meta property=\"article:published_time\" content=\"2025-06-25T12:58:27+00:00\" \/>\n<meta property=\"article:modified_time\" content=\"2025-06-25T12:58:30+00:00\" \/>\n<meta property=\"og:image\" content=\"http:\/\/folhapopular.info\/wp-content\/uploads\/2019\/09\/tr\u00e2nsito-e1567961593182.jpg\" \/>\n\t<meta property=\"og:image:width\" content=\"800\" \/>\n\t<meta property=\"og:image:height\" content=\"563\" \/>\n\t<meta property=\"og:image:type\" content=\"image\/jpeg\" \/>\n<meta name=\"author\" content=\"Reda\u00e7\u00e3o Folha Popular\" \/>\n<meta name=\"twitter:card\" content=\"summary_large_image\" \/>\n<meta name=\"twitter:label1\" content=\"Escrito por\" \/>\n\t<meta name=\"twitter:data1\" content=\"Reda\u00e7\u00e3o Folha Popular\" \/>\n\t<meta name=\"twitter:label2\" content=\"Est. tempo de leitura\" \/>\n\t<meta name=\"twitter:data2\" content=\"1 minuto\" \/>\n<script type=\"application\/ld+json\" class=\"yoast-schema-graph\">{\"@context\":\"https:\\\/\\\/schema.org\",\"@graph\":[{\"@type\":\"Article\",\"@id\":\"https:\\\/\\\/folhapopular.info\\\/index.php\\\/2025\\\/06\\\/25\\\/caminhonete-capota-ao-evitar-colisao-com-onibus-na-br-386-em-bom-retiro-do-sul\\\/#article\",\"isPartOf\":{\"@id\":\"https:\\\/\\\/folhapopular.info\\\/index.php\\\/2025\\\/06\\\/25\\\/caminhonete-capota-ao-evitar-colisao-com-onibus-na-br-386-em-bom-retiro-do-sul\\\/\"},\"author\":{\"name\":\"Reda\u00e7\u00e3o Folha Popular\",\"@id\":\"https:\\\/\\\/folhapopular.info\\\/#\\\/schema\\\/person\\\/2814e8a0df7643585a9ca38bc6eb9d4b\"},\"headline\":\"Caminhonete capota ao evitar colis\u00e3o com \u00f4nibus na BR-386, em Bom Retiro do Sul\",\"datePublished\":\"2025-06-25T12:58:27+00:00\",\"dateModified\":\"2025-06-25T12:58:30+00:00\",\"mainEntityOfPage\":{\"@id\":\"https:\\\/\\\/folhapopular.info\\\/index.php\\\/2025\\\/06\\\/25\\\/caminhonete-capota-ao-evitar-colisao-com-onibus-na-br-386-em-bom-retiro-do-sul\\\/\"},\"wordCount\":131,\"commentCount\":0,\"image\":{\"@id\":\"https:\\\/\\\/folhapopular.info\\\/index.php\\\/2025\\\/06\\\/25\\\/caminhonete-capota-ao-evitar-colisao-com-onibus-na-br-386-em-bom-retiro-do-sul\\\/#primaryimage\"},\"thumbnailUrl\":\"https:\\\/\\\/folhapopular.info\\\/wp-content\\\/uploads\\\/2019\\\/09\\\/tr\u00e2nsito-e1567961593182.jpg\",\"keywords\":[\"Acidente de Tr\u00e2nsito\",\"Bom Retiro do Sul\",\"BR-386\",\"Capotamento\"],\"articleSection\":[\"Seguran\u00e7a\",\"Tr\u00e2nsito\"],\"inLanguage\":\"pt-BR\",\"potentialAction\":[{\"@type\":\"CommentAction\",\"name\":\"Comment\",\"target\":[\"https:\\\/\\\/folhapopular.info\\\/index.php\\\/2025\\\/06\\\/25\\\/caminhonete-capota-ao-evitar-colisao-com-onibus-na-br-386-em-bom-retiro-do-sul\\\/#respond\"]}]},{\"@type\":\"WebPage\",\"@id\":\"https:\\\/\\\/folhapopular.info\\\/index.php\\\/2025\\\/06\\\/25\\\/caminhonete-capota-ao-evitar-colisao-com-onibus-na-br-386-em-bom-retiro-do-sul\\\/\",\"url\":\"https:\\\/\\\/folhapopular.info\\\/index.php\\\/2025\\\/06\\\/25\\\/caminhonete-capota-ao-evitar-colisao-com-onibus-na-br-386-em-bom-retiro-do-sul\\\/\",\"name\":\"Caminhonete capota ao evitar colis\u00e3o com \u00f4nibus na BR-386, em Bom Retiro do Sul - Folha Popular\",\"isPartOf\":{\"@id\":\"https:\\\/\\\/folhapopular.info\\\/#website\"},\"primaryImageOfPage\":{\"@id\":\"https:\\\/\\\/folhapopular.info\\\/index.php\\\/2025\\\/06\\\/25\\\/caminhonete-capota-ao-evitar-colisao-com-onibus-na-br-386-em-bom-retiro-do-sul\\\/#primaryimage\"},\"image\":{\"@id\":\"https:\\\/\\\/folhapopular.info\\\/index.php\\\/2025\\\/06\\\/25\\\/caminhonete-capota-ao-evitar-colisao-com-onibus-na-br-386-em-bom-retiro-do-sul\\\/#primaryimage\"},\"thumbnailUrl\":\"https:\\\/\\\/folhapopular.info\\\/wp-content\\\/uploads\\\/2019\\\/09\\\/tr\u00e2nsito-e1567961593182.jpg\",\"datePublished\":\"2025-06-25T12:58:27+00:00\",\"dateModified\":\"2025-06-25T12:58:30+00:00\",\"author\":{\"@id\":\"https:\\\/\\\/folhapopular.info\\\/#\\\/schema\\\/person\\\/2814e8a0df7643585a9ca38bc6eb9d4b\"},\"breadcrumb\":{\"@id\":\"https:\\\/\\\/folhapopular.info\\\/index.php\\\/2025\\\/06\\\/25\\\/caminhonete-capota-ao-evitar-colisao-com-onibus-na-br-386-em-bom-retiro-do-sul\\\/#breadcrumb\"},\"inLanguage\":\"pt-BR\",\"potentialAction\":[{\"@type\":\"ReadAction\",\"target\":[\"https:\\\/\\\/folhapopular.info\\\/index.php\\\/2025\\\/06\\\/25\\\/caminhonete-capota-ao-evitar-colisao-com-onibus-na-br-386-em-bom-retiro-do-sul\\\/\"]}]},{\"@type\":\"ImageObject\",\"inLanguage\":\"pt-BR\",\"@id\":\"https:\\\/\\\/folhapopular.info\\\/index.php\\\/2025\\\/06\\\/25\\\/caminhonete-capota-ao-evitar-colisao-com-onibus-na-br-386-em-bom-retiro-do-sul\\\/#primaryimage\",\"url\":\"https:\\\/\\\/folhapopular.info\\\/wp-content\\\/uploads\\\/2019\\\/09\\\/tr\u00e2nsito-e1567961593182.jpg\",\"contentUrl\":\"https:\\\/\\\/folhapopular.info\\\/wp-content\\\/uploads\\\/2019\\\/09\\\/tr\u00e2nsito-e1567961593182.jpg\",\"width\":800,\"height\":563,\"caption\":\"Artes Transito\"},{\"@type\":\"BreadcrumbList\",\"@id\":\"https:\\\/\\\/folhapopular.info\\\/index.php\\\/2025\\\/06\\\/25\\\/caminhonete-capota-ao-evitar-colisao-com-onibus-na-br-386-em-bom-retiro-do-sul\\\/#breadcrumb\",\"itemListElement\":[{\"@type\":\"ListItem\",\"position\":1,\"name\":\"In\u00edcio\",\"item\":\"https:\\\/\\\/folhapopular.info\\\/\"},{\"@type\":\"ListItem\",\"position\":2,\"name\":\"Caminhonete capota ao evitar colis\u00e3o com \u00f4nibus na BR-386, em Bom Retiro do Sul\"}]},{\"@type\":\"WebSite\",\"@id\":\"https:\\\/\\\/folhapopular.info\\\/#website\",\"url\":\"https:\\\/\\\/folhapopular.info\\\/\",\"name\":\"Folha Popular\",\"description\":\"Onde voc\u00ea tem vez e voz\",\"potentialAction\":[{\"@type\":\"SearchAction\",\"target\":{\"@type\":\"EntryPoint\",\"urlTemplate\":\"https:\\\/\\\/folhapopular.info\\\/?s={search_term_string}\"},\"query-input\":{\"@type\":\"PropertyValueSpecification\",\"valueRequired\":true,\"valueName\":\"search_term_string\"}}],\"inLanguage\":\"pt-BR\"},{\"@type\":\"Person\",\"@id\":\"https:\\\/\\\/folhapopular.info\\\/#\\\/schema\\\/person\\\/2814e8a0df7643585a9ca38bc6eb9d4b\",\"name\":\"Reda\u00e7\u00e3o Folha Popular\",\"image\":{\"@type\":\"ImageObject\",\"inLanguage\":\"pt-BR\",\"@id\":\"https:\\\/\\\/folhapopular.info\\\/wp-content\\\/uploads\\\/2026\\\/04\\\/Folha-1.webp\",\"url\":\"https:\\\/\\\/folhapopular.info\\\/wp-content\\\/uploads\\\/2026\\\/04\\\/Folha-1.webp\",\"contentUrl\":\"https:\\\/\\\/folhapopular.info\\\/wp-content\\\/uploads\\\/2026\\\/04\\\/Folha-1.webp\",\"caption\":\"Reda\u00e7\u00e3o Folha Popular\"},\"url\":\"https:\\\/\\\/folhapopular.info\\\/index.php\\\/author\\\/redacao\\\/\"}]}<\/script>\n<!-- \/ Yoast SEO plugin. -->","yoast_head_json":{"title":"Caminhonete capota ao evitar colis\u00e3o com \u00f4nibus na BR-386, em Bom Retiro do Sul - Folha Popular","robots":{"index":"index","follow":"follow","max-snippet":"max-snippet:-1","max-image-preview":"max-image-preview:large","max-video-preview":"max-video-preview:-1"},"canonical":"https:\/\/folhapopular.info\/index.php\/2025\/06\/25\/caminhonete-capota-ao-evitar-colisao-com-onibus-na-br-386-em-bom-retiro-do-sul\/","og_locale":"pt_BR","og_type":"article","og_title":"Caminhonete capota ao evitar colis\u00e3o com \u00f4nibus na BR-386, em Bom Retiro do Sul - Folha Popular","og_description":"Um acidente de tr\u00e2nsito foi registrado na manh\u00e3 desta quarta-feira (25\/6), na BR-386, em Bom Retiro do Sul. Por volta das 7h, uma caminhonete Fiat Strada, de Lajeado, capotou ao tentar evitar uma colis\u00e3o com um \u00f4nibus, tamb\u00e9m de Lajeado. Segundo informa\u00e7\u00f5es, o coletivo atravessava a rodovia para acessar a ERS-128, em dire\u00e7\u00e3o ao centro [&hellip;]","og_url":"https:\/\/folhapopular.info\/index.php\/2025\/06\/25\/caminhonete-capota-ao-evitar-colisao-com-onibus-na-br-386-em-bom-retiro-do-sul\/","og_site_name":"Folha Popular","article_published_time":"2025-06-25T12:58:27+00:00","article_modified_time":"2025-06-25T12:58:30+00:00","og_image":[{"width":800,"height":563,"url":"http:\/\/folhapopular.info\/wp-content\/uploads\/2019\/09\/tr\u00e2nsito-e1567961593182.jpg","type":"image\/jpeg"}],"author":"Reda\u00e7\u00e3o Folha Popular","twitter_card":"summary_large_image","twitter_misc":{"Escrito por":"Reda\u00e7\u00e3o Folha Popular","Est. tempo de leitura":"1 minuto"},"schema":{"@context":"https:\/\/schema.org","@graph":[{"@type":"Article","@id":"https:\/\/folhapopular.info\/index.php\/2025\/06\/25\/caminhonete-capota-ao-evitar-colisao-com-onibus-na-br-386-em-bom-retiro-do-sul\/#article","isPartOf":{"@id":"https:\/\/folhapopular.info\/index.php\/2025\/06\/25\/caminhonete-capota-ao-evitar-colisao-com-onibus-na-br-386-em-bom-retiro-do-sul\/"},"author":{"name":"Reda\u00e7\u00e3o Folha Popular","@id":"https:\/\/folhapopular.info\/#\/schema\/person\/2814e8a0df7643585a9ca38bc6eb9d4b"},"headline":"Caminhonete capota ao evitar colis\u00e3o com \u00f4nibus na BR-386, em Bom Retiro do Sul","datePublished":"2025-06-25T12:58:27+00:00","dateModified":"2025-06-25T12:58:30+00:00","mainEntityOfPage":{"@id":"https:\/\/folhapopular.info\/index.php\/2025\/06\/25\/caminhonete-capota-ao-evitar-colisao-com-onibus-na-br-386-em-bom-retiro-do-sul\/"},"wordCount":131,"commentCount":0,"image":{"@id":"https:\/\/folhapopular.info\/index.php\/2025\/06\/25\/caminhonete-capota-ao-evitar-colisao-com-onibus-na-br-386-em-bom-retiro-do-sul\/#primaryimage"},"thumbnailUrl":"https:\/\/folhapopular.info\/wp-content\/uploads\/2019\/09\/tr\u00e2nsito-e1567961593182.jpg","keywords":["Acidente de Tr\u00e2nsito","Bom Retiro do Sul","BR-386","Capotamento"],"articleSection":["Seguran\u00e7a","Tr\u00e2nsito"],"inLanguage":"pt-BR","potentialAction":[{"@type":"CommentAction","name":"Comment","target":["https:\/\/folhapopular.info\/index.php\/2025\/06\/25\/caminhonete-capota-ao-evitar-colisao-com-onibus-na-br-386-em-bom-retiro-do-sul\/#respond"]}]},{"@type":"WebPage","@id":"https:\/\/folhapopular.info\/index.php\/2025\/06\/25\/caminhonete-capota-ao-evitar-colisao-com-onibus-na-br-386-em-bom-retiro-do-sul\/","url":"https:\/\/folhapopular.info\/index.php\/2025\/06\/25\/caminhonete-capota-ao-evitar-colisao-com-onibus-na-br-386-em-bom-retiro-do-sul\/","name":"Caminhonete capota ao evitar colis\u00e3o com \u00f4nibus na BR-386, em Bom Retiro do Sul - Folha Popular","isPartOf":{"@id":"https:\/\/folhapopular.info\/#website"},"primaryImageOfPage":{"@id":"https:\/\/folhapopular.info\/index.php\/2025\/06\/25\/caminhonete-capota-ao-evitar-colisao-com-onibus-na-br-386-em-bom-retiro-do-sul\/#primaryimage"},"image":{"@id":"https:\/\/folhapopular.info\/index.php\/2025\/06\/25\/caminhonete-capota-ao-evitar-colisao-com-onibus-na-br-386-em-bom-retiro-do-sul\/#primaryimage"},"thumbnailUrl":"https:\/\/folhapopular.info\/wp-content\/uploads\/2019\/09\/tr\u00e2nsito-e1567961593182.jpg","datePublished":"2025-06-25T12:58:27+00:00","dateModified":"2025-06-25T12:58:30+00:00","author":{"@id":"https:\/\/folhapopular.info\/#\/schema\/person\/2814e8a0df7643585a9ca38bc6eb9d4b"},"breadcrumb":{"@id":"https:\/\/folhapopular.info\/index.php\/2025\/06\/25\/caminhonete-capota-ao-evitar-colisao-com-onibus-na-br-386-em-bom-retiro-do-sul\/#breadcrumb"},"inLanguage":"pt-BR","potentialAction":[{"@type":"ReadAction","target":["https:\/\/folhapopular.info\/index.php\/2025\/06\/25\/caminhonete-capota-ao-evitar-colisao-com-onibus-na-br-386-em-bom-retiro-do-sul\/"]}]},{"@type":"ImageObject","inLanguage":"pt-BR","@id":"https:\/\/folhapopular.info\/index.php\/2025\/06\/25\/caminhonete-capota-ao-evitar-colisao-com-onibus-na-br-386-em-bom-retiro-do-sul\/#primaryimage","url":"https:\/\/folhapopular.info\/wp-content\/uploads\/2019\/09\/tr\u00e2nsito-e1567961593182.jpg","contentUrl":"https:\/\/folhapopular.info\/wp-content\/uploads\/2019\/09\/tr\u00e2nsito-e1567961593182.jpg","width":800,"height":563,"caption":"Artes Transito"},{"@type":"BreadcrumbList","@id":"https:\/\/folhapopular.info\/index.php\/2025\/06\/25\/caminhonete-capota-ao-evitar-colisao-com-onibus-na-br-386-em-bom-retiro-do-sul\/#breadcrumb","itemListElement":[{"@type":"ListItem","position":1,"name":"In\u00edcio","item":"https:\/\/folhapopular.info\/"},{"@type":"ListItem","position":2,"name":"Caminhonete capota ao evitar colis\u00e3o com \u00f4nibus na BR-386, em Bom Retiro do Sul"}]},{"@type":"WebSite","@id":"https:\/\/folhapopular.info\/#website","url":"https:\/\/folhapopular.info\/","name":"Folha Popular","description":"Onde voc\u00ea tem vez e voz","potentialAction":[{"@type":"SearchAction","target":{"@type":"EntryPoint","urlTemplate":"https:\/\/folhapopular.info\/?s={search_term_string}"},"query-input":{"@type":"PropertyValueSpecification","valueRequired":true,"valueName":"search_term_string"}}],"inLanguage":"pt-BR"},{"@type":"Person","@id":"https:\/\/folhapopular.info\/#\/schema\/person\/2814e8a0df7643585a9ca38bc6eb9d4b","name":"Reda\u00e7\u00e3o Folha Popular","image":{"@type":"ImageObject","inLanguage":"pt-BR","@id":"https:\/\/folhapopular.info\/wp-content\/uploads\/2026\/04\/Folha-1.webp","url":"https:\/\/folhapopular.info\/wp-content\/uploads\/2026\/04\/Folha-1.webp","contentUrl":"https:\/\/folhapopular.info\/wp-content\/uploads\/2026\/04\/Folha-1.webp","caption":"Reda\u00e7\u00e3o Folha Popular"},"url":"https:\/\/folhapopular.info\/index.php\/author\/redacao\/"}]}},"jetpack_featured_media_url":"https:\/\/folhapopular.info\/wp-content\/uploads\/2019\/09\/tr\u00e2nsito-e1567961593182.jpg","jetpack_sharing_enabled":true,"amp_enabled":true,"_links":{"self":[{"href":"https:\/\/folhapopular.info\/index.php\/wp-json\/wp\/v2\/posts\/189071","targetHints":{"allow":["GET"]}}],"collection":[{"href":"https:\/\/folhapopular.info\/index.php\/wp-json\/wp\/v2\/posts"}],"about":[{"href":"https:\/\/folhapopular.info\/index.php\/wp-json\/wp\/v2\/types\/post"}],"author":[{"embeddable":true,"href":"https:\/\/folhapopular.info\/index.php\/wp-json\/wp\/v2\/users\/8"}],"replies":[{"embeddable":true,"href":"https:\/\/folhapopular.info\/index.php\/wp-json\/wp\/v2\/comments?post=189071"}],"version-history":[{"count":0,"href":"https:\/\/folhapopular.info\/index.php\/wp-json\/wp\/v2\/posts\/189071\/revisions"}],"wp:featuredmedia":[{"embeddable":true,"href":"https:\/\/folhapopular.info\/index.php\/wp-json\/wp\/v2\/media\/58540"}],"wp:attachment":[{"href":"https:\/\/folhapopular.info\/index.php\/wp-json\/wp\/v2\/media?parent=189071"}],"wp:term":[{"taxonomy":"category","embeddable":true,"href":"https:\/\/folhapopular.info\/index.php\/wp-json\/wp\/v2\/categories?post=189071"},{"taxonomy":"post_tag","embeddable":true,"href":"https:\/\/folhapopular.info\/index.php\/wp-json\/wp\/v2\/tags?post=189071"}],"curies":[{"name":"wp","href":"https:\/\/api.w.org\/{rel}","templated":true}]}}