{"id":189305,"date":"2025-06-28T17:50:00","date_gmt":"2025-06-28T20:50:00","guid":{"rendered":"https:\/\/folhapopular.info\/?p=189305"},"modified":"2025-06-28T17:50:04","modified_gmt":"2025-06-28T20:50:04","slug":"finais-das-series-ouro-e-prata-de-imigrante-serao-neste-domingo","status":"publish","type":"post","link":"https:\/\/folhapopular.info\/index.php\/2025\/06\/28\/finais-das-series-ouro-e-prata-de-imigrante-serao-neste-domingo\/","title":{"rendered":"Finais das s\u00e9ries Ouro e Prata de Imigrante ser\u00e3o neste domingo"},"content":{"rendered":"\n<p>As finais do Campeonato Municipal de Imigrante, enfim, v\u00e3o come\u00e7ar. Ap\u00f3s semanas de espera, os confrontos de ida das s\u00e9ries Prata e Ouro est\u00e3o marcados para este domingo (29\/6) na sede esportiva do Riograndense, em Daltro Filho.<\/p>\n\n\n\n<p>O in\u00edcio da fase final estava previsto para o dia 8 de junho, mas foi adiado devido \u00e0 realiza\u00e7\u00e3o da Ta\u00e7a Imigrante de Futebol de Base, evento que movimentou diversas categorias e mobilizou a estrutura esportiva do munic\u00edpio. Nos domingos seguintes, as fortes chuvas que atingiram o Vale do Taquari comprometeram as condi\u00e7\u00f5es dos gramados e da log\u00edstica, o que for\u00e7ou novas suspens\u00f5es.<\/p>\n\n\n\n<p>A primeira partida do dia ser\u00e1 \u00e0s 13h15, pela S\u00e9rie Prata, entre Canarinho e Ecas. O Canarinho chega \u00e0 decis\u00e3o ap\u00f3s ser eliminado pelo Cruzeiro nas semifinais &#8211; empate em 0 a 0 no jogo de ida e derrota por 2 a 0 na volta, seu primeiro rev\u00e9s na competi\u00e7\u00e3o. At\u00e9 ent\u00e3o, a equipe havia empatado todos os cinco jogos da fase classificat\u00f3ria. J\u00e1 o Ecas caiu diante do Riograndense, tamb\u00e9m com um empate sem gols na ida e derrota por 3 a 1 no segundo confronto.<\/p>\n\n\n\n<p>Na campanha geral, o Ecas somou 6 pontos em seis partidas, com uma vit\u00f3ria, tr\u00eas empates e duas derrotas, marcando nove gols e sofrendo 11. O Canarinho, por sua vez, conquistou 5 pontos, com cinco empates e uma derrota.<\/p>\n\n\n\n<h2 class=\"wp-block-heading\"><strong>Ouro<\/strong><\/h2>\n\n\n\n<p>\u00c0s 15h15 ser\u00e1 a vez de Riograndense e Cruzeiro iniciarem a disputa pelo t\u00edtulo da S\u00e9rie Ouro. O Riograndense chega embalado ap\u00f3s eliminar o Ecas nas semifinais com vit\u00f3ria por 3 a 1, em casa. J\u00e1 o Cruzeiro carrega consigo a melhor campanha geral da competi\u00e7\u00e3o e ter\u00e1 a vantagem de decidir o t\u00edtulo em seus dom\u00ednios, em Linha Cruzeiro.<\/p>\n\n\n\n<p>Enquanto nas semifinais o mando de campo era definido pelo crit\u00e9rio de disciplina, nas finais a prioridade passou a ser da equipe com melhor desempenho na classifica\u00e7\u00e3o geral. O Riograndense encerrou a fase classificat\u00f3ria com 11 pontos, fruto de tr\u00eas vit\u00f3rias, dois empates e uma derrota. J\u00e1 o Cruzeiro somou 12 pontos (tinha 13, mas perdeu um por escala\u00e7\u00e3o de jogador irregular ainda na primeira fase), com tr\u00eas vit\u00f3rias e tr\u00eas empates, mantendo-se invicto at\u00e9 aqui.<\/p>\n\n\n\n<p>A expectativa \u00e9 de grande p\u00fablico em Daltro Filho, j\u00e1 que as finais simbolizam a retomada do calend\u00e1rio esportivo local ap\u00f3s os transtornos clim\u00e1ticos. O Grupo Popular de Comunica\u00e7\u00e3o acompanha de perto a rodada, com cobertura ao vivo pela Jornada Esportiva da R\u00e1dio Popular FM 96,9.<\/p>\n\n\n\n<figure class=\"wp-block-table is-style-stripes\"><table class=\"has-electric-grass-gradient-background has-background\"><tbody><tr><td colspan=\"6\"><strong>\u2192 Finais \u2013 Ida \u2013 Daltro Filho<\/strong><\/td><\/tr><tr><td><strong>Data<\/strong><\/td><td><strong>Hor\u00e1rio<\/strong><\/td><td><strong>S\u00e9rie<\/strong><\/td><td><\/td><td class=\"has-text-align-center\" data-align=\"center\"><strong>Partidas<\/strong><\/td><td><\/td><\/tr><tr><td>29\/6<\/td><td>13h15<\/td><td>S\u00e9rie Prata<\/td><td>Canarinho<\/td><td class=\"has-text-align-center\" data-align=\"center\">x<\/td><td>Ecas<\/td><\/tr><tr><td>29\/6<\/td><td>15h15<\/td><td>S\u00e9rie Ouro<\/td><td>Riograndense<\/td><td class=\"has-text-align-center\" data-align=\"center\">x<\/td><td>Cruzeiro<\/td><\/tr><\/tbody><\/table><\/figure>\n","protected":false},"excerpt":{"rendered":"<p>As finais do Campeonato Municipal de Imigrante, enfim, v\u00e3o come\u00e7ar. Ap\u00f3s semanas de espera, os confrontos de ida das s\u00e9ries Prata e Ouro est\u00e3o marcados para este domingo (29\/6) na sede esportiva do Riograndense, em Daltro Filho. O in\u00edcio da fase final estava previsto para o dia 8 de junho, mas foi adiado devido \u00e0 [&hellip;]<\/p>\n","protected":false},"author":732,"featured_media":189306,"comment_status":"open","ping_status":"open","sticky":false,"template":"","format":"standard","meta":{"pmpro_default_level":"","_jetpack_memberships_contains_paid_content":false,"footnotes":""},"categories":[5,240],"tags":[499,147,34],"class_list":{"0":"post-189305","1":"post","2":"type-post","3":"status-publish","4":"format-standard","5":"has-post-thumbnail","7":"category-esportes","8":"category-futebol-amador","9":"tag-campeonato-municipal","10":"tag-futebol-amador","11":"tag-imigrante","12":"pmpro-has-access"},"yoast_head":"<!-- This site is optimized with the Yoast SEO plugin v27.5 - https:\/\/yoast.com\/product\/yoast-seo-wordpress\/ -->\n<title>Finais das s\u00e9ries Ouro e Prata de Imigrante ser\u00e3o neste domingo - Folha Popular<\/title>\n<meta name=\"robots\" content=\"index, follow, max-snippet:-1, max-image-preview:large, max-video-preview:-1\" \/>\n<link rel=\"canonical\" href=\"https:\/\/folhapopular.info\/index.php\/2025\/06\/28\/finais-das-series-ouro-e-prata-de-imigrante-serao-neste-domingo\/\" \/>\n<meta property=\"og:locale\" content=\"pt_BR\" \/>\n<meta property=\"og:type\" content=\"article\" \/>\n<meta property=\"og:title\" content=\"Finais das s\u00e9ries Ouro e Prata de Imigrante ser\u00e3o neste domingo - Folha Popular\" \/>\n<meta property=\"og:description\" content=\"As finais do Campeonato Municipal de Imigrante, enfim, v\u00e3o come\u00e7ar. Ap\u00f3s semanas de espera, os confrontos de ida das s\u00e9ries Prata e Ouro est\u00e3o marcados para este domingo (29\/6) na sede esportiva do Riograndense, em Daltro Filho. O in\u00edcio da fase final estava previsto para o dia 8 de junho, mas foi adiado devido \u00e0 [&hellip;]\" \/>\n<meta property=\"og:url\" content=\"https:\/\/folhapopular.info\/index.php\/2025\/06\/28\/finais-das-series-ouro-e-prata-de-imigrante-serao-neste-domingo\/\" \/>\n<meta property=\"og:site_name\" content=\"Folha Popular\" \/>\n<meta property=\"article:author\" content=\"https:\/\/www.facebook.com\/luis.huppes\/\" \/>\n<meta property=\"article:published_time\" content=\"2025-06-28T20:50:00+00:00\" \/>\n<meta property=\"article:modified_time\" content=\"2025-06-28T20:50:04+00:00\" \/>\n<meta property=\"og:image\" content=\"http:\/\/folhapopular.info\/wp-content\/uploads\/2025\/06\/Riograndense-e-Ecas-disputam-o-titulo-da-Serie-Ouro.jpg\" \/>\n\t<meta property=\"og:image:width\" content=\"696\" \/>\n\t<meta property=\"og:image:height\" content=\"464\" \/>\n\t<meta property=\"og:image:type\" content=\"image\/jpeg\" \/>\n<meta name=\"author\" content=\"Luis Augusto Huppes\" \/>\n<meta name=\"twitter:card\" content=\"summary_large_image\" \/>\n<meta name=\"twitter:label1\" content=\"Escrito por\" \/>\n\t<meta name=\"twitter:data1\" content=\"Luis Augusto Huppes\" \/>\n\t<meta name=\"twitter:label2\" content=\"Est. tempo de leitura\" \/>\n\t<meta name=\"twitter:data2\" content=\"3 minutos\" \/>\n<script type=\"application\/ld+json\" class=\"yoast-schema-graph\">{\"@context\":\"https:\\\/\\\/schema.org\",\"@graph\":[{\"@type\":\"Article\",\"@id\":\"https:\\\/\\\/folhapopular.info\\\/index.php\\\/2025\\\/06\\\/28\\\/finais-das-series-ouro-e-prata-de-imigrante-serao-neste-domingo\\\/#article\",\"isPartOf\":{\"@id\":\"https:\\\/\\\/folhapopular.info\\\/index.php\\\/2025\\\/06\\\/28\\\/finais-das-series-ouro-e-prata-de-imigrante-serao-neste-domingo\\\/\"},\"author\":{\"name\":\"Luis Augusto Huppes\",\"@id\":\"https:\\\/\\\/folhapopular.info\\\/#\\\/schema\\\/person\\\/e852c327371714676d02e58cf917fd9f\"},\"headline\":\"Finais das s\u00e9ries Ouro e Prata de Imigrante ser\u00e3o neste domingo\",\"datePublished\":\"2025-06-28T20:50:00+00:00\",\"dateModified\":\"2025-06-28T20:50:04+00:00\",\"mainEntityOfPage\":{\"@id\":\"https:\\\/\\\/folhapopular.info\\\/index.php\\\/2025\\\/06\\\/28\\\/finais-das-series-ouro-e-prata-de-imigrante-serao-neste-domingo\\\/\"},\"wordCount\":471,\"commentCount\":0,\"image\":{\"@id\":\"https:\\\/\\\/folhapopular.info\\\/index.php\\\/2025\\\/06\\\/28\\\/finais-das-series-ouro-e-prata-de-imigrante-serao-neste-domingo\\\/#primaryimage\"},\"thumbnailUrl\":\"https:\\\/\\\/folhapopular.info\\\/wp-content\\\/uploads\\\/2025\\\/06\\\/Riograndense-e-Ecas-disputam-o-titulo-da-Serie-Ouro.jpg\",\"keywords\":[\"Campeonato Municipal\",\"futebol amador\",\"Imigrante\"],\"articleSection\":[\"Esportes\",\"Futebol Amador\"],\"inLanguage\":\"pt-BR\",\"potentialAction\":[{\"@type\":\"CommentAction\",\"name\":\"Comment\",\"target\":[\"https:\\\/\\\/folhapopular.info\\\/index.php\\\/2025\\\/06\\\/28\\\/finais-das-series-ouro-e-prata-de-imigrante-serao-neste-domingo\\\/#respond\"]}]},{\"@type\":\"WebPage\",\"@id\":\"https:\\\/\\\/folhapopular.info\\\/index.php\\\/2025\\\/06\\\/28\\\/finais-das-series-ouro-e-prata-de-imigrante-serao-neste-domingo\\\/\",\"url\":\"https:\\\/\\\/folhapopular.info\\\/index.php\\\/2025\\\/06\\\/28\\\/finais-das-series-ouro-e-prata-de-imigrante-serao-neste-domingo\\\/\",\"name\":\"Finais das s\u00e9ries Ouro e Prata de Imigrante ser\u00e3o neste domingo - Folha Popular\",\"isPartOf\":{\"@id\":\"https:\\\/\\\/folhapopular.info\\\/#website\"},\"primaryImageOfPage\":{\"@id\":\"https:\\\/\\\/folhapopular.info\\\/index.php\\\/2025\\\/06\\\/28\\\/finais-das-series-ouro-e-prata-de-imigrante-serao-neste-domingo\\\/#primaryimage\"},\"image\":{\"@id\":\"https:\\\/\\\/folhapopular.info\\\/index.php\\\/2025\\\/06\\\/28\\\/finais-das-series-ouro-e-prata-de-imigrante-serao-neste-domingo\\\/#primaryimage\"},\"thumbnailUrl\":\"https:\\\/\\\/folhapopular.info\\\/wp-content\\\/uploads\\\/2025\\\/06\\\/Riograndense-e-Ecas-disputam-o-titulo-da-Serie-Ouro.jpg\",\"datePublished\":\"2025-06-28T20:50:00+00:00\",\"dateModified\":\"2025-06-28T20:50:04+00:00\",\"author\":{\"@id\":\"https:\\\/\\\/folhapopular.info\\\/#\\\/schema\\\/person\\\/e852c327371714676d02e58cf917fd9f\"},\"breadcrumb\":{\"@id\":\"https:\\\/\\\/folhapopular.info\\\/index.php\\\/2025\\\/06\\\/28\\\/finais-das-series-ouro-e-prata-de-imigrante-serao-neste-domingo\\\/#breadcrumb\"},\"inLanguage\":\"pt-BR\",\"potentialAction\":[{\"@type\":\"ReadAction\",\"target\":[\"https:\\\/\\\/folhapopular.info\\\/index.php\\\/2025\\\/06\\\/28\\\/finais-das-series-ouro-e-prata-de-imigrante-serao-neste-domingo\\\/\"]}]},{\"@type\":\"ImageObject\",\"inLanguage\":\"pt-BR\",\"@id\":\"https:\\\/\\\/folhapopular.info\\\/index.php\\\/2025\\\/06\\\/28\\\/finais-das-series-ouro-e-prata-de-imigrante-serao-neste-domingo\\\/#primaryimage\",\"url\":\"https:\\\/\\\/folhapopular.info\\\/wp-content\\\/uploads\\\/2025\\\/06\\\/Riograndense-e-Ecas-disputam-o-titulo-da-Serie-Ouro.jpg\",\"contentUrl\":\"https:\\\/\\\/folhapopular.info\\\/wp-content\\\/uploads\\\/2025\\\/06\\\/Riograndense-e-Ecas-disputam-o-titulo-da-Serie-Ouro.jpg\",\"width\":696,\"height\":464,\"caption\":\"Riograndense e Ecas disputam o t\u00edtulo da S\u00e9rie Ouro - Cr\u00e9dito: Carla Beckmann \\\/ Divulga\u00e7\u00e3o\"},{\"@type\":\"BreadcrumbList\",\"@id\":\"https:\\\/\\\/folhapopular.info\\\/index.php\\\/2025\\\/06\\\/28\\\/finais-das-series-ouro-e-prata-de-imigrante-serao-neste-domingo\\\/#breadcrumb\",\"itemListElement\":[{\"@type\":\"ListItem\",\"position\":1,\"name\":\"In\u00edcio\",\"item\":\"https:\\\/\\\/folhapopular.info\\\/\"},{\"@type\":\"ListItem\",\"position\":2,\"name\":\"Finais das s\u00e9ries Ouro e Prata de Imigrante ser\u00e3o neste domingo\"}]},{\"@type\":\"WebSite\",\"@id\":\"https:\\\/\\\/folhapopular.info\\\/#website\",\"url\":\"https:\\\/\\\/folhapopular.info\\\/\",\"name\":\"Folha Popular\",\"description\":\"Onde voc\u00ea tem vez e voz\",\"potentialAction\":[{\"@type\":\"SearchAction\",\"target\":{\"@type\":\"EntryPoint\",\"urlTemplate\":\"https:\\\/\\\/folhapopular.info\\\/?s={search_term_string}\"},\"query-input\":{\"@type\":\"PropertyValueSpecification\",\"valueRequired\":true,\"valueName\":\"search_term_string\"}}],\"inLanguage\":\"pt-BR\"},{\"@type\":\"Person\",\"@id\":\"https:\\\/\\\/folhapopular.info\\\/#\\\/schema\\\/person\\\/e852c327371714676d02e58cf917fd9f\",\"name\":\"Luis Augusto Huppes\",\"image\":{\"@type\":\"ImageObject\",\"inLanguage\":\"pt-BR\",\"@id\":\"https:\\\/\\\/folhapopular.info\\\/wp-content\\\/uploads\\\/2026\\\/04\\\/Luis-Augusto-Huppes-1-1.webp\",\"url\":\"https:\\\/\\\/folhapopular.info\\\/wp-content\\\/uploads\\\/2026\\\/04\\\/Luis-Augusto-Huppes-1-1.webp\",\"contentUrl\":\"https:\\\/\\\/folhapopular.info\\\/wp-content\\\/uploads\\\/2026\\\/04\\\/Luis-Augusto-Huppes-1-1.webp\",\"caption\":\"Luis Augusto Huppes\"},\"sameAs\":[\"https:\\\/\\\/www.facebook.com\\\/luis.huppes\\\/\",\"https:\\\/\\\/www.instagram.com\\\/luis.huppes\\\/\",\"https:\\\/\\\/www.linkedin.com\\\/in\\\/luis-augusto-huppes-2554b52b7\\\/\"],\"url\":\"https:\\\/\\\/folhapopular.info\\\/index.php\\\/author\\\/luis-augusto-huppes\\\/\"}]}<\/script>\n<!-- \/ Yoast SEO plugin. -->","yoast_head_json":{"title":"Finais das s\u00e9ries Ouro e Prata de Imigrante ser\u00e3o neste domingo - Folha Popular","robots":{"index":"index","follow":"follow","max-snippet":"max-snippet:-1","max-image-preview":"max-image-preview:large","max-video-preview":"max-video-preview:-1"},"canonical":"https:\/\/folhapopular.info\/index.php\/2025\/06\/28\/finais-das-series-ouro-e-prata-de-imigrante-serao-neste-domingo\/","og_locale":"pt_BR","og_type":"article","og_title":"Finais das s\u00e9ries Ouro e Prata de Imigrante ser\u00e3o neste domingo - Folha Popular","og_description":"As finais do Campeonato Municipal de Imigrante, enfim, v\u00e3o come\u00e7ar. Ap\u00f3s semanas de espera, os confrontos de ida das s\u00e9ries Prata e Ouro est\u00e3o marcados para este domingo (29\/6) na sede esportiva do Riograndense, em Daltro Filho. O in\u00edcio da fase final estava previsto para o dia 8 de junho, mas foi adiado devido \u00e0 [&hellip;]","og_url":"https:\/\/folhapopular.info\/index.php\/2025\/06\/28\/finais-das-series-ouro-e-prata-de-imigrante-serao-neste-domingo\/","og_site_name":"Folha Popular","article_author":"https:\/\/www.facebook.com\/luis.huppes\/","article_published_time":"2025-06-28T20:50:00+00:00","article_modified_time":"2025-06-28T20:50:04+00:00","og_image":[{"width":696,"height":464,"url":"http:\/\/folhapopular.info\/wp-content\/uploads\/2025\/06\/Riograndense-e-Ecas-disputam-o-titulo-da-Serie-Ouro.jpg","type":"image\/jpeg"}],"author":"Luis Augusto Huppes","twitter_card":"summary_large_image","twitter_misc":{"Escrito por":"Luis Augusto Huppes","Est. tempo de leitura":"3 minutos"},"schema":{"@context":"https:\/\/schema.org","@graph":[{"@type":"Article","@id":"https:\/\/folhapopular.info\/index.php\/2025\/06\/28\/finais-das-series-ouro-e-prata-de-imigrante-serao-neste-domingo\/#article","isPartOf":{"@id":"https:\/\/folhapopular.info\/index.php\/2025\/06\/28\/finais-das-series-ouro-e-prata-de-imigrante-serao-neste-domingo\/"},"author":{"name":"Luis Augusto Huppes","@id":"https:\/\/folhapopular.info\/#\/schema\/person\/e852c327371714676d02e58cf917fd9f"},"headline":"Finais das s\u00e9ries Ouro e Prata de Imigrante ser\u00e3o neste domingo","datePublished":"2025-06-28T20:50:00+00:00","dateModified":"2025-06-28T20:50:04+00:00","mainEntityOfPage":{"@id":"https:\/\/folhapopular.info\/index.php\/2025\/06\/28\/finais-das-series-ouro-e-prata-de-imigrante-serao-neste-domingo\/"},"wordCount":471,"commentCount":0,"image":{"@id":"https:\/\/folhapopular.info\/index.php\/2025\/06\/28\/finais-das-series-ouro-e-prata-de-imigrante-serao-neste-domingo\/#primaryimage"},"thumbnailUrl":"https:\/\/folhapopular.info\/wp-content\/uploads\/2025\/06\/Riograndense-e-Ecas-disputam-o-titulo-da-Serie-Ouro.jpg","keywords":["Campeonato Municipal","futebol amador","Imigrante"],"articleSection":["Esportes","Futebol Amador"],"inLanguage":"pt-BR","potentialAction":[{"@type":"CommentAction","name":"Comment","target":["https:\/\/folhapopular.info\/index.php\/2025\/06\/28\/finais-das-series-ouro-e-prata-de-imigrante-serao-neste-domingo\/#respond"]}]},{"@type":"WebPage","@id":"https:\/\/folhapopular.info\/index.php\/2025\/06\/28\/finais-das-series-ouro-e-prata-de-imigrante-serao-neste-domingo\/","url":"https:\/\/folhapopular.info\/index.php\/2025\/06\/28\/finais-das-series-ouro-e-prata-de-imigrante-serao-neste-domingo\/","name":"Finais das s\u00e9ries Ouro e Prata de Imigrante ser\u00e3o neste domingo - Folha Popular","isPartOf":{"@id":"https:\/\/folhapopular.info\/#website"},"primaryImageOfPage":{"@id":"https:\/\/folhapopular.info\/index.php\/2025\/06\/28\/finais-das-series-ouro-e-prata-de-imigrante-serao-neste-domingo\/#primaryimage"},"image":{"@id":"https:\/\/folhapopular.info\/index.php\/2025\/06\/28\/finais-das-series-ouro-e-prata-de-imigrante-serao-neste-domingo\/#primaryimage"},"thumbnailUrl":"https:\/\/folhapopular.info\/wp-content\/uploads\/2025\/06\/Riograndense-e-Ecas-disputam-o-titulo-da-Serie-Ouro.jpg","datePublished":"2025-06-28T20:50:00+00:00","dateModified":"2025-06-28T20:50:04+00:00","author":{"@id":"https:\/\/folhapopular.info\/#\/schema\/person\/e852c327371714676d02e58cf917fd9f"},"breadcrumb":{"@id":"https:\/\/folhapopular.info\/index.php\/2025\/06\/28\/finais-das-series-ouro-e-prata-de-imigrante-serao-neste-domingo\/#breadcrumb"},"inLanguage":"pt-BR","potentialAction":[{"@type":"ReadAction","target":["https:\/\/folhapopular.info\/index.php\/2025\/06\/28\/finais-das-series-ouro-e-prata-de-imigrante-serao-neste-domingo\/"]}]},{"@type":"ImageObject","inLanguage":"pt-BR","@id":"https:\/\/folhapopular.info\/index.php\/2025\/06\/28\/finais-das-series-ouro-e-prata-de-imigrante-serao-neste-domingo\/#primaryimage","url":"https:\/\/folhapopular.info\/wp-content\/uploads\/2025\/06\/Riograndense-e-Ecas-disputam-o-titulo-da-Serie-Ouro.jpg","contentUrl":"https:\/\/folhapopular.info\/wp-content\/uploads\/2025\/06\/Riograndense-e-Ecas-disputam-o-titulo-da-Serie-Ouro.jpg","width":696,"height":464,"caption":"Riograndense e Ecas disputam o t\u00edtulo da S\u00e9rie Ouro - Cr\u00e9dito: Carla Beckmann \/ Divulga\u00e7\u00e3o"},{"@type":"BreadcrumbList","@id":"https:\/\/folhapopular.info\/index.php\/2025\/06\/28\/finais-das-series-ouro-e-prata-de-imigrante-serao-neste-domingo\/#breadcrumb","itemListElement":[{"@type":"ListItem","position":1,"name":"In\u00edcio","item":"https:\/\/folhapopular.info\/"},{"@type":"ListItem","position":2,"name":"Finais das s\u00e9ries Ouro e Prata de Imigrante ser\u00e3o neste domingo"}]},{"@type":"WebSite","@id":"https:\/\/folhapopular.info\/#website","url":"https:\/\/folhapopular.info\/","name":"Folha Popular","description":"Onde voc\u00ea tem vez e voz","potentialAction":[{"@type":"SearchAction","target":{"@type":"EntryPoint","urlTemplate":"https:\/\/folhapopular.info\/?s={search_term_string}"},"query-input":{"@type":"PropertyValueSpecification","valueRequired":true,"valueName":"search_term_string"}}],"inLanguage":"pt-BR"},{"@type":"Person","@id":"https:\/\/folhapopular.info\/#\/schema\/person\/e852c327371714676d02e58cf917fd9f","name":"Luis Augusto Huppes","image":{"@type":"ImageObject","inLanguage":"pt-BR","@id":"https:\/\/folhapopular.info\/wp-content\/uploads\/2026\/04\/Luis-Augusto-Huppes-1-1.webp","url":"https:\/\/folhapopular.info\/wp-content\/uploads\/2026\/04\/Luis-Augusto-Huppes-1-1.webp","contentUrl":"https:\/\/folhapopular.info\/wp-content\/uploads\/2026\/04\/Luis-Augusto-Huppes-1-1.webp","caption":"Luis Augusto Huppes"},"sameAs":["https:\/\/www.facebook.com\/luis.huppes\/","https:\/\/www.instagram.com\/luis.huppes\/","https:\/\/www.linkedin.com\/in\/luis-augusto-huppes-2554b52b7\/"],"url":"https:\/\/folhapopular.info\/index.php\/author\/luis-augusto-huppes\/"}]}},"jetpack_featured_media_url":"https:\/\/folhapopular.info\/wp-content\/uploads\/2025\/06\/Riograndense-e-Ecas-disputam-o-titulo-da-Serie-Ouro.jpg","jetpack_sharing_enabled":true,"amp_enabled":true,"_links":{"self":[{"href":"https:\/\/folhapopular.info\/index.php\/wp-json\/wp\/v2\/posts\/189305","targetHints":{"allow":["GET"]}}],"collection":[{"href":"https:\/\/folhapopular.info\/index.php\/wp-json\/wp\/v2\/posts"}],"about":[{"href":"https:\/\/folhapopular.info\/index.php\/wp-json\/wp\/v2\/types\/post"}],"author":[{"embeddable":true,"href":"https:\/\/folhapopular.info\/index.php\/wp-json\/wp\/v2\/users\/732"}],"replies":[{"embeddable":true,"href":"https:\/\/folhapopular.info\/index.php\/wp-json\/wp\/v2\/comments?post=189305"}],"version-history":[{"count":0,"href":"https:\/\/folhapopular.info\/index.php\/wp-json\/wp\/v2\/posts\/189305\/revisions"}],"wp:featuredmedia":[{"embeddable":true,"href":"https:\/\/folhapopular.info\/index.php\/wp-json\/wp\/v2\/media\/189306"}],"wp:attachment":[{"href":"https:\/\/folhapopular.info\/index.php\/wp-json\/wp\/v2\/media?parent=189305"}],"wp:term":[{"taxonomy":"category","embeddable":true,"href":"https:\/\/folhapopular.info\/index.php\/wp-json\/wp\/v2\/categories?post=189305"},{"taxonomy":"post_tag","embeddable":true,"href":"https:\/\/folhapopular.info\/index.php\/wp-json\/wp\/v2\/tags?post=189305"}],"curies":[{"name":"wp","href":"https:\/\/api.w.org\/{rel}","templated":true}]}}