{"id":189321,"date":"2025-06-29T10:56:00","date_gmt":"2025-06-29T13:56:00","guid":{"rendered":"https:\/\/folhapopular.info\/?p=189321"},"modified":"2025-06-29T12:06:06","modified_gmt":"2025-06-29T15:06:06","slug":"teutonia-abrira-subcapatazia-em-linha-clara","status":"publish","type":"post","link":"https:\/\/folhapopular.info\/index.php\/2025\/06\/29\/teutonia-abrira-subcapatazia-em-linha-clara\/","title":{"rendered":"Teut\u00f4nia abrir\u00e1 subcapatazia em Linha Clara"},"content":{"rendered":"\n<p>O Executivo de Teut\u00f4nia firmou contrato com a Associa\u00e7\u00e3o Cultural e Recreativa Linha Clara para loca\u00e7\u00e3o de espa\u00e7o para estacionamento de m\u00e1quinas pesadas e demais finalidades operacionais. A assinatura ocorreu na sexta-feira (27\/6).<\/p>\n\n\n\n<p>O local funcionar\u00e1 como subcapatazia, com objetivo de otimizar a log\u00edstica e o atendimento \u00e0s demandas da regi\u00e3o, o que agilizar\u00e1 a presta\u00e7\u00e3o de servi\u00e7os no interior e resultar\u00e1 em economia de tempo e recursos, ao evitar o deslocamento di\u00e1rio dos maquin\u00e1rios ao Centro Administrativo.<\/p>\n\n\n\n<p>O secret\u00e1rio de Obras, Ariberto Magedanz, explica que este acerto facilitar\u00e1 o trabalho das equipes. &#8220;Inicialmente, o espa\u00e7o ser\u00e1 usado como ponto de apoio para a secretaria, mas h\u00e1 proje\u00e7\u00e3o futura de atendimento aos mun\u00edcipes no local, facilitando o acesso\u201d, explica.<\/p>\n\n\n\n<p>O contrato tamb\u00e9m prev\u00ea a loca\u00e7\u00e3o de gin\u00e1sio para ser usado pela Emef Dom Pedro I para realiza\u00e7\u00e3o de pr\u00e1ticas esportivas, eventos e atividades pedag\u00f3gicas e culturais.<\/p>\n","protected":false},"excerpt":{"rendered":"<p>O Executivo de Teut\u00f4nia firmou contrato com a Associa\u00e7\u00e3o Cultural e Recreativa Linha Clara para loca\u00e7\u00e3o de espa\u00e7o para estacionamento de m\u00e1quinas pesadas e demais finalidades operacionais. A assinatura ocorreu na sexta-feira (27\/6). O local funcionar\u00e1 como subcapatazia, com objetivo de otimizar a log\u00edstica e o atendimento \u00e0s demandas da regi\u00e3o, o que agilizar\u00e1 a [&hellip;]<\/p>\n","protected":false},"author":8,"featured_media":189325,"comment_status":"open","ping_status":"open","sticky":false,"template":"","format":"standard","meta":{"pmpro_default_level":"","_jetpack_memberships_contains_paid_content":false,"footnotes":""},"categories":[2,3,11091],"tags":[441,8754,1855,2604,18904,26],"class_list":{"0":"post-189321","1":"post","2":"type-post","3":"status-publish","4":"format-standard","5":"has-post-thumbnail","7":"category-featured","8":"category-geral","9":"category-servicos","10":"tag-linha-clara","11":"tag-maquinas","12":"tag-prefeitura","13":"tag-secretaria-de-obras","14":"tag-subcapatazia","15":"tag-teutonia","16":"pmpro-has-access"},"yoast_head":"<!-- This site is optimized with the Yoast SEO plugin v27.5 - https:\/\/yoast.com\/product\/yoast-seo-wordpress\/ -->\n<title>Teut\u00f4nia abrir\u00e1 subcapatazia em Linha Clara - Folha Popular<\/title>\n<meta name=\"robots\" content=\"index, follow, max-snippet:-1, max-image-preview:large, max-video-preview:-1\" \/>\n<link rel=\"canonical\" href=\"https:\/\/folhapopular.info\/index.php\/2025\/06\/29\/teutonia-abrira-subcapatazia-em-linha-clara\/\" \/>\n<meta property=\"og:locale\" content=\"pt_BR\" \/>\n<meta property=\"og:type\" content=\"article\" \/>\n<meta property=\"og:title\" content=\"Teut\u00f4nia abrir\u00e1 subcapatazia em Linha Clara - Folha Popular\" \/>\n<meta property=\"og:description\" content=\"O Executivo de Teut\u00f4nia firmou contrato com a Associa\u00e7\u00e3o Cultural e Recreativa Linha Clara para loca\u00e7\u00e3o de espa\u00e7o para estacionamento de m\u00e1quinas pesadas e demais finalidades operacionais. A assinatura ocorreu na sexta-feira (27\/6). O local funcionar\u00e1 como subcapatazia, com objetivo de otimizar a log\u00edstica e o atendimento \u00e0s demandas da regi\u00e3o, o que agilizar\u00e1 a [&hellip;]\" \/>\n<meta property=\"og:url\" content=\"https:\/\/folhapopular.info\/index.php\/2025\/06\/29\/teutonia-abrira-subcapatazia-em-linha-clara\/\" \/>\n<meta property=\"og:site_name\" content=\"Folha Popular\" \/>\n<meta property=\"article:published_time\" content=\"2025-06-29T13:56:00+00:00\" \/>\n<meta property=\"article:modified_time\" content=\"2025-06-29T15:06:06+00:00\" \/>\n<meta property=\"og:image\" content=\"http:\/\/folhapopular.info\/wp-content\/uploads\/2025\/06\/WhatsApp-Image-2025-06-28-at-09.13.25-scaled.jpeg\" \/>\n\t<meta property=\"og:image:width\" content=\"2560\" \/>\n\t<meta property=\"og:image:height\" content=\"1920\" \/>\n\t<meta property=\"og:image:type\" content=\"image\/jpeg\" \/>\n<meta name=\"author\" content=\"Reda\u00e7\u00e3o Folha Popular\" \/>\n<meta name=\"twitter:card\" content=\"summary_large_image\" \/>\n<meta name=\"twitter:label1\" content=\"Escrito por\" \/>\n\t<meta name=\"twitter:data1\" content=\"Reda\u00e7\u00e3o Folha Popular\" \/>\n\t<meta name=\"twitter:label2\" content=\"Est. tempo de leitura\" \/>\n\t<meta name=\"twitter:data2\" content=\"2 minutos\" \/>\n<script type=\"application\/ld+json\" class=\"yoast-schema-graph\">{\"@context\":\"https:\\\/\\\/schema.org\",\"@graph\":[{\"@type\":\"Article\",\"@id\":\"https:\\\/\\\/folhapopular.info\\\/index.php\\\/2025\\\/06\\\/29\\\/teutonia-abrira-subcapatazia-em-linha-clara\\\/#article\",\"isPartOf\":{\"@id\":\"https:\\\/\\\/folhapopular.info\\\/index.php\\\/2025\\\/06\\\/29\\\/teutonia-abrira-subcapatazia-em-linha-clara\\\/\"},\"author\":{\"name\":\"Reda\u00e7\u00e3o Folha Popular\",\"@id\":\"https:\\\/\\\/folhapopular.info\\\/#\\\/schema\\\/person\\\/2814e8a0df7643585a9ca38bc6eb9d4b\"},\"headline\":\"Teut\u00f4nia abrir\u00e1 subcapatazia em Linha Clara\",\"datePublished\":\"2025-06-29T13:56:00+00:00\",\"dateModified\":\"2025-06-29T15:06:06+00:00\",\"mainEntityOfPage\":{\"@id\":\"https:\\\/\\\/folhapopular.info\\\/index.php\\\/2025\\\/06\\\/29\\\/teutonia-abrira-subcapatazia-em-linha-clara\\\/\"},\"wordCount\":173,\"commentCount\":0,\"image\":{\"@id\":\"https:\\\/\\\/folhapopular.info\\\/index.php\\\/2025\\\/06\\\/29\\\/teutonia-abrira-subcapatazia-em-linha-clara\\\/#primaryimage\"},\"thumbnailUrl\":\"https:\\\/\\\/folhapopular.info\\\/wp-content\\\/uploads\\\/2025\\\/06\\\/WhatsApp-Image-2025-06-28-at-09.13.25-scaled.jpeg\",\"keywords\":[\"Linha Clara\",\"M\u00e1quinas\",\"Prefeitura\",\"Secretaria de Obras\",\"Subcapatazia\",\"Teut\u00f4nia\"],\"articleSection\":[\"Destaques\",\"Geral\",\"Servi\u00e7os\"],\"inLanguage\":\"pt-BR\",\"potentialAction\":[{\"@type\":\"CommentAction\",\"name\":\"Comment\",\"target\":[\"https:\\\/\\\/folhapopular.info\\\/index.php\\\/2025\\\/06\\\/29\\\/teutonia-abrira-subcapatazia-em-linha-clara\\\/#respond\"]}]},{\"@type\":\"WebPage\",\"@id\":\"https:\\\/\\\/folhapopular.info\\\/index.php\\\/2025\\\/06\\\/29\\\/teutonia-abrira-subcapatazia-em-linha-clara\\\/\",\"url\":\"https:\\\/\\\/folhapopular.info\\\/index.php\\\/2025\\\/06\\\/29\\\/teutonia-abrira-subcapatazia-em-linha-clara\\\/\",\"name\":\"Teut\u00f4nia abrir\u00e1 subcapatazia em Linha Clara - Folha Popular\",\"isPartOf\":{\"@id\":\"https:\\\/\\\/folhapopular.info\\\/#website\"},\"primaryImageOfPage\":{\"@id\":\"https:\\\/\\\/folhapopular.info\\\/index.php\\\/2025\\\/06\\\/29\\\/teutonia-abrira-subcapatazia-em-linha-clara\\\/#primaryimage\"},\"image\":{\"@id\":\"https:\\\/\\\/folhapopular.info\\\/index.php\\\/2025\\\/06\\\/29\\\/teutonia-abrira-subcapatazia-em-linha-clara\\\/#primaryimage\"},\"thumbnailUrl\":\"https:\\\/\\\/folhapopular.info\\\/wp-content\\\/uploads\\\/2025\\\/06\\\/WhatsApp-Image-2025-06-28-at-09.13.25-scaled.jpeg\",\"datePublished\":\"2025-06-29T13:56:00+00:00\",\"dateModified\":\"2025-06-29T15:06:06+00:00\",\"author\":{\"@id\":\"https:\\\/\\\/folhapopular.info\\\/#\\\/schema\\\/person\\\/2814e8a0df7643585a9ca38bc6eb9d4b\"},\"breadcrumb\":{\"@id\":\"https:\\\/\\\/folhapopular.info\\\/index.php\\\/2025\\\/06\\\/29\\\/teutonia-abrira-subcapatazia-em-linha-clara\\\/#breadcrumb\"},\"inLanguage\":\"pt-BR\",\"potentialAction\":[{\"@type\":\"ReadAction\",\"target\":[\"https:\\\/\\\/folhapopular.info\\\/index.php\\\/2025\\\/06\\\/29\\\/teutonia-abrira-subcapatazia-em-linha-clara\\\/\"]}]},{\"@type\":\"ImageObject\",\"inLanguage\":\"pt-BR\",\"@id\":\"https:\\\/\\\/folhapopular.info\\\/index.php\\\/2025\\\/06\\\/29\\\/teutonia-abrira-subcapatazia-em-linha-clara\\\/#primaryimage\",\"url\":\"https:\\\/\\\/folhapopular.info\\\/wp-content\\\/uploads\\\/2025\\\/06\\\/WhatsApp-Image-2025-06-28-at-09.13.25-scaled.jpeg\",\"contentUrl\":\"https:\\\/\\\/folhapopular.info\\\/wp-content\\\/uploads\\\/2025\\\/06\\\/WhatsApp-Image-2025-06-28-at-09.13.25-scaled.jpeg\",\"width\":2560,\"height\":1920,\"caption\":\"Assinatura ocorreu na Sociedade de Linha Clara. Cr\u00e9dito: AI Prefeitura de Teut\u00f4nia \\\/ Divulga\u00e7\u00e3o\"},{\"@type\":\"BreadcrumbList\",\"@id\":\"https:\\\/\\\/folhapopular.info\\\/index.php\\\/2025\\\/06\\\/29\\\/teutonia-abrira-subcapatazia-em-linha-clara\\\/#breadcrumb\",\"itemListElement\":[{\"@type\":\"ListItem\",\"position\":1,\"name\":\"In\u00edcio\",\"item\":\"https:\\\/\\\/folhapopular.info\\\/\"},{\"@type\":\"ListItem\",\"position\":2,\"name\":\"Teut\u00f4nia abrir\u00e1 subcapatazia em Linha Clara\"}]},{\"@type\":\"WebSite\",\"@id\":\"https:\\\/\\\/folhapopular.info\\\/#website\",\"url\":\"https:\\\/\\\/folhapopular.info\\\/\",\"name\":\"Folha Popular\",\"description\":\"Onde voc\u00ea tem vez e voz\",\"potentialAction\":[{\"@type\":\"SearchAction\",\"target\":{\"@type\":\"EntryPoint\",\"urlTemplate\":\"https:\\\/\\\/folhapopular.info\\\/?s={search_term_string}\"},\"query-input\":{\"@type\":\"PropertyValueSpecification\",\"valueRequired\":true,\"valueName\":\"search_term_string\"}}],\"inLanguage\":\"pt-BR\"},{\"@type\":\"Person\",\"@id\":\"https:\\\/\\\/folhapopular.info\\\/#\\\/schema\\\/person\\\/2814e8a0df7643585a9ca38bc6eb9d4b\",\"name\":\"Reda\u00e7\u00e3o Folha Popular\",\"image\":{\"@type\":\"ImageObject\",\"inLanguage\":\"pt-BR\",\"@id\":\"https:\\\/\\\/folhapopular.info\\\/wp-content\\\/uploads\\\/2026\\\/04\\\/Folha-1.webp\",\"url\":\"https:\\\/\\\/folhapopular.info\\\/wp-content\\\/uploads\\\/2026\\\/04\\\/Folha-1.webp\",\"contentUrl\":\"https:\\\/\\\/folhapopular.info\\\/wp-content\\\/uploads\\\/2026\\\/04\\\/Folha-1.webp\",\"caption\":\"Reda\u00e7\u00e3o Folha Popular\"},\"url\":\"https:\\\/\\\/folhapopular.info\\\/index.php\\\/author\\\/redacao\\\/\"}]}<\/script>\n<!-- \/ Yoast SEO plugin. -->","yoast_head_json":{"title":"Teut\u00f4nia abrir\u00e1 subcapatazia em Linha Clara - Folha Popular","robots":{"index":"index","follow":"follow","max-snippet":"max-snippet:-1","max-image-preview":"max-image-preview:large","max-video-preview":"max-video-preview:-1"},"canonical":"https:\/\/folhapopular.info\/index.php\/2025\/06\/29\/teutonia-abrira-subcapatazia-em-linha-clara\/","og_locale":"pt_BR","og_type":"article","og_title":"Teut\u00f4nia abrir\u00e1 subcapatazia em Linha Clara - Folha Popular","og_description":"O Executivo de Teut\u00f4nia firmou contrato com a Associa\u00e7\u00e3o Cultural e Recreativa Linha Clara para loca\u00e7\u00e3o de espa\u00e7o para estacionamento de m\u00e1quinas pesadas e demais finalidades operacionais. A assinatura ocorreu na sexta-feira (27\/6). O local funcionar\u00e1 como subcapatazia, com objetivo de otimizar a log\u00edstica e o atendimento \u00e0s demandas da regi\u00e3o, o que agilizar\u00e1 a [&hellip;]","og_url":"https:\/\/folhapopular.info\/index.php\/2025\/06\/29\/teutonia-abrira-subcapatazia-em-linha-clara\/","og_site_name":"Folha Popular","article_published_time":"2025-06-29T13:56:00+00:00","article_modified_time":"2025-06-29T15:06:06+00:00","og_image":[{"width":2560,"height":1920,"url":"http:\/\/folhapopular.info\/wp-content\/uploads\/2025\/06\/WhatsApp-Image-2025-06-28-at-09.13.25-scaled.jpeg","type":"image\/jpeg"}],"author":"Reda\u00e7\u00e3o Folha Popular","twitter_card":"summary_large_image","twitter_misc":{"Escrito por":"Reda\u00e7\u00e3o Folha Popular","Est. tempo de leitura":"2 minutos"},"schema":{"@context":"https:\/\/schema.org","@graph":[{"@type":"Article","@id":"https:\/\/folhapopular.info\/index.php\/2025\/06\/29\/teutonia-abrira-subcapatazia-em-linha-clara\/#article","isPartOf":{"@id":"https:\/\/folhapopular.info\/index.php\/2025\/06\/29\/teutonia-abrira-subcapatazia-em-linha-clara\/"},"author":{"name":"Reda\u00e7\u00e3o Folha Popular","@id":"https:\/\/folhapopular.info\/#\/schema\/person\/2814e8a0df7643585a9ca38bc6eb9d4b"},"headline":"Teut\u00f4nia abrir\u00e1 subcapatazia em Linha Clara","datePublished":"2025-06-29T13:56:00+00:00","dateModified":"2025-06-29T15:06:06+00:00","mainEntityOfPage":{"@id":"https:\/\/folhapopular.info\/index.php\/2025\/06\/29\/teutonia-abrira-subcapatazia-em-linha-clara\/"},"wordCount":173,"commentCount":0,"image":{"@id":"https:\/\/folhapopular.info\/index.php\/2025\/06\/29\/teutonia-abrira-subcapatazia-em-linha-clara\/#primaryimage"},"thumbnailUrl":"https:\/\/folhapopular.info\/wp-content\/uploads\/2025\/06\/WhatsApp-Image-2025-06-28-at-09.13.25-scaled.jpeg","keywords":["Linha Clara","M\u00e1quinas","Prefeitura","Secretaria de Obras","Subcapatazia","Teut\u00f4nia"],"articleSection":["Destaques","Geral","Servi\u00e7os"],"inLanguage":"pt-BR","potentialAction":[{"@type":"CommentAction","name":"Comment","target":["https:\/\/folhapopular.info\/index.php\/2025\/06\/29\/teutonia-abrira-subcapatazia-em-linha-clara\/#respond"]}]},{"@type":"WebPage","@id":"https:\/\/folhapopular.info\/index.php\/2025\/06\/29\/teutonia-abrira-subcapatazia-em-linha-clara\/","url":"https:\/\/folhapopular.info\/index.php\/2025\/06\/29\/teutonia-abrira-subcapatazia-em-linha-clara\/","name":"Teut\u00f4nia abrir\u00e1 subcapatazia em Linha Clara - Folha Popular","isPartOf":{"@id":"https:\/\/folhapopular.info\/#website"},"primaryImageOfPage":{"@id":"https:\/\/folhapopular.info\/index.php\/2025\/06\/29\/teutonia-abrira-subcapatazia-em-linha-clara\/#primaryimage"},"image":{"@id":"https:\/\/folhapopular.info\/index.php\/2025\/06\/29\/teutonia-abrira-subcapatazia-em-linha-clara\/#primaryimage"},"thumbnailUrl":"https:\/\/folhapopular.info\/wp-content\/uploads\/2025\/06\/WhatsApp-Image-2025-06-28-at-09.13.25-scaled.jpeg","datePublished":"2025-06-29T13:56:00+00:00","dateModified":"2025-06-29T15:06:06+00:00","author":{"@id":"https:\/\/folhapopular.info\/#\/schema\/person\/2814e8a0df7643585a9ca38bc6eb9d4b"},"breadcrumb":{"@id":"https:\/\/folhapopular.info\/index.php\/2025\/06\/29\/teutonia-abrira-subcapatazia-em-linha-clara\/#breadcrumb"},"inLanguage":"pt-BR","potentialAction":[{"@type":"ReadAction","target":["https:\/\/folhapopular.info\/index.php\/2025\/06\/29\/teutonia-abrira-subcapatazia-em-linha-clara\/"]}]},{"@type":"ImageObject","inLanguage":"pt-BR","@id":"https:\/\/folhapopular.info\/index.php\/2025\/06\/29\/teutonia-abrira-subcapatazia-em-linha-clara\/#primaryimage","url":"https:\/\/folhapopular.info\/wp-content\/uploads\/2025\/06\/WhatsApp-Image-2025-06-28-at-09.13.25-scaled.jpeg","contentUrl":"https:\/\/folhapopular.info\/wp-content\/uploads\/2025\/06\/WhatsApp-Image-2025-06-28-at-09.13.25-scaled.jpeg","width":2560,"height":1920,"caption":"Assinatura ocorreu na Sociedade de Linha Clara. Cr\u00e9dito: AI Prefeitura de Teut\u00f4nia \/ Divulga\u00e7\u00e3o"},{"@type":"BreadcrumbList","@id":"https:\/\/folhapopular.info\/index.php\/2025\/06\/29\/teutonia-abrira-subcapatazia-em-linha-clara\/#breadcrumb","itemListElement":[{"@type":"ListItem","position":1,"name":"In\u00edcio","item":"https:\/\/folhapopular.info\/"},{"@type":"ListItem","position":2,"name":"Teut\u00f4nia abrir\u00e1 subcapatazia em Linha Clara"}]},{"@type":"WebSite","@id":"https:\/\/folhapopular.info\/#website","url":"https:\/\/folhapopular.info\/","name":"Folha Popular","description":"Onde voc\u00ea tem vez e voz","potentialAction":[{"@type":"SearchAction","target":{"@type":"EntryPoint","urlTemplate":"https:\/\/folhapopular.info\/?s={search_term_string}"},"query-input":{"@type":"PropertyValueSpecification","valueRequired":true,"valueName":"search_term_string"}}],"inLanguage":"pt-BR"},{"@type":"Person","@id":"https:\/\/folhapopular.info\/#\/schema\/person\/2814e8a0df7643585a9ca38bc6eb9d4b","name":"Reda\u00e7\u00e3o Folha Popular","image":{"@type":"ImageObject","inLanguage":"pt-BR","@id":"https:\/\/folhapopular.info\/wp-content\/uploads\/2026\/04\/Folha-1.webp","url":"https:\/\/folhapopular.info\/wp-content\/uploads\/2026\/04\/Folha-1.webp","contentUrl":"https:\/\/folhapopular.info\/wp-content\/uploads\/2026\/04\/Folha-1.webp","caption":"Reda\u00e7\u00e3o Folha Popular"},"url":"https:\/\/folhapopular.info\/index.php\/author\/redacao\/"}]}},"jetpack_featured_media_url":"https:\/\/folhapopular.info\/wp-content\/uploads\/2025\/06\/WhatsApp-Image-2025-06-28-at-09.13.25-scaled.jpeg","jetpack_sharing_enabled":true,"amp_enabled":true,"_links":{"self":[{"href":"https:\/\/folhapopular.info\/index.php\/wp-json\/wp\/v2\/posts\/189321","targetHints":{"allow":["GET"]}}],"collection":[{"href":"https:\/\/folhapopular.info\/index.php\/wp-json\/wp\/v2\/posts"}],"about":[{"href":"https:\/\/folhapopular.info\/index.php\/wp-json\/wp\/v2\/types\/post"}],"author":[{"embeddable":true,"href":"https:\/\/folhapopular.info\/index.php\/wp-json\/wp\/v2\/users\/8"}],"replies":[{"embeddable":true,"href":"https:\/\/folhapopular.info\/index.php\/wp-json\/wp\/v2\/comments?post=189321"}],"version-history":[{"count":0,"href":"https:\/\/folhapopular.info\/index.php\/wp-json\/wp\/v2\/posts\/189321\/revisions"}],"wp:featuredmedia":[{"embeddable":true,"href":"https:\/\/folhapopular.info\/index.php\/wp-json\/wp\/v2\/media\/189325"}],"wp:attachment":[{"href":"https:\/\/folhapopular.info\/index.php\/wp-json\/wp\/v2\/media?parent=189321"}],"wp:term":[{"taxonomy":"category","embeddable":true,"href":"https:\/\/folhapopular.info\/index.php\/wp-json\/wp\/v2\/categories?post=189321"},{"taxonomy":"post_tag","embeddable":true,"href":"https:\/\/folhapopular.info\/index.php\/wp-json\/wp\/v2\/tags?post=189321"}],"curies":[{"name":"wp","href":"https:\/\/api.w.org\/{rel}","templated":true}]}}