{"id":189414,"date":"2025-07-01T11:15:46","date_gmt":"2025-07-01T14:15:46","guid":{"rendered":"https:\/\/folhapopular.info\/?p=189414"},"modified":"2025-07-01T17:14:39","modified_gmt":"2025-07-01T20:14:39","slug":"alaf-vive-instabilidade-dentro-e-fora-das-quadras","status":"publish","type":"post","link":"https:\/\/folhapopular.info\/index.php\/2025\/07\/01\/alaf-vive-instabilidade-dentro-e-fora-das-quadras\/","title":{"rendered":"Alaf vive instabilidade dentro e fora das quadras"},"content":{"rendered":"\n<p>A Alaf enfrenta momento delicado dentro e fora das quadras. Ap\u00f3s quatro derrotas consecutivas na S\u00e9rie B do Campeonato Ga\u00facho de Futsal, a equipe amarga a lanterna do Grupo A, com nenhum ponto somado, apenas quatro gols marcados e 18 sofridos &#8211; o pior saldo entre os participantes.<\/p>\n\n\n\n<p>O momento ruim se intensificou ap\u00f3s a derrota em casa para o Fontoura Xavier Futsal (FXF), por 3 a 1, no s\u00e1bado (21\/6). O resultado ampliou o jejum de vit\u00f3rias e aumentou a press\u00e3o interna. Na ocasi\u00e3o, mesmo com refor\u00e7os recentes como o piv\u00f4 Hendrius, 34 (com passagem por ligas internacionais) e o jovem goleiro teutoniense Lucas Schmitz, 22, a equipe apresentou dificuldades defensivas e pouco poder de cria\u00e7\u00e3o no ataque. O time s\u00f3 reagiu na segunda etapa, quando marcou de p\u00eanalti com G\u00e3o, mas sofreu o terceiro gol no fim.<\/p>\n\n\n\n<p>A sequ\u00eancia de resultados negativos culminou na sa\u00edda do t\u00e9cnico Fernando Castoldi, oficializada na quarta-feira (25\/6). Segundo comunicado do clube, a decis\u00e3o partiu do pr\u00f3prio treinador, que alegou motivos pessoais. Castoldi havia assumido no in\u00edcio da temporada e comandou a equipe em 27 partidas oficiais, com seis vit\u00f3rias, cinco empates e 16 derrotas &#8211; um aproveitamento de apenas 28,39%. Sob seu comando, a Alaf marcou 62 gols e sofreu 88.<\/p>\n\n\n\n<p>Inicialmente, a equipe ficou sob o comando interino do auxiliar t\u00e9cnico Gilnei Jung, o Nei, que j\u00e1 havia substitu\u00eddo um treinador em situa\u00e7\u00e3o semelhante em 2022. Nei comandou os treinos da semana e estaria \u00e0 frente da equipe no duelo contra a Asaf, marcado para s\u00e1bado (28\/6), em Campos Borges. No entanto, devido \u00e0s condi\u00e7\u00f5es clim\u00e1ticas e \u00e0 umidade da quadra, a partida foi adiada para o dia 2 de agosto, em comum acordo entre os clubes.<\/p>\n\n\n\n<p>A reviravolta no comando t\u00e9cnico veio nesta ter\u00e7a-feira (1\u00ba\/7), com o an\u00fancio oficial do retorno de Edmilson Martins Corr\u00eaa, o Bella, como novo treinador da equipe principal. A comiss\u00e3o permanente ser\u00e1 formada pelos auxiliares Nei Jung, Gabi Dalmoro e Gustavo Severo, iniciando uma nova metodologia de trabalho na Alaf. Bella estava \u00e0 frente do Sub-17 ao lado de Douglas Olbermann, que agora assume o time da base na disputa do Gauch\u00e3o da categoria.<\/p>\n\n\n\n<p>Nos bastidores, o clube tamb\u00e9m trabalha para recompor o elenco. A reformula\u00e7\u00e3o em andamento resultou na sa\u00edda de pe\u00e7as importantes, como Barcelar, Matheus Bruxel e Alex. Pelo menos dois refor\u00e7os est\u00e3o em negocia\u00e7\u00e3o para fortalecer o grupo nas pr\u00f3ximas rodadas e tentar iniciar uma rea\u00e7\u00e3o na competi\u00e7\u00e3o.<\/p>\n","protected":false},"excerpt":{"rendered":"<p>A Alaf enfrenta momento delicado dentro e fora das quadras. Ap\u00f3s quatro derrotas consecutivas na S\u00e9rie B do Campeonato Ga\u00facho de Futsal, a equipe amarga a lanterna do Grupo A, com nenhum ponto somado, apenas quatro gols marcados e 18 sofridos &#8211; o pior saldo entre os participantes. O momento ruim se intensificou ap\u00f3s a [&hellip;]<\/p>\n","protected":false},"author":732,"featured_media":189429,"comment_status":"open","ping_status":"open","sticky":false,"template":"","format":"standard","meta":{"pmpro_default_level":"","_jetpack_memberships_contains_paid_content":false,"footnotes":""},"categories":[5,530],"tags":[197,18917,31,12605,27,4882],"class_list":{"0":"post-189414","1":"post","2":"type-post","3":"status-publish","4":"format-standard","5":"has-post-thumbnail","7":"category-esportes","8":"category-futsal","9":"tag-alaf","10":"tag-campeonato-gaucho-de-futsal","11":"tag-futsal","12":"tag-instabilidade","13":"tag-lajeado","14":"tag-serie-b","15":"pmpro-has-access"},"yoast_head":"<!-- This site is optimized with the Yoast SEO plugin v27.5 - https:\/\/yoast.com\/product\/yoast-seo-wordpress\/ -->\n<title>Alaf vive instabilidade dentro e fora das quadras - Folha Popular<\/title>\n<meta name=\"robots\" content=\"index, follow, max-snippet:-1, max-image-preview:large, max-video-preview:-1\" \/>\n<link rel=\"canonical\" href=\"https:\/\/folhapopular.info\/index.php\/2025\/07\/01\/alaf-vive-instabilidade-dentro-e-fora-das-quadras\/\" \/>\n<meta property=\"og:locale\" content=\"pt_BR\" \/>\n<meta property=\"og:type\" content=\"article\" \/>\n<meta property=\"og:title\" content=\"Alaf vive instabilidade dentro e fora das quadras - Folha Popular\" \/>\n<meta property=\"og:description\" content=\"A Alaf enfrenta momento delicado dentro e fora das quadras. Ap\u00f3s quatro derrotas consecutivas na S\u00e9rie B do Campeonato Ga\u00facho de Futsal, a equipe amarga a lanterna do Grupo A, com nenhum ponto somado, apenas quatro gols marcados e 18 sofridos &#8211; o pior saldo entre os participantes. O momento ruim se intensificou ap\u00f3s a [&hellip;]\" \/>\n<meta property=\"og:url\" content=\"https:\/\/folhapopular.info\/index.php\/2025\/07\/01\/alaf-vive-instabilidade-dentro-e-fora-das-quadras\/\" \/>\n<meta property=\"og:site_name\" content=\"Folha Popular\" \/>\n<meta property=\"article:author\" content=\"https:\/\/www.facebook.com\/luis.huppes\/\" \/>\n<meta property=\"article:published_time\" content=\"2025-07-01T14:15:46+00:00\" \/>\n<meta property=\"article:modified_time\" content=\"2025-07-01T20:14:39+00:00\" \/>\n<meta property=\"og:image\" content=\"http:\/\/folhapopular.info\/wp-content\/uploads\/2025\/07\/Reformulacao-afeta-varios-setores-da-Alaf.jpg\" \/>\n\t<meta property=\"og:image:width\" content=\"1440\" \/>\n\t<meta property=\"og:image:height\" content=\"1800\" \/>\n\t<meta property=\"og:image:type\" content=\"image\/jpeg\" \/>\n<meta name=\"author\" content=\"Luis Augusto Huppes\" \/>\n<meta name=\"twitter:card\" content=\"summary_large_image\" \/>\n<meta name=\"twitter:label1\" content=\"Escrito por\" \/>\n\t<meta name=\"twitter:data1\" content=\"Luis Augusto Huppes\" \/>\n\t<meta name=\"twitter:label2\" content=\"Est. tempo de leitura\" \/>\n\t<meta name=\"twitter:data2\" content=\"3 minutos\" \/>\n<script type=\"application\/ld+json\" class=\"yoast-schema-graph\">{\"@context\":\"https:\\\/\\\/schema.org\",\"@graph\":[{\"@type\":\"Article\",\"@id\":\"https:\\\/\\\/folhapopular.info\\\/index.php\\\/2025\\\/07\\\/01\\\/alaf-vive-instabilidade-dentro-e-fora-das-quadras\\\/#article\",\"isPartOf\":{\"@id\":\"https:\\\/\\\/folhapopular.info\\\/index.php\\\/2025\\\/07\\\/01\\\/alaf-vive-instabilidade-dentro-e-fora-das-quadras\\\/\"},\"author\":{\"name\":\"Luis Augusto Huppes\",\"@id\":\"https:\\\/\\\/folhapopular.info\\\/#\\\/schema\\\/person\\\/e852c327371714676d02e58cf917fd9f\"},\"headline\":\"Alaf vive instabilidade dentro e fora das quadras\",\"datePublished\":\"2025-07-01T14:15:46+00:00\",\"dateModified\":\"2025-07-01T20:14:39+00:00\",\"mainEntityOfPage\":{\"@id\":\"https:\\\/\\\/folhapopular.info\\\/index.php\\\/2025\\\/07\\\/01\\\/alaf-vive-instabilidade-dentro-e-fora-das-quadras\\\/\"},\"wordCount\":436,\"commentCount\":0,\"image\":{\"@id\":\"https:\\\/\\\/folhapopular.info\\\/index.php\\\/2025\\\/07\\\/01\\\/alaf-vive-instabilidade-dentro-e-fora-das-quadras\\\/#primaryimage\"},\"thumbnailUrl\":\"https:\\\/\\\/folhapopular.info\\\/wp-content\\\/uploads\\\/2025\\\/07\\\/Reformulacao-afeta-varios-setores-da-Alaf.jpg\",\"keywords\":[\"ALAF\",\"Campeonato Ga\u00facho de Futsal\",\"Futsal\",\"instabilidade\",\"Lajeado\",\"S\u00e9rie B\"],\"articleSection\":[\"Esportes\",\"Futsal\"],\"inLanguage\":\"pt-BR\",\"potentialAction\":[{\"@type\":\"CommentAction\",\"name\":\"Comment\",\"target\":[\"https:\\\/\\\/folhapopular.info\\\/index.php\\\/2025\\\/07\\\/01\\\/alaf-vive-instabilidade-dentro-e-fora-das-quadras\\\/#respond\"]}]},{\"@type\":\"WebPage\",\"@id\":\"https:\\\/\\\/folhapopular.info\\\/index.php\\\/2025\\\/07\\\/01\\\/alaf-vive-instabilidade-dentro-e-fora-das-quadras\\\/\",\"url\":\"https:\\\/\\\/folhapopular.info\\\/index.php\\\/2025\\\/07\\\/01\\\/alaf-vive-instabilidade-dentro-e-fora-das-quadras\\\/\",\"name\":\"Alaf vive instabilidade dentro e fora das quadras - Folha Popular\",\"isPartOf\":{\"@id\":\"https:\\\/\\\/folhapopular.info\\\/#website\"},\"primaryImageOfPage\":{\"@id\":\"https:\\\/\\\/folhapopular.info\\\/index.php\\\/2025\\\/07\\\/01\\\/alaf-vive-instabilidade-dentro-e-fora-das-quadras\\\/#primaryimage\"},\"image\":{\"@id\":\"https:\\\/\\\/folhapopular.info\\\/index.php\\\/2025\\\/07\\\/01\\\/alaf-vive-instabilidade-dentro-e-fora-das-quadras\\\/#primaryimage\"},\"thumbnailUrl\":\"https:\\\/\\\/folhapopular.info\\\/wp-content\\\/uploads\\\/2025\\\/07\\\/Reformulacao-afeta-varios-setores-da-Alaf.jpg\",\"datePublished\":\"2025-07-01T14:15:46+00:00\",\"dateModified\":\"2025-07-01T20:14:39+00:00\",\"author\":{\"@id\":\"https:\\\/\\\/folhapopular.info\\\/#\\\/schema\\\/person\\\/e852c327371714676d02e58cf917fd9f\"},\"breadcrumb\":{\"@id\":\"https:\\\/\\\/folhapopular.info\\\/index.php\\\/2025\\\/07\\\/01\\\/alaf-vive-instabilidade-dentro-e-fora-das-quadras\\\/#breadcrumb\"},\"inLanguage\":\"pt-BR\",\"potentialAction\":[{\"@type\":\"ReadAction\",\"target\":[\"https:\\\/\\\/folhapopular.info\\\/index.php\\\/2025\\\/07\\\/01\\\/alaf-vive-instabilidade-dentro-e-fora-das-quadras\\\/\"]}]},{\"@type\":\"ImageObject\",\"inLanguage\":\"pt-BR\",\"@id\":\"https:\\\/\\\/folhapopular.info\\\/index.php\\\/2025\\\/07\\\/01\\\/alaf-vive-instabilidade-dentro-e-fora-das-quadras\\\/#primaryimage\",\"url\":\"https:\\\/\\\/folhapopular.info\\\/wp-content\\\/uploads\\\/2025\\\/07\\\/Reformulacao-afeta-varios-setores-da-Alaf.jpg\",\"contentUrl\":\"https:\\\/\\\/folhapopular.info\\\/wp-content\\\/uploads\\\/2025\\\/07\\\/Reformulacao-afeta-varios-setores-da-Alaf.jpg\",\"width\":1440,\"height\":1800,\"caption\":\"Sa\u00eddas e maus resultados podem dar in\u00edcio a uma crise - Cr\u00e9dito: Alaf \\\/ Divulga\u00e7\u00e3o\"},{\"@type\":\"BreadcrumbList\",\"@id\":\"https:\\\/\\\/folhapopular.info\\\/index.php\\\/2025\\\/07\\\/01\\\/alaf-vive-instabilidade-dentro-e-fora-das-quadras\\\/#breadcrumb\",\"itemListElement\":[{\"@type\":\"ListItem\",\"position\":1,\"name\":\"In\u00edcio\",\"item\":\"https:\\\/\\\/folhapopular.info\\\/\"},{\"@type\":\"ListItem\",\"position\":2,\"name\":\"Alaf vive instabilidade dentro e fora das quadras\"}]},{\"@type\":\"WebSite\",\"@id\":\"https:\\\/\\\/folhapopular.info\\\/#website\",\"url\":\"https:\\\/\\\/folhapopular.info\\\/\",\"name\":\"Folha Popular\",\"description\":\"Onde voc\u00ea tem vez e voz\",\"potentialAction\":[{\"@type\":\"SearchAction\",\"target\":{\"@type\":\"EntryPoint\",\"urlTemplate\":\"https:\\\/\\\/folhapopular.info\\\/?s={search_term_string}\"},\"query-input\":{\"@type\":\"PropertyValueSpecification\",\"valueRequired\":true,\"valueName\":\"search_term_string\"}}],\"inLanguage\":\"pt-BR\"},{\"@type\":\"Person\",\"@id\":\"https:\\\/\\\/folhapopular.info\\\/#\\\/schema\\\/person\\\/e852c327371714676d02e58cf917fd9f\",\"name\":\"Luis Augusto Huppes\",\"image\":{\"@type\":\"ImageObject\",\"inLanguage\":\"pt-BR\",\"@id\":\"https:\\\/\\\/folhapopular.info\\\/wp-content\\\/uploads\\\/2026\\\/04\\\/Luis-Augusto-Huppes-1-1.webp\",\"url\":\"https:\\\/\\\/folhapopular.info\\\/wp-content\\\/uploads\\\/2026\\\/04\\\/Luis-Augusto-Huppes-1-1.webp\",\"contentUrl\":\"https:\\\/\\\/folhapopular.info\\\/wp-content\\\/uploads\\\/2026\\\/04\\\/Luis-Augusto-Huppes-1-1.webp\",\"caption\":\"Luis Augusto Huppes\"},\"sameAs\":[\"https:\\\/\\\/www.facebook.com\\\/luis.huppes\\\/\",\"https:\\\/\\\/www.instagram.com\\\/luis.huppes\\\/\",\"https:\\\/\\\/www.linkedin.com\\\/in\\\/luis-augusto-huppes-2554b52b7\\\/\"],\"url\":\"https:\\\/\\\/folhapopular.info\\\/index.php\\\/author\\\/luis-augusto-huppes\\\/\"}]}<\/script>\n<!-- \/ Yoast SEO plugin. -->","yoast_head_json":{"title":"Alaf vive instabilidade dentro e fora das quadras - Folha Popular","robots":{"index":"index","follow":"follow","max-snippet":"max-snippet:-1","max-image-preview":"max-image-preview:large","max-video-preview":"max-video-preview:-1"},"canonical":"https:\/\/folhapopular.info\/index.php\/2025\/07\/01\/alaf-vive-instabilidade-dentro-e-fora-das-quadras\/","og_locale":"pt_BR","og_type":"article","og_title":"Alaf vive instabilidade dentro e fora das quadras - Folha Popular","og_description":"A Alaf enfrenta momento delicado dentro e fora das quadras. Ap\u00f3s quatro derrotas consecutivas na S\u00e9rie B do Campeonato Ga\u00facho de Futsal, a equipe amarga a lanterna do Grupo A, com nenhum ponto somado, apenas quatro gols marcados e 18 sofridos &#8211; o pior saldo entre os participantes. O momento ruim se intensificou ap\u00f3s a [&hellip;]","og_url":"https:\/\/folhapopular.info\/index.php\/2025\/07\/01\/alaf-vive-instabilidade-dentro-e-fora-das-quadras\/","og_site_name":"Folha Popular","article_author":"https:\/\/www.facebook.com\/luis.huppes\/","article_published_time":"2025-07-01T14:15:46+00:00","article_modified_time":"2025-07-01T20:14:39+00:00","og_image":[{"width":1440,"height":1800,"url":"http:\/\/folhapopular.info\/wp-content\/uploads\/2025\/07\/Reformulacao-afeta-varios-setores-da-Alaf.jpg","type":"image\/jpeg"}],"author":"Luis Augusto Huppes","twitter_card":"summary_large_image","twitter_misc":{"Escrito por":"Luis Augusto Huppes","Est. tempo de leitura":"3 minutos"},"schema":{"@context":"https:\/\/schema.org","@graph":[{"@type":"Article","@id":"https:\/\/folhapopular.info\/index.php\/2025\/07\/01\/alaf-vive-instabilidade-dentro-e-fora-das-quadras\/#article","isPartOf":{"@id":"https:\/\/folhapopular.info\/index.php\/2025\/07\/01\/alaf-vive-instabilidade-dentro-e-fora-das-quadras\/"},"author":{"name":"Luis Augusto Huppes","@id":"https:\/\/folhapopular.info\/#\/schema\/person\/e852c327371714676d02e58cf917fd9f"},"headline":"Alaf vive instabilidade dentro e fora das quadras","datePublished":"2025-07-01T14:15:46+00:00","dateModified":"2025-07-01T20:14:39+00:00","mainEntityOfPage":{"@id":"https:\/\/folhapopular.info\/index.php\/2025\/07\/01\/alaf-vive-instabilidade-dentro-e-fora-das-quadras\/"},"wordCount":436,"commentCount":0,"image":{"@id":"https:\/\/folhapopular.info\/index.php\/2025\/07\/01\/alaf-vive-instabilidade-dentro-e-fora-das-quadras\/#primaryimage"},"thumbnailUrl":"https:\/\/folhapopular.info\/wp-content\/uploads\/2025\/07\/Reformulacao-afeta-varios-setores-da-Alaf.jpg","keywords":["ALAF","Campeonato Ga\u00facho de Futsal","Futsal","instabilidade","Lajeado","S\u00e9rie B"],"articleSection":["Esportes","Futsal"],"inLanguage":"pt-BR","potentialAction":[{"@type":"CommentAction","name":"Comment","target":["https:\/\/folhapopular.info\/index.php\/2025\/07\/01\/alaf-vive-instabilidade-dentro-e-fora-das-quadras\/#respond"]}]},{"@type":"WebPage","@id":"https:\/\/folhapopular.info\/index.php\/2025\/07\/01\/alaf-vive-instabilidade-dentro-e-fora-das-quadras\/","url":"https:\/\/folhapopular.info\/index.php\/2025\/07\/01\/alaf-vive-instabilidade-dentro-e-fora-das-quadras\/","name":"Alaf vive instabilidade dentro e fora das quadras - Folha Popular","isPartOf":{"@id":"https:\/\/folhapopular.info\/#website"},"primaryImageOfPage":{"@id":"https:\/\/folhapopular.info\/index.php\/2025\/07\/01\/alaf-vive-instabilidade-dentro-e-fora-das-quadras\/#primaryimage"},"image":{"@id":"https:\/\/folhapopular.info\/index.php\/2025\/07\/01\/alaf-vive-instabilidade-dentro-e-fora-das-quadras\/#primaryimage"},"thumbnailUrl":"https:\/\/folhapopular.info\/wp-content\/uploads\/2025\/07\/Reformulacao-afeta-varios-setores-da-Alaf.jpg","datePublished":"2025-07-01T14:15:46+00:00","dateModified":"2025-07-01T20:14:39+00:00","author":{"@id":"https:\/\/folhapopular.info\/#\/schema\/person\/e852c327371714676d02e58cf917fd9f"},"breadcrumb":{"@id":"https:\/\/folhapopular.info\/index.php\/2025\/07\/01\/alaf-vive-instabilidade-dentro-e-fora-das-quadras\/#breadcrumb"},"inLanguage":"pt-BR","potentialAction":[{"@type":"ReadAction","target":["https:\/\/folhapopular.info\/index.php\/2025\/07\/01\/alaf-vive-instabilidade-dentro-e-fora-das-quadras\/"]}]},{"@type":"ImageObject","inLanguage":"pt-BR","@id":"https:\/\/folhapopular.info\/index.php\/2025\/07\/01\/alaf-vive-instabilidade-dentro-e-fora-das-quadras\/#primaryimage","url":"https:\/\/folhapopular.info\/wp-content\/uploads\/2025\/07\/Reformulacao-afeta-varios-setores-da-Alaf.jpg","contentUrl":"https:\/\/folhapopular.info\/wp-content\/uploads\/2025\/07\/Reformulacao-afeta-varios-setores-da-Alaf.jpg","width":1440,"height":1800,"caption":"Sa\u00eddas e maus resultados podem dar in\u00edcio a uma crise - Cr\u00e9dito: Alaf \/ Divulga\u00e7\u00e3o"},{"@type":"BreadcrumbList","@id":"https:\/\/folhapopular.info\/index.php\/2025\/07\/01\/alaf-vive-instabilidade-dentro-e-fora-das-quadras\/#breadcrumb","itemListElement":[{"@type":"ListItem","position":1,"name":"In\u00edcio","item":"https:\/\/folhapopular.info\/"},{"@type":"ListItem","position":2,"name":"Alaf vive instabilidade dentro e fora das quadras"}]},{"@type":"WebSite","@id":"https:\/\/folhapopular.info\/#website","url":"https:\/\/folhapopular.info\/","name":"Folha Popular","description":"Onde voc\u00ea tem vez e voz","potentialAction":[{"@type":"SearchAction","target":{"@type":"EntryPoint","urlTemplate":"https:\/\/folhapopular.info\/?s={search_term_string}"},"query-input":{"@type":"PropertyValueSpecification","valueRequired":true,"valueName":"search_term_string"}}],"inLanguage":"pt-BR"},{"@type":"Person","@id":"https:\/\/folhapopular.info\/#\/schema\/person\/e852c327371714676d02e58cf917fd9f","name":"Luis Augusto Huppes","image":{"@type":"ImageObject","inLanguage":"pt-BR","@id":"https:\/\/folhapopular.info\/wp-content\/uploads\/2026\/04\/Luis-Augusto-Huppes-1-1.webp","url":"https:\/\/folhapopular.info\/wp-content\/uploads\/2026\/04\/Luis-Augusto-Huppes-1-1.webp","contentUrl":"https:\/\/folhapopular.info\/wp-content\/uploads\/2026\/04\/Luis-Augusto-Huppes-1-1.webp","caption":"Luis Augusto Huppes"},"sameAs":["https:\/\/www.facebook.com\/luis.huppes\/","https:\/\/www.instagram.com\/luis.huppes\/","https:\/\/www.linkedin.com\/in\/luis-augusto-huppes-2554b52b7\/"],"url":"https:\/\/folhapopular.info\/index.php\/author\/luis-augusto-huppes\/"}]}},"jetpack_featured_media_url":"https:\/\/folhapopular.info\/wp-content\/uploads\/2025\/07\/Reformulacao-afeta-varios-setores-da-Alaf.jpg","jetpack_sharing_enabled":true,"amp_enabled":true,"_links":{"self":[{"href":"https:\/\/folhapopular.info\/index.php\/wp-json\/wp\/v2\/posts\/189414","targetHints":{"allow":["GET"]}}],"collection":[{"href":"https:\/\/folhapopular.info\/index.php\/wp-json\/wp\/v2\/posts"}],"about":[{"href":"https:\/\/folhapopular.info\/index.php\/wp-json\/wp\/v2\/types\/post"}],"author":[{"embeddable":true,"href":"https:\/\/folhapopular.info\/index.php\/wp-json\/wp\/v2\/users\/732"}],"replies":[{"embeddable":true,"href":"https:\/\/folhapopular.info\/index.php\/wp-json\/wp\/v2\/comments?post=189414"}],"version-history":[{"count":0,"href":"https:\/\/folhapopular.info\/index.php\/wp-json\/wp\/v2\/posts\/189414\/revisions"}],"wp:featuredmedia":[{"embeddable":true,"href":"https:\/\/folhapopular.info\/index.php\/wp-json\/wp\/v2\/media\/189429"}],"wp:attachment":[{"href":"https:\/\/folhapopular.info\/index.php\/wp-json\/wp\/v2\/media?parent=189414"}],"wp:term":[{"taxonomy":"category","embeddable":true,"href":"https:\/\/folhapopular.info\/index.php\/wp-json\/wp\/v2\/categories?post=189414"},{"taxonomy":"post_tag","embeddable":true,"href":"https:\/\/folhapopular.info\/index.php\/wp-json\/wp\/v2\/tags?post=189414"}],"curies":[{"name":"wp","href":"https:\/\/api.w.org\/{rel}","templated":true}]}}